{"id":380179,"date":"2025-07-22T19:01:53","date_gmt":"2025-07-22T18:01:53","guid":{"rendered":"https:\/\/www.webdo.tn\/fr\/?p=380179"},"modified":"2025-07-23T08:54:54","modified_gmt":"2025-07-23T07:54:54","slug":"tunisie-alerte-canicule-trois-gouvernorats-places-en-vigilance-orange","status":"publish","type":"post","link":"https:\/\/www.webdo.tn\/fr\/actualite\/national\/tunisie-alerte-canicule-trois-gouvernorats-places-en-vigilance-orange\/380179\/","title":{"rendered":"Tunisie &#8211; Alerte canicule : Trois gouvernorats plac\u00e9s en vigilance orange"},"content":{"rendered":"\n<p><br><em><strong>Le sud du pays sous haute surveillance en raison de la chaleur extr\u00eame et du vent de sirocco.<\/strong><\/em><\/p>\n\n\n\n<p>Le Centre national de m\u00e9t\u00e9orologie (INM) a mis \u00e0 jour ce mardi sa carte de vigilance m\u00e9t\u00e9orologique, classant les gouvernorats de K\u00e9bili, Tozeur et Gafsa en niveau d\u2019alerte orange, en raison des temp\u00e9ratures tr\u00e8s \u00e9lev\u00e9es combin\u00e9es \u00e0 des vents de sirocco (\u0627\u0644\u0634\u0647\u064a\u0644\u064a).<\/p>\n\n\n\n<p>L\u2019Institut avertit que cette situation repr\u00e9sente un risque accru pour la sant\u00e9, notamment pour :<\/p>\n\n\n\n<ul class=\"wp-block-list\">\n<li>les personnes \u00e2g\u00e9es,<\/li>\n\n\n\n<li>celles atteintes de maladies chroniques ou troubles mentaux,<\/li>\n\n\n\n<li>les individus sous traitement m\u00e9dical r\u00e9gulier,<\/li>\n\n\n\n<li>les personnes isol\u00e9es,<\/li>\n\n\n\n<li>les sportifs et travailleurs en plein air, expos\u00e9s \u00e0 des risques de d\u00e9shydratation ou coup de chaleur.<\/li>\n<\/ul>\n\n\n\n<h3 class=\"wp-block-heading\" id=\"h-recommandations-sanitaires\">Recommandations sanitaires<\/h3>\n\n\n\n<p>L\u2019INM a rappel\u00e9 les sympt\u00f4mes d\u2019un coup de chaleur : Temp\u00e9rature corporelle d\u00e9passant les 40\u202f\u00b0C, peau chaude, rouge et s\u00e8che, maux de t\u00eate, naus\u00e9es, somnolence, soif intense, troubles mentaux, convulsions, voire perte de connaissance.<\/p>\n\n\n\n<p>Les recommandations cl\u00e9s \u00e0 suivre sont :<\/p>\n\n\n\n<ul class=\"wp-block-list\">\n<li>Boire de l\u2019eau r\u00e9guli\u00e8rement, m\u00eame sans soif.<\/li>\n\n\n\n<li>Maintenir une alimentation \u00e9quilibr\u00e9e.<\/li>\n\n\n\n<li>Rafra\u00eechir le corps plusieurs fois par jour.<\/li>\n\n\n\n<li>\u00c9viter de sortir entre midi et 16h.<\/li>\n\n\n\n<li>En cas de sortie :<ul><li>Porter un chapeau ou couvre-chef,Se prot\u00e9ger les yeux avec des lunettes de soleil,Porter des v\u00eatements clairs, amples et l\u00e9gers,S\u00e9journer si possible 2 \u00e0 3 heures par jour dans un endroit frais ou climatis\u00e9,<\/li><\/ul>\n<ul class=\"wp-block-list\">\n<li>R\u00e9duire l&rsquo;activit\u00e9 physique.<\/li>\n<\/ul>\n<\/li>\n<\/ul>\n\n\n\n<p>Chez soi, il est conseill\u00e9 :<\/p>\n\n\n\n<ul class=\"wp-block-list\">\n<li>De fermer fen\u00eatres et volets en journ\u00e9e,<\/li>\n\n\n\n<li>D\u2019a\u00e9rer la nuit,<\/li>\n\n\n\n<li>Et en cas de malaise ou comportement anormal, de contacter un m\u00e9decin ou la protection civile au 198.<\/li>\n<\/ul>\n\n\n\n<h3 class=\"wp-block-heading\" id=\"h-autres-regions-concernees\">Autres r\u00e9gions concern\u00e9es<\/h3>\n\n\n\n<p>D&rsquo;autres gouvernorats sont plac\u00e9s en vigilance jaune, notamment : Jendouba, B\u00e9ja, Zaghouan, Le Kef, Siliana, Sidi Bouzid, Kasserine, Tataouine et M\u00e9denine, o\u00f9 une attention particuli\u00e8re est \u00e9galement requise lors des activit\u00e9s sensibles aux conditions climatiques.<\/p>\n","protected":false},"excerpt":{"rendered":"<p>Le sud du pays sous haute surveillance en raison de la chaleur extr\u00eame et du vent de sirocco. Le Centre national de m\u00e9t\u00e9orologie (INM) a mis \u00e0 jour ce mardi sa carte de vigilance m\u00e9t\u00e9orologique, classant les gouvernorats de K\u00e9bili, Tozeur et Gafsa en niveau d\u2019alerte orange, en raison des temp\u00e9ratures tr\u00e8s \u00e9lev\u00e9es combin\u00e9es \u00e0 [&hellip;]<\/p>\n","protected":false},"author":3191,"featured_media":309655,"comment_status":"open","ping_status":"open","sticky":false,"template":"","format":"standard","meta":{"footnotes":""},"categories":[44],"tags":[5930,2608],"class_list":["post-380179","post","type-post","status-publish","format-standard","has-post-thumbnail","hentry","category-national","tag-canicule","tag-tunisie"],"yoast_head":"<!-- This site is optimized with the Yoast SEO Premium plugin v27.4 (Yoast SEO v27.5) - https:\/\/yoast.com\/product\/yoast-seo-premium-wordpress\/ -->\n<title>Tunisie - Alerte canicule : Trois gouvernorats plac\u00e9s en vigilance orange - webdo<\/title>\n<meta name=\"description\" content=\"D\u00e9couvrez l&#039;alerte canicule et les risques pour la sant\u00e9 li\u00e9s \u00e0 la chaleur extr\u00eame et au vent de sirocco.\" \/>\n<link rel=\"canonical\" href=\"https:\/\/www.webdo.tn\/fr\/actualite\/national\/tunisie-alerte-canicule-trois-gouvernorats-places-en-vigilance-orange\/380179\/\" \/>\n<meta property=\"og:locale\" content=\"fr_FR\" \/>\n<meta property=\"og:type\" content=\"article\" \/>\n<meta property=\"og:title\" content=\"Tunisie - Alerte canicule : Trois gouvernorats plac\u00e9s en vigilance orange\" \/>\n<meta property=\"og:description\" content=\"D\u00e9couvrez l&#039;alerte canicule et les risques pour la sant\u00e9 li\u00e9s \u00e0 la chaleur extr\u00eame et au vent de sirocco.\" \/>\n<meta property=\"og:url\" content=\"https:\/\/www.webdo.tn\/fr\/actualite\/national\/tunisie-alerte-canicule-trois-gouvernorats-places-en-vigilance-orange\/380179\/\" \/>\n<meta property=\"og:site_name\" content=\"webdo\" \/>\n<meta property=\"article:publisher\" content=\"https:\/\/www.facebook.com\/webdotn\" \/>\n<meta property=\"article:published_time\" content=\"2025-07-22T18:01:53+00:00\" \/>\n<meta property=\"article:modified_time\" content=\"2025-07-23T07:54:54+00:00\" \/>\n<meta property=\"og:image\" content=\"https:\/\/www.webdo.tn\/fr\/wp-content\/uploads\/2017\/06\/chaleur.jpg\" \/>\n\t<meta property=\"og:image:width\" content=\"650\" \/>\n\t<meta property=\"og:image:height\" content=\"350\" \/>\n\t<meta property=\"og:image:type\" content=\"image\/jpeg\" \/>\n<meta name=\"author\" content=\"Mohamed Hedi Touati\" \/>\n<meta name=\"twitter:card\" content=\"summary_large_image\" \/>\n<meta name=\"twitter:creator\" content=\"@webdo_tn\" \/>\n<meta name=\"twitter:site\" content=\"@webdo_tn\" \/>\n<meta name=\"twitter:label1\" content=\"\u00c9crit par\" \/>\n\t<meta name=\"twitter:data1\" content=\"Mohamed Hedi Touati\" \/>\n\t<meta name=\"twitter:label2\" content=\"Dur\u00e9e de lecture estim\u00e9e\" \/>\n\t<meta name=\"twitter:data2\" content=\"2 minutes\" \/>\n<script type=\"application\/ld+json\" class=\"yoast-schema-graph\">{\"@context\":\"https:\\\/\\\/schema.org\",\"@graph\":[{\"@type\":\"NewsArticle\",\"@id\":\"https:\\\/\\\/www.webdo.tn\\\/fr\\\/actualite\\\/national\\\/tunisie-alerte-canicule-trois-gouvernorats-places-en-vigilance-orange\\\/380179\\\/#article\",\"isPartOf\":{\"@id\":\"https:\\\/\\\/www.webdo.tn\\\/fr\\\/actualite\\\/national\\\/tunisie-alerte-canicule-trois-gouvernorats-places-en-vigilance-orange\\\/380179\\\/\"},\"author\":{\"name\":\"Mohamed Hedi Touati\",\"@id\":\"https:\\\/\\\/www.webdo.tn\\\/fr\\\/#\\\/schema\\\/person\\\/c652cd8fc2b1b44412b5ffb48c5a911d\"},\"headline\":\"Tunisie &#8211; Alerte canicule : Trois gouvernorats plac\u00e9s en vigilance orange\",\"datePublished\":\"2025-07-22T18:01:53+00:00\",\"dateModified\":\"2025-07-23T07:54:54+00:00\",\"mainEntityOfPage\":{\"@id\":\"https:\\\/\\\/www.webdo.tn\\\/fr\\\/actualite\\\/national\\\/tunisie-alerte-canicule-trois-gouvernorats-places-en-vigilance-orange\\\/380179\\\/\"},\"wordCount\":345,\"commentCount\":0,\"publisher\":{\"@id\":\"https:\\\/\\\/www.webdo.tn\\\/fr\\\/#organization\"},\"image\":{\"@id\":\"https:\\\/\\\/www.webdo.tn\\\/fr\\\/actualite\\\/national\\\/tunisie-alerte-canicule-trois-gouvernorats-places-en-vigilance-orange\\\/380179\\\/#primaryimage\"},\"thumbnailUrl\":\"https:\\\/\\\/www.webdo.tn\\\/fr\\\/wp-content\\\/uploads\\\/2017\\\/06\\\/chaleur.jpg\",\"keywords\":[\"Canicule\",\"Tunisie\"],\"articleSection\":[\"National\"],\"inLanguage\":\"fr-FR\"},{\"@type\":\"WebPage\",\"@id\":\"https:\\\/\\\/www.webdo.tn\\\/fr\\\/actualite\\\/national\\\/tunisie-alerte-canicule-trois-gouvernorats-places-en-vigilance-orange\\\/380179\\\/\",\"url\":\"https:\\\/\\\/www.webdo.tn\\\/fr\\\/actualite\\\/national\\\/tunisie-alerte-canicule-trois-gouvernorats-places-en-vigilance-orange\\\/380179\\\/\",\"name\":\"Tunisie - Alerte canicule : Trois gouvernorats plac\u00e9s en vigilance orange - webdo\",\"isPartOf\":{\"@id\":\"https:\\\/\\\/www.webdo.tn\\\/fr\\\/#website\"},\"primaryImageOfPage\":{\"@id\":\"https:\\\/\\\/www.webdo.tn\\\/fr\\\/actualite\\\/national\\\/tunisie-alerte-canicule-trois-gouvernorats-places-en-vigilance-orange\\\/380179\\\/#primaryimage\"},\"image\":{\"@id\":\"https:\\\/\\\/www.webdo.tn\\\/fr\\\/actualite\\\/national\\\/tunisie-alerte-canicule-trois-gouvernorats-places-en-vigilance-orange\\\/380179\\\/#primaryimage\"},\"thumbnailUrl\":\"https:\\\/\\\/www.webdo.tn\\\/fr\\\/wp-content\\\/uploads\\\/2017\\\/06\\\/chaleur.jpg\",\"datePublished\":\"2025-07-22T18:01:53+00:00\",\"dateModified\":\"2025-07-23T07:54:54+00:00\",\"description\":\"D\u00e9couvrez l'alerte canicule et les risques pour la sant\u00e9 li\u00e9s \u00e0 la chaleur extr\u00eame et au vent de sirocco.\",\"breadcrumb\":{\"@id\":\"https:\\\/\\\/www.webdo.tn\\\/fr\\\/actualite\\\/national\\\/tunisie-alerte-canicule-trois-gouvernorats-places-en-vigilance-orange\\\/380179\\\/#breadcrumb\"},\"inLanguage\":\"fr-FR\",\"potentialAction\":[{\"@type\":\"ReadAction\",\"target\":[\"https:\\\/\\\/www.webdo.tn\\\/fr\\\/actualite\\\/national\\\/tunisie-alerte-canicule-trois-gouvernorats-places-en-vigilance-orange\\\/380179\\\/\"]}]},{\"@type\":\"ImageObject\",\"inLanguage\":\"fr-FR\",\"@id\":\"https:\\\/\\\/www.webdo.tn\\\/fr\\\/actualite\\\/national\\\/tunisie-alerte-canicule-trois-gouvernorats-places-en-vigilance-orange\\\/380179\\\/#primaryimage\",\"url\":\"https:\\\/\\\/www.webdo.tn\\\/fr\\\/wp-content\\\/uploads\\\/2017\\\/06\\\/chaleur.jpg\",\"contentUrl\":\"https:\\\/\\\/www.webdo.tn\\\/fr\\\/wp-content\\\/uploads\\\/2017\\\/06\\\/chaleur.jpg\",\"width\":650,\"height\":350,\"caption\":\"Le minist\u00e8re de la Sant\u00e9 appelle \u00e0 prendre toutes les pr\u00e9cautions n\u00e9cessaires face \u00e0 la canicule\"},{\"@type\":\"BreadcrumbList\",\"@id\":\"https:\\\/\\\/www.webdo.tn\\\/fr\\\/actualite\\\/national\\\/tunisie-alerte-canicule-trois-gouvernorats-places-en-vigilance-orange\\\/380179\\\/#breadcrumb\",\"itemListElement\":[{\"@type\":\"ListItem\",\"position\":1,\"name\":\"Accueil\",\"item\":\"https:\\\/\\\/www.webdo.tn\\\/fr\\\/\"},{\"@type\":\"ListItem\",\"position\":2,\"name\":\"Tunisie &#8211; Alerte canicule : Trois gouvernorats plac\u00e9s en vigilance orange\"}]},{\"@type\":\"WebSite\",\"@id\":\"https:\\\/\\\/www.webdo.tn\\\/fr\\\/#website\",\"url\":\"https:\\\/\\\/www.webdo.tn\\\/fr\\\/\",\"name\":\"webdo\",\"description\":\"Tunisie - News en Tunisie et \u00e0 l&#039;international sur Webdo.tn\",\"publisher\":{\"@id\":\"https:\\\/\\\/www.webdo.tn\\\/fr\\\/#organization\"},\"potentialAction\":[{\"@type\":\"SearchAction\",\"target\":{\"@type\":\"EntryPoint\",\"urlTemplate\":\"https:\\\/\\\/www.webdo.tn\\\/fr\\\/?s={search_term_string}\"},\"query-input\":{\"@type\":\"PropertyValueSpecification\",\"valueRequired\":true,\"valueName\":\"search_term_string\"}}],\"inLanguage\":\"fr-FR\"},{\"@type\":\"Organization\",\"@id\":\"https:\\\/\\\/www.webdo.tn\\\/fr\\\/#organization\",\"name\":\"Webdo\",\"alternateName\":\"Webdo.tn\",\"url\":\"https:\\\/\\\/www.webdo.tn\\\/fr\\\/\",\"logo\":{\"@type\":\"ImageObject\",\"inLanguage\":\"fr-FR\",\"@id\":\"https:\\\/\\\/www.webdo.tn\\\/fr\\\/#\\\/schema\\\/logo\\\/image\\\/\",\"url\":\"https:\\\/\\\/www.webdo.tn\\\/fr\\\/wp-content\\\/uploads\\\/2025\\\/06\\\/Webdo-Tunisie_168377.jpg\",\"contentUrl\":\"https:\\\/\\\/www.webdo.tn\\\/fr\\\/wp-content\\\/uploads\\\/2025\\\/06\\\/Webdo-Tunisie_168377.jpg\",\"width\":301,\"height\":301,\"caption\":\"Webdo\"},\"image\":{\"@id\":\"https:\\\/\\\/www.webdo.tn\\\/fr\\\/#\\\/schema\\\/logo\\\/image\\\/\"},\"sameAs\":[\"https:\\\/\\\/www.facebook.com\\\/webdotn\",\"https:\\\/\\\/x.com\\\/webdo_tn\"],\"description\":\"Webdo est un m\u00e9dia num\u00e9rique tunisien fond\u00e9 en 2010, sp\u00e9cialis\u00e9 dans l\u2019actualit\u00e9 nationale et internationale, l\u2019\u00e9conomie, la soci\u00e9t\u00e9 et les analyses politiques. Le site s\u2019adresse \u00e0 un large public francophone et couvre l\u2019information tunisienne en temps r\u00e9el.\",\"email\":\"redac@webdo.tn\",\"legalName\":\"YNJ SARL\",\"foundingDate\":\"2010-09-06\",\"numberOfEmployees\":{\"@type\":\"QuantitativeValue\",\"minValue\":\"11\",\"maxValue\":\"50\"}},{\"@type\":\"Person\",\"@id\":\"https:\\\/\\\/www.webdo.tn\\\/fr\\\/#\\\/schema\\\/person\\\/c652cd8fc2b1b44412b5ffb48c5a911d\",\"name\":\"Mohamed Hedi Touati\",\"image\":{\"@type\":\"ImageObject\",\"inLanguage\":\"fr-FR\",\"@id\":\"https:\\\/\\\/secure.gravatar.com\\\/avatar\\\/9cfd402c745b7a685f13eed0ea6e59d2144a3c2fc50a3db6fd5ed451f6cddf1a?s=96&d=mm&r=g\",\"url\":\"https:\\\/\\\/secure.gravatar.com\\\/avatar\\\/9cfd402c745b7a685f13eed0ea6e59d2144a3c2fc50a3db6fd5ed451f6cddf1a?s=96&d=mm&r=g\",\"contentUrl\":\"https:\\\/\\\/secure.gravatar.com\\\/avatar\\\/9cfd402c745b7a685f13eed0ea6e59d2144a3c2fc50a3db6fd5ed451f6cddf1a?s=96&d=mm&r=g\",\"caption\":\"Mohamed Hedi Touati\"},\"url\":\"https:\\\/\\\/www.webdo.tn\\\/fr\\\/actualite\\\/author\\\/mohamed-hedi-touati\\\/\"}]}<\/script>\n<!-- \/ Yoast SEO Premium plugin. -->","yoast_head_json":{"title":"Tunisie - Alerte canicule : Trois gouvernorats plac\u00e9s en vigilance orange - webdo","description":"D\u00e9couvrez l'alerte canicule et les risques pour la sant\u00e9 li\u00e9s \u00e0 la chaleur extr\u00eame et au vent de sirocco.","canonical":"https:\/\/www.webdo.tn\/fr\/actualite\/national\/tunisie-alerte-canicule-trois-gouvernorats-places-en-vigilance-orange\/380179\/","og_locale":"fr_FR","og_type":"article","og_title":"Tunisie - Alerte canicule : Trois gouvernorats plac\u00e9s en vigilance orange","og_description":"D\u00e9couvrez l'alerte canicule et les risques pour la sant\u00e9 li\u00e9s \u00e0 la chaleur extr\u00eame et au vent de sirocco.","og_url":"https:\/\/www.webdo.tn\/fr\/actualite\/national\/tunisie-alerte-canicule-trois-gouvernorats-places-en-vigilance-orange\/380179\/","og_site_name":"webdo","article_publisher":"https:\/\/www.facebook.com\/webdotn","article_published_time":"2025-07-22T18:01:53+00:00","article_modified_time":"2025-07-23T07:54:54+00:00","og_image":[{"width":650,"height":350,"url":"https:\/\/www.webdo.tn\/fr\/wp-content\/uploads\/2017\/06\/chaleur.jpg","type":"image\/jpeg"}],"author":"Mohamed Hedi Touati","twitter_card":"summary_large_image","twitter_creator":"@webdo_tn","twitter_site":"@webdo_tn","twitter_misc":{"\u00c9crit par":"Mohamed Hedi Touati","Dur\u00e9e de lecture estim\u00e9e":"2 minutes"},"schema":{"@context":"https:\/\/schema.org","@graph":[{"@type":"NewsArticle","@id":"https:\/\/www.webdo.tn\/fr\/actualite\/national\/tunisie-alerte-canicule-trois-gouvernorats-places-en-vigilance-orange\/380179\/#article","isPartOf":{"@id":"https:\/\/www.webdo.tn\/fr\/actualite\/national\/tunisie-alerte-canicule-trois-gouvernorats-places-en-vigilance-orange\/380179\/"},"author":{"name":"Mohamed Hedi Touati","@id":"https:\/\/www.webdo.tn\/fr\/#\/schema\/person\/c652cd8fc2b1b44412b5ffb48c5a911d"},"headline":"Tunisie &#8211; Alerte canicule : Trois gouvernorats plac\u00e9s en vigilance orange","datePublished":"2025-07-22T18:01:53+00:00","dateModified":"2025-07-23T07:54:54+00:00","mainEntityOfPage":{"@id":"https:\/\/www.webdo.tn\/fr\/actualite\/national\/tunisie-alerte-canicule-trois-gouvernorats-places-en-vigilance-orange\/380179\/"},"wordCount":345,"commentCount":0,"publisher":{"@id":"https:\/\/www.webdo.tn\/fr\/#organization"},"image":{"@id":"https:\/\/www.webdo.tn\/fr\/actualite\/national\/tunisie-alerte-canicule-trois-gouvernorats-places-en-vigilance-orange\/380179\/#primaryimage"},"thumbnailUrl":"https:\/\/www.webdo.tn\/fr\/wp-content\/uploads\/2017\/06\/chaleur.jpg","keywords":["Canicule","Tunisie"],"articleSection":["National"],"inLanguage":"fr-FR"},{"@type":"WebPage","@id":"https:\/\/www.webdo.tn\/fr\/actualite\/national\/tunisie-alerte-canicule-trois-gouvernorats-places-en-vigilance-orange\/380179\/","url":"https:\/\/www.webdo.tn\/fr\/actualite\/national\/tunisie-alerte-canicule-trois-gouvernorats-places-en-vigilance-orange\/380179\/","name":"Tunisie - Alerte canicule : Trois gouvernorats plac\u00e9s en vigilance orange - webdo","isPartOf":{"@id":"https:\/\/www.webdo.tn\/fr\/#website"},"primaryImageOfPage":{"@id":"https:\/\/www.webdo.tn\/fr\/actualite\/national\/tunisie-alerte-canicule-trois-gouvernorats-places-en-vigilance-orange\/380179\/#primaryimage"},"image":{"@id":"https:\/\/www.webdo.tn\/fr\/actualite\/national\/tunisie-alerte-canicule-trois-gouvernorats-places-en-vigilance-orange\/380179\/#primaryimage"},"thumbnailUrl":"https:\/\/www.webdo.tn\/fr\/wp-content\/uploads\/2017\/06\/chaleur.jpg","datePublished":"2025-07-22T18:01:53+00:00","dateModified":"2025-07-23T07:54:54+00:00","description":"D\u00e9couvrez l'alerte canicule et les risques pour la sant\u00e9 li\u00e9s \u00e0 la chaleur extr\u00eame et au vent de sirocco.","breadcrumb":{"@id":"https:\/\/www.webdo.tn\/fr\/actualite\/national\/tunisie-alerte-canicule-trois-gouvernorats-places-en-vigilance-orange\/380179\/#breadcrumb"},"inLanguage":"fr-FR","potentialAction":[{"@type":"ReadAction","target":["https:\/\/www.webdo.tn\/fr\/actualite\/national\/tunisie-alerte-canicule-trois-gouvernorats-places-en-vigilance-orange\/380179\/"]}]},{"@type":"ImageObject","inLanguage":"fr-FR","@id":"https:\/\/www.webdo.tn\/fr\/actualite\/national\/tunisie-alerte-canicule-trois-gouvernorats-places-en-vigilance-orange\/380179\/#primaryimage","url":"https:\/\/www.webdo.tn\/fr\/wp-content\/uploads\/2017\/06\/chaleur.jpg","contentUrl":"https:\/\/www.webdo.tn\/fr\/wp-content\/uploads\/2017\/06\/chaleur.jpg","width":650,"height":350,"caption":"Le minist\u00e8re de la Sant\u00e9 appelle \u00e0 prendre toutes les pr\u00e9cautions n\u00e9cessaires face \u00e0 la canicule"},{"@type":"BreadcrumbList","@id":"https:\/\/www.webdo.tn\/fr\/actualite\/national\/tunisie-alerte-canicule-trois-gouvernorats-places-en-vigilance-orange\/380179\/#breadcrumb","itemListElement":[{"@type":"ListItem","position":1,"name":"Accueil","item":"https:\/\/www.webdo.tn\/fr\/"},{"@type":"ListItem","position":2,"name":"Tunisie &#8211; Alerte canicule : Trois gouvernorats plac\u00e9s en vigilance orange"}]},{"@type":"WebSite","@id":"https:\/\/www.webdo.tn\/fr\/#website","url":"https:\/\/www.webdo.tn\/fr\/","name":"webdo","description":"Tunisie - News en Tunisie et \u00e0 l&#039;international sur Webdo.tn","publisher":{"@id":"https:\/\/www.webdo.tn\/fr\/#organization"},"potentialAction":[{"@type":"SearchAction","target":{"@type":"EntryPoint","urlTemplate":"https:\/\/www.webdo.tn\/fr\/?s={search_term_string}"},"query-input":{"@type":"PropertyValueSpecification","valueRequired":true,"valueName":"search_term_string"}}],"inLanguage":"fr-FR"},{"@type":"Organization","@id":"https:\/\/www.webdo.tn\/fr\/#organization","name":"Webdo","alternateName":"Webdo.tn","url":"https:\/\/www.webdo.tn\/fr\/","logo":{"@type":"ImageObject","inLanguage":"fr-FR","@id":"https:\/\/www.webdo.tn\/fr\/#\/schema\/logo\/image\/","url":"https:\/\/www.webdo.tn\/fr\/wp-content\/uploads\/2025\/06\/Webdo-Tunisie_168377.jpg","contentUrl":"https:\/\/www.webdo.tn\/fr\/wp-content\/uploads\/2025\/06\/Webdo-Tunisie_168377.jpg","width":301,"height":301,"caption":"Webdo"},"image":{"@id":"https:\/\/www.webdo.tn\/fr\/#\/schema\/logo\/image\/"},"sameAs":["https:\/\/www.facebook.com\/webdotn","https:\/\/x.com\/webdo_tn"],"description":"Webdo est un m\u00e9dia num\u00e9rique tunisien fond\u00e9 en 2010, sp\u00e9cialis\u00e9 dans l\u2019actualit\u00e9 nationale et internationale, l\u2019\u00e9conomie, la soci\u00e9t\u00e9 et les analyses politiques. Le site s\u2019adresse \u00e0 un large public francophone et couvre l\u2019information tunisienne en temps r\u00e9el.","email":"redac@webdo.tn","legalName":"YNJ SARL","foundingDate":"2010-09-06","numberOfEmployees":{"@type":"QuantitativeValue","minValue":"11","maxValue":"50"}},{"@type":"Person","@id":"https:\/\/www.webdo.tn\/fr\/#\/schema\/person\/c652cd8fc2b1b44412b5ffb48c5a911d","name":"Mohamed Hedi Touati","image":{"@type":"ImageObject","inLanguage":"fr-FR","@id":"https:\/\/secure.gravatar.com\/avatar\/9cfd402c745b7a685f13eed0ea6e59d2144a3c2fc50a3db6fd5ed451f6cddf1a?s=96&d=mm&r=g","url":"https:\/\/secure.gravatar.com\/avatar\/9cfd402c745b7a685f13eed0ea6e59d2144a3c2fc50a3db6fd5ed451f6cddf1a?s=96&d=mm&r=g","contentUrl":"https:\/\/secure.gravatar.com\/avatar\/9cfd402c745b7a685f13eed0ea6e59d2144a3c2fc50a3db6fd5ed451f6cddf1a?s=96&d=mm&r=g","caption":"Mohamed Hedi Touati"},"url":"https:\/\/www.webdo.tn\/fr\/actualite\/author\/mohamed-hedi-touati\/"}]}},"_links":{"self":[{"href":"https:\/\/www.webdo.tn\/fr\/wp-json\/wp\/v2\/posts\/380179","targetHints":{"allow":["GET"]}}],"collection":[{"href":"https:\/\/www.webdo.tn\/fr\/wp-json\/wp\/v2\/posts"}],"about":[{"href":"https:\/\/www.webdo.tn\/fr\/wp-json\/wp\/v2\/types\/post"}],"author":[{"embeddable":true,"href":"https:\/\/www.webdo.tn\/fr\/wp-json\/wp\/v2\/users\/3191"}],"replies":[{"embeddable":true,"href":"https:\/\/www.webdo.tn\/fr\/wp-json\/wp\/v2\/comments?post=380179"}],"version-history":[{"count":0,"href":"https:\/\/www.webdo.tn\/fr\/wp-json\/wp\/v2\/posts\/380179\/revisions"}],"wp:featuredmedia":[{"embeddable":true,"href":"https:\/\/www.webdo.tn\/fr\/wp-json\/wp\/v2\/media\/309655"}],"wp:attachment":[{"href":"https:\/\/www.webdo.tn\/fr\/wp-json\/wp\/v2\/media?parent=380179"}],"wp:term":[{"taxonomy":"category","embeddable":true,"href":"https:\/\/www.webdo.tn\/fr\/wp-json\/wp\/v2\/categories?post=380179"},{"taxonomy":"post_tag","embeddable":true,"href":"https:\/\/www.webdo.tn\/fr\/wp-json\/wp\/v2\/tags?post=380179"}],"curies":[{"name":"wp","href":"https:\/\/api.w.org\/{rel}","templated":true}]}}