{"id":380159,"date":"2025-07-22T13:14:28","date_gmt":"2025-07-22T12:14:28","guid":{"rendered":"https:\/\/www.webdo.tn\/fr\/?p=380159"},"modified":"2025-07-22T21:05:07","modified_gmt":"2025-07-22T20:05:07","slug":"kaouther-ben-hania-en-competition-a-venise-avec-the-voice-of-hind-rajab","status":"publish","type":"post","link":"https:\/\/www.webdo.tn\/fr\/actualite\/culture\/kaouther-ben-hania-en-competition-a-venise-avec-the-voice-of-hind-rajab\/380159\/","title":{"rendered":"Kaouther Ben Hania en comp\u00e9tition \u00e0 Venise avec \u00ab\u00a0The Voice of Hind Rajab\u00a0\u00bb"},"content":{"rendered":"<p>La r\u00e9alisatrice tunisienne Kaouther Ben Hania entre en comp\u00e9tition officielle \u00e0 la Mostra de Venise avec son nouveau long-m\u00e9trage <em>The Voice of Hind Rajab<\/em>\u00a0(<em>La voix de Hind Rajab<\/em>). Cette s\u00e9lection confirme le rayonnement international de l\u2019une des voix les plus singuli\u00e8res du cin\u00e9ma arabe contemporain, quelques mois seulement apr\u00e8s <a href=\"https:\/\/www.webdo.tn\/fr\/actualite\/culture\/oscars-2024-les-filles-d-olfa-nomme-a-l-oscar-du-meilleur-film-documentaire\/211773\/\">sa nomination aux Oscars<\/a> pour <a href=\"https:\/\/www.webdo.tn\/fr\/actualite\/culture\/cannes-2023\/206097\/\"><em>Les Filles d\u2019Olfa<\/em> (<em>Four Daughters<\/em>)<\/a>.<\/p>\n<p>Dans une d\u00e9claration bouleversante, Kaouther Ben Hania revient sur la gen\u00e8se fulgurante de ce projet n\u00e9 d\u2019un choc personnel. C\u2019est en pleine campagne pour les Oscars, alors qu\u2019elle s\u2019appr\u00eatait \u00e0 tourner un film qu\u2019elle pr\u00e9parait depuis dix ans, qu\u2019un enregistrement audio va tout bouleverser. Lors d\u2019une escale \u00e0 l\u2019a\u00e9roport de Los Angeles, elle entend la voix d\u2019une fillette appelant \u00e0 l\u2019aide : \u00ab <em>J\u2019ai entendu un enregistrement de Hind Rajab qui suppliait qu\u2019on vienne l\u2019aider. J\u2019ai imm\u00e9diatement ressenti un m\u00e9lange de tristesse accablante et d\u2019impuissance. C\u2019\u00e9tait physique, comme si le sol s\u2019effondrait sous moi. Je ne pouvais pas continuer comme pr\u00e9vu. <\/em>\u00bb<\/p>\n<p>Hind Rajab, 6 ans, est une enfant palestinienne de Gaza. Le 29 janvier 2024, alors que sa famille tente de fuir les bombardements isra\u00e9liens, leur voiture est prise pour cible. Hind est la seule survivante, cach\u00e9e dans le v\u00e9hicule avec les corps de ses proches. Elle appelle \u00e0 l\u2019aide via un t\u00e9l\u00e9phone portable. L\u2019enregistrement de sa voix \u2013 devenu viral \u2013 capte en temps r\u00e9el l\u2019attente, la peur, la solitude. Malgr\u00e9 l\u2019alerte lanc\u00e9e par le Croissant-Rouge, l\u2019enfant ne sera jamais secourue. Elle est retrouv\u00e9e morte quelques jours plus tard, avec les secouristes envoy\u00e9s pour elle. La voiture qui les transportait avait re\u00e7u 355 balles.<\/p>\n<p><img decoding=\"async\" class=\"alignnone size-full wp-image-380160\" src=\"https:\/\/www.webdo.tn\/fr\/wp-content\/uploads\/2025\/07\/The-voice-of-Hind-Rajab-Affiche.jpg\" alt=\"The Voice of Hind Rajab\" width=\"1080\" height=\"1080\" srcset=\"https:\/\/www.webdo.tn\/fr\/wp-content\/uploads\/2025\/07\/The-voice-of-Hind-Rajab-Affiche.jpg 1080w, https:\/\/www.webdo.tn\/fr\/wp-content\/uploads\/2025\/07\/The-voice-of-Hind-Rajab-Affiche-300x300.jpg 300w, https:\/\/www.webdo.tn\/fr\/wp-content\/uploads\/2025\/07\/The-voice-of-Hind-Rajab-Affiche-1024x1024.jpg 1024w, https:\/\/www.webdo.tn\/fr\/wp-content\/uploads\/2025\/07\/The-voice-of-Hind-Rajab-Affiche-150x150.jpg 150w, https:\/\/www.webdo.tn\/fr\/wp-content\/uploads\/2025\/07\/The-voice-of-Hind-Rajab-Affiche-768x768.jpg 768w, https:\/\/www.webdo.tn\/fr\/wp-content\/uploads\/2025\/07\/The-voice-of-Hind-Rajab-Affiche-75x75.jpg 75w, https:\/\/www.webdo.tn\/fr\/wp-content\/uploads\/2025\/07\/The-voice-of-Hind-Rajab-Affiche-350x350.jpg 350w, https:\/\/www.webdo.tn\/fr\/wp-content\/uploads\/2025\/07\/The-voice-of-Hind-Rajab-Affiche-750x750.jpg 750w\" sizes=\"(max-width: 1080px) 100vw, 1080px\" \/><\/p>\n<p>Profond\u00e9ment marqu\u00e9e par ce drame, la r\u00e9alisatrice entre en contact avec la famille de Hind, avec les \u00e9quipes du Croissant-Rouge, et obtient l\u2019int\u00e9gralit\u00e9 de l\u2019audio original, soixante-dix minutes d\u2019un enregistrement insoutenable. C\u2019est \u00e0 partir de ces voix r\u00e9elles et de ces t\u00e9moignages qu\u2019elle d\u00e9cide de b\u00e2tir un film de fiction : <em>The Voice of Hind Rajab<\/em>.<\/p>\n<p>Le film repose sur un dispositif minimaliste : un lieu unique, aucune image de violence, mais un hors-champ qui oppresse. Un choix assum\u00e9 : \u00ab <em>Les images violentes sont partout autour de nous : sur nos \u00e9crans, nos t\u00e9l\u00e9phones. Ce que je voulais montrer, c\u2019est l\u2019invisible \u2013 l\u2019attente, la peur, le silence insupportable quand personne ne vient<\/em>. \u00bb<\/p>\n<p>Dans cette mise en sc\u00e8ne de l\u2019attente, du silence, de l\u2019inaction face \u00e0 l\u2019urgence, Kaouther Ben Hania interroge ce que le cin\u00e9ma peut encore dire, ce qu\u2019il peut pr\u00e9server face \u00e0 l\u2019acc\u00e9l\u00e9ration du temps m\u00e9diatique. Pour elle, <em>The Voice of Hind Rajab<\/em> n\u2019est pas seulement un film sur Gaza : \u00ab <em>Cette histoire ne parle pas seulement de Gaza. Elle \u00e9voque un deuil universel. Le cin\u00e9ma peut pr\u00e9server une m\u00e9moire. Il peut r\u00e9sister \u00e0 l\u2019amn\u00e9sie. Que la voix de Hind Rajab soit entendue<\/em>. \u00bb<\/p>\n<p>Produit par Nadim Cheikhrouha, Odessa Rae et James Wilson, le film a \u00e9t\u00e9 soutenu par Totem Films pour les ventes internationales. Il a \u00e9galement b\u00e9n\u00e9fici\u00e9 d\u2019une subvention du Fonds de soutien \u00e0 la cr\u00e9ation artistique et litt\u00e9raire, relevant du minist\u00e8re tunisien des Affaires culturelles.<\/p>\n<p>Apr\u00e8s <a href=\"https:\/\/www.webdo.tn\/fr\/actualite\/culture\/festival-de-cannes-belle-meute\/199659\/\"><em>La Belle et la Meute<\/em><\/a>, <em>L<a href=\"https:\/\/www.webdo.tn\/fr\/actualite\/culture\/le-film-lhomme-qui-a-vendu-sa-peau-merite-loscar-du-meilleur-film-international\/199966\/\">\u2019Homme qui a vendu sa peau<\/a><\/em> ou encore <em>Les Filles d\u2019Olfa<\/em>, Kaouther Ben Hania continue d\u2019explorer les failles du monde \u00e0 travers des dispositifs singuliers. Avec <em>The Voice of Hind Rajab<\/em>, elle signe un film de r\u00e9sistance et de m\u00e9moire, o\u00f9 le cin\u00e9ma devient \u00e0 la fois \u00e9coute, hommage, et cri contre l\u2019oubli.<\/p>\n<p><strong>Ne\u00efla Driss<\/strong><\/p>\n","protected":false},"excerpt":{"rendered":"<p>La r\u00e9alisatrice tunisienne Kaouther Ben Hania entre en comp\u00e9tition officielle \u00e0 la Mostra de Venise avec son nouveau long-m\u00e9trage The Voice of Hind Rajab\u00a0(La voix de Hind Rajab). Cette s\u00e9lection confirme le rayonnement international de l\u2019une des voix les plus singuli\u00e8res du cin\u00e9ma arabe contemporain, quelques mois seulement apr\u00e8s sa nomination aux Oscars pour Les [&hellip;]<\/p>\n","protected":false},"author":3164,"featured_media":380162,"comment_status":"open","ping_status":"open","sticky":false,"template":"","format":"standard","meta":{"footnotes":""},"categories":[2594],"tags":[2626,2655,6882],"class_list":["post-380159","post","type-post","status-publish","format-standard","has-post-thumbnail","hentry","category-culture","tag-cinema","tag-film","tag-kaouther-ben-hania"],"yoast_head":"<!-- This site is optimized with the Yoast SEO Premium plugin v27.5 (Yoast SEO v27.5) - https:\/\/yoast.com\/product\/yoast-seo-premium-wordpress\/ -->\n<title>Kaouther Ben Hania en comp\u00e9tition \u00e0 Venise avec &quot;The Voice of Hind Rajab&quot; - webdo<\/title>\n<meta name=\"description\" content=\"Kaouther Ben Hania pr\u00e9sente The Voice of Hind Rajab, s\u00e9lectionn\u00e9 en comp\u00e9tition officielle \u00e0 la Mostra de Venise 2025. Un film poignant inspir\u00e9 d\u2019un fait r\u00e9el \u00e0 Gaza, port\u00e9 par une voix d\u2019enfant et un r\u00e9cit de m\u00e9moire.\" \/>\n<link rel=\"canonical\" href=\"https:\/\/www.webdo.tn\/fr\/actualite\/culture\/kaouther-ben-hania-en-competition-a-venise-avec-the-voice-of-hind-rajab\/380159\/\" \/>\n<meta property=\"og:locale\" content=\"fr_FR\" \/>\n<meta property=\"og:type\" content=\"article\" \/>\n<meta property=\"og:title\" content=\"Kaouther Ben Hania en comp\u00e9tition \u00e0 Venise avec &quot;The Voice of Hind Rajab&quot;\" \/>\n<meta property=\"og:description\" content=\"Kaouther Ben Hania pr\u00e9sente The Voice of Hind Rajab, s\u00e9lectionn\u00e9 en comp\u00e9tition officielle \u00e0 la Mostra de Venise 2025. Un film poignant inspir\u00e9 d\u2019un fait r\u00e9el \u00e0 Gaza, port\u00e9 par une voix d\u2019enfant et un r\u00e9cit de m\u00e9moire.\" \/>\n<meta property=\"og:url\" content=\"https:\/\/www.webdo.tn\/fr\/actualite\/culture\/kaouther-ben-hania-en-competition-a-venise-avec-the-voice-of-hind-rajab\/380159\/\" \/>\n<meta property=\"og:site_name\" content=\"webdo\" \/>\n<meta property=\"article:publisher\" content=\"https:\/\/www.facebook.com\/webdotn\" \/>\n<meta property=\"article:author\" content=\"https:\/\/www.facebook.com\/massir.destiniii\/\" \/>\n<meta property=\"article:published_time\" content=\"2025-07-22T12:14:28+00:00\" \/>\n<meta property=\"article:modified_time\" content=\"2025-07-22T20:05:07+00:00\" \/>\n<meta property=\"og:image\" content=\"https:\/\/www.webdo.tn\/fr\/wp-content\/uploads\/2025\/07\/The-voice-of-Hind-Rajab-Affiche-Horiz.jpg\" \/>\n\t<meta property=\"og:image:width\" content=\"2048\" \/>\n\t<meta property=\"og:image:height\" content=\"1051\" \/>\n\t<meta property=\"og:image:type\" content=\"image\/jpeg\" \/>\n<meta name=\"author\" content=\"Ne\u00efla DRISS\" \/>\n<meta name=\"twitter:card\" content=\"summary_large_image\" \/>\n<meta name=\"twitter:creator\" content=\"@https:\/\/x.com\/MassirDestin\" \/>\n<meta name=\"twitter:site\" content=\"@webdo_tn\" \/>\n<meta name=\"twitter:label1\" content=\"\u00c9crit par\" \/>\n\t<meta name=\"twitter:data1\" content=\"Ne\u00efla DRISS\" \/>\n\t<meta name=\"twitter:label2\" content=\"Dur\u00e9e de lecture estim\u00e9e\" \/>\n\t<meta name=\"twitter:data2\" content=\"4 minutes\" \/>\n<script type=\"application\/ld+json\" class=\"yoast-schema-graph\">{\"@context\":\"https:\\\/\\\/schema.org\",\"@graph\":[{\"@type\":\"NewsArticle\",\"@id\":\"https:\\\/\\\/www.webdo.tn\\\/fr\\\/actualite\\\/culture\\\/kaouther-ben-hania-en-competition-a-venise-avec-the-voice-of-hind-rajab\\\/380159\\\/#article\",\"isPartOf\":{\"@id\":\"https:\\\/\\\/www.webdo.tn\\\/fr\\\/actualite\\\/culture\\\/kaouther-ben-hania-en-competition-a-venise-avec-the-voice-of-hind-rajab\\\/380159\\\/\"},\"author\":{\"name\":\"Ne\u00efla DRISS\",\"@id\":\"https:\\\/\\\/www.webdo.tn\\\/fr\\\/#\\\/schema\\\/person\\\/60d5ba619ed3f58783b0dc82b7dada80\"},\"headline\":\"Kaouther Ben Hania en comp\u00e9tition \u00e0 Venise avec \u00ab\u00a0The Voice of Hind Rajab\u00a0\u00bb\",\"datePublished\":\"2025-07-22T12:14:28+00:00\",\"dateModified\":\"2025-07-22T20:05:07+00:00\",\"mainEntityOfPage\":{\"@id\":\"https:\\\/\\\/www.webdo.tn\\\/fr\\\/actualite\\\/culture\\\/kaouther-ben-hania-en-competition-a-venise-avec-the-voice-of-hind-rajab\\\/380159\\\/\"},\"wordCount\":651,\"commentCount\":0,\"publisher\":{\"@id\":\"https:\\\/\\\/www.webdo.tn\\\/fr\\\/#organization\"},\"image\":{\"@id\":\"https:\\\/\\\/www.webdo.tn\\\/fr\\\/actualite\\\/culture\\\/kaouther-ben-hania-en-competition-a-venise-avec-the-voice-of-hind-rajab\\\/380159\\\/#primaryimage\"},\"thumbnailUrl\":\"https:\\\/\\\/www.webdo.tn\\\/fr\\\/wp-content\\\/uploads\\\/2025\\\/07\\\/The-voice-of-Hind-Rajab-Affiche-Horiz-e1756801637758.jpg\",\"keywords\":[\"Cin\u00e9ma\",\"Film\",\"Kaouther Ben Hania\"],\"articleSection\":[\"Culture\"],\"inLanguage\":\"fr-FR\"},{\"@type\":\"WebPage\",\"@id\":\"https:\\\/\\\/www.webdo.tn\\\/fr\\\/actualite\\\/culture\\\/kaouther-ben-hania-en-competition-a-venise-avec-the-voice-of-hind-rajab\\\/380159\\\/\",\"url\":\"https:\\\/\\\/www.webdo.tn\\\/fr\\\/actualite\\\/culture\\\/kaouther-ben-hania-en-competition-a-venise-avec-the-voice-of-hind-rajab\\\/380159\\\/\",\"name\":\"Kaouther Ben Hania en comp\u00e9tition \u00e0 Venise avec \\\"The Voice of Hind Rajab\\\" - webdo\",\"isPartOf\":{\"@id\":\"https:\\\/\\\/www.webdo.tn\\\/fr\\\/#website\"},\"primaryImageOfPage\":{\"@id\":\"https:\\\/\\\/www.webdo.tn\\\/fr\\\/actualite\\\/culture\\\/kaouther-ben-hania-en-competition-a-venise-avec-the-voice-of-hind-rajab\\\/380159\\\/#primaryimage\"},\"image\":{\"@id\":\"https:\\\/\\\/www.webdo.tn\\\/fr\\\/actualite\\\/culture\\\/kaouther-ben-hania-en-competition-a-venise-avec-the-voice-of-hind-rajab\\\/380159\\\/#primaryimage\"},\"thumbnailUrl\":\"https:\\\/\\\/www.webdo.tn\\\/fr\\\/wp-content\\\/uploads\\\/2025\\\/07\\\/The-voice-of-Hind-Rajab-Affiche-Horiz-e1756801637758.jpg\",\"datePublished\":\"2025-07-22T12:14:28+00:00\",\"dateModified\":\"2025-07-22T20:05:07+00:00\",\"description\":\"Kaouther Ben Hania pr\u00e9sente The Voice of Hind Rajab, s\u00e9lectionn\u00e9 en comp\u00e9tition officielle \u00e0 la Mostra de Venise 2025. Un film poignant inspir\u00e9 d\u2019un fait r\u00e9el \u00e0 Gaza, port\u00e9 par une voix d\u2019enfant et un r\u00e9cit de m\u00e9moire.\",\"breadcrumb\":{\"@id\":\"https:\\\/\\\/www.webdo.tn\\\/fr\\\/actualite\\\/culture\\\/kaouther-ben-hania-en-competition-a-venise-avec-the-voice-of-hind-rajab\\\/380159\\\/#breadcrumb\"},\"inLanguage\":\"fr-FR\",\"potentialAction\":[{\"@type\":\"ReadAction\",\"target\":[\"https:\\\/\\\/www.webdo.tn\\\/fr\\\/actualite\\\/culture\\\/kaouther-ben-hania-en-competition-a-venise-avec-the-voice-of-hind-rajab\\\/380159\\\/\"]}]},{\"@type\":\"ImageObject\",\"inLanguage\":\"fr-FR\",\"@id\":\"https:\\\/\\\/www.webdo.tn\\\/fr\\\/actualite\\\/culture\\\/kaouther-ben-hania-en-competition-a-venise-avec-the-voice-of-hind-rajab\\\/380159\\\/#primaryimage\",\"url\":\"https:\\\/\\\/www.webdo.tn\\\/fr\\\/wp-content\\\/uploads\\\/2025\\\/07\\\/The-voice-of-Hind-Rajab-Affiche-Horiz-e1756801637758.jpg\",\"contentUrl\":\"https:\\\/\\\/www.webdo.tn\\\/fr\\\/wp-content\\\/uploads\\\/2025\\\/07\\\/The-voice-of-Hind-Rajab-Affiche-Horiz-e1756801637758.jpg\",\"width\":585,\"height\":300,\"caption\":\"\\\"La voix de Hind Rajab\\\" : Un film tunisien port\u00e9 par des figures internationales, en salles le 17 septembre\"},{\"@type\":\"BreadcrumbList\",\"@id\":\"https:\\\/\\\/www.webdo.tn\\\/fr\\\/actualite\\\/culture\\\/kaouther-ben-hania-en-competition-a-venise-avec-the-voice-of-hind-rajab\\\/380159\\\/#breadcrumb\",\"itemListElement\":[{\"@type\":\"ListItem\",\"position\":1,\"name\":\"Accueil\",\"item\":\"https:\\\/\\\/www.webdo.tn\\\/fr\\\/\"},{\"@type\":\"ListItem\",\"position\":2,\"name\":\"Kaouther Ben Hania en comp\u00e9tition \u00e0 Venise avec \u00ab\u00a0The Voice of Hind Rajab\u00a0\u00bb\"}]},{\"@type\":\"WebSite\",\"@id\":\"https:\\\/\\\/www.webdo.tn\\\/fr\\\/#website\",\"url\":\"https:\\\/\\\/www.webdo.tn\\\/fr\\\/\",\"name\":\"webdo\",\"description\":\"Tunisie - News en Tunisie et \u00e0 l&#039;international sur Webdo.tn\",\"publisher\":{\"@id\":\"https:\\\/\\\/www.webdo.tn\\\/fr\\\/#organization\"},\"potentialAction\":[{\"@type\":\"SearchAction\",\"target\":{\"@type\":\"EntryPoint\",\"urlTemplate\":\"https:\\\/\\\/www.webdo.tn\\\/fr\\\/?s={search_term_string}\"},\"query-input\":{\"@type\":\"PropertyValueSpecification\",\"valueRequired\":true,\"valueName\":\"search_term_string\"}}],\"inLanguage\":\"fr-FR\"},{\"@type\":\"Organization\",\"@id\":\"https:\\\/\\\/www.webdo.tn\\\/fr\\\/#organization\",\"name\":\"Webdo\",\"alternateName\":\"Webdo.tn\",\"url\":\"https:\\\/\\\/www.webdo.tn\\\/fr\\\/\",\"logo\":{\"@type\":\"ImageObject\",\"inLanguage\":\"fr-FR\",\"@id\":\"https:\\\/\\\/www.webdo.tn\\\/fr\\\/#\\\/schema\\\/logo\\\/image\\\/\",\"url\":\"https:\\\/\\\/www.webdo.tn\\\/fr\\\/wp-content\\\/uploads\\\/2025\\\/06\\\/Webdo-Tunisie_168377.jpg\",\"contentUrl\":\"https:\\\/\\\/www.webdo.tn\\\/fr\\\/wp-content\\\/uploads\\\/2025\\\/06\\\/Webdo-Tunisie_168377.jpg\",\"width\":301,\"height\":301,\"caption\":\"Webdo\"},\"image\":{\"@id\":\"https:\\\/\\\/www.webdo.tn\\\/fr\\\/#\\\/schema\\\/logo\\\/image\\\/\"},\"sameAs\":[\"https:\\\/\\\/www.facebook.com\\\/webdotn\",\"https:\\\/\\\/x.com\\\/webdo_tn\"],\"description\":\"Webdo est un m\u00e9dia num\u00e9rique tunisien fond\u00e9 en 2010, sp\u00e9cialis\u00e9 dans l\u2019actualit\u00e9 nationale et internationale, l\u2019\u00e9conomie, la soci\u00e9t\u00e9 et les analyses politiques. Le site s\u2019adresse \u00e0 un large public francophone et couvre l\u2019information tunisienne en temps r\u00e9el.\",\"email\":\"redac@webdo.tn\",\"legalName\":\"YNJ SARL\",\"foundingDate\":\"2010-09-06\",\"numberOfEmployees\":{\"@type\":\"QuantitativeValue\",\"minValue\":\"11\",\"maxValue\":\"50\"}},{\"@type\":\"Person\",\"@id\":\"https:\\\/\\\/www.webdo.tn\\\/fr\\\/#\\\/schema\\\/person\\\/60d5ba619ed3f58783b0dc82b7dada80\",\"name\":\"Ne\u00efla DRISS\",\"image\":{\"@type\":\"ImageObject\",\"inLanguage\":\"fr-FR\",\"@id\":\"https:\\\/\\\/www.webdo.tn\\\/fr\\\/wp-content\\\/uploads\\\/2026\\\/04\\\/neila-driss_avatar-96x96.jpg\",\"url\":\"https:\\\/\\\/www.webdo.tn\\\/fr\\\/wp-content\\\/uploads\\\/2026\\\/04\\\/neila-driss_avatar-96x96.jpg\",\"contentUrl\":\"https:\\\/\\\/www.webdo.tn\\\/fr\\\/wp-content\\\/uploads\\\/2026\\\/04\\\/neila-driss_avatar-96x96.jpg\",\"caption\":\"Ne\u00efla DRISS\"},\"description\":\"Ne\u00efla Driss est juriste, journaliste culturelle et critique de cin\u00e9ma tunisienne. Titulaire d\u2019un DEA en droit priv\u00e9 de l\u2019Universit\u00e9 Paris II et d\u2019un DESS de l\u2019IHEC Carthage, elle d\u00e9bute sa carri\u00e8re comme juriste sp\u00e9cialis\u00e9e en gestion de patrimoine immobilier. Elle s\u2019oriente ensuite vers l\u2019\u00e9criture en ligne, o\u00f9 elle se distingue d\u00e8s 2006 aux Tunisia Blog Awards, avant de se consacrer au journalisme culturel, avec une sp\u00e9cialisation dans la critique cin\u00e9matographique. Elle couvre r\u00e9guli\u00e8rement les grands festivals internationaux, notamment le Festival de Cannes, les Journ\u00e9es Cin\u00e9matographiques de Carthage et le Festival du film du Caire. Membre de l\u2019ATPCC et de la FIPRESCI, elle participe \u00e0 des jurys et initiatives internationales de critique. Depuis 2024, elle est \u00e9lectrice internationale aux Golden Globes. Facebook : https:\\\/\\\/www.facebook.com\\\/massir.destiniii\\\/ X : https:\\\/\\\/x.com\\\/MassirDestin\",\"sameAs\":[\"https:\\\/\\\/www.facebook.com\\\/massir.destiniii\\\/\",\"https:\\\/\\\/www.instagram.com\\\/neila.driss\\\/?hl=fr\",\"https:\\\/\\\/www.linkedin.com\\\/in\\\/neila-driss-22606a80\\\/\",\"https:\\\/\\\/x.com\\\/https:\\\/\\\/x.com\\\/MassirDestin\"],\"knowsAbout\":[\"Cin\u00e9ma international\",\"critique cin\u00e9matographique\",\"festivals de cin\u00e9ma\",\"journalisme culturel\"],\"knowsLanguage\":[\"Fran\u00e7ais\",\"Arabe\",\"Anglais\"],\"jobTitle\":\"Journaliste culturelle et critique de cin\u00e9ma\",\"worksFor\":\"Webdo\",\"url\":\"https:\\\/\\\/www.webdo.tn\\\/fr\\\/actualite\\\/author\\\/neila-driss\\\/\"}]}<\/script>\n<!-- \/ Yoast SEO Premium plugin. -->","yoast_head_json":{"title":"Kaouther Ben Hania en comp\u00e9tition \u00e0 Venise avec \"The Voice of Hind Rajab\" - webdo","description":"Kaouther Ben Hania pr\u00e9sente The Voice of Hind Rajab, s\u00e9lectionn\u00e9 en comp\u00e9tition officielle \u00e0 la Mostra de Venise 2025. Un film poignant inspir\u00e9 d\u2019un fait r\u00e9el \u00e0 Gaza, port\u00e9 par une voix d\u2019enfant et un r\u00e9cit de m\u00e9moire.","canonical":"https:\/\/www.webdo.tn\/fr\/actualite\/culture\/kaouther-ben-hania-en-competition-a-venise-avec-the-voice-of-hind-rajab\/380159\/","og_locale":"fr_FR","og_type":"article","og_title":"Kaouther Ben Hania en comp\u00e9tition \u00e0 Venise avec \"The Voice of Hind Rajab\"","og_description":"Kaouther Ben Hania pr\u00e9sente The Voice of Hind Rajab, s\u00e9lectionn\u00e9 en comp\u00e9tition officielle \u00e0 la Mostra de Venise 2025. Un film poignant inspir\u00e9 d\u2019un fait r\u00e9el \u00e0 Gaza, port\u00e9 par une voix d\u2019enfant et un r\u00e9cit de m\u00e9moire.","og_url":"https:\/\/www.webdo.tn\/fr\/actualite\/culture\/kaouther-ben-hania-en-competition-a-venise-avec-the-voice-of-hind-rajab\/380159\/","og_site_name":"webdo","article_publisher":"https:\/\/www.facebook.com\/webdotn","article_author":"https:\/\/www.facebook.com\/massir.destiniii\/","article_published_time":"2025-07-22T12:14:28+00:00","article_modified_time":"2025-07-22T20:05:07+00:00","og_image":[{"width":2048,"height":1051,"url":"https:\/\/www.webdo.tn\/fr\/wp-content\/uploads\/2025\/07\/The-voice-of-Hind-Rajab-Affiche-Horiz.jpg","type":"image\/jpeg"}],"author":"Ne\u00efla DRISS","twitter_card":"summary_large_image","twitter_creator":"@https:\/\/x.com\/MassirDestin","twitter_site":"@webdo_tn","twitter_misc":{"\u00c9crit par":"Ne\u00efla DRISS","Dur\u00e9e de lecture estim\u00e9e":"4 minutes"},"schema":{"@context":"https:\/\/schema.org","@graph":[{"@type":"NewsArticle","@id":"https:\/\/www.webdo.tn\/fr\/actualite\/culture\/kaouther-ben-hania-en-competition-a-venise-avec-the-voice-of-hind-rajab\/380159\/#article","isPartOf":{"@id":"https:\/\/www.webdo.tn\/fr\/actualite\/culture\/kaouther-ben-hania-en-competition-a-venise-avec-the-voice-of-hind-rajab\/380159\/"},"author":{"name":"Ne\u00efla DRISS","@id":"https:\/\/www.webdo.tn\/fr\/#\/schema\/person\/60d5ba619ed3f58783b0dc82b7dada80"},"headline":"Kaouther Ben Hania en comp\u00e9tition \u00e0 Venise avec \u00ab\u00a0The Voice of Hind Rajab\u00a0\u00bb","datePublished":"2025-07-22T12:14:28+00:00","dateModified":"2025-07-22T20:05:07+00:00","mainEntityOfPage":{"@id":"https:\/\/www.webdo.tn\/fr\/actualite\/culture\/kaouther-ben-hania-en-competition-a-venise-avec-the-voice-of-hind-rajab\/380159\/"},"wordCount":651,"commentCount":0,"publisher":{"@id":"https:\/\/www.webdo.tn\/fr\/#organization"},"image":{"@id":"https:\/\/www.webdo.tn\/fr\/actualite\/culture\/kaouther-ben-hania-en-competition-a-venise-avec-the-voice-of-hind-rajab\/380159\/#primaryimage"},"thumbnailUrl":"https:\/\/www.webdo.tn\/fr\/wp-content\/uploads\/2025\/07\/The-voice-of-Hind-Rajab-Affiche-Horiz-e1756801637758.jpg","keywords":["Cin\u00e9ma","Film","Kaouther Ben Hania"],"articleSection":["Culture"],"inLanguage":"fr-FR"},{"@type":"WebPage","@id":"https:\/\/www.webdo.tn\/fr\/actualite\/culture\/kaouther-ben-hania-en-competition-a-venise-avec-the-voice-of-hind-rajab\/380159\/","url":"https:\/\/www.webdo.tn\/fr\/actualite\/culture\/kaouther-ben-hania-en-competition-a-venise-avec-the-voice-of-hind-rajab\/380159\/","name":"Kaouther Ben Hania en comp\u00e9tition \u00e0 Venise avec \"The Voice of Hind Rajab\" - webdo","isPartOf":{"@id":"https:\/\/www.webdo.tn\/fr\/#website"},"primaryImageOfPage":{"@id":"https:\/\/www.webdo.tn\/fr\/actualite\/culture\/kaouther-ben-hania-en-competition-a-venise-avec-the-voice-of-hind-rajab\/380159\/#primaryimage"},"image":{"@id":"https:\/\/www.webdo.tn\/fr\/actualite\/culture\/kaouther-ben-hania-en-competition-a-venise-avec-the-voice-of-hind-rajab\/380159\/#primaryimage"},"thumbnailUrl":"https:\/\/www.webdo.tn\/fr\/wp-content\/uploads\/2025\/07\/The-voice-of-Hind-Rajab-Affiche-Horiz-e1756801637758.jpg","datePublished":"2025-07-22T12:14:28+00:00","dateModified":"2025-07-22T20:05:07+00:00","description":"Kaouther Ben Hania pr\u00e9sente The Voice of Hind Rajab, s\u00e9lectionn\u00e9 en comp\u00e9tition officielle \u00e0 la Mostra de Venise 2025. Un film poignant inspir\u00e9 d\u2019un fait r\u00e9el \u00e0 Gaza, port\u00e9 par une voix d\u2019enfant et un r\u00e9cit de m\u00e9moire.","breadcrumb":{"@id":"https:\/\/www.webdo.tn\/fr\/actualite\/culture\/kaouther-ben-hania-en-competition-a-venise-avec-the-voice-of-hind-rajab\/380159\/#breadcrumb"},"inLanguage":"fr-FR","potentialAction":[{"@type":"ReadAction","target":["https:\/\/www.webdo.tn\/fr\/actualite\/culture\/kaouther-ben-hania-en-competition-a-venise-avec-the-voice-of-hind-rajab\/380159\/"]}]},{"@type":"ImageObject","inLanguage":"fr-FR","@id":"https:\/\/www.webdo.tn\/fr\/actualite\/culture\/kaouther-ben-hania-en-competition-a-venise-avec-the-voice-of-hind-rajab\/380159\/#primaryimage","url":"https:\/\/www.webdo.tn\/fr\/wp-content\/uploads\/2025\/07\/The-voice-of-Hind-Rajab-Affiche-Horiz-e1756801637758.jpg","contentUrl":"https:\/\/www.webdo.tn\/fr\/wp-content\/uploads\/2025\/07\/The-voice-of-Hind-Rajab-Affiche-Horiz-e1756801637758.jpg","width":585,"height":300,"caption":"\"La voix de Hind Rajab\" : Un film tunisien port\u00e9 par des figures internationales, en salles le 17 septembre"},{"@type":"BreadcrumbList","@id":"https:\/\/www.webdo.tn\/fr\/actualite\/culture\/kaouther-ben-hania-en-competition-a-venise-avec-the-voice-of-hind-rajab\/380159\/#breadcrumb","itemListElement":[{"@type":"ListItem","position":1,"name":"Accueil","item":"https:\/\/www.webdo.tn\/fr\/"},{"@type":"ListItem","position":2,"name":"Kaouther Ben Hania en comp\u00e9tition \u00e0 Venise avec \u00ab\u00a0The Voice of Hind Rajab\u00a0\u00bb"}]},{"@type":"WebSite","@id":"https:\/\/www.webdo.tn\/fr\/#website","url":"https:\/\/www.webdo.tn\/fr\/","name":"webdo","description":"Tunisie - News en Tunisie et \u00e0 l&#039;international sur Webdo.tn","publisher":{"@id":"https:\/\/www.webdo.tn\/fr\/#organization"},"potentialAction":[{"@type":"SearchAction","target":{"@type":"EntryPoint","urlTemplate":"https:\/\/www.webdo.tn\/fr\/?s={search_term_string}"},"query-input":{"@type":"PropertyValueSpecification","valueRequired":true,"valueName":"search_term_string"}}],"inLanguage":"fr-FR"},{"@type":"Organization","@id":"https:\/\/www.webdo.tn\/fr\/#organization","name":"Webdo","alternateName":"Webdo.tn","url":"https:\/\/www.webdo.tn\/fr\/","logo":{"@type":"ImageObject","inLanguage":"fr-FR","@id":"https:\/\/www.webdo.tn\/fr\/#\/schema\/logo\/image\/","url":"https:\/\/www.webdo.tn\/fr\/wp-content\/uploads\/2025\/06\/Webdo-Tunisie_168377.jpg","contentUrl":"https:\/\/www.webdo.tn\/fr\/wp-content\/uploads\/2025\/06\/Webdo-Tunisie_168377.jpg","width":301,"height":301,"caption":"Webdo"},"image":{"@id":"https:\/\/www.webdo.tn\/fr\/#\/schema\/logo\/image\/"},"sameAs":["https:\/\/www.facebook.com\/webdotn","https:\/\/x.com\/webdo_tn"],"description":"Webdo est un m\u00e9dia num\u00e9rique tunisien fond\u00e9 en 2010, sp\u00e9cialis\u00e9 dans l\u2019actualit\u00e9 nationale et internationale, l\u2019\u00e9conomie, la soci\u00e9t\u00e9 et les analyses politiques. Le site s\u2019adresse \u00e0 un large public francophone et couvre l\u2019information tunisienne en temps r\u00e9el.","email":"redac@webdo.tn","legalName":"YNJ SARL","foundingDate":"2010-09-06","numberOfEmployees":{"@type":"QuantitativeValue","minValue":"11","maxValue":"50"}},{"@type":"Person","@id":"https:\/\/www.webdo.tn\/fr\/#\/schema\/person\/60d5ba619ed3f58783b0dc82b7dada80","name":"Ne\u00efla DRISS","image":{"@type":"ImageObject","inLanguage":"fr-FR","@id":"https:\/\/www.webdo.tn\/fr\/wp-content\/uploads\/2026\/04\/neila-driss_avatar-96x96.jpg","url":"https:\/\/www.webdo.tn\/fr\/wp-content\/uploads\/2026\/04\/neila-driss_avatar-96x96.jpg","contentUrl":"https:\/\/www.webdo.tn\/fr\/wp-content\/uploads\/2026\/04\/neila-driss_avatar-96x96.jpg","caption":"Ne\u00efla DRISS"},"description":"Ne\u00efla Driss est juriste, journaliste culturelle et critique de cin\u00e9ma tunisienne. Titulaire d\u2019un DEA en droit priv\u00e9 de l\u2019Universit\u00e9 Paris II et d\u2019un DESS de l\u2019IHEC Carthage, elle d\u00e9bute sa carri\u00e8re comme juriste sp\u00e9cialis\u00e9e en gestion de patrimoine immobilier. Elle s\u2019oriente ensuite vers l\u2019\u00e9criture en ligne, o\u00f9 elle se distingue d\u00e8s 2006 aux Tunisia Blog Awards, avant de se consacrer au journalisme culturel, avec une sp\u00e9cialisation dans la critique cin\u00e9matographique. Elle couvre r\u00e9guli\u00e8rement les grands festivals internationaux, notamment le Festival de Cannes, les Journ\u00e9es Cin\u00e9matographiques de Carthage et le Festival du film du Caire. Membre de l\u2019ATPCC et de la FIPRESCI, elle participe \u00e0 des jurys et initiatives internationales de critique. Depuis 2024, elle est \u00e9lectrice internationale aux Golden Globes. Facebook : https:\/\/www.facebook.com\/massir.destiniii\/ X : https:\/\/x.com\/MassirDestin","sameAs":["https:\/\/www.facebook.com\/massir.destiniii\/","https:\/\/www.instagram.com\/neila.driss\/?hl=fr","https:\/\/www.linkedin.com\/in\/neila-driss-22606a80\/","https:\/\/x.com\/https:\/\/x.com\/MassirDestin"],"knowsAbout":["Cin\u00e9ma international","critique cin\u00e9matographique","festivals de cin\u00e9ma","journalisme culturel"],"knowsLanguage":["Fran\u00e7ais","Arabe","Anglais"],"jobTitle":"Journaliste culturelle et critique de cin\u00e9ma","worksFor":"Webdo","url":"https:\/\/www.webdo.tn\/fr\/actualite\/author\/neila-driss\/"}]}},"_links":{"self":[{"href":"https:\/\/www.webdo.tn\/fr\/wp-json\/wp\/v2\/posts\/380159","targetHints":{"allow":["GET"]}}],"collection":[{"href":"https:\/\/www.webdo.tn\/fr\/wp-json\/wp\/v2\/posts"}],"about":[{"href":"https:\/\/www.webdo.tn\/fr\/wp-json\/wp\/v2\/types\/post"}],"author":[{"embeddable":true,"href":"https:\/\/www.webdo.tn\/fr\/wp-json\/wp\/v2\/users\/3164"}],"replies":[{"embeddable":true,"href":"https:\/\/www.webdo.tn\/fr\/wp-json\/wp\/v2\/comments?post=380159"}],"version-history":[{"count":0,"href":"https:\/\/www.webdo.tn\/fr\/wp-json\/wp\/v2\/posts\/380159\/revisions"}],"wp:featuredmedia":[{"embeddable":true,"href":"https:\/\/www.webdo.tn\/fr\/wp-json\/wp\/v2\/media\/380162"}],"wp:attachment":[{"href":"https:\/\/www.webdo.tn\/fr\/wp-json\/wp\/v2\/media?parent=380159"}],"wp:term":[{"taxonomy":"category","embeddable":true,"href":"https:\/\/www.webdo.tn\/fr\/wp-json\/wp\/v2\/categories?post=380159"},{"taxonomy":"post_tag","embeddable":true,"href":"https:\/\/www.webdo.tn\/fr\/wp-json\/wp\/v2\/tags?post=380159"}],"curies":[{"name":"wp","href":"https:\/\/api.w.org\/{rel}","templated":true}]}}