{"id":380154,"date":"2025-07-22T11:31:54","date_gmt":"2025-07-22T10:31:54","guid":{"rendered":"https:\/\/www.webdo.tn\/fr\/?p=380154"},"modified":"2025-07-22T20:29:33","modified_gmt":"2025-07-22T19:29:33","slug":"hygiene-et-fast-food-la-tunisie-lance-une-surveillance-renforcee-face-a-la-chaleur","status":"publish","type":"post","link":"https:\/\/www.webdo.tn\/fr\/actualite\/national\/hygiene-et-fast-food-la-tunisie-lance-une-surveillance-renforcee-face-a-la-chaleur\/380154\/","title":{"rendered":"Hygi\u00e8ne et fast-food : la Tunisie lance une surveillance renforc\u00e9e face \u00e0 la chaleur"},"content":{"rendered":"\n<p><\/p>\n\n\n\n<p><strong>Le pr\u00e9sident de l\u2019Instance nationale de la s\u00e9curit\u00e9 sanitaire des produits alimentaires, Mohamed Rabhi, a affirm\u00e9 ce lundi 21 juillet 2025 que l\u2019Instance a lanc\u00e9 un programme sp\u00e9cial de contr\u00f4le de la s\u00e9curit\u00e9 des produits alimentaires, en particulier ceux \u00e0 d\u00e9t\u00e9rioration rapide, afin de pr\u00e9venir les intoxications alimentaires.<\/strong><\/p>\n\n\n\n<p>Rabhi a expliqu\u00e9 que la hausse des temp\u00e9ratures constitue un facteur majeur de d\u00e9gradation des denr\u00e9es, notamment celles p\u00e9rissables. Il a soulign\u00e9 que les \u00e9tablissements en lien avec les produits alimentaires \u2013 notamment les restaurants et les points de vente de restauration rapide \u2013 sont les premiers concern\u00e9s par ce programme de contr\u00f4le.<\/p>\n\n\n\n<p>Il a exprim\u00e9 l\u2019espoir qu\u2019aucune intoxication alimentaire collective ne soit enregistr\u00e9e, notamment dans le cadre familial ou lors des \u00e9v\u00e9nements familiaux, tout en insistant sur l&rsquo;application rigoureuse de la loi \u00e0 l\u2019encontre des contrevenants.<\/p>\n\n\n\n<p><strong>Une vigilance accrue sur le terrain<\/strong><\/p>\n\n\n\n<p>D\u2019apr\u00e8s les services de l\u2019Instance, des \u00e9quipes mixtes sont d\u00e9j\u00e0 mobilis\u00e9es sur le terrain pour effectuer des inspections inopin\u00e9es. Ces contr\u00f4les visent notamment la cha\u00eene de froid, la propret\u00e9 des \u00e9quipements, les conditions de stockage, ainsi que la fra\u00eecheur des produits utilis\u00e9s. Les unit\u00e9s de restauration rapide et les vendeurs ambulants sont particuli\u00e8rement cibl\u00e9s, car souvent expos\u00e9s \u00e0 des temp\u00e9ratures \u00e9lev\u00e9es et \u00e0 des conditions d\u2019hygi\u00e8ne pr\u00e9caires.<\/p>\n\n\n\n<p>Par ailleurs, la sensibilisation des professionnels du secteur est renforc\u00e9e. Des campagnes d\u2019information sont men\u00e9es en parall\u00e8le pour rappeler les bonnes pratiques d\u2019hygi\u00e8ne et de conservation, notamment dans les zones touristiques tr\u00e8s fr\u00e9quent\u00e9es en cette saison estivale.<\/p>\n","protected":false},"excerpt":{"rendered":"<p>Le pr\u00e9sident de l\u2019Instance nationale de la s\u00e9curit\u00e9 sanitaire des produits alimentaires, Mohamed Rabhi, a affirm\u00e9 ce lundi 21 juillet 2025 que l\u2019Instance a lanc\u00e9 un programme sp\u00e9cial de contr\u00f4le de la s\u00e9curit\u00e9 des produits alimentaires, en particulier ceux \u00e0 d\u00e9t\u00e9rioration rapide, afin de pr\u00e9venir les intoxications alimentaires. Rabhi a expliqu\u00e9 que la hausse des [&hellip;]<\/p>\n","protected":false},"author":3184,"featured_media":339779,"comment_status":"open","ping_status":"open","sticky":false,"template":"","format":"standard","meta":{"footnotes":""},"categories":[44],"tags":[12286,2608],"class_list":["post-380154","post","type-post","status-publish","format-standard","has-post-thumbnail","hentry","category-national","tag-fast-food","tag-tunisie"],"yoast_head":"<!-- This site is optimized with the Yoast SEO Premium plugin v27.5 (Yoast SEO v27.5) - https:\/\/yoast.com\/product\/yoast-seo-premium-wordpress\/ -->\n<title>Hygi\u00e8ne et fast-food : la Tunisie lance une surveillance renforc\u00e9e face \u00e0 la chaleur - webdo<\/title>\n<link rel=\"canonical\" href=\"https:\/\/www.webdo.tn\/fr\/actualite\/national\/hygiene-et-fast-food-la-tunisie-lance-une-surveillance-renforcee-face-a-la-chaleur\/380154\/\" \/>\n<meta property=\"og:locale\" content=\"fr_FR\" \/>\n<meta property=\"og:type\" content=\"article\" \/>\n<meta property=\"og:title\" content=\"Hygi\u00e8ne et fast-food : la Tunisie lance une surveillance renforc\u00e9e face \u00e0 la chaleur\" \/>\n<meta property=\"og:description\" content=\"Le pr\u00e9sident de l\u2019Instance nationale de la s\u00e9curit\u00e9 sanitaire des produits alimentaires, Mohamed Rabhi, a affirm\u00e9 ce lundi 21 juillet 2025 que l\u2019Instance a lanc\u00e9 un programme sp\u00e9cial de contr\u00f4le de la s\u00e9curit\u00e9 des produits alimentaires, en particulier ceux \u00e0 d\u00e9t\u00e9rioration rapide, afin de pr\u00e9venir les intoxications alimentaires. Rabhi a expliqu\u00e9 que la hausse des [&hellip;]\" \/>\n<meta property=\"og:url\" content=\"https:\/\/www.webdo.tn\/fr\/actualite\/national\/hygiene-et-fast-food-la-tunisie-lance-une-surveillance-renforcee-face-a-la-chaleur\/380154\/\" \/>\n<meta property=\"og:site_name\" content=\"webdo\" \/>\n<meta property=\"article:publisher\" content=\"https:\/\/www.facebook.com\/webdotn\" \/>\n<meta property=\"article:published_time\" content=\"2025-07-22T10:31:54+00:00\" \/>\n<meta property=\"article:modified_time\" content=\"2025-07-22T19:29:33+00:00\" \/>\n<meta property=\"og:image\" content=\"https:\/\/www.webdo.tn\/fr\/wp-content\/uploads\/2017\/09\/re.jpg\" \/>\n\t<meta property=\"og:image:width\" content=\"858\" \/>\n\t<meta property=\"og:image:height\" content=\"429\" \/>\n\t<meta property=\"og:image:type\" content=\"image\/jpeg\" \/>\n<meta name=\"author\" content=\"Wided Belhaj\" \/>\n<meta name=\"twitter:card\" content=\"summary_large_image\" \/>\n<meta name=\"twitter:creator\" content=\"@webdo_tn\" \/>\n<meta name=\"twitter:site\" content=\"@webdo_tn\" \/>\n<meta name=\"twitter:label1\" content=\"\u00c9crit par\" \/>\n\t<meta name=\"twitter:data1\" content=\"Wided Belhaj\" \/>\n\t<meta name=\"twitter:label2\" content=\"Dur\u00e9e de lecture estim\u00e9e\" \/>\n\t<meta name=\"twitter:data2\" content=\"2 minutes\" \/>\n<script type=\"application\/ld+json\" class=\"yoast-schema-graph\">{\"@context\":\"https:\\\/\\\/schema.org\",\"@graph\":[{\"@type\":\"NewsArticle\",\"@id\":\"https:\\\/\\\/www.webdo.tn\\\/fr\\\/actualite\\\/national\\\/hygiene-et-fast-food-la-tunisie-lance-une-surveillance-renforcee-face-a-la-chaleur\\\/380154\\\/#article\",\"isPartOf\":{\"@id\":\"https:\\\/\\\/www.webdo.tn\\\/fr\\\/actualite\\\/national\\\/hygiene-et-fast-food-la-tunisie-lance-une-surveillance-renforcee-face-a-la-chaleur\\\/380154\\\/\"},\"author\":{\"name\":\"Wided Belhaj\",\"@id\":\"https:\\\/\\\/www.webdo.tn\\\/fr\\\/#\\\/schema\\\/person\\\/b9ecde7a5574cb4fcf4b496ea5fadb15\"},\"headline\":\"Hygi\u00e8ne et fast-food : la Tunisie lance une surveillance renforc\u00e9e face \u00e0 la chaleur\",\"datePublished\":\"2025-07-22T10:31:54+00:00\",\"dateModified\":\"2025-07-22T19:29:33+00:00\",\"mainEntityOfPage\":{\"@id\":\"https:\\\/\\\/www.webdo.tn\\\/fr\\\/actualite\\\/national\\\/hygiene-et-fast-food-la-tunisie-lance-une-surveillance-renforcee-face-a-la-chaleur\\\/380154\\\/\"},\"wordCount\":301,\"commentCount\":0,\"publisher\":{\"@id\":\"https:\\\/\\\/www.webdo.tn\\\/fr\\\/#organization\"},\"image\":{\"@id\":\"https:\\\/\\\/www.webdo.tn\\\/fr\\\/actualite\\\/national\\\/hygiene-et-fast-food-la-tunisie-lance-une-surveillance-renforcee-face-a-la-chaleur\\\/380154\\\/#primaryimage\"},\"thumbnailUrl\":\"https:\\\/\\\/www.webdo.tn\\\/fr\\\/wp-content\\\/uploads\\\/2017\\\/09\\\/re.jpg\",\"keywords\":[\"Fast-food\",\"Tunisie\"],\"articleSection\":[\"National\"],\"inLanguage\":\"fr-FR\"},{\"@type\":\"WebPage\",\"@id\":\"https:\\\/\\\/www.webdo.tn\\\/fr\\\/actualite\\\/national\\\/hygiene-et-fast-food-la-tunisie-lance-une-surveillance-renforcee-face-a-la-chaleur\\\/380154\\\/\",\"url\":\"https:\\\/\\\/www.webdo.tn\\\/fr\\\/actualite\\\/national\\\/hygiene-et-fast-food-la-tunisie-lance-une-surveillance-renforcee-face-a-la-chaleur\\\/380154\\\/\",\"name\":\"Hygi\u00e8ne et fast-food : la Tunisie lance une surveillance renforc\u00e9e face \u00e0 la chaleur - webdo\",\"isPartOf\":{\"@id\":\"https:\\\/\\\/www.webdo.tn\\\/fr\\\/#website\"},\"primaryImageOfPage\":{\"@id\":\"https:\\\/\\\/www.webdo.tn\\\/fr\\\/actualite\\\/national\\\/hygiene-et-fast-food-la-tunisie-lance-une-surveillance-renforcee-face-a-la-chaleur\\\/380154\\\/#primaryimage\"},\"image\":{\"@id\":\"https:\\\/\\\/www.webdo.tn\\\/fr\\\/actualite\\\/national\\\/hygiene-et-fast-food-la-tunisie-lance-une-surveillance-renforcee-face-a-la-chaleur\\\/380154\\\/#primaryimage\"},\"thumbnailUrl\":\"https:\\\/\\\/www.webdo.tn\\\/fr\\\/wp-content\\\/uploads\\\/2017\\\/09\\\/re.jpg\",\"datePublished\":\"2025-07-22T10:31:54+00:00\",\"dateModified\":\"2025-07-22T19:29:33+00:00\",\"breadcrumb\":{\"@id\":\"https:\\\/\\\/www.webdo.tn\\\/fr\\\/actualite\\\/national\\\/hygiene-et-fast-food-la-tunisie-lance-une-surveillance-renforcee-face-a-la-chaleur\\\/380154\\\/#breadcrumb\"},\"inLanguage\":\"fr-FR\",\"potentialAction\":[{\"@type\":\"ReadAction\",\"target\":[\"https:\\\/\\\/www.webdo.tn\\\/fr\\\/actualite\\\/national\\\/hygiene-et-fast-food-la-tunisie-lance-une-surveillance-renforcee-face-a-la-chaleur\\\/380154\\\/\"]}]},{\"@type\":\"ImageObject\",\"inLanguage\":\"fr-FR\",\"@id\":\"https:\\\/\\\/www.webdo.tn\\\/fr\\\/actualite\\\/national\\\/hygiene-et-fast-food-la-tunisie-lance-une-surveillance-renforcee-face-a-la-chaleur\\\/380154\\\/#primaryimage\",\"url\":\"https:\\\/\\\/www.webdo.tn\\\/fr\\\/wp-content\\\/uploads\\\/2017\\\/09\\\/re.jpg\",\"contentUrl\":\"https:\\\/\\\/www.webdo.tn\\\/fr\\\/wp-content\\\/uploads\\\/2017\\\/09\\\/re.jpg\",\"width\":858,\"height\":429,\"caption\":\"Proposition de fermeture de 16 locaux au premier jour de la campagne de contr\u00f4le des restaurants et fast-food\"},{\"@type\":\"BreadcrumbList\",\"@id\":\"https:\\\/\\\/www.webdo.tn\\\/fr\\\/actualite\\\/national\\\/hygiene-et-fast-food-la-tunisie-lance-une-surveillance-renforcee-face-a-la-chaleur\\\/380154\\\/#breadcrumb\",\"itemListElement\":[{\"@type\":\"ListItem\",\"position\":1,\"name\":\"Accueil\",\"item\":\"https:\\\/\\\/www.webdo.tn\\\/fr\\\/\"},{\"@type\":\"ListItem\",\"position\":2,\"name\":\"Hygi\u00e8ne et fast-food : la Tunisie lance une surveillance renforc\u00e9e face \u00e0 la chaleur\"}]},{\"@type\":\"WebSite\",\"@id\":\"https:\\\/\\\/www.webdo.tn\\\/fr\\\/#website\",\"url\":\"https:\\\/\\\/www.webdo.tn\\\/fr\\\/\",\"name\":\"webdo\",\"description\":\"Tunisie - News en Tunisie et \u00e0 l&#039;international sur Webdo.tn\",\"publisher\":{\"@id\":\"https:\\\/\\\/www.webdo.tn\\\/fr\\\/#organization\"},\"potentialAction\":[{\"@type\":\"SearchAction\",\"target\":{\"@type\":\"EntryPoint\",\"urlTemplate\":\"https:\\\/\\\/www.webdo.tn\\\/fr\\\/?s={search_term_string}\"},\"query-input\":{\"@type\":\"PropertyValueSpecification\",\"valueRequired\":true,\"valueName\":\"search_term_string\"}}],\"inLanguage\":\"fr-FR\"},{\"@type\":\"Organization\",\"@id\":\"https:\\\/\\\/www.webdo.tn\\\/fr\\\/#organization\",\"name\":\"Webdo\",\"alternateName\":\"Webdo.tn\",\"url\":\"https:\\\/\\\/www.webdo.tn\\\/fr\\\/\",\"logo\":{\"@type\":\"ImageObject\",\"inLanguage\":\"fr-FR\",\"@id\":\"https:\\\/\\\/www.webdo.tn\\\/fr\\\/#\\\/schema\\\/logo\\\/image\\\/\",\"url\":\"https:\\\/\\\/www.webdo.tn\\\/fr\\\/wp-content\\\/uploads\\\/2025\\\/06\\\/Webdo-Tunisie_168377.jpg\",\"contentUrl\":\"https:\\\/\\\/www.webdo.tn\\\/fr\\\/wp-content\\\/uploads\\\/2025\\\/06\\\/Webdo-Tunisie_168377.jpg\",\"width\":301,\"height\":301,\"caption\":\"Webdo\"},\"image\":{\"@id\":\"https:\\\/\\\/www.webdo.tn\\\/fr\\\/#\\\/schema\\\/logo\\\/image\\\/\"},\"sameAs\":[\"https:\\\/\\\/www.facebook.com\\\/webdotn\",\"https:\\\/\\\/x.com\\\/webdo_tn\"],\"description\":\"Webdo est un m\u00e9dia num\u00e9rique tunisien fond\u00e9 en 2010, sp\u00e9cialis\u00e9 dans l\u2019actualit\u00e9 nationale et internationale, l\u2019\u00e9conomie, la soci\u00e9t\u00e9 et les analyses politiques. Le site s\u2019adresse \u00e0 un large public francophone et couvre l\u2019information tunisienne en temps r\u00e9el.\",\"email\":\"redac@webdo.tn\",\"legalName\":\"YNJ SARL\",\"foundingDate\":\"2010-09-06\",\"numberOfEmployees\":{\"@type\":\"QuantitativeValue\",\"minValue\":\"11\",\"maxValue\":\"50\"}},{\"@type\":\"Person\",\"@id\":\"https:\\\/\\\/www.webdo.tn\\\/fr\\\/#\\\/schema\\\/person\\\/b9ecde7a5574cb4fcf4b496ea5fadb15\",\"name\":\"Wided Belhaj\",\"image\":{\"@type\":\"ImageObject\",\"inLanguage\":\"fr-FR\",\"@id\":\"https:\\\/\\\/www.webdo.tn\\\/fr\\\/wp-content\\\/uploads\\\/2026\\\/04\\\/wided-belhaj_avatar-96x96.jpg\",\"url\":\"https:\\\/\\\/www.webdo.tn\\\/fr\\\/wp-content\\\/uploads\\\/2026\\\/04\\\/wided-belhaj_avatar-96x96.jpg\",\"contentUrl\":\"https:\\\/\\\/www.webdo.tn\\\/fr\\\/wp-content\\\/uploads\\\/2026\\\/04\\\/wided-belhaj_avatar-96x96.jpg\",\"caption\":\"Wided Belhaj\"},\"description\":\"Wided Belhaj est le pseudonyme \u00e9ditorial utilis\u00e9 par Khalil Jelassi, journaliste, ma\u00eetre-assistant \u00e0 l\u2019Institut de presse et des sciences de l\u2019information (IPSI) et chercheur en sciences de l\u2019information et de la communication. Cette signature est d\u00e9di\u00e9e \u00e0 l\u2019analyse des m\u00e9dias, des pratiques journalistiques et des mutations de l\u2019information \u00e0 l\u2019\u00e8re digitale. \u00c0 travers ses contributions, Wided Belhaj propose une lecture analytique de l\u2019actualit\u00e9, en croisant regard critique et expertise acad\u00e9mique.\",\"knowsAbout\":[\"m\u00e9dias\",\"journalisme\",\"communication\",\"information\",\"transformation num\u00e9rique\",\"analyse des m\u00e9dias\"],\"knowsLanguage\":[\"Fran\u00e7ais\",\"Arabe\"],\"jobTitle\":\"Webdo.tn\",\"worksFor\":\"Journaliste \u2013 Analyse des m\u00e9dias\",\"url\":\"https:\\\/\\\/www.webdo.tn\\\/fr\\\/actualite\\\/author\\\/wided-belhaj\\\/\"}]}<\/script>\n<!-- \/ Yoast SEO Premium plugin. -->","yoast_head_json":{"title":"Hygi\u00e8ne et fast-food : la Tunisie lance une surveillance renforc\u00e9e face \u00e0 la chaleur - webdo","canonical":"https:\/\/www.webdo.tn\/fr\/actualite\/national\/hygiene-et-fast-food-la-tunisie-lance-une-surveillance-renforcee-face-a-la-chaleur\/380154\/","og_locale":"fr_FR","og_type":"article","og_title":"Hygi\u00e8ne et fast-food : la Tunisie lance une surveillance renforc\u00e9e face \u00e0 la chaleur","og_description":"Le pr\u00e9sident de l\u2019Instance nationale de la s\u00e9curit\u00e9 sanitaire des produits alimentaires, Mohamed Rabhi, a affirm\u00e9 ce lundi 21 juillet 2025 que l\u2019Instance a lanc\u00e9 un programme sp\u00e9cial de contr\u00f4le de la s\u00e9curit\u00e9 des produits alimentaires, en particulier ceux \u00e0 d\u00e9t\u00e9rioration rapide, afin de pr\u00e9venir les intoxications alimentaires. Rabhi a expliqu\u00e9 que la hausse des [&hellip;]","og_url":"https:\/\/www.webdo.tn\/fr\/actualite\/national\/hygiene-et-fast-food-la-tunisie-lance-une-surveillance-renforcee-face-a-la-chaleur\/380154\/","og_site_name":"webdo","article_publisher":"https:\/\/www.facebook.com\/webdotn","article_published_time":"2025-07-22T10:31:54+00:00","article_modified_time":"2025-07-22T19:29:33+00:00","og_image":[{"width":858,"height":429,"url":"https:\/\/www.webdo.tn\/fr\/wp-content\/uploads\/2017\/09\/re.jpg","type":"image\/jpeg"}],"author":"Wided Belhaj","twitter_card":"summary_large_image","twitter_creator":"@webdo_tn","twitter_site":"@webdo_tn","twitter_misc":{"\u00c9crit par":"Wided Belhaj","Dur\u00e9e de lecture estim\u00e9e":"2 minutes"},"schema":{"@context":"https:\/\/schema.org","@graph":[{"@type":"NewsArticle","@id":"https:\/\/www.webdo.tn\/fr\/actualite\/national\/hygiene-et-fast-food-la-tunisie-lance-une-surveillance-renforcee-face-a-la-chaleur\/380154\/#article","isPartOf":{"@id":"https:\/\/www.webdo.tn\/fr\/actualite\/national\/hygiene-et-fast-food-la-tunisie-lance-une-surveillance-renforcee-face-a-la-chaleur\/380154\/"},"author":{"name":"Wided Belhaj","@id":"https:\/\/www.webdo.tn\/fr\/#\/schema\/person\/b9ecde7a5574cb4fcf4b496ea5fadb15"},"headline":"Hygi\u00e8ne et fast-food : la Tunisie lance une surveillance renforc\u00e9e face \u00e0 la chaleur","datePublished":"2025-07-22T10:31:54+00:00","dateModified":"2025-07-22T19:29:33+00:00","mainEntityOfPage":{"@id":"https:\/\/www.webdo.tn\/fr\/actualite\/national\/hygiene-et-fast-food-la-tunisie-lance-une-surveillance-renforcee-face-a-la-chaleur\/380154\/"},"wordCount":301,"commentCount":0,"publisher":{"@id":"https:\/\/www.webdo.tn\/fr\/#organization"},"image":{"@id":"https:\/\/www.webdo.tn\/fr\/actualite\/national\/hygiene-et-fast-food-la-tunisie-lance-une-surveillance-renforcee-face-a-la-chaleur\/380154\/#primaryimage"},"thumbnailUrl":"https:\/\/www.webdo.tn\/fr\/wp-content\/uploads\/2017\/09\/re.jpg","keywords":["Fast-food","Tunisie"],"articleSection":["National"],"inLanguage":"fr-FR"},{"@type":"WebPage","@id":"https:\/\/www.webdo.tn\/fr\/actualite\/national\/hygiene-et-fast-food-la-tunisie-lance-une-surveillance-renforcee-face-a-la-chaleur\/380154\/","url":"https:\/\/www.webdo.tn\/fr\/actualite\/national\/hygiene-et-fast-food-la-tunisie-lance-une-surveillance-renforcee-face-a-la-chaleur\/380154\/","name":"Hygi\u00e8ne et fast-food : la Tunisie lance une surveillance renforc\u00e9e face \u00e0 la chaleur - webdo","isPartOf":{"@id":"https:\/\/www.webdo.tn\/fr\/#website"},"primaryImageOfPage":{"@id":"https:\/\/www.webdo.tn\/fr\/actualite\/national\/hygiene-et-fast-food-la-tunisie-lance-une-surveillance-renforcee-face-a-la-chaleur\/380154\/#primaryimage"},"image":{"@id":"https:\/\/www.webdo.tn\/fr\/actualite\/national\/hygiene-et-fast-food-la-tunisie-lance-une-surveillance-renforcee-face-a-la-chaleur\/380154\/#primaryimage"},"thumbnailUrl":"https:\/\/www.webdo.tn\/fr\/wp-content\/uploads\/2017\/09\/re.jpg","datePublished":"2025-07-22T10:31:54+00:00","dateModified":"2025-07-22T19:29:33+00:00","breadcrumb":{"@id":"https:\/\/www.webdo.tn\/fr\/actualite\/national\/hygiene-et-fast-food-la-tunisie-lance-une-surveillance-renforcee-face-a-la-chaleur\/380154\/#breadcrumb"},"inLanguage":"fr-FR","potentialAction":[{"@type":"ReadAction","target":["https:\/\/www.webdo.tn\/fr\/actualite\/national\/hygiene-et-fast-food-la-tunisie-lance-une-surveillance-renforcee-face-a-la-chaleur\/380154\/"]}]},{"@type":"ImageObject","inLanguage":"fr-FR","@id":"https:\/\/www.webdo.tn\/fr\/actualite\/national\/hygiene-et-fast-food-la-tunisie-lance-une-surveillance-renforcee-face-a-la-chaleur\/380154\/#primaryimage","url":"https:\/\/www.webdo.tn\/fr\/wp-content\/uploads\/2017\/09\/re.jpg","contentUrl":"https:\/\/www.webdo.tn\/fr\/wp-content\/uploads\/2017\/09\/re.jpg","width":858,"height":429,"caption":"Proposition de fermeture de 16 locaux au premier jour de la campagne de contr\u00f4le des restaurants et fast-food"},{"@type":"BreadcrumbList","@id":"https:\/\/www.webdo.tn\/fr\/actualite\/national\/hygiene-et-fast-food-la-tunisie-lance-une-surveillance-renforcee-face-a-la-chaleur\/380154\/#breadcrumb","itemListElement":[{"@type":"ListItem","position":1,"name":"Accueil","item":"https:\/\/www.webdo.tn\/fr\/"},{"@type":"ListItem","position":2,"name":"Hygi\u00e8ne et fast-food : la Tunisie lance une surveillance renforc\u00e9e face \u00e0 la chaleur"}]},{"@type":"WebSite","@id":"https:\/\/www.webdo.tn\/fr\/#website","url":"https:\/\/www.webdo.tn\/fr\/","name":"webdo","description":"Tunisie - News en Tunisie et \u00e0 l&#039;international sur Webdo.tn","publisher":{"@id":"https:\/\/www.webdo.tn\/fr\/#organization"},"potentialAction":[{"@type":"SearchAction","target":{"@type":"EntryPoint","urlTemplate":"https:\/\/www.webdo.tn\/fr\/?s={search_term_string}"},"query-input":{"@type":"PropertyValueSpecification","valueRequired":true,"valueName":"search_term_string"}}],"inLanguage":"fr-FR"},{"@type":"Organization","@id":"https:\/\/www.webdo.tn\/fr\/#organization","name":"Webdo","alternateName":"Webdo.tn","url":"https:\/\/www.webdo.tn\/fr\/","logo":{"@type":"ImageObject","inLanguage":"fr-FR","@id":"https:\/\/www.webdo.tn\/fr\/#\/schema\/logo\/image\/","url":"https:\/\/www.webdo.tn\/fr\/wp-content\/uploads\/2025\/06\/Webdo-Tunisie_168377.jpg","contentUrl":"https:\/\/www.webdo.tn\/fr\/wp-content\/uploads\/2025\/06\/Webdo-Tunisie_168377.jpg","width":301,"height":301,"caption":"Webdo"},"image":{"@id":"https:\/\/www.webdo.tn\/fr\/#\/schema\/logo\/image\/"},"sameAs":["https:\/\/www.facebook.com\/webdotn","https:\/\/x.com\/webdo_tn"],"description":"Webdo est un m\u00e9dia num\u00e9rique tunisien fond\u00e9 en 2010, sp\u00e9cialis\u00e9 dans l\u2019actualit\u00e9 nationale et internationale, l\u2019\u00e9conomie, la soci\u00e9t\u00e9 et les analyses politiques. Le site s\u2019adresse \u00e0 un large public francophone et couvre l\u2019information tunisienne en temps r\u00e9el.","email":"redac@webdo.tn","legalName":"YNJ SARL","foundingDate":"2010-09-06","numberOfEmployees":{"@type":"QuantitativeValue","minValue":"11","maxValue":"50"}},{"@type":"Person","@id":"https:\/\/www.webdo.tn\/fr\/#\/schema\/person\/b9ecde7a5574cb4fcf4b496ea5fadb15","name":"Wided Belhaj","image":{"@type":"ImageObject","inLanguage":"fr-FR","@id":"https:\/\/www.webdo.tn\/fr\/wp-content\/uploads\/2026\/04\/wided-belhaj_avatar-96x96.jpg","url":"https:\/\/www.webdo.tn\/fr\/wp-content\/uploads\/2026\/04\/wided-belhaj_avatar-96x96.jpg","contentUrl":"https:\/\/www.webdo.tn\/fr\/wp-content\/uploads\/2026\/04\/wided-belhaj_avatar-96x96.jpg","caption":"Wided Belhaj"},"description":"Wided Belhaj est le pseudonyme \u00e9ditorial utilis\u00e9 par Khalil Jelassi, journaliste, ma\u00eetre-assistant \u00e0 l\u2019Institut de presse et des sciences de l\u2019information (IPSI) et chercheur en sciences de l\u2019information et de la communication. Cette signature est d\u00e9di\u00e9e \u00e0 l\u2019analyse des m\u00e9dias, des pratiques journalistiques et des mutations de l\u2019information \u00e0 l\u2019\u00e8re digitale. \u00c0 travers ses contributions, Wided Belhaj propose une lecture analytique de l\u2019actualit\u00e9, en croisant regard critique et expertise acad\u00e9mique.","knowsAbout":["m\u00e9dias","journalisme","communication","information","transformation num\u00e9rique","analyse des m\u00e9dias"],"knowsLanguage":["Fran\u00e7ais","Arabe"],"jobTitle":"Webdo.tn","worksFor":"Journaliste \u2013 Analyse des m\u00e9dias","url":"https:\/\/www.webdo.tn\/fr\/actualite\/author\/wided-belhaj\/"}]}},"_links":{"self":[{"href":"https:\/\/www.webdo.tn\/fr\/wp-json\/wp\/v2\/posts\/380154","targetHints":{"allow":["GET"]}}],"collection":[{"href":"https:\/\/www.webdo.tn\/fr\/wp-json\/wp\/v2\/posts"}],"about":[{"href":"https:\/\/www.webdo.tn\/fr\/wp-json\/wp\/v2\/types\/post"}],"author":[{"embeddable":true,"href":"https:\/\/www.webdo.tn\/fr\/wp-json\/wp\/v2\/users\/3184"}],"replies":[{"embeddable":true,"href":"https:\/\/www.webdo.tn\/fr\/wp-json\/wp\/v2\/comments?post=380154"}],"version-history":[{"count":0,"href":"https:\/\/www.webdo.tn\/fr\/wp-json\/wp\/v2\/posts\/380154\/revisions"}],"wp:featuredmedia":[{"embeddable":true,"href":"https:\/\/www.webdo.tn\/fr\/wp-json\/wp\/v2\/media\/339779"}],"wp:attachment":[{"href":"https:\/\/www.webdo.tn\/fr\/wp-json\/wp\/v2\/media?parent=380154"}],"wp:term":[{"taxonomy":"category","embeddable":true,"href":"https:\/\/www.webdo.tn\/fr\/wp-json\/wp\/v2\/categories?post=380154"},{"taxonomy":"post_tag","embeddable":true,"href":"https:\/\/www.webdo.tn\/fr\/wp-json\/wp\/v2\/tags?post=380154"}],"curies":[{"name":"wp","href":"https:\/\/api.w.org\/{rel}","templated":true}]}}