{"id":380127,"date":"2025-07-22T08:15:18","date_gmt":"2025-07-22T07:15:18","guid":{"rendered":"https:\/\/www.webdo.tn\/fr\/?p=380127"},"modified":"2025-07-22T19:28:54","modified_gmt":"2025-07-22T18:28:54","slug":"48-c-a-kairouan-la-tunisie-a-connu-lun-des-jours-les-plus-chauds-de-son-histoire","status":"publish","type":"post","link":"https:\/\/www.webdo.tn\/fr\/actualite\/national\/48-c-a-kairouan-la-tunisie-a-connu-lun-des-jours-les-plus-chauds-de-son-histoire\/380127\/","title":{"rendered":"48\u202f\u00b0C \u00e0 Kairouan : La Tunisie a connu l&rsquo;un des jours les plus chauds de son histoire"},"content":{"rendered":"\n<p><\/p>\n\n\n\n<p><strong>La Tunisie a franchi un seuil critique de chaleur ce lundi 21 juillet 2025. Selon les relev\u00e9s officiels de l\u2019Institut national de la m\u00e9t\u00e9orologie (INM), la ville de Kairouan a enregistr\u00e9 une temp\u00e9rature exceptionnelle de 48\u202f\u00b0C, \u00e9tablissant ainsi un record pour cet \u00e9t\u00e9. Cette vague de chaleur, qui s\u2019inscrit dans un contexte de r\u00e9chauffement climatique global, a touch\u00e9 la quasi-totalit\u00e9 des r\u00e9gions du pays, avec des temp\u00e9ratures anormalement \u00e9lev\u00e9es par rapport aux moyennes saisonni\u00e8res.<\/strong><\/p>\n\n\n\n<p>Derri\u00e8re Kairouan, les gouvernorats de Zaghouan et de Tozeur ont fr\u00f4l\u00e9 le record avec 47\u202f\u00b0C. D&rsquo;autres r\u00e9gions n\u2019ont pas \u00e9t\u00e9 \u00e9pargn\u00e9es : 46\u202f\u00b0C \u00e0 Sidi Bouzid, K\u00e9bili, Gab\u00e8s, M\u00e9denine et Tataouine\u202f; 45\u202f\u00b0C \u00e0 Tunis, Jendouba et Gafsa\u202f; 44\u202f\u00b0C \u00e0 Bizerte, B\u00e9ja, Siliana et Sfax, et 43\u202f\u00b0C au Kef, \u00e0 Kasserine et Monastir.<\/p>\n\n\n\n<p>Cette vague de chaleur est due \u00e0 un puissant courant d\u2019air chaud venant du Sahara, commun\u00e9ment appel\u00e9 \u00ab chergui \u00bb, qui souffle sur l\u2019int\u00e9rieur du pays et accentue les temp\u00e9ratures ressenties. Selon l\u2019INM, les temp\u00e9ratures observ\u00e9es sont sup\u00e9rieures de 7 \u00e0 11 degr\u00e9s par rapport aux normales saisonni\u00e8res.<\/p>\n\n\n\n<p>Les pics de chaleur extr\u00eame \u00e0 Kairouan et dans d\u2019autres r\u00e9gions int\u00e9rieures de la Tunisie ne sont plus des cas isol\u00e9s. Historiquement, les temp\u00e9ratures d\u00e9passaient rarement les 45\u202f\u00b0C, mais depuis une d\u00e9cennie, la fr\u00e9quence et l\u2019intensit\u00e9 des vagues de chaleur ont nettement augment\u00e9. En 2018, Kairouan avait d\u00e9j\u00e0 fr\u00f4l\u00e9 les 48\u202f\u00b0C, tandis qu\u2019en 2021, certains relev\u00e9s avaient enregistr\u00e9 un record national \u00e0 50\u202f\u00b0C, un seuil jamais atteint auparavant. <\/p>\n\n\n\n<p>Ces ph\u00e9nom\u00e8nes s\u2019inscrivent dans une tendance globale au r\u00e9chauffement climatique qui affecte particuli\u00e8rement les zones d\u00e9sertiques et semi-arides du pays, accentuant les risques sanitaires et environnementaux.<\/p>\n\n\n\n<p>Les services de sant\u00e9 appellent \u00e0 la vigilance face aux risques accrus de d\u00e9shydratation, de coups de chaleur et d\u2019aggravation de maladies chroniques. Les autorit\u00e9s recommandent d\u2019\u00e9viter toute exposition prolong\u00e9e au soleil, de s\u2019hydrater r\u00e9guli\u00e8rement et de privil\u00e9gier les endroits frais, en particulier pour les personnes \u00e2g\u00e9es, les enfants et les personnes vuln\u00e9rables.<\/p>\n\n\n\n<p>Ce ph\u00e9nom\u00e8ne extr\u00eame n\u2019est pas isol\u00e9. Ces derni\u00e8res ann\u00e9es, la Tunisie enregistre une recrudescence de journ\u00e9es caniculaires d\u00e9passant les 45\u202f\u00b0C, en particulier dans les zones int\u00e9rieures. En 2021, un pic record avait d\u00e9j\u00e0 \u00e9t\u00e9 atteint \u00e0 Kairouan avec 50\u202f\u00b0C, selon certains relev\u00e9s officieux, pla\u00e7ant la ville parmi les plus chaudes au monde.<\/p>\n\n\n\n<p>Par ailleurs, cette chaleur extr\u00eame met sous tension les infrastructures \u00e9nerg\u00e9tiques du pays. La consommation \u00e9lectrique atteint des sommets en raison de l\u2019usage intensif des climatiseurs, ce qui pousse la STEG \u00e0 recourir ponctuellement \u00e0 des d\u00e9lestages pour \u00e9viter le blackout. Une situation pr\u00e9occupante dans un contexte de forte demande et de fragilit\u00e9 du r\u00e9seau.<\/p>\n\n\n\n<p><\/p>\n\n\n\n<p><strong>Lire aussi <\/strong>: <a href=\"https:\/\/www.webdo.tn\/fr\/actualite\/national\/tunisie-jusqua-47c-aujourdhui-le-jour-le-plus-chaud-de-lete-pour-linstant\/380021\/\">Tunisie : Jusqu\u2019\u00e0 47\u00b0C, aujourd\u2019hui, le jour le plus chaud de l\u2019\u00e9t\u00e9 \u2026 pour l\u2019instant<\/a><br><\/p>\n","protected":false},"excerpt":{"rendered":"<p>La Tunisie a franchi un seuil critique de chaleur ce lundi 21 juillet 2025. Selon les relev\u00e9s officiels de l\u2019Institut national de la m\u00e9t\u00e9orologie (INM), la ville de Kairouan a enregistr\u00e9 une temp\u00e9rature exceptionnelle de 48\u202f\u00b0C, \u00e9tablissant ainsi un record pour cet \u00e9t\u00e9. Cette vague de chaleur, qui s\u2019inscrit dans un contexte de r\u00e9chauffement climatique [&hellip;]<\/p>\n","protected":false},"author":3184,"featured_media":349263,"comment_status":"open","ping_status":"open","sticky":false,"template":"","format":"standard","meta":{"footnotes":""},"categories":[44],"tags":[3319,3090,2670,2608],"class_list":["post-380127","post","type-post","status-publish","format-standard","has-post-thumbnail","hentry","category-national","tag-chaleur","tag-kairouan","tag-meteo","tag-tunisie"],"yoast_head":"<!-- This site is optimized with the Yoast SEO Premium plugin v27.4 (Yoast SEO v27.5) - https:\/\/yoast.com\/product\/yoast-seo-premium-wordpress\/ -->\n<title>48\u202f\u00b0C \u00e0 Kairouan : La Tunisie a connu l&#039;un des jours les plus chauds de son histoire - webdo<\/title>\n<meta name=\"description\" content=\"La Tunisie fait face \u00e0 une chaleur extr\u00eame, avec des temp\u00e9ratures atteignant 48\u202f\u00b0C \u00e0 Kairouan. D\u00e9couvrez les d\u00e9tails.\" \/>\n<link rel=\"canonical\" href=\"https:\/\/www.webdo.tn\/fr\/actualite\/national\/48-c-a-kairouan-la-tunisie-a-connu-lun-des-jours-les-plus-chauds-de-son-histoire\/380127\/\" \/>\n<meta property=\"og:locale\" content=\"fr_FR\" \/>\n<meta property=\"og:type\" content=\"article\" \/>\n<meta property=\"og:title\" content=\"48\u202f\u00b0C \u00e0 Kairouan : La Tunisie a connu l&#039;un des jours les plus chauds de son histoire\" \/>\n<meta property=\"og:description\" content=\"La Tunisie fait face \u00e0 une chaleur extr\u00eame, avec des temp\u00e9ratures atteignant 48\u202f\u00b0C \u00e0 Kairouan. D\u00e9couvrez les d\u00e9tails.\" \/>\n<meta property=\"og:url\" content=\"https:\/\/www.webdo.tn\/fr\/actualite\/national\/48-c-a-kairouan-la-tunisie-a-connu-lun-des-jours-les-plus-chauds-de-son-histoire\/380127\/\" \/>\n<meta property=\"og:site_name\" content=\"webdo\" \/>\n<meta property=\"article:publisher\" content=\"https:\/\/www.facebook.com\/webdotn\" \/>\n<meta property=\"article:published_time\" content=\"2025-07-22T07:15:18+00:00\" \/>\n<meta property=\"article:modified_time\" content=\"2025-07-22T18:28:54+00:00\" \/>\n<meta property=\"og:image\" content=\"https:\/\/www.webdo.tn\/fr\/wp-content\/uploads\/2022\/07\/chaleurr.png\" \/>\n\t<meta property=\"og:image:width\" content=\"731\" \/>\n\t<meta property=\"og:image:height\" content=\"478\" \/>\n\t<meta property=\"og:image:type\" content=\"image\/png\" \/>\n<meta name=\"author\" content=\"Wided Belhaj\" \/>\n<meta name=\"twitter:card\" content=\"summary_large_image\" \/>\n<meta name=\"twitter:creator\" content=\"@webdo_tn\" \/>\n<meta name=\"twitter:site\" content=\"@webdo_tn\" \/>\n<meta name=\"twitter:label1\" content=\"\u00c9crit par\" \/>\n\t<meta name=\"twitter:data1\" content=\"Wided Belhaj\" \/>\n\t<meta name=\"twitter:label2\" content=\"Dur\u00e9e de lecture estim\u00e9e\" \/>\n\t<meta name=\"twitter:data2\" content=\"3 minutes\" \/>\n<script type=\"application\/ld+json\" class=\"yoast-schema-graph\">{\"@context\":\"https:\\\/\\\/schema.org\",\"@graph\":[{\"@type\":\"NewsArticle\",\"@id\":\"https:\\\/\\\/www.webdo.tn\\\/fr\\\/actualite\\\/national\\\/48-c-a-kairouan-la-tunisie-a-connu-lun-des-jours-les-plus-chauds-de-son-histoire\\\/380127\\\/#article\",\"isPartOf\":{\"@id\":\"https:\\\/\\\/www.webdo.tn\\\/fr\\\/actualite\\\/national\\\/48-c-a-kairouan-la-tunisie-a-connu-lun-des-jours-les-plus-chauds-de-son-histoire\\\/380127\\\/\"},\"author\":{\"name\":\"Wided Belhaj\",\"@id\":\"https:\\\/\\\/www.webdo.tn\\\/fr\\\/#\\\/schema\\\/person\\\/b9ecde7a5574cb4fcf4b496ea5fadb15\"},\"headline\":\"48\u202f\u00b0C \u00e0 Kairouan : La Tunisie a connu l&rsquo;un des jours les plus chauds de son histoire\",\"datePublished\":\"2025-07-22T07:15:18+00:00\",\"dateModified\":\"2025-07-22T18:28:54+00:00\",\"mainEntityOfPage\":{\"@id\":\"https:\\\/\\\/www.webdo.tn\\\/fr\\\/actualite\\\/national\\\/48-c-a-kairouan-la-tunisie-a-connu-lun-des-jours-les-plus-chauds-de-son-histoire\\\/380127\\\/\"},\"wordCount\":521,\"commentCount\":0,\"publisher\":{\"@id\":\"https:\\\/\\\/www.webdo.tn\\\/fr\\\/#organization\"},\"image\":{\"@id\":\"https:\\\/\\\/www.webdo.tn\\\/fr\\\/actualite\\\/national\\\/48-c-a-kairouan-la-tunisie-a-connu-lun-des-jours-les-plus-chauds-de-son-histoire\\\/380127\\\/#primaryimage\"},\"thumbnailUrl\":\"https:\\\/\\\/www.webdo.tn\\\/fr\\\/wp-content\\\/uploads\\\/2022\\\/07\\\/chaleurr.png\",\"keywords\":[\"chaleur\",\"Kairouan\",\"m\u00e9t\u00e9o\",\"Tunisie\"],\"articleSection\":[\"National\"],\"inLanguage\":\"fr-FR\"},{\"@type\":\"WebPage\",\"@id\":\"https:\\\/\\\/www.webdo.tn\\\/fr\\\/actualite\\\/national\\\/48-c-a-kairouan-la-tunisie-a-connu-lun-des-jours-les-plus-chauds-de-son-histoire\\\/380127\\\/\",\"url\":\"https:\\\/\\\/www.webdo.tn\\\/fr\\\/actualite\\\/national\\\/48-c-a-kairouan-la-tunisie-a-connu-lun-des-jours-les-plus-chauds-de-son-histoire\\\/380127\\\/\",\"name\":\"48\u202f\u00b0C \u00e0 Kairouan : La Tunisie a connu l'un des jours les plus chauds de son histoire - webdo\",\"isPartOf\":{\"@id\":\"https:\\\/\\\/www.webdo.tn\\\/fr\\\/#website\"},\"primaryImageOfPage\":{\"@id\":\"https:\\\/\\\/www.webdo.tn\\\/fr\\\/actualite\\\/national\\\/48-c-a-kairouan-la-tunisie-a-connu-lun-des-jours-les-plus-chauds-de-son-histoire\\\/380127\\\/#primaryimage\"},\"image\":{\"@id\":\"https:\\\/\\\/www.webdo.tn\\\/fr\\\/actualite\\\/national\\\/48-c-a-kairouan-la-tunisie-a-connu-lun-des-jours-les-plus-chauds-de-son-histoire\\\/380127\\\/#primaryimage\"},\"thumbnailUrl\":\"https:\\\/\\\/www.webdo.tn\\\/fr\\\/wp-content\\\/uploads\\\/2022\\\/07\\\/chaleurr.png\",\"datePublished\":\"2025-07-22T07:15:18+00:00\",\"dateModified\":\"2025-07-22T18:28:54+00:00\",\"description\":\"La Tunisie fait face \u00e0 une chaleur extr\u00eame, avec des temp\u00e9ratures atteignant 48\u202f\u00b0C \u00e0 Kairouan. D\u00e9couvrez les d\u00e9tails.\",\"breadcrumb\":{\"@id\":\"https:\\\/\\\/www.webdo.tn\\\/fr\\\/actualite\\\/national\\\/48-c-a-kairouan-la-tunisie-a-connu-lun-des-jours-les-plus-chauds-de-son-histoire\\\/380127\\\/#breadcrumb\"},\"inLanguage\":\"fr-FR\",\"potentialAction\":[{\"@type\":\"ReadAction\",\"target\":[\"https:\\\/\\\/www.webdo.tn\\\/fr\\\/actualite\\\/national\\\/48-c-a-kairouan-la-tunisie-a-connu-lun-des-jours-les-plus-chauds-de-son-histoire\\\/380127\\\/\"]}]},{\"@type\":\"ImageObject\",\"inLanguage\":\"fr-FR\",\"@id\":\"https:\\\/\\\/www.webdo.tn\\\/fr\\\/actualite\\\/national\\\/48-c-a-kairouan-la-tunisie-a-connu-lun-des-jours-les-plus-chauds-de-son-histoire\\\/380127\\\/#primaryimage\",\"url\":\"https:\\\/\\\/www.webdo.tn\\\/fr\\\/wp-content\\\/uploads\\\/2022\\\/07\\\/chaleurr.png\",\"contentUrl\":\"https:\\\/\\\/www.webdo.tn\\\/fr\\\/wp-content\\\/uploads\\\/2022\\\/07\\\/chaleurr.png\",\"width\":731,\"height\":478,\"caption\":\"Tunisie - M\u00e9t\u00e9o : Entre 29\u00b0C et 44\u00b0C, orages attendus dans l\u2019ouest\"},{\"@type\":\"BreadcrumbList\",\"@id\":\"https:\\\/\\\/www.webdo.tn\\\/fr\\\/actualite\\\/national\\\/48-c-a-kairouan-la-tunisie-a-connu-lun-des-jours-les-plus-chauds-de-son-histoire\\\/380127\\\/#breadcrumb\",\"itemListElement\":[{\"@type\":\"ListItem\",\"position\":1,\"name\":\"Accueil\",\"item\":\"https:\\\/\\\/www.webdo.tn\\\/fr\\\/\"},{\"@type\":\"ListItem\",\"position\":2,\"name\":\"48\u202f\u00b0C \u00e0 Kairouan : La Tunisie a connu l&rsquo;un des jours les plus chauds de son histoire\"}]},{\"@type\":\"WebSite\",\"@id\":\"https:\\\/\\\/www.webdo.tn\\\/fr\\\/#website\",\"url\":\"https:\\\/\\\/www.webdo.tn\\\/fr\\\/\",\"name\":\"webdo\",\"description\":\"Tunisie - News en Tunisie et \u00e0 l&#039;international sur Webdo.tn\",\"publisher\":{\"@id\":\"https:\\\/\\\/www.webdo.tn\\\/fr\\\/#organization\"},\"potentialAction\":[{\"@type\":\"SearchAction\",\"target\":{\"@type\":\"EntryPoint\",\"urlTemplate\":\"https:\\\/\\\/www.webdo.tn\\\/fr\\\/?s={search_term_string}\"},\"query-input\":{\"@type\":\"PropertyValueSpecification\",\"valueRequired\":true,\"valueName\":\"search_term_string\"}}],\"inLanguage\":\"fr-FR\"},{\"@type\":\"Organization\",\"@id\":\"https:\\\/\\\/www.webdo.tn\\\/fr\\\/#organization\",\"name\":\"Webdo\",\"alternateName\":\"Webdo.tn\",\"url\":\"https:\\\/\\\/www.webdo.tn\\\/fr\\\/\",\"logo\":{\"@type\":\"ImageObject\",\"inLanguage\":\"fr-FR\",\"@id\":\"https:\\\/\\\/www.webdo.tn\\\/fr\\\/#\\\/schema\\\/logo\\\/image\\\/\",\"url\":\"https:\\\/\\\/www.webdo.tn\\\/fr\\\/wp-content\\\/uploads\\\/2025\\\/06\\\/Webdo-Tunisie_168377.jpg\",\"contentUrl\":\"https:\\\/\\\/www.webdo.tn\\\/fr\\\/wp-content\\\/uploads\\\/2025\\\/06\\\/Webdo-Tunisie_168377.jpg\",\"width\":301,\"height\":301,\"caption\":\"Webdo\"},\"image\":{\"@id\":\"https:\\\/\\\/www.webdo.tn\\\/fr\\\/#\\\/schema\\\/logo\\\/image\\\/\"},\"sameAs\":[\"https:\\\/\\\/www.facebook.com\\\/webdotn\",\"https:\\\/\\\/x.com\\\/webdo_tn\"],\"description\":\"Webdo est un m\u00e9dia num\u00e9rique tunisien fond\u00e9 en 2010, sp\u00e9cialis\u00e9 dans l\u2019actualit\u00e9 nationale et internationale, l\u2019\u00e9conomie, la soci\u00e9t\u00e9 et les analyses politiques. Le site s\u2019adresse \u00e0 un large public francophone et couvre l\u2019information tunisienne en temps r\u00e9el.\",\"email\":\"redac@webdo.tn\",\"legalName\":\"YNJ SARL\",\"foundingDate\":\"2010-09-06\",\"numberOfEmployees\":{\"@type\":\"QuantitativeValue\",\"minValue\":\"11\",\"maxValue\":\"50\"}},{\"@type\":\"Person\",\"@id\":\"https:\\\/\\\/www.webdo.tn\\\/fr\\\/#\\\/schema\\\/person\\\/b9ecde7a5574cb4fcf4b496ea5fadb15\",\"name\":\"Wided Belhaj\",\"image\":{\"@type\":\"ImageObject\",\"inLanguage\":\"fr-FR\",\"@id\":\"https:\\\/\\\/www.webdo.tn\\\/fr\\\/wp-content\\\/uploads\\\/2026\\\/04\\\/wided-belhaj_avatar-96x96.jpg\",\"url\":\"https:\\\/\\\/www.webdo.tn\\\/fr\\\/wp-content\\\/uploads\\\/2026\\\/04\\\/wided-belhaj_avatar-96x96.jpg\",\"contentUrl\":\"https:\\\/\\\/www.webdo.tn\\\/fr\\\/wp-content\\\/uploads\\\/2026\\\/04\\\/wided-belhaj_avatar-96x96.jpg\",\"caption\":\"Wided Belhaj\"},\"description\":\"Wided Belhaj est le pseudonyme \u00e9ditorial utilis\u00e9 par Khalil Jelassi, journaliste, ma\u00eetre-assistant \u00e0 l\u2019Institut de presse et des sciences de l\u2019information (IPSI) et chercheur en sciences de l\u2019information et de la communication. Cette signature est d\u00e9di\u00e9e \u00e0 l\u2019analyse des m\u00e9dias, des pratiques journalistiques et des mutations de l\u2019information \u00e0 l\u2019\u00e8re digitale. \u00c0 travers ses contributions, Wided Belhaj propose une lecture analytique de l\u2019actualit\u00e9, en croisant regard critique et expertise acad\u00e9mique.\",\"knowsAbout\":[\"m\u00e9dias\",\"journalisme\",\"communication\",\"information\",\"transformation num\u00e9rique\",\"analyse des m\u00e9dias\"],\"knowsLanguage\":[\"Fran\u00e7ais\",\"Arabe\"],\"jobTitle\":\"Webdo.tn\",\"worksFor\":\"Journaliste \u2013 Analyse des m\u00e9dias\",\"url\":\"https:\\\/\\\/www.webdo.tn\\\/fr\\\/actualite\\\/author\\\/wided-belhaj\\\/\"}]}<\/script>\n<!-- \/ Yoast SEO Premium plugin. -->","yoast_head_json":{"title":"48\u202f\u00b0C \u00e0 Kairouan : La Tunisie a connu l'un des jours les plus chauds de son histoire - webdo","description":"La Tunisie fait face \u00e0 une chaleur extr\u00eame, avec des temp\u00e9ratures atteignant 48\u202f\u00b0C \u00e0 Kairouan. D\u00e9couvrez les d\u00e9tails.","canonical":"https:\/\/www.webdo.tn\/fr\/actualite\/national\/48-c-a-kairouan-la-tunisie-a-connu-lun-des-jours-les-plus-chauds-de-son-histoire\/380127\/","og_locale":"fr_FR","og_type":"article","og_title":"48\u202f\u00b0C \u00e0 Kairouan : La Tunisie a connu l'un des jours les plus chauds de son histoire","og_description":"La Tunisie fait face \u00e0 une chaleur extr\u00eame, avec des temp\u00e9ratures atteignant 48\u202f\u00b0C \u00e0 Kairouan. D\u00e9couvrez les d\u00e9tails.","og_url":"https:\/\/www.webdo.tn\/fr\/actualite\/national\/48-c-a-kairouan-la-tunisie-a-connu-lun-des-jours-les-plus-chauds-de-son-histoire\/380127\/","og_site_name":"webdo","article_publisher":"https:\/\/www.facebook.com\/webdotn","article_published_time":"2025-07-22T07:15:18+00:00","article_modified_time":"2025-07-22T18:28:54+00:00","og_image":[{"width":731,"height":478,"url":"https:\/\/www.webdo.tn\/fr\/wp-content\/uploads\/2022\/07\/chaleurr.png","type":"image\/png"}],"author":"Wided Belhaj","twitter_card":"summary_large_image","twitter_creator":"@webdo_tn","twitter_site":"@webdo_tn","twitter_misc":{"\u00c9crit par":"Wided Belhaj","Dur\u00e9e de lecture estim\u00e9e":"3 minutes"},"schema":{"@context":"https:\/\/schema.org","@graph":[{"@type":"NewsArticle","@id":"https:\/\/www.webdo.tn\/fr\/actualite\/national\/48-c-a-kairouan-la-tunisie-a-connu-lun-des-jours-les-plus-chauds-de-son-histoire\/380127\/#article","isPartOf":{"@id":"https:\/\/www.webdo.tn\/fr\/actualite\/national\/48-c-a-kairouan-la-tunisie-a-connu-lun-des-jours-les-plus-chauds-de-son-histoire\/380127\/"},"author":{"name":"Wided Belhaj","@id":"https:\/\/www.webdo.tn\/fr\/#\/schema\/person\/b9ecde7a5574cb4fcf4b496ea5fadb15"},"headline":"48\u202f\u00b0C \u00e0 Kairouan : La Tunisie a connu l&rsquo;un des jours les plus chauds de son histoire","datePublished":"2025-07-22T07:15:18+00:00","dateModified":"2025-07-22T18:28:54+00:00","mainEntityOfPage":{"@id":"https:\/\/www.webdo.tn\/fr\/actualite\/national\/48-c-a-kairouan-la-tunisie-a-connu-lun-des-jours-les-plus-chauds-de-son-histoire\/380127\/"},"wordCount":521,"commentCount":0,"publisher":{"@id":"https:\/\/www.webdo.tn\/fr\/#organization"},"image":{"@id":"https:\/\/www.webdo.tn\/fr\/actualite\/national\/48-c-a-kairouan-la-tunisie-a-connu-lun-des-jours-les-plus-chauds-de-son-histoire\/380127\/#primaryimage"},"thumbnailUrl":"https:\/\/www.webdo.tn\/fr\/wp-content\/uploads\/2022\/07\/chaleurr.png","keywords":["chaleur","Kairouan","m\u00e9t\u00e9o","Tunisie"],"articleSection":["National"],"inLanguage":"fr-FR"},{"@type":"WebPage","@id":"https:\/\/www.webdo.tn\/fr\/actualite\/national\/48-c-a-kairouan-la-tunisie-a-connu-lun-des-jours-les-plus-chauds-de-son-histoire\/380127\/","url":"https:\/\/www.webdo.tn\/fr\/actualite\/national\/48-c-a-kairouan-la-tunisie-a-connu-lun-des-jours-les-plus-chauds-de-son-histoire\/380127\/","name":"48\u202f\u00b0C \u00e0 Kairouan : La Tunisie a connu l'un des jours les plus chauds de son histoire - webdo","isPartOf":{"@id":"https:\/\/www.webdo.tn\/fr\/#website"},"primaryImageOfPage":{"@id":"https:\/\/www.webdo.tn\/fr\/actualite\/national\/48-c-a-kairouan-la-tunisie-a-connu-lun-des-jours-les-plus-chauds-de-son-histoire\/380127\/#primaryimage"},"image":{"@id":"https:\/\/www.webdo.tn\/fr\/actualite\/national\/48-c-a-kairouan-la-tunisie-a-connu-lun-des-jours-les-plus-chauds-de-son-histoire\/380127\/#primaryimage"},"thumbnailUrl":"https:\/\/www.webdo.tn\/fr\/wp-content\/uploads\/2022\/07\/chaleurr.png","datePublished":"2025-07-22T07:15:18+00:00","dateModified":"2025-07-22T18:28:54+00:00","description":"La Tunisie fait face \u00e0 une chaleur extr\u00eame, avec des temp\u00e9ratures atteignant 48\u202f\u00b0C \u00e0 Kairouan. D\u00e9couvrez les d\u00e9tails.","breadcrumb":{"@id":"https:\/\/www.webdo.tn\/fr\/actualite\/national\/48-c-a-kairouan-la-tunisie-a-connu-lun-des-jours-les-plus-chauds-de-son-histoire\/380127\/#breadcrumb"},"inLanguage":"fr-FR","potentialAction":[{"@type":"ReadAction","target":["https:\/\/www.webdo.tn\/fr\/actualite\/national\/48-c-a-kairouan-la-tunisie-a-connu-lun-des-jours-les-plus-chauds-de-son-histoire\/380127\/"]}]},{"@type":"ImageObject","inLanguage":"fr-FR","@id":"https:\/\/www.webdo.tn\/fr\/actualite\/national\/48-c-a-kairouan-la-tunisie-a-connu-lun-des-jours-les-plus-chauds-de-son-histoire\/380127\/#primaryimage","url":"https:\/\/www.webdo.tn\/fr\/wp-content\/uploads\/2022\/07\/chaleurr.png","contentUrl":"https:\/\/www.webdo.tn\/fr\/wp-content\/uploads\/2022\/07\/chaleurr.png","width":731,"height":478,"caption":"Tunisie - M\u00e9t\u00e9o : Entre 29\u00b0C et 44\u00b0C, orages attendus dans l\u2019ouest"},{"@type":"BreadcrumbList","@id":"https:\/\/www.webdo.tn\/fr\/actualite\/national\/48-c-a-kairouan-la-tunisie-a-connu-lun-des-jours-les-plus-chauds-de-son-histoire\/380127\/#breadcrumb","itemListElement":[{"@type":"ListItem","position":1,"name":"Accueil","item":"https:\/\/www.webdo.tn\/fr\/"},{"@type":"ListItem","position":2,"name":"48\u202f\u00b0C \u00e0 Kairouan : La Tunisie a connu l&rsquo;un des jours les plus chauds de son histoire"}]},{"@type":"WebSite","@id":"https:\/\/www.webdo.tn\/fr\/#website","url":"https:\/\/www.webdo.tn\/fr\/","name":"webdo","description":"Tunisie - News en Tunisie et \u00e0 l&#039;international sur Webdo.tn","publisher":{"@id":"https:\/\/www.webdo.tn\/fr\/#organization"},"potentialAction":[{"@type":"SearchAction","target":{"@type":"EntryPoint","urlTemplate":"https:\/\/www.webdo.tn\/fr\/?s={search_term_string}"},"query-input":{"@type":"PropertyValueSpecification","valueRequired":true,"valueName":"search_term_string"}}],"inLanguage":"fr-FR"},{"@type":"Organization","@id":"https:\/\/www.webdo.tn\/fr\/#organization","name":"Webdo","alternateName":"Webdo.tn","url":"https:\/\/www.webdo.tn\/fr\/","logo":{"@type":"ImageObject","inLanguage":"fr-FR","@id":"https:\/\/www.webdo.tn\/fr\/#\/schema\/logo\/image\/","url":"https:\/\/www.webdo.tn\/fr\/wp-content\/uploads\/2025\/06\/Webdo-Tunisie_168377.jpg","contentUrl":"https:\/\/www.webdo.tn\/fr\/wp-content\/uploads\/2025\/06\/Webdo-Tunisie_168377.jpg","width":301,"height":301,"caption":"Webdo"},"image":{"@id":"https:\/\/www.webdo.tn\/fr\/#\/schema\/logo\/image\/"},"sameAs":["https:\/\/www.facebook.com\/webdotn","https:\/\/x.com\/webdo_tn"],"description":"Webdo est un m\u00e9dia num\u00e9rique tunisien fond\u00e9 en 2010, sp\u00e9cialis\u00e9 dans l\u2019actualit\u00e9 nationale et internationale, l\u2019\u00e9conomie, la soci\u00e9t\u00e9 et les analyses politiques. Le site s\u2019adresse \u00e0 un large public francophone et couvre l\u2019information tunisienne en temps r\u00e9el.","email":"redac@webdo.tn","legalName":"YNJ SARL","foundingDate":"2010-09-06","numberOfEmployees":{"@type":"QuantitativeValue","minValue":"11","maxValue":"50"}},{"@type":"Person","@id":"https:\/\/www.webdo.tn\/fr\/#\/schema\/person\/b9ecde7a5574cb4fcf4b496ea5fadb15","name":"Wided Belhaj","image":{"@type":"ImageObject","inLanguage":"fr-FR","@id":"https:\/\/www.webdo.tn\/fr\/wp-content\/uploads\/2026\/04\/wided-belhaj_avatar-96x96.jpg","url":"https:\/\/www.webdo.tn\/fr\/wp-content\/uploads\/2026\/04\/wided-belhaj_avatar-96x96.jpg","contentUrl":"https:\/\/www.webdo.tn\/fr\/wp-content\/uploads\/2026\/04\/wided-belhaj_avatar-96x96.jpg","caption":"Wided Belhaj"},"description":"Wided Belhaj est le pseudonyme \u00e9ditorial utilis\u00e9 par Khalil Jelassi, journaliste, ma\u00eetre-assistant \u00e0 l\u2019Institut de presse et des sciences de l\u2019information (IPSI) et chercheur en sciences de l\u2019information et de la communication. Cette signature est d\u00e9di\u00e9e \u00e0 l\u2019analyse des m\u00e9dias, des pratiques journalistiques et des mutations de l\u2019information \u00e0 l\u2019\u00e8re digitale. \u00c0 travers ses contributions, Wided Belhaj propose une lecture analytique de l\u2019actualit\u00e9, en croisant regard critique et expertise acad\u00e9mique.","knowsAbout":["m\u00e9dias","journalisme","communication","information","transformation num\u00e9rique","analyse des m\u00e9dias"],"knowsLanguage":["Fran\u00e7ais","Arabe"],"jobTitle":"Webdo.tn","worksFor":"Journaliste \u2013 Analyse des m\u00e9dias","url":"https:\/\/www.webdo.tn\/fr\/actualite\/author\/wided-belhaj\/"}]}},"_links":{"self":[{"href":"https:\/\/www.webdo.tn\/fr\/wp-json\/wp\/v2\/posts\/380127","targetHints":{"allow":["GET"]}}],"collection":[{"href":"https:\/\/www.webdo.tn\/fr\/wp-json\/wp\/v2\/posts"}],"about":[{"href":"https:\/\/www.webdo.tn\/fr\/wp-json\/wp\/v2\/types\/post"}],"author":[{"embeddable":true,"href":"https:\/\/www.webdo.tn\/fr\/wp-json\/wp\/v2\/users\/3184"}],"replies":[{"embeddable":true,"href":"https:\/\/www.webdo.tn\/fr\/wp-json\/wp\/v2\/comments?post=380127"}],"version-history":[{"count":0,"href":"https:\/\/www.webdo.tn\/fr\/wp-json\/wp\/v2\/posts\/380127\/revisions"}],"wp:featuredmedia":[{"embeddable":true,"href":"https:\/\/www.webdo.tn\/fr\/wp-json\/wp\/v2\/media\/349263"}],"wp:attachment":[{"href":"https:\/\/www.webdo.tn\/fr\/wp-json\/wp\/v2\/media?parent=380127"}],"wp:term":[{"taxonomy":"category","embeddable":true,"href":"https:\/\/www.webdo.tn\/fr\/wp-json\/wp\/v2\/categories?post=380127"},{"taxonomy":"post_tag","embeddable":true,"href":"https:\/\/www.webdo.tn\/fr\/wp-json\/wp\/v2\/tags?post=380127"}],"curies":[{"name":"wp","href":"https:\/\/api.w.org\/{rel}","templated":true}]}}