{"id":380118,"date":"2025-07-21T19:24:51","date_gmt":"2025-07-21T18:24:51","guid":{"rendered":"https:\/\/www.webdo.tn\/fr\/?p=380118"},"modified":"2025-07-22T08:29:33","modified_gmt":"2025-07-22T07:29:33","slug":"coupures-en-serie-la-tunisie-frole-le-blackout-electrique","status":"publish","type":"post","link":"https:\/\/www.webdo.tn\/fr\/actualite\/national\/coupures-en-serie-la-tunisie-frole-le-blackout-electrique\/380118\/","title":{"rendered":"Coupures en s\u00e9rie : la Tunisie fr\u00f4le le blackout \u00e9lectrique"},"content":{"rendered":"\n<p><strong>La Tunisie a connu, ce lundi, des interruptions soudaines d\u2019\u00e9lectricit\u00e9 dans plusieurs r\u00e9gions du pays. Contrairement \u00e0 ce que certains usagers auraient pu penser, il ne s\u2019agit pas de pannes locales isol\u00e9es. Dans un communiqu\u00e9 publi\u00e9 il y&rsquo;a peu, la Soci\u00e9t\u00e9 tunisienne de l\u2019\u00e9lectricit\u00e9 et du gaz (STEG) a expliqu\u00e9 qu\u2019il s\u2019agissait d\u2019une d\u00e9cision nationale pr\u00e9ventive.<\/strong><\/p>\n\n\n\n<h4 class=\"wp-block-heading\" id=\"h-un-reseau-au-bord-de-la-saturation\">Un r\u00e9seau au bord de la saturation<\/h4>\n\n\n\n<p>Selon la STEG, cette coupure volontaire visait \u00e0 \u00e9viter un effondrement complet du r\u00e9seau \u00e9lectrique, un <em>blackout<\/em> g\u00e9n\u00e9ralis\u00e9, en raison d\u2019un pic de consommation jamais enregistr\u00e9 jusque-l\u00e0, touchant la majorit\u00e9 des gouvernorats du pays.<\/p>\n\n\n\n<p>La Soci\u00e9t\u00e9 publique pr\u00e9cise que ses \u00e9quipes techniques ont imm\u00e9diatement entam\u00e9 le r\u00e9tablissement progressif de l\u2019\u00e9lectricit\u00e9 dans les zones concern\u00e9es. Elle assure mobiliser toutes ses ressources pour stabiliser le r\u00e9seau et r\u00e9tablir la distribution normale dans les plus brefs d\u00e9lais.<\/p>\n\n\n\n<h4 class=\"wp-block-heading\" id=\"h-appels-a-la-responsabilite-et-gestes-simples\">Appels \u00e0 la responsabilit\u00e9 et gestes simples<\/h4>\n\n\n\n<p>Face \u00e0 cette situation hors norme, la STEG en appelle \u00e0 la patience des citoyens et les encourage \u00e0 limiter leur consommation, surtout durant les pics de demande. Une recommandation difficile \u00e0 suivre alors que la chaleur \u00e9touffante d\u00e9passe les 45\u202f\u00b0C, transformant le quotidien en \u00e9preuve : ventilateurs inutilisables, climatiseurs coup\u00e9s, et p\u00e9nurie d\u2019eau au robinet.<\/p>\n\n\n\n<p>Lire aussi : <a href=\"Grand-Tunis: Ni eau ni \u00e9lectricit\u00e9 en pleine vague de chaleur !\">Grand-Tunis: Ni eau ni \u00e9lectricit\u00e9 en pleine vague de chaleur !<\/a><\/p>\n\n\n\n<p>R\u00e9cemment, la STEG a publi\u00e9 des recommandations destin\u00e9es au grand public. Elle invite les citoyens \u00e0 reporter l\u2019usage des appareils les plus \u00e9nergivores \u2013 comme le four, la machine \u00e0 laver, le s\u00e8che-cheveux ou le fer \u00e0 repasser apr\u00e8s 16h. Ce simple geste, pr\u00e9cise-t-elle, permet de \u00ab se prot\u00e9ger et prot\u00e9ger le pays \u00bb face \u00e0 une demande \u00e9nerg\u00e9tique en forte hausse.<\/p>\n\n\n\n<p>Ce type de communication n\u2019est pas nouveau. Chaque \u00e9t\u00e9, la STEG renouvelle ses appels \u00e0 la mod\u00e9ration, souvent en r\u00e9action \u00e0 des pics records de consommation. En juillet 2023, la Tunisie avait franchi un seuil historique de 4825 MW. En 2024, la tendance s\u2019est poursuivie avec un nouveau pic \u00e0 4363 MW, enregistr\u00e9 le 5 juillet selon les donn\u00e9es les plus r\u00e9centes de l\u2019op\u00e9rateur.<\/p>\n\n\n\n<p><\/p>\n","protected":false},"excerpt":{"rendered":"<p>La Tunisie a connu, ce lundi, des interruptions soudaines d\u2019\u00e9lectricit\u00e9 dans plusieurs r\u00e9gions du pays. Contrairement \u00e0 ce que certains usagers auraient pu penser, il ne s\u2019agit pas de pannes locales isol\u00e9es. Dans un communiqu\u00e9 publi\u00e9 il y&rsquo;a peu, la Soci\u00e9t\u00e9 tunisienne de l\u2019\u00e9lectricit\u00e9 et du gaz (STEG) a expliqu\u00e9 qu\u2019il s\u2019agissait d\u2019une d\u00e9cision nationale [&hellip;]<\/p>\n","protected":false},"author":4782,"featured_media":378839,"comment_status":"open","ping_status":"open","sticky":false,"template":"","format":"standard","meta":{"footnotes":""},"categories":[44],"tags":[7905,2743,2742,2640,2608],"class_list":["post-380118","post","type-post","status-publish","format-standard","has-post-thumbnail","hentry","category-national","tag-black-out","tag-coupure-delectricite","tag-steg","tag-tunis","tag-tunisie"],"yoast_head":"<!-- This site is optimized with the Yoast SEO Premium plugin v27.5 (Yoast SEO v27.5) - https:\/\/yoast.com\/product\/yoast-seo-premium-wordpress\/ -->\n<title>Coupures en s\u00e9rie : la Tunisie fr\u00f4le le blackout \u00e9lectrique - webdo<\/title>\n<link rel=\"canonical\" href=\"https:\/\/www.webdo.tn\/fr\/actualite\/national\/coupures-en-serie-la-tunisie-frole-le-blackout-electrique\/380118\/\" \/>\n<meta property=\"og:locale\" content=\"fr_FR\" \/>\n<meta property=\"og:type\" content=\"article\" \/>\n<meta property=\"og:title\" content=\"Coupures en s\u00e9rie : la Tunisie fr\u00f4le le blackout \u00e9lectrique\" \/>\n<meta property=\"og:description\" content=\"La Tunisie a connu, ce lundi, des interruptions soudaines d\u2019\u00e9lectricit\u00e9 dans plusieurs r\u00e9gions du pays. Contrairement \u00e0 ce que certains usagers auraient pu penser, il ne s\u2019agit pas de pannes locales isol\u00e9es. Dans un communiqu\u00e9 publi\u00e9 il y&rsquo;a peu, la Soci\u00e9t\u00e9 tunisienne de l\u2019\u00e9lectricit\u00e9 et du gaz (STEG) a expliqu\u00e9 qu\u2019il s\u2019agissait d\u2019une d\u00e9cision nationale [&hellip;]\" \/>\n<meta property=\"og:url\" content=\"https:\/\/www.webdo.tn\/fr\/actualite\/national\/coupures-en-serie-la-tunisie-frole-le-blackout-electrique\/380118\/\" \/>\n<meta property=\"og:site_name\" content=\"webdo\" \/>\n<meta property=\"article:publisher\" content=\"https:\/\/www.facebook.com\/webdotn\" \/>\n<meta property=\"article:published_time\" content=\"2025-07-21T18:24:51+00:00\" \/>\n<meta property=\"article:modified_time\" content=\"2025-07-22T07:29:33+00:00\" \/>\n<meta property=\"og:image\" content=\"https:\/\/www.webdo.tn\/fr\/wp-content\/uploads\/2025\/07\/STEG-1.jpg\" \/>\n\t<meta property=\"og:image:width\" content=\"1920\" \/>\n\t<meta property=\"og:image:height\" content=\"1080\" \/>\n\t<meta property=\"og:image:type\" content=\"image\/jpeg\" \/>\n<meta name=\"author\" content=\"Mohamed Fethi\" \/>\n<meta name=\"twitter:card\" content=\"summary_large_image\" \/>\n<meta name=\"twitter:creator\" content=\"@webdo_tn\" \/>\n<meta name=\"twitter:site\" content=\"@webdo_tn\" \/>\n<meta name=\"twitter:label1\" content=\"\u00c9crit par\" \/>\n\t<meta name=\"twitter:data1\" content=\"Mohamed Fethi\" \/>\n\t<meta name=\"twitter:label2\" content=\"Dur\u00e9e de lecture estim\u00e9e\" \/>\n\t<meta name=\"twitter:data2\" content=\"2 minutes\" \/>\n<script type=\"application\/ld+json\" class=\"yoast-schema-graph\">{\"@context\":\"https:\\\/\\\/schema.org\",\"@graph\":[{\"@type\":\"NewsArticle\",\"@id\":\"https:\\\/\\\/www.webdo.tn\\\/fr\\\/actualite\\\/national\\\/coupures-en-serie-la-tunisie-frole-le-blackout-electrique\\\/380118\\\/#article\",\"isPartOf\":{\"@id\":\"https:\\\/\\\/www.webdo.tn\\\/fr\\\/actualite\\\/national\\\/coupures-en-serie-la-tunisie-frole-le-blackout-electrique\\\/380118\\\/\"},\"author\":{\"name\":\"Mohamed Fethi\",\"@id\":\"https:\\\/\\\/www.webdo.tn\\\/fr\\\/#\\\/schema\\\/person\\\/16a4857e77dfc0b610c4c2cadffc9ac4\"},\"headline\":\"Coupures en s\u00e9rie : la Tunisie fr\u00f4le le blackout \u00e9lectrique\",\"datePublished\":\"2025-07-21T18:24:51+00:00\",\"dateModified\":\"2025-07-22T07:29:33+00:00\",\"mainEntityOfPage\":{\"@id\":\"https:\\\/\\\/www.webdo.tn\\\/fr\\\/actualite\\\/national\\\/coupures-en-serie-la-tunisie-frole-le-blackout-electrique\\\/380118\\\/\"},\"wordCount\":373,\"commentCount\":0,\"publisher\":{\"@id\":\"https:\\\/\\\/www.webdo.tn\\\/fr\\\/#organization\"},\"image\":{\"@id\":\"https:\\\/\\\/www.webdo.tn\\\/fr\\\/actualite\\\/national\\\/coupures-en-serie-la-tunisie-frole-le-blackout-electrique\\\/380118\\\/#primaryimage\"},\"thumbnailUrl\":\"https:\\\/\\\/www.webdo.tn\\\/fr\\\/wp-content\\\/uploads\\\/2025\\\/07\\\/STEG-1.jpg\",\"keywords\":[\"black-out\",\"coupure d'\u00e9lectricit\u00e9\",\"steg\",\"Tunis\",\"Tunisie\"],\"articleSection\":[\"National\"],\"inLanguage\":\"fr-FR\"},{\"@type\":\"WebPage\",\"@id\":\"https:\\\/\\\/www.webdo.tn\\\/fr\\\/actualite\\\/national\\\/coupures-en-serie-la-tunisie-frole-le-blackout-electrique\\\/380118\\\/\",\"url\":\"https:\\\/\\\/www.webdo.tn\\\/fr\\\/actualite\\\/national\\\/coupures-en-serie-la-tunisie-frole-le-blackout-electrique\\\/380118\\\/\",\"name\":\"Coupures en s\u00e9rie : la Tunisie fr\u00f4le le blackout \u00e9lectrique - webdo\",\"isPartOf\":{\"@id\":\"https:\\\/\\\/www.webdo.tn\\\/fr\\\/#website\"},\"primaryImageOfPage\":{\"@id\":\"https:\\\/\\\/www.webdo.tn\\\/fr\\\/actualite\\\/national\\\/coupures-en-serie-la-tunisie-frole-le-blackout-electrique\\\/380118\\\/#primaryimage\"},\"image\":{\"@id\":\"https:\\\/\\\/www.webdo.tn\\\/fr\\\/actualite\\\/national\\\/coupures-en-serie-la-tunisie-frole-le-blackout-electrique\\\/380118\\\/#primaryimage\"},\"thumbnailUrl\":\"https:\\\/\\\/www.webdo.tn\\\/fr\\\/wp-content\\\/uploads\\\/2025\\\/07\\\/STEG-1.jpg\",\"datePublished\":\"2025-07-21T18:24:51+00:00\",\"dateModified\":\"2025-07-22T07:29:33+00:00\",\"breadcrumb\":{\"@id\":\"https:\\\/\\\/www.webdo.tn\\\/fr\\\/actualite\\\/national\\\/coupures-en-serie-la-tunisie-frole-le-blackout-electrique\\\/380118\\\/#breadcrumb\"},\"inLanguage\":\"fr-FR\",\"potentialAction\":[{\"@type\":\"ReadAction\",\"target\":[\"https:\\\/\\\/www.webdo.tn\\\/fr\\\/actualite\\\/national\\\/coupures-en-serie-la-tunisie-frole-le-blackout-electrique\\\/380118\\\/\"]}]},{\"@type\":\"ImageObject\",\"inLanguage\":\"fr-FR\",\"@id\":\"https:\\\/\\\/www.webdo.tn\\\/fr\\\/actualite\\\/national\\\/coupures-en-serie-la-tunisie-frole-le-blackout-electrique\\\/380118\\\/#primaryimage\",\"url\":\"https:\\\/\\\/www.webdo.tn\\\/fr\\\/wp-content\\\/uploads\\\/2025\\\/07\\\/STEG-1.jpg\",\"contentUrl\":\"https:\\\/\\\/www.webdo.tn\\\/fr\\\/wp-content\\\/uploads\\\/2025\\\/07\\\/STEG-1.jpg\",\"width\":1920,\"height\":1080,\"caption\":\"Plusieurs zones de Mahdia priv\u00e9es d\u2019\u00e9lectricit\u00e9 ce dimanche\"},{\"@type\":\"BreadcrumbList\",\"@id\":\"https:\\\/\\\/www.webdo.tn\\\/fr\\\/actualite\\\/national\\\/coupures-en-serie-la-tunisie-frole-le-blackout-electrique\\\/380118\\\/#breadcrumb\",\"itemListElement\":[{\"@type\":\"ListItem\",\"position\":1,\"name\":\"Accueil\",\"item\":\"https:\\\/\\\/www.webdo.tn\\\/fr\\\/\"},{\"@type\":\"ListItem\",\"position\":2,\"name\":\"Coupures en s\u00e9rie : la Tunisie fr\u00f4le le blackout \u00e9lectrique\"}]},{\"@type\":\"WebSite\",\"@id\":\"https:\\\/\\\/www.webdo.tn\\\/fr\\\/#website\",\"url\":\"https:\\\/\\\/www.webdo.tn\\\/fr\\\/\",\"name\":\"webdo\",\"description\":\"Tunisie - News en Tunisie et \u00e0 l&#039;international sur Webdo.tn\",\"publisher\":{\"@id\":\"https:\\\/\\\/www.webdo.tn\\\/fr\\\/#organization\"},\"potentialAction\":[{\"@type\":\"SearchAction\",\"target\":{\"@type\":\"EntryPoint\",\"urlTemplate\":\"https:\\\/\\\/www.webdo.tn\\\/fr\\\/?s={search_term_string}\"},\"query-input\":{\"@type\":\"PropertyValueSpecification\",\"valueRequired\":true,\"valueName\":\"search_term_string\"}}],\"inLanguage\":\"fr-FR\"},{\"@type\":\"Organization\",\"@id\":\"https:\\\/\\\/www.webdo.tn\\\/fr\\\/#organization\",\"name\":\"Webdo\",\"alternateName\":\"Webdo.tn\",\"url\":\"https:\\\/\\\/www.webdo.tn\\\/fr\\\/\",\"logo\":{\"@type\":\"ImageObject\",\"inLanguage\":\"fr-FR\",\"@id\":\"https:\\\/\\\/www.webdo.tn\\\/fr\\\/#\\\/schema\\\/logo\\\/image\\\/\",\"url\":\"https:\\\/\\\/www.webdo.tn\\\/fr\\\/wp-content\\\/uploads\\\/2025\\\/06\\\/Webdo-Tunisie_168377.jpg\",\"contentUrl\":\"https:\\\/\\\/www.webdo.tn\\\/fr\\\/wp-content\\\/uploads\\\/2025\\\/06\\\/Webdo-Tunisie_168377.jpg\",\"width\":301,\"height\":301,\"caption\":\"Webdo\"},\"image\":{\"@id\":\"https:\\\/\\\/www.webdo.tn\\\/fr\\\/#\\\/schema\\\/logo\\\/image\\\/\"},\"sameAs\":[\"https:\\\/\\\/www.facebook.com\\\/webdotn\",\"https:\\\/\\\/x.com\\\/webdo_tn\"],\"description\":\"Webdo est un m\u00e9dia num\u00e9rique tunisien fond\u00e9 en 2010, sp\u00e9cialis\u00e9 dans l\u2019actualit\u00e9 nationale et internationale, l\u2019\u00e9conomie, la soci\u00e9t\u00e9 et les analyses politiques. Le site s\u2019adresse \u00e0 un large public francophone et couvre l\u2019information tunisienne en temps r\u00e9el.\",\"email\":\"redac@webdo.tn\",\"legalName\":\"YNJ SARL\",\"foundingDate\":\"2010-09-06\",\"numberOfEmployees\":{\"@type\":\"QuantitativeValue\",\"minValue\":\"11\",\"maxValue\":\"50\"}},{\"@type\":\"Person\",\"@id\":\"https:\\\/\\\/www.webdo.tn\\\/fr\\\/#\\\/schema\\\/person\\\/16a4857e77dfc0b610c4c2cadffc9ac4\",\"name\":\"Mohamed Fethi\",\"image\":{\"@type\":\"ImageObject\",\"inLanguage\":\"fr-FR\",\"@id\":\"https:\\\/\\\/www.webdo.tn\\\/fr\\\/wp-content\\\/uploads\\\/2026\\\/04\\\/mohamed-fethi_avatar_1-96x96.jpg\",\"url\":\"https:\\\/\\\/www.webdo.tn\\\/fr\\\/wp-content\\\/uploads\\\/2026\\\/04\\\/mohamed-fethi_avatar_1-96x96.jpg\",\"contentUrl\":\"https:\\\/\\\/www.webdo.tn\\\/fr\\\/wp-content\\\/uploads\\\/2026\\\/04\\\/mohamed-fethi_avatar_1-96x96.jpg\",\"caption\":\"Mohamed Fethi\"},\"description\":\"Signature \u00e9ditoriale de Maher Chaabane Mohamed Fethi est le pseudonyme \u00e9ditorial de Maher Chaabane, r\u00e9dacteur en chef de Webdo.tn depuis 2012. Cette signature est d\u00e9di\u00e9e au traitement intensif de l'actualit\u00e9 nationale et internationale en temps r\u00e9el. S'appuyant sur les deux d\u00e9cennies d'expertise journalistique de Maher Chaabane \u2014 d\u00e9but\u00e9e au sein du groupe Tunis Hebdo en 2000 \u2014 Mohamed Fethi assure une veille rigoureuse sur les enjeux politiques, \u00e9conomiques et sportifs. Sa mission est de garantir une information structur\u00e9e, fluide et fid\u00e8le aux standards de la r\u00e9daction. Pour consulter le parcours complet du r\u00e9dacteur en chef, visitez le profil officiel de Maher Chaabane.\",\"knowsAbout\":[\"actualit\u00e9\",\"journalisme\",\"information\",\"politique\",\"sport\",\"m\u00e9dias\",\"actualit\u00e9 internationale\"],\"knowsLanguage\":[\"Fran\u00e7ais\",\"Arabe\"],\"jobTitle\":\"Journaliste \u2013 R\u00e9daction Webdo\",\"worksFor\":\"Webdo.tn\",\"url\":\"https:\\\/\\\/www.webdo.tn\\\/fr\\\/actualite\\\/author\\\/mohamed-fethi\\\/\"}]}<\/script>\n<!-- \/ Yoast SEO Premium plugin. -->","yoast_head_json":{"title":"Coupures en s\u00e9rie : la Tunisie fr\u00f4le le blackout \u00e9lectrique - webdo","canonical":"https:\/\/www.webdo.tn\/fr\/actualite\/national\/coupures-en-serie-la-tunisie-frole-le-blackout-electrique\/380118\/","og_locale":"fr_FR","og_type":"article","og_title":"Coupures en s\u00e9rie : la Tunisie fr\u00f4le le blackout \u00e9lectrique","og_description":"La Tunisie a connu, ce lundi, des interruptions soudaines d\u2019\u00e9lectricit\u00e9 dans plusieurs r\u00e9gions du pays. Contrairement \u00e0 ce que certains usagers auraient pu penser, il ne s\u2019agit pas de pannes locales isol\u00e9es. Dans un communiqu\u00e9 publi\u00e9 il y&rsquo;a peu, la Soci\u00e9t\u00e9 tunisienne de l\u2019\u00e9lectricit\u00e9 et du gaz (STEG) a expliqu\u00e9 qu\u2019il s\u2019agissait d\u2019une d\u00e9cision nationale [&hellip;]","og_url":"https:\/\/www.webdo.tn\/fr\/actualite\/national\/coupures-en-serie-la-tunisie-frole-le-blackout-electrique\/380118\/","og_site_name":"webdo","article_publisher":"https:\/\/www.facebook.com\/webdotn","article_published_time":"2025-07-21T18:24:51+00:00","article_modified_time":"2025-07-22T07:29:33+00:00","og_image":[{"width":1920,"height":1080,"url":"https:\/\/www.webdo.tn\/fr\/wp-content\/uploads\/2025\/07\/STEG-1.jpg","type":"image\/jpeg"}],"author":"Mohamed Fethi","twitter_card":"summary_large_image","twitter_creator":"@webdo_tn","twitter_site":"@webdo_tn","twitter_misc":{"\u00c9crit par":"Mohamed Fethi","Dur\u00e9e de lecture estim\u00e9e":"2 minutes"},"schema":{"@context":"https:\/\/schema.org","@graph":[{"@type":"NewsArticle","@id":"https:\/\/www.webdo.tn\/fr\/actualite\/national\/coupures-en-serie-la-tunisie-frole-le-blackout-electrique\/380118\/#article","isPartOf":{"@id":"https:\/\/www.webdo.tn\/fr\/actualite\/national\/coupures-en-serie-la-tunisie-frole-le-blackout-electrique\/380118\/"},"author":{"name":"Mohamed Fethi","@id":"https:\/\/www.webdo.tn\/fr\/#\/schema\/person\/16a4857e77dfc0b610c4c2cadffc9ac4"},"headline":"Coupures en s\u00e9rie : la Tunisie fr\u00f4le le blackout \u00e9lectrique","datePublished":"2025-07-21T18:24:51+00:00","dateModified":"2025-07-22T07:29:33+00:00","mainEntityOfPage":{"@id":"https:\/\/www.webdo.tn\/fr\/actualite\/national\/coupures-en-serie-la-tunisie-frole-le-blackout-electrique\/380118\/"},"wordCount":373,"commentCount":0,"publisher":{"@id":"https:\/\/www.webdo.tn\/fr\/#organization"},"image":{"@id":"https:\/\/www.webdo.tn\/fr\/actualite\/national\/coupures-en-serie-la-tunisie-frole-le-blackout-electrique\/380118\/#primaryimage"},"thumbnailUrl":"https:\/\/www.webdo.tn\/fr\/wp-content\/uploads\/2025\/07\/STEG-1.jpg","keywords":["black-out","coupure d'\u00e9lectricit\u00e9","steg","Tunis","Tunisie"],"articleSection":["National"],"inLanguage":"fr-FR"},{"@type":"WebPage","@id":"https:\/\/www.webdo.tn\/fr\/actualite\/national\/coupures-en-serie-la-tunisie-frole-le-blackout-electrique\/380118\/","url":"https:\/\/www.webdo.tn\/fr\/actualite\/national\/coupures-en-serie-la-tunisie-frole-le-blackout-electrique\/380118\/","name":"Coupures en s\u00e9rie : la Tunisie fr\u00f4le le blackout \u00e9lectrique - webdo","isPartOf":{"@id":"https:\/\/www.webdo.tn\/fr\/#website"},"primaryImageOfPage":{"@id":"https:\/\/www.webdo.tn\/fr\/actualite\/national\/coupures-en-serie-la-tunisie-frole-le-blackout-electrique\/380118\/#primaryimage"},"image":{"@id":"https:\/\/www.webdo.tn\/fr\/actualite\/national\/coupures-en-serie-la-tunisie-frole-le-blackout-electrique\/380118\/#primaryimage"},"thumbnailUrl":"https:\/\/www.webdo.tn\/fr\/wp-content\/uploads\/2025\/07\/STEG-1.jpg","datePublished":"2025-07-21T18:24:51+00:00","dateModified":"2025-07-22T07:29:33+00:00","breadcrumb":{"@id":"https:\/\/www.webdo.tn\/fr\/actualite\/national\/coupures-en-serie-la-tunisie-frole-le-blackout-electrique\/380118\/#breadcrumb"},"inLanguage":"fr-FR","potentialAction":[{"@type":"ReadAction","target":["https:\/\/www.webdo.tn\/fr\/actualite\/national\/coupures-en-serie-la-tunisie-frole-le-blackout-electrique\/380118\/"]}]},{"@type":"ImageObject","inLanguage":"fr-FR","@id":"https:\/\/www.webdo.tn\/fr\/actualite\/national\/coupures-en-serie-la-tunisie-frole-le-blackout-electrique\/380118\/#primaryimage","url":"https:\/\/www.webdo.tn\/fr\/wp-content\/uploads\/2025\/07\/STEG-1.jpg","contentUrl":"https:\/\/www.webdo.tn\/fr\/wp-content\/uploads\/2025\/07\/STEG-1.jpg","width":1920,"height":1080,"caption":"Plusieurs zones de Mahdia priv\u00e9es d\u2019\u00e9lectricit\u00e9 ce dimanche"},{"@type":"BreadcrumbList","@id":"https:\/\/www.webdo.tn\/fr\/actualite\/national\/coupures-en-serie-la-tunisie-frole-le-blackout-electrique\/380118\/#breadcrumb","itemListElement":[{"@type":"ListItem","position":1,"name":"Accueil","item":"https:\/\/www.webdo.tn\/fr\/"},{"@type":"ListItem","position":2,"name":"Coupures en s\u00e9rie : la Tunisie fr\u00f4le le blackout \u00e9lectrique"}]},{"@type":"WebSite","@id":"https:\/\/www.webdo.tn\/fr\/#website","url":"https:\/\/www.webdo.tn\/fr\/","name":"webdo","description":"Tunisie - News en Tunisie et \u00e0 l&#039;international sur Webdo.tn","publisher":{"@id":"https:\/\/www.webdo.tn\/fr\/#organization"},"potentialAction":[{"@type":"SearchAction","target":{"@type":"EntryPoint","urlTemplate":"https:\/\/www.webdo.tn\/fr\/?s={search_term_string}"},"query-input":{"@type":"PropertyValueSpecification","valueRequired":true,"valueName":"search_term_string"}}],"inLanguage":"fr-FR"},{"@type":"Organization","@id":"https:\/\/www.webdo.tn\/fr\/#organization","name":"Webdo","alternateName":"Webdo.tn","url":"https:\/\/www.webdo.tn\/fr\/","logo":{"@type":"ImageObject","inLanguage":"fr-FR","@id":"https:\/\/www.webdo.tn\/fr\/#\/schema\/logo\/image\/","url":"https:\/\/www.webdo.tn\/fr\/wp-content\/uploads\/2025\/06\/Webdo-Tunisie_168377.jpg","contentUrl":"https:\/\/www.webdo.tn\/fr\/wp-content\/uploads\/2025\/06\/Webdo-Tunisie_168377.jpg","width":301,"height":301,"caption":"Webdo"},"image":{"@id":"https:\/\/www.webdo.tn\/fr\/#\/schema\/logo\/image\/"},"sameAs":["https:\/\/www.facebook.com\/webdotn","https:\/\/x.com\/webdo_tn"],"description":"Webdo est un m\u00e9dia num\u00e9rique tunisien fond\u00e9 en 2010, sp\u00e9cialis\u00e9 dans l\u2019actualit\u00e9 nationale et internationale, l\u2019\u00e9conomie, la soci\u00e9t\u00e9 et les analyses politiques. Le site s\u2019adresse \u00e0 un large public francophone et couvre l\u2019information tunisienne en temps r\u00e9el.","email":"redac@webdo.tn","legalName":"YNJ SARL","foundingDate":"2010-09-06","numberOfEmployees":{"@type":"QuantitativeValue","minValue":"11","maxValue":"50"}},{"@type":"Person","@id":"https:\/\/www.webdo.tn\/fr\/#\/schema\/person\/16a4857e77dfc0b610c4c2cadffc9ac4","name":"Mohamed Fethi","image":{"@type":"ImageObject","inLanguage":"fr-FR","@id":"https:\/\/www.webdo.tn\/fr\/wp-content\/uploads\/2026\/04\/mohamed-fethi_avatar_1-96x96.jpg","url":"https:\/\/www.webdo.tn\/fr\/wp-content\/uploads\/2026\/04\/mohamed-fethi_avatar_1-96x96.jpg","contentUrl":"https:\/\/www.webdo.tn\/fr\/wp-content\/uploads\/2026\/04\/mohamed-fethi_avatar_1-96x96.jpg","caption":"Mohamed Fethi"},"description":"Signature \u00e9ditoriale de Maher Chaabane Mohamed Fethi est le pseudonyme \u00e9ditorial de Maher Chaabane, r\u00e9dacteur en chef de Webdo.tn depuis 2012. Cette signature est d\u00e9di\u00e9e au traitement intensif de l'actualit\u00e9 nationale et internationale en temps r\u00e9el. S'appuyant sur les deux d\u00e9cennies d'expertise journalistique de Maher Chaabane \u2014 d\u00e9but\u00e9e au sein du groupe Tunis Hebdo en 2000 \u2014 Mohamed Fethi assure une veille rigoureuse sur les enjeux politiques, \u00e9conomiques et sportifs. Sa mission est de garantir une information structur\u00e9e, fluide et fid\u00e8le aux standards de la r\u00e9daction. Pour consulter le parcours complet du r\u00e9dacteur en chef, visitez le profil officiel de Maher Chaabane.","knowsAbout":["actualit\u00e9","journalisme","information","politique","sport","m\u00e9dias","actualit\u00e9 internationale"],"knowsLanguage":["Fran\u00e7ais","Arabe"],"jobTitle":"Journaliste \u2013 R\u00e9daction Webdo","worksFor":"Webdo.tn","url":"https:\/\/www.webdo.tn\/fr\/actualite\/author\/mohamed-fethi\/"}]}},"_links":{"self":[{"href":"https:\/\/www.webdo.tn\/fr\/wp-json\/wp\/v2\/posts\/380118","targetHints":{"allow":["GET"]}}],"collection":[{"href":"https:\/\/www.webdo.tn\/fr\/wp-json\/wp\/v2\/posts"}],"about":[{"href":"https:\/\/www.webdo.tn\/fr\/wp-json\/wp\/v2\/types\/post"}],"author":[{"embeddable":true,"href":"https:\/\/www.webdo.tn\/fr\/wp-json\/wp\/v2\/users\/4782"}],"replies":[{"embeddable":true,"href":"https:\/\/www.webdo.tn\/fr\/wp-json\/wp\/v2\/comments?post=380118"}],"version-history":[{"count":0,"href":"https:\/\/www.webdo.tn\/fr\/wp-json\/wp\/v2\/posts\/380118\/revisions"}],"wp:featuredmedia":[{"embeddable":true,"href":"https:\/\/www.webdo.tn\/fr\/wp-json\/wp\/v2\/media\/378839"}],"wp:attachment":[{"href":"https:\/\/www.webdo.tn\/fr\/wp-json\/wp\/v2\/media?parent=380118"}],"wp:term":[{"taxonomy":"category","embeddable":true,"href":"https:\/\/www.webdo.tn\/fr\/wp-json\/wp\/v2\/categories?post=380118"},{"taxonomy":"post_tag","embeddable":true,"href":"https:\/\/www.webdo.tn\/fr\/wp-json\/wp\/v2\/tags?post=380118"}],"curies":[{"name":"wp","href":"https:\/\/api.w.org\/{rel}","templated":true}]}}