{"id":380093,"date":"2025-07-21T13:27:41","date_gmt":"2025-07-21T12:27:41","guid":{"rendered":"https:\/\/www.webdo.tn\/fr\/?p=380093"},"modified":"2025-07-21T13:27:44","modified_gmt":"2025-07-21T12:27:44","slug":"a-gaza-lhumanite-a-echoue-le-roi-de-belgique-sort-de-sa-reserve","status":"publish","type":"post","link":"https:\/\/www.webdo.tn\/fr\/actualite\/international\/a-gaza-lhumanite-a-echoue-le-roi-de-belgique-sort-de-sa-reserve\/380093\/","title":{"rendered":"A Gaza, \u00ab\u00a0l\u2019humanit\u00e9 a \u00e9chou\u00e9\u00a0\u00bb : Le Roi de Belgique  sort de sa r\u00e9serve"},"content":{"rendered":"\n<p><strong>\u00c0 l\u2019occasion de la f\u00eate nationale belge, ce 21 juillet 2025, le roi Philippe a prononc\u00e9 un discours t\u00e9l\u00e9vis\u00e9 \u00e0 contre-courant des usages monarchiques.<\/strong><\/p>\n\n\n\n<p>D\u00e9laissant la traditionnelle r\u00e9serve, le souverain a pris une position ferme et in\u00e9dite sur la situation \u00e0 Gaza, \u00e9voquant une \u00ab\u00a0honte pour l\u2019humanit\u00e9\u00a0\u00bb et d\u00e9non\u00e7ant la violation du droit international.<\/p>\n\n\n\n<p>Dans un ton grave et sans d\u00e9tour, Philippe de Belgique a surpris au-del\u00e0 des fronti\u00e8res du royaume : \u00ab Pendant des d\u00e9cennies, le droit international a \u00e9t\u00e9 la cl\u00e9 de vo\u00fbte sur laquelle les \u00c9tats pouvaient s\u2019appuyer. Aujourd\u2019hui, il est ouvertement remis en question. \u00bb<\/p>\n\n\n\n<p>Rarement un discours royal n\u2019avait \u00e9t\u00e9 aussi direct. S\u2019il est d\u2019usage que les interventions du roi soient relues par le Premier ministre et r\u00e9dig\u00e9es avec le concours de ses conseillers, le choix d\u2019aborder Gaza, nous dit-on, vient de lui.<\/p>\n\n\n\n<p>Il affirme vouloir faire \u00e9cho \u00e0 \u00ab\u00a0tous ceux qui d\u00e9noncent les graves d\u00e9rives humanitaires \u00e0 Gaza\u00a0\u00bb, o\u00f9, selon ses propres mots, \u00ab\u00a0des innocents meurent de faim, tombent sous les bombes, \u00e9touff\u00e9s dans leur propre enclave\u00a0\u00bb.<\/p>\n\n\n\n<p>Le souverain d\u00e9nonce une situation \u00ab\u00a0qui n\u2019a que trop dur\u00e9\u00a0\u00bb, s\u2019indignant de la passivit\u00e9 du monde face aux souffrances inflig\u00e9es \u00e0 la population civile. Il souligne que \u00ab\u00a0quand le droit international est bafou\u00e9, c\u2019est le monde entier qui en paie le prix\u00a0\u00bb.<\/p>\n\n\n\n<p>Ce discours, sans \u00e9quivoque, rompt avec la traditionnelle prudence de la monarchie belge sur les dossiers internationaux sensibles. Dans un contexte o\u00f9 les diplomaties europ\u00e9ennes peinent \u00e0 parler d\u2019une seule voix sur Gaza, cette prise de position royale fait figure d\u2019exception.<\/p>\n","protected":false},"excerpt":{"rendered":"<p>\u00c0 l\u2019occasion de la f\u00eate nationale belge, ce 21 juillet 2025, le roi Philippe a prononc\u00e9 un discours t\u00e9l\u00e9vis\u00e9 \u00e0 contre-courant des usages monarchiques. D\u00e9laissant la traditionnelle r\u00e9serve, le souverain a pris une position ferme et in\u00e9dite sur la situation \u00e0 Gaza, \u00e9voquant une \u00ab\u00a0honte pour l\u2019humanit\u00e9\u00a0\u00bb et d\u00e9non\u00e7ant la violation du droit international. Dans [&hellip;]<\/p>\n","protected":false},"author":3184,"featured_media":380095,"comment_status":"open","ping_status":"open","sticky":false,"template":"","format":"standard","meta":{"footnotes":""},"categories":[2598],"tags":[12277,2689,2600],"class_list":["post-380093","post","type-post","status-publish","format-standard","has-post-thumbnail","hentry","category-international","tag-belgique-2","tag-gaza","tag-guerre"],"yoast_head":"<!-- This site is optimized with the Yoast SEO Premium plugin v27.5 (Yoast SEO v27.5) - https:\/\/yoast.com\/product\/yoast-seo-premium-wordpress\/ -->\n<title>A Gaza, &quot;l\u2019humanit\u00e9 a \u00e9chou\u00e9&quot; : Le Roi de Belgique sort de sa r\u00e9serve - webdo<\/title>\n<meta name=\"description\" content=\"D\u00e9couvrez le discours audacieux du roi Philippe de Belgique le 21 juillet 2025, d\u00e9fiant les normes monarchiques avec force.\" \/>\n<link rel=\"canonical\" href=\"https:\/\/www.webdo.tn\/fr\/actualite\/international\/a-gaza-lhumanite-a-echoue-le-roi-de-belgique-sort-de-sa-reserve\/380093\/\" \/>\n<meta property=\"og:locale\" content=\"fr_FR\" \/>\n<meta property=\"og:type\" content=\"article\" \/>\n<meta property=\"og:title\" content=\"A Gaza, &quot;l\u2019humanit\u00e9 a \u00e9chou\u00e9&quot; : Le Roi de Belgique sort de sa r\u00e9serve\" \/>\n<meta property=\"og:description\" content=\"D\u00e9couvrez le discours audacieux du roi Philippe de Belgique le 21 juillet 2025, d\u00e9fiant les normes monarchiques avec force.\" \/>\n<meta property=\"og:url\" content=\"https:\/\/www.webdo.tn\/fr\/actualite\/international\/a-gaza-lhumanite-a-echoue-le-roi-de-belgique-sort-de-sa-reserve\/380093\/\" \/>\n<meta property=\"og:site_name\" content=\"webdo\" \/>\n<meta property=\"article:publisher\" content=\"https:\/\/www.facebook.com\/webdotn\" \/>\n<meta property=\"article:published_time\" content=\"2025-07-21T12:27:41+00:00\" \/>\n<meta property=\"article:modified_time\" content=\"2025-07-21T12:27:44+00:00\" \/>\n<meta property=\"og:image\" content=\"https:\/\/www.webdo.tn\/fr\/wp-content\/uploads\/2025\/07\/2445687.jpg\" \/>\n\t<meta property=\"og:image:width\" content=\"940\" \/>\n\t<meta property=\"og:image:height\" content=\"528\" \/>\n\t<meta property=\"og:image:type\" content=\"image\/jpeg\" \/>\n<meta name=\"author\" content=\"Wided Belhaj\" \/>\n<meta name=\"twitter:card\" content=\"summary_large_image\" \/>\n<meta name=\"twitter:creator\" content=\"@webdo_tn\" \/>\n<meta name=\"twitter:site\" content=\"@webdo_tn\" \/>\n<meta name=\"twitter:label1\" content=\"\u00c9crit par\" \/>\n\t<meta name=\"twitter:data1\" content=\"Wided Belhaj\" \/>\n\t<meta name=\"twitter:label2\" content=\"Dur\u00e9e de lecture estim\u00e9e\" \/>\n\t<meta name=\"twitter:data2\" content=\"2 minutes\" \/>\n<script type=\"application\/ld+json\" class=\"yoast-schema-graph\">{\"@context\":\"https:\\\/\\\/schema.org\",\"@graph\":[{\"@type\":\"NewsArticle\",\"@id\":\"https:\\\/\\\/www.webdo.tn\\\/fr\\\/actualite\\\/international\\\/a-gaza-lhumanite-a-echoue-le-roi-de-belgique-sort-de-sa-reserve\\\/380093\\\/#article\",\"isPartOf\":{\"@id\":\"https:\\\/\\\/www.webdo.tn\\\/fr\\\/actualite\\\/international\\\/a-gaza-lhumanite-a-echoue-le-roi-de-belgique-sort-de-sa-reserve\\\/380093\\\/\"},\"author\":{\"name\":\"Wided Belhaj\",\"@id\":\"https:\\\/\\\/www.webdo.tn\\\/fr\\\/#\\\/schema\\\/person\\\/b9ecde7a5574cb4fcf4b496ea5fadb15\"},\"headline\":\"A Gaza, \u00ab\u00a0l\u2019humanit\u00e9 a \u00e9chou\u00e9\u00a0\u00bb : Le Roi de Belgique sort de sa r\u00e9serve\",\"datePublished\":\"2025-07-21T12:27:41+00:00\",\"dateModified\":\"2025-07-21T12:27:44+00:00\",\"mainEntityOfPage\":{\"@id\":\"https:\\\/\\\/www.webdo.tn\\\/fr\\\/actualite\\\/international\\\/a-gaza-lhumanite-a-echoue-le-roi-de-belgique-sort-de-sa-reserve\\\/380093\\\/\"},\"wordCount\":292,\"commentCount\":0,\"publisher\":{\"@id\":\"https:\\\/\\\/www.webdo.tn\\\/fr\\\/#organization\"},\"image\":{\"@id\":\"https:\\\/\\\/www.webdo.tn\\\/fr\\\/actualite\\\/international\\\/a-gaza-lhumanite-a-echoue-le-roi-de-belgique-sort-de-sa-reserve\\\/380093\\\/#primaryimage\"},\"thumbnailUrl\":\"https:\\\/\\\/www.webdo.tn\\\/fr\\\/wp-content\\\/uploads\\\/2025\\\/07\\\/2445687.jpg\",\"keywords\":[\"B\u00e9lgique\",\"Gaza\",\"guerre\"],\"articleSection\":[\"International\"],\"inLanguage\":\"fr-FR\"},{\"@type\":\"WebPage\",\"@id\":\"https:\\\/\\\/www.webdo.tn\\\/fr\\\/actualite\\\/international\\\/a-gaza-lhumanite-a-echoue-le-roi-de-belgique-sort-de-sa-reserve\\\/380093\\\/\",\"url\":\"https:\\\/\\\/www.webdo.tn\\\/fr\\\/actualite\\\/international\\\/a-gaza-lhumanite-a-echoue-le-roi-de-belgique-sort-de-sa-reserve\\\/380093\\\/\",\"name\":\"A Gaza, \\\"l\u2019humanit\u00e9 a \u00e9chou\u00e9\\\" : Le Roi de Belgique sort de sa r\u00e9serve - webdo\",\"isPartOf\":{\"@id\":\"https:\\\/\\\/www.webdo.tn\\\/fr\\\/#website\"},\"primaryImageOfPage\":{\"@id\":\"https:\\\/\\\/www.webdo.tn\\\/fr\\\/actualite\\\/international\\\/a-gaza-lhumanite-a-echoue-le-roi-de-belgique-sort-de-sa-reserve\\\/380093\\\/#primaryimage\"},\"image\":{\"@id\":\"https:\\\/\\\/www.webdo.tn\\\/fr\\\/actualite\\\/international\\\/a-gaza-lhumanite-a-echoue-le-roi-de-belgique-sort-de-sa-reserve\\\/380093\\\/#primaryimage\"},\"thumbnailUrl\":\"https:\\\/\\\/www.webdo.tn\\\/fr\\\/wp-content\\\/uploads\\\/2025\\\/07\\\/2445687.jpg\",\"datePublished\":\"2025-07-21T12:27:41+00:00\",\"dateModified\":\"2025-07-21T12:27:44+00:00\",\"description\":\"D\u00e9couvrez le discours audacieux du roi Philippe de Belgique le 21 juillet 2025, d\u00e9fiant les normes monarchiques avec force.\",\"breadcrumb\":{\"@id\":\"https:\\\/\\\/www.webdo.tn\\\/fr\\\/actualite\\\/international\\\/a-gaza-lhumanite-a-echoue-le-roi-de-belgique-sort-de-sa-reserve\\\/380093\\\/#breadcrumb\"},\"inLanguage\":\"fr-FR\",\"potentialAction\":[{\"@type\":\"ReadAction\",\"target\":[\"https:\\\/\\\/www.webdo.tn\\\/fr\\\/actualite\\\/international\\\/a-gaza-lhumanite-a-echoue-le-roi-de-belgique-sort-de-sa-reserve\\\/380093\\\/\"]}]},{\"@type\":\"ImageObject\",\"inLanguage\":\"fr-FR\",\"@id\":\"https:\\\/\\\/www.webdo.tn\\\/fr\\\/actualite\\\/international\\\/a-gaza-lhumanite-a-echoue-le-roi-de-belgique-sort-de-sa-reserve\\\/380093\\\/#primaryimage\",\"url\":\"https:\\\/\\\/www.webdo.tn\\\/fr\\\/wp-content\\\/uploads\\\/2025\\\/07\\\/2445687.jpg\",\"contentUrl\":\"https:\\\/\\\/www.webdo.tn\\\/fr\\\/wp-content\\\/uploads\\\/2025\\\/07\\\/2445687.jpg\",\"width\":940,\"height\":528},{\"@type\":\"BreadcrumbList\",\"@id\":\"https:\\\/\\\/www.webdo.tn\\\/fr\\\/actualite\\\/international\\\/a-gaza-lhumanite-a-echoue-le-roi-de-belgique-sort-de-sa-reserve\\\/380093\\\/#breadcrumb\",\"itemListElement\":[{\"@type\":\"ListItem\",\"position\":1,\"name\":\"Accueil\",\"item\":\"https:\\\/\\\/www.webdo.tn\\\/fr\\\/\"},{\"@type\":\"ListItem\",\"position\":2,\"name\":\"A Gaza, \u00ab\u00a0l\u2019humanit\u00e9 a \u00e9chou\u00e9\u00a0\u00bb : Le Roi de Belgique sort de sa r\u00e9serve\"}]},{\"@type\":\"WebSite\",\"@id\":\"https:\\\/\\\/www.webdo.tn\\\/fr\\\/#website\",\"url\":\"https:\\\/\\\/www.webdo.tn\\\/fr\\\/\",\"name\":\"webdo\",\"description\":\"Tunisie - News en Tunisie et \u00e0 l&#039;international sur Webdo.tn\",\"publisher\":{\"@id\":\"https:\\\/\\\/www.webdo.tn\\\/fr\\\/#organization\"},\"potentialAction\":[{\"@type\":\"SearchAction\",\"target\":{\"@type\":\"EntryPoint\",\"urlTemplate\":\"https:\\\/\\\/www.webdo.tn\\\/fr\\\/?s={search_term_string}\"},\"query-input\":{\"@type\":\"PropertyValueSpecification\",\"valueRequired\":true,\"valueName\":\"search_term_string\"}}],\"inLanguage\":\"fr-FR\"},{\"@type\":\"Organization\",\"@id\":\"https:\\\/\\\/www.webdo.tn\\\/fr\\\/#organization\",\"name\":\"Webdo\",\"alternateName\":\"Webdo.tn\",\"url\":\"https:\\\/\\\/www.webdo.tn\\\/fr\\\/\",\"logo\":{\"@type\":\"ImageObject\",\"inLanguage\":\"fr-FR\",\"@id\":\"https:\\\/\\\/www.webdo.tn\\\/fr\\\/#\\\/schema\\\/logo\\\/image\\\/\",\"url\":\"https:\\\/\\\/www.webdo.tn\\\/fr\\\/wp-content\\\/uploads\\\/2025\\\/06\\\/Webdo-Tunisie_168377.jpg\",\"contentUrl\":\"https:\\\/\\\/www.webdo.tn\\\/fr\\\/wp-content\\\/uploads\\\/2025\\\/06\\\/Webdo-Tunisie_168377.jpg\",\"width\":301,\"height\":301,\"caption\":\"Webdo\"},\"image\":{\"@id\":\"https:\\\/\\\/www.webdo.tn\\\/fr\\\/#\\\/schema\\\/logo\\\/image\\\/\"},\"sameAs\":[\"https:\\\/\\\/www.facebook.com\\\/webdotn\",\"https:\\\/\\\/x.com\\\/webdo_tn\"],\"description\":\"Webdo est un m\u00e9dia num\u00e9rique tunisien fond\u00e9 en 2010, sp\u00e9cialis\u00e9 dans l\u2019actualit\u00e9 nationale et internationale, l\u2019\u00e9conomie, la soci\u00e9t\u00e9 et les analyses politiques. Le site s\u2019adresse \u00e0 un large public francophone et couvre l\u2019information tunisienne en temps r\u00e9el.\",\"email\":\"redac@webdo.tn\",\"legalName\":\"YNJ SARL\",\"foundingDate\":\"2010-09-06\",\"numberOfEmployees\":{\"@type\":\"QuantitativeValue\",\"minValue\":\"11\",\"maxValue\":\"50\"}},{\"@type\":\"Person\",\"@id\":\"https:\\\/\\\/www.webdo.tn\\\/fr\\\/#\\\/schema\\\/person\\\/b9ecde7a5574cb4fcf4b496ea5fadb15\",\"name\":\"Wided Belhaj\",\"image\":{\"@type\":\"ImageObject\",\"inLanguage\":\"fr-FR\",\"@id\":\"https:\\\/\\\/www.webdo.tn\\\/fr\\\/wp-content\\\/uploads\\\/2026\\\/04\\\/wided-belhaj_avatar-96x96.jpg\",\"url\":\"https:\\\/\\\/www.webdo.tn\\\/fr\\\/wp-content\\\/uploads\\\/2026\\\/04\\\/wided-belhaj_avatar-96x96.jpg\",\"contentUrl\":\"https:\\\/\\\/www.webdo.tn\\\/fr\\\/wp-content\\\/uploads\\\/2026\\\/04\\\/wided-belhaj_avatar-96x96.jpg\",\"caption\":\"Wided Belhaj\"},\"description\":\"Wided Belhaj est le pseudonyme \u00e9ditorial utilis\u00e9 par Khalil Jelassi, journaliste, ma\u00eetre-assistant \u00e0 l\u2019Institut de presse et des sciences de l\u2019information (IPSI) et chercheur en sciences de l\u2019information et de la communication. Cette signature est d\u00e9di\u00e9e \u00e0 l\u2019analyse des m\u00e9dias, des pratiques journalistiques et des mutations de l\u2019information \u00e0 l\u2019\u00e8re digitale. \u00c0 travers ses contributions, Wided Belhaj propose une lecture analytique de l\u2019actualit\u00e9, en croisant regard critique et expertise acad\u00e9mique.\",\"knowsAbout\":[\"m\u00e9dias\",\"journalisme\",\"communication\",\"information\",\"transformation num\u00e9rique\",\"analyse des m\u00e9dias\"],\"knowsLanguage\":[\"Fran\u00e7ais\",\"Arabe\"],\"jobTitle\":\"Webdo.tn\",\"worksFor\":\"Journaliste \u2013 Analyse des m\u00e9dias\",\"url\":\"https:\\\/\\\/www.webdo.tn\\\/fr\\\/actualite\\\/author\\\/wided-belhaj\\\/\"}]}<\/script>\n<!-- \/ Yoast SEO Premium plugin. -->","yoast_head_json":{"title":"A Gaza, \"l\u2019humanit\u00e9 a \u00e9chou\u00e9\" : Le Roi de Belgique sort de sa r\u00e9serve - webdo","description":"D\u00e9couvrez le discours audacieux du roi Philippe de Belgique le 21 juillet 2025, d\u00e9fiant les normes monarchiques avec force.","canonical":"https:\/\/www.webdo.tn\/fr\/actualite\/international\/a-gaza-lhumanite-a-echoue-le-roi-de-belgique-sort-de-sa-reserve\/380093\/","og_locale":"fr_FR","og_type":"article","og_title":"A Gaza, \"l\u2019humanit\u00e9 a \u00e9chou\u00e9\" : Le Roi de Belgique sort de sa r\u00e9serve","og_description":"D\u00e9couvrez le discours audacieux du roi Philippe de Belgique le 21 juillet 2025, d\u00e9fiant les normes monarchiques avec force.","og_url":"https:\/\/www.webdo.tn\/fr\/actualite\/international\/a-gaza-lhumanite-a-echoue-le-roi-de-belgique-sort-de-sa-reserve\/380093\/","og_site_name":"webdo","article_publisher":"https:\/\/www.facebook.com\/webdotn","article_published_time":"2025-07-21T12:27:41+00:00","article_modified_time":"2025-07-21T12:27:44+00:00","og_image":[{"width":940,"height":528,"url":"https:\/\/www.webdo.tn\/fr\/wp-content\/uploads\/2025\/07\/2445687.jpg","type":"image\/jpeg"}],"author":"Wided Belhaj","twitter_card":"summary_large_image","twitter_creator":"@webdo_tn","twitter_site":"@webdo_tn","twitter_misc":{"\u00c9crit par":"Wided Belhaj","Dur\u00e9e de lecture estim\u00e9e":"2 minutes"},"schema":{"@context":"https:\/\/schema.org","@graph":[{"@type":"NewsArticle","@id":"https:\/\/www.webdo.tn\/fr\/actualite\/international\/a-gaza-lhumanite-a-echoue-le-roi-de-belgique-sort-de-sa-reserve\/380093\/#article","isPartOf":{"@id":"https:\/\/www.webdo.tn\/fr\/actualite\/international\/a-gaza-lhumanite-a-echoue-le-roi-de-belgique-sort-de-sa-reserve\/380093\/"},"author":{"name":"Wided Belhaj","@id":"https:\/\/www.webdo.tn\/fr\/#\/schema\/person\/b9ecde7a5574cb4fcf4b496ea5fadb15"},"headline":"A Gaza, \u00ab\u00a0l\u2019humanit\u00e9 a \u00e9chou\u00e9\u00a0\u00bb : Le Roi de Belgique sort de sa r\u00e9serve","datePublished":"2025-07-21T12:27:41+00:00","dateModified":"2025-07-21T12:27:44+00:00","mainEntityOfPage":{"@id":"https:\/\/www.webdo.tn\/fr\/actualite\/international\/a-gaza-lhumanite-a-echoue-le-roi-de-belgique-sort-de-sa-reserve\/380093\/"},"wordCount":292,"commentCount":0,"publisher":{"@id":"https:\/\/www.webdo.tn\/fr\/#organization"},"image":{"@id":"https:\/\/www.webdo.tn\/fr\/actualite\/international\/a-gaza-lhumanite-a-echoue-le-roi-de-belgique-sort-de-sa-reserve\/380093\/#primaryimage"},"thumbnailUrl":"https:\/\/www.webdo.tn\/fr\/wp-content\/uploads\/2025\/07\/2445687.jpg","keywords":["B\u00e9lgique","Gaza","guerre"],"articleSection":["International"],"inLanguage":"fr-FR"},{"@type":"WebPage","@id":"https:\/\/www.webdo.tn\/fr\/actualite\/international\/a-gaza-lhumanite-a-echoue-le-roi-de-belgique-sort-de-sa-reserve\/380093\/","url":"https:\/\/www.webdo.tn\/fr\/actualite\/international\/a-gaza-lhumanite-a-echoue-le-roi-de-belgique-sort-de-sa-reserve\/380093\/","name":"A Gaza, \"l\u2019humanit\u00e9 a \u00e9chou\u00e9\" : Le Roi de Belgique sort de sa r\u00e9serve - webdo","isPartOf":{"@id":"https:\/\/www.webdo.tn\/fr\/#website"},"primaryImageOfPage":{"@id":"https:\/\/www.webdo.tn\/fr\/actualite\/international\/a-gaza-lhumanite-a-echoue-le-roi-de-belgique-sort-de-sa-reserve\/380093\/#primaryimage"},"image":{"@id":"https:\/\/www.webdo.tn\/fr\/actualite\/international\/a-gaza-lhumanite-a-echoue-le-roi-de-belgique-sort-de-sa-reserve\/380093\/#primaryimage"},"thumbnailUrl":"https:\/\/www.webdo.tn\/fr\/wp-content\/uploads\/2025\/07\/2445687.jpg","datePublished":"2025-07-21T12:27:41+00:00","dateModified":"2025-07-21T12:27:44+00:00","description":"D\u00e9couvrez le discours audacieux du roi Philippe de Belgique le 21 juillet 2025, d\u00e9fiant les normes monarchiques avec force.","breadcrumb":{"@id":"https:\/\/www.webdo.tn\/fr\/actualite\/international\/a-gaza-lhumanite-a-echoue-le-roi-de-belgique-sort-de-sa-reserve\/380093\/#breadcrumb"},"inLanguage":"fr-FR","potentialAction":[{"@type":"ReadAction","target":["https:\/\/www.webdo.tn\/fr\/actualite\/international\/a-gaza-lhumanite-a-echoue-le-roi-de-belgique-sort-de-sa-reserve\/380093\/"]}]},{"@type":"ImageObject","inLanguage":"fr-FR","@id":"https:\/\/www.webdo.tn\/fr\/actualite\/international\/a-gaza-lhumanite-a-echoue-le-roi-de-belgique-sort-de-sa-reserve\/380093\/#primaryimage","url":"https:\/\/www.webdo.tn\/fr\/wp-content\/uploads\/2025\/07\/2445687.jpg","contentUrl":"https:\/\/www.webdo.tn\/fr\/wp-content\/uploads\/2025\/07\/2445687.jpg","width":940,"height":528},{"@type":"BreadcrumbList","@id":"https:\/\/www.webdo.tn\/fr\/actualite\/international\/a-gaza-lhumanite-a-echoue-le-roi-de-belgique-sort-de-sa-reserve\/380093\/#breadcrumb","itemListElement":[{"@type":"ListItem","position":1,"name":"Accueil","item":"https:\/\/www.webdo.tn\/fr\/"},{"@type":"ListItem","position":2,"name":"A Gaza, \u00ab\u00a0l\u2019humanit\u00e9 a \u00e9chou\u00e9\u00a0\u00bb : Le Roi de Belgique sort de sa r\u00e9serve"}]},{"@type":"WebSite","@id":"https:\/\/www.webdo.tn\/fr\/#website","url":"https:\/\/www.webdo.tn\/fr\/","name":"webdo","description":"Tunisie - News en Tunisie et \u00e0 l&#039;international sur Webdo.tn","publisher":{"@id":"https:\/\/www.webdo.tn\/fr\/#organization"},"potentialAction":[{"@type":"SearchAction","target":{"@type":"EntryPoint","urlTemplate":"https:\/\/www.webdo.tn\/fr\/?s={search_term_string}"},"query-input":{"@type":"PropertyValueSpecification","valueRequired":true,"valueName":"search_term_string"}}],"inLanguage":"fr-FR"},{"@type":"Organization","@id":"https:\/\/www.webdo.tn\/fr\/#organization","name":"Webdo","alternateName":"Webdo.tn","url":"https:\/\/www.webdo.tn\/fr\/","logo":{"@type":"ImageObject","inLanguage":"fr-FR","@id":"https:\/\/www.webdo.tn\/fr\/#\/schema\/logo\/image\/","url":"https:\/\/www.webdo.tn\/fr\/wp-content\/uploads\/2025\/06\/Webdo-Tunisie_168377.jpg","contentUrl":"https:\/\/www.webdo.tn\/fr\/wp-content\/uploads\/2025\/06\/Webdo-Tunisie_168377.jpg","width":301,"height":301,"caption":"Webdo"},"image":{"@id":"https:\/\/www.webdo.tn\/fr\/#\/schema\/logo\/image\/"},"sameAs":["https:\/\/www.facebook.com\/webdotn","https:\/\/x.com\/webdo_tn"],"description":"Webdo est un m\u00e9dia num\u00e9rique tunisien fond\u00e9 en 2010, sp\u00e9cialis\u00e9 dans l\u2019actualit\u00e9 nationale et internationale, l\u2019\u00e9conomie, la soci\u00e9t\u00e9 et les analyses politiques. Le site s\u2019adresse \u00e0 un large public francophone et couvre l\u2019information tunisienne en temps r\u00e9el.","email":"redac@webdo.tn","legalName":"YNJ SARL","foundingDate":"2010-09-06","numberOfEmployees":{"@type":"QuantitativeValue","minValue":"11","maxValue":"50"}},{"@type":"Person","@id":"https:\/\/www.webdo.tn\/fr\/#\/schema\/person\/b9ecde7a5574cb4fcf4b496ea5fadb15","name":"Wided Belhaj","image":{"@type":"ImageObject","inLanguage":"fr-FR","@id":"https:\/\/www.webdo.tn\/fr\/wp-content\/uploads\/2026\/04\/wided-belhaj_avatar-96x96.jpg","url":"https:\/\/www.webdo.tn\/fr\/wp-content\/uploads\/2026\/04\/wided-belhaj_avatar-96x96.jpg","contentUrl":"https:\/\/www.webdo.tn\/fr\/wp-content\/uploads\/2026\/04\/wided-belhaj_avatar-96x96.jpg","caption":"Wided Belhaj"},"description":"Wided Belhaj est le pseudonyme \u00e9ditorial utilis\u00e9 par Khalil Jelassi, journaliste, ma\u00eetre-assistant \u00e0 l\u2019Institut de presse et des sciences de l\u2019information (IPSI) et chercheur en sciences de l\u2019information et de la communication. Cette signature est d\u00e9di\u00e9e \u00e0 l\u2019analyse des m\u00e9dias, des pratiques journalistiques et des mutations de l\u2019information \u00e0 l\u2019\u00e8re digitale. \u00c0 travers ses contributions, Wided Belhaj propose une lecture analytique de l\u2019actualit\u00e9, en croisant regard critique et expertise acad\u00e9mique.","knowsAbout":["m\u00e9dias","journalisme","communication","information","transformation num\u00e9rique","analyse des m\u00e9dias"],"knowsLanguage":["Fran\u00e7ais","Arabe"],"jobTitle":"Webdo.tn","worksFor":"Journaliste \u2013 Analyse des m\u00e9dias","url":"https:\/\/www.webdo.tn\/fr\/actualite\/author\/wided-belhaj\/"}]}},"_links":{"self":[{"href":"https:\/\/www.webdo.tn\/fr\/wp-json\/wp\/v2\/posts\/380093","targetHints":{"allow":["GET"]}}],"collection":[{"href":"https:\/\/www.webdo.tn\/fr\/wp-json\/wp\/v2\/posts"}],"about":[{"href":"https:\/\/www.webdo.tn\/fr\/wp-json\/wp\/v2\/types\/post"}],"author":[{"embeddable":true,"href":"https:\/\/www.webdo.tn\/fr\/wp-json\/wp\/v2\/users\/3184"}],"replies":[{"embeddable":true,"href":"https:\/\/www.webdo.tn\/fr\/wp-json\/wp\/v2\/comments?post=380093"}],"version-history":[{"count":0,"href":"https:\/\/www.webdo.tn\/fr\/wp-json\/wp\/v2\/posts\/380093\/revisions"}],"wp:featuredmedia":[{"embeddable":true,"href":"https:\/\/www.webdo.tn\/fr\/wp-json\/wp\/v2\/media\/380095"}],"wp:attachment":[{"href":"https:\/\/www.webdo.tn\/fr\/wp-json\/wp\/v2\/media?parent=380093"}],"wp:term":[{"taxonomy":"category","embeddable":true,"href":"https:\/\/www.webdo.tn\/fr\/wp-json\/wp\/v2\/categories?post=380093"},{"taxonomy":"post_tag","embeddable":true,"href":"https:\/\/www.webdo.tn\/fr\/wp-json\/wp\/v2\/tags?post=380093"}],"curies":[{"name":"wp","href":"https:\/\/api.w.org\/{rel}","templated":true}]}}