{"id":380065,"date":"2025-07-21T11:18:09","date_gmt":"2025-07-21T10:18:09","guid":{"rendered":"https:\/\/www.webdo.tn\/fr\/?p=380065"},"modified":"2025-07-21T11:18:10","modified_gmt":"2025-07-21T10:18:10","slug":"hyundai-lance-en-tunisie-son-nouveau-tucson-hybride-restyle","status":"publish","type":"post","link":"https:\/\/www.webdo.tn\/fr\/actualite\/national\/hyundai-lance-en-tunisie-son-nouveau-tucson-hybride-restyle\/380065\/","title":{"rendered":"Hyundai lance en Tunisie son nouveau Tucson Hybride restyl\u00e9"},"content":{"rendered":"\n<p><strong>Alpha Hyundai Motor, repr\u00e9sentant officiel de la marque Hyundai en Tunisie, annonce la commercialisation du tout nouveau Tucson Hybride restyl\u00e9, un mod\u00e8le innovant qui vient enrichir sa gamme de SUV prim\u00e9s \u00e0 l\u2019\u00e9chelle internationale. Ce v\u00e9hicule combine puissance, design audacieux et technologies de pointe pour offrir une exp\u00e9rience de conduite unique.<\/strong><\/p>\n\n\n\n<p>Dot\u00e9 d\u2019une puissance fiscale de 9 CV et d\u2019une puissance r\u00e9elle de 230 chevaux DIN, le nouveau Tucson Hybride se distingue par son allure moderne et ses \u00e9quipements haut de gamme, conjuguant performance et raffinement.<\/p>\n\n\n\n<p><strong>Un habitacle enti\u00e8rement repens\u00e9<\/strong><\/p>\n\n\n\n<p>L\u2019int\u00e9rieur du Tucson a \u00e9t\u00e9 repens\u00e9 de fond en comble pour offrir une ambiance r\u00e9solument futuriste. Le point fort de ce nouveau design est son tableau de bord incurv\u00e9 digital TFT LCD de 12,3 pouces, qui offre au conducteur une interface moderne, intuitive et immersive.<\/p>\n\n\n\n<p>Le confort n\u2019est pas en reste : l\u2019habitacle se pare de si\u00e8ges en cuir, d\u2019un tableau de bord \u00e9galement rev\u00eatu de cuir, et d\u2019un syst\u00e8me audio premium sign\u00e9 BOSE, pour une qualit\u00e9 sonore optimale. Le syst\u00e8me multim\u00e9dia comprend un \u00e9cran tactile TFT LCD couleur de 12,3 pouces, compatible avec Apple CarPlay et Android Auto, compl\u00e9t\u00e9 par un chargeur sans fil.<\/p>\n\n\n\n<p><strong>Des technologies de s\u00e9curit\u00e9 avanc\u00e9es<\/strong><\/p>\n\n\n\n<p>Le Tucson Hybride int\u00e8gre les derni\u00e8res innovations en mati\u00e8re de s\u00e9curit\u00e9. Il est \u00e9quip\u00e9 d\u2019une cam\u00e9ra \u00e0 360\u00b0, d\u2019un d\u00e9tecteur d\u2019angles morts et d\u2019un syst\u00e8me de d\u00e9tection d\u2019obstacles \u00e0 l\u2019avant. Deux nouvelles aides \u00e0 la conduite viennent renforcer la s\u00e9curit\u00e9 :<\/p>\n\n\n\n<ul class=\"wp-block-list\">\n<li>L\u2019Assistance au Suivi de Voie (LKA), qui corrige activement la trajectoire du v\u00e9hicule,<\/li>\n\n\n\n<li>Le Maintien dans la Voie (LFA), qui ajuste la direction pour maintenir le v\u00e9hicule au centre de sa voie.<\/li>\n<\/ul>\n\n\n\n<p>\u00c0 cela s\u2019ajoutent un toit ouvrant panoramique, des jantes en aluminium de 19 pouces, un \u00e9clairage Full LED \u00e0 l\u2019avant, ainsi que des feux de route intelligents.<\/p>\n\n\n\n<p><strong>Une solution hybride \u00e9conomique et durable<\/strong><\/p>\n\n\n\n<p>Le nouveau Tucson Hybride allie \u00e9l\u00e9gance, performance et engagement environnemental gr\u00e2ce \u00e0 sa motorisation hybride de derni\u00e8re g\u00e9n\u00e9ration, con\u00e7ue pour r\u00e9duire la consommation de carburant et les \u00e9missions polluantes.<\/p>\n\n\n\n<p>Il est propos\u00e9 avec une garantie de 5 ans ou 100.000 km, preuve de la fiabilit\u00e9 reconnue de la marque. Disponible d\u00e8s maintenant \u00e0 partir de 185.000 dinars, le Tucson Hybride offre une nouvelle mani\u00e8re de conduire : moderne, responsable et technologique.<\/p>\n\n\n\n<p>Pour plus d\u2019informations, visitez le site officiel <a href=\"https:\/\/hyundai.com.tn\">https:\/\/hyundai.com.tn<\/a> ou contactez Hyundai Tunisie au 70 130 600.<\/p>\n\n\n\n<p><\/p>\n\n\n\n<ul class=\"wp-block-list\">\n<li>Lire aussi : <a href=\"https:\/\/www.webdo.tn\/fr\/actualite\/national\/hyundai-gros-tunisie-decroche-le-label-oea-un-tournant-strategique-pour-la-logistique-automobile\/379925\/\">Hyundai Gros Tunisie d\u00e9croche le label OEA : Un tournant strat\u00e9gique pour la logistique automobile<\/a><\/li>\n\n\n\n<li>Lire aussi : <a href=\"https:\/\/www.webdo.tn\/fr\/actualite\/national\/hyundai-tunisie-offre-une-premiere-vague-despoir-a-des-enfants-orphelins\/379838\/\">Hyundai Tunisie offre une premi\u00e8re vague d\u2019espoir \u00e0 des enfants orphelins<\/a><\/li>\n\n\n\n<li>Lire aussi : <a href=\"https:\/\/www.webdo.tn\/fr\/actualite\/tendances\/hyundai-tunisie-innove-avec-son-application-mobile-myhyundaitunisia\/378151\/\">Hyundai Tunisie innove avec son application mobile \u00ab MyHyundaiTunisia \u00bb<\/a><\/li>\n<\/ul>\n","protected":false},"excerpt":{"rendered":"<p>Alpha Hyundai Motor, repr\u00e9sentant officiel de la marque Hyundai en Tunisie, annonce la commercialisation du tout nouveau Tucson Hybride restyl\u00e9, un mod\u00e8le innovant qui vient enrichir sa gamme de SUV prim\u00e9s \u00e0 l\u2019\u00e9chelle internationale. Ce v\u00e9hicule combine puissance, design audacieux et technologies de pointe pour offrir une exp\u00e9rience de conduite unique. Dot\u00e9 d\u2019une puissance fiscale [&hellip;]<\/p>\n","protected":false},"author":3191,"featured_media":380066,"comment_status":"open","ping_status":"open","sticky":false,"template":"","format":"standard","meta":{"footnotes":""},"categories":[44,11909],"tags":[3232,3499,12274,2608],"class_list":["post-380065","post","type-post","status-publish","format-standard","has-post-thumbnail","hentry","category-national","category-tendances","tag-alpha-hyundai-motor","tag-hyundai","tag-tucson-hybride","tag-tunisie"],"yoast_head":"<!-- This site is optimized with the Yoast SEO Premium plugin v27.5 (Yoast SEO v27.5) - https:\/\/yoast.com\/product\/yoast-seo-premium-wordpress\/ -->\n<title>Hyundai lance en Tunisie son nouveau Tucson Hybride restyl\u00e9 - webdo<\/title>\n<meta name=\"description\" content=\"D\u00e9couvrez le nouveau Tucson Hybride de Hyundai, alliant puissance, design \u00e9l\u00e9gant et technologies avanc\u00e9es.\" \/>\n<link rel=\"canonical\" href=\"https:\/\/www.webdo.tn\/fr\/actualite\/national\/hyundai-lance-en-tunisie-son-nouveau-tucson-hybride-restyle\/380065\/\" \/>\n<meta property=\"og:locale\" content=\"fr_FR\" \/>\n<meta property=\"og:type\" content=\"article\" \/>\n<meta property=\"og:title\" content=\"Hyundai lance en Tunisie son nouveau Tucson Hybride restyl\u00e9\" \/>\n<meta property=\"og:description\" content=\"D\u00e9couvrez le nouveau Tucson Hybride de Hyundai, alliant puissance, design \u00e9l\u00e9gant et technologies avanc\u00e9es.\" \/>\n<meta property=\"og:url\" content=\"https:\/\/www.webdo.tn\/fr\/actualite\/national\/hyundai-lance-en-tunisie-son-nouveau-tucson-hybride-restyle\/380065\/\" \/>\n<meta property=\"og:site_name\" content=\"webdo\" \/>\n<meta property=\"article:publisher\" content=\"https:\/\/www.facebook.com\/webdotn\" \/>\n<meta property=\"article:published_time\" content=\"2025-07-21T10:18:09+00:00\" \/>\n<meta property=\"article:modified_time\" content=\"2025-07-21T10:18:10+00:00\" \/>\n<meta property=\"og:image\" content=\"https:\/\/www.webdo.tn\/fr\/wp-content\/uploads\/2025\/07\/2TH-copie.jpg\" \/>\n\t<meta property=\"og:image:width\" content=\"1680\" \/>\n\t<meta property=\"og:image:height\" content=\"820\" \/>\n\t<meta property=\"og:image:type\" content=\"image\/jpeg\" \/>\n<meta name=\"author\" content=\"Mohamed Hedi Touati\" \/>\n<meta name=\"twitter:card\" content=\"summary_large_image\" \/>\n<meta name=\"twitter:creator\" content=\"@webdo_tn\" \/>\n<meta name=\"twitter:site\" content=\"@webdo_tn\" \/>\n<meta name=\"twitter:label1\" content=\"\u00c9crit par\" \/>\n\t<meta name=\"twitter:data1\" content=\"Mohamed Hedi Touati\" \/>\n\t<meta name=\"twitter:label2\" content=\"Dur\u00e9e de lecture estim\u00e9e\" \/>\n\t<meta name=\"twitter:data2\" content=\"3 minutes\" \/>\n<script type=\"application\/ld+json\" class=\"yoast-schema-graph\">{\"@context\":\"https:\\\/\\\/schema.org\",\"@graph\":[{\"@type\":\"NewsArticle\",\"@id\":\"https:\\\/\\\/www.webdo.tn\\\/fr\\\/actualite\\\/national\\\/hyundai-lance-en-tunisie-son-nouveau-tucson-hybride-restyle\\\/380065\\\/#article\",\"isPartOf\":{\"@id\":\"https:\\\/\\\/www.webdo.tn\\\/fr\\\/actualite\\\/national\\\/hyundai-lance-en-tunisie-son-nouveau-tucson-hybride-restyle\\\/380065\\\/\"},\"author\":{\"name\":\"Mohamed Hedi Touati\",\"@id\":\"https:\\\/\\\/www.webdo.tn\\\/fr\\\/#\\\/schema\\\/person\\\/c652cd8fc2b1b44412b5ffb48c5a911d\"},\"headline\":\"Hyundai lance en Tunisie son nouveau Tucson Hybride restyl\u00e9\",\"datePublished\":\"2025-07-21T10:18:09+00:00\",\"dateModified\":\"2025-07-21T10:18:10+00:00\",\"mainEntityOfPage\":{\"@id\":\"https:\\\/\\\/www.webdo.tn\\\/fr\\\/actualite\\\/national\\\/hyundai-lance-en-tunisie-son-nouveau-tucson-hybride-restyle\\\/380065\\\/\"},\"wordCount\":479,\"commentCount\":0,\"publisher\":{\"@id\":\"https:\\\/\\\/www.webdo.tn\\\/fr\\\/#organization\"},\"image\":{\"@id\":\"https:\\\/\\\/www.webdo.tn\\\/fr\\\/actualite\\\/national\\\/hyundai-lance-en-tunisie-son-nouveau-tucson-hybride-restyle\\\/380065\\\/#primaryimage\"},\"thumbnailUrl\":\"https:\\\/\\\/www.webdo.tn\\\/fr\\\/wp-content\\\/uploads\\\/2025\\\/07\\\/2TH-copie.jpg\",\"keywords\":[\"Alpha Hyundai Motor\",\"Hyundai\",\"Tucson Hybride\",\"Tunisie\"],\"articleSection\":[\"National\",\"Tendances\"],\"inLanguage\":\"fr-FR\"},{\"@type\":\"WebPage\",\"@id\":\"https:\\\/\\\/www.webdo.tn\\\/fr\\\/actualite\\\/national\\\/hyundai-lance-en-tunisie-son-nouveau-tucson-hybride-restyle\\\/380065\\\/\",\"url\":\"https:\\\/\\\/www.webdo.tn\\\/fr\\\/actualite\\\/national\\\/hyundai-lance-en-tunisie-son-nouveau-tucson-hybride-restyle\\\/380065\\\/\",\"name\":\"Hyundai lance en Tunisie son nouveau Tucson Hybride restyl\u00e9 - webdo\",\"isPartOf\":{\"@id\":\"https:\\\/\\\/www.webdo.tn\\\/fr\\\/#website\"},\"primaryImageOfPage\":{\"@id\":\"https:\\\/\\\/www.webdo.tn\\\/fr\\\/actualite\\\/national\\\/hyundai-lance-en-tunisie-son-nouveau-tucson-hybride-restyle\\\/380065\\\/#primaryimage\"},\"image\":{\"@id\":\"https:\\\/\\\/www.webdo.tn\\\/fr\\\/actualite\\\/national\\\/hyundai-lance-en-tunisie-son-nouveau-tucson-hybride-restyle\\\/380065\\\/#primaryimage\"},\"thumbnailUrl\":\"https:\\\/\\\/www.webdo.tn\\\/fr\\\/wp-content\\\/uploads\\\/2025\\\/07\\\/2TH-copie.jpg\",\"datePublished\":\"2025-07-21T10:18:09+00:00\",\"dateModified\":\"2025-07-21T10:18:10+00:00\",\"description\":\"D\u00e9couvrez le nouveau Tucson Hybride de Hyundai, alliant puissance, design \u00e9l\u00e9gant et technologies avanc\u00e9es.\",\"breadcrumb\":{\"@id\":\"https:\\\/\\\/www.webdo.tn\\\/fr\\\/actualite\\\/national\\\/hyundai-lance-en-tunisie-son-nouveau-tucson-hybride-restyle\\\/380065\\\/#breadcrumb\"},\"inLanguage\":\"fr-FR\",\"potentialAction\":[{\"@type\":\"ReadAction\",\"target\":[\"https:\\\/\\\/www.webdo.tn\\\/fr\\\/actualite\\\/national\\\/hyundai-lance-en-tunisie-son-nouveau-tucson-hybride-restyle\\\/380065\\\/\"]}]},{\"@type\":\"ImageObject\",\"inLanguage\":\"fr-FR\",\"@id\":\"https:\\\/\\\/www.webdo.tn\\\/fr\\\/actualite\\\/national\\\/hyundai-lance-en-tunisie-son-nouveau-tucson-hybride-restyle\\\/380065\\\/#primaryimage\",\"url\":\"https:\\\/\\\/www.webdo.tn\\\/fr\\\/wp-content\\\/uploads\\\/2025\\\/07\\\/2TH-copie.jpg\",\"contentUrl\":\"https:\\\/\\\/www.webdo.tn\\\/fr\\\/wp-content\\\/uploads\\\/2025\\\/07\\\/2TH-copie.jpg\",\"width\":1680,\"height\":820,\"caption\":\"Hyundai lance en Tunisie son nouveau Tucson Hybride restyl\u00e9\"},{\"@type\":\"BreadcrumbList\",\"@id\":\"https:\\\/\\\/www.webdo.tn\\\/fr\\\/actualite\\\/national\\\/hyundai-lance-en-tunisie-son-nouveau-tucson-hybride-restyle\\\/380065\\\/#breadcrumb\",\"itemListElement\":[{\"@type\":\"ListItem\",\"position\":1,\"name\":\"Accueil\",\"item\":\"https:\\\/\\\/www.webdo.tn\\\/fr\\\/\"},{\"@type\":\"ListItem\",\"position\":2,\"name\":\"Hyundai lance en Tunisie son nouveau Tucson Hybride restyl\u00e9\"}]},{\"@type\":\"WebSite\",\"@id\":\"https:\\\/\\\/www.webdo.tn\\\/fr\\\/#website\",\"url\":\"https:\\\/\\\/www.webdo.tn\\\/fr\\\/\",\"name\":\"webdo\",\"description\":\"Tunisie - News en Tunisie et \u00e0 l&#039;international sur Webdo.tn\",\"publisher\":{\"@id\":\"https:\\\/\\\/www.webdo.tn\\\/fr\\\/#organization\"},\"potentialAction\":[{\"@type\":\"SearchAction\",\"target\":{\"@type\":\"EntryPoint\",\"urlTemplate\":\"https:\\\/\\\/www.webdo.tn\\\/fr\\\/?s={search_term_string}\"},\"query-input\":{\"@type\":\"PropertyValueSpecification\",\"valueRequired\":true,\"valueName\":\"search_term_string\"}}],\"inLanguage\":\"fr-FR\"},{\"@type\":\"Organization\",\"@id\":\"https:\\\/\\\/www.webdo.tn\\\/fr\\\/#organization\",\"name\":\"Webdo\",\"alternateName\":\"Webdo.tn\",\"url\":\"https:\\\/\\\/www.webdo.tn\\\/fr\\\/\",\"logo\":{\"@type\":\"ImageObject\",\"inLanguage\":\"fr-FR\",\"@id\":\"https:\\\/\\\/www.webdo.tn\\\/fr\\\/#\\\/schema\\\/logo\\\/image\\\/\",\"url\":\"https:\\\/\\\/www.webdo.tn\\\/fr\\\/wp-content\\\/uploads\\\/2025\\\/06\\\/Webdo-Tunisie_168377.jpg\",\"contentUrl\":\"https:\\\/\\\/www.webdo.tn\\\/fr\\\/wp-content\\\/uploads\\\/2025\\\/06\\\/Webdo-Tunisie_168377.jpg\",\"width\":301,\"height\":301,\"caption\":\"Webdo\"},\"image\":{\"@id\":\"https:\\\/\\\/www.webdo.tn\\\/fr\\\/#\\\/schema\\\/logo\\\/image\\\/\"},\"sameAs\":[\"https:\\\/\\\/www.facebook.com\\\/webdotn\",\"https:\\\/\\\/x.com\\\/webdo_tn\"],\"description\":\"Webdo est un m\u00e9dia num\u00e9rique tunisien fond\u00e9 en 2010, sp\u00e9cialis\u00e9 dans l\u2019actualit\u00e9 nationale et internationale, l\u2019\u00e9conomie, la soci\u00e9t\u00e9 et les analyses politiques. Le site s\u2019adresse \u00e0 un large public francophone et couvre l\u2019information tunisienne en temps r\u00e9el.\",\"email\":\"redac@webdo.tn\",\"legalName\":\"YNJ SARL\",\"foundingDate\":\"2010-09-06\",\"numberOfEmployees\":{\"@type\":\"QuantitativeValue\",\"minValue\":\"11\",\"maxValue\":\"50\"}},{\"@type\":\"Person\",\"@id\":\"https:\\\/\\\/www.webdo.tn\\\/fr\\\/#\\\/schema\\\/person\\\/c652cd8fc2b1b44412b5ffb48c5a911d\",\"name\":\"Mohamed Hedi Touati\",\"image\":{\"@type\":\"ImageObject\",\"inLanguage\":\"fr-FR\",\"@id\":\"https:\\\/\\\/secure.gravatar.com\\\/avatar\\\/9cfd402c745b7a685f13eed0ea6e59d2144a3c2fc50a3db6fd5ed451f6cddf1a?s=96&d=mm&r=g\",\"url\":\"https:\\\/\\\/secure.gravatar.com\\\/avatar\\\/9cfd402c745b7a685f13eed0ea6e59d2144a3c2fc50a3db6fd5ed451f6cddf1a?s=96&d=mm&r=g\",\"contentUrl\":\"https:\\\/\\\/secure.gravatar.com\\\/avatar\\\/9cfd402c745b7a685f13eed0ea6e59d2144a3c2fc50a3db6fd5ed451f6cddf1a?s=96&d=mm&r=g\",\"caption\":\"Mohamed Hedi Touati\"},\"url\":\"https:\\\/\\\/www.webdo.tn\\\/fr\\\/actualite\\\/author\\\/mohamed-hedi-touati\\\/\"}]}<\/script>\n<!-- \/ Yoast SEO Premium plugin. -->","yoast_head_json":{"title":"Hyundai lance en Tunisie son nouveau Tucson Hybride restyl\u00e9 - webdo","description":"D\u00e9couvrez le nouveau Tucson Hybride de Hyundai, alliant puissance, design \u00e9l\u00e9gant et technologies avanc\u00e9es.","canonical":"https:\/\/www.webdo.tn\/fr\/actualite\/national\/hyundai-lance-en-tunisie-son-nouveau-tucson-hybride-restyle\/380065\/","og_locale":"fr_FR","og_type":"article","og_title":"Hyundai lance en Tunisie son nouveau Tucson Hybride restyl\u00e9","og_description":"D\u00e9couvrez le nouveau Tucson Hybride de Hyundai, alliant puissance, design \u00e9l\u00e9gant et technologies avanc\u00e9es.","og_url":"https:\/\/www.webdo.tn\/fr\/actualite\/national\/hyundai-lance-en-tunisie-son-nouveau-tucson-hybride-restyle\/380065\/","og_site_name":"webdo","article_publisher":"https:\/\/www.facebook.com\/webdotn","article_published_time":"2025-07-21T10:18:09+00:00","article_modified_time":"2025-07-21T10:18:10+00:00","og_image":[{"width":1680,"height":820,"url":"https:\/\/www.webdo.tn\/fr\/wp-content\/uploads\/2025\/07\/2TH-copie.jpg","type":"image\/jpeg"}],"author":"Mohamed Hedi Touati","twitter_card":"summary_large_image","twitter_creator":"@webdo_tn","twitter_site":"@webdo_tn","twitter_misc":{"\u00c9crit par":"Mohamed Hedi Touati","Dur\u00e9e de lecture estim\u00e9e":"3 minutes"},"schema":{"@context":"https:\/\/schema.org","@graph":[{"@type":"NewsArticle","@id":"https:\/\/www.webdo.tn\/fr\/actualite\/national\/hyundai-lance-en-tunisie-son-nouveau-tucson-hybride-restyle\/380065\/#article","isPartOf":{"@id":"https:\/\/www.webdo.tn\/fr\/actualite\/national\/hyundai-lance-en-tunisie-son-nouveau-tucson-hybride-restyle\/380065\/"},"author":{"name":"Mohamed Hedi Touati","@id":"https:\/\/www.webdo.tn\/fr\/#\/schema\/person\/c652cd8fc2b1b44412b5ffb48c5a911d"},"headline":"Hyundai lance en Tunisie son nouveau Tucson Hybride restyl\u00e9","datePublished":"2025-07-21T10:18:09+00:00","dateModified":"2025-07-21T10:18:10+00:00","mainEntityOfPage":{"@id":"https:\/\/www.webdo.tn\/fr\/actualite\/national\/hyundai-lance-en-tunisie-son-nouveau-tucson-hybride-restyle\/380065\/"},"wordCount":479,"commentCount":0,"publisher":{"@id":"https:\/\/www.webdo.tn\/fr\/#organization"},"image":{"@id":"https:\/\/www.webdo.tn\/fr\/actualite\/national\/hyundai-lance-en-tunisie-son-nouveau-tucson-hybride-restyle\/380065\/#primaryimage"},"thumbnailUrl":"https:\/\/www.webdo.tn\/fr\/wp-content\/uploads\/2025\/07\/2TH-copie.jpg","keywords":["Alpha Hyundai Motor","Hyundai","Tucson Hybride","Tunisie"],"articleSection":["National","Tendances"],"inLanguage":"fr-FR"},{"@type":"WebPage","@id":"https:\/\/www.webdo.tn\/fr\/actualite\/national\/hyundai-lance-en-tunisie-son-nouveau-tucson-hybride-restyle\/380065\/","url":"https:\/\/www.webdo.tn\/fr\/actualite\/national\/hyundai-lance-en-tunisie-son-nouveau-tucson-hybride-restyle\/380065\/","name":"Hyundai lance en Tunisie son nouveau Tucson Hybride restyl\u00e9 - webdo","isPartOf":{"@id":"https:\/\/www.webdo.tn\/fr\/#website"},"primaryImageOfPage":{"@id":"https:\/\/www.webdo.tn\/fr\/actualite\/national\/hyundai-lance-en-tunisie-son-nouveau-tucson-hybride-restyle\/380065\/#primaryimage"},"image":{"@id":"https:\/\/www.webdo.tn\/fr\/actualite\/national\/hyundai-lance-en-tunisie-son-nouveau-tucson-hybride-restyle\/380065\/#primaryimage"},"thumbnailUrl":"https:\/\/www.webdo.tn\/fr\/wp-content\/uploads\/2025\/07\/2TH-copie.jpg","datePublished":"2025-07-21T10:18:09+00:00","dateModified":"2025-07-21T10:18:10+00:00","description":"D\u00e9couvrez le nouveau Tucson Hybride de Hyundai, alliant puissance, design \u00e9l\u00e9gant et technologies avanc\u00e9es.","breadcrumb":{"@id":"https:\/\/www.webdo.tn\/fr\/actualite\/national\/hyundai-lance-en-tunisie-son-nouveau-tucson-hybride-restyle\/380065\/#breadcrumb"},"inLanguage":"fr-FR","potentialAction":[{"@type":"ReadAction","target":["https:\/\/www.webdo.tn\/fr\/actualite\/national\/hyundai-lance-en-tunisie-son-nouveau-tucson-hybride-restyle\/380065\/"]}]},{"@type":"ImageObject","inLanguage":"fr-FR","@id":"https:\/\/www.webdo.tn\/fr\/actualite\/national\/hyundai-lance-en-tunisie-son-nouveau-tucson-hybride-restyle\/380065\/#primaryimage","url":"https:\/\/www.webdo.tn\/fr\/wp-content\/uploads\/2025\/07\/2TH-copie.jpg","contentUrl":"https:\/\/www.webdo.tn\/fr\/wp-content\/uploads\/2025\/07\/2TH-copie.jpg","width":1680,"height":820,"caption":"Hyundai lance en Tunisie son nouveau Tucson Hybride restyl\u00e9"},{"@type":"BreadcrumbList","@id":"https:\/\/www.webdo.tn\/fr\/actualite\/national\/hyundai-lance-en-tunisie-son-nouveau-tucson-hybride-restyle\/380065\/#breadcrumb","itemListElement":[{"@type":"ListItem","position":1,"name":"Accueil","item":"https:\/\/www.webdo.tn\/fr\/"},{"@type":"ListItem","position":2,"name":"Hyundai lance en Tunisie son nouveau Tucson Hybride restyl\u00e9"}]},{"@type":"WebSite","@id":"https:\/\/www.webdo.tn\/fr\/#website","url":"https:\/\/www.webdo.tn\/fr\/","name":"webdo","description":"Tunisie - News en Tunisie et \u00e0 l&#039;international sur Webdo.tn","publisher":{"@id":"https:\/\/www.webdo.tn\/fr\/#organization"},"potentialAction":[{"@type":"SearchAction","target":{"@type":"EntryPoint","urlTemplate":"https:\/\/www.webdo.tn\/fr\/?s={search_term_string}"},"query-input":{"@type":"PropertyValueSpecification","valueRequired":true,"valueName":"search_term_string"}}],"inLanguage":"fr-FR"},{"@type":"Organization","@id":"https:\/\/www.webdo.tn\/fr\/#organization","name":"Webdo","alternateName":"Webdo.tn","url":"https:\/\/www.webdo.tn\/fr\/","logo":{"@type":"ImageObject","inLanguage":"fr-FR","@id":"https:\/\/www.webdo.tn\/fr\/#\/schema\/logo\/image\/","url":"https:\/\/www.webdo.tn\/fr\/wp-content\/uploads\/2025\/06\/Webdo-Tunisie_168377.jpg","contentUrl":"https:\/\/www.webdo.tn\/fr\/wp-content\/uploads\/2025\/06\/Webdo-Tunisie_168377.jpg","width":301,"height":301,"caption":"Webdo"},"image":{"@id":"https:\/\/www.webdo.tn\/fr\/#\/schema\/logo\/image\/"},"sameAs":["https:\/\/www.facebook.com\/webdotn","https:\/\/x.com\/webdo_tn"],"description":"Webdo est un m\u00e9dia num\u00e9rique tunisien fond\u00e9 en 2010, sp\u00e9cialis\u00e9 dans l\u2019actualit\u00e9 nationale et internationale, l\u2019\u00e9conomie, la soci\u00e9t\u00e9 et les analyses politiques. Le site s\u2019adresse \u00e0 un large public francophone et couvre l\u2019information tunisienne en temps r\u00e9el.","email":"redac@webdo.tn","legalName":"YNJ SARL","foundingDate":"2010-09-06","numberOfEmployees":{"@type":"QuantitativeValue","minValue":"11","maxValue":"50"}},{"@type":"Person","@id":"https:\/\/www.webdo.tn\/fr\/#\/schema\/person\/c652cd8fc2b1b44412b5ffb48c5a911d","name":"Mohamed Hedi Touati","image":{"@type":"ImageObject","inLanguage":"fr-FR","@id":"https:\/\/secure.gravatar.com\/avatar\/9cfd402c745b7a685f13eed0ea6e59d2144a3c2fc50a3db6fd5ed451f6cddf1a?s=96&d=mm&r=g","url":"https:\/\/secure.gravatar.com\/avatar\/9cfd402c745b7a685f13eed0ea6e59d2144a3c2fc50a3db6fd5ed451f6cddf1a?s=96&d=mm&r=g","contentUrl":"https:\/\/secure.gravatar.com\/avatar\/9cfd402c745b7a685f13eed0ea6e59d2144a3c2fc50a3db6fd5ed451f6cddf1a?s=96&d=mm&r=g","caption":"Mohamed Hedi Touati"},"url":"https:\/\/www.webdo.tn\/fr\/actualite\/author\/mohamed-hedi-touati\/"}]}},"_links":{"self":[{"href":"https:\/\/www.webdo.tn\/fr\/wp-json\/wp\/v2\/posts\/380065","targetHints":{"allow":["GET"]}}],"collection":[{"href":"https:\/\/www.webdo.tn\/fr\/wp-json\/wp\/v2\/posts"}],"about":[{"href":"https:\/\/www.webdo.tn\/fr\/wp-json\/wp\/v2\/types\/post"}],"author":[{"embeddable":true,"href":"https:\/\/www.webdo.tn\/fr\/wp-json\/wp\/v2\/users\/3191"}],"replies":[{"embeddable":true,"href":"https:\/\/www.webdo.tn\/fr\/wp-json\/wp\/v2\/comments?post=380065"}],"version-history":[{"count":0,"href":"https:\/\/www.webdo.tn\/fr\/wp-json\/wp\/v2\/posts\/380065\/revisions"}],"wp:featuredmedia":[{"embeddable":true,"href":"https:\/\/www.webdo.tn\/fr\/wp-json\/wp\/v2\/media\/380066"}],"wp:attachment":[{"href":"https:\/\/www.webdo.tn\/fr\/wp-json\/wp\/v2\/media?parent=380065"}],"wp:term":[{"taxonomy":"category","embeddable":true,"href":"https:\/\/www.webdo.tn\/fr\/wp-json\/wp\/v2\/categories?post=380065"},{"taxonomy":"post_tag","embeddable":true,"href":"https:\/\/www.webdo.tn\/fr\/wp-json\/wp\/v2\/tags?post=380065"}],"curies":[{"name":"wp","href":"https:\/\/api.w.org\/{rel}","templated":true}]}}