{"id":380057,"date":"2025-07-21T10:50:48","date_gmt":"2025-07-21T09:50:48","guid":{"rendered":"https:\/\/www.webdo.tn\/fr\/?p=380057"},"modified":"2025-07-21T11:35:24","modified_gmt":"2025-07-21T10:35:24","slug":"donnees-personnelles-la-tunisie-revise-sa-legislation-pour-saligner-aux-normes-internationales","status":"publish","type":"post","link":"https:\/\/www.webdo.tn\/fr\/actualite\/national\/donnees-personnelles-la-tunisie-revise-sa-legislation-pour-saligner-aux-normes-internationales\/380057\/","title":{"rendered":"Donn\u00e9es personnelles : La Tunisie r\u00e9vise sa l\u00e9gislation pour s\u2019aligner aux normes internationales"},"content":{"rendered":"\n<p><strong>L\u2019Assembl\u00e9e des repr\u00e9sentants du peuple examine un projet de loi sur la protection des donn\u00e9es personnelles, visant \u00e0 instaurer un cadre l\u00e9gal moderne conforme aux normes internationales et \u00e0 cr\u00e9er une nouvelle autorit\u00e9 ind\u00e9pendante de r\u00e9gulation.<\/strong><\/p>\n\n\n\n<p><strong>Moderniser le cadre l\u00e9gal existant<\/strong><\/p>\n\n\n\n<p>Le projet de loi fondamentale relatif \u00e0 la protection des donn\u00e9es personnelles a \u00e9t\u00e9 soumis par le bureau de l\u2019ARP, mercredi dernier, \u00e0 la commission des droits et libert\u00e9s pour \u00e9tude. Compos\u00e9 de 132 articles r\u00e9partis en six chapitres, le texte entend moderniser le cadre l\u00e9gal existant, jug\u00e9 obsol\u00e8te et inadapt\u00e9 aux mutations technologiques actuelles.<\/p>\n\n\n\n<p>Le texte pr\u00e9voit la cr\u00e9ation d\u2019une Autorit\u00e9 de protection des donn\u00e9es personnelles, entit\u00e9 publique ind\u00e9pendante dot\u00e9e de la personnalit\u00e9 morale et de l\u2019autonomie administrative et financi\u00e8re. Elle sera plac\u00e9e sous la tutelle du minist\u00e8re des Technologies de la Communication et compos\u00e9e de juges, de repr\u00e9sentants minist\u00e9riels et d\u2019experts du domaine num\u00e9rique.<\/p>\n\n\n\n<p><strong>L&rsquo;\u00e9chec du cadre juridique actuel<\/strong><\/p>\n\n\n\n<p>Les auteurs du projet justifient cette r\u00e9forme par l&rsquo;\u00e9chec du cadre juridique actuel, h\u00e9rit\u00e9 de la loi de 2004, \u00e0 r\u00e9pondre aux enjeux de l\u2019intelligence artificielle, de la biom\u00e9trie, de la vid\u00e9osurveillance ou encore du traitement transfrontalier des donn\u00e9es.<\/p>\n\n\n\n<p>Ils d\u00e9noncent \u00e9galement l\u2019inaction prolong\u00e9e de l\u2019actuelle Autorit\u00e9 nationale de protection des donn\u00e9es personnelles, incapable de remplir sa mission ni d\u2019imposer des sanctions.<\/p>\n\n\n\n<p><strong>La Tunisie n\u2019a pas su maintenir son avance<\/strong><\/p>\n\n\n\n<p>La Tunisie, pionni\u00e8re dans le monde arabe en mati\u00e8re de l\u00e9gislation sur les donn\u00e9es personnelles en 2004, n\u2019a pas su maintenir son avance. Le vide institutionnel, l\u2019absence de r\u00e9gulation sur les secteurs sensibles (presse, IA, surveillance\u2026), ainsi que la non-conformit\u00e9 aux standards internationaux (UE, ONU, initiatives africaines) ont fragilis\u00e9 sa position sur la sc\u00e8ne num\u00e9rique.<\/p>\n\n\n\n<p><\/p>\n\n\n\n<ul class=\"wp-block-list\">\n<li>Lire aussi : <a href=\"https:\/\/www.webdo.tn\/fr\/actualite\/national\/chawki-gaddes-la-protection-des-donnees-personnelles-en-tunisie-ne-presage-rien-de-bon\/202238\/\">Chawki Gaddes : \u00ab\u00a0La protection des donn\u00e9es personnelles en Tunisie ne pr\u00e9sage rien de bon\u00a0\u00bb<\/a><\/li>\n<\/ul>\n","protected":false},"excerpt":{"rendered":"<p>L\u2019Assembl\u00e9e des repr\u00e9sentants du peuple examine un projet de loi sur la protection des donn\u00e9es personnelles, visant \u00e0 instaurer un cadre l\u00e9gal moderne conforme aux normes internationales et \u00e0 cr\u00e9er une nouvelle autorit\u00e9 ind\u00e9pendante de r\u00e9gulation. Moderniser le cadre l\u00e9gal existant Le projet de loi fondamentale relatif \u00e0 la protection des donn\u00e9es personnelles a \u00e9t\u00e9 [&hellip;]<\/p>\n","protected":false},"author":3191,"featured_media":368889,"comment_status":"open","ping_status":"open","sticky":false,"template":"","format":"standard","meta":{"footnotes":""},"categories":[44],"tags":[2813,7234,2784,12270,2608],"class_list":["post-380057","post","type-post","status-publish","format-standard","has-post-thumbnail","hentry","category-national","tag-arp","tag-donnees-personnelles","tag-examen","tag-protection-des-donnees-personnelles","tag-tunisie"],"yoast_head":"<!-- This site is optimized with the Yoast SEO Premium plugin v27.5 (Yoast SEO v27.5) - https:\/\/yoast.com\/product\/yoast-seo-premium-wordpress\/ -->\n<title>Donn\u00e9es personnelles : La Tunisie r\u00e9vise sa l\u00e9gislation pour s\u2019aligner aux normes internationales - webdo<\/title>\n<meta name=\"description\" content=\"L\u2019assembl\u00e9e examine les donn\u00e9es personnelles pour \u00e9tablir un cadre l\u00e9gal moderne et une autorit\u00e9 ind\u00e9pendante de r\u00e9gulation.\" \/>\n<link rel=\"canonical\" href=\"https:\/\/www.webdo.tn\/fr\/actualite\/national\/donnees-personnelles-la-tunisie-revise-sa-legislation-pour-saligner-aux-normes-internationales\/380057\/\" \/>\n<meta property=\"og:locale\" content=\"fr_FR\" \/>\n<meta property=\"og:type\" content=\"article\" \/>\n<meta property=\"og:title\" content=\"Donn\u00e9es personnelles : La Tunisie r\u00e9vise sa l\u00e9gislation pour s\u2019aligner aux normes internationales\" \/>\n<meta property=\"og:description\" content=\"L\u2019assembl\u00e9e examine les donn\u00e9es personnelles pour \u00e9tablir un cadre l\u00e9gal moderne et une autorit\u00e9 ind\u00e9pendante de r\u00e9gulation.\" \/>\n<meta property=\"og:url\" content=\"https:\/\/www.webdo.tn\/fr\/actualite\/national\/donnees-personnelles-la-tunisie-revise-sa-legislation-pour-saligner-aux-normes-internationales\/380057\/\" \/>\n<meta property=\"og:site_name\" content=\"webdo\" \/>\n<meta property=\"article:publisher\" content=\"https:\/\/www.facebook.com\/webdotn\" \/>\n<meta property=\"article:published_time\" content=\"2025-07-21T09:50:48+00:00\" \/>\n<meta property=\"article:modified_time\" content=\"2025-07-21T10:35:24+00:00\" \/>\n<meta property=\"og:image\" content=\"https:\/\/www.webdo.tn\/fr\/wp-content\/uploads\/2025\/06\/ARP_137785.jpg\" \/>\n\t<meta property=\"og:image:width\" content=\"710\" \/>\n\t<meta property=\"og:image:height\" content=\"447\" \/>\n\t<meta property=\"og:image:type\" content=\"image\/jpeg\" \/>\n<meta name=\"author\" content=\"Mohamed Hedi Touati\" \/>\n<meta name=\"twitter:card\" content=\"summary_large_image\" \/>\n<meta name=\"twitter:creator\" content=\"@webdo_tn\" \/>\n<meta name=\"twitter:site\" content=\"@webdo_tn\" \/>\n<meta name=\"twitter:label1\" content=\"\u00c9crit par\" \/>\n\t<meta name=\"twitter:data1\" content=\"Mohamed Hedi Touati\" \/>\n\t<meta name=\"twitter:label2\" content=\"Dur\u00e9e de lecture estim\u00e9e\" \/>\n\t<meta name=\"twitter:data2\" content=\"2 minutes\" \/>\n<script type=\"application\/ld+json\" class=\"yoast-schema-graph\">{\"@context\":\"https:\\\/\\\/schema.org\",\"@graph\":[{\"@type\":\"NewsArticle\",\"@id\":\"https:\\\/\\\/www.webdo.tn\\\/fr\\\/actualite\\\/national\\\/donnees-personnelles-la-tunisie-revise-sa-legislation-pour-saligner-aux-normes-internationales\\\/380057\\\/#article\",\"isPartOf\":{\"@id\":\"https:\\\/\\\/www.webdo.tn\\\/fr\\\/actualite\\\/national\\\/donnees-personnelles-la-tunisie-revise-sa-legislation-pour-saligner-aux-normes-internationales\\\/380057\\\/\"},\"author\":{\"name\":\"Mohamed Hedi Touati\",\"@id\":\"https:\\\/\\\/www.webdo.tn\\\/fr\\\/#\\\/schema\\\/person\\\/c652cd8fc2b1b44412b5ffb48c5a911d\"},\"headline\":\"Donn\u00e9es personnelles : La Tunisie r\u00e9vise sa l\u00e9gislation pour s\u2019aligner aux normes internationales\",\"datePublished\":\"2025-07-21T09:50:48+00:00\",\"dateModified\":\"2025-07-21T10:35:24+00:00\",\"mainEntityOfPage\":{\"@id\":\"https:\\\/\\\/www.webdo.tn\\\/fr\\\/actualite\\\/national\\\/donnees-personnelles-la-tunisie-revise-sa-legislation-pour-saligner-aux-normes-internationales\\\/380057\\\/\"},\"wordCount\":358,\"commentCount\":0,\"publisher\":{\"@id\":\"https:\\\/\\\/www.webdo.tn\\\/fr\\\/#organization\"},\"image\":{\"@id\":\"https:\\\/\\\/www.webdo.tn\\\/fr\\\/actualite\\\/national\\\/donnees-personnelles-la-tunisie-revise-sa-legislation-pour-saligner-aux-normes-internationales\\\/380057\\\/#primaryimage\"},\"thumbnailUrl\":\"https:\\\/\\\/www.webdo.tn\\\/fr\\\/wp-content\\\/uploads\\\/2025\\\/06\\\/ARP_137785.jpg\",\"keywords\":[\"ARP\",\"donn\u00e9es personnelles\",\"Examen\",\"protection des donn\u00e9es personnelles\",\"Tunisie\"],\"articleSection\":[\"National\"],\"inLanguage\":\"fr-FR\"},{\"@type\":\"WebPage\",\"@id\":\"https:\\\/\\\/www.webdo.tn\\\/fr\\\/actualite\\\/national\\\/donnees-personnelles-la-tunisie-revise-sa-legislation-pour-saligner-aux-normes-internationales\\\/380057\\\/\",\"url\":\"https:\\\/\\\/www.webdo.tn\\\/fr\\\/actualite\\\/national\\\/donnees-personnelles-la-tunisie-revise-sa-legislation-pour-saligner-aux-normes-internationales\\\/380057\\\/\",\"name\":\"Donn\u00e9es personnelles : La Tunisie r\u00e9vise sa l\u00e9gislation pour s\u2019aligner aux normes internationales - webdo\",\"isPartOf\":{\"@id\":\"https:\\\/\\\/www.webdo.tn\\\/fr\\\/#website\"},\"primaryImageOfPage\":{\"@id\":\"https:\\\/\\\/www.webdo.tn\\\/fr\\\/actualite\\\/national\\\/donnees-personnelles-la-tunisie-revise-sa-legislation-pour-saligner-aux-normes-internationales\\\/380057\\\/#primaryimage\"},\"image\":{\"@id\":\"https:\\\/\\\/www.webdo.tn\\\/fr\\\/actualite\\\/national\\\/donnees-personnelles-la-tunisie-revise-sa-legislation-pour-saligner-aux-normes-internationales\\\/380057\\\/#primaryimage\"},\"thumbnailUrl\":\"https:\\\/\\\/www.webdo.tn\\\/fr\\\/wp-content\\\/uploads\\\/2025\\\/06\\\/ARP_137785.jpg\",\"datePublished\":\"2025-07-21T09:50:48+00:00\",\"dateModified\":\"2025-07-21T10:35:24+00:00\",\"description\":\"L\u2019assembl\u00e9e examine les donn\u00e9es personnelles pour \u00e9tablir un cadre l\u00e9gal moderne et une autorit\u00e9 ind\u00e9pendante de r\u00e9gulation.\",\"breadcrumb\":{\"@id\":\"https:\\\/\\\/www.webdo.tn\\\/fr\\\/actualite\\\/national\\\/donnees-personnelles-la-tunisie-revise-sa-legislation-pour-saligner-aux-normes-internationales\\\/380057\\\/#breadcrumb\"},\"inLanguage\":\"fr-FR\",\"potentialAction\":[{\"@type\":\"ReadAction\",\"target\":[\"https:\\\/\\\/www.webdo.tn\\\/fr\\\/actualite\\\/national\\\/donnees-personnelles-la-tunisie-revise-sa-legislation-pour-saligner-aux-normes-internationales\\\/380057\\\/\"]}]},{\"@type\":\"ImageObject\",\"inLanguage\":\"fr-FR\",\"@id\":\"https:\\\/\\\/www.webdo.tn\\\/fr\\\/actualite\\\/national\\\/donnees-personnelles-la-tunisie-revise-sa-legislation-pour-saligner-aux-normes-internationales\\\/380057\\\/#primaryimage\",\"url\":\"https:\\\/\\\/www.webdo.tn\\\/fr\\\/wp-content\\\/uploads\\\/2025\\\/06\\\/ARP_137785.jpg\",\"contentUrl\":\"https:\\\/\\\/www.webdo.tn\\\/fr\\\/wp-content\\\/uploads\\\/2025\\\/06\\\/ARP_137785.jpg\",\"width\":710,\"height\":447,\"caption\":\"Donn\u00e9es personnelles : La Tunisie r\u00e9vise sa l\u00e9gislation pour s\u2019aligner aux normes internationales\"},{\"@type\":\"BreadcrumbList\",\"@id\":\"https:\\\/\\\/www.webdo.tn\\\/fr\\\/actualite\\\/national\\\/donnees-personnelles-la-tunisie-revise-sa-legislation-pour-saligner-aux-normes-internationales\\\/380057\\\/#breadcrumb\",\"itemListElement\":[{\"@type\":\"ListItem\",\"position\":1,\"name\":\"Accueil\",\"item\":\"https:\\\/\\\/www.webdo.tn\\\/fr\\\/\"},{\"@type\":\"ListItem\",\"position\":2,\"name\":\"Donn\u00e9es personnelles : La Tunisie r\u00e9vise sa l\u00e9gislation pour s\u2019aligner aux normes internationales\"}]},{\"@type\":\"WebSite\",\"@id\":\"https:\\\/\\\/www.webdo.tn\\\/fr\\\/#website\",\"url\":\"https:\\\/\\\/www.webdo.tn\\\/fr\\\/\",\"name\":\"webdo\",\"description\":\"Tunisie - News en Tunisie et \u00e0 l&#039;international sur Webdo.tn\",\"publisher\":{\"@id\":\"https:\\\/\\\/www.webdo.tn\\\/fr\\\/#organization\"},\"potentialAction\":[{\"@type\":\"SearchAction\",\"target\":{\"@type\":\"EntryPoint\",\"urlTemplate\":\"https:\\\/\\\/www.webdo.tn\\\/fr\\\/?s={search_term_string}\"},\"query-input\":{\"@type\":\"PropertyValueSpecification\",\"valueRequired\":true,\"valueName\":\"search_term_string\"}}],\"inLanguage\":\"fr-FR\"},{\"@type\":\"Organization\",\"@id\":\"https:\\\/\\\/www.webdo.tn\\\/fr\\\/#organization\",\"name\":\"Webdo\",\"alternateName\":\"Webdo.tn\",\"url\":\"https:\\\/\\\/www.webdo.tn\\\/fr\\\/\",\"logo\":{\"@type\":\"ImageObject\",\"inLanguage\":\"fr-FR\",\"@id\":\"https:\\\/\\\/www.webdo.tn\\\/fr\\\/#\\\/schema\\\/logo\\\/image\\\/\",\"url\":\"https:\\\/\\\/www.webdo.tn\\\/fr\\\/wp-content\\\/uploads\\\/2025\\\/06\\\/Webdo-Tunisie_168377.jpg\",\"contentUrl\":\"https:\\\/\\\/www.webdo.tn\\\/fr\\\/wp-content\\\/uploads\\\/2025\\\/06\\\/Webdo-Tunisie_168377.jpg\",\"width\":301,\"height\":301,\"caption\":\"Webdo\"},\"image\":{\"@id\":\"https:\\\/\\\/www.webdo.tn\\\/fr\\\/#\\\/schema\\\/logo\\\/image\\\/\"},\"sameAs\":[\"https:\\\/\\\/www.facebook.com\\\/webdotn\",\"https:\\\/\\\/x.com\\\/webdo_tn\"],\"description\":\"Webdo est un m\u00e9dia num\u00e9rique tunisien fond\u00e9 en 2010, sp\u00e9cialis\u00e9 dans l\u2019actualit\u00e9 nationale et internationale, l\u2019\u00e9conomie, la soci\u00e9t\u00e9 et les analyses politiques. Le site s\u2019adresse \u00e0 un large public francophone et couvre l\u2019information tunisienne en temps r\u00e9el.\",\"email\":\"redac@webdo.tn\",\"legalName\":\"YNJ SARL\",\"foundingDate\":\"2010-09-06\",\"numberOfEmployees\":{\"@type\":\"QuantitativeValue\",\"minValue\":\"11\",\"maxValue\":\"50\"}},{\"@type\":\"Person\",\"@id\":\"https:\\\/\\\/www.webdo.tn\\\/fr\\\/#\\\/schema\\\/person\\\/c652cd8fc2b1b44412b5ffb48c5a911d\",\"name\":\"Mohamed Hedi Touati\",\"image\":{\"@type\":\"ImageObject\",\"inLanguage\":\"fr-FR\",\"@id\":\"https:\\\/\\\/secure.gravatar.com\\\/avatar\\\/9cfd402c745b7a685f13eed0ea6e59d2144a3c2fc50a3db6fd5ed451f6cddf1a?s=96&d=mm&r=g\",\"url\":\"https:\\\/\\\/secure.gravatar.com\\\/avatar\\\/9cfd402c745b7a685f13eed0ea6e59d2144a3c2fc50a3db6fd5ed451f6cddf1a?s=96&d=mm&r=g\",\"contentUrl\":\"https:\\\/\\\/secure.gravatar.com\\\/avatar\\\/9cfd402c745b7a685f13eed0ea6e59d2144a3c2fc50a3db6fd5ed451f6cddf1a?s=96&d=mm&r=g\",\"caption\":\"Mohamed Hedi Touati\"},\"url\":\"https:\\\/\\\/www.webdo.tn\\\/fr\\\/actualite\\\/author\\\/mohamed-hedi-touati\\\/\"}]}<\/script>\n<!-- \/ Yoast SEO Premium plugin. -->","yoast_head_json":{"title":"Donn\u00e9es personnelles : La Tunisie r\u00e9vise sa l\u00e9gislation pour s\u2019aligner aux normes internationales - webdo","description":"L\u2019assembl\u00e9e examine les donn\u00e9es personnelles pour \u00e9tablir un cadre l\u00e9gal moderne et une autorit\u00e9 ind\u00e9pendante de r\u00e9gulation.","canonical":"https:\/\/www.webdo.tn\/fr\/actualite\/national\/donnees-personnelles-la-tunisie-revise-sa-legislation-pour-saligner-aux-normes-internationales\/380057\/","og_locale":"fr_FR","og_type":"article","og_title":"Donn\u00e9es personnelles : La Tunisie r\u00e9vise sa l\u00e9gislation pour s\u2019aligner aux normes internationales","og_description":"L\u2019assembl\u00e9e examine les donn\u00e9es personnelles pour \u00e9tablir un cadre l\u00e9gal moderne et une autorit\u00e9 ind\u00e9pendante de r\u00e9gulation.","og_url":"https:\/\/www.webdo.tn\/fr\/actualite\/national\/donnees-personnelles-la-tunisie-revise-sa-legislation-pour-saligner-aux-normes-internationales\/380057\/","og_site_name":"webdo","article_publisher":"https:\/\/www.facebook.com\/webdotn","article_published_time":"2025-07-21T09:50:48+00:00","article_modified_time":"2025-07-21T10:35:24+00:00","og_image":[{"width":710,"height":447,"url":"https:\/\/www.webdo.tn\/fr\/wp-content\/uploads\/2025\/06\/ARP_137785.jpg","type":"image\/jpeg"}],"author":"Mohamed Hedi Touati","twitter_card":"summary_large_image","twitter_creator":"@webdo_tn","twitter_site":"@webdo_tn","twitter_misc":{"\u00c9crit par":"Mohamed Hedi Touati","Dur\u00e9e de lecture estim\u00e9e":"2 minutes"},"schema":{"@context":"https:\/\/schema.org","@graph":[{"@type":"NewsArticle","@id":"https:\/\/www.webdo.tn\/fr\/actualite\/national\/donnees-personnelles-la-tunisie-revise-sa-legislation-pour-saligner-aux-normes-internationales\/380057\/#article","isPartOf":{"@id":"https:\/\/www.webdo.tn\/fr\/actualite\/national\/donnees-personnelles-la-tunisie-revise-sa-legislation-pour-saligner-aux-normes-internationales\/380057\/"},"author":{"name":"Mohamed Hedi Touati","@id":"https:\/\/www.webdo.tn\/fr\/#\/schema\/person\/c652cd8fc2b1b44412b5ffb48c5a911d"},"headline":"Donn\u00e9es personnelles : La Tunisie r\u00e9vise sa l\u00e9gislation pour s\u2019aligner aux normes internationales","datePublished":"2025-07-21T09:50:48+00:00","dateModified":"2025-07-21T10:35:24+00:00","mainEntityOfPage":{"@id":"https:\/\/www.webdo.tn\/fr\/actualite\/national\/donnees-personnelles-la-tunisie-revise-sa-legislation-pour-saligner-aux-normes-internationales\/380057\/"},"wordCount":358,"commentCount":0,"publisher":{"@id":"https:\/\/www.webdo.tn\/fr\/#organization"},"image":{"@id":"https:\/\/www.webdo.tn\/fr\/actualite\/national\/donnees-personnelles-la-tunisie-revise-sa-legislation-pour-saligner-aux-normes-internationales\/380057\/#primaryimage"},"thumbnailUrl":"https:\/\/www.webdo.tn\/fr\/wp-content\/uploads\/2025\/06\/ARP_137785.jpg","keywords":["ARP","donn\u00e9es personnelles","Examen","protection des donn\u00e9es personnelles","Tunisie"],"articleSection":["National"],"inLanguage":"fr-FR"},{"@type":"WebPage","@id":"https:\/\/www.webdo.tn\/fr\/actualite\/national\/donnees-personnelles-la-tunisie-revise-sa-legislation-pour-saligner-aux-normes-internationales\/380057\/","url":"https:\/\/www.webdo.tn\/fr\/actualite\/national\/donnees-personnelles-la-tunisie-revise-sa-legislation-pour-saligner-aux-normes-internationales\/380057\/","name":"Donn\u00e9es personnelles : La Tunisie r\u00e9vise sa l\u00e9gislation pour s\u2019aligner aux normes internationales - webdo","isPartOf":{"@id":"https:\/\/www.webdo.tn\/fr\/#website"},"primaryImageOfPage":{"@id":"https:\/\/www.webdo.tn\/fr\/actualite\/national\/donnees-personnelles-la-tunisie-revise-sa-legislation-pour-saligner-aux-normes-internationales\/380057\/#primaryimage"},"image":{"@id":"https:\/\/www.webdo.tn\/fr\/actualite\/national\/donnees-personnelles-la-tunisie-revise-sa-legislation-pour-saligner-aux-normes-internationales\/380057\/#primaryimage"},"thumbnailUrl":"https:\/\/www.webdo.tn\/fr\/wp-content\/uploads\/2025\/06\/ARP_137785.jpg","datePublished":"2025-07-21T09:50:48+00:00","dateModified":"2025-07-21T10:35:24+00:00","description":"L\u2019assembl\u00e9e examine les donn\u00e9es personnelles pour \u00e9tablir un cadre l\u00e9gal moderne et une autorit\u00e9 ind\u00e9pendante de r\u00e9gulation.","breadcrumb":{"@id":"https:\/\/www.webdo.tn\/fr\/actualite\/national\/donnees-personnelles-la-tunisie-revise-sa-legislation-pour-saligner-aux-normes-internationales\/380057\/#breadcrumb"},"inLanguage":"fr-FR","potentialAction":[{"@type":"ReadAction","target":["https:\/\/www.webdo.tn\/fr\/actualite\/national\/donnees-personnelles-la-tunisie-revise-sa-legislation-pour-saligner-aux-normes-internationales\/380057\/"]}]},{"@type":"ImageObject","inLanguage":"fr-FR","@id":"https:\/\/www.webdo.tn\/fr\/actualite\/national\/donnees-personnelles-la-tunisie-revise-sa-legislation-pour-saligner-aux-normes-internationales\/380057\/#primaryimage","url":"https:\/\/www.webdo.tn\/fr\/wp-content\/uploads\/2025\/06\/ARP_137785.jpg","contentUrl":"https:\/\/www.webdo.tn\/fr\/wp-content\/uploads\/2025\/06\/ARP_137785.jpg","width":710,"height":447,"caption":"Donn\u00e9es personnelles : La Tunisie r\u00e9vise sa l\u00e9gislation pour s\u2019aligner aux normes internationales"},{"@type":"BreadcrumbList","@id":"https:\/\/www.webdo.tn\/fr\/actualite\/national\/donnees-personnelles-la-tunisie-revise-sa-legislation-pour-saligner-aux-normes-internationales\/380057\/#breadcrumb","itemListElement":[{"@type":"ListItem","position":1,"name":"Accueil","item":"https:\/\/www.webdo.tn\/fr\/"},{"@type":"ListItem","position":2,"name":"Donn\u00e9es personnelles : La Tunisie r\u00e9vise sa l\u00e9gislation pour s\u2019aligner aux normes internationales"}]},{"@type":"WebSite","@id":"https:\/\/www.webdo.tn\/fr\/#website","url":"https:\/\/www.webdo.tn\/fr\/","name":"webdo","description":"Tunisie - News en Tunisie et \u00e0 l&#039;international sur Webdo.tn","publisher":{"@id":"https:\/\/www.webdo.tn\/fr\/#organization"},"potentialAction":[{"@type":"SearchAction","target":{"@type":"EntryPoint","urlTemplate":"https:\/\/www.webdo.tn\/fr\/?s={search_term_string}"},"query-input":{"@type":"PropertyValueSpecification","valueRequired":true,"valueName":"search_term_string"}}],"inLanguage":"fr-FR"},{"@type":"Organization","@id":"https:\/\/www.webdo.tn\/fr\/#organization","name":"Webdo","alternateName":"Webdo.tn","url":"https:\/\/www.webdo.tn\/fr\/","logo":{"@type":"ImageObject","inLanguage":"fr-FR","@id":"https:\/\/www.webdo.tn\/fr\/#\/schema\/logo\/image\/","url":"https:\/\/www.webdo.tn\/fr\/wp-content\/uploads\/2025\/06\/Webdo-Tunisie_168377.jpg","contentUrl":"https:\/\/www.webdo.tn\/fr\/wp-content\/uploads\/2025\/06\/Webdo-Tunisie_168377.jpg","width":301,"height":301,"caption":"Webdo"},"image":{"@id":"https:\/\/www.webdo.tn\/fr\/#\/schema\/logo\/image\/"},"sameAs":["https:\/\/www.facebook.com\/webdotn","https:\/\/x.com\/webdo_tn"],"description":"Webdo est un m\u00e9dia num\u00e9rique tunisien fond\u00e9 en 2010, sp\u00e9cialis\u00e9 dans l\u2019actualit\u00e9 nationale et internationale, l\u2019\u00e9conomie, la soci\u00e9t\u00e9 et les analyses politiques. Le site s\u2019adresse \u00e0 un large public francophone et couvre l\u2019information tunisienne en temps r\u00e9el.","email":"redac@webdo.tn","legalName":"YNJ SARL","foundingDate":"2010-09-06","numberOfEmployees":{"@type":"QuantitativeValue","minValue":"11","maxValue":"50"}},{"@type":"Person","@id":"https:\/\/www.webdo.tn\/fr\/#\/schema\/person\/c652cd8fc2b1b44412b5ffb48c5a911d","name":"Mohamed Hedi Touati","image":{"@type":"ImageObject","inLanguage":"fr-FR","@id":"https:\/\/secure.gravatar.com\/avatar\/9cfd402c745b7a685f13eed0ea6e59d2144a3c2fc50a3db6fd5ed451f6cddf1a?s=96&d=mm&r=g","url":"https:\/\/secure.gravatar.com\/avatar\/9cfd402c745b7a685f13eed0ea6e59d2144a3c2fc50a3db6fd5ed451f6cddf1a?s=96&d=mm&r=g","contentUrl":"https:\/\/secure.gravatar.com\/avatar\/9cfd402c745b7a685f13eed0ea6e59d2144a3c2fc50a3db6fd5ed451f6cddf1a?s=96&d=mm&r=g","caption":"Mohamed Hedi Touati"},"url":"https:\/\/www.webdo.tn\/fr\/actualite\/author\/mohamed-hedi-touati\/"}]}},"_links":{"self":[{"href":"https:\/\/www.webdo.tn\/fr\/wp-json\/wp\/v2\/posts\/380057","targetHints":{"allow":["GET"]}}],"collection":[{"href":"https:\/\/www.webdo.tn\/fr\/wp-json\/wp\/v2\/posts"}],"about":[{"href":"https:\/\/www.webdo.tn\/fr\/wp-json\/wp\/v2\/types\/post"}],"author":[{"embeddable":true,"href":"https:\/\/www.webdo.tn\/fr\/wp-json\/wp\/v2\/users\/3191"}],"replies":[{"embeddable":true,"href":"https:\/\/www.webdo.tn\/fr\/wp-json\/wp\/v2\/comments?post=380057"}],"version-history":[{"count":0,"href":"https:\/\/www.webdo.tn\/fr\/wp-json\/wp\/v2\/posts\/380057\/revisions"}],"wp:featuredmedia":[{"embeddable":true,"href":"https:\/\/www.webdo.tn\/fr\/wp-json\/wp\/v2\/media\/368889"}],"wp:attachment":[{"href":"https:\/\/www.webdo.tn\/fr\/wp-json\/wp\/v2\/media?parent=380057"}],"wp:term":[{"taxonomy":"category","embeddable":true,"href":"https:\/\/www.webdo.tn\/fr\/wp-json\/wp\/v2\/categories?post=380057"},{"taxonomy":"post_tag","embeddable":true,"href":"https:\/\/www.webdo.tn\/fr\/wp-json\/wp\/v2\/tags?post=380057"}],"curies":[{"name":"wp","href":"https:\/\/api.w.org\/{rel}","templated":true}]}}