{"id":380037,"date":"2025-07-21T09:52:28","date_gmt":"2025-07-21T08:52:28","guid":{"rendered":"https:\/\/www.webdo.tn\/fr\/?p=380037"},"modified":"2025-07-21T12:51:36","modified_gmt":"2025-07-21T11:51:36","slug":"avec-ses-videos-nouvelair-mise-sur-la-proximite-avec-les-voyageurs","status":"publish","type":"post","link":"https:\/\/www.webdo.tn\/fr\/actualite\/tendances\/avec-ses-videos-nouvelair-mise-sur-la-proximite-avec-les-voyageurs\/380037\/","title":{"rendered":"Avec ses vid\u00e9os, Nouvelair mise sur la proximit\u00e9 avec les voyageurs"},"content":{"rendered":"\n<p><strong>Sans effet d\u2019annonce ni slogans tapageurs, Nouvelair d\u00e9ploie depuis quelques mois des vid\u00e9os p\u00e9dagogiques et promotionnelles sur les r\u00e9seaux sociaux. Une communication discr\u00e8te, mais cibl\u00e9e. <\/strong><\/p>\n\n\n\n<p>Dans une s\u00e9rie de formats courts diffus\u00e9s sur Facebook ou Instagram, la compagnie priv\u00e9e tunisienne donne \u00e0 voir les coulisses de ses op\u00e9rations. On y d\u00e9couvre par exemple, dans un \u00e9pisode r\u00e9cent, que commandants de bord et copilotes ne mangent jamais les m\u00eames plats, ni au m\u00eame moment \u2013 une consigne de s\u00e9curit\u00e9 rarement \u00e9voqu\u00e9e publiquement. Un autre segment d\u00e9taille les services additionnels propos\u00e9s aux passagers : s\u00e9lection du si\u00e8ge, repas \u00e0 la carte, bagages suppl\u00e9mentaires.<\/p>\n\n\n\n<p><strong>L\u2019objectif est clair : rapprocher la compagnie de ses clients et humaniser les m\u00e9tiers de l\u2019a\u00e9rien.<\/strong> Le ton est volontairement sobre, presque didactique.<\/p>\n\n\n\n<p>Alors que le secteur a\u00e9rien tunisien peine \u00e0 restaurer la confiance du public, cette strat\u00e9gie de communication pourrait bien marquer une diff\u00e9rence. \u00c0 d\u00e9faut d\u2019envol commercial spectaculaire, <strong>Nouvelair joue la carte de la p\u00e9dagogie, l\u00e0 o\u00f9 d\u2019autres se contentent du silence.<\/strong><\/p>\n\n\n\n<iframe src=\"https:\/\/www.facebook.com\/plugins\/video.php?height=476&#038;href=https%3A%2F%2Fwww.facebook.com%2FNouvelair.PageOfficielle%2Fvideos%2F1577217833240940%2F&#038;show_text=false&#038;width=267&#038;t=0\" width=\"267\" height=\"476\" style=\"border:none;overflow:hidden\" scrolling=\"no\" frameborder=\"0\" allowfullscreen=\"true\" allow=\"autoplay; clipboard-write; encrypted-media; picture-in-picture; web-share\" allowFullScreen=\"true\"><\/iframe>\n","protected":false},"excerpt":{"rendered":"<p>Sans effet d\u2019annonce ni slogans tapageurs, Nouvelair d\u00e9ploie depuis quelques mois des vid\u00e9os p\u00e9dagogiques et promotionnelles sur les r\u00e9seaux sociaux. Une communication discr\u00e8te, mais cibl\u00e9e. Dans une s\u00e9rie de formats courts diffus\u00e9s sur Facebook ou Instagram, la compagnie priv\u00e9e tunisienne donne \u00e0 voir les coulisses de ses op\u00e9rations. On y d\u00e9couvre par exemple, dans un [&hellip;]<\/p>\n","protected":false},"author":4779,"featured_media":380040,"comment_status":"open","ping_status":"open","sticky":false,"template":"","format":"standard","meta":{"footnotes":""},"categories":[11909],"tags":[4335,3451,2608],"class_list":["post-380037","post","type-post","status-publish","format-standard","has-post-thumbnail","hentry","category-tendances","tag-nouvelair","tag-tunisair","tag-tunisie"],"yoast_head":"<!-- This site is optimized with the Yoast SEO Premium plugin v27.5 (Yoast SEO v27.5) - https:\/\/yoast.com\/product\/yoast-seo-premium-wordpress\/ -->\n<title>Avec ses vid\u00e9os, Nouvelair mise sur la proximit\u00e9 avec les voyageurs - webdo<\/title>\n<meta name=\"description\" content=\"D\u00e9couvrez comment Nouvelair, avec ses vid\u00e9os, mise sur la proximit\u00e9 avec les voyageurs et am\u00e9liore sa communication.\" \/>\n<link rel=\"canonical\" href=\"https:\/\/www.webdo.tn\/fr\/actualite\/tendances\/avec-ses-videos-nouvelair-mise-sur-la-proximite-avec-les-voyageurs\/380037\/\" \/>\n<meta property=\"og:locale\" content=\"fr_FR\" \/>\n<meta property=\"og:type\" content=\"article\" \/>\n<meta property=\"og:title\" content=\"Avec ses vid\u00e9os, Nouvelair mise sur la proximit\u00e9 avec les voyageurs\" \/>\n<meta property=\"og:description\" content=\"D\u00e9couvrez comment Nouvelair, avec ses vid\u00e9os, mise sur la proximit\u00e9 avec les voyageurs et am\u00e9liore sa communication.\" \/>\n<meta property=\"og:url\" content=\"https:\/\/www.webdo.tn\/fr\/actualite\/tendances\/avec-ses-videos-nouvelair-mise-sur-la-proximite-avec-les-voyageurs\/380037\/\" \/>\n<meta property=\"og:site_name\" content=\"webdo\" \/>\n<meta property=\"article:publisher\" content=\"https:\/\/www.facebook.com\/webdotn\" \/>\n<meta property=\"article:published_time\" content=\"2025-07-21T08:52:28+00:00\" \/>\n<meta property=\"article:modified_time\" content=\"2025-07-21T11:51:36+00:00\" \/>\n<meta property=\"og:image\" content=\"https:\/\/www.webdo.tn\/fr\/wp-content\/uploads\/2025\/07\/nouvelair-crew-flight-.jpg\" \/>\n\t<meta property=\"og:image:width\" content=\"1600\" \/>\n\t<meta property=\"og:image:height\" content=\"800\" \/>\n\t<meta property=\"og:image:type\" content=\"image\/jpeg\" \/>\n<meta name=\"author\" content=\"Firas Ben Abdeltif\" \/>\n<meta name=\"twitter:card\" content=\"summary_large_image\" \/>\n<meta name=\"twitter:creator\" content=\"@webdo_tn\" \/>\n<meta name=\"twitter:site\" content=\"@webdo_tn\" \/>\n<meta name=\"twitter:label1\" content=\"\u00c9crit par\" \/>\n\t<meta name=\"twitter:data1\" content=\"Firas Ben Abdeltif\" \/>\n\t<meta name=\"twitter:label2\" content=\"Dur\u00e9e de lecture estim\u00e9e\" \/>\n\t<meta name=\"twitter:data2\" content=\"2 minutes\" \/>\n<script type=\"application\/ld+json\" class=\"yoast-schema-graph\">{\"@context\":\"https:\\\/\\\/schema.org\",\"@graph\":[{\"@type\":\"NewsArticle\",\"@id\":\"https:\\\/\\\/www.webdo.tn\\\/fr\\\/actualite\\\/tendances\\\/avec-ses-videos-nouvelair-mise-sur-la-proximite-avec-les-voyageurs\\\/380037\\\/#article\",\"isPartOf\":{\"@id\":\"https:\\\/\\\/www.webdo.tn\\\/fr\\\/actualite\\\/tendances\\\/avec-ses-videos-nouvelair-mise-sur-la-proximite-avec-les-voyageurs\\\/380037\\\/\"},\"author\":{\"name\":\"Firas Ben Abdeltif\",\"@id\":\"https:\\\/\\\/www.webdo.tn\\\/fr\\\/#\\\/schema\\\/person\\\/19664196c9bfdcda126f3c27709f7d11\"},\"headline\":\"Avec ses vid\u00e9os, Nouvelair mise sur la proximit\u00e9 avec les voyageurs\",\"datePublished\":\"2025-07-21T08:52:28+00:00\",\"dateModified\":\"2025-07-21T11:51:36+00:00\",\"mainEntityOfPage\":{\"@id\":\"https:\\\/\\\/www.webdo.tn\\\/fr\\\/actualite\\\/tendances\\\/avec-ses-videos-nouvelair-mise-sur-la-proximite-avec-les-voyageurs\\\/380037\\\/\"},\"wordCount\":203,\"commentCount\":0,\"publisher\":{\"@id\":\"https:\\\/\\\/www.webdo.tn\\\/fr\\\/#organization\"},\"image\":{\"@id\":\"https:\\\/\\\/www.webdo.tn\\\/fr\\\/actualite\\\/tendances\\\/avec-ses-videos-nouvelair-mise-sur-la-proximite-avec-les-voyageurs\\\/380037\\\/#primaryimage\"},\"thumbnailUrl\":\"https:\\\/\\\/www.webdo.tn\\\/fr\\\/wp-content\\\/uploads\\\/2025\\\/07\\\/nouvelair-crew-flight-.jpg\",\"keywords\":[\"nouvelair\",\"Tunisair\",\"Tunisie\"],\"articleSection\":[\"Tendances\"],\"inLanguage\":\"fr-FR\"},{\"@type\":\"WebPage\",\"@id\":\"https:\\\/\\\/www.webdo.tn\\\/fr\\\/actualite\\\/tendances\\\/avec-ses-videos-nouvelair-mise-sur-la-proximite-avec-les-voyageurs\\\/380037\\\/\",\"url\":\"https:\\\/\\\/www.webdo.tn\\\/fr\\\/actualite\\\/tendances\\\/avec-ses-videos-nouvelair-mise-sur-la-proximite-avec-les-voyageurs\\\/380037\\\/\",\"name\":\"Avec ses vid\u00e9os, Nouvelair mise sur la proximit\u00e9 avec les voyageurs - webdo\",\"isPartOf\":{\"@id\":\"https:\\\/\\\/www.webdo.tn\\\/fr\\\/#website\"},\"primaryImageOfPage\":{\"@id\":\"https:\\\/\\\/www.webdo.tn\\\/fr\\\/actualite\\\/tendances\\\/avec-ses-videos-nouvelair-mise-sur-la-proximite-avec-les-voyageurs\\\/380037\\\/#primaryimage\"},\"image\":{\"@id\":\"https:\\\/\\\/www.webdo.tn\\\/fr\\\/actualite\\\/tendances\\\/avec-ses-videos-nouvelair-mise-sur-la-proximite-avec-les-voyageurs\\\/380037\\\/#primaryimage\"},\"thumbnailUrl\":\"https:\\\/\\\/www.webdo.tn\\\/fr\\\/wp-content\\\/uploads\\\/2025\\\/07\\\/nouvelair-crew-flight-.jpg\",\"datePublished\":\"2025-07-21T08:52:28+00:00\",\"dateModified\":\"2025-07-21T11:51:36+00:00\",\"description\":\"D\u00e9couvrez comment Nouvelair, avec ses vid\u00e9os, mise sur la proximit\u00e9 avec les voyageurs et am\u00e9liore sa communication.\",\"breadcrumb\":{\"@id\":\"https:\\\/\\\/www.webdo.tn\\\/fr\\\/actualite\\\/tendances\\\/avec-ses-videos-nouvelair-mise-sur-la-proximite-avec-les-voyageurs\\\/380037\\\/#breadcrumb\"},\"inLanguage\":\"fr-FR\",\"potentialAction\":[{\"@type\":\"ReadAction\",\"target\":[\"https:\\\/\\\/www.webdo.tn\\\/fr\\\/actualite\\\/tendances\\\/avec-ses-videos-nouvelair-mise-sur-la-proximite-avec-les-voyageurs\\\/380037\\\/\"]}]},{\"@type\":\"ImageObject\",\"inLanguage\":\"fr-FR\",\"@id\":\"https:\\\/\\\/www.webdo.tn\\\/fr\\\/actualite\\\/tendances\\\/avec-ses-videos-nouvelair-mise-sur-la-proximite-avec-les-voyageurs\\\/380037\\\/#primaryimage\",\"url\":\"https:\\\/\\\/www.webdo.tn\\\/fr\\\/wp-content\\\/uploads\\\/2025\\\/07\\\/nouvelair-crew-flight-.jpg\",\"contentUrl\":\"https:\\\/\\\/www.webdo.tn\\\/fr\\\/wp-content\\\/uploads\\\/2025\\\/07\\\/nouvelair-crew-flight-.jpg\",\"width\":1600,\"height\":800,\"caption\":\"Nouvelair crew flight - Samir Seriati\"},{\"@type\":\"BreadcrumbList\",\"@id\":\"https:\\\/\\\/www.webdo.tn\\\/fr\\\/actualite\\\/tendances\\\/avec-ses-videos-nouvelair-mise-sur-la-proximite-avec-les-voyageurs\\\/380037\\\/#breadcrumb\",\"itemListElement\":[{\"@type\":\"ListItem\",\"position\":1,\"name\":\"Accueil\",\"item\":\"https:\\\/\\\/www.webdo.tn\\\/fr\\\/\"},{\"@type\":\"ListItem\",\"position\":2,\"name\":\"Avec ses vid\u00e9os, Nouvelair mise sur la proximit\u00e9 avec les voyageurs\"}]},{\"@type\":\"WebSite\",\"@id\":\"https:\\\/\\\/www.webdo.tn\\\/fr\\\/#website\",\"url\":\"https:\\\/\\\/www.webdo.tn\\\/fr\\\/\",\"name\":\"webdo\",\"description\":\"Tunisie - News en Tunisie et \u00e0 l&#039;international sur Webdo.tn\",\"publisher\":{\"@id\":\"https:\\\/\\\/www.webdo.tn\\\/fr\\\/#organization\"},\"potentialAction\":[{\"@type\":\"SearchAction\",\"target\":{\"@type\":\"EntryPoint\",\"urlTemplate\":\"https:\\\/\\\/www.webdo.tn\\\/fr\\\/?s={search_term_string}\"},\"query-input\":{\"@type\":\"PropertyValueSpecification\",\"valueRequired\":true,\"valueName\":\"search_term_string\"}}],\"inLanguage\":\"fr-FR\"},{\"@type\":\"Organization\",\"@id\":\"https:\\\/\\\/www.webdo.tn\\\/fr\\\/#organization\",\"name\":\"Webdo\",\"alternateName\":\"Webdo.tn\",\"url\":\"https:\\\/\\\/www.webdo.tn\\\/fr\\\/\",\"logo\":{\"@type\":\"ImageObject\",\"inLanguage\":\"fr-FR\",\"@id\":\"https:\\\/\\\/www.webdo.tn\\\/fr\\\/#\\\/schema\\\/logo\\\/image\\\/\",\"url\":\"https:\\\/\\\/www.webdo.tn\\\/fr\\\/wp-content\\\/uploads\\\/2025\\\/06\\\/Webdo-Tunisie_168377.jpg\",\"contentUrl\":\"https:\\\/\\\/www.webdo.tn\\\/fr\\\/wp-content\\\/uploads\\\/2025\\\/06\\\/Webdo-Tunisie_168377.jpg\",\"width\":301,\"height\":301,\"caption\":\"Webdo\"},\"image\":{\"@id\":\"https:\\\/\\\/www.webdo.tn\\\/fr\\\/#\\\/schema\\\/logo\\\/image\\\/\"},\"sameAs\":[\"https:\\\/\\\/www.facebook.com\\\/webdotn\",\"https:\\\/\\\/x.com\\\/webdo_tn\"],\"description\":\"Webdo est un m\u00e9dia num\u00e9rique tunisien fond\u00e9 en 2010, sp\u00e9cialis\u00e9 dans l\u2019actualit\u00e9 nationale et internationale, l\u2019\u00e9conomie, la soci\u00e9t\u00e9 et les analyses politiques. Le site s\u2019adresse \u00e0 un large public francophone et couvre l\u2019information tunisienne en temps r\u00e9el.\",\"email\":\"redac@webdo.tn\",\"legalName\":\"YNJ SARL\",\"foundingDate\":\"2010-09-06\",\"numberOfEmployees\":{\"@type\":\"QuantitativeValue\",\"minValue\":\"11\",\"maxValue\":\"50\"}},{\"@type\":\"Person\",\"@id\":\"https:\\\/\\\/www.webdo.tn\\\/fr\\\/#\\\/schema\\\/person\\\/19664196c9bfdcda126f3c27709f7d11\",\"name\":\"Firas Ben Abdeltif\",\"image\":{\"@type\":\"ImageObject\",\"inLanguage\":\"fr-FR\",\"@id\":\"https:\\\/\\\/secure.gravatar.com\\\/avatar\\\/161a347d40df098a084778c52ed133dbd85f14df003867067c5948081241ec55?s=96&d=mm&r=g\",\"url\":\"https:\\\/\\\/secure.gravatar.com\\\/avatar\\\/161a347d40df098a084778c52ed133dbd85f14df003867067c5948081241ec55?s=96&d=mm&r=g\",\"contentUrl\":\"https:\\\/\\\/secure.gravatar.com\\\/avatar\\\/161a347d40df098a084778c52ed133dbd85f14df003867067c5948081241ec55?s=96&d=mm&r=g\",\"caption\":\"Firas Ben Abdeltif\"},\"url\":\"https:\\\/\\\/www.webdo.tn\\\/fr\\\/actualite\\\/author\\\/firas-ben-abdeltif\\\/\"}]}<\/script>\n<!-- \/ Yoast SEO Premium plugin. -->","yoast_head_json":{"title":"Avec ses vid\u00e9os, Nouvelair mise sur la proximit\u00e9 avec les voyageurs - webdo","description":"D\u00e9couvrez comment Nouvelair, avec ses vid\u00e9os, mise sur la proximit\u00e9 avec les voyageurs et am\u00e9liore sa communication.","canonical":"https:\/\/www.webdo.tn\/fr\/actualite\/tendances\/avec-ses-videos-nouvelair-mise-sur-la-proximite-avec-les-voyageurs\/380037\/","og_locale":"fr_FR","og_type":"article","og_title":"Avec ses vid\u00e9os, Nouvelair mise sur la proximit\u00e9 avec les voyageurs","og_description":"D\u00e9couvrez comment Nouvelair, avec ses vid\u00e9os, mise sur la proximit\u00e9 avec les voyageurs et am\u00e9liore sa communication.","og_url":"https:\/\/www.webdo.tn\/fr\/actualite\/tendances\/avec-ses-videos-nouvelair-mise-sur-la-proximite-avec-les-voyageurs\/380037\/","og_site_name":"webdo","article_publisher":"https:\/\/www.facebook.com\/webdotn","article_published_time":"2025-07-21T08:52:28+00:00","article_modified_time":"2025-07-21T11:51:36+00:00","og_image":[{"width":1600,"height":800,"url":"https:\/\/www.webdo.tn\/fr\/wp-content\/uploads\/2025\/07\/nouvelair-crew-flight-.jpg","type":"image\/jpeg"}],"author":"Firas Ben Abdeltif","twitter_card":"summary_large_image","twitter_creator":"@webdo_tn","twitter_site":"@webdo_tn","twitter_misc":{"\u00c9crit par":"Firas Ben Abdeltif","Dur\u00e9e de lecture estim\u00e9e":"2 minutes"},"schema":{"@context":"https:\/\/schema.org","@graph":[{"@type":"NewsArticle","@id":"https:\/\/www.webdo.tn\/fr\/actualite\/tendances\/avec-ses-videos-nouvelair-mise-sur-la-proximite-avec-les-voyageurs\/380037\/#article","isPartOf":{"@id":"https:\/\/www.webdo.tn\/fr\/actualite\/tendances\/avec-ses-videos-nouvelair-mise-sur-la-proximite-avec-les-voyageurs\/380037\/"},"author":{"name":"Firas Ben Abdeltif","@id":"https:\/\/www.webdo.tn\/fr\/#\/schema\/person\/19664196c9bfdcda126f3c27709f7d11"},"headline":"Avec ses vid\u00e9os, Nouvelair mise sur la proximit\u00e9 avec les voyageurs","datePublished":"2025-07-21T08:52:28+00:00","dateModified":"2025-07-21T11:51:36+00:00","mainEntityOfPage":{"@id":"https:\/\/www.webdo.tn\/fr\/actualite\/tendances\/avec-ses-videos-nouvelair-mise-sur-la-proximite-avec-les-voyageurs\/380037\/"},"wordCount":203,"commentCount":0,"publisher":{"@id":"https:\/\/www.webdo.tn\/fr\/#organization"},"image":{"@id":"https:\/\/www.webdo.tn\/fr\/actualite\/tendances\/avec-ses-videos-nouvelair-mise-sur-la-proximite-avec-les-voyageurs\/380037\/#primaryimage"},"thumbnailUrl":"https:\/\/www.webdo.tn\/fr\/wp-content\/uploads\/2025\/07\/nouvelair-crew-flight-.jpg","keywords":["nouvelair","Tunisair","Tunisie"],"articleSection":["Tendances"],"inLanguage":"fr-FR"},{"@type":"WebPage","@id":"https:\/\/www.webdo.tn\/fr\/actualite\/tendances\/avec-ses-videos-nouvelair-mise-sur-la-proximite-avec-les-voyageurs\/380037\/","url":"https:\/\/www.webdo.tn\/fr\/actualite\/tendances\/avec-ses-videos-nouvelair-mise-sur-la-proximite-avec-les-voyageurs\/380037\/","name":"Avec ses vid\u00e9os, Nouvelair mise sur la proximit\u00e9 avec les voyageurs - webdo","isPartOf":{"@id":"https:\/\/www.webdo.tn\/fr\/#website"},"primaryImageOfPage":{"@id":"https:\/\/www.webdo.tn\/fr\/actualite\/tendances\/avec-ses-videos-nouvelair-mise-sur-la-proximite-avec-les-voyageurs\/380037\/#primaryimage"},"image":{"@id":"https:\/\/www.webdo.tn\/fr\/actualite\/tendances\/avec-ses-videos-nouvelair-mise-sur-la-proximite-avec-les-voyageurs\/380037\/#primaryimage"},"thumbnailUrl":"https:\/\/www.webdo.tn\/fr\/wp-content\/uploads\/2025\/07\/nouvelair-crew-flight-.jpg","datePublished":"2025-07-21T08:52:28+00:00","dateModified":"2025-07-21T11:51:36+00:00","description":"D\u00e9couvrez comment Nouvelair, avec ses vid\u00e9os, mise sur la proximit\u00e9 avec les voyageurs et am\u00e9liore sa communication.","breadcrumb":{"@id":"https:\/\/www.webdo.tn\/fr\/actualite\/tendances\/avec-ses-videos-nouvelair-mise-sur-la-proximite-avec-les-voyageurs\/380037\/#breadcrumb"},"inLanguage":"fr-FR","potentialAction":[{"@type":"ReadAction","target":["https:\/\/www.webdo.tn\/fr\/actualite\/tendances\/avec-ses-videos-nouvelair-mise-sur-la-proximite-avec-les-voyageurs\/380037\/"]}]},{"@type":"ImageObject","inLanguage":"fr-FR","@id":"https:\/\/www.webdo.tn\/fr\/actualite\/tendances\/avec-ses-videos-nouvelair-mise-sur-la-proximite-avec-les-voyageurs\/380037\/#primaryimage","url":"https:\/\/www.webdo.tn\/fr\/wp-content\/uploads\/2025\/07\/nouvelair-crew-flight-.jpg","contentUrl":"https:\/\/www.webdo.tn\/fr\/wp-content\/uploads\/2025\/07\/nouvelair-crew-flight-.jpg","width":1600,"height":800,"caption":"Nouvelair crew flight - Samir Seriati"},{"@type":"BreadcrumbList","@id":"https:\/\/www.webdo.tn\/fr\/actualite\/tendances\/avec-ses-videos-nouvelair-mise-sur-la-proximite-avec-les-voyageurs\/380037\/#breadcrumb","itemListElement":[{"@type":"ListItem","position":1,"name":"Accueil","item":"https:\/\/www.webdo.tn\/fr\/"},{"@type":"ListItem","position":2,"name":"Avec ses vid\u00e9os, Nouvelair mise sur la proximit\u00e9 avec les voyageurs"}]},{"@type":"WebSite","@id":"https:\/\/www.webdo.tn\/fr\/#website","url":"https:\/\/www.webdo.tn\/fr\/","name":"webdo","description":"Tunisie - News en Tunisie et \u00e0 l&#039;international sur Webdo.tn","publisher":{"@id":"https:\/\/www.webdo.tn\/fr\/#organization"},"potentialAction":[{"@type":"SearchAction","target":{"@type":"EntryPoint","urlTemplate":"https:\/\/www.webdo.tn\/fr\/?s={search_term_string}"},"query-input":{"@type":"PropertyValueSpecification","valueRequired":true,"valueName":"search_term_string"}}],"inLanguage":"fr-FR"},{"@type":"Organization","@id":"https:\/\/www.webdo.tn\/fr\/#organization","name":"Webdo","alternateName":"Webdo.tn","url":"https:\/\/www.webdo.tn\/fr\/","logo":{"@type":"ImageObject","inLanguage":"fr-FR","@id":"https:\/\/www.webdo.tn\/fr\/#\/schema\/logo\/image\/","url":"https:\/\/www.webdo.tn\/fr\/wp-content\/uploads\/2025\/06\/Webdo-Tunisie_168377.jpg","contentUrl":"https:\/\/www.webdo.tn\/fr\/wp-content\/uploads\/2025\/06\/Webdo-Tunisie_168377.jpg","width":301,"height":301,"caption":"Webdo"},"image":{"@id":"https:\/\/www.webdo.tn\/fr\/#\/schema\/logo\/image\/"},"sameAs":["https:\/\/www.facebook.com\/webdotn","https:\/\/x.com\/webdo_tn"],"description":"Webdo est un m\u00e9dia num\u00e9rique tunisien fond\u00e9 en 2010, sp\u00e9cialis\u00e9 dans l\u2019actualit\u00e9 nationale et internationale, l\u2019\u00e9conomie, la soci\u00e9t\u00e9 et les analyses politiques. Le site s\u2019adresse \u00e0 un large public francophone et couvre l\u2019information tunisienne en temps r\u00e9el.","email":"redac@webdo.tn","legalName":"YNJ SARL","foundingDate":"2010-09-06","numberOfEmployees":{"@type":"QuantitativeValue","minValue":"11","maxValue":"50"}},{"@type":"Person","@id":"https:\/\/www.webdo.tn\/fr\/#\/schema\/person\/19664196c9bfdcda126f3c27709f7d11","name":"Firas Ben Abdeltif","image":{"@type":"ImageObject","inLanguage":"fr-FR","@id":"https:\/\/secure.gravatar.com\/avatar\/161a347d40df098a084778c52ed133dbd85f14df003867067c5948081241ec55?s=96&d=mm&r=g","url":"https:\/\/secure.gravatar.com\/avatar\/161a347d40df098a084778c52ed133dbd85f14df003867067c5948081241ec55?s=96&d=mm&r=g","contentUrl":"https:\/\/secure.gravatar.com\/avatar\/161a347d40df098a084778c52ed133dbd85f14df003867067c5948081241ec55?s=96&d=mm&r=g","caption":"Firas Ben Abdeltif"},"url":"https:\/\/www.webdo.tn\/fr\/actualite\/author\/firas-ben-abdeltif\/"}]}},"_links":{"self":[{"href":"https:\/\/www.webdo.tn\/fr\/wp-json\/wp\/v2\/posts\/380037","targetHints":{"allow":["GET"]}}],"collection":[{"href":"https:\/\/www.webdo.tn\/fr\/wp-json\/wp\/v2\/posts"}],"about":[{"href":"https:\/\/www.webdo.tn\/fr\/wp-json\/wp\/v2\/types\/post"}],"author":[{"embeddable":true,"href":"https:\/\/www.webdo.tn\/fr\/wp-json\/wp\/v2\/users\/4779"}],"replies":[{"embeddable":true,"href":"https:\/\/www.webdo.tn\/fr\/wp-json\/wp\/v2\/comments?post=380037"}],"version-history":[{"count":0,"href":"https:\/\/www.webdo.tn\/fr\/wp-json\/wp\/v2\/posts\/380037\/revisions"}],"wp:featuredmedia":[{"embeddable":true,"href":"https:\/\/www.webdo.tn\/fr\/wp-json\/wp\/v2\/media\/380040"}],"wp:attachment":[{"href":"https:\/\/www.webdo.tn\/fr\/wp-json\/wp\/v2\/media?parent=380037"}],"wp:term":[{"taxonomy":"category","embeddable":true,"href":"https:\/\/www.webdo.tn\/fr\/wp-json\/wp\/v2\/categories?post=380037"},{"taxonomy":"post_tag","embeddable":true,"href":"https:\/\/www.webdo.tn\/fr\/wp-json\/wp\/v2\/tags?post=380037"}],"curies":[{"name":"wp","href":"https:\/\/api.w.org\/{rel}","templated":true}]}}