{"id":380025,"date":"2025-07-21T08:35:51","date_gmt":"2025-07-21T07:35:51","guid":{"rendered":"https:\/\/www.webdo.tn\/fr\/?p=380025"},"modified":"2025-07-21T11:12:29","modified_gmt":"2025-07-21T10:12:29","slug":"cinq-escrimeurs-tunisiens-engages-aux-mondiaux-de-tbilissi","status":"publish","type":"post","link":"https:\/\/www.webdo.tn\/fr\/actualite\/sport\/cinq-escrimeurs-tunisiens-engages-aux-mondiaux-de-tbilissi\/380025\/","title":{"rendered":"Cinq escrimeurs tunisiens engag\u00e9s aux Mondiaux de Tbilissi"},"content":{"rendered":"\n<p>La Tunisie participera aux Championnats du monde d&rsquo;escrime, pr\u00e9vus du 22 au 30 juillet 2025 \u00e0 Tbilissi (G\u00e9orgie), avec une d\u00e9l\u00e9gation de cinq athl\u00e8tes engag\u00e9s uniquement dans les \u00e9preuves individuelles.<\/p>\n\n\n\n<p>La F\u00e9d\u00e9ration tunisienne d\u2019escrime a confirm\u00e9 la participation de cinq athl\u00e8tes aux Championnats du monde qui se tiennent cette ann\u00e9e \u00e0 Tbilissi. Les sabreurs Fares et Ahmed Ferjani d\u00e9fendront les couleurs nationales dans leur sp\u00e9cialit\u00e9. En fleuret, ce sont les jeunes escrimeuses Nourane Bechir et Yasmine Ayari qui entreront en lice, tandis qu\u2019en \u00e9p\u00e9e, Eya Rouatbi repr\u00e9sentera la Tunisie.<\/p>\n\n\n\n<p>Les comp\u00e9titions, qui r\u00e9uniront les meilleurs tireurs de la plan\u00e8te, se d\u00e9rouleront entre le 22 et le 30 juillet 2025. Cette participation tunisienne s\u2019inscrit dans le cadre de la pr\u00e9paration aux prochaines \u00e9ch\u00e9ances continentales et olympiques.<\/p>\n\n\n\n<p>La Tunisie poursuit sa pr\u00e9sence r\u00e9guli\u00e8re sur la sc\u00e8ne mondiale en escrime, une discipline o\u00f9 elle a d\u00e9j\u00e0 obtenu des r\u00e9sultats prometteurs, notamment \u00e0 travers les fr\u00e8res Ferjani, figures bien connues de la sc\u00e8ne africaine.<\/p>\n\n\n\n<ul class=\"wp-block-list\">\n<li>Lire aussi : Escrime : <a href=\"https:\/\/www.webdo.tn\/fr\/actualite\/sport\/escrime-fares-ferjani-medaille-dor-aux-championnats-dafrique\/174242\/\">Far\u00e8s Ferjani m\u00e9daill\u00e9 d\u2019or aux Championnats d\u2019Afrique<\/a><\/li>\n\n\n\n<li>Lire aussi : <a href=\"https:\/\/www.webdo.tn\/fr\/actualite\/chroniques\/noureddine-robbana-et-la-memoire-de-lescrime-en-tunisie\/188161\/\">Noureddine Robbana et la m\u00e9moire de l\u2019escrime en Tunisie<\/a><\/li>\n<\/ul>\n","protected":false},"excerpt":{"rendered":"<p>La Tunisie participera aux Championnats du monde d&rsquo;escrime, pr\u00e9vus du 22 au 30 juillet 2025 \u00e0 Tbilissi (G\u00e9orgie), avec une d\u00e9l\u00e9gation de cinq athl\u00e8tes engag\u00e9s uniquement dans les \u00e9preuves individuelles. La F\u00e9d\u00e9ration tunisienne d\u2019escrime a confirm\u00e9 la participation de cinq athl\u00e8tes aux Championnats du monde qui se tiennent cette ann\u00e9e \u00e0 Tbilissi. Les sabreurs Fares [&hellip;]<\/p>\n","protected":false},"author":3191,"featured_media":380026,"comment_status":"open","ping_status":"open","sticky":false,"template":"","format":"standard","meta":{"footnotes":""},"categories":[2593],"tags":[10346,12268,2608],"class_list":["post-380025","post","type-post","status-publish","format-standard","has-post-thumbnail","hentry","category-sport","tag-escrime","tag-championnats-du-monde-descrime","tag-tunisie"],"yoast_head":"<!-- This site is optimized with the Yoast SEO Premium plugin v27.4 (Yoast SEO v27.5) - https:\/\/yoast.com\/product\/yoast-seo-premium-wordpress\/ -->\n<title>Cinq escrimeurs tunisiens engag\u00e9s aux Mondiaux de Tbilissi - webdo<\/title>\n<meta name=\"description\" content=\"Les escrimeurs tunisiens se pr\u00e9parent pour le Championnat du monde \u00e0 Tbilissi. Suivez leurs performances en juillet 2025.\" \/>\n<link rel=\"canonical\" href=\"https:\/\/www.webdo.tn\/fr\/actualite\/sport\/cinq-escrimeurs-tunisiens-engages-aux-mondiaux-de-tbilissi\/380025\/\" \/>\n<meta property=\"og:locale\" content=\"fr_FR\" \/>\n<meta property=\"og:type\" content=\"article\" \/>\n<meta property=\"og:title\" content=\"Cinq escrimeurs tunisiens engag\u00e9s aux Mondiaux de Tbilissi\" \/>\n<meta property=\"og:description\" content=\"Les escrimeurs tunisiens se pr\u00e9parent pour le Championnat du monde \u00e0 Tbilissi. Suivez leurs performances en juillet 2025.\" \/>\n<meta property=\"og:url\" content=\"https:\/\/www.webdo.tn\/fr\/actualite\/sport\/cinq-escrimeurs-tunisiens-engages-aux-mondiaux-de-tbilissi\/380025\/\" \/>\n<meta property=\"og:site_name\" content=\"webdo\" \/>\n<meta property=\"article:publisher\" content=\"https:\/\/www.facebook.com\/webdotn\" \/>\n<meta property=\"article:published_time\" content=\"2025-07-21T07:35:51+00:00\" \/>\n<meta property=\"article:modified_time\" content=\"2025-07-21T10:12:29+00:00\" \/>\n<meta property=\"og:image\" content=\"https:\/\/www.webdo.tn\/fr\/wp-content\/uploads\/2025\/07\/Fares-Ferjani-1.jpg\" \/>\n\t<meta property=\"og:image:width\" content=\"1200\" \/>\n\t<meta property=\"og:image:height\" content=\"630\" \/>\n\t<meta property=\"og:image:type\" content=\"image\/jpeg\" \/>\n<meta name=\"author\" content=\"Mohamed Hedi Touati\" \/>\n<meta name=\"twitter:card\" content=\"summary_large_image\" \/>\n<meta name=\"twitter:creator\" content=\"@webdo_tn\" \/>\n<meta name=\"twitter:site\" content=\"@webdo_tn\" \/>\n<meta name=\"twitter:label1\" content=\"\u00c9crit par\" \/>\n\t<meta name=\"twitter:data1\" content=\"Mohamed Hedi Touati\" \/>\n\t<meta name=\"twitter:label2\" content=\"Dur\u00e9e de lecture estim\u00e9e\" \/>\n\t<meta name=\"twitter:data2\" content=\"2 minutes\" \/>\n<script type=\"application\/ld+json\" class=\"yoast-schema-graph\">{\"@context\":\"https:\\\/\\\/schema.org\",\"@graph\":[{\"@type\":\"NewsArticle\",\"@id\":\"https:\\\/\\\/www.webdo.tn\\\/fr\\\/actualite\\\/sport\\\/cinq-escrimeurs-tunisiens-engages-aux-mondiaux-de-tbilissi\\\/380025\\\/#article\",\"isPartOf\":{\"@id\":\"https:\\\/\\\/www.webdo.tn\\\/fr\\\/actualite\\\/sport\\\/cinq-escrimeurs-tunisiens-engages-aux-mondiaux-de-tbilissi\\\/380025\\\/\"},\"author\":{\"name\":\"Mohamed Hedi Touati\",\"@id\":\"https:\\\/\\\/www.webdo.tn\\\/fr\\\/#\\\/schema\\\/person\\\/c652cd8fc2b1b44412b5ffb48c5a911d\"},\"headline\":\"Cinq escrimeurs tunisiens engag\u00e9s aux Mondiaux de Tbilissi\",\"datePublished\":\"2025-07-21T07:35:51+00:00\",\"dateModified\":\"2025-07-21T10:12:29+00:00\",\"mainEntityOfPage\":{\"@id\":\"https:\\\/\\\/www.webdo.tn\\\/fr\\\/actualite\\\/sport\\\/cinq-escrimeurs-tunisiens-engages-aux-mondiaux-de-tbilissi\\\/380025\\\/\"},\"wordCount\":219,\"commentCount\":0,\"publisher\":{\"@id\":\"https:\\\/\\\/www.webdo.tn\\\/fr\\\/#organization\"},\"image\":{\"@id\":\"https:\\\/\\\/www.webdo.tn\\\/fr\\\/actualite\\\/sport\\\/cinq-escrimeurs-tunisiens-engages-aux-mondiaux-de-tbilissi\\\/380025\\\/#primaryimage\"},\"thumbnailUrl\":\"https:\\\/\\\/www.webdo.tn\\\/fr\\\/wp-content\\\/uploads\\\/2025\\\/07\\\/Fares-Ferjani-1.jpg\",\"keywords\":[\"'escrime'\",\"Championnats du monde d'escrime\",\"Tunisie\"],\"articleSection\":[\"Sport\"],\"inLanguage\":\"fr-FR\"},{\"@type\":\"WebPage\",\"@id\":\"https:\\\/\\\/www.webdo.tn\\\/fr\\\/actualite\\\/sport\\\/cinq-escrimeurs-tunisiens-engages-aux-mondiaux-de-tbilissi\\\/380025\\\/\",\"url\":\"https:\\\/\\\/www.webdo.tn\\\/fr\\\/actualite\\\/sport\\\/cinq-escrimeurs-tunisiens-engages-aux-mondiaux-de-tbilissi\\\/380025\\\/\",\"name\":\"Cinq escrimeurs tunisiens engag\u00e9s aux Mondiaux de Tbilissi - webdo\",\"isPartOf\":{\"@id\":\"https:\\\/\\\/www.webdo.tn\\\/fr\\\/#website\"},\"primaryImageOfPage\":{\"@id\":\"https:\\\/\\\/www.webdo.tn\\\/fr\\\/actualite\\\/sport\\\/cinq-escrimeurs-tunisiens-engages-aux-mondiaux-de-tbilissi\\\/380025\\\/#primaryimage\"},\"image\":{\"@id\":\"https:\\\/\\\/www.webdo.tn\\\/fr\\\/actualite\\\/sport\\\/cinq-escrimeurs-tunisiens-engages-aux-mondiaux-de-tbilissi\\\/380025\\\/#primaryimage\"},\"thumbnailUrl\":\"https:\\\/\\\/www.webdo.tn\\\/fr\\\/wp-content\\\/uploads\\\/2025\\\/07\\\/Fares-Ferjani-1.jpg\",\"datePublished\":\"2025-07-21T07:35:51+00:00\",\"dateModified\":\"2025-07-21T10:12:29+00:00\",\"description\":\"Les escrimeurs tunisiens se pr\u00e9parent pour le Championnat du monde \u00e0 Tbilissi. Suivez leurs performances en juillet 2025.\",\"breadcrumb\":{\"@id\":\"https:\\\/\\\/www.webdo.tn\\\/fr\\\/actualite\\\/sport\\\/cinq-escrimeurs-tunisiens-engages-aux-mondiaux-de-tbilissi\\\/380025\\\/#breadcrumb\"},\"inLanguage\":\"fr-FR\",\"potentialAction\":[{\"@type\":\"ReadAction\",\"target\":[\"https:\\\/\\\/www.webdo.tn\\\/fr\\\/actualite\\\/sport\\\/cinq-escrimeurs-tunisiens-engages-aux-mondiaux-de-tbilissi\\\/380025\\\/\"]}]},{\"@type\":\"ImageObject\",\"inLanguage\":\"fr-FR\",\"@id\":\"https:\\\/\\\/www.webdo.tn\\\/fr\\\/actualite\\\/sport\\\/cinq-escrimeurs-tunisiens-engages-aux-mondiaux-de-tbilissi\\\/380025\\\/#primaryimage\",\"url\":\"https:\\\/\\\/www.webdo.tn\\\/fr\\\/wp-content\\\/uploads\\\/2025\\\/07\\\/Fares-Ferjani-1.jpg\",\"contentUrl\":\"https:\\\/\\\/www.webdo.tn\\\/fr\\\/wp-content\\\/uploads\\\/2025\\\/07\\\/Fares-Ferjani-1.jpg\",\"width\":1200,\"height\":630,\"caption\":\"Cinq escrimeurs tunisiens engag\u00e9s aux Mondiaux de Tbilissi\"},{\"@type\":\"BreadcrumbList\",\"@id\":\"https:\\\/\\\/www.webdo.tn\\\/fr\\\/actualite\\\/sport\\\/cinq-escrimeurs-tunisiens-engages-aux-mondiaux-de-tbilissi\\\/380025\\\/#breadcrumb\",\"itemListElement\":[{\"@type\":\"ListItem\",\"position\":1,\"name\":\"Accueil\",\"item\":\"https:\\\/\\\/www.webdo.tn\\\/fr\\\/\"},{\"@type\":\"ListItem\",\"position\":2,\"name\":\"Cinq escrimeurs tunisiens engag\u00e9s aux Mondiaux de Tbilissi\"}]},{\"@type\":\"WebSite\",\"@id\":\"https:\\\/\\\/www.webdo.tn\\\/fr\\\/#website\",\"url\":\"https:\\\/\\\/www.webdo.tn\\\/fr\\\/\",\"name\":\"webdo\",\"description\":\"Tunisie - News en Tunisie et \u00e0 l&#039;international sur Webdo.tn\",\"publisher\":{\"@id\":\"https:\\\/\\\/www.webdo.tn\\\/fr\\\/#organization\"},\"potentialAction\":[{\"@type\":\"SearchAction\",\"target\":{\"@type\":\"EntryPoint\",\"urlTemplate\":\"https:\\\/\\\/www.webdo.tn\\\/fr\\\/?s={search_term_string}\"},\"query-input\":{\"@type\":\"PropertyValueSpecification\",\"valueRequired\":true,\"valueName\":\"search_term_string\"}}],\"inLanguage\":\"fr-FR\"},{\"@type\":\"Organization\",\"@id\":\"https:\\\/\\\/www.webdo.tn\\\/fr\\\/#organization\",\"name\":\"Webdo\",\"alternateName\":\"Webdo.tn\",\"url\":\"https:\\\/\\\/www.webdo.tn\\\/fr\\\/\",\"logo\":{\"@type\":\"ImageObject\",\"inLanguage\":\"fr-FR\",\"@id\":\"https:\\\/\\\/www.webdo.tn\\\/fr\\\/#\\\/schema\\\/logo\\\/image\\\/\",\"url\":\"https:\\\/\\\/www.webdo.tn\\\/fr\\\/wp-content\\\/uploads\\\/2025\\\/06\\\/Webdo-Tunisie_168377.jpg\",\"contentUrl\":\"https:\\\/\\\/www.webdo.tn\\\/fr\\\/wp-content\\\/uploads\\\/2025\\\/06\\\/Webdo-Tunisie_168377.jpg\",\"width\":301,\"height\":301,\"caption\":\"Webdo\"},\"image\":{\"@id\":\"https:\\\/\\\/www.webdo.tn\\\/fr\\\/#\\\/schema\\\/logo\\\/image\\\/\"},\"sameAs\":[\"https:\\\/\\\/www.facebook.com\\\/webdotn\",\"https:\\\/\\\/x.com\\\/webdo_tn\"],\"description\":\"Webdo est un m\u00e9dia num\u00e9rique tunisien fond\u00e9 en 2010, sp\u00e9cialis\u00e9 dans l\u2019actualit\u00e9 nationale et internationale, l\u2019\u00e9conomie, la soci\u00e9t\u00e9 et les analyses politiques. Le site s\u2019adresse \u00e0 un large public francophone et couvre l\u2019information tunisienne en temps r\u00e9el.\",\"email\":\"redac@webdo.tn\",\"legalName\":\"YNJ SARL\",\"foundingDate\":\"2010-09-06\",\"numberOfEmployees\":{\"@type\":\"QuantitativeValue\",\"minValue\":\"11\",\"maxValue\":\"50\"}},{\"@type\":\"Person\",\"@id\":\"https:\\\/\\\/www.webdo.tn\\\/fr\\\/#\\\/schema\\\/person\\\/c652cd8fc2b1b44412b5ffb48c5a911d\",\"name\":\"Mohamed Hedi Touati\",\"image\":{\"@type\":\"ImageObject\",\"inLanguage\":\"fr-FR\",\"@id\":\"https:\\\/\\\/secure.gravatar.com\\\/avatar\\\/9cfd402c745b7a685f13eed0ea6e59d2144a3c2fc50a3db6fd5ed451f6cddf1a?s=96&d=mm&r=g\",\"url\":\"https:\\\/\\\/secure.gravatar.com\\\/avatar\\\/9cfd402c745b7a685f13eed0ea6e59d2144a3c2fc50a3db6fd5ed451f6cddf1a?s=96&d=mm&r=g\",\"contentUrl\":\"https:\\\/\\\/secure.gravatar.com\\\/avatar\\\/9cfd402c745b7a685f13eed0ea6e59d2144a3c2fc50a3db6fd5ed451f6cddf1a?s=96&d=mm&r=g\",\"caption\":\"Mohamed Hedi Touati\"},\"url\":\"https:\\\/\\\/www.webdo.tn\\\/fr\\\/actualite\\\/author\\\/mohamed-hedi-touati\\\/\"}]}<\/script>\n<!-- \/ Yoast SEO Premium plugin. -->","yoast_head_json":{"title":"Cinq escrimeurs tunisiens engag\u00e9s aux Mondiaux de Tbilissi - webdo","description":"Les escrimeurs tunisiens se pr\u00e9parent pour le Championnat du monde \u00e0 Tbilissi. Suivez leurs performances en juillet 2025.","canonical":"https:\/\/www.webdo.tn\/fr\/actualite\/sport\/cinq-escrimeurs-tunisiens-engages-aux-mondiaux-de-tbilissi\/380025\/","og_locale":"fr_FR","og_type":"article","og_title":"Cinq escrimeurs tunisiens engag\u00e9s aux Mondiaux de Tbilissi","og_description":"Les escrimeurs tunisiens se pr\u00e9parent pour le Championnat du monde \u00e0 Tbilissi. Suivez leurs performances en juillet 2025.","og_url":"https:\/\/www.webdo.tn\/fr\/actualite\/sport\/cinq-escrimeurs-tunisiens-engages-aux-mondiaux-de-tbilissi\/380025\/","og_site_name":"webdo","article_publisher":"https:\/\/www.facebook.com\/webdotn","article_published_time":"2025-07-21T07:35:51+00:00","article_modified_time":"2025-07-21T10:12:29+00:00","og_image":[{"width":1200,"height":630,"url":"https:\/\/www.webdo.tn\/fr\/wp-content\/uploads\/2025\/07\/Fares-Ferjani-1.jpg","type":"image\/jpeg"}],"author":"Mohamed Hedi Touati","twitter_card":"summary_large_image","twitter_creator":"@webdo_tn","twitter_site":"@webdo_tn","twitter_misc":{"\u00c9crit par":"Mohamed Hedi Touati","Dur\u00e9e de lecture estim\u00e9e":"2 minutes"},"schema":{"@context":"https:\/\/schema.org","@graph":[{"@type":"NewsArticle","@id":"https:\/\/www.webdo.tn\/fr\/actualite\/sport\/cinq-escrimeurs-tunisiens-engages-aux-mondiaux-de-tbilissi\/380025\/#article","isPartOf":{"@id":"https:\/\/www.webdo.tn\/fr\/actualite\/sport\/cinq-escrimeurs-tunisiens-engages-aux-mondiaux-de-tbilissi\/380025\/"},"author":{"name":"Mohamed Hedi Touati","@id":"https:\/\/www.webdo.tn\/fr\/#\/schema\/person\/c652cd8fc2b1b44412b5ffb48c5a911d"},"headline":"Cinq escrimeurs tunisiens engag\u00e9s aux Mondiaux de Tbilissi","datePublished":"2025-07-21T07:35:51+00:00","dateModified":"2025-07-21T10:12:29+00:00","mainEntityOfPage":{"@id":"https:\/\/www.webdo.tn\/fr\/actualite\/sport\/cinq-escrimeurs-tunisiens-engages-aux-mondiaux-de-tbilissi\/380025\/"},"wordCount":219,"commentCount":0,"publisher":{"@id":"https:\/\/www.webdo.tn\/fr\/#organization"},"image":{"@id":"https:\/\/www.webdo.tn\/fr\/actualite\/sport\/cinq-escrimeurs-tunisiens-engages-aux-mondiaux-de-tbilissi\/380025\/#primaryimage"},"thumbnailUrl":"https:\/\/www.webdo.tn\/fr\/wp-content\/uploads\/2025\/07\/Fares-Ferjani-1.jpg","keywords":["'escrime'","Championnats du monde d'escrime","Tunisie"],"articleSection":["Sport"],"inLanguage":"fr-FR"},{"@type":"WebPage","@id":"https:\/\/www.webdo.tn\/fr\/actualite\/sport\/cinq-escrimeurs-tunisiens-engages-aux-mondiaux-de-tbilissi\/380025\/","url":"https:\/\/www.webdo.tn\/fr\/actualite\/sport\/cinq-escrimeurs-tunisiens-engages-aux-mondiaux-de-tbilissi\/380025\/","name":"Cinq escrimeurs tunisiens engag\u00e9s aux Mondiaux de Tbilissi - webdo","isPartOf":{"@id":"https:\/\/www.webdo.tn\/fr\/#website"},"primaryImageOfPage":{"@id":"https:\/\/www.webdo.tn\/fr\/actualite\/sport\/cinq-escrimeurs-tunisiens-engages-aux-mondiaux-de-tbilissi\/380025\/#primaryimage"},"image":{"@id":"https:\/\/www.webdo.tn\/fr\/actualite\/sport\/cinq-escrimeurs-tunisiens-engages-aux-mondiaux-de-tbilissi\/380025\/#primaryimage"},"thumbnailUrl":"https:\/\/www.webdo.tn\/fr\/wp-content\/uploads\/2025\/07\/Fares-Ferjani-1.jpg","datePublished":"2025-07-21T07:35:51+00:00","dateModified":"2025-07-21T10:12:29+00:00","description":"Les escrimeurs tunisiens se pr\u00e9parent pour le Championnat du monde \u00e0 Tbilissi. Suivez leurs performances en juillet 2025.","breadcrumb":{"@id":"https:\/\/www.webdo.tn\/fr\/actualite\/sport\/cinq-escrimeurs-tunisiens-engages-aux-mondiaux-de-tbilissi\/380025\/#breadcrumb"},"inLanguage":"fr-FR","potentialAction":[{"@type":"ReadAction","target":["https:\/\/www.webdo.tn\/fr\/actualite\/sport\/cinq-escrimeurs-tunisiens-engages-aux-mondiaux-de-tbilissi\/380025\/"]}]},{"@type":"ImageObject","inLanguage":"fr-FR","@id":"https:\/\/www.webdo.tn\/fr\/actualite\/sport\/cinq-escrimeurs-tunisiens-engages-aux-mondiaux-de-tbilissi\/380025\/#primaryimage","url":"https:\/\/www.webdo.tn\/fr\/wp-content\/uploads\/2025\/07\/Fares-Ferjani-1.jpg","contentUrl":"https:\/\/www.webdo.tn\/fr\/wp-content\/uploads\/2025\/07\/Fares-Ferjani-1.jpg","width":1200,"height":630,"caption":"Cinq escrimeurs tunisiens engag\u00e9s aux Mondiaux de Tbilissi"},{"@type":"BreadcrumbList","@id":"https:\/\/www.webdo.tn\/fr\/actualite\/sport\/cinq-escrimeurs-tunisiens-engages-aux-mondiaux-de-tbilissi\/380025\/#breadcrumb","itemListElement":[{"@type":"ListItem","position":1,"name":"Accueil","item":"https:\/\/www.webdo.tn\/fr\/"},{"@type":"ListItem","position":2,"name":"Cinq escrimeurs tunisiens engag\u00e9s aux Mondiaux de Tbilissi"}]},{"@type":"WebSite","@id":"https:\/\/www.webdo.tn\/fr\/#website","url":"https:\/\/www.webdo.tn\/fr\/","name":"webdo","description":"Tunisie - News en Tunisie et \u00e0 l&#039;international sur Webdo.tn","publisher":{"@id":"https:\/\/www.webdo.tn\/fr\/#organization"},"potentialAction":[{"@type":"SearchAction","target":{"@type":"EntryPoint","urlTemplate":"https:\/\/www.webdo.tn\/fr\/?s={search_term_string}"},"query-input":{"@type":"PropertyValueSpecification","valueRequired":true,"valueName":"search_term_string"}}],"inLanguage":"fr-FR"},{"@type":"Organization","@id":"https:\/\/www.webdo.tn\/fr\/#organization","name":"Webdo","alternateName":"Webdo.tn","url":"https:\/\/www.webdo.tn\/fr\/","logo":{"@type":"ImageObject","inLanguage":"fr-FR","@id":"https:\/\/www.webdo.tn\/fr\/#\/schema\/logo\/image\/","url":"https:\/\/www.webdo.tn\/fr\/wp-content\/uploads\/2025\/06\/Webdo-Tunisie_168377.jpg","contentUrl":"https:\/\/www.webdo.tn\/fr\/wp-content\/uploads\/2025\/06\/Webdo-Tunisie_168377.jpg","width":301,"height":301,"caption":"Webdo"},"image":{"@id":"https:\/\/www.webdo.tn\/fr\/#\/schema\/logo\/image\/"},"sameAs":["https:\/\/www.facebook.com\/webdotn","https:\/\/x.com\/webdo_tn"],"description":"Webdo est un m\u00e9dia num\u00e9rique tunisien fond\u00e9 en 2010, sp\u00e9cialis\u00e9 dans l\u2019actualit\u00e9 nationale et internationale, l\u2019\u00e9conomie, la soci\u00e9t\u00e9 et les analyses politiques. Le site s\u2019adresse \u00e0 un large public francophone et couvre l\u2019information tunisienne en temps r\u00e9el.","email":"redac@webdo.tn","legalName":"YNJ SARL","foundingDate":"2010-09-06","numberOfEmployees":{"@type":"QuantitativeValue","minValue":"11","maxValue":"50"}},{"@type":"Person","@id":"https:\/\/www.webdo.tn\/fr\/#\/schema\/person\/c652cd8fc2b1b44412b5ffb48c5a911d","name":"Mohamed Hedi Touati","image":{"@type":"ImageObject","inLanguage":"fr-FR","@id":"https:\/\/secure.gravatar.com\/avatar\/9cfd402c745b7a685f13eed0ea6e59d2144a3c2fc50a3db6fd5ed451f6cddf1a?s=96&d=mm&r=g","url":"https:\/\/secure.gravatar.com\/avatar\/9cfd402c745b7a685f13eed0ea6e59d2144a3c2fc50a3db6fd5ed451f6cddf1a?s=96&d=mm&r=g","contentUrl":"https:\/\/secure.gravatar.com\/avatar\/9cfd402c745b7a685f13eed0ea6e59d2144a3c2fc50a3db6fd5ed451f6cddf1a?s=96&d=mm&r=g","caption":"Mohamed Hedi Touati"},"url":"https:\/\/www.webdo.tn\/fr\/actualite\/author\/mohamed-hedi-touati\/"}]}},"_links":{"self":[{"href":"https:\/\/www.webdo.tn\/fr\/wp-json\/wp\/v2\/posts\/380025","targetHints":{"allow":["GET"]}}],"collection":[{"href":"https:\/\/www.webdo.tn\/fr\/wp-json\/wp\/v2\/posts"}],"about":[{"href":"https:\/\/www.webdo.tn\/fr\/wp-json\/wp\/v2\/types\/post"}],"author":[{"embeddable":true,"href":"https:\/\/www.webdo.tn\/fr\/wp-json\/wp\/v2\/users\/3191"}],"replies":[{"embeddable":true,"href":"https:\/\/www.webdo.tn\/fr\/wp-json\/wp\/v2\/comments?post=380025"}],"version-history":[{"count":0,"href":"https:\/\/www.webdo.tn\/fr\/wp-json\/wp\/v2\/posts\/380025\/revisions"}],"wp:featuredmedia":[{"embeddable":true,"href":"https:\/\/www.webdo.tn\/fr\/wp-json\/wp\/v2\/media\/380026"}],"wp:attachment":[{"href":"https:\/\/www.webdo.tn\/fr\/wp-json\/wp\/v2\/media?parent=380025"}],"wp:term":[{"taxonomy":"category","embeddable":true,"href":"https:\/\/www.webdo.tn\/fr\/wp-json\/wp\/v2\/categories?post=380025"},{"taxonomy":"post_tag","embeddable":true,"href":"https:\/\/www.webdo.tn\/fr\/wp-json\/wp\/v2\/tags?post=380025"}],"curies":[{"name":"wp","href":"https:\/\/api.w.org\/{rel}","templated":true}]}}