{"id":379986,"date":"2025-07-19T11:32:00","date_gmt":"2025-07-19T10:32:00","guid":{"rendered":"https:\/\/www.webdo.tn\/fr\/?p=379986"},"modified":"2025-07-21T08:04:51","modified_gmt":"2025-07-21T07:04:51","slug":"tunisie-cereales-les-collectes-depassent-les-moyennes-des-cinq-dernieres-annees","status":"publish","type":"post","link":"https:\/\/www.webdo.tn\/fr\/actualite\/national\/tunisie-cereales-les-collectes-depassent-les-moyennes-des-cinq-dernieres-annees\/379986\/","title":{"rendered":"Tunisie &#8211; C\u00e9r\u00e9ales : Les collectes d\u00e9passent les moyennes des cinq derni\u00e8res ann\u00e9es"},"content":{"rendered":"\n<p><strong>Au 17 juillet 2025, la Tunisie a collect\u00e9 plus de 11,2 millions de quintaux de c\u00e9r\u00e9ales, un volume sup\u00e9rieur \u00e0 la moyenne des cinq derni\u00e8res campagnes \u00e0 la m\u00eame date, selon les chiffres de l\u2019Office des C\u00e9r\u00e9ales.<\/strong><\/p>\n\n\n\n<p><strong>Plus de 11 millions de quintaux collect\u00e9s<\/strong><\/p>\n\n\n\n<p>Les centres de collecte tunisiens ont r\u00e9ceptionn\u00e9 11,290 millions de quintaux de c\u00e9r\u00e9ales au 17 juillet 2025, selon les donn\u00e9es publi\u00e9es par l\u2019Office des C\u00e9r\u00e9ales. Ce niveau d\u00e9passe la moyenne des cinq derni\u00e8res ann\u00e9es pour la m\u00eame p\u00e9riode, confirmant une campagne 2025 prometteuse.<\/p>\n\n\n\n<p><strong>Une majorit\u00e9 destin\u00e9e \u00e0 la consommation<\/strong><\/p>\n\n\n\n<p>La r\u00e9partition des c\u00e9r\u00e9ales collect\u00e9es est la suivante :<\/p>\n\n\n\n<ul class=\"wp-block-list\">\n<li>94,1% (soit 10,627 millions de quintaux) sont destin\u00e9s \u00e0 la consommation,<\/li>\n\n\n\n<li>5,9% (0,663 million de quintaux) concernent des semences s\u00e9lectionn\u00e9es.<\/li>\n<\/ul>\n\n\n\n<p>Parmi les c\u00e9r\u00e9ales de consommation :<\/p>\n\n\n\n<ul class=\"wp-block-list\">\n<li>7,117 millions de quintaux de bl\u00e9 dur,<\/li>\n\n\n\n<li>0,548 million de bl\u00e9 tendre,<\/li>\n\n\n\n<li>2,920 millions d\u2019orge,<\/li>\n\n\n\n<li>0,043 million de triticale<\/li>\n<\/ul>\n\n\n\n<p>Quant aux semences s\u00e9lectionn\u00e9es :<\/p>\n\n\n\n<ul class=\"wp-block-list\">\n<li>0,582 million de quintaux de bl\u00e9 dur,<\/li>\n\n\n\n<li>0,061 million de bl\u00e9 tendre,<\/li>\n\n\n\n<li>0,019 million d\u2019orge,<\/li>\n\n\n\n<li>0,001 million de triticale<\/li>\n<\/ul>\n\n\n\n<p><strong>B\u00e9ja, Bizerte et Siliana en t\u00eate<\/strong><\/p>\n\n\n\n<p>Sur le plan r\u00e9gional, la r\u00e9partition des collectes montre une forte concentration dans les gouvernorats du nord-ouest :<\/p>\n\n\n\n<ul class=\"wp-block-list\">\n<li>B\u00e9ja : 2,679 millions de quintaux (23,73%),<\/li>\n\n\n\n<li>Bizerte : 1,661 million (14,71%),<\/li>\n\n\n\n<li>Siliana : 1,491 million (13,20%),<\/li>\n\n\n\n<li>Le Kef : 1,324 million (11,73%),<\/li>\n\n\n\n<li>Jendouba : 1,233 million (10,92%),<\/li>\n\n\n\n<li>Zaghouan : 749 mille (6,64%),<\/li>\n\n\n\n<li>Kairouan : 721 mille (6,38%).<\/li>\n<\/ul>\n\n\n\n<p>Les autres contributions r\u00e9gionales incluent : La Manouba (626 mille), Nabeul (224 mille), Kasserine (186 mille), Ariana (142 mille), Sidi Bouzid (138 mille), Gafsa (92 mille), Sousse (22 mille) et Mahdia (2 mille).<\/p>\n\n\n\n<p><strong>Une cellule de suivi \u00e0 disposition<\/strong><\/p>\n\n\n\n<p>L\u2019Office des C\u00e9r\u00e9ales a mis en place une cellule de suivi pour accompagner la campagne de collecte 2025. Elle est charg\u00e9e de r\u00e9pondre aux demandes d&rsquo;information et de r\u00e9soudre les difficult\u00e9s \u00e9ventuelles. Cette cellule peut \u00eatre contact\u00e9e aux num\u00e9ros suivants : 95 99 75 21 ou 80 10 67 88.<\/p>\n\n\n\n<iframe src=\"https:\/\/www.facebook.com\/plugins\/post.php?href=https%3A%2F%2Fwww.facebook.com%2Fpermalink.php%3Fstory_fbid%3Dpfbid0273chzr9E5ox8Mq2R7tPNaTkFbhiPm7r8gWDMpWMhGSfeXoKAN4ajFTetWob4DDAEl%26id%3D100069933501880&#038;show_text=true&#038;width=500\" width=\"500\" height=\"250\" style=\"border:none;overflow:hidden\" scrolling=\"no\" frameborder=\"0\" allowfullscreen=\"true\" allow=\"autoplay; clipboard-write; encrypted-media; picture-in-picture; web-share\"><\/iframe>\n\n\n\n<ul class=\"wp-block-list\">\n<li>Lire aussi : <a href=\"https:\/\/www.webdo.tn\/fr\/actualite\/national\/tunisie-vers-un-stockage-en-plein-air-des-cereales-face-a-une-recolte-abondante\/221869\/\">Tunisie : Vers un stockage en plein air des c\u00e9r\u00e9ales face \u00e0 une r\u00e9colte abondante<\/a><\/li>\n<\/ul>\n","protected":false},"excerpt":{"rendered":"<p>Au 17 juillet 2025, la Tunisie a collect\u00e9 plus de 11,2 millions de quintaux de c\u00e9r\u00e9ales, un volume sup\u00e9rieur \u00e0 la moyenne des cinq derni\u00e8res campagnes \u00e0 la m\u00eame date, selon les chiffres de l\u2019Office des C\u00e9r\u00e9ales. Plus de 11 millions de quintaux collect\u00e9s Les centres de collecte tunisiens ont r\u00e9ceptionn\u00e9 11,290 millions de quintaux [&hellip;]<\/p>\n","protected":false},"author":3191,"featured_media":379987,"comment_status":"open","ping_status":"open","sticky":false,"template":"","format":"standard","meta":{"footnotes":""},"categories":[44],"tags":[10451,3415,12122,2608],"class_list":["post-379986","post","type-post","status-publish","format-standard","has-post-thumbnail","hentry","category-national","tag-office-des-cereales","tag-cereales","tag-collecte","tag-tunisie"],"yoast_head":"<!-- This site is optimized with the Yoast SEO Premium plugin v27.5 (Yoast SEO v27.5) - https:\/\/yoast.com\/product\/yoast-seo-premium-wordpress\/ -->\n<title>Tunisie - C\u00e9r\u00e9ales : Les collectes d\u00e9passent les moyennes des cinq derni\u00e8res ann\u00e9es - webdo<\/title>\n<meta name=\"description\" content=\"La campagne de c\u00e9r\u00e9ales en Tunisie 2025 d\u00e9passe les attentes avec plus de 11,2 millions de quintaux r\u00e9colt\u00e9s.\" \/>\n<link rel=\"canonical\" href=\"https:\/\/www.webdo.tn\/fr\/actualite\/national\/tunisie-cereales-les-collectes-depassent-les-moyennes-des-cinq-dernieres-annees\/379986\/\" \/>\n<meta property=\"og:locale\" content=\"fr_FR\" \/>\n<meta property=\"og:type\" content=\"article\" \/>\n<meta property=\"og:title\" content=\"Tunisie - C\u00e9r\u00e9ales : Les collectes d\u00e9passent les moyennes des cinq derni\u00e8res ann\u00e9es\" \/>\n<meta property=\"og:description\" content=\"La campagne de c\u00e9r\u00e9ales en Tunisie 2025 d\u00e9passe les attentes avec plus de 11,2 millions de quintaux r\u00e9colt\u00e9s.\" \/>\n<meta property=\"og:url\" content=\"https:\/\/www.webdo.tn\/fr\/actualite\/national\/tunisie-cereales-les-collectes-depassent-les-moyennes-des-cinq-dernieres-annees\/379986\/\" \/>\n<meta property=\"og:site_name\" content=\"webdo\" \/>\n<meta property=\"article:publisher\" content=\"https:\/\/www.facebook.com\/webdotn\" \/>\n<meta property=\"article:published_time\" content=\"2025-07-19T10:32:00+00:00\" \/>\n<meta property=\"article:modified_time\" content=\"2025-07-21T07:04:51+00:00\" \/>\n<meta property=\"og:image\" content=\"https:\/\/www.webdo.tn\/fr\/wp-content\/uploads\/2025\/07\/16535864478_content.jpg\" \/>\n\t<meta property=\"og:image:width\" content=\"700\" \/>\n\t<meta property=\"og:image:height\" content=\"427\" \/>\n\t<meta property=\"og:image:type\" content=\"image\/jpeg\" \/>\n<meta name=\"author\" content=\"Mohamed Hedi Touati\" \/>\n<meta name=\"twitter:card\" content=\"summary_large_image\" \/>\n<meta name=\"twitter:creator\" content=\"@webdo_tn\" \/>\n<meta name=\"twitter:site\" content=\"@webdo_tn\" \/>\n<meta name=\"twitter:label1\" content=\"\u00c9crit par\" \/>\n\t<meta name=\"twitter:data1\" content=\"Mohamed Hedi Touati\" \/>\n\t<meta name=\"twitter:label2\" content=\"Dur\u00e9e de lecture estim\u00e9e\" \/>\n\t<meta name=\"twitter:data2\" content=\"2 minutes\" \/>\n<script type=\"application\/ld+json\" class=\"yoast-schema-graph\">{\"@context\":\"https:\\\/\\\/schema.org\",\"@graph\":[{\"@type\":\"NewsArticle\",\"@id\":\"https:\\\/\\\/www.webdo.tn\\\/fr\\\/actualite\\\/national\\\/tunisie-cereales-les-collectes-depassent-les-moyennes-des-cinq-dernieres-annees\\\/379986\\\/#article\",\"isPartOf\":{\"@id\":\"https:\\\/\\\/www.webdo.tn\\\/fr\\\/actualite\\\/national\\\/tunisie-cereales-les-collectes-depassent-les-moyennes-des-cinq-dernieres-annees\\\/379986\\\/\"},\"author\":{\"name\":\"Mohamed Hedi Touati\",\"@id\":\"https:\\\/\\\/www.webdo.tn\\\/fr\\\/#\\\/schema\\\/person\\\/c652cd8fc2b1b44412b5ffb48c5a911d\"},\"headline\":\"Tunisie &#8211; C\u00e9r\u00e9ales : Les collectes d\u00e9passent les moyennes des cinq derni\u00e8res ann\u00e9es\",\"datePublished\":\"2025-07-19T10:32:00+00:00\",\"dateModified\":\"2025-07-21T07:04:51+00:00\",\"mainEntityOfPage\":{\"@id\":\"https:\\\/\\\/www.webdo.tn\\\/fr\\\/actualite\\\/national\\\/tunisie-cereales-les-collectes-depassent-les-moyennes-des-cinq-dernieres-annees\\\/379986\\\/\"},\"wordCount\":340,\"commentCount\":0,\"publisher\":{\"@id\":\"https:\\\/\\\/www.webdo.tn\\\/fr\\\/#organization\"},\"image\":{\"@id\":\"https:\\\/\\\/www.webdo.tn\\\/fr\\\/actualite\\\/national\\\/tunisie-cereales-les-collectes-depassent-les-moyennes-des-cinq-dernieres-annees\\\/379986\\\/#primaryimage\"},\"thumbnailUrl\":\"https:\\\/\\\/www.webdo.tn\\\/fr\\\/wp-content\\\/uploads\\\/2025\\\/07\\\/16535864478_content.jpg\",\"keywords\":[\"'Office des c\u00e9r\u00e9ales']\",\"c\u00e9r\u00e9ales\",\"collecte\",\"Tunisie\"],\"articleSection\":[\"National\"],\"inLanguage\":\"fr-FR\"},{\"@type\":\"WebPage\",\"@id\":\"https:\\\/\\\/www.webdo.tn\\\/fr\\\/actualite\\\/national\\\/tunisie-cereales-les-collectes-depassent-les-moyennes-des-cinq-dernieres-annees\\\/379986\\\/\",\"url\":\"https:\\\/\\\/www.webdo.tn\\\/fr\\\/actualite\\\/national\\\/tunisie-cereales-les-collectes-depassent-les-moyennes-des-cinq-dernieres-annees\\\/379986\\\/\",\"name\":\"Tunisie - C\u00e9r\u00e9ales : Les collectes d\u00e9passent les moyennes des cinq derni\u00e8res ann\u00e9es - webdo\",\"isPartOf\":{\"@id\":\"https:\\\/\\\/www.webdo.tn\\\/fr\\\/#website\"},\"primaryImageOfPage\":{\"@id\":\"https:\\\/\\\/www.webdo.tn\\\/fr\\\/actualite\\\/national\\\/tunisie-cereales-les-collectes-depassent-les-moyennes-des-cinq-dernieres-annees\\\/379986\\\/#primaryimage\"},\"image\":{\"@id\":\"https:\\\/\\\/www.webdo.tn\\\/fr\\\/actualite\\\/national\\\/tunisie-cereales-les-collectes-depassent-les-moyennes-des-cinq-dernieres-annees\\\/379986\\\/#primaryimage\"},\"thumbnailUrl\":\"https:\\\/\\\/www.webdo.tn\\\/fr\\\/wp-content\\\/uploads\\\/2025\\\/07\\\/16535864478_content.jpg\",\"datePublished\":\"2025-07-19T10:32:00+00:00\",\"dateModified\":\"2025-07-21T07:04:51+00:00\",\"description\":\"La campagne de c\u00e9r\u00e9ales en Tunisie 2025 d\u00e9passe les attentes avec plus de 11,2 millions de quintaux r\u00e9colt\u00e9s.\",\"breadcrumb\":{\"@id\":\"https:\\\/\\\/www.webdo.tn\\\/fr\\\/actualite\\\/national\\\/tunisie-cereales-les-collectes-depassent-les-moyennes-des-cinq-dernieres-annees\\\/379986\\\/#breadcrumb\"},\"inLanguage\":\"fr-FR\",\"potentialAction\":[{\"@type\":\"ReadAction\",\"target\":[\"https:\\\/\\\/www.webdo.tn\\\/fr\\\/actualite\\\/national\\\/tunisie-cereales-les-collectes-depassent-les-moyennes-des-cinq-dernieres-annees\\\/379986\\\/\"]}]},{\"@type\":\"ImageObject\",\"inLanguage\":\"fr-FR\",\"@id\":\"https:\\\/\\\/www.webdo.tn\\\/fr\\\/actualite\\\/national\\\/tunisie-cereales-les-collectes-depassent-les-moyennes-des-cinq-dernieres-annees\\\/379986\\\/#primaryimage\",\"url\":\"https:\\\/\\\/www.webdo.tn\\\/fr\\\/wp-content\\\/uploads\\\/2025\\\/07\\\/16535864478_content.jpg\",\"contentUrl\":\"https:\\\/\\\/www.webdo.tn\\\/fr\\\/wp-content\\\/uploads\\\/2025\\\/07\\\/16535864478_content.jpg\",\"width\":700,\"height\":427,\"caption\":\"Tunisie - C\u00e9r\u00e9ales : Les collectes d\u00e9passent les moyennes des cinq derni\u00e8res ann\u00e9es\"},{\"@type\":\"BreadcrumbList\",\"@id\":\"https:\\\/\\\/www.webdo.tn\\\/fr\\\/actualite\\\/national\\\/tunisie-cereales-les-collectes-depassent-les-moyennes-des-cinq-dernieres-annees\\\/379986\\\/#breadcrumb\",\"itemListElement\":[{\"@type\":\"ListItem\",\"position\":1,\"name\":\"Accueil\",\"item\":\"https:\\\/\\\/www.webdo.tn\\\/fr\\\/\"},{\"@type\":\"ListItem\",\"position\":2,\"name\":\"Tunisie &#8211; C\u00e9r\u00e9ales : Les collectes d\u00e9passent les moyennes des cinq derni\u00e8res ann\u00e9es\"}]},{\"@type\":\"WebSite\",\"@id\":\"https:\\\/\\\/www.webdo.tn\\\/fr\\\/#website\",\"url\":\"https:\\\/\\\/www.webdo.tn\\\/fr\\\/\",\"name\":\"webdo\",\"description\":\"Tunisie - News en Tunisie et \u00e0 l&#039;international sur Webdo.tn\",\"publisher\":{\"@id\":\"https:\\\/\\\/www.webdo.tn\\\/fr\\\/#organization\"},\"potentialAction\":[{\"@type\":\"SearchAction\",\"target\":{\"@type\":\"EntryPoint\",\"urlTemplate\":\"https:\\\/\\\/www.webdo.tn\\\/fr\\\/?s={search_term_string}\"},\"query-input\":{\"@type\":\"PropertyValueSpecification\",\"valueRequired\":true,\"valueName\":\"search_term_string\"}}],\"inLanguage\":\"fr-FR\"},{\"@type\":\"Organization\",\"@id\":\"https:\\\/\\\/www.webdo.tn\\\/fr\\\/#organization\",\"name\":\"Webdo\",\"alternateName\":\"Webdo.tn\",\"url\":\"https:\\\/\\\/www.webdo.tn\\\/fr\\\/\",\"logo\":{\"@type\":\"ImageObject\",\"inLanguage\":\"fr-FR\",\"@id\":\"https:\\\/\\\/www.webdo.tn\\\/fr\\\/#\\\/schema\\\/logo\\\/image\\\/\",\"url\":\"https:\\\/\\\/www.webdo.tn\\\/fr\\\/wp-content\\\/uploads\\\/2025\\\/06\\\/Webdo-Tunisie_168377.jpg\",\"contentUrl\":\"https:\\\/\\\/www.webdo.tn\\\/fr\\\/wp-content\\\/uploads\\\/2025\\\/06\\\/Webdo-Tunisie_168377.jpg\",\"width\":301,\"height\":301,\"caption\":\"Webdo\"},\"image\":{\"@id\":\"https:\\\/\\\/www.webdo.tn\\\/fr\\\/#\\\/schema\\\/logo\\\/image\\\/\"},\"sameAs\":[\"https:\\\/\\\/www.facebook.com\\\/webdotn\",\"https:\\\/\\\/x.com\\\/webdo_tn\"],\"description\":\"Webdo est un m\u00e9dia num\u00e9rique tunisien fond\u00e9 en 2010, sp\u00e9cialis\u00e9 dans l\u2019actualit\u00e9 nationale et internationale, l\u2019\u00e9conomie, la soci\u00e9t\u00e9 et les analyses politiques. Le site s\u2019adresse \u00e0 un large public francophone et couvre l\u2019information tunisienne en temps r\u00e9el.\",\"email\":\"redac@webdo.tn\",\"legalName\":\"YNJ SARL\",\"foundingDate\":\"2010-09-06\",\"numberOfEmployees\":{\"@type\":\"QuantitativeValue\",\"minValue\":\"11\",\"maxValue\":\"50\"}},{\"@type\":\"Person\",\"@id\":\"https:\\\/\\\/www.webdo.tn\\\/fr\\\/#\\\/schema\\\/person\\\/c652cd8fc2b1b44412b5ffb48c5a911d\",\"name\":\"Mohamed Hedi Touati\",\"image\":{\"@type\":\"ImageObject\",\"inLanguage\":\"fr-FR\",\"@id\":\"https:\\\/\\\/secure.gravatar.com\\\/avatar\\\/9cfd402c745b7a685f13eed0ea6e59d2144a3c2fc50a3db6fd5ed451f6cddf1a?s=96&d=mm&r=g\",\"url\":\"https:\\\/\\\/secure.gravatar.com\\\/avatar\\\/9cfd402c745b7a685f13eed0ea6e59d2144a3c2fc50a3db6fd5ed451f6cddf1a?s=96&d=mm&r=g\",\"contentUrl\":\"https:\\\/\\\/secure.gravatar.com\\\/avatar\\\/9cfd402c745b7a685f13eed0ea6e59d2144a3c2fc50a3db6fd5ed451f6cddf1a?s=96&d=mm&r=g\",\"caption\":\"Mohamed Hedi Touati\"},\"url\":\"https:\\\/\\\/www.webdo.tn\\\/fr\\\/actualite\\\/author\\\/mohamed-hedi-touati\\\/\"}]}<\/script>\n<!-- \/ Yoast SEO Premium plugin. -->","yoast_head_json":{"title":"Tunisie - C\u00e9r\u00e9ales : Les collectes d\u00e9passent les moyennes des cinq derni\u00e8res ann\u00e9es - webdo","description":"La campagne de c\u00e9r\u00e9ales en Tunisie 2025 d\u00e9passe les attentes avec plus de 11,2 millions de quintaux r\u00e9colt\u00e9s.","canonical":"https:\/\/www.webdo.tn\/fr\/actualite\/national\/tunisie-cereales-les-collectes-depassent-les-moyennes-des-cinq-dernieres-annees\/379986\/","og_locale":"fr_FR","og_type":"article","og_title":"Tunisie - C\u00e9r\u00e9ales : Les collectes d\u00e9passent les moyennes des cinq derni\u00e8res ann\u00e9es","og_description":"La campagne de c\u00e9r\u00e9ales en Tunisie 2025 d\u00e9passe les attentes avec plus de 11,2 millions de quintaux r\u00e9colt\u00e9s.","og_url":"https:\/\/www.webdo.tn\/fr\/actualite\/national\/tunisie-cereales-les-collectes-depassent-les-moyennes-des-cinq-dernieres-annees\/379986\/","og_site_name":"webdo","article_publisher":"https:\/\/www.facebook.com\/webdotn","article_published_time":"2025-07-19T10:32:00+00:00","article_modified_time":"2025-07-21T07:04:51+00:00","og_image":[{"width":700,"height":427,"url":"https:\/\/www.webdo.tn\/fr\/wp-content\/uploads\/2025\/07\/16535864478_content.jpg","type":"image\/jpeg"}],"author":"Mohamed Hedi Touati","twitter_card":"summary_large_image","twitter_creator":"@webdo_tn","twitter_site":"@webdo_tn","twitter_misc":{"\u00c9crit par":"Mohamed Hedi Touati","Dur\u00e9e de lecture estim\u00e9e":"2 minutes"},"schema":{"@context":"https:\/\/schema.org","@graph":[{"@type":"NewsArticle","@id":"https:\/\/www.webdo.tn\/fr\/actualite\/national\/tunisie-cereales-les-collectes-depassent-les-moyennes-des-cinq-dernieres-annees\/379986\/#article","isPartOf":{"@id":"https:\/\/www.webdo.tn\/fr\/actualite\/national\/tunisie-cereales-les-collectes-depassent-les-moyennes-des-cinq-dernieres-annees\/379986\/"},"author":{"name":"Mohamed Hedi Touati","@id":"https:\/\/www.webdo.tn\/fr\/#\/schema\/person\/c652cd8fc2b1b44412b5ffb48c5a911d"},"headline":"Tunisie &#8211; C\u00e9r\u00e9ales : Les collectes d\u00e9passent les moyennes des cinq derni\u00e8res ann\u00e9es","datePublished":"2025-07-19T10:32:00+00:00","dateModified":"2025-07-21T07:04:51+00:00","mainEntityOfPage":{"@id":"https:\/\/www.webdo.tn\/fr\/actualite\/national\/tunisie-cereales-les-collectes-depassent-les-moyennes-des-cinq-dernieres-annees\/379986\/"},"wordCount":340,"commentCount":0,"publisher":{"@id":"https:\/\/www.webdo.tn\/fr\/#organization"},"image":{"@id":"https:\/\/www.webdo.tn\/fr\/actualite\/national\/tunisie-cereales-les-collectes-depassent-les-moyennes-des-cinq-dernieres-annees\/379986\/#primaryimage"},"thumbnailUrl":"https:\/\/www.webdo.tn\/fr\/wp-content\/uploads\/2025\/07\/16535864478_content.jpg","keywords":["'Office des c\u00e9r\u00e9ales']","c\u00e9r\u00e9ales","collecte","Tunisie"],"articleSection":["National"],"inLanguage":"fr-FR"},{"@type":"WebPage","@id":"https:\/\/www.webdo.tn\/fr\/actualite\/national\/tunisie-cereales-les-collectes-depassent-les-moyennes-des-cinq-dernieres-annees\/379986\/","url":"https:\/\/www.webdo.tn\/fr\/actualite\/national\/tunisie-cereales-les-collectes-depassent-les-moyennes-des-cinq-dernieres-annees\/379986\/","name":"Tunisie - C\u00e9r\u00e9ales : Les collectes d\u00e9passent les moyennes des cinq derni\u00e8res ann\u00e9es - webdo","isPartOf":{"@id":"https:\/\/www.webdo.tn\/fr\/#website"},"primaryImageOfPage":{"@id":"https:\/\/www.webdo.tn\/fr\/actualite\/national\/tunisie-cereales-les-collectes-depassent-les-moyennes-des-cinq-dernieres-annees\/379986\/#primaryimage"},"image":{"@id":"https:\/\/www.webdo.tn\/fr\/actualite\/national\/tunisie-cereales-les-collectes-depassent-les-moyennes-des-cinq-dernieres-annees\/379986\/#primaryimage"},"thumbnailUrl":"https:\/\/www.webdo.tn\/fr\/wp-content\/uploads\/2025\/07\/16535864478_content.jpg","datePublished":"2025-07-19T10:32:00+00:00","dateModified":"2025-07-21T07:04:51+00:00","description":"La campagne de c\u00e9r\u00e9ales en Tunisie 2025 d\u00e9passe les attentes avec plus de 11,2 millions de quintaux r\u00e9colt\u00e9s.","breadcrumb":{"@id":"https:\/\/www.webdo.tn\/fr\/actualite\/national\/tunisie-cereales-les-collectes-depassent-les-moyennes-des-cinq-dernieres-annees\/379986\/#breadcrumb"},"inLanguage":"fr-FR","potentialAction":[{"@type":"ReadAction","target":["https:\/\/www.webdo.tn\/fr\/actualite\/national\/tunisie-cereales-les-collectes-depassent-les-moyennes-des-cinq-dernieres-annees\/379986\/"]}]},{"@type":"ImageObject","inLanguage":"fr-FR","@id":"https:\/\/www.webdo.tn\/fr\/actualite\/national\/tunisie-cereales-les-collectes-depassent-les-moyennes-des-cinq-dernieres-annees\/379986\/#primaryimage","url":"https:\/\/www.webdo.tn\/fr\/wp-content\/uploads\/2025\/07\/16535864478_content.jpg","contentUrl":"https:\/\/www.webdo.tn\/fr\/wp-content\/uploads\/2025\/07\/16535864478_content.jpg","width":700,"height":427,"caption":"Tunisie - C\u00e9r\u00e9ales : Les collectes d\u00e9passent les moyennes des cinq derni\u00e8res ann\u00e9es"},{"@type":"BreadcrumbList","@id":"https:\/\/www.webdo.tn\/fr\/actualite\/national\/tunisie-cereales-les-collectes-depassent-les-moyennes-des-cinq-dernieres-annees\/379986\/#breadcrumb","itemListElement":[{"@type":"ListItem","position":1,"name":"Accueil","item":"https:\/\/www.webdo.tn\/fr\/"},{"@type":"ListItem","position":2,"name":"Tunisie &#8211; C\u00e9r\u00e9ales : Les collectes d\u00e9passent les moyennes des cinq derni\u00e8res ann\u00e9es"}]},{"@type":"WebSite","@id":"https:\/\/www.webdo.tn\/fr\/#website","url":"https:\/\/www.webdo.tn\/fr\/","name":"webdo","description":"Tunisie - News en Tunisie et \u00e0 l&#039;international sur Webdo.tn","publisher":{"@id":"https:\/\/www.webdo.tn\/fr\/#organization"},"potentialAction":[{"@type":"SearchAction","target":{"@type":"EntryPoint","urlTemplate":"https:\/\/www.webdo.tn\/fr\/?s={search_term_string}"},"query-input":{"@type":"PropertyValueSpecification","valueRequired":true,"valueName":"search_term_string"}}],"inLanguage":"fr-FR"},{"@type":"Organization","@id":"https:\/\/www.webdo.tn\/fr\/#organization","name":"Webdo","alternateName":"Webdo.tn","url":"https:\/\/www.webdo.tn\/fr\/","logo":{"@type":"ImageObject","inLanguage":"fr-FR","@id":"https:\/\/www.webdo.tn\/fr\/#\/schema\/logo\/image\/","url":"https:\/\/www.webdo.tn\/fr\/wp-content\/uploads\/2025\/06\/Webdo-Tunisie_168377.jpg","contentUrl":"https:\/\/www.webdo.tn\/fr\/wp-content\/uploads\/2025\/06\/Webdo-Tunisie_168377.jpg","width":301,"height":301,"caption":"Webdo"},"image":{"@id":"https:\/\/www.webdo.tn\/fr\/#\/schema\/logo\/image\/"},"sameAs":["https:\/\/www.facebook.com\/webdotn","https:\/\/x.com\/webdo_tn"],"description":"Webdo est un m\u00e9dia num\u00e9rique tunisien fond\u00e9 en 2010, sp\u00e9cialis\u00e9 dans l\u2019actualit\u00e9 nationale et internationale, l\u2019\u00e9conomie, la soci\u00e9t\u00e9 et les analyses politiques. Le site s\u2019adresse \u00e0 un large public francophone et couvre l\u2019information tunisienne en temps r\u00e9el.","email":"redac@webdo.tn","legalName":"YNJ SARL","foundingDate":"2010-09-06","numberOfEmployees":{"@type":"QuantitativeValue","minValue":"11","maxValue":"50"}},{"@type":"Person","@id":"https:\/\/www.webdo.tn\/fr\/#\/schema\/person\/c652cd8fc2b1b44412b5ffb48c5a911d","name":"Mohamed Hedi Touati","image":{"@type":"ImageObject","inLanguage":"fr-FR","@id":"https:\/\/secure.gravatar.com\/avatar\/9cfd402c745b7a685f13eed0ea6e59d2144a3c2fc50a3db6fd5ed451f6cddf1a?s=96&d=mm&r=g","url":"https:\/\/secure.gravatar.com\/avatar\/9cfd402c745b7a685f13eed0ea6e59d2144a3c2fc50a3db6fd5ed451f6cddf1a?s=96&d=mm&r=g","contentUrl":"https:\/\/secure.gravatar.com\/avatar\/9cfd402c745b7a685f13eed0ea6e59d2144a3c2fc50a3db6fd5ed451f6cddf1a?s=96&d=mm&r=g","caption":"Mohamed Hedi Touati"},"url":"https:\/\/www.webdo.tn\/fr\/actualite\/author\/mohamed-hedi-touati\/"}]}},"_links":{"self":[{"href":"https:\/\/www.webdo.tn\/fr\/wp-json\/wp\/v2\/posts\/379986","targetHints":{"allow":["GET"]}}],"collection":[{"href":"https:\/\/www.webdo.tn\/fr\/wp-json\/wp\/v2\/posts"}],"about":[{"href":"https:\/\/www.webdo.tn\/fr\/wp-json\/wp\/v2\/types\/post"}],"author":[{"embeddable":true,"href":"https:\/\/www.webdo.tn\/fr\/wp-json\/wp\/v2\/users\/3191"}],"replies":[{"embeddable":true,"href":"https:\/\/www.webdo.tn\/fr\/wp-json\/wp\/v2\/comments?post=379986"}],"version-history":[{"count":0,"href":"https:\/\/www.webdo.tn\/fr\/wp-json\/wp\/v2\/posts\/379986\/revisions"}],"wp:featuredmedia":[{"embeddable":true,"href":"https:\/\/www.webdo.tn\/fr\/wp-json\/wp\/v2\/media\/379987"}],"wp:attachment":[{"href":"https:\/\/www.webdo.tn\/fr\/wp-json\/wp\/v2\/media?parent=379986"}],"wp:term":[{"taxonomy":"category","embeddable":true,"href":"https:\/\/www.webdo.tn\/fr\/wp-json\/wp\/v2\/categories?post=379986"},{"taxonomy":"post_tag","embeddable":true,"href":"https:\/\/www.webdo.tn\/fr\/wp-json\/wp\/v2\/tags?post=379986"}],"curies":[{"name":"wp","href":"https:\/\/api.w.org\/{rel}","templated":true}]}}