{"id":379979,"date":"2025-07-19T10:26:39","date_gmt":"2025-07-19T09:26:39","guid":{"rendered":"https:\/\/www.webdo.tn\/fr\/?p=379979"},"modified":"2025-07-21T08:04:36","modified_gmt":"2025-07-21T07:04:36","slug":"tunisie-algerie-diplomatie-active-et-solidarite-africaine-au-menu","status":"publish","type":"post","link":"https:\/\/www.webdo.tn\/fr\/actualite\/national\/tunisie-algerie-diplomatie-active-et-solidarite-africaine-au-menu\/379979\/","title":{"rendered":"Tunisie\u2013Alg\u00e9rie : Diplomatie active et solidarit\u00e9 africaine au menu"},"content":{"rendered":"\n<p><strong>Le pr\u00e9sident Ka\u00efs Sa\u00efed a re\u00e7u, vendredi 18 juillet 2025 au palais de Carthage une invitation de son homologue alg\u00e9rien Abdelmadjid Tebboune pour assister \u00e0 l\u2019ouverture de la 4e \u00e9dition du Salon africain du commerce intra-africain. L\u2019occasion de r\u00e9affirmer la solidarit\u00e9 entre les deux pays et l\u2019attachement de la Tunisie \u00e0 l\u2019Afrique.<\/strong><\/p>\n\n\n\n<p><strong>L\u2019IATF 2025 en point de mire<\/strong><\/p>\n\n\n\n<p>Le pr\u00e9sident de la R\u00e9publique, Ka\u00efs Sa\u00efed, a re\u00e7u ce vendredi apr\u00e8s-midi au palais de Carthage, Azouz Ba\u00e2lal, ambassadeur d\u2019Alg\u00e9rie en Tunisie. Ce dernier lui a remis une lettre d\u2019invitation du pr\u00e9sident Abdelmadjid Tebboune pour assister \u00e0 la c\u00e9r\u00e9monie d\u2019ouverture de la 4e \u00e9dition du Salon africain du commerce intra-africain (IATF 2025).<\/p>\n\n\n\n<p>Ce sommet \u00e9conomique continental constitue une \u00e9tape majeure dans le d\u00e9veloppement des \u00e9changes commerciaux entre les pays africains.<\/p>\n\n\n\n<p>Lors de cette rencontre, le pr\u00e9sident Ka\u00efs Sa\u00efed a salu\u00e9 l\u2019initiative de son homologue alg\u00e9rien, tout en r\u00e9affirmant l\u2019attachement de la Tunisie \u00e0 son identit\u00e9 africaine.<\/p>\n\n\n\n<p>Il a insist\u00e9 sur le fait que l\u2019Afrique, riche en ressources naturelles, poss\u00e8de tous les atouts pour assurer la prosp\u00e9rit\u00e9 de ses peuples, longtemps \u00e9prouv\u00e9s par les guerres, les crises et les famines.<\/p>\n\n\n\n<p>Ka\u00efs Sa\u00efed a \u00e9galement rappel\u00e9 que la Tunisie n\u2019a eu de cesse de plaider pour que l\u2019Afrique soit entre les mains de ses propres enfants, dans une logique de souverainet\u00e9, de solidarit\u00e9 et de coop\u00e9ration Sud-Sud.<\/p>\n\n\n\n<p><strong>Relations privil\u00e9gi\u00e9es<\/strong><\/p>\n\n\n\n<p>Ce nouvel \u00e9change diplomatique s\u2019inscrit dans la continuit\u00e9 des relations privil\u00e9gi\u00e9es entre la Tunisie et l\u2019Alg\u00e9rie. Le pr\u00e9sident tunisien a profit\u00e9 de l\u2019occasion pour souligner une nouvelle fois la solidit\u00e9 des liens entre les deux pays, fond\u00e9s sur une histoire partag\u00e9e et une vision commune de l\u2019avenir.<\/p>\n\n\n\n<p>Il a exprim\u00e9 la volont\u00e9 de renforcer encore davantage la coop\u00e9ration bilat\u00e9rale dans tous les domaines, sur la base d\u2019une conviction partag\u00e9e : l\u2019unit\u00e9 de destin entre la Tunisie et l\u2019Alg\u00e9rie.<\/p>\n\n\n\n<iframe src=\"https:\/\/www.facebook.com\/plugins\/video.php?height=314&#038;href=https%3A%2F%2Fwww.facebook.com%2FPresidence.tn%2Fvideos%2F2093948854466666%2F&#038;show_text=false&#038;width=560&#038;t=0\" width=\"560\" height=\"314\" style=\"border:none;overflow:hidden\" scrolling=\"no\" frameborder=\"0\" allowfullscreen=\"true\" allow=\"autoplay; clipboard-write; encrypted-media; picture-in-picture; web-share\" allowFullScreen=\"true\"><\/iframe>\n\n\n\n<ul class=\"wp-block-list\">\n<li>Lire aussi : <a href=\"https:\/\/www.webdo.tn\/fr\/actualite\/national\/iatf-2025-la-tunisie-prepare-sa-vitrine-economique-a-alger\/379777\/\">Alger \u2013 IATF 2025 : La Tunisie pr\u00e9pare sa vitrine pour s\u00e9duire l\u2019Afrique<\/a><\/li>\n<\/ul>\n","protected":false},"excerpt":{"rendered":"<p>Le pr\u00e9sident Ka\u00efs Sa\u00efed a re\u00e7u, vendredi 18 juillet 2025 au palais de Carthage une invitation de son homologue alg\u00e9rien Abdelmadjid Tebboune pour assister \u00e0 l\u2019ouverture de la 4e \u00e9dition du Salon africain du commerce intra-africain. L\u2019occasion de r\u00e9affirmer la solidarit\u00e9 entre les deux pays et l\u2019attachement de la Tunisie \u00e0 l\u2019Afrique. L\u2019IATF 2025 en [&hellip;]<\/p>\n","protected":false},"author":3191,"featured_media":379980,"comment_status":"open","ping_status":"open","sticky":false,"template":"","format":"standard","meta":{"footnotes":""},"categories":[44],"tags":[3046,2907,12239,12263,2608],"class_list":["post-379979","post","type-post","status-publish","format-standard","has-post-thumbnail","hentry","category-national","tag-afrique","tag-algerie","tag-iatf-2025","tag-sommet-economique","tag-tunisie"],"yoast_head":"<!-- This site is optimized with the Yoast SEO Premium plugin v27.5 (Yoast SEO v27.5) - https:\/\/yoast.com\/product\/yoast-seo-premium-wordpress\/ -->\n<title>Tunisie\u2013Alg\u00e9rie : Diplomatie active et solidarit\u00e9 africaine au menu - webdo<\/title>\n<meta name=\"description\" content=\"D\u00e9couvrez l&#039;impact des relations Tunisie\u2013Alg\u00e9rie sur la culture r\u00e9gionale et les \u00e9changes \u00e9conomiques.\" \/>\n<link rel=\"canonical\" href=\"https:\/\/www.webdo.tn\/fr\/actualite\/national\/tunisie-algerie-diplomatie-active-et-solidarite-africaine-au-menu\/379979\/\" \/>\n<meta property=\"og:locale\" content=\"fr_FR\" \/>\n<meta property=\"og:type\" content=\"article\" \/>\n<meta property=\"og:title\" content=\"Tunisie\u2013Alg\u00e9rie : Diplomatie active et solidarit\u00e9 africaine au menu\" \/>\n<meta property=\"og:description\" content=\"D\u00e9couvrez l&#039;impact des relations Tunisie\u2013Alg\u00e9rie sur la culture r\u00e9gionale et les \u00e9changes \u00e9conomiques.\" \/>\n<meta property=\"og:url\" content=\"https:\/\/www.webdo.tn\/fr\/actualite\/national\/tunisie-algerie-diplomatie-active-et-solidarite-africaine-au-menu\/379979\/\" \/>\n<meta property=\"og:site_name\" content=\"webdo\" \/>\n<meta property=\"article:publisher\" content=\"https:\/\/www.facebook.com\/webdotn\" \/>\n<meta property=\"article:published_time\" content=\"2025-07-19T09:26:39+00:00\" \/>\n<meta property=\"article:modified_time\" content=\"2025-07-21T07:04:36+00:00\" \/>\n<meta property=\"og:image\" content=\"https:\/\/www.webdo.tn\/fr\/wp-content\/uploads\/2025\/07\/518110869_1153916506766948_3809072342238733557_n.jpg\" \/>\n\t<meta property=\"og:image:width\" content=\"2048\" \/>\n\t<meta property=\"og:image:height\" content=\"1255\" \/>\n\t<meta property=\"og:image:type\" content=\"image\/jpeg\" \/>\n<meta name=\"author\" content=\"Mohamed Hedi Touati\" \/>\n<meta name=\"twitter:card\" content=\"summary_large_image\" \/>\n<meta name=\"twitter:creator\" content=\"@webdo_tn\" \/>\n<meta name=\"twitter:site\" content=\"@webdo_tn\" \/>\n<meta name=\"twitter:label1\" content=\"\u00c9crit par\" \/>\n\t<meta name=\"twitter:data1\" content=\"Mohamed Hedi Touati\" \/>\n\t<meta name=\"twitter:label2\" content=\"Dur\u00e9e de lecture estim\u00e9e\" \/>\n\t<meta name=\"twitter:data2\" content=\"2 minutes\" \/>\n<script type=\"application\/ld+json\" class=\"yoast-schema-graph\">{\"@context\":\"https:\\\/\\\/schema.org\",\"@graph\":[{\"@type\":\"NewsArticle\",\"@id\":\"https:\\\/\\\/www.webdo.tn\\\/fr\\\/actualite\\\/national\\\/tunisie-algerie-diplomatie-active-et-solidarite-africaine-au-menu\\\/379979\\\/#article\",\"isPartOf\":{\"@id\":\"https:\\\/\\\/www.webdo.tn\\\/fr\\\/actualite\\\/national\\\/tunisie-algerie-diplomatie-active-et-solidarite-africaine-au-menu\\\/379979\\\/\"},\"author\":{\"name\":\"Mohamed Hedi Touati\",\"@id\":\"https:\\\/\\\/www.webdo.tn\\\/fr\\\/#\\\/schema\\\/person\\\/c652cd8fc2b1b44412b5ffb48c5a911d\"},\"headline\":\"Tunisie\u2013Alg\u00e9rie : Diplomatie active et solidarit\u00e9 africaine au menu\",\"datePublished\":\"2025-07-19T09:26:39+00:00\",\"dateModified\":\"2025-07-21T07:04:36+00:00\",\"mainEntityOfPage\":{\"@id\":\"https:\\\/\\\/www.webdo.tn\\\/fr\\\/actualite\\\/national\\\/tunisie-algerie-diplomatie-active-et-solidarite-africaine-au-menu\\\/379979\\\/\"},\"wordCount\":380,\"commentCount\":0,\"publisher\":{\"@id\":\"https:\\\/\\\/www.webdo.tn\\\/fr\\\/#organization\"},\"image\":{\"@id\":\"https:\\\/\\\/www.webdo.tn\\\/fr\\\/actualite\\\/national\\\/tunisie-algerie-diplomatie-active-et-solidarite-africaine-au-menu\\\/379979\\\/#primaryimage\"},\"thumbnailUrl\":\"https:\\\/\\\/www.webdo.tn\\\/fr\\\/wp-content\\\/uploads\\\/2025\\\/07\\\/518110869_1153916506766948_3809072342238733557_n.jpg\",\"keywords\":[\"Afrique\",\"Alg\u00e9rie\",\"IATF 2025\",\"sommet \u00e9conomique\",\"Tunisie\"],\"articleSection\":[\"National\"],\"inLanguage\":\"fr-FR\"},{\"@type\":\"WebPage\",\"@id\":\"https:\\\/\\\/www.webdo.tn\\\/fr\\\/actualite\\\/national\\\/tunisie-algerie-diplomatie-active-et-solidarite-africaine-au-menu\\\/379979\\\/\",\"url\":\"https:\\\/\\\/www.webdo.tn\\\/fr\\\/actualite\\\/national\\\/tunisie-algerie-diplomatie-active-et-solidarite-africaine-au-menu\\\/379979\\\/\",\"name\":\"Tunisie\u2013Alg\u00e9rie : Diplomatie active et solidarit\u00e9 africaine au menu - webdo\",\"isPartOf\":{\"@id\":\"https:\\\/\\\/www.webdo.tn\\\/fr\\\/#website\"},\"primaryImageOfPage\":{\"@id\":\"https:\\\/\\\/www.webdo.tn\\\/fr\\\/actualite\\\/national\\\/tunisie-algerie-diplomatie-active-et-solidarite-africaine-au-menu\\\/379979\\\/#primaryimage\"},\"image\":{\"@id\":\"https:\\\/\\\/www.webdo.tn\\\/fr\\\/actualite\\\/national\\\/tunisie-algerie-diplomatie-active-et-solidarite-africaine-au-menu\\\/379979\\\/#primaryimage\"},\"thumbnailUrl\":\"https:\\\/\\\/www.webdo.tn\\\/fr\\\/wp-content\\\/uploads\\\/2025\\\/07\\\/518110869_1153916506766948_3809072342238733557_n.jpg\",\"datePublished\":\"2025-07-19T09:26:39+00:00\",\"dateModified\":\"2025-07-21T07:04:36+00:00\",\"description\":\"D\u00e9couvrez l'impact des relations Tunisie\u2013Alg\u00e9rie sur la culture r\u00e9gionale et les \u00e9changes \u00e9conomiques.\",\"breadcrumb\":{\"@id\":\"https:\\\/\\\/www.webdo.tn\\\/fr\\\/actualite\\\/national\\\/tunisie-algerie-diplomatie-active-et-solidarite-africaine-au-menu\\\/379979\\\/#breadcrumb\"},\"inLanguage\":\"fr-FR\",\"potentialAction\":[{\"@type\":\"ReadAction\",\"target\":[\"https:\\\/\\\/www.webdo.tn\\\/fr\\\/actualite\\\/national\\\/tunisie-algerie-diplomatie-active-et-solidarite-africaine-au-menu\\\/379979\\\/\"]}]},{\"@type\":\"ImageObject\",\"inLanguage\":\"fr-FR\",\"@id\":\"https:\\\/\\\/www.webdo.tn\\\/fr\\\/actualite\\\/national\\\/tunisie-algerie-diplomatie-active-et-solidarite-africaine-au-menu\\\/379979\\\/#primaryimage\",\"url\":\"https:\\\/\\\/www.webdo.tn\\\/fr\\\/wp-content\\\/uploads\\\/2025\\\/07\\\/518110869_1153916506766948_3809072342238733557_n.jpg\",\"contentUrl\":\"https:\\\/\\\/www.webdo.tn\\\/fr\\\/wp-content\\\/uploads\\\/2025\\\/07\\\/518110869_1153916506766948_3809072342238733557_n.jpg\",\"width\":2048,\"height\":1255,\"caption\":\"Lors de cette rencontre, le pr\u00e9sident Ka\u00efs Sa\u00efed a salu\u00e9 l\u2019initiative de son homologue alg\u00e9rien, tout en r\u00e9affirmant l\u2019attachement de la Tunisie \u00e0 son identit\u00e9 africaine.\"},{\"@type\":\"BreadcrumbList\",\"@id\":\"https:\\\/\\\/www.webdo.tn\\\/fr\\\/actualite\\\/national\\\/tunisie-algerie-diplomatie-active-et-solidarite-africaine-au-menu\\\/379979\\\/#breadcrumb\",\"itemListElement\":[{\"@type\":\"ListItem\",\"position\":1,\"name\":\"Accueil\",\"item\":\"https:\\\/\\\/www.webdo.tn\\\/fr\\\/\"},{\"@type\":\"ListItem\",\"position\":2,\"name\":\"Tunisie\u2013Alg\u00e9rie : Diplomatie active et solidarit\u00e9 africaine au menu\"}]},{\"@type\":\"WebSite\",\"@id\":\"https:\\\/\\\/www.webdo.tn\\\/fr\\\/#website\",\"url\":\"https:\\\/\\\/www.webdo.tn\\\/fr\\\/\",\"name\":\"webdo\",\"description\":\"Tunisie - News en Tunisie et \u00e0 l&#039;international sur Webdo.tn\",\"publisher\":{\"@id\":\"https:\\\/\\\/www.webdo.tn\\\/fr\\\/#organization\"},\"potentialAction\":[{\"@type\":\"SearchAction\",\"target\":{\"@type\":\"EntryPoint\",\"urlTemplate\":\"https:\\\/\\\/www.webdo.tn\\\/fr\\\/?s={search_term_string}\"},\"query-input\":{\"@type\":\"PropertyValueSpecification\",\"valueRequired\":true,\"valueName\":\"search_term_string\"}}],\"inLanguage\":\"fr-FR\"},{\"@type\":\"Organization\",\"@id\":\"https:\\\/\\\/www.webdo.tn\\\/fr\\\/#organization\",\"name\":\"Webdo\",\"alternateName\":\"Webdo.tn\",\"url\":\"https:\\\/\\\/www.webdo.tn\\\/fr\\\/\",\"logo\":{\"@type\":\"ImageObject\",\"inLanguage\":\"fr-FR\",\"@id\":\"https:\\\/\\\/www.webdo.tn\\\/fr\\\/#\\\/schema\\\/logo\\\/image\\\/\",\"url\":\"https:\\\/\\\/www.webdo.tn\\\/fr\\\/wp-content\\\/uploads\\\/2025\\\/06\\\/Webdo-Tunisie_168377.jpg\",\"contentUrl\":\"https:\\\/\\\/www.webdo.tn\\\/fr\\\/wp-content\\\/uploads\\\/2025\\\/06\\\/Webdo-Tunisie_168377.jpg\",\"width\":301,\"height\":301,\"caption\":\"Webdo\"},\"image\":{\"@id\":\"https:\\\/\\\/www.webdo.tn\\\/fr\\\/#\\\/schema\\\/logo\\\/image\\\/\"},\"sameAs\":[\"https:\\\/\\\/www.facebook.com\\\/webdotn\",\"https:\\\/\\\/x.com\\\/webdo_tn\"],\"description\":\"Webdo est un m\u00e9dia num\u00e9rique tunisien fond\u00e9 en 2010, sp\u00e9cialis\u00e9 dans l\u2019actualit\u00e9 nationale et internationale, l\u2019\u00e9conomie, la soci\u00e9t\u00e9 et les analyses politiques. Le site s\u2019adresse \u00e0 un large public francophone et couvre l\u2019information tunisienne en temps r\u00e9el.\",\"email\":\"redac@webdo.tn\",\"legalName\":\"YNJ SARL\",\"foundingDate\":\"2010-09-06\",\"numberOfEmployees\":{\"@type\":\"QuantitativeValue\",\"minValue\":\"11\",\"maxValue\":\"50\"}},{\"@type\":\"Person\",\"@id\":\"https:\\\/\\\/www.webdo.tn\\\/fr\\\/#\\\/schema\\\/person\\\/c652cd8fc2b1b44412b5ffb48c5a911d\",\"name\":\"Mohamed Hedi Touati\",\"image\":{\"@type\":\"ImageObject\",\"inLanguage\":\"fr-FR\",\"@id\":\"https:\\\/\\\/secure.gravatar.com\\\/avatar\\\/9cfd402c745b7a685f13eed0ea6e59d2144a3c2fc50a3db6fd5ed451f6cddf1a?s=96&d=mm&r=g\",\"url\":\"https:\\\/\\\/secure.gravatar.com\\\/avatar\\\/9cfd402c745b7a685f13eed0ea6e59d2144a3c2fc50a3db6fd5ed451f6cddf1a?s=96&d=mm&r=g\",\"contentUrl\":\"https:\\\/\\\/secure.gravatar.com\\\/avatar\\\/9cfd402c745b7a685f13eed0ea6e59d2144a3c2fc50a3db6fd5ed451f6cddf1a?s=96&d=mm&r=g\",\"caption\":\"Mohamed Hedi Touati\"},\"url\":\"https:\\\/\\\/www.webdo.tn\\\/fr\\\/actualite\\\/author\\\/mohamed-hedi-touati\\\/\"}]}<\/script>\n<!-- \/ Yoast SEO Premium plugin. -->","yoast_head_json":{"title":"Tunisie\u2013Alg\u00e9rie : Diplomatie active et solidarit\u00e9 africaine au menu - webdo","description":"D\u00e9couvrez l'impact des relations Tunisie\u2013Alg\u00e9rie sur la culture r\u00e9gionale et les \u00e9changes \u00e9conomiques.","canonical":"https:\/\/www.webdo.tn\/fr\/actualite\/national\/tunisie-algerie-diplomatie-active-et-solidarite-africaine-au-menu\/379979\/","og_locale":"fr_FR","og_type":"article","og_title":"Tunisie\u2013Alg\u00e9rie : Diplomatie active et solidarit\u00e9 africaine au menu","og_description":"D\u00e9couvrez l'impact des relations Tunisie\u2013Alg\u00e9rie sur la culture r\u00e9gionale et les \u00e9changes \u00e9conomiques.","og_url":"https:\/\/www.webdo.tn\/fr\/actualite\/national\/tunisie-algerie-diplomatie-active-et-solidarite-africaine-au-menu\/379979\/","og_site_name":"webdo","article_publisher":"https:\/\/www.facebook.com\/webdotn","article_published_time":"2025-07-19T09:26:39+00:00","article_modified_time":"2025-07-21T07:04:36+00:00","og_image":[{"width":2048,"height":1255,"url":"https:\/\/www.webdo.tn\/fr\/wp-content\/uploads\/2025\/07\/518110869_1153916506766948_3809072342238733557_n.jpg","type":"image\/jpeg"}],"author":"Mohamed Hedi Touati","twitter_card":"summary_large_image","twitter_creator":"@webdo_tn","twitter_site":"@webdo_tn","twitter_misc":{"\u00c9crit par":"Mohamed Hedi Touati","Dur\u00e9e de lecture estim\u00e9e":"2 minutes"},"schema":{"@context":"https:\/\/schema.org","@graph":[{"@type":"NewsArticle","@id":"https:\/\/www.webdo.tn\/fr\/actualite\/national\/tunisie-algerie-diplomatie-active-et-solidarite-africaine-au-menu\/379979\/#article","isPartOf":{"@id":"https:\/\/www.webdo.tn\/fr\/actualite\/national\/tunisie-algerie-diplomatie-active-et-solidarite-africaine-au-menu\/379979\/"},"author":{"name":"Mohamed Hedi Touati","@id":"https:\/\/www.webdo.tn\/fr\/#\/schema\/person\/c652cd8fc2b1b44412b5ffb48c5a911d"},"headline":"Tunisie\u2013Alg\u00e9rie : Diplomatie active et solidarit\u00e9 africaine au menu","datePublished":"2025-07-19T09:26:39+00:00","dateModified":"2025-07-21T07:04:36+00:00","mainEntityOfPage":{"@id":"https:\/\/www.webdo.tn\/fr\/actualite\/national\/tunisie-algerie-diplomatie-active-et-solidarite-africaine-au-menu\/379979\/"},"wordCount":380,"commentCount":0,"publisher":{"@id":"https:\/\/www.webdo.tn\/fr\/#organization"},"image":{"@id":"https:\/\/www.webdo.tn\/fr\/actualite\/national\/tunisie-algerie-diplomatie-active-et-solidarite-africaine-au-menu\/379979\/#primaryimage"},"thumbnailUrl":"https:\/\/www.webdo.tn\/fr\/wp-content\/uploads\/2025\/07\/518110869_1153916506766948_3809072342238733557_n.jpg","keywords":["Afrique","Alg\u00e9rie","IATF 2025","sommet \u00e9conomique","Tunisie"],"articleSection":["National"],"inLanguage":"fr-FR"},{"@type":"WebPage","@id":"https:\/\/www.webdo.tn\/fr\/actualite\/national\/tunisie-algerie-diplomatie-active-et-solidarite-africaine-au-menu\/379979\/","url":"https:\/\/www.webdo.tn\/fr\/actualite\/national\/tunisie-algerie-diplomatie-active-et-solidarite-africaine-au-menu\/379979\/","name":"Tunisie\u2013Alg\u00e9rie : Diplomatie active et solidarit\u00e9 africaine au menu - webdo","isPartOf":{"@id":"https:\/\/www.webdo.tn\/fr\/#website"},"primaryImageOfPage":{"@id":"https:\/\/www.webdo.tn\/fr\/actualite\/national\/tunisie-algerie-diplomatie-active-et-solidarite-africaine-au-menu\/379979\/#primaryimage"},"image":{"@id":"https:\/\/www.webdo.tn\/fr\/actualite\/national\/tunisie-algerie-diplomatie-active-et-solidarite-africaine-au-menu\/379979\/#primaryimage"},"thumbnailUrl":"https:\/\/www.webdo.tn\/fr\/wp-content\/uploads\/2025\/07\/518110869_1153916506766948_3809072342238733557_n.jpg","datePublished":"2025-07-19T09:26:39+00:00","dateModified":"2025-07-21T07:04:36+00:00","description":"D\u00e9couvrez l'impact des relations Tunisie\u2013Alg\u00e9rie sur la culture r\u00e9gionale et les \u00e9changes \u00e9conomiques.","breadcrumb":{"@id":"https:\/\/www.webdo.tn\/fr\/actualite\/national\/tunisie-algerie-diplomatie-active-et-solidarite-africaine-au-menu\/379979\/#breadcrumb"},"inLanguage":"fr-FR","potentialAction":[{"@type":"ReadAction","target":["https:\/\/www.webdo.tn\/fr\/actualite\/national\/tunisie-algerie-diplomatie-active-et-solidarite-africaine-au-menu\/379979\/"]}]},{"@type":"ImageObject","inLanguage":"fr-FR","@id":"https:\/\/www.webdo.tn\/fr\/actualite\/national\/tunisie-algerie-diplomatie-active-et-solidarite-africaine-au-menu\/379979\/#primaryimage","url":"https:\/\/www.webdo.tn\/fr\/wp-content\/uploads\/2025\/07\/518110869_1153916506766948_3809072342238733557_n.jpg","contentUrl":"https:\/\/www.webdo.tn\/fr\/wp-content\/uploads\/2025\/07\/518110869_1153916506766948_3809072342238733557_n.jpg","width":2048,"height":1255,"caption":"Lors de cette rencontre, le pr\u00e9sident Ka\u00efs Sa\u00efed a salu\u00e9 l\u2019initiative de son homologue alg\u00e9rien, tout en r\u00e9affirmant l\u2019attachement de la Tunisie \u00e0 son identit\u00e9 africaine."},{"@type":"BreadcrumbList","@id":"https:\/\/www.webdo.tn\/fr\/actualite\/national\/tunisie-algerie-diplomatie-active-et-solidarite-africaine-au-menu\/379979\/#breadcrumb","itemListElement":[{"@type":"ListItem","position":1,"name":"Accueil","item":"https:\/\/www.webdo.tn\/fr\/"},{"@type":"ListItem","position":2,"name":"Tunisie\u2013Alg\u00e9rie : Diplomatie active et solidarit\u00e9 africaine au menu"}]},{"@type":"WebSite","@id":"https:\/\/www.webdo.tn\/fr\/#website","url":"https:\/\/www.webdo.tn\/fr\/","name":"webdo","description":"Tunisie - News en Tunisie et \u00e0 l&#039;international sur Webdo.tn","publisher":{"@id":"https:\/\/www.webdo.tn\/fr\/#organization"},"potentialAction":[{"@type":"SearchAction","target":{"@type":"EntryPoint","urlTemplate":"https:\/\/www.webdo.tn\/fr\/?s={search_term_string}"},"query-input":{"@type":"PropertyValueSpecification","valueRequired":true,"valueName":"search_term_string"}}],"inLanguage":"fr-FR"},{"@type":"Organization","@id":"https:\/\/www.webdo.tn\/fr\/#organization","name":"Webdo","alternateName":"Webdo.tn","url":"https:\/\/www.webdo.tn\/fr\/","logo":{"@type":"ImageObject","inLanguage":"fr-FR","@id":"https:\/\/www.webdo.tn\/fr\/#\/schema\/logo\/image\/","url":"https:\/\/www.webdo.tn\/fr\/wp-content\/uploads\/2025\/06\/Webdo-Tunisie_168377.jpg","contentUrl":"https:\/\/www.webdo.tn\/fr\/wp-content\/uploads\/2025\/06\/Webdo-Tunisie_168377.jpg","width":301,"height":301,"caption":"Webdo"},"image":{"@id":"https:\/\/www.webdo.tn\/fr\/#\/schema\/logo\/image\/"},"sameAs":["https:\/\/www.facebook.com\/webdotn","https:\/\/x.com\/webdo_tn"],"description":"Webdo est un m\u00e9dia num\u00e9rique tunisien fond\u00e9 en 2010, sp\u00e9cialis\u00e9 dans l\u2019actualit\u00e9 nationale et internationale, l\u2019\u00e9conomie, la soci\u00e9t\u00e9 et les analyses politiques. Le site s\u2019adresse \u00e0 un large public francophone et couvre l\u2019information tunisienne en temps r\u00e9el.","email":"redac@webdo.tn","legalName":"YNJ SARL","foundingDate":"2010-09-06","numberOfEmployees":{"@type":"QuantitativeValue","minValue":"11","maxValue":"50"}},{"@type":"Person","@id":"https:\/\/www.webdo.tn\/fr\/#\/schema\/person\/c652cd8fc2b1b44412b5ffb48c5a911d","name":"Mohamed Hedi Touati","image":{"@type":"ImageObject","inLanguage":"fr-FR","@id":"https:\/\/secure.gravatar.com\/avatar\/9cfd402c745b7a685f13eed0ea6e59d2144a3c2fc50a3db6fd5ed451f6cddf1a?s=96&d=mm&r=g","url":"https:\/\/secure.gravatar.com\/avatar\/9cfd402c745b7a685f13eed0ea6e59d2144a3c2fc50a3db6fd5ed451f6cddf1a?s=96&d=mm&r=g","contentUrl":"https:\/\/secure.gravatar.com\/avatar\/9cfd402c745b7a685f13eed0ea6e59d2144a3c2fc50a3db6fd5ed451f6cddf1a?s=96&d=mm&r=g","caption":"Mohamed Hedi Touati"},"url":"https:\/\/www.webdo.tn\/fr\/actualite\/author\/mohamed-hedi-touati\/"}]}},"_links":{"self":[{"href":"https:\/\/www.webdo.tn\/fr\/wp-json\/wp\/v2\/posts\/379979","targetHints":{"allow":["GET"]}}],"collection":[{"href":"https:\/\/www.webdo.tn\/fr\/wp-json\/wp\/v2\/posts"}],"about":[{"href":"https:\/\/www.webdo.tn\/fr\/wp-json\/wp\/v2\/types\/post"}],"author":[{"embeddable":true,"href":"https:\/\/www.webdo.tn\/fr\/wp-json\/wp\/v2\/users\/3191"}],"replies":[{"embeddable":true,"href":"https:\/\/www.webdo.tn\/fr\/wp-json\/wp\/v2\/comments?post=379979"}],"version-history":[{"count":0,"href":"https:\/\/www.webdo.tn\/fr\/wp-json\/wp\/v2\/posts\/379979\/revisions"}],"wp:featuredmedia":[{"embeddable":true,"href":"https:\/\/www.webdo.tn\/fr\/wp-json\/wp\/v2\/media\/379980"}],"wp:attachment":[{"href":"https:\/\/www.webdo.tn\/fr\/wp-json\/wp\/v2\/media?parent=379979"}],"wp:term":[{"taxonomy":"category","embeddable":true,"href":"https:\/\/www.webdo.tn\/fr\/wp-json\/wp\/v2\/categories?post=379979"},{"taxonomy":"post_tag","embeddable":true,"href":"https:\/\/www.webdo.tn\/fr\/wp-json\/wp\/v2\/tags?post=379979"}],"curies":[{"name":"wp","href":"https:\/\/api.w.org\/{rel}","templated":true}]}}