{"id":379881,"date":"2025-07-18T08:35:23","date_gmt":"2025-07-18T07:35:23","guid":{"rendered":"https:\/\/www.webdo.tn\/fr\/?p=379881"},"modified":"2025-07-18T11:37:39","modified_gmt":"2025-07-18T10:37:39","slug":"lue-adopte-un-18e-train-de-sanctions-contre-la-russie","status":"publish","type":"post","link":"https:\/\/www.webdo.tn\/fr\/actualite\/international\/lue-adopte-un-18e-train-de-sanctions-contre-la-russie\/379881\/","title":{"rendered":"L\u2019UE adopte un 18e train de sanctions contre la Russie"},"content":{"rendered":"\n<p>L\u2019Union europ\u00e9enne a approuv\u00e9 un nouveau train de sanctions contre la Russie, le 18e depuis le d\u00e9but de l\u2019invasion de l\u2019Ukraine. Ce nouveau paquet, pr\u00e9sent\u00e9 comme l\u2019un des plus s\u00e9v\u00e8res \u00e0 ce jour, vise principalement les secteurs p\u00e9trolier et \u00e9nerg\u00e9tique russes.<\/p>\n\n\n\n<p>Parmi les mesures phares, figure la r\u00e9duction du plafond du prix du p\u00e9trole russe export\u00e9, d\u00e9sormais fix\u00e9 \u00e0 47,6 dollars le baril, selon des diplomates cit\u00e9s par l\u2019agence Reuters. Ce plafond avait \u00e9t\u00e9 initialement instaur\u00e9 par les pays du G7 pour limiter les revenus \u00e9nerg\u00e9tiques de Moscou.<\/p>\n\n\n\n<p>\u00ab L\u2019UE vient d\u2019approuver l\u2019un de ses trains de sanctions les plus s\u00e9v\u00e8res contre la Russie \u00e0 ce jour \u00bb, a affirm\u00e9 Kaja Kallas, haute repr\u00e9sentante de l\u2019Union pour les Affaires \u00e9trang\u00e8res. Elle a r\u00e9affirm\u00e9 la volont\u00e9 europ\u00e9enne de maintenir la pression : \u00ab Nous continuerons \u00e0 augmenter les co\u00fbts, de sorte que l\u2019arr\u00eat de l\u2019agression devienne la seule option pour Moscou \u00bb.<\/p>\n\n\n\n<p>L\u2019adoption de ce nouveau volet de sanctions a toutefois \u00e9t\u00e9 retard\u00e9e par la Slovaquie. Bratislava r\u00e9clamait des garanties de la part de Bruxelles concernant un projet visant \u00e0 r\u00e9duire progressivement les importations de gaz russe, avec un objectif d\u2019arr\u00eat complet d\u2019ici au 1er janvier 2028. Une exigence \u00e0 laquelle l\u2019UE a finalement r\u00e9pondu pour obtenir l\u2019unanimit\u00e9 n\u00e9cessaire.<\/p>\n","protected":false},"excerpt":{"rendered":"<p>L\u2019Union europ\u00e9enne a approuv\u00e9 un nouveau train de sanctions contre la Russie, le 18e depuis le d\u00e9but de l\u2019invasion de l\u2019Ukraine. Ce nouveau paquet, pr\u00e9sent\u00e9 comme l\u2019un des plus s\u00e9v\u00e8res \u00e0 ce jour, vise principalement les secteurs p\u00e9trolier et \u00e9nerg\u00e9tique russes. Parmi les mesures phares, figure la r\u00e9duction du plafond du prix du p\u00e9trole russe [&hellip;]<\/p>\n","protected":false},"author":3191,"featured_media":379882,"comment_status":"open","ping_status":"open","sticky":false,"template":"","format":"standard","meta":{"footnotes":""},"categories":[2598],"tags":[3299,4987,3295,2896],"class_list":["post-379881","post","type-post","status-publish","format-standard","has-post-thumbnail","hentry","category-international","tag-russie","tag-sanctions","tag-ukraine","tag-union-europeenne"],"yoast_head":"<!-- This site is optimized with the Yoast SEO Premium plugin v27.5 (Yoast SEO v27.5) - https:\/\/yoast.com\/product\/yoast-seo-premium-wordpress\/ -->\n<title>L\u2019UE adopte un 18e train de sanctions contre la Russie - webdo<\/title>\n<meta name=\"description\" content=\"L&#039;Union europ\u00e9enne impose de nouvelles sanctions contre la Russie. D\u00e9couvrez les d\u00e9tails des mesures les plus s\u00e9v\u00e8res \u00e0 ce jour.\" \/>\n<link rel=\"canonical\" href=\"https:\/\/www.webdo.tn\/fr\/actualite\/international\/lue-adopte-un-18e-train-de-sanctions-contre-la-russie\/379881\/\" \/>\n<meta property=\"og:locale\" content=\"fr_FR\" \/>\n<meta property=\"og:type\" content=\"article\" \/>\n<meta property=\"og:title\" content=\"L\u2019UE adopte un 18e train de sanctions contre la Russie\" \/>\n<meta property=\"og:description\" content=\"L&#039;Union europ\u00e9enne impose de nouvelles sanctions contre la Russie. D\u00e9couvrez les d\u00e9tails des mesures les plus s\u00e9v\u00e8res \u00e0 ce jour.\" \/>\n<meta property=\"og:url\" content=\"https:\/\/www.webdo.tn\/fr\/actualite\/international\/lue-adopte-un-18e-train-de-sanctions-contre-la-russie\/379881\/\" \/>\n<meta property=\"og:site_name\" content=\"webdo\" \/>\n<meta property=\"article:publisher\" content=\"https:\/\/www.facebook.com\/webdotn\" \/>\n<meta property=\"article:published_time\" content=\"2025-07-18T07:35:23+00:00\" \/>\n<meta property=\"article:modified_time\" content=\"2025-07-18T10:37:39+00:00\" \/>\n<meta property=\"og:image\" content=\"https:\/\/www.webdo.tn\/fr\/wp-content\/uploads\/2025\/07\/UE.jpg\" \/>\n\t<meta property=\"og:image:width\" content=\"864\" \/>\n\t<meta property=\"og:image:height\" content=\"486\" \/>\n\t<meta property=\"og:image:type\" content=\"image\/jpeg\" \/>\n<meta name=\"author\" content=\"Mohamed Hedi Touati\" \/>\n<meta name=\"twitter:card\" content=\"summary_large_image\" \/>\n<meta name=\"twitter:creator\" content=\"@webdo_tn\" \/>\n<meta name=\"twitter:site\" content=\"@webdo_tn\" \/>\n<meta name=\"twitter:label1\" content=\"\u00c9crit par\" \/>\n\t<meta name=\"twitter:data1\" content=\"Mohamed Hedi Touati\" \/>\n\t<meta name=\"twitter:label2\" content=\"Dur\u00e9e de lecture estim\u00e9e\" \/>\n\t<meta name=\"twitter:data2\" content=\"2 minutes\" \/>\n<script type=\"application\/ld+json\" class=\"yoast-schema-graph\">{\"@context\":\"https:\\\/\\\/schema.org\",\"@graph\":[{\"@type\":\"NewsArticle\",\"@id\":\"https:\\\/\\\/www.webdo.tn\\\/fr\\\/actualite\\\/international\\\/lue-adopte-un-18e-train-de-sanctions-contre-la-russie\\\/379881\\\/#article\",\"isPartOf\":{\"@id\":\"https:\\\/\\\/www.webdo.tn\\\/fr\\\/actualite\\\/international\\\/lue-adopte-un-18e-train-de-sanctions-contre-la-russie\\\/379881\\\/\"},\"author\":{\"name\":\"Mohamed Hedi Touati\",\"@id\":\"https:\\\/\\\/www.webdo.tn\\\/fr\\\/#\\\/schema\\\/person\\\/c652cd8fc2b1b44412b5ffb48c5a911d\"},\"headline\":\"L\u2019UE adopte un 18e train de sanctions contre la Russie\",\"datePublished\":\"2025-07-18T07:35:23+00:00\",\"dateModified\":\"2025-07-18T10:37:39+00:00\",\"mainEntityOfPage\":{\"@id\":\"https:\\\/\\\/www.webdo.tn\\\/fr\\\/actualite\\\/international\\\/lue-adopte-un-18e-train-de-sanctions-contre-la-russie\\\/379881\\\/\"},\"wordCount\":248,\"commentCount\":0,\"publisher\":{\"@id\":\"https:\\\/\\\/www.webdo.tn\\\/fr\\\/#organization\"},\"image\":{\"@id\":\"https:\\\/\\\/www.webdo.tn\\\/fr\\\/actualite\\\/international\\\/lue-adopte-un-18e-train-de-sanctions-contre-la-russie\\\/379881\\\/#primaryimage\"},\"thumbnailUrl\":\"https:\\\/\\\/www.webdo.tn\\\/fr\\\/wp-content\\\/uploads\\\/2025\\\/07\\\/UE.jpg\",\"keywords\":[\"Russie\",\"sanctions\",\"Ukraine\",\"Union europ\u00e9enne\"],\"articleSection\":[\"International\"],\"inLanguage\":\"fr-FR\"},{\"@type\":\"WebPage\",\"@id\":\"https:\\\/\\\/www.webdo.tn\\\/fr\\\/actualite\\\/international\\\/lue-adopte-un-18e-train-de-sanctions-contre-la-russie\\\/379881\\\/\",\"url\":\"https:\\\/\\\/www.webdo.tn\\\/fr\\\/actualite\\\/international\\\/lue-adopte-un-18e-train-de-sanctions-contre-la-russie\\\/379881\\\/\",\"name\":\"L\u2019UE adopte un 18e train de sanctions contre la Russie - webdo\",\"isPartOf\":{\"@id\":\"https:\\\/\\\/www.webdo.tn\\\/fr\\\/#website\"},\"primaryImageOfPage\":{\"@id\":\"https:\\\/\\\/www.webdo.tn\\\/fr\\\/actualite\\\/international\\\/lue-adopte-un-18e-train-de-sanctions-contre-la-russie\\\/379881\\\/#primaryimage\"},\"image\":{\"@id\":\"https:\\\/\\\/www.webdo.tn\\\/fr\\\/actualite\\\/international\\\/lue-adopte-un-18e-train-de-sanctions-contre-la-russie\\\/379881\\\/#primaryimage\"},\"thumbnailUrl\":\"https:\\\/\\\/www.webdo.tn\\\/fr\\\/wp-content\\\/uploads\\\/2025\\\/07\\\/UE.jpg\",\"datePublished\":\"2025-07-18T07:35:23+00:00\",\"dateModified\":\"2025-07-18T10:37:39+00:00\",\"description\":\"L'Union europ\u00e9enne impose de nouvelles sanctions contre la Russie. D\u00e9couvrez les d\u00e9tails des mesures les plus s\u00e9v\u00e8res \u00e0 ce jour.\",\"breadcrumb\":{\"@id\":\"https:\\\/\\\/www.webdo.tn\\\/fr\\\/actualite\\\/international\\\/lue-adopte-un-18e-train-de-sanctions-contre-la-russie\\\/379881\\\/#breadcrumb\"},\"inLanguage\":\"fr-FR\",\"potentialAction\":[{\"@type\":\"ReadAction\",\"target\":[\"https:\\\/\\\/www.webdo.tn\\\/fr\\\/actualite\\\/international\\\/lue-adopte-un-18e-train-de-sanctions-contre-la-russie\\\/379881\\\/\"]}]},{\"@type\":\"ImageObject\",\"inLanguage\":\"fr-FR\",\"@id\":\"https:\\\/\\\/www.webdo.tn\\\/fr\\\/actualite\\\/international\\\/lue-adopte-un-18e-train-de-sanctions-contre-la-russie\\\/379881\\\/#primaryimage\",\"url\":\"https:\\\/\\\/www.webdo.tn\\\/fr\\\/wp-content\\\/uploads\\\/2025\\\/07\\\/UE.jpg\",\"contentUrl\":\"https:\\\/\\\/www.webdo.tn\\\/fr\\\/wp-content\\\/uploads\\\/2025\\\/07\\\/UE.jpg\",\"width\":864,\"height\":486,\"caption\":\"L\u2019UE adopte un 18e train de sanctions contre la Russie\"},{\"@type\":\"BreadcrumbList\",\"@id\":\"https:\\\/\\\/www.webdo.tn\\\/fr\\\/actualite\\\/international\\\/lue-adopte-un-18e-train-de-sanctions-contre-la-russie\\\/379881\\\/#breadcrumb\",\"itemListElement\":[{\"@type\":\"ListItem\",\"position\":1,\"name\":\"Accueil\",\"item\":\"https:\\\/\\\/www.webdo.tn\\\/fr\\\/\"},{\"@type\":\"ListItem\",\"position\":2,\"name\":\"L\u2019UE adopte un 18e train de sanctions contre la Russie\"}]},{\"@type\":\"WebSite\",\"@id\":\"https:\\\/\\\/www.webdo.tn\\\/fr\\\/#website\",\"url\":\"https:\\\/\\\/www.webdo.tn\\\/fr\\\/\",\"name\":\"webdo\",\"description\":\"Tunisie - News en Tunisie et \u00e0 l&#039;international sur Webdo.tn\",\"publisher\":{\"@id\":\"https:\\\/\\\/www.webdo.tn\\\/fr\\\/#organization\"},\"potentialAction\":[{\"@type\":\"SearchAction\",\"target\":{\"@type\":\"EntryPoint\",\"urlTemplate\":\"https:\\\/\\\/www.webdo.tn\\\/fr\\\/?s={search_term_string}\"},\"query-input\":{\"@type\":\"PropertyValueSpecification\",\"valueRequired\":true,\"valueName\":\"search_term_string\"}}],\"inLanguage\":\"fr-FR\"},{\"@type\":\"Organization\",\"@id\":\"https:\\\/\\\/www.webdo.tn\\\/fr\\\/#organization\",\"name\":\"Webdo\",\"alternateName\":\"Webdo.tn\",\"url\":\"https:\\\/\\\/www.webdo.tn\\\/fr\\\/\",\"logo\":{\"@type\":\"ImageObject\",\"inLanguage\":\"fr-FR\",\"@id\":\"https:\\\/\\\/www.webdo.tn\\\/fr\\\/#\\\/schema\\\/logo\\\/image\\\/\",\"url\":\"https:\\\/\\\/www.webdo.tn\\\/fr\\\/wp-content\\\/uploads\\\/2025\\\/06\\\/Webdo-Tunisie_168377.jpg\",\"contentUrl\":\"https:\\\/\\\/www.webdo.tn\\\/fr\\\/wp-content\\\/uploads\\\/2025\\\/06\\\/Webdo-Tunisie_168377.jpg\",\"width\":301,\"height\":301,\"caption\":\"Webdo\"},\"image\":{\"@id\":\"https:\\\/\\\/www.webdo.tn\\\/fr\\\/#\\\/schema\\\/logo\\\/image\\\/\"},\"sameAs\":[\"https:\\\/\\\/www.facebook.com\\\/webdotn\",\"https:\\\/\\\/x.com\\\/webdo_tn\"],\"description\":\"Webdo est un m\u00e9dia num\u00e9rique tunisien fond\u00e9 en 2010, sp\u00e9cialis\u00e9 dans l\u2019actualit\u00e9 nationale et internationale, l\u2019\u00e9conomie, la soci\u00e9t\u00e9 et les analyses politiques. Le site s\u2019adresse \u00e0 un large public francophone et couvre l\u2019information tunisienne en temps r\u00e9el.\",\"email\":\"redac@webdo.tn\",\"legalName\":\"YNJ SARL\",\"foundingDate\":\"2010-09-06\",\"numberOfEmployees\":{\"@type\":\"QuantitativeValue\",\"minValue\":\"11\",\"maxValue\":\"50\"}},{\"@type\":\"Person\",\"@id\":\"https:\\\/\\\/www.webdo.tn\\\/fr\\\/#\\\/schema\\\/person\\\/c652cd8fc2b1b44412b5ffb48c5a911d\",\"name\":\"Mohamed Hedi Touati\",\"image\":{\"@type\":\"ImageObject\",\"inLanguage\":\"fr-FR\",\"@id\":\"https:\\\/\\\/secure.gravatar.com\\\/avatar\\\/9cfd402c745b7a685f13eed0ea6e59d2144a3c2fc50a3db6fd5ed451f6cddf1a?s=96&d=mm&r=g\",\"url\":\"https:\\\/\\\/secure.gravatar.com\\\/avatar\\\/9cfd402c745b7a685f13eed0ea6e59d2144a3c2fc50a3db6fd5ed451f6cddf1a?s=96&d=mm&r=g\",\"contentUrl\":\"https:\\\/\\\/secure.gravatar.com\\\/avatar\\\/9cfd402c745b7a685f13eed0ea6e59d2144a3c2fc50a3db6fd5ed451f6cddf1a?s=96&d=mm&r=g\",\"caption\":\"Mohamed Hedi Touati\"},\"url\":\"https:\\\/\\\/www.webdo.tn\\\/fr\\\/actualite\\\/author\\\/mohamed-hedi-touati\\\/\"}]}<\/script>\n<!-- \/ Yoast SEO Premium plugin. -->","yoast_head_json":{"title":"L\u2019UE adopte un 18e train de sanctions contre la Russie - webdo","description":"L'Union europ\u00e9enne impose de nouvelles sanctions contre la Russie. D\u00e9couvrez les d\u00e9tails des mesures les plus s\u00e9v\u00e8res \u00e0 ce jour.","canonical":"https:\/\/www.webdo.tn\/fr\/actualite\/international\/lue-adopte-un-18e-train-de-sanctions-contre-la-russie\/379881\/","og_locale":"fr_FR","og_type":"article","og_title":"L\u2019UE adopte un 18e train de sanctions contre la Russie","og_description":"L'Union europ\u00e9enne impose de nouvelles sanctions contre la Russie. D\u00e9couvrez les d\u00e9tails des mesures les plus s\u00e9v\u00e8res \u00e0 ce jour.","og_url":"https:\/\/www.webdo.tn\/fr\/actualite\/international\/lue-adopte-un-18e-train-de-sanctions-contre-la-russie\/379881\/","og_site_name":"webdo","article_publisher":"https:\/\/www.facebook.com\/webdotn","article_published_time":"2025-07-18T07:35:23+00:00","article_modified_time":"2025-07-18T10:37:39+00:00","og_image":[{"width":864,"height":486,"url":"https:\/\/www.webdo.tn\/fr\/wp-content\/uploads\/2025\/07\/UE.jpg","type":"image\/jpeg"}],"author":"Mohamed Hedi Touati","twitter_card":"summary_large_image","twitter_creator":"@webdo_tn","twitter_site":"@webdo_tn","twitter_misc":{"\u00c9crit par":"Mohamed Hedi Touati","Dur\u00e9e de lecture estim\u00e9e":"2 minutes"},"schema":{"@context":"https:\/\/schema.org","@graph":[{"@type":"NewsArticle","@id":"https:\/\/www.webdo.tn\/fr\/actualite\/international\/lue-adopte-un-18e-train-de-sanctions-contre-la-russie\/379881\/#article","isPartOf":{"@id":"https:\/\/www.webdo.tn\/fr\/actualite\/international\/lue-adopte-un-18e-train-de-sanctions-contre-la-russie\/379881\/"},"author":{"name":"Mohamed Hedi Touati","@id":"https:\/\/www.webdo.tn\/fr\/#\/schema\/person\/c652cd8fc2b1b44412b5ffb48c5a911d"},"headline":"L\u2019UE adopte un 18e train de sanctions contre la Russie","datePublished":"2025-07-18T07:35:23+00:00","dateModified":"2025-07-18T10:37:39+00:00","mainEntityOfPage":{"@id":"https:\/\/www.webdo.tn\/fr\/actualite\/international\/lue-adopte-un-18e-train-de-sanctions-contre-la-russie\/379881\/"},"wordCount":248,"commentCount":0,"publisher":{"@id":"https:\/\/www.webdo.tn\/fr\/#organization"},"image":{"@id":"https:\/\/www.webdo.tn\/fr\/actualite\/international\/lue-adopte-un-18e-train-de-sanctions-contre-la-russie\/379881\/#primaryimage"},"thumbnailUrl":"https:\/\/www.webdo.tn\/fr\/wp-content\/uploads\/2025\/07\/UE.jpg","keywords":["Russie","sanctions","Ukraine","Union europ\u00e9enne"],"articleSection":["International"],"inLanguage":"fr-FR"},{"@type":"WebPage","@id":"https:\/\/www.webdo.tn\/fr\/actualite\/international\/lue-adopte-un-18e-train-de-sanctions-contre-la-russie\/379881\/","url":"https:\/\/www.webdo.tn\/fr\/actualite\/international\/lue-adopte-un-18e-train-de-sanctions-contre-la-russie\/379881\/","name":"L\u2019UE adopte un 18e train de sanctions contre la Russie - webdo","isPartOf":{"@id":"https:\/\/www.webdo.tn\/fr\/#website"},"primaryImageOfPage":{"@id":"https:\/\/www.webdo.tn\/fr\/actualite\/international\/lue-adopte-un-18e-train-de-sanctions-contre-la-russie\/379881\/#primaryimage"},"image":{"@id":"https:\/\/www.webdo.tn\/fr\/actualite\/international\/lue-adopte-un-18e-train-de-sanctions-contre-la-russie\/379881\/#primaryimage"},"thumbnailUrl":"https:\/\/www.webdo.tn\/fr\/wp-content\/uploads\/2025\/07\/UE.jpg","datePublished":"2025-07-18T07:35:23+00:00","dateModified":"2025-07-18T10:37:39+00:00","description":"L'Union europ\u00e9enne impose de nouvelles sanctions contre la Russie. D\u00e9couvrez les d\u00e9tails des mesures les plus s\u00e9v\u00e8res \u00e0 ce jour.","breadcrumb":{"@id":"https:\/\/www.webdo.tn\/fr\/actualite\/international\/lue-adopte-un-18e-train-de-sanctions-contre-la-russie\/379881\/#breadcrumb"},"inLanguage":"fr-FR","potentialAction":[{"@type":"ReadAction","target":["https:\/\/www.webdo.tn\/fr\/actualite\/international\/lue-adopte-un-18e-train-de-sanctions-contre-la-russie\/379881\/"]}]},{"@type":"ImageObject","inLanguage":"fr-FR","@id":"https:\/\/www.webdo.tn\/fr\/actualite\/international\/lue-adopte-un-18e-train-de-sanctions-contre-la-russie\/379881\/#primaryimage","url":"https:\/\/www.webdo.tn\/fr\/wp-content\/uploads\/2025\/07\/UE.jpg","contentUrl":"https:\/\/www.webdo.tn\/fr\/wp-content\/uploads\/2025\/07\/UE.jpg","width":864,"height":486,"caption":"L\u2019UE adopte un 18e train de sanctions contre la Russie"},{"@type":"BreadcrumbList","@id":"https:\/\/www.webdo.tn\/fr\/actualite\/international\/lue-adopte-un-18e-train-de-sanctions-contre-la-russie\/379881\/#breadcrumb","itemListElement":[{"@type":"ListItem","position":1,"name":"Accueil","item":"https:\/\/www.webdo.tn\/fr\/"},{"@type":"ListItem","position":2,"name":"L\u2019UE adopte un 18e train de sanctions contre la Russie"}]},{"@type":"WebSite","@id":"https:\/\/www.webdo.tn\/fr\/#website","url":"https:\/\/www.webdo.tn\/fr\/","name":"webdo","description":"Tunisie - News en Tunisie et \u00e0 l&#039;international sur Webdo.tn","publisher":{"@id":"https:\/\/www.webdo.tn\/fr\/#organization"},"potentialAction":[{"@type":"SearchAction","target":{"@type":"EntryPoint","urlTemplate":"https:\/\/www.webdo.tn\/fr\/?s={search_term_string}"},"query-input":{"@type":"PropertyValueSpecification","valueRequired":true,"valueName":"search_term_string"}}],"inLanguage":"fr-FR"},{"@type":"Organization","@id":"https:\/\/www.webdo.tn\/fr\/#organization","name":"Webdo","alternateName":"Webdo.tn","url":"https:\/\/www.webdo.tn\/fr\/","logo":{"@type":"ImageObject","inLanguage":"fr-FR","@id":"https:\/\/www.webdo.tn\/fr\/#\/schema\/logo\/image\/","url":"https:\/\/www.webdo.tn\/fr\/wp-content\/uploads\/2025\/06\/Webdo-Tunisie_168377.jpg","contentUrl":"https:\/\/www.webdo.tn\/fr\/wp-content\/uploads\/2025\/06\/Webdo-Tunisie_168377.jpg","width":301,"height":301,"caption":"Webdo"},"image":{"@id":"https:\/\/www.webdo.tn\/fr\/#\/schema\/logo\/image\/"},"sameAs":["https:\/\/www.facebook.com\/webdotn","https:\/\/x.com\/webdo_tn"],"description":"Webdo est un m\u00e9dia num\u00e9rique tunisien fond\u00e9 en 2010, sp\u00e9cialis\u00e9 dans l\u2019actualit\u00e9 nationale et internationale, l\u2019\u00e9conomie, la soci\u00e9t\u00e9 et les analyses politiques. Le site s\u2019adresse \u00e0 un large public francophone et couvre l\u2019information tunisienne en temps r\u00e9el.","email":"redac@webdo.tn","legalName":"YNJ SARL","foundingDate":"2010-09-06","numberOfEmployees":{"@type":"QuantitativeValue","minValue":"11","maxValue":"50"}},{"@type":"Person","@id":"https:\/\/www.webdo.tn\/fr\/#\/schema\/person\/c652cd8fc2b1b44412b5ffb48c5a911d","name":"Mohamed Hedi Touati","image":{"@type":"ImageObject","inLanguage":"fr-FR","@id":"https:\/\/secure.gravatar.com\/avatar\/9cfd402c745b7a685f13eed0ea6e59d2144a3c2fc50a3db6fd5ed451f6cddf1a?s=96&d=mm&r=g","url":"https:\/\/secure.gravatar.com\/avatar\/9cfd402c745b7a685f13eed0ea6e59d2144a3c2fc50a3db6fd5ed451f6cddf1a?s=96&d=mm&r=g","contentUrl":"https:\/\/secure.gravatar.com\/avatar\/9cfd402c745b7a685f13eed0ea6e59d2144a3c2fc50a3db6fd5ed451f6cddf1a?s=96&d=mm&r=g","caption":"Mohamed Hedi Touati"},"url":"https:\/\/www.webdo.tn\/fr\/actualite\/author\/mohamed-hedi-touati\/"}]}},"_links":{"self":[{"href":"https:\/\/www.webdo.tn\/fr\/wp-json\/wp\/v2\/posts\/379881","targetHints":{"allow":["GET"]}}],"collection":[{"href":"https:\/\/www.webdo.tn\/fr\/wp-json\/wp\/v2\/posts"}],"about":[{"href":"https:\/\/www.webdo.tn\/fr\/wp-json\/wp\/v2\/types\/post"}],"author":[{"embeddable":true,"href":"https:\/\/www.webdo.tn\/fr\/wp-json\/wp\/v2\/users\/3191"}],"replies":[{"embeddable":true,"href":"https:\/\/www.webdo.tn\/fr\/wp-json\/wp\/v2\/comments?post=379881"}],"version-history":[{"count":0,"href":"https:\/\/www.webdo.tn\/fr\/wp-json\/wp\/v2\/posts\/379881\/revisions"}],"wp:featuredmedia":[{"embeddable":true,"href":"https:\/\/www.webdo.tn\/fr\/wp-json\/wp\/v2\/media\/379882"}],"wp:attachment":[{"href":"https:\/\/www.webdo.tn\/fr\/wp-json\/wp\/v2\/media?parent=379881"}],"wp:term":[{"taxonomy":"category","embeddable":true,"href":"https:\/\/www.webdo.tn\/fr\/wp-json\/wp\/v2\/categories?post=379881"},{"taxonomy":"post_tag","embeddable":true,"href":"https:\/\/www.webdo.tn\/fr\/wp-json\/wp\/v2\/tags?post=379881"}],"curies":[{"name":"wp","href":"https:\/\/api.w.org\/{rel}","templated":true}]}}