{"id":379870,"date":"2025-07-17T20:20:02","date_gmt":"2025-07-17T19:20:02","guid":{"rendered":"https:\/\/www.webdo.tn\/fr\/?p=379870"},"modified":"2025-07-17T20:24:24","modified_gmt":"2025-07-17T19:24:24","slug":"ons-jabeur-annonce-une-pause-dans-sa-carriere","status":"publish","type":"post","link":"https:\/\/www.webdo.tn\/fr\/actualite\/sport\/ons-jabeur-annonce-une-pause-dans-sa-carriere\/379870\/","title":{"rendered":"Ons Jabeur annonce une pause dans sa carri\u00e8re"},"content":{"rendered":"\n<p><strong>La star tunisienne du tennis Ons Jabeur a annonc\u00e9, via un message publi\u00e9 sur son compte Instagram, qu\u2019elle prenait un break dans sa carri\u00e8re, apr\u00e8s une s\u00e9rie de r\u00e9sultats d\u00e9cevants et un mal-\u00eatre grandissant sur les courts.<\/strong><\/p>\n\n\n\n<p><strong>Un message \u00e9mouvant pour justifier une pause<\/strong><\/p>\n\n\n\n<p>Dans son post, Jabeur explique qu\u2019elle ressent le besoin de prendre du recul, de respirer et de gu\u00e9rir apr\u00e8s deux ann\u00e9es marqu\u00e9es par des blessures et des d\u00e9fis personnels. \u00c9limin\u00e9e au premier tour de Wimbledon 2025, un tournoi o\u00f9 elle avait \u00e9t\u00e9 finaliste en 2022 et 2023, la championne tunisienne confie qu\u2019elle ne se sentait plus \u00ab\u00a0vraiment heureuse sur le court\u00a0\u00bb.<\/p>\n\n\n\n<p>\u00ab\u00a0Le tennis est un sport magnifique, mais en ce moment, j\u2019ai besoin de red\u00e9couvrir la joie de simplement vivre\u00a0\u00bb, \u00e9crit-elle.<\/p>\n\n\n\n<p><strong>Des fans compr\u00e9hensifs et solidaires<\/strong><\/p>\n\n\n\n<p>Ons Jabeur a remerci\u00e9 son public pour son soutien constant, promettant de rester connect\u00e9e \u00ab\u00a0d\u2019une mani\u00e8re diff\u00e9rente\u00a0\u00bb tout au long de cette pause. Son message a rapidement suscit\u00e9 une vague d\u2019\u00e9motion et de solidarit\u00e9 sur les r\u00e9seaux sociaux, o\u00f9 de nombreux fans et sportifs saluent son courage et sa sinc\u00e9rit\u00e9.<\/p>\n\n\n\n<p><strong>Une descente au classement qui refl\u00e8te les difficult\u00e9s<\/strong><\/p>\n\n\n\n<p>L\u2019annonce intervient alors que Jabeur a chut\u00e9 \u00e0 la 71e place du classement WTA, apr\u00e8s avoir perdu 12 rangs suppl\u00e9mentaires r\u00e9cemment. Cette baisse refl\u00e8te un d\u00e9clin progressif de ses performances, notamment sur les tournois du Grand Chelem o\u00f9 elle peinait \u00e0 retrouver son niveau.<\/p>\n\n\n\n<iframe src=\"https:\/\/www.facebook.com\/plugins\/post.php?href=https%3A%2F%2Fwww.facebook.com%2FOns.Jabeur%2Fposts%2Fpfbid02SxWhippoka8y43QUrgkyS6F3o4ptdtwwWDuxnsx4bjzkyfKpU2Q1di52eXiaXnmFl&#038;show_text=true&#038;width=500\" width=\"500\" height=\"250\" style=\"border:none;overflow:hidden\" scrolling=\"no\" frameborder=\"0\" allowfullscreen=\"true\" allow=\"autoplay; clipboard-write; encrypted-media; picture-in-picture; web-share\"><\/iframe>\n\n\n\n<ul class=\"wp-block-list\">\n<li>Lire aussi : <a href=\"https:\/\/www.webdo.tn\/fr\/actualite\/sport\/classement-wta-nouvelle-chute-pour-ons-jabeur-desormais-71e-mondiale\/379603\/\">Classement WTA : Nouvelle chute pour Ons Jabeur, d\u00e9sormais 71e mondiale<\/a><\/li>\n<\/ul>\n","protected":false},"excerpt":{"rendered":"<p>La star tunisienne du tennis Ons Jabeur a annonc\u00e9, via un message publi\u00e9 sur son compte Instagram, qu\u2019elle prenait un break dans sa carri\u00e8re, apr\u00e8s une s\u00e9rie de r\u00e9sultats d\u00e9cevants et un mal-\u00eatre grandissant sur les courts. Un message \u00e9mouvant pour justifier une pause Dans son post, Jabeur explique qu\u2019elle ressent le besoin de prendre [&hellip;]<\/p>\n","protected":false},"author":3191,"featured_media":379871,"comment_status":"open","ping_status":"open","sticky":false,"template":"","format":"standard","meta":{"footnotes":""},"categories":[2593],"tags":[2604,2605,2608],"class_list":["post-379870","post","type-post","status-publish","format-standard","has-post-thumbnail","hentry","category-sport","tag-ons-jabeur","tag-tennis","tag-tunisie"],"yoast_head":"<!-- This site is optimized with the Yoast SEO Premium plugin v27.4 (Yoast SEO v27.5) - https:\/\/yoast.com\/product\/yoast-seo-premium-wordpress\/ -->\n<title>Ons Jabeur annonce une pause dans sa carri\u00e8re - webdo<\/title>\n<meta name=\"description\" content=\"D\u00e9couvrez pourquoi Ons Jabeur, la star du tennis tunisien, annonce une pause pour sa sant\u00e9 et son bien-\u00eatre sur les courts.\" \/>\n<link rel=\"canonical\" href=\"https:\/\/www.webdo.tn\/fr\/actualite\/sport\/ons-jabeur-annonce-une-pause-dans-sa-carriere\/379870\/\" \/>\n<meta property=\"og:locale\" content=\"fr_FR\" \/>\n<meta property=\"og:type\" content=\"article\" \/>\n<meta property=\"og:title\" content=\"Ons Jabeur annonce une pause dans sa carri\u00e8re\" \/>\n<meta property=\"og:description\" content=\"D\u00e9couvrez pourquoi Ons Jabeur, la star du tennis tunisien, annonce une pause pour sa sant\u00e9 et son bien-\u00eatre sur les courts.\" \/>\n<meta property=\"og:url\" content=\"https:\/\/www.webdo.tn\/fr\/actualite\/sport\/ons-jabeur-annonce-une-pause-dans-sa-carriere\/379870\/\" \/>\n<meta property=\"og:site_name\" content=\"webdo\" \/>\n<meta property=\"article:publisher\" content=\"https:\/\/www.facebook.com\/webdotn\" \/>\n<meta property=\"article:published_time\" content=\"2025-07-17T19:20:02+00:00\" \/>\n<meta property=\"article:modified_time\" content=\"2025-07-17T19:24:24+00:00\" \/>\n<meta property=\"og:image\" content=\"https:\/\/www.webdo.tn\/fr\/wp-content\/uploads\/2025\/07\/Ons-Jabeur-1.jpg\" \/>\n\t<meta property=\"og:image:width\" content=\"1440\" \/>\n\t<meta property=\"og:image:height\" content=\"864\" \/>\n\t<meta property=\"og:image:type\" content=\"image\/jpeg\" \/>\n<meta name=\"author\" content=\"Mohamed Hedi Touati\" \/>\n<meta name=\"twitter:card\" content=\"summary_large_image\" \/>\n<meta name=\"twitter:creator\" content=\"@webdo_tn\" \/>\n<meta name=\"twitter:site\" content=\"@webdo_tn\" \/>\n<meta name=\"twitter:label1\" content=\"\u00c9crit par\" \/>\n\t<meta name=\"twitter:data1\" content=\"Mohamed Hedi Touati\" \/>\n\t<meta name=\"twitter:label2\" content=\"Dur\u00e9e de lecture estim\u00e9e\" \/>\n\t<meta name=\"twitter:data2\" content=\"2 minutes\" \/>\n<script type=\"application\/ld+json\" class=\"yoast-schema-graph\">{\"@context\":\"https:\\\/\\\/schema.org\",\"@graph\":[{\"@type\":\"NewsArticle\",\"@id\":\"https:\\\/\\\/www.webdo.tn\\\/fr\\\/actualite\\\/sport\\\/ons-jabeur-annonce-une-pause-dans-sa-carriere\\\/379870\\\/#article\",\"isPartOf\":{\"@id\":\"https:\\\/\\\/www.webdo.tn\\\/fr\\\/actualite\\\/sport\\\/ons-jabeur-annonce-une-pause-dans-sa-carriere\\\/379870\\\/\"},\"author\":{\"name\":\"Mohamed Hedi Touati\",\"@id\":\"https:\\\/\\\/www.webdo.tn\\\/fr\\\/#\\\/schema\\\/person\\\/c652cd8fc2b1b44412b5ffb48c5a911d\"},\"headline\":\"Ons Jabeur annonce une pause dans sa carri\u00e8re\",\"datePublished\":\"2025-07-17T19:20:02+00:00\",\"dateModified\":\"2025-07-17T19:24:24+00:00\",\"mainEntityOfPage\":{\"@id\":\"https:\\\/\\\/www.webdo.tn\\\/fr\\\/actualite\\\/sport\\\/ons-jabeur-annonce-une-pause-dans-sa-carriere\\\/379870\\\/\"},\"wordCount\":281,\"commentCount\":0,\"publisher\":{\"@id\":\"https:\\\/\\\/www.webdo.tn\\\/fr\\\/#organization\"},\"image\":{\"@id\":\"https:\\\/\\\/www.webdo.tn\\\/fr\\\/actualite\\\/sport\\\/ons-jabeur-annonce-une-pause-dans-sa-carriere\\\/379870\\\/#primaryimage\"},\"thumbnailUrl\":\"https:\\\/\\\/www.webdo.tn\\\/fr\\\/wp-content\\\/uploads\\\/2025\\\/07\\\/Ons-Jabeur-1.jpg\",\"keywords\":[\"Ons Jabeur\",\"tennis\",\"Tunisie\"],\"articleSection\":[\"Sport\"],\"inLanguage\":\"fr-FR\"},{\"@type\":\"WebPage\",\"@id\":\"https:\\\/\\\/www.webdo.tn\\\/fr\\\/actualite\\\/sport\\\/ons-jabeur-annonce-une-pause-dans-sa-carriere\\\/379870\\\/\",\"url\":\"https:\\\/\\\/www.webdo.tn\\\/fr\\\/actualite\\\/sport\\\/ons-jabeur-annonce-une-pause-dans-sa-carriere\\\/379870\\\/\",\"name\":\"Ons Jabeur annonce une pause dans sa carri\u00e8re - webdo\",\"isPartOf\":{\"@id\":\"https:\\\/\\\/www.webdo.tn\\\/fr\\\/#website\"},\"primaryImageOfPage\":{\"@id\":\"https:\\\/\\\/www.webdo.tn\\\/fr\\\/actualite\\\/sport\\\/ons-jabeur-annonce-une-pause-dans-sa-carriere\\\/379870\\\/#primaryimage\"},\"image\":{\"@id\":\"https:\\\/\\\/www.webdo.tn\\\/fr\\\/actualite\\\/sport\\\/ons-jabeur-annonce-une-pause-dans-sa-carriere\\\/379870\\\/#primaryimage\"},\"thumbnailUrl\":\"https:\\\/\\\/www.webdo.tn\\\/fr\\\/wp-content\\\/uploads\\\/2025\\\/07\\\/Ons-Jabeur-1.jpg\",\"datePublished\":\"2025-07-17T19:20:02+00:00\",\"dateModified\":\"2025-07-17T19:24:24+00:00\",\"description\":\"D\u00e9couvrez pourquoi Ons Jabeur, la star du tennis tunisien, annonce une pause pour sa sant\u00e9 et son bien-\u00eatre sur les courts.\",\"breadcrumb\":{\"@id\":\"https:\\\/\\\/www.webdo.tn\\\/fr\\\/actualite\\\/sport\\\/ons-jabeur-annonce-une-pause-dans-sa-carriere\\\/379870\\\/#breadcrumb\"},\"inLanguage\":\"fr-FR\",\"potentialAction\":[{\"@type\":\"ReadAction\",\"target\":[\"https:\\\/\\\/www.webdo.tn\\\/fr\\\/actualite\\\/sport\\\/ons-jabeur-annonce-une-pause-dans-sa-carriere\\\/379870\\\/\"]}]},{\"@type\":\"ImageObject\",\"inLanguage\":\"fr-FR\",\"@id\":\"https:\\\/\\\/www.webdo.tn\\\/fr\\\/actualite\\\/sport\\\/ons-jabeur-annonce-une-pause-dans-sa-carriere\\\/379870\\\/#primaryimage\",\"url\":\"https:\\\/\\\/www.webdo.tn\\\/fr\\\/wp-content\\\/uploads\\\/2025\\\/07\\\/Ons-Jabeur-1.jpg\",\"contentUrl\":\"https:\\\/\\\/www.webdo.tn\\\/fr\\\/wp-content\\\/uploads\\\/2025\\\/07\\\/Ons-Jabeur-1.jpg\",\"width\":1440,\"height\":864,\"caption\":\"Ons Jabeur annonce une pause dans sa carri\u00e8re\"},{\"@type\":\"BreadcrumbList\",\"@id\":\"https:\\\/\\\/www.webdo.tn\\\/fr\\\/actualite\\\/sport\\\/ons-jabeur-annonce-une-pause-dans-sa-carriere\\\/379870\\\/#breadcrumb\",\"itemListElement\":[{\"@type\":\"ListItem\",\"position\":1,\"name\":\"Accueil\",\"item\":\"https:\\\/\\\/www.webdo.tn\\\/fr\\\/\"},{\"@type\":\"ListItem\",\"position\":2,\"name\":\"Ons Jabeur annonce une pause dans sa carri\u00e8re\"}]},{\"@type\":\"WebSite\",\"@id\":\"https:\\\/\\\/www.webdo.tn\\\/fr\\\/#website\",\"url\":\"https:\\\/\\\/www.webdo.tn\\\/fr\\\/\",\"name\":\"webdo\",\"description\":\"Tunisie - News en Tunisie et \u00e0 l&#039;international sur Webdo.tn\",\"publisher\":{\"@id\":\"https:\\\/\\\/www.webdo.tn\\\/fr\\\/#organization\"},\"potentialAction\":[{\"@type\":\"SearchAction\",\"target\":{\"@type\":\"EntryPoint\",\"urlTemplate\":\"https:\\\/\\\/www.webdo.tn\\\/fr\\\/?s={search_term_string}\"},\"query-input\":{\"@type\":\"PropertyValueSpecification\",\"valueRequired\":true,\"valueName\":\"search_term_string\"}}],\"inLanguage\":\"fr-FR\"},{\"@type\":\"Organization\",\"@id\":\"https:\\\/\\\/www.webdo.tn\\\/fr\\\/#organization\",\"name\":\"Webdo\",\"alternateName\":\"Webdo.tn\",\"url\":\"https:\\\/\\\/www.webdo.tn\\\/fr\\\/\",\"logo\":{\"@type\":\"ImageObject\",\"inLanguage\":\"fr-FR\",\"@id\":\"https:\\\/\\\/www.webdo.tn\\\/fr\\\/#\\\/schema\\\/logo\\\/image\\\/\",\"url\":\"https:\\\/\\\/www.webdo.tn\\\/fr\\\/wp-content\\\/uploads\\\/2025\\\/06\\\/Webdo-Tunisie_168377.jpg\",\"contentUrl\":\"https:\\\/\\\/www.webdo.tn\\\/fr\\\/wp-content\\\/uploads\\\/2025\\\/06\\\/Webdo-Tunisie_168377.jpg\",\"width\":301,\"height\":301,\"caption\":\"Webdo\"},\"image\":{\"@id\":\"https:\\\/\\\/www.webdo.tn\\\/fr\\\/#\\\/schema\\\/logo\\\/image\\\/\"},\"sameAs\":[\"https:\\\/\\\/www.facebook.com\\\/webdotn\",\"https:\\\/\\\/x.com\\\/webdo_tn\"],\"description\":\"Webdo est un m\u00e9dia num\u00e9rique tunisien fond\u00e9 en 2010, sp\u00e9cialis\u00e9 dans l\u2019actualit\u00e9 nationale et internationale, l\u2019\u00e9conomie, la soci\u00e9t\u00e9 et les analyses politiques. Le site s\u2019adresse \u00e0 un large public francophone et couvre l\u2019information tunisienne en temps r\u00e9el.\",\"email\":\"redac@webdo.tn\",\"legalName\":\"YNJ SARL\",\"foundingDate\":\"2010-09-06\",\"numberOfEmployees\":{\"@type\":\"QuantitativeValue\",\"minValue\":\"11\",\"maxValue\":\"50\"}},{\"@type\":\"Person\",\"@id\":\"https:\\\/\\\/www.webdo.tn\\\/fr\\\/#\\\/schema\\\/person\\\/c652cd8fc2b1b44412b5ffb48c5a911d\",\"name\":\"Mohamed Hedi Touati\",\"image\":{\"@type\":\"ImageObject\",\"inLanguage\":\"fr-FR\",\"@id\":\"https:\\\/\\\/secure.gravatar.com\\\/avatar\\\/9cfd402c745b7a685f13eed0ea6e59d2144a3c2fc50a3db6fd5ed451f6cddf1a?s=96&d=mm&r=g\",\"url\":\"https:\\\/\\\/secure.gravatar.com\\\/avatar\\\/9cfd402c745b7a685f13eed0ea6e59d2144a3c2fc50a3db6fd5ed451f6cddf1a?s=96&d=mm&r=g\",\"contentUrl\":\"https:\\\/\\\/secure.gravatar.com\\\/avatar\\\/9cfd402c745b7a685f13eed0ea6e59d2144a3c2fc50a3db6fd5ed451f6cddf1a?s=96&d=mm&r=g\",\"caption\":\"Mohamed Hedi Touati\"},\"url\":\"https:\\\/\\\/www.webdo.tn\\\/fr\\\/actualite\\\/author\\\/mohamed-hedi-touati\\\/\"}]}<\/script>\n<!-- \/ Yoast SEO Premium plugin. -->","yoast_head_json":{"title":"Ons Jabeur annonce une pause dans sa carri\u00e8re - webdo","description":"D\u00e9couvrez pourquoi Ons Jabeur, la star du tennis tunisien, annonce une pause pour sa sant\u00e9 et son bien-\u00eatre sur les courts.","canonical":"https:\/\/www.webdo.tn\/fr\/actualite\/sport\/ons-jabeur-annonce-une-pause-dans-sa-carriere\/379870\/","og_locale":"fr_FR","og_type":"article","og_title":"Ons Jabeur annonce une pause dans sa carri\u00e8re","og_description":"D\u00e9couvrez pourquoi Ons Jabeur, la star du tennis tunisien, annonce une pause pour sa sant\u00e9 et son bien-\u00eatre sur les courts.","og_url":"https:\/\/www.webdo.tn\/fr\/actualite\/sport\/ons-jabeur-annonce-une-pause-dans-sa-carriere\/379870\/","og_site_name":"webdo","article_publisher":"https:\/\/www.facebook.com\/webdotn","article_published_time":"2025-07-17T19:20:02+00:00","article_modified_time":"2025-07-17T19:24:24+00:00","og_image":[{"width":1440,"height":864,"url":"https:\/\/www.webdo.tn\/fr\/wp-content\/uploads\/2025\/07\/Ons-Jabeur-1.jpg","type":"image\/jpeg"}],"author":"Mohamed Hedi Touati","twitter_card":"summary_large_image","twitter_creator":"@webdo_tn","twitter_site":"@webdo_tn","twitter_misc":{"\u00c9crit par":"Mohamed Hedi Touati","Dur\u00e9e de lecture estim\u00e9e":"2 minutes"},"schema":{"@context":"https:\/\/schema.org","@graph":[{"@type":"NewsArticle","@id":"https:\/\/www.webdo.tn\/fr\/actualite\/sport\/ons-jabeur-annonce-une-pause-dans-sa-carriere\/379870\/#article","isPartOf":{"@id":"https:\/\/www.webdo.tn\/fr\/actualite\/sport\/ons-jabeur-annonce-une-pause-dans-sa-carriere\/379870\/"},"author":{"name":"Mohamed Hedi Touati","@id":"https:\/\/www.webdo.tn\/fr\/#\/schema\/person\/c652cd8fc2b1b44412b5ffb48c5a911d"},"headline":"Ons Jabeur annonce une pause dans sa carri\u00e8re","datePublished":"2025-07-17T19:20:02+00:00","dateModified":"2025-07-17T19:24:24+00:00","mainEntityOfPage":{"@id":"https:\/\/www.webdo.tn\/fr\/actualite\/sport\/ons-jabeur-annonce-une-pause-dans-sa-carriere\/379870\/"},"wordCount":281,"commentCount":0,"publisher":{"@id":"https:\/\/www.webdo.tn\/fr\/#organization"},"image":{"@id":"https:\/\/www.webdo.tn\/fr\/actualite\/sport\/ons-jabeur-annonce-une-pause-dans-sa-carriere\/379870\/#primaryimage"},"thumbnailUrl":"https:\/\/www.webdo.tn\/fr\/wp-content\/uploads\/2025\/07\/Ons-Jabeur-1.jpg","keywords":["Ons Jabeur","tennis","Tunisie"],"articleSection":["Sport"],"inLanguage":"fr-FR"},{"@type":"WebPage","@id":"https:\/\/www.webdo.tn\/fr\/actualite\/sport\/ons-jabeur-annonce-une-pause-dans-sa-carriere\/379870\/","url":"https:\/\/www.webdo.tn\/fr\/actualite\/sport\/ons-jabeur-annonce-une-pause-dans-sa-carriere\/379870\/","name":"Ons Jabeur annonce une pause dans sa carri\u00e8re - webdo","isPartOf":{"@id":"https:\/\/www.webdo.tn\/fr\/#website"},"primaryImageOfPage":{"@id":"https:\/\/www.webdo.tn\/fr\/actualite\/sport\/ons-jabeur-annonce-une-pause-dans-sa-carriere\/379870\/#primaryimage"},"image":{"@id":"https:\/\/www.webdo.tn\/fr\/actualite\/sport\/ons-jabeur-annonce-une-pause-dans-sa-carriere\/379870\/#primaryimage"},"thumbnailUrl":"https:\/\/www.webdo.tn\/fr\/wp-content\/uploads\/2025\/07\/Ons-Jabeur-1.jpg","datePublished":"2025-07-17T19:20:02+00:00","dateModified":"2025-07-17T19:24:24+00:00","description":"D\u00e9couvrez pourquoi Ons Jabeur, la star du tennis tunisien, annonce une pause pour sa sant\u00e9 et son bien-\u00eatre sur les courts.","breadcrumb":{"@id":"https:\/\/www.webdo.tn\/fr\/actualite\/sport\/ons-jabeur-annonce-une-pause-dans-sa-carriere\/379870\/#breadcrumb"},"inLanguage":"fr-FR","potentialAction":[{"@type":"ReadAction","target":["https:\/\/www.webdo.tn\/fr\/actualite\/sport\/ons-jabeur-annonce-une-pause-dans-sa-carriere\/379870\/"]}]},{"@type":"ImageObject","inLanguage":"fr-FR","@id":"https:\/\/www.webdo.tn\/fr\/actualite\/sport\/ons-jabeur-annonce-une-pause-dans-sa-carriere\/379870\/#primaryimage","url":"https:\/\/www.webdo.tn\/fr\/wp-content\/uploads\/2025\/07\/Ons-Jabeur-1.jpg","contentUrl":"https:\/\/www.webdo.tn\/fr\/wp-content\/uploads\/2025\/07\/Ons-Jabeur-1.jpg","width":1440,"height":864,"caption":"Ons Jabeur annonce une pause dans sa carri\u00e8re"},{"@type":"BreadcrumbList","@id":"https:\/\/www.webdo.tn\/fr\/actualite\/sport\/ons-jabeur-annonce-une-pause-dans-sa-carriere\/379870\/#breadcrumb","itemListElement":[{"@type":"ListItem","position":1,"name":"Accueil","item":"https:\/\/www.webdo.tn\/fr\/"},{"@type":"ListItem","position":2,"name":"Ons Jabeur annonce une pause dans sa carri\u00e8re"}]},{"@type":"WebSite","@id":"https:\/\/www.webdo.tn\/fr\/#website","url":"https:\/\/www.webdo.tn\/fr\/","name":"webdo","description":"Tunisie - News en Tunisie et \u00e0 l&#039;international sur Webdo.tn","publisher":{"@id":"https:\/\/www.webdo.tn\/fr\/#organization"},"potentialAction":[{"@type":"SearchAction","target":{"@type":"EntryPoint","urlTemplate":"https:\/\/www.webdo.tn\/fr\/?s={search_term_string}"},"query-input":{"@type":"PropertyValueSpecification","valueRequired":true,"valueName":"search_term_string"}}],"inLanguage":"fr-FR"},{"@type":"Organization","@id":"https:\/\/www.webdo.tn\/fr\/#organization","name":"Webdo","alternateName":"Webdo.tn","url":"https:\/\/www.webdo.tn\/fr\/","logo":{"@type":"ImageObject","inLanguage":"fr-FR","@id":"https:\/\/www.webdo.tn\/fr\/#\/schema\/logo\/image\/","url":"https:\/\/www.webdo.tn\/fr\/wp-content\/uploads\/2025\/06\/Webdo-Tunisie_168377.jpg","contentUrl":"https:\/\/www.webdo.tn\/fr\/wp-content\/uploads\/2025\/06\/Webdo-Tunisie_168377.jpg","width":301,"height":301,"caption":"Webdo"},"image":{"@id":"https:\/\/www.webdo.tn\/fr\/#\/schema\/logo\/image\/"},"sameAs":["https:\/\/www.facebook.com\/webdotn","https:\/\/x.com\/webdo_tn"],"description":"Webdo est un m\u00e9dia num\u00e9rique tunisien fond\u00e9 en 2010, sp\u00e9cialis\u00e9 dans l\u2019actualit\u00e9 nationale et internationale, l\u2019\u00e9conomie, la soci\u00e9t\u00e9 et les analyses politiques. Le site s\u2019adresse \u00e0 un large public francophone et couvre l\u2019information tunisienne en temps r\u00e9el.","email":"redac@webdo.tn","legalName":"YNJ SARL","foundingDate":"2010-09-06","numberOfEmployees":{"@type":"QuantitativeValue","minValue":"11","maxValue":"50"}},{"@type":"Person","@id":"https:\/\/www.webdo.tn\/fr\/#\/schema\/person\/c652cd8fc2b1b44412b5ffb48c5a911d","name":"Mohamed Hedi Touati","image":{"@type":"ImageObject","inLanguage":"fr-FR","@id":"https:\/\/secure.gravatar.com\/avatar\/9cfd402c745b7a685f13eed0ea6e59d2144a3c2fc50a3db6fd5ed451f6cddf1a?s=96&d=mm&r=g","url":"https:\/\/secure.gravatar.com\/avatar\/9cfd402c745b7a685f13eed0ea6e59d2144a3c2fc50a3db6fd5ed451f6cddf1a?s=96&d=mm&r=g","contentUrl":"https:\/\/secure.gravatar.com\/avatar\/9cfd402c745b7a685f13eed0ea6e59d2144a3c2fc50a3db6fd5ed451f6cddf1a?s=96&d=mm&r=g","caption":"Mohamed Hedi Touati"},"url":"https:\/\/www.webdo.tn\/fr\/actualite\/author\/mohamed-hedi-touati\/"}]}},"_links":{"self":[{"href":"https:\/\/www.webdo.tn\/fr\/wp-json\/wp\/v2\/posts\/379870","targetHints":{"allow":["GET"]}}],"collection":[{"href":"https:\/\/www.webdo.tn\/fr\/wp-json\/wp\/v2\/posts"}],"about":[{"href":"https:\/\/www.webdo.tn\/fr\/wp-json\/wp\/v2\/types\/post"}],"author":[{"embeddable":true,"href":"https:\/\/www.webdo.tn\/fr\/wp-json\/wp\/v2\/users\/3191"}],"replies":[{"embeddable":true,"href":"https:\/\/www.webdo.tn\/fr\/wp-json\/wp\/v2\/comments?post=379870"}],"version-history":[{"count":0,"href":"https:\/\/www.webdo.tn\/fr\/wp-json\/wp\/v2\/posts\/379870\/revisions"}],"wp:featuredmedia":[{"embeddable":true,"href":"https:\/\/www.webdo.tn\/fr\/wp-json\/wp\/v2\/media\/379871"}],"wp:attachment":[{"href":"https:\/\/www.webdo.tn\/fr\/wp-json\/wp\/v2\/media?parent=379870"}],"wp:term":[{"taxonomy":"category","embeddable":true,"href":"https:\/\/www.webdo.tn\/fr\/wp-json\/wp\/v2\/categories?post=379870"},{"taxonomy":"post_tag","embeddable":true,"href":"https:\/\/www.webdo.tn\/fr\/wp-json\/wp\/v2\/tags?post=379870"}],"curies":[{"name":"wp","href":"https:\/\/api.w.org\/{rel}","templated":true}]}}