{"id":379838,"date":"2025-07-17T10:48:36","date_gmt":"2025-07-17T09:48:36","guid":{"rendered":"https:\/\/www.webdo.tn\/fr\/?p=379838"},"modified":"2025-07-17T10:48:37","modified_gmt":"2025-07-17T09:48:37","slug":"hyundai-tunisie-offre-une-premiere-vague-despoir-a-des-enfants-orphelins","status":"publish","type":"post","link":"https:\/\/www.webdo.tn\/fr\/actualite\/national\/hyundai-tunisie-offre-une-premiere-vague-despoir-a-des-enfants-orphelins\/379838\/","title":{"rendered":"Hyundai Tunisie offre une premi\u00e8re vague d&rsquo;espoir \u00e0 des enfants orphelins"},"content":{"rendered":"\n<p><strong>Ils n\u2019avaient jamais vu la mer. Pour une vingtaine d\u2019enfants orphelins issus de r\u00e9gions d\u00e9favoris\u00e9es de l\u2019int\u00e9rieur du pays, cette semaine \u00e0 Hammamet restera grav\u00e9e comme une parenth\u00e8se enchant\u00e9e.<\/strong><\/p>\n\n\n\n<p><strong>Une premi\u00e8re rencontre avec la mer<\/strong><\/p>\n\n\n\n<p>Du 15 au 22 juillet, ils participent \u00e0 un s\u00e9jour au Centre national de vacances pour enfants, dans le cadre d\u2019une initiative conjointe entre Alpha Hyundai Motor, Tunis Sports University et l\u2019Association Rose de l\u2019Espoir.<\/p>\n\n\n\n<p><strong>Un projet humain<\/strong><\/p>\n\n\n\n<p>Cette action s\u2019inscrit dans le programme de Responsabilit\u00e9 Soci\u00e9tale de l\u2019Entreprise (RSE) d\u2019Alpha Hyundai Motor, distributeur officiel de la marque sud-cor\u00e9enne en Tunisie. Organis\u00e9 avec l\u2019aval du Minist\u00e8re de la Femme, de la Famille et de l\u2019Enfance, le s\u00e9jour regroupe 30 participants, dont une dizaine de mamans encadrantes, venus des quatre coins du pays.<\/p>\n\n\n\n<p>Au programme : premiers bains de mer, initiation \u00e0 la natation, activit\u00e9s ludiques et \u00e9ducatives, mais surtout d\u00e9couverte et partage, dans un cadre s\u00e9curis\u00e9 et bienveillant. Pour ces enfants suivis par l\u2019Association Rose de l\u2019Espoir &#8211; qui accompagne plus de 1 400 orphelins \u00e0 travers les 24 gouvernorats du pays &#8211; ce s\u00e9jour repr\u00e9sente une ouverture sur le monde, un moment rare de r\u00e9pit et d\u2019insouciance.<\/p>\n\n\n\n<p><strong>Des souvenirs durables, bien au-del\u00e0 d\u2019une simple sortie<\/strong><\/p>\n\n\n\n<p>\u00ab\u202fCe n\u2019est pas qu\u2019un voyage \u00e0 la mer, c\u2019est un souvenir fondateur que nous voulons offrir \u00e0 ces enfants\u202f\u00bb, confie Mehdi Mahjoub, Directeur G\u00e9n\u00e9ral d\u2019Alpha Hyundai Motor. Pour lui, la responsabilit\u00e9 sociale ne se limite pas \u00e0 des discours : \u00ab\u202fNous croyons que la performance d\u2019une entreprise se mesure aussi \u00e0 l\u2019impact humain qu\u2019elle g\u00e9n\u00e8re autour d\u2019elle.\u202f\u00bb<\/p>\n\n\n\n<p><strong>Une action parmi d\u2019autres dans une strat\u00e9gie solidaire<\/strong><\/p>\n\n\n\n<p>Cette op\u00e9ration s\u2019ajoute \u00e0 plusieurs initiatives solidaires port\u00e9es par Hyundai Tunisie : la distribution de couffins alimentaires durant le mois de Ramadan, le programme \u00ab\u00a0Un arbre plant\u00e9 pour chaque v\u00e9hicule vendu\u00a0\u00bb, ou encore les caravanes m\u00e9dicales d\u00e9ploy\u00e9es dans les zones recul\u00e9es.<\/p>\n\n\n\n<p>Avec cette nouvelle action estivale, Alpha Hyundai Motor r\u00e9affirme son engagement pour une soci\u00e9t\u00e9 plus solidaire, o\u00f9 chaque geste de partage est vu comme un levier d\u2019inclusion et d\u2019espoir.<\/p>\n\n\n<div class=\"wp-block-image\">\n<figure class=\"aligncenter size-large\"><img decoding=\"async\" width=\"1024\" height=\"577\" src=\"https:\/\/www.webdo.tn\/fr\/wp-content\/uploads\/2025\/07\/Hyundai-1-1024x577.jpg\" alt=\"\" class=\"wp-image-379839\" srcset=\"https:\/\/www.webdo.tn\/fr\/wp-content\/uploads\/2025\/07\/Hyundai-1-1024x577.jpg 1024w, https:\/\/www.webdo.tn\/fr\/wp-content\/uploads\/2025\/07\/Hyundai-1-300x169.jpg 300w, https:\/\/www.webdo.tn\/fr\/wp-content\/uploads\/2025\/07\/Hyundai-1-768x433.jpg 768w, https:\/\/www.webdo.tn\/fr\/wp-content\/uploads\/2025\/07\/Hyundai-1-1536x865.jpg 1536w, https:\/\/www.webdo.tn\/fr\/wp-content\/uploads\/2025\/07\/Hyundai-1-750x423.jpg 750w, https:\/\/www.webdo.tn\/fr\/wp-content\/uploads\/2025\/07\/Hyundai-1-1140x642.jpg 1140w, https:\/\/www.webdo.tn\/fr\/wp-content\/uploads\/2025\/07\/Hyundai-1.jpg 1800w\" sizes=\"(max-width: 1024px) 100vw, 1024px\" \/><\/figure>\n<\/div>\n\n<div class=\"wp-block-image\">\n<figure class=\"aligncenter size-large\"><img decoding=\"async\" width=\"1024\" height=\"577\" src=\"https:\/\/www.webdo.tn\/fr\/wp-content\/uploads\/2025\/07\/Hyundai-2-1024x577.jpg\" alt=\"\" class=\"wp-image-379840\" srcset=\"https:\/\/www.webdo.tn\/fr\/wp-content\/uploads\/2025\/07\/Hyundai-2-1024x577.jpg 1024w, https:\/\/www.webdo.tn\/fr\/wp-content\/uploads\/2025\/07\/Hyundai-2-300x169.jpg 300w, https:\/\/www.webdo.tn\/fr\/wp-content\/uploads\/2025\/07\/Hyundai-2-768x433.jpg 768w, https:\/\/www.webdo.tn\/fr\/wp-content\/uploads\/2025\/07\/Hyundai-2-1536x865.jpg 1536w, https:\/\/www.webdo.tn\/fr\/wp-content\/uploads\/2025\/07\/Hyundai-2-750x423.jpg 750w, https:\/\/www.webdo.tn\/fr\/wp-content\/uploads\/2025\/07\/Hyundai-2-1140x642.jpg 1140w, https:\/\/www.webdo.tn\/fr\/wp-content\/uploads\/2025\/07\/Hyundai-2.jpg 1800w\" sizes=\"(max-width: 1024px) 100vw, 1024px\" \/><\/figure>\n<\/div>\n\n<div class=\"wp-block-image\">\n<figure class=\"aligncenter size-large\"><img decoding=\"async\" width=\"1024\" height=\"750\" src=\"https:\/\/www.webdo.tn\/fr\/wp-content\/uploads\/2025\/07\/Hyundai-4-1024x750.jpg\" alt=\"\" class=\"wp-image-379841\" srcset=\"https:\/\/www.webdo.tn\/fr\/wp-content\/uploads\/2025\/07\/Hyundai-4-1024x750.jpg 1024w, https:\/\/www.webdo.tn\/fr\/wp-content\/uploads\/2025\/07\/Hyundai-4-300x220.jpg 300w, https:\/\/www.webdo.tn\/fr\/wp-content\/uploads\/2025\/07\/Hyundai-4-768x562.jpg 768w, https:\/\/www.webdo.tn\/fr\/wp-content\/uploads\/2025\/07\/Hyundai-4-1536x1125.jpg 1536w, https:\/\/www.webdo.tn\/fr\/wp-content\/uploads\/2025\/07\/Hyundai-4-750x549.jpg 750w, https:\/\/www.webdo.tn\/fr\/wp-content\/uploads\/2025\/07\/Hyundai-4-1140x835.jpg 1140w, https:\/\/www.webdo.tn\/fr\/wp-content\/uploads\/2025\/07\/Hyundai-4.jpg 1987w\" sizes=\"(max-width: 1024px) 100vw, 1024px\" \/><\/figure>\n<\/div>","protected":false},"excerpt":{"rendered":"<p>Ils n\u2019avaient jamais vu la mer. Pour une vingtaine d\u2019enfants orphelins issus de r\u00e9gions d\u00e9favoris\u00e9es de l\u2019int\u00e9rieur du pays, cette semaine \u00e0 Hammamet restera grav\u00e9e comme une parenth\u00e8se enchant\u00e9e. Une premi\u00e8re rencontre avec la mer Du 15 au 22 juillet, ils participent \u00e0 un s\u00e9jour au Centre national de vacances pour enfants, dans le cadre [&hellip;]<\/p>\n","protected":false},"author":3191,"featured_media":379842,"comment_status":"open","ping_status":"open","sticky":false,"template":"","format":"standard","meta":{"footnotes":""},"categories":[44,11909],"tags":[3230,3713,12246,2608],"class_list":["post-379838","post","type-post","status-publish","format-standard","has-post-thumbnail","hentry","category-national","category-tendances","tag-hyundai-tunisie","tag-mer","tag-orphelins","tag-tunisie"],"yoast_head":"<!-- This site is optimized with the Yoast SEO Premium plugin v27.5 (Yoast SEO v27.5) - https:\/\/yoast.com\/product\/yoast-seo-premium-wordpress\/ -->\n<title>Hyundai Tunisie offre une premi\u00e8re vague d&#039;espoir \u00e0 des enfants orphelins - webdo<\/title>\n<meta name=\"description\" content=\"D\u00e9couvrez comment Hyundai Tunisie soutient les enfants d\u00e9favoris\u00e9s avec un s\u00e9jour inoubliable au bord de la mer.\" \/>\n<link rel=\"canonical\" href=\"https:\/\/www.webdo.tn\/fr\/actualite\/national\/hyundai-tunisie-offre-une-premiere-vague-despoir-a-des-enfants-orphelins\/379838\/\" \/>\n<meta property=\"og:locale\" content=\"fr_FR\" \/>\n<meta property=\"og:type\" content=\"article\" \/>\n<meta property=\"og:title\" content=\"Hyundai Tunisie offre une premi\u00e8re vague d&#039;espoir \u00e0 des enfants orphelins\" \/>\n<meta property=\"og:description\" content=\"D\u00e9couvrez comment Hyundai Tunisie soutient les enfants d\u00e9favoris\u00e9s avec un s\u00e9jour inoubliable au bord de la mer.\" \/>\n<meta property=\"og:url\" content=\"https:\/\/www.webdo.tn\/fr\/actualite\/national\/hyundai-tunisie-offre-une-premiere-vague-despoir-a-des-enfants-orphelins\/379838\/\" \/>\n<meta property=\"og:site_name\" content=\"webdo\" \/>\n<meta property=\"article:publisher\" content=\"https:\/\/www.facebook.com\/webdotn\" \/>\n<meta property=\"article:published_time\" content=\"2025-07-17T09:48:36+00:00\" \/>\n<meta property=\"article:modified_time\" content=\"2025-07-17T09:48:37+00:00\" \/>\n<meta property=\"og:image\" content=\"https:\/\/www.webdo.tn\/fr\/wp-content\/uploads\/2025\/07\/Hyundai-3.jpg\" \/>\n\t<meta property=\"og:image:width\" content=\"1800\" \/>\n\t<meta property=\"og:image:height\" content=\"1612\" \/>\n\t<meta property=\"og:image:type\" content=\"image\/jpeg\" \/>\n<meta name=\"author\" content=\"Mohamed Hedi Touati\" \/>\n<meta name=\"twitter:card\" content=\"summary_large_image\" \/>\n<meta name=\"twitter:creator\" content=\"@webdo_tn\" \/>\n<meta name=\"twitter:site\" content=\"@webdo_tn\" \/>\n<meta name=\"twitter:label1\" content=\"\u00c9crit par\" \/>\n\t<meta name=\"twitter:data1\" content=\"Mohamed Hedi Touati\" \/>\n\t<meta name=\"twitter:label2\" content=\"Dur\u00e9e de lecture estim\u00e9e\" \/>\n\t<meta name=\"twitter:data2\" content=\"3 minutes\" \/>\n<script type=\"application\/ld+json\" class=\"yoast-schema-graph\">{\"@context\":\"https:\\\/\\\/schema.org\",\"@graph\":[{\"@type\":\"NewsArticle\",\"@id\":\"https:\\\/\\\/www.webdo.tn\\\/fr\\\/actualite\\\/national\\\/hyundai-tunisie-offre-une-premiere-vague-despoir-a-des-enfants-orphelins\\\/379838\\\/#article\",\"isPartOf\":{\"@id\":\"https:\\\/\\\/www.webdo.tn\\\/fr\\\/actualite\\\/national\\\/hyundai-tunisie-offre-une-premiere-vague-despoir-a-des-enfants-orphelins\\\/379838\\\/\"},\"author\":{\"name\":\"Mohamed Hedi Touati\",\"@id\":\"https:\\\/\\\/www.webdo.tn\\\/fr\\\/#\\\/schema\\\/person\\\/c652cd8fc2b1b44412b5ffb48c5a911d\"},\"headline\":\"Hyundai Tunisie offre une premi\u00e8re vague d&rsquo;espoir \u00e0 des enfants orphelins\",\"datePublished\":\"2025-07-17T09:48:36+00:00\",\"dateModified\":\"2025-07-17T09:48:37+00:00\",\"mainEntityOfPage\":{\"@id\":\"https:\\\/\\\/www.webdo.tn\\\/fr\\\/actualite\\\/national\\\/hyundai-tunisie-offre-une-premiere-vague-despoir-a-des-enfants-orphelins\\\/379838\\\/\"},\"wordCount\":390,\"commentCount\":0,\"publisher\":{\"@id\":\"https:\\\/\\\/www.webdo.tn\\\/fr\\\/#organization\"},\"image\":{\"@id\":\"https:\\\/\\\/www.webdo.tn\\\/fr\\\/actualite\\\/national\\\/hyundai-tunisie-offre-une-premiere-vague-despoir-a-des-enfants-orphelins\\\/379838\\\/#primaryimage\"},\"thumbnailUrl\":\"https:\\\/\\\/www.webdo.tn\\\/fr\\\/wp-content\\\/uploads\\\/2025\\\/07\\\/Hyundai-3.jpg\",\"keywords\":[\"Hyundai Tunisie\",\"Mer\",\"orphelins\",\"Tunisie\"],\"articleSection\":[\"National\",\"Tendances\"],\"inLanguage\":\"fr-FR\"},{\"@type\":\"WebPage\",\"@id\":\"https:\\\/\\\/www.webdo.tn\\\/fr\\\/actualite\\\/national\\\/hyundai-tunisie-offre-une-premiere-vague-despoir-a-des-enfants-orphelins\\\/379838\\\/\",\"url\":\"https:\\\/\\\/www.webdo.tn\\\/fr\\\/actualite\\\/national\\\/hyundai-tunisie-offre-une-premiere-vague-despoir-a-des-enfants-orphelins\\\/379838\\\/\",\"name\":\"Hyundai Tunisie offre une premi\u00e8re vague d'espoir \u00e0 des enfants orphelins - webdo\",\"isPartOf\":{\"@id\":\"https:\\\/\\\/www.webdo.tn\\\/fr\\\/#website\"},\"primaryImageOfPage\":{\"@id\":\"https:\\\/\\\/www.webdo.tn\\\/fr\\\/actualite\\\/national\\\/hyundai-tunisie-offre-une-premiere-vague-despoir-a-des-enfants-orphelins\\\/379838\\\/#primaryimage\"},\"image\":{\"@id\":\"https:\\\/\\\/www.webdo.tn\\\/fr\\\/actualite\\\/national\\\/hyundai-tunisie-offre-une-premiere-vague-despoir-a-des-enfants-orphelins\\\/379838\\\/#primaryimage\"},\"thumbnailUrl\":\"https:\\\/\\\/www.webdo.tn\\\/fr\\\/wp-content\\\/uploads\\\/2025\\\/07\\\/Hyundai-3.jpg\",\"datePublished\":\"2025-07-17T09:48:36+00:00\",\"dateModified\":\"2025-07-17T09:48:37+00:00\",\"description\":\"D\u00e9couvrez comment Hyundai Tunisie soutient les enfants d\u00e9favoris\u00e9s avec un s\u00e9jour inoubliable au bord de la mer.\",\"breadcrumb\":{\"@id\":\"https:\\\/\\\/www.webdo.tn\\\/fr\\\/actualite\\\/national\\\/hyundai-tunisie-offre-une-premiere-vague-despoir-a-des-enfants-orphelins\\\/379838\\\/#breadcrumb\"},\"inLanguage\":\"fr-FR\",\"potentialAction\":[{\"@type\":\"ReadAction\",\"target\":[\"https:\\\/\\\/www.webdo.tn\\\/fr\\\/actualite\\\/national\\\/hyundai-tunisie-offre-une-premiere-vague-despoir-a-des-enfants-orphelins\\\/379838\\\/\"]}]},{\"@type\":\"ImageObject\",\"inLanguage\":\"fr-FR\",\"@id\":\"https:\\\/\\\/www.webdo.tn\\\/fr\\\/actualite\\\/national\\\/hyundai-tunisie-offre-une-premiere-vague-despoir-a-des-enfants-orphelins\\\/379838\\\/#primaryimage\",\"url\":\"https:\\\/\\\/www.webdo.tn\\\/fr\\\/wp-content\\\/uploads\\\/2025\\\/07\\\/Hyundai-3.jpg\",\"contentUrl\":\"https:\\\/\\\/www.webdo.tn\\\/fr\\\/wp-content\\\/uploads\\\/2025\\\/07\\\/Hyundai-3.jpg\",\"width\":1800,\"height\":1612,\"caption\":\"Hyundai Tunisie offre une premi\u00e8re vague d'espoir \u00e0 des enfants orphelins\"},{\"@type\":\"BreadcrumbList\",\"@id\":\"https:\\\/\\\/www.webdo.tn\\\/fr\\\/actualite\\\/national\\\/hyundai-tunisie-offre-une-premiere-vague-despoir-a-des-enfants-orphelins\\\/379838\\\/#breadcrumb\",\"itemListElement\":[{\"@type\":\"ListItem\",\"position\":1,\"name\":\"Accueil\",\"item\":\"https:\\\/\\\/www.webdo.tn\\\/fr\\\/\"},{\"@type\":\"ListItem\",\"position\":2,\"name\":\"Hyundai Tunisie offre une premi\u00e8re vague d&rsquo;espoir \u00e0 des enfants orphelins\"}]},{\"@type\":\"WebSite\",\"@id\":\"https:\\\/\\\/www.webdo.tn\\\/fr\\\/#website\",\"url\":\"https:\\\/\\\/www.webdo.tn\\\/fr\\\/\",\"name\":\"webdo\",\"description\":\"Tunisie - News en Tunisie et \u00e0 l&#039;international sur Webdo.tn\",\"publisher\":{\"@id\":\"https:\\\/\\\/www.webdo.tn\\\/fr\\\/#organization\"},\"potentialAction\":[{\"@type\":\"SearchAction\",\"target\":{\"@type\":\"EntryPoint\",\"urlTemplate\":\"https:\\\/\\\/www.webdo.tn\\\/fr\\\/?s={search_term_string}\"},\"query-input\":{\"@type\":\"PropertyValueSpecification\",\"valueRequired\":true,\"valueName\":\"search_term_string\"}}],\"inLanguage\":\"fr-FR\"},{\"@type\":\"Organization\",\"@id\":\"https:\\\/\\\/www.webdo.tn\\\/fr\\\/#organization\",\"name\":\"Webdo\",\"alternateName\":\"Webdo.tn\",\"url\":\"https:\\\/\\\/www.webdo.tn\\\/fr\\\/\",\"logo\":{\"@type\":\"ImageObject\",\"inLanguage\":\"fr-FR\",\"@id\":\"https:\\\/\\\/www.webdo.tn\\\/fr\\\/#\\\/schema\\\/logo\\\/image\\\/\",\"url\":\"https:\\\/\\\/www.webdo.tn\\\/fr\\\/wp-content\\\/uploads\\\/2025\\\/06\\\/Webdo-Tunisie_168377.jpg\",\"contentUrl\":\"https:\\\/\\\/www.webdo.tn\\\/fr\\\/wp-content\\\/uploads\\\/2025\\\/06\\\/Webdo-Tunisie_168377.jpg\",\"width\":301,\"height\":301,\"caption\":\"Webdo\"},\"image\":{\"@id\":\"https:\\\/\\\/www.webdo.tn\\\/fr\\\/#\\\/schema\\\/logo\\\/image\\\/\"},\"sameAs\":[\"https:\\\/\\\/www.facebook.com\\\/webdotn\",\"https:\\\/\\\/x.com\\\/webdo_tn\"],\"description\":\"Webdo est un m\u00e9dia num\u00e9rique tunisien fond\u00e9 en 2010, sp\u00e9cialis\u00e9 dans l\u2019actualit\u00e9 nationale et internationale, l\u2019\u00e9conomie, la soci\u00e9t\u00e9 et les analyses politiques. Le site s\u2019adresse \u00e0 un large public francophone et couvre l\u2019information tunisienne en temps r\u00e9el.\",\"email\":\"redac@webdo.tn\",\"legalName\":\"YNJ SARL\",\"foundingDate\":\"2010-09-06\",\"numberOfEmployees\":{\"@type\":\"QuantitativeValue\",\"minValue\":\"11\",\"maxValue\":\"50\"}},{\"@type\":\"Person\",\"@id\":\"https:\\\/\\\/www.webdo.tn\\\/fr\\\/#\\\/schema\\\/person\\\/c652cd8fc2b1b44412b5ffb48c5a911d\",\"name\":\"Mohamed Hedi Touati\",\"image\":{\"@type\":\"ImageObject\",\"inLanguage\":\"fr-FR\",\"@id\":\"https:\\\/\\\/secure.gravatar.com\\\/avatar\\\/9cfd402c745b7a685f13eed0ea6e59d2144a3c2fc50a3db6fd5ed451f6cddf1a?s=96&d=mm&r=g\",\"url\":\"https:\\\/\\\/secure.gravatar.com\\\/avatar\\\/9cfd402c745b7a685f13eed0ea6e59d2144a3c2fc50a3db6fd5ed451f6cddf1a?s=96&d=mm&r=g\",\"contentUrl\":\"https:\\\/\\\/secure.gravatar.com\\\/avatar\\\/9cfd402c745b7a685f13eed0ea6e59d2144a3c2fc50a3db6fd5ed451f6cddf1a?s=96&d=mm&r=g\",\"caption\":\"Mohamed Hedi Touati\"},\"url\":\"https:\\\/\\\/www.webdo.tn\\\/fr\\\/actualite\\\/author\\\/mohamed-hedi-touati\\\/\"}]}<\/script>\n<!-- \/ Yoast SEO Premium plugin. -->","yoast_head_json":{"title":"Hyundai Tunisie offre une premi\u00e8re vague d'espoir \u00e0 des enfants orphelins - webdo","description":"D\u00e9couvrez comment Hyundai Tunisie soutient les enfants d\u00e9favoris\u00e9s avec un s\u00e9jour inoubliable au bord de la mer.","canonical":"https:\/\/www.webdo.tn\/fr\/actualite\/national\/hyundai-tunisie-offre-une-premiere-vague-despoir-a-des-enfants-orphelins\/379838\/","og_locale":"fr_FR","og_type":"article","og_title":"Hyundai Tunisie offre une premi\u00e8re vague d'espoir \u00e0 des enfants orphelins","og_description":"D\u00e9couvrez comment Hyundai Tunisie soutient les enfants d\u00e9favoris\u00e9s avec un s\u00e9jour inoubliable au bord de la mer.","og_url":"https:\/\/www.webdo.tn\/fr\/actualite\/national\/hyundai-tunisie-offre-une-premiere-vague-despoir-a-des-enfants-orphelins\/379838\/","og_site_name":"webdo","article_publisher":"https:\/\/www.facebook.com\/webdotn","article_published_time":"2025-07-17T09:48:36+00:00","article_modified_time":"2025-07-17T09:48:37+00:00","og_image":[{"width":1800,"height":1612,"url":"https:\/\/www.webdo.tn\/fr\/wp-content\/uploads\/2025\/07\/Hyundai-3.jpg","type":"image\/jpeg"}],"author":"Mohamed Hedi Touati","twitter_card":"summary_large_image","twitter_creator":"@webdo_tn","twitter_site":"@webdo_tn","twitter_misc":{"\u00c9crit par":"Mohamed Hedi Touati","Dur\u00e9e de lecture estim\u00e9e":"3 minutes"},"schema":{"@context":"https:\/\/schema.org","@graph":[{"@type":"NewsArticle","@id":"https:\/\/www.webdo.tn\/fr\/actualite\/national\/hyundai-tunisie-offre-une-premiere-vague-despoir-a-des-enfants-orphelins\/379838\/#article","isPartOf":{"@id":"https:\/\/www.webdo.tn\/fr\/actualite\/national\/hyundai-tunisie-offre-une-premiere-vague-despoir-a-des-enfants-orphelins\/379838\/"},"author":{"name":"Mohamed Hedi Touati","@id":"https:\/\/www.webdo.tn\/fr\/#\/schema\/person\/c652cd8fc2b1b44412b5ffb48c5a911d"},"headline":"Hyundai Tunisie offre une premi\u00e8re vague d&rsquo;espoir \u00e0 des enfants orphelins","datePublished":"2025-07-17T09:48:36+00:00","dateModified":"2025-07-17T09:48:37+00:00","mainEntityOfPage":{"@id":"https:\/\/www.webdo.tn\/fr\/actualite\/national\/hyundai-tunisie-offre-une-premiere-vague-despoir-a-des-enfants-orphelins\/379838\/"},"wordCount":390,"commentCount":0,"publisher":{"@id":"https:\/\/www.webdo.tn\/fr\/#organization"},"image":{"@id":"https:\/\/www.webdo.tn\/fr\/actualite\/national\/hyundai-tunisie-offre-une-premiere-vague-despoir-a-des-enfants-orphelins\/379838\/#primaryimage"},"thumbnailUrl":"https:\/\/www.webdo.tn\/fr\/wp-content\/uploads\/2025\/07\/Hyundai-3.jpg","keywords":["Hyundai Tunisie","Mer","orphelins","Tunisie"],"articleSection":["National","Tendances"],"inLanguage":"fr-FR"},{"@type":"WebPage","@id":"https:\/\/www.webdo.tn\/fr\/actualite\/national\/hyundai-tunisie-offre-une-premiere-vague-despoir-a-des-enfants-orphelins\/379838\/","url":"https:\/\/www.webdo.tn\/fr\/actualite\/national\/hyundai-tunisie-offre-une-premiere-vague-despoir-a-des-enfants-orphelins\/379838\/","name":"Hyundai Tunisie offre une premi\u00e8re vague d'espoir \u00e0 des enfants orphelins - webdo","isPartOf":{"@id":"https:\/\/www.webdo.tn\/fr\/#website"},"primaryImageOfPage":{"@id":"https:\/\/www.webdo.tn\/fr\/actualite\/national\/hyundai-tunisie-offre-une-premiere-vague-despoir-a-des-enfants-orphelins\/379838\/#primaryimage"},"image":{"@id":"https:\/\/www.webdo.tn\/fr\/actualite\/national\/hyundai-tunisie-offre-une-premiere-vague-despoir-a-des-enfants-orphelins\/379838\/#primaryimage"},"thumbnailUrl":"https:\/\/www.webdo.tn\/fr\/wp-content\/uploads\/2025\/07\/Hyundai-3.jpg","datePublished":"2025-07-17T09:48:36+00:00","dateModified":"2025-07-17T09:48:37+00:00","description":"D\u00e9couvrez comment Hyundai Tunisie soutient les enfants d\u00e9favoris\u00e9s avec un s\u00e9jour inoubliable au bord de la mer.","breadcrumb":{"@id":"https:\/\/www.webdo.tn\/fr\/actualite\/national\/hyundai-tunisie-offre-une-premiere-vague-despoir-a-des-enfants-orphelins\/379838\/#breadcrumb"},"inLanguage":"fr-FR","potentialAction":[{"@type":"ReadAction","target":["https:\/\/www.webdo.tn\/fr\/actualite\/national\/hyundai-tunisie-offre-une-premiere-vague-despoir-a-des-enfants-orphelins\/379838\/"]}]},{"@type":"ImageObject","inLanguage":"fr-FR","@id":"https:\/\/www.webdo.tn\/fr\/actualite\/national\/hyundai-tunisie-offre-une-premiere-vague-despoir-a-des-enfants-orphelins\/379838\/#primaryimage","url":"https:\/\/www.webdo.tn\/fr\/wp-content\/uploads\/2025\/07\/Hyundai-3.jpg","contentUrl":"https:\/\/www.webdo.tn\/fr\/wp-content\/uploads\/2025\/07\/Hyundai-3.jpg","width":1800,"height":1612,"caption":"Hyundai Tunisie offre une premi\u00e8re vague d'espoir \u00e0 des enfants orphelins"},{"@type":"BreadcrumbList","@id":"https:\/\/www.webdo.tn\/fr\/actualite\/national\/hyundai-tunisie-offre-une-premiere-vague-despoir-a-des-enfants-orphelins\/379838\/#breadcrumb","itemListElement":[{"@type":"ListItem","position":1,"name":"Accueil","item":"https:\/\/www.webdo.tn\/fr\/"},{"@type":"ListItem","position":2,"name":"Hyundai Tunisie offre une premi\u00e8re vague d&rsquo;espoir \u00e0 des enfants orphelins"}]},{"@type":"WebSite","@id":"https:\/\/www.webdo.tn\/fr\/#website","url":"https:\/\/www.webdo.tn\/fr\/","name":"webdo","description":"Tunisie - News en Tunisie et \u00e0 l&#039;international sur Webdo.tn","publisher":{"@id":"https:\/\/www.webdo.tn\/fr\/#organization"},"potentialAction":[{"@type":"SearchAction","target":{"@type":"EntryPoint","urlTemplate":"https:\/\/www.webdo.tn\/fr\/?s={search_term_string}"},"query-input":{"@type":"PropertyValueSpecification","valueRequired":true,"valueName":"search_term_string"}}],"inLanguage":"fr-FR"},{"@type":"Organization","@id":"https:\/\/www.webdo.tn\/fr\/#organization","name":"Webdo","alternateName":"Webdo.tn","url":"https:\/\/www.webdo.tn\/fr\/","logo":{"@type":"ImageObject","inLanguage":"fr-FR","@id":"https:\/\/www.webdo.tn\/fr\/#\/schema\/logo\/image\/","url":"https:\/\/www.webdo.tn\/fr\/wp-content\/uploads\/2025\/06\/Webdo-Tunisie_168377.jpg","contentUrl":"https:\/\/www.webdo.tn\/fr\/wp-content\/uploads\/2025\/06\/Webdo-Tunisie_168377.jpg","width":301,"height":301,"caption":"Webdo"},"image":{"@id":"https:\/\/www.webdo.tn\/fr\/#\/schema\/logo\/image\/"},"sameAs":["https:\/\/www.facebook.com\/webdotn","https:\/\/x.com\/webdo_tn"],"description":"Webdo est un m\u00e9dia num\u00e9rique tunisien fond\u00e9 en 2010, sp\u00e9cialis\u00e9 dans l\u2019actualit\u00e9 nationale et internationale, l\u2019\u00e9conomie, la soci\u00e9t\u00e9 et les analyses politiques. Le site s\u2019adresse \u00e0 un large public francophone et couvre l\u2019information tunisienne en temps r\u00e9el.","email":"redac@webdo.tn","legalName":"YNJ SARL","foundingDate":"2010-09-06","numberOfEmployees":{"@type":"QuantitativeValue","minValue":"11","maxValue":"50"}},{"@type":"Person","@id":"https:\/\/www.webdo.tn\/fr\/#\/schema\/person\/c652cd8fc2b1b44412b5ffb48c5a911d","name":"Mohamed Hedi Touati","image":{"@type":"ImageObject","inLanguage":"fr-FR","@id":"https:\/\/secure.gravatar.com\/avatar\/9cfd402c745b7a685f13eed0ea6e59d2144a3c2fc50a3db6fd5ed451f6cddf1a?s=96&d=mm&r=g","url":"https:\/\/secure.gravatar.com\/avatar\/9cfd402c745b7a685f13eed0ea6e59d2144a3c2fc50a3db6fd5ed451f6cddf1a?s=96&d=mm&r=g","contentUrl":"https:\/\/secure.gravatar.com\/avatar\/9cfd402c745b7a685f13eed0ea6e59d2144a3c2fc50a3db6fd5ed451f6cddf1a?s=96&d=mm&r=g","caption":"Mohamed Hedi Touati"},"url":"https:\/\/www.webdo.tn\/fr\/actualite\/author\/mohamed-hedi-touati\/"}]}},"_links":{"self":[{"href":"https:\/\/www.webdo.tn\/fr\/wp-json\/wp\/v2\/posts\/379838","targetHints":{"allow":["GET"]}}],"collection":[{"href":"https:\/\/www.webdo.tn\/fr\/wp-json\/wp\/v2\/posts"}],"about":[{"href":"https:\/\/www.webdo.tn\/fr\/wp-json\/wp\/v2\/types\/post"}],"author":[{"embeddable":true,"href":"https:\/\/www.webdo.tn\/fr\/wp-json\/wp\/v2\/users\/3191"}],"replies":[{"embeddable":true,"href":"https:\/\/www.webdo.tn\/fr\/wp-json\/wp\/v2\/comments?post=379838"}],"version-history":[{"count":0,"href":"https:\/\/www.webdo.tn\/fr\/wp-json\/wp\/v2\/posts\/379838\/revisions"}],"wp:featuredmedia":[{"embeddable":true,"href":"https:\/\/www.webdo.tn\/fr\/wp-json\/wp\/v2\/media\/379842"}],"wp:attachment":[{"href":"https:\/\/www.webdo.tn\/fr\/wp-json\/wp\/v2\/media?parent=379838"}],"wp:term":[{"taxonomy":"category","embeddable":true,"href":"https:\/\/www.webdo.tn\/fr\/wp-json\/wp\/v2\/categories?post=379838"},{"taxonomy":"post_tag","embeddable":true,"href":"https:\/\/www.webdo.tn\/fr\/wp-json\/wp\/v2\/tags?post=379838"}],"curies":[{"name":"wp","href":"https:\/\/api.w.org\/{rel}","templated":true}]}}