{"id":379795,"date":"2025-07-16T18:37:10","date_gmt":"2025-07-16T17:37:10","guid":{"rendered":"https:\/\/www.webdo.tn\/fr\/?p=379795"},"modified":"2025-07-17T08:47:46","modified_gmt":"2025-07-17T07:47:46","slug":"tunisie-arp-syrine-mrabet-presente-sa-demission","status":"publish","type":"post","link":"https:\/\/www.webdo.tn\/fr\/actualite\/national\/tunisie-arp-syrine-mrabet-presente-sa-demission\/379795\/","title":{"rendered":"Tunisie &#8211; ARP : Syrine Mrabet pr\u00e9sente sa d\u00e9mission"},"content":{"rendered":"\n<p>La d\u00e9put\u00e9e Syrine Mrabet a pr\u00e9sent\u00e9 ce mercredi 16 juillet 2025, sa d\u00e9mission de l\u2019Assembl\u00e9e des repr\u00e9sentants du peuple (ARP). Dans sa lettre pr\u00e9sent\u00e9e au chef du parlement l\u2019\u00e9lue de la circonscription de Sijoumi\u2013Ezzouhour a invoqu\u00e9 des \u00ab raisons strictement personnelles \u00bb pour justifier sa d\u00e9cision.<\/p>\n\n\n\n<p>Membre du bloc Al-Ahrar et assesseur charg\u00e9e de la communication au sein du bureau de l\u2019ARP, Syrine Mrabet s\u2019\u00e9tait distingu\u00e9e ces derniers mois par ses positions sur plusieurs sujets sensibles, allant de la r\u00e9forme de la loi \u00e9lectorale \u00e0 l\u2019acc\u00e8s des femmes \u00e0 la cryoconservation d\u2019ovocytes. Son d\u00e9part intervient alors qu\u2019elle occupait \u00e9galement un si\u00e8ge actif au sein de la commission de la l\u00e9gislation.<\/p>\n\n\n\n<p>Ancienne pr\u00e9sidente du Club Olympique des Transports, premi\u00e8re femme \u00e0 avoir dirig\u00e9 ce club historique, elle avait entam\u00e9 son mandat parlementaire en 2023 avec une visibilit\u00e9 croissante, notamment gr\u00e2ce \u00e0 ses prises de parole m\u00e9diatis\u00e9es.<\/p>\n\n\n\n<p><\/p>\n\n\n\n<figure class=\"wp-block-gallery has-nested-images columns-default is-cropped wp-block-gallery-1 is-layout-flex wp-block-gallery-is-layout-flex\">\n<figure class=\"wp-block-image size-large\"><img decoding=\"async\" width=\"768\" height=\"1024\" data-id=\"379797\" src=\"https:\/\/www.webdo.tn\/fr\/wp-content\/uploads\/2025\/07\/518241746_765484696034522_7562282061276071457_n-768x1024.jpg\" alt=\"\" class=\"wp-image-379797\" srcset=\"https:\/\/www.webdo.tn\/fr\/wp-content\/uploads\/2025\/07\/518241746_765484696034522_7562282061276071457_n-768x1024.jpg 768w, https:\/\/www.webdo.tn\/fr\/wp-content\/uploads\/2025\/07\/518241746_765484696034522_7562282061276071457_n-225x300.jpg 225w, https:\/\/www.webdo.tn\/fr\/wp-content\/uploads\/2025\/07\/518241746_765484696034522_7562282061276071457_n-1152x1536.jpg 1152w, https:\/\/www.webdo.tn\/fr\/wp-content\/uploads\/2025\/07\/518241746_765484696034522_7562282061276071457_n-750x1000.jpg 750w, https:\/\/www.webdo.tn\/fr\/wp-content\/uploads\/2025\/07\/518241746_765484696034522_7562282061276071457_n-1140x1520.jpg 1140w, https:\/\/www.webdo.tn\/fr\/wp-content\/uploads\/2025\/07\/518241746_765484696034522_7562282061276071457_n.jpg 1200w\" sizes=\"(max-width: 768px) 100vw, 768px\" \/><\/figure>\n<\/figure>\n","protected":false},"excerpt":{"rendered":"<p>La d\u00e9put\u00e9e Syrine Mrabet a pr\u00e9sent\u00e9 ce mercredi 16 juillet 2025, sa d\u00e9mission de l\u2019Assembl\u00e9e des repr\u00e9sentants du peuple (ARP). Dans sa lettre pr\u00e9sent\u00e9e au chef du parlement l\u2019\u00e9lue de la circonscription de Sijoumi\u2013Ezzouhour a invoqu\u00e9 des \u00ab raisons strictement personnelles \u00bb pour justifier sa d\u00e9cision. Membre du bloc Al-Ahrar et assesseur charg\u00e9e de la [&hellip;]<\/p>\n","protected":false},"author":3184,"featured_media":379796,"comment_status":"open","ping_status":"open","sticky":false,"template":"","format":"standard","meta":{"footnotes":""},"categories":[44],"tags":[2813,6379,2608],"class_list":["post-379795","post","type-post","status-publish","format-standard","has-post-thumbnail","hentry","category-national","tag-arp","tag-demission","tag-tunisie"],"yoast_head":"<!-- This site is optimized with the Yoast SEO Premium plugin v27.5 (Yoast SEO v27.5) - https:\/\/yoast.com\/product\/yoast-seo-premium-wordpress\/ -->\n<title>Tunisie - ARP : Syrine Mrabet pr\u00e9sente sa d\u00e9mission - webdo<\/title>\n<meta name=\"description\" content=\"Syrine Mrabet a annonc\u00e9 sa d\u00e9mission de l\u2019ARP pour des raisons strictement personnelles. D\u00e9couvrez les d\u00e9tails de sa d\u00e9cision.\" \/>\n<link rel=\"canonical\" href=\"https:\/\/www.webdo.tn\/fr\/actualite\/national\/tunisie-arp-syrine-mrabet-presente-sa-demission\/379795\/\" \/>\n<meta property=\"og:locale\" content=\"fr_FR\" \/>\n<meta property=\"og:type\" content=\"article\" \/>\n<meta property=\"og:title\" content=\"Tunisie - ARP : Syrine Mrabet pr\u00e9sente sa d\u00e9mission\" \/>\n<meta property=\"og:description\" content=\"Syrine Mrabet a annonc\u00e9 sa d\u00e9mission de l\u2019ARP pour des raisons strictement personnelles. D\u00e9couvrez les d\u00e9tails de sa d\u00e9cision.\" \/>\n<meta property=\"og:url\" content=\"https:\/\/www.webdo.tn\/fr\/actualite\/national\/tunisie-arp-syrine-mrabet-presente-sa-demission\/379795\/\" \/>\n<meta property=\"og:site_name\" content=\"webdo\" \/>\n<meta property=\"article:publisher\" content=\"https:\/\/www.facebook.com\/webdotn\" \/>\n<meta property=\"article:published_time\" content=\"2025-07-16T17:37:10+00:00\" \/>\n<meta property=\"article:modified_time\" content=\"2025-07-17T07:47:46+00:00\" \/>\n<meta property=\"og:image\" content=\"https:\/\/www.webdo.tn\/fr\/wp-content\/uploads\/2025\/07\/518316694_10226218879849335_1669264927995021201_n.jpg\" \/>\n\t<meta property=\"og:image:width\" content=\"640\" \/>\n\t<meta property=\"og:image:height\" content=\"511\" \/>\n\t<meta property=\"og:image:type\" content=\"image\/jpeg\" \/>\n<meta name=\"author\" content=\"Wided Belhaj\" \/>\n<meta name=\"twitter:card\" content=\"summary_large_image\" \/>\n<meta name=\"twitter:creator\" content=\"@webdo_tn\" \/>\n<meta name=\"twitter:site\" content=\"@webdo_tn\" \/>\n<meta name=\"twitter:label1\" content=\"\u00c9crit par\" \/>\n\t<meta name=\"twitter:data1\" content=\"Wided Belhaj\" \/>\n\t<meta name=\"twitter:label2\" content=\"Dur\u00e9e de lecture estim\u00e9e\" \/>\n\t<meta name=\"twitter:data2\" content=\"2 minutes\" \/>\n<script type=\"application\/ld+json\" class=\"yoast-schema-graph\">{\"@context\":\"https:\\\/\\\/schema.org\",\"@graph\":[{\"@type\":\"NewsArticle\",\"@id\":\"https:\\\/\\\/www.webdo.tn\\\/fr\\\/actualite\\\/national\\\/tunisie-arp-syrine-mrabet-presente-sa-demission\\\/379795\\\/#article\",\"isPartOf\":{\"@id\":\"https:\\\/\\\/www.webdo.tn\\\/fr\\\/actualite\\\/national\\\/tunisie-arp-syrine-mrabet-presente-sa-demission\\\/379795\\\/\"},\"author\":{\"name\":\"Wided Belhaj\",\"@id\":\"https:\\\/\\\/www.webdo.tn\\\/fr\\\/#\\\/schema\\\/person\\\/b9ecde7a5574cb4fcf4b496ea5fadb15\"},\"headline\":\"Tunisie &#8211; ARP : Syrine Mrabet pr\u00e9sente sa d\u00e9mission\",\"datePublished\":\"2025-07-16T17:37:10+00:00\",\"dateModified\":\"2025-07-17T07:47:46+00:00\",\"mainEntityOfPage\":{\"@id\":\"https:\\\/\\\/www.webdo.tn\\\/fr\\\/actualite\\\/national\\\/tunisie-arp-syrine-mrabet-presente-sa-demission\\\/379795\\\/\"},\"wordCount\":175,\"commentCount\":0,\"publisher\":{\"@id\":\"https:\\\/\\\/www.webdo.tn\\\/fr\\\/#organization\"},\"image\":{\"@id\":\"https:\\\/\\\/www.webdo.tn\\\/fr\\\/actualite\\\/national\\\/tunisie-arp-syrine-mrabet-presente-sa-demission\\\/379795\\\/#primaryimage\"},\"thumbnailUrl\":\"https:\\\/\\\/www.webdo.tn\\\/fr\\\/wp-content\\\/uploads\\\/2025\\\/07\\\/518316694_10226218879849335_1669264927995021201_n.jpg\",\"keywords\":[\"ARP\",\"D\u00e9mission\",\"Tunisie\"],\"articleSection\":[\"National\"],\"inLanguage\":\"fr-FR\"},{\"@type\":\"WebPage\",\"@id\":\"https:\\\/\\\/www.webdo.tn\\\/fr\\\/actualite\\\/national\\\/tunisie-arp-syrine-mrabet-presente-sa-demission\\\/379795\\\/\",\"url\":\"https:\\\/\\\/www.webdo.tn\\\/fr\\\/actualite\\\/national\\\/tunisie-arp-syrine-mrabet-presente-sa-demission\\\/379795\\\/\",\"name\":\"Tunisie - ARP : Syrine Mrabet pr\u00e9sente sa d\u00e9mission - webdo\",\"isPartOf\":{\"@id\":\"https:\\\/\\\/www.webdo.tn\\\/fr\\\/#website\"},\"primaryImageOfPage\":{\"@id\":\"https:\\\/\\\/www.webdo.tn\\\/fr\\\/actualite\\\/national\\\/tunisie-arp-syrine-mrabet-presente-sa-demission\\\/379795\\\/#primaryimage\"},\"image\":{\"@id\":\"https:\\\/\\\/www.webdo.tn\\\/fr\\\/actualite\\\/national\\\/tunisie-arp-syrine-mrabet-presente-sa-demission\\\/379795\\\/#primaryimage\"},\"thumbnailUrl\":\"https:\\\/\\\/www.webdo.tn\\\/fr\\\/wp-content\\\/uploads\\\/2025\\\/07\\\/518316694_10226218879849335_1669264927995021201_n.jpg\",\"datePublished\":\"2025-07-16T17:37:10+00:00\",\"dateModified\":\"2025-07-17T07:47:46+00:00\",\"description\":\"Syrine Mrabet a annonc\u00e9 sa d\u00e9mission de l\u2019ARP pour des raisons strictement personnelles. D\u00e9couvrez les d\u00e9tails de sa d\u00e9cision.\",\"breadcrumb\":{\"@id\":\"https:\\\/\\\/www.webdo.tn\\\/fr\\\/actualite\\\/national\\\/tunisie-arp-syrine-mrabet-presente-sa-demission\\\/379795\\\/#breadcrumb\"},\"inLanguage\":\"fr-FR\",\"potentialAction\":[{\"@type\":\"ReadAction\",\"target\":[\"https:\\\/\\\/www.webdo.tn\\\/fr\\\/actualite\\\/national\\\/tunisie-arp-syrine-mrabet-presente-sa-demission\\\/379795\\\/\"]}]},{\"@type\":\"ImageObject\",\"inLanguage\":\"fr-FR\",\"@id\":\"https:\\\/\\\/www.webdo.tn\\\/fr\\\/actualite\\\/national\\\/tunisie-arp-syrine-mrabet-presente-sa-demission\\\/379795\\\/#primaryimage\",\"url\":\"https:\\\/\\\/www.webdo.tn\\\/fr\\\/wp-content\\\/uploads\\\/2025\\\/07\\\/518316694_10226218879849335_1669264927995021201_n.jpg\",\"contentUrl\":\"https:\\\/\\\/www.webdo.tn\\\/fr\\\/wp-content\\\/uploads\\\/2025\\\/07\\\/518316694_10226218879849335_1669264927995021201_n.jpg\",\"width\":640,\"height\":511},{\"@type\":\"BreadcrumbList\",\"@id\":\"https:\\\/\\\/www.webdo.tn\\\/fr\\\/actualite\\\/national\\\/tunisie-arp-syrine-mrabet-presente-sa-demission\\\/379795\\\/#breadcrumb\",\"itemListElement\":[{\"@type\":\"ListItem\",\"position\":1,\"name\":\"Accueil\",\"item\":\"https:\\\/\\\/www.webdo.tn\\\/fr\\\/\"},{\"@type\":\"ListItem\",\"position\":2,\"name\":\"Tunisie &#8211; ARP : Syrine Mrabet pr\u00e9sente sa d\u00e9mission\"}]},{\"@type\":\"WebSite\",\"@id\":\"https:\\\/\\\/www.webdo.tn\\\/fr\\\/#website\",\"url\":\"https:\\\/\\\/www.webdo.tn\\\/fr\\\/\",\"name\":\"webdo\",\"description\":\"Tunisie - News en Tunisie et \u00e0 l&#039;international sur Webdo.tn\",\"publisher\":{\"@id\":\"https:\\\/\\\/www.webdo.tn\\\/fr\\\/#organization\"},\"potentialAction\":[{\"@type\":\"SearchAction\",\"target\":{\"@type\":\"EntryPoint\",\"urlTemplate\":\"https:\\\/\\\/www.webdo.tn\\\/fr\\\/?s={search_term_string}\"},\"query-input\":{\"@type\":\"PropertyValueSpecification\",\"valueRequired\":true,\"valueName\":\"search_term_string\"}}],\"inLanguage\":\"fr-FR\"},{\"@type\":\"Organization\",\"@id\":\"https:\\\/\\\/www.webdo.tn\\\/fr\\\/#organization\",\"name\":\"Webdo\",\"alternateName\":\"Webdo.tn\",\"url\":\"https:\\\/\\\/www.webdo.tn\\\/fr\\\/\",\"logo\":{\"@type\":\"ImageObject\",\"inLanguage\":\"fr-FR\",\"@id\":\"https:\\\/\\\/www.webdo.tn\\\/fr\\\/#\\\/schema\\\/logo\\\/image\\\/\",\"url\":\"https:\\\/\\\/www.webdo.tn\\\/fr\\\/wp-content\\\/uploads\\\/2025\\\/06\\\/Webdo-Tunisie_168377.jpg\",\"contentUrl\":\"https:\\\/\\\/www.webdo.tn\\\/fr\\\/wp-content\\\/uploads\\\/2025\\\/06\\\/Webdo-Tunisie_168377.jpg\",\"width\":301,\"height\":301,\"caption\":\"Webdo\"},\"image\":{\"@id\":\"https:\\\/\\\/www.webdo.tn\\\/fr\\\/#\\\/schema\\\/logo\\\/image\\\/\"},\"sameAs\":[\"https:\\\/\\\/www.facebook.com\\\/webdotn\",\"https:\\\/\\\/x.com\\\/webdo_tn\"],\"description\":\"Webdo est un m\u00e9dia num\u00e9rique tunisien fond\u00e9 en 2010, sp\u00e9cialis\u00e9 dans l\u2019actualit\u00e9 nationale et internationale, l\u2019\u00e9conomie, la soci\u00e9t\u00e9 et les analyses politiques. Le site s\u2019adresse \u00e0 un large public francophone et couvre l\u2019information tunisienne en temps r\u00e9el.\",\"email\":\"redac@webdo.tn\",\"legalName\":\"YNJ SARL\",\"foundingDate\":\"2010-09-06\",\"numberOfEmployees\":{\"@type\":\"QuantitativeValue\",\"minValue\":\"11\",\"maxValue\":\"50\"}},{\"@type\":\"Person\",\"@id\":\"https:\\\/\\\/www.webdo.tn\\\/fr\\\/#\\\/schema\\\/person\\\/b9ecde7a5574cb4fcf4b496ea5fadb15\",\"name\":\"Wided Belhaj\",\"image\":{\"@type\":\"ImageObject\",\"inLanguage\":\"fr-FR\",\"@id\":\"https:\\\/\\\/www.webdo.tn\\\/fr\\\/wp-content\\\/uploads\\\/2026\\\/04\\\/wided-belhaj_avatar-96x96.jpg\",\"url\":\"https:\\\/\\\/www.webdo.tn\\\/fr\\\/wp-content\\\/uploads\\\/2026\\\/04\\\/wided-belhaj_avatar-96x96.jpg\",\"contentUrl\":\"https:\\\/\\\/www.webdo.tn\\\/fr\\\/wp-content\\\/uploads\\\/2026\\\/04\\\/wided-belhaj_avatar-96x96.jpg\",\"caption\":\"Wided Belhaj\"},\"description\":\"Wided Belhaj est le pseudonyme \u00e9ditorial utilis\u00e9 par Khalil Jelassi, journaliste, ma\u00eetre-assistant \u00e0 l\u2019Institut de presse et des sciences de l\u2019information (IPSI) et chercheur en sciences de l\u2019information et de la communication. Cette signature est d\u00e9di\u00e9e \u00e0 l\u2019analyse des m\u00e9dias, des pratiques journalistiques et des mutations de l\u2019information \u00e0 l\u2019\u00e8re digitale. \u00c0 travers ses contributions, Wided Belhaj propose une lecture analytique de l\u2019actualit\u00e9, en croisant regard critique et expertise acad\u00e9mique.\",\"knowsAbout\":[\"m\u00e9dias\",\"journalisme\",\"communication\",\"information\",\"transformation num\u00e9rique\",\"analyse des m\u00e9dias\"],\"knowsLanguage\":[\"Fran\u00e7ais\",\"Arabe\"],\"jobTitle\":\"Webdo.tn\",\"worksFor\":\"Journaliste \u2013 Analyse des m\u00e9dias\",\"url\":\"https:\\\/\\\/www.webdo.tn\\\/fr\\\/actualite\\\/author\\\/wided-belhaj\\\/\"}]}<\/script>\n<!-- \/ Yoast SEO Premium plugin. -->","yoast_head_json":{"title":"Tunisie - ARP : Syrine Mrabet pr\u00e9sente sa d\u00e9mission - webdo","description":"Syrine Mrabet a annonc\u00e9 sa d\u00e9mission de l\u2019ARP pour des raisons strictement personnelles. D\u00e9couvrez les d\u00e9tails de sa d\u00e9cision.","canonical":"https:\/\/www.webdo.tn\/fr\/actualite\/national\/tunisie-arp-syrine-mrabet-presente-sa-demission\/379795\/","og_locale":"fr_FR","og_type":"article","og_title":"Tunisie - ARP : Syrine Mrabet pr\u00e9sente sa d\u00e9mission","og_description":"Syrine Mrabet a annonc\u00e9 sa d\u00e9mission de l\u2019ARP pour des raisons strictement personnelles. D\u00e9couvrez les d\u00e9tails de sa d\u00e9cision.","og_url":"https:\/\/www.webdo.tn\/fr\/actualite\/national\/tunisie-arp-syrine-mrabet-presente-sa-demission\/379795\/","og_site_name":"webdo","article_publisher":"https:\/\/www.facebook.com\/webdotn","article_published_time":"2025-07-16T17:37:10+00:00","article_modified_time":"2025-07-17T07:47:46+00:00","og_image":[{"width":640,"height":511,"url":"https:\/\/www.webdo.tn\/fr\/wp-content\/uploads\/2025\/07\/518316694_10226218879849335_1669264927995021201_n.jpg","type":"image\/jpeg"}],"author":"Wided Belhaj","twitter_card":"summary_large_image","twitter_creator":"@webdo_tn","twitter_site":"@webdo_tn","twitter_misc":{"\u00c9crit par":"Wided Belhaj","Dur\u00e9e de lecture estim\u00e9e":"2 minutes"},"schema":{"@context":"https:\/\/schema.org","@graph":[{"@type":"NewsArticle","@id":"https:\/\/www.webdo.tn\/fr\/actualite\/national\/tunisie-arp-syrine-mrabet-presente-sa-demission\/379795\/#article","isPartOf":{"@id":"https:\/\/www.webdo.tn\/fr\/actualite\/national\/tunisie-arp-syrine-mrabet-presente-sa-demission\/379795\/"},"author":{"name":"Wided Belhaj","@id":"https:\/\/www.webdo.tn\/fr\/#\/schema\/person\/b9ecde7a5574cb4fcf4b496ea5fadb15"},"headline":"Tunisie &#8211; ARP : Syrine Mrabet pr\u00e9sente sa d\u00e9mission","datePublished":"2025-07-16T17:37:10+00:00","dateModified":"2025-07-17T07:47:46+00:00","mainEntityOfPage":{"@id":"https:\/\/www.webdo.tn\/fr\/actualite\/national\/tunisie-arp-syrine-mrabet-presente-sa-demission\/379795\/"},"wordCount":175,"commentCount":0,"publisher":{"@id":"https:\/\/www.webdo.tn\/fr\/#organization"},"image":{"@id":"https:\/\/www.webdo.tn\/fr\/actualite\/national\/tunisie-arp-syrine-mrabet-presente-sa-demission\/379795\/#primaryimage"},"thumbnailUrl":"https:\/\/www.webdo.tn\/fr\/wp-content\/uploads\/2025\/07\/518316694_10226218879849335_1669264927995021201_n.jpg","keywords":["ARP","D\u00e9mission","Tunisie"],"articleSection":["National"],"inLanguage":"fr-FR"},{"@type":"WebPage","@id":"https:\/\/www.webdo.tn\/fr\/actualite\/national\/tunisie-arp-syrine-mrabet-presente-sa-demission\/379795\/","url":"https:\/\/www.webdo.tn\/fr\/actualite\/national\/tunisie-arp-syrine-mrabet-presente-sa-demission\/379795\/","name":"Tunisie - ARP : Syrine Mrabet pr\u00e9sente sa d\u00e9mission - webdo","isPartOf":{"@id":"https:\/\/www.webdo.tn\/fr\/#website"},"primaryImageOfPage":{"@id":"https:\/\/www.webdo.tn\/fr\/actualite\/national\/tunisie-arp-syrine-mrabet-presente-sa-demission\/379795\/#primaryimage"},"image":{"@id":"https:\/\/www.webdo.tn\/fr\/actualite\/national\/tunisie-arp-syrine-mrabet-presente-sa-demission\/379795\/#primaryimage"},"thumbnailUrl":"https:\/\/www.webdo.tn\/fr\/wp-content\/uploads\/2025\/07\/518316694_10226218879849335_1669264927995021201_n.jpg","datePublished":"2025-07-16T17:37:10+00:00","dateModified":"2025-07-17T07:47:46+00:00","description":"Syrine Mrabet a annonc\u00e9 sa d\u00e9mission de l\u2019ARP pour des raisons strictement personnelles. D\u00e9couvrez les d\u00e9tails de sa d\u00e9cision.","breadcrumb":{"@id":"https:\/\/www.webdo.tn\/fr\/actualite\/national\/tunisie-arp-syrine-mrabet-presente-sa-demission\/379795\/#breadcrumb"},"inLanguage":"fr-FR","potentialAction":[{"@type":"ReadAction","target":["https:\/\/www.webdo.tn\/fr\/actualite\/national\/tunisie-arp-syrine-mrabet-presente-sa-demission\/379795\/"]}]},{"@type":"ImageObject","inLanguage":"fr-FR","@id":"https:\/\/www.webdo.tn\/fr\/actualite\/national\/tunisie-arp-syrine-mrabet-presente-sa-demission\/379795\/#primaryimage","url":"https:\/\/www.webdo.tn\/fr\/wp-content\/uploads\/2025\/07\/518316694_10226218879849335_1669264927995021201_n.jpg","contentUrl":"https:\/\/www.webdo.tn\/fr\/wp-content\/uploads\/2025\/07\/518316694_10226218879849335_1669264927995021201_n.jpg","width":640,"height":511},{"@type":"BreadcrumbList","@id":"https:\/\/www.webdo.tn\/fr\/actualite\/national\/tunisie-arp-syrine-mrabet-presente-sa-demission\/379795\/#breadcrumb","itemListElement":[{"@type":"ListItem","position":1,"name":"Accueil","item":"https:\/\/www.webdo.tn\/fr\/"},{"@type":"ListItem","position":2,"name":"Tunisie &#8211; ARP : Syrine Mrabet pr\u00e9sente sa d\u00e9mission"}]},{"@type":"WebSite","@id":"https:\/\/www.webdo.tn\/fr\/#website","url":"https:\/\/www.webdo.tn\/fr\/","name":"webdo","description":"Tunisie - News en Tunisie et \u00e0 l&#039;international sur Webdo.tn","publisher":{"@id":"https:\/\/www.webdo.tn\/fr\/#organization"},"potentialAction":[{"@type":"SearchAction","target":{"@type":"EntryPoint","urlTemplate":"https:\/\/www.webdo.tn\/fr\/?s={search_term_string}"},"query-input":{"@type":"PropertyValueSpecification","valueRequired":true,"valueName":"search_term_string"}}],"inLanguage":"fr-FR"},{"@type":"Organization","@id":"https:\/\/www.webdo.tn\/fr\/#organization","name":"Webdo","alternateName":"Webdo.tn","url":"https:\/\/www.webdo.tn\/fr\/","logo":{"@type":"ImageObject","inLanguage":"fr-FR","@id":"https:\/\/www.webdo.tn\/fr\/#\/schema\/logo\/image\/","url":"https:\/\/www.webdo.tn\/fr\/wp-content\/uploads\/2025\/06\/Webdo-Tunisie_168377.jpg","contentUrl":"https:\/\/www.webdo.tn\/fr\/wp-content\/uploads\/2025\/06\/Webdo-Tunisie_168377.jpg","width":301,"height":301,"caption":"Webdo"},"image":{"@id":"https:\/\/www.webdo.tn\/fr\/#\/schema\/logo\/image\/"},"sameAs":["https:\/\/www.facebook.com\/webdotn","https:\/\/x.com\/webdo_tn"],"description":"Webdo est un m\u00e9dia num\u00e9rique tunisien fond\u00e9 en 2010, sp\u00e9cialis\u00e9 dans l\u2019actualit\u00e9 nationale et internationale, l\u2019\u00e9conomie, la soci\u00e9t\u00e9 et les analyses politiques. Le site s\u2019adresse \u00e0 un large public francophone et couvre l\u2019information tunisienne en temps r\u00e9el.","email":"redac@webdo.tn","legalName":"YNJ SARL","foundingDate":"2010-09-06","numberOfEmployees":{"@type":"QuantitativeValue","minValue":"11","maxValue":"50"}},{"@type":"Person","@id":"https:\/\/www.webdo.tn\/fr\/#\/schema\/person\/b9ecde7a5574cb4fcf4b496ea5fadb15","name":"Wided Belhaj","image":{"@type":"ImageObject","inLanguage":"fr-FR","@id":"https:\/\/www.webdo.tn\/fr\/wp-content\/uploads\/2026\/04\/wided-belhaj_avatar-96x96.jpg","url":"https:\/\/www.webdo.tn\/fr\/wp-content\/uploads\/2026\/04\/wided-belhaj_avatar-96x96.jpg","contentUrl":"https:\/\/www.webdo.tn\/fr\/wp-content\/uploads\/2026\/04\/wided-belhaj_avatar-96x96.jpg","caption":"Wided Belhaj"},"description":"Wided Belhaj est le pseudonyme \u00e9ditorial utilis\u00e9 par Khalil Jelassi, journaliste, ma\u00eetre-assistant \u00e0 l\u2019Institut de presse et des sciences de l\u2019information (IPSI) et chercheur en sciences de l\u2019information et de la communication. Cette signature est d\u00e9di\u00e9e \u00e0 l\u2019analyse des m\u00e9dias, des pratiques journalistiques et des mutations de l\u2019information \u00e0 l\u2019\u00e8re digitale. \u00c0 travers ses contributions, Wided Belhaj propose une lecture analytique de l\u2019actualit\u00e9, en croisant regard critique et expertise acad\u00e9mique.","knowsAbout":["m\u00e9dias","journalisme","communication","information","transformation num\u00e9rique","analyse des m\u00e9dias"],"knowsLanguage":["Fran\u00e7ais","Arabe"],"jobTitle":"Webdo.tn","worksFor":"Journaliste \u2013 Analyse des m\u00e9dias","url":"https:\/\/www.webdo.tn\/fr\/actualite\/author\/wided-belhaj\/"}]}},"_links":{"self":[{"href":"https:\/\/www.webdo.tn\/fr\/wp-json\/wp\/v2\/posts\/379795","targetHints":{"allow":["GET"]}}],"collection":[{"href":"https:\/\/www.webdo.tn\/fr\/wp-json\/wp\/v2\/posts"}],"about":[{"href":"https:\/\/www.webdo.tn\/fr\/wp-json\/wp\/v2\/types\/post"}],"author":[{"embeddable":true,"href":"https:\/\/www.webdo.tn\/fr\/wp-json\/wp\/v2\/users\/3184"}],"replies":[{"embeddable":true,"href":"https:\/\/www.webdo.tn\/fr\/wp-json\/wp\/v2\/comments?post=379795"}],"version-history":[{"count":0,"href":"https:\/\/www.webdo.tn\/fr\/wp-json\/wp\/v2\/posts\/379795\/revisions"}],"wp:featuredmedia":[{"embeddable":true,"href":"https:\/\/www.webdo.tn\/fr\/wp-json\/wp\/v2\/media\/379796"}],"wp:attachment":[{"href":"https:\/\/www.webdo.tn\/fr\/wp-json\/wp\/v2\/media?parent=379795"}],"wp:term":[{"taxonomy":"category","embeddable":true,"href":"https:\/\/www.webdo.tn\/fr\/wp-json\/wp\/v2\/categories?post=379795"},{"taxonomy":"post_tag","embeddable":true,"href":"https:\/\/www.webdo.tn\/fr\/wp-json\/wp\/v2\/tags?post=379795"}],"curies":[{"name":"wp","href":"https:\/\/api.w.org\/{rel}","templated":true}]}}