{"id":379726,"date":"2025-07-15T12:47:31","date_gmt":"2025-07-15T11:47:31","guid":{"rendered":"https:\/\/www.webdo.tn\/fr\/?p=379726"},"modified":"2025-07-15T12:47:32","modified_gmt":"2025-07-15T11:47:32","slug":"tunisie-143-feux-maitrises-en-24-heures-par-la-protection-civile","status":"publish","type":"post","link":"https:\/\/www.webdo.tn\/fr\/actualite\/national\/tunisie-143-feux-maitrises-en-24-heures-par-la-protection-civile\/379726\/","title":{"rendered":"Tunisie : 143 feux ma\u00eetris\u00e9s en 24 heures par la Protection civile"},"content":{"rendered":"\n<p><strong>Les unit\u00e9s de la Protection civile tunisienne ont ma\u00eetris\u00e9 143 incendies en une seule journ\u00e9e, selon un bilan publi\u00e9 mardi 15 juillet 2025. Ces interventions se sont d\u00e9roul\u00e9es dans diff\u00e9rentes r\u00e9gions du pays entre le 14 et le 15 juillet. Ce pic de feux intervient en pleine saison estivale, marqu\u00e9e par des temp\u00e9ratures \u00e9lev\u00e9es.<\/strong><\/p>\n\n\n\n<p>La Protection civile a annonc\u00e9, dans un communiqu\u00e9 publi\u00e9 sur Facebook, que 143 incendies ont \u00e9t\u00e9 \u00e9teints en 24 heures, entre 6h du matin le 14 juillet et 6h du matin le 15 juillet 2025. Ces feux ont touch\u00e9 plusieurs zones du pays, sans pr\u00e9cision sur les gouvernorats les plus touch\u00e9s.<\/p>\n\n\n\n<p>Au total, 568 interventions ont \u00e9t\u00e9 men\u00e9es durant cette p\u00e9riode, dont 136 op\u00e9rations de secours et d\u2019assistance routi\u00e8re, ainsi que 277 interventions diverses (hors accidents de la circulation).<\/p>\n\n\n\n<p>Ve chiffre \u00e9lev\u00e9 d\u2019interventions pourrait relancer les appels \u00e0 la vigilance, alors que les temp\u00e9ratures d\u00e9passent les 40\u00b0C dans certaines r\u00e9gions. Des campagnes de pr\u00e9vention contre les feux de for\u00eats et de r\u00e9coltes avaient d\u00e9j\u00e0 \u00e9t\u00e9 lanc\u00e9es au d\u00e9but de l\u2019\u00e9t\u00e9.<\/p>\n\n\n\n<p>Chaque \u00e9t\u00e9, la Tunisie fait face \u00e0 une recrudescence des feux de v\u00e9g\u00e9tation, souvent favoris\u00e9s par la chaleur, le vent et parfois par des actes de n\u00e9gligence ou de malveillance. En 2023 et 2024, des dizaines de foyers d\u2019incendie avaient \u00e9t\u00e9 recens\u00e9s entre juillet et ao\u00fbt, n\u00e9cessitant une mobilisation massive des moyens de lutte anti-incendie.<\/p>\n","protected":false},"excerpt":{"rendered":"<p>Les unit\u00e9s de la Protection civile tunisienne ont ma\u00eetris\u00e9 143 incendies en une seule journ\u00e9e, selon un bilan publi\u00e9 mardi 15 juillet 2025. Ces interventions se sont d\u00e9roul\u00e9es dans diff\u00e9rentes r\u00e9gions du pays entre le 14 et le 15 juillet. Ce pic de feux intervient en pleine saison estivale, marqu\u00e9e par des temp\u00e9ratures \u00e9lev\u00e9es. La [&hellip;]<\/p>\n","protected":false},"author":3191,"featured_media":348962,"comment_status":"open","ping_status":"open","sticky":false,"template":"","format":"standard","meta":{"footnotes":""},"categories":[44],"tags":[3404,3089,3088,2608],"class_list":["post-379726","post","type-post","status-publish","format-standard","has-post-thumbnail","hentry","category-national","tag-feu","tag-incendie","tag-protection-civile","tag-tunisie"],"yoast_head":"<!-- This site is optimized with the Yoast SEO Premium plugin v27.5 (Yoast SEO v27.5) - https:\/\/yoast.com\/product\/yoast-seo-premium-wordpress\/ -->\n<title>Tunisie : 143 feux ma\u00eetris\u00e9s en 24 heures par la Protection civile - webdo<\/title>\n<meta name=\"description\" content=\"La Protection civile tunisienne a g\u00e9r\u00e9 143 feux ma\u00eetris\u00e9s en une journ\u00e9e. Lisez le bilan des interventions et leur impact.\" \/>\n<link rel=\"canonical\" href=\"https:\/\/www.webdo.tn\/fr\/actualite\/national\/tunisie-143-feux-maitrises-en-24-heures-par-la-protection-civile\/379726\/\" \/>\n<meta property=\"og:locale\" content=\"fr_FR\" \/>\n<meta property=\"og:type\" content=\"article\" \/>\n<meta property=\"og:title\" content=\"Tunisie : 143 feux ma\u00eetris\u00e9s en 24 heures par la Protection civile\" \/>\n<meta property=\"og:description\" content=\"La Protection civile tunisienne a g\u00e9r\u00e9 143 feux ma\u00eetris\u00e9s en une journ\u00e9e. Lisez le bilan des interventions et leur impact.\" \/>\n<meta property=\"og:url\" content=\"https:\/\/www.webdo.tn\/fr\/actualite\/national\/tunisie-143-feux-maitrises-en-24-heures-par-la-protection-civile\/379726\/\" \/>\n<meta property=\"og:site_name\" content=\"webdo\" \/>\n<meta property=\"article:publisher\" content=\"https:\/\/www.facebook.com\/webdotn\" \/>\n<meta property=\"article:published_time\" content=\"2025-07-15T11:47:31+00:00\" \/>\n<meta property=\"article:modified_time\" content=\"2025-07-15T11:47:32+00:00\" \/>\n<meta property=\"og:image\" content=\"https:\/\/www.webdo.tn\/fr\/wp-content\/uploads\/2022\/09\/Incendies-tunisie-l-economiste-maghrebin-1200x680-1.jpeg\" \/>\n\t<meta property=\"og:image:width\" content=\"1200\" \/>\n\t<meta property=\"og:image:height\" content=\"680\" \/>\n\t<meta property=\"og:image:type\" content=\"image\/jpeg\" \/>\n<meta name=\"author\" content=\"Mohamed Hedi Touati\" \/>\n<meta name=\"twitter:card\" content=\"summary_large_image\" \/>\n<meta name=\"twitter:creator\" content=\"@webdo_tn\" \/>\n<meta name=\"twitter:site\" content=\"@webdo_tn\" \/>\n<meta name=\"twitter:label1\" content=\"\u00c9crit par\" \/>\n\t<meta name=\"twitter:data1\" content=\"Mohamed Hedi Touati\" \/>\n\t<meta name=\"twitter:label2\" content=\"Dur\u00e9e de lecture estim\u00e9e\" \/>\n\t<meta name=\"twitter:data2\" content=\"2 minutes\" \/>\n<script type=\"application\/ld+json\" class=\"yoast-schema-graph\">{\"@context\":\"https:\\\/\\\/schema.org\",\"@graph\":[{\"@type\":\"NewsArticle\",\"@id\":\"https:\\\/\\\/www.webdo.tn\\\/fr\\\/actualite\\\/national\\\/tunisie-143-feux-maitrises-en-24-heures-par-la-protection-civile\\\/379726\\\/#article\",\"isPartOf\":{\"@id\":\"https:\\\/\\\/www.webdo.tn\\\/fr\\\/actualite\\\/national\\\/tunisie-143-feux-maitrises-en-24-heures-par-la-protection-civile\\\/379726\\\/\"},\"author\":{\"name\":\"Mohamed Hedi Touati\",\"@id\":\"https:\\\/\\\/www.webdo.tn\\\/fr\\\/#\\\/schema\\\/person\\\/c652cd8fc2b1b44412b5ffb48c5a911d\"},\"headline\":\"Tunisie : 143 feux ma\u00eetris\u00e9s en 24 heures par la Protection civile\",\"datePublished\":\"2025-07-15T11:47:31+00:00\",\"dateModified\":\"2025-07-15T11:47:32+00:00\",\"mainEntityOfPage\":{\"@id\":\"https:\\\/\\\/www.webdo.tn\\\/fr\\\/actualite\\\/national\\\/tunisie-143-feux-maitrises-en-24-heures-par-la-protection-civile\\\/379726\\\/\"},\"wordCount\":259,\"commentCount\":0,\"publisher\":{\"@id\":\"https:\\\/\\\/www.webdo.tn\\\/fr\\\/#organization\"},\"image\":{\"@id\":\"https:\\\/\\\/www.webdo.tn\\\/fr\\\/actualite\\\/national\\\/tunisie-143-feux-maitrises-en-24-heures-par-la-protection-civile\\\/379726\\\/#primaryimage\"},\"thumbnailUrl\":\"https:\\\/\\\/www.webdo.tn\\\/fr\\\/wp-content\\\/uploads\\\/2022\\\/09\\\/Incendies-tunisie-l-economiste-maghrebin-1200x680-1.jpeg\",\"keywords\":[\"feu\",\"incendie\",\"protection civile\",\"Tunisie\"],\"articleSection\":[\"National\"],\"inLanguage\":\"fr-FR\"},{\"@type\":\"WebPage\",\"@id\":\"https:\\\/\\\/www.webdo.tn\\\/fr\\\/actualite\\\/national\\\/tunisie-143-feux-maitrises-en-24-heures-par-la-protection-civile\\\/379726\\\/\",\"url\":\"https:\\\/\\\/www.webdo.tn\\\/fr\\\/actualite\\\/national\\\/tunisie-143-feux-maitrises-en-24-heures-par-la-protection-civile\\\/379726\\\/\",\"name\":\"Tunisie : 143 feux ma\u00eetris\u00e9s en 24 heures par la Protection civile - webdo\",\"isPartOf\":{\"@id\":\"https:\\\/\\\/www.webdo.tn\\\/fr\\\/#website\"},\"primaryImageOfPage\":{\"@id\":\"https:\\\/\\\/www.webdo.tn\\\/fr\\\/actualite\\\/national\\\/tunisie-143-feux-maitrises-en-24-heures-par-la-protection-civile\\\/379726\\\/#primaryimage\"},\"image\":{\"@id\":\"https:\\\/\\\/www.webdo.tn\\\/fr\\\/actualite\\\/national\\\/tunisie-143-feux-maitrises-en-24-heures-par-la-protection-civile\\\/379726\\\/#primaryimage\"},\"thumbnailUrl\":\"https:\\\/\\\/www.webdo.tn\\\/fr\\\/wp-content\\\/uploads\\\/2022\\\/09\\\/Incendies-tunisie-l-economiste-maghrebin-1200x680-1.jpeg\",\"datePublished\":\"2025-07-15T11:47:31+00:00\",\"dateModified\":\"2025-07-15T11:47:32+00:00\",\"description\":\"La Protection civile tunisienne a g\u00e9r\u00e9 143 feux ma\u00eetris\u00e9s en une journ\u00e9e. Lisez le bilan des interventions et leur impact.\",\"breadcrumb\":{\"@id\":\"https:\\\/\\\/www.webdo.tn\\\/fr\\\/actualite\\\/national\\\/tunisie-143-feux-maitrises-en-24-heures-par-la-protection-civile\\\/379726\\\/#breadcrumb\"},\"inLanguage\":\"fr-FR\",\"potentialAction\":[{\"@type\":\"ReadAction\",\"target\":[\"https:\\\/\\\/www.webdo.tn\\\/fr\\\/actualite\\\/national\\\/tunisie-143-feux-maitrises-en-24-heures-par-la-protection-civile\\\/379726\\\/\"]}]},{\"@type\":\"ImageObject\",\"inLanguage\":\"fr-FR\",\"@id\":\"https:\\\/\\\/www.webdo.tn\\\/fr\\\/actualite\\\/national\\\/tunisie-143-feux-maitrises-en-24-heures-par-la-protection-civile\\\/379726\\\/#primaryimage\",\"url\":\"https:\\\/\\\/www.webdo.tn\\\/fr\\\/wp-content\\\/uploads\\\/2022\\\/09\\\/Incendies-tunisie-l-economiste-maghrebin-1200x680-1.jpeg\",\"contentUrl\":\"https:\\\/\\\/www.webdo.tn\\\/fr\\\/wp-content\\\/uploads\\\/2022\\\/09\\\/Incendies-tunisie-l-economiste-maghrebin-1200x680-1.jpeg\",\"width\":1200,\"height\":680,\"caption\":\"Tunisie : 143 feux ma\u00eetris\u00e9s en 24 heures par la Protection civile\"},{\"@type\":\"BreadcrumbList\",\"@id\":\"https:\\\/\\\/www.webdo.tn\\\/fr\\\/actualite\\\/national\\\/tunisie-143-feux-maitrises-en-24-heures-par-la-protection-civile\\\/379726\\\/#breadcrumb\",\"itemListElement\":[{\"@type\":\"ListItem\",\"position\":1,\"name\":\"Accueil\",\"item\":\"https:\\\/\\\/www.webdo.tn\\\/fr\\\/\"},{\"@type\":\"ListItem\",\"position\":2,\"name\":\"Tunisie : 143 feux ma\u00eetris\u00e9s en 24 heures par la Protection civile\"}]},{\"@type\":\"WebSite\",\"@id\":\"https:\\\/\\\/www.webdo.tn\\\/fr\\\/#website\",\"url\":\"https:\\\/\\\/www.webdo.tn\\\/fr\\\/\",\"name\":\"webdo\",\"description\":\"Tunisie - News en Tunisie et \u00e0 l&#039;international sur Webdo.tn\",\"publisher\":{\"@id\":\"https:\\\/\\\/www.webdo.tn\\\/fr\\\/#organization\"},\"potentialAction\":[{\"@type\":\"SearchAction\",\"target\":{\"@type\":\"EntryPoint\",\"urlTemplate\":\"https:\\\/\\\/www.webdo.tn\\\/fr\\\/?s={search_term_string}\"},\"query-input\":{\"@type\":\"PropertyValueSpecification\",\"valueRequired\":true,\"valueName\":\"search_term_string\"}}],\"inLanguage\":\"fr-FR\"},{\"@type\":\"Organization\",\"@id\":\"https:\\\/\\\/www.webdo.tn\\\/fr\\\/#organization\",\"name\":\"Webdo\",\"alternateName\":\"Webdo.tn\",\"url\":\"https:\\\/\\\/www.webdo.tn\\\/fr\\\/\",\"logo\":{\"@type\":\"ImageObject\",\"inLanguage\":\"fr-FR\",\"@id\":\"https:\\\/\\\/www.webdo.tn\\\/fr\\\/#\\\/schema\\\/logo\\\/image\\\/\",\"url\":\"https:\\\/\\\/www.webdo.tn\\\/fr\\\/wp-content\\\/uploads\\\/2025\\\/06\\\/Webdo-Tunisie_168377.jpg\",\"contentUrl\":\"https:\\\/\\\/www.webdo.tn\\\/fr\\\/wp-content\\\/uploads\\\/2025\\\/06\\\/Webdo-Tunisie_168377.jpg\",\"width\":301,\"height\":301,\"caption\":\"Webdo\"},\"image\":{\"@id\":\"https:\\\/\\\/www.webdo.tn\\\/fr\\\/#\\\/schema\\\/logo\\\/image\\\/\"},\"sameAs\":[\"https:\\\/\\\/www.facebook.com\\\/webdotn\",\"https:\\\/\\\/x.com\\\/webdo_tn\"],\"description\":\"Webdo est un m\u00e9dia num\u00e9rique tunisien fond\u00e9 en 2010, sp\u00e9cialis\u00e9 dans l\u2019actualit\u00e9 nationale et internationale, l\u2019\u00e9conomie, la soci\u00e9t\u00e9 et les analyses politiques. Le site s\u2019adresse \u00e0 un large public francophone et couvre l\u2019information tunisienne en temps r\u00e9el.\",\"email\":\"redac@webdo.tn\",\"legalName\":\"YNJ SARL\",\"foundingDate\":\"2010-09-06\",\"numberOfEmployees\":{\"@type\":\"QuantitativeValue\",\"minValue\":\"11\",\"maxValue\":\"50\"}},{\"@type\":\"Person\",\"@id\":\"https:\\\/\\\/www.webdo.tn\\\/fr\\\/#\\\/schema\\\/person\\\/c652cd8fc2b1b44412b5ffb48c5a911d\",\"name\":\"Mohamed Hedi Touati\",\"image\":{\"@type\":\"ImageObject\",\"inLanguage\":\"fr-FR\",\"@id\":\"https:\\\/\\\/secure.gravatar.com\\\/avatar\\\/9cfd402c745b7a685f13eed0ea6e59d2144a3c2fc50a3db6fd5ed451f6cddf1a?s=96&d=mm&r=g\",\"url\":\"https:\\\/\\\/secure.gravatar.com\\\/avatar\\\/9cfd402c745b7a685f13eed0ea6e59d2144a3c2fc50a3db6fd5ed451f6cddf1a?s=96&d=mm&r=g\",\"contentUrl\":\"https:\\\/\\\/secure.gravatar.com\\\/avatar\\\/9cfd402c745b7a685f13eed0ea6e59d2144a3c2fc50a3db6fd5ed451f6cddf1a?s=96&d=mm&r=g\",\"caption\":\"Mohamed Hedi Touati\"},\"url\":\"https:\\\/\\\/www.webdo.tn\\\/fr\\\/actualite\\\/author\\\/mohamed-hedi-touati\\\/\"}]}<\/script>\n<!-- \/ Yoast SEO Premium plugin. -->","yoast_head_json":{"title":"Tunisie : 143 feux ma\u00eetris\u00e9s en 24 heures par la Protection civile - webdo","description":"La Protection civile tunisienne a g\u00e9r\u00e9 143 feux ma\u00eetris\u00e9s en une journ\u00e9e. Lisez le bilan des interventions et leur impact.","canonical":"https:\/\/www.webdo.tn\/fr\/actualite\/national\/tunisie-143-feux-maitrises-en-24-heures-par-la-protection-civile\/379726\/","og_locale":"fr_FR","og_type":"article","og_title":"Tunisie : 143 feux ma\u00eetris\u00e9s en 24 heures par la Protection civile","og_description":"La Protection civile tunisienne a g\u00e9r\u00e9 143 feux ma\u00eetris\u00e9s en une journ\u00e9e. Lisez le bilan des interventions et leur impact.","og_url":"https:\/\/www.webdo.tn\/fr\/actualite\/national\/tunisie-143-feux-maitrises-en-24-heures-par-la-protection-civile\/379726\/","og_site_name":"webdo","article_publisher":"https:\/\/www.facebook.com\/webdotn","article_published_time":"2025-07-15T11:47:31+00:00","article_modified_time":"2025-07-15T11:47:32+00:00","og_image":[{"width":1200,"height":680,"url":"https:\/\/www.webdo.tn\/fr\/wp-content\/uploads\/2022\/09\/Incendies-tunisie-l-economiste-maghrebin-1200x680-1.jpeg","type":"image\/jpeg"}],"author":"Mohamed Hedi Touati","twitter_card":"summary_large_image","twitter_creator":"@webdo_tn","twitter_site":"@webdo_tn","twitter_misc":{"\u00c9crit par":"Mohamed Hedi Touati","Dur\u00e9e de lecture estim\u00e9e":"2 minutes"},"schema":{"@context":"https:\/\/schema.org","@graph":[{"@type":"NewsArticle","@id":"https:\/\/www.webdo.tn\/fr\/actualite\/national\/tunisie-143-feux-maitrises-en-24-heures-par-la-protection-civile\/379726\/#article","isPartOf":{"@id":"https:\/\/www.webdo.tn\/fr\/actualite\/national\/tunisie-143-feux-maitrises-en-24-heures-par-la-protection-civile\/379726\/"},"author":{"name":"Mohamed Hedi Touati","@id":"https:\/\/www.webdo.tn\/fr\/#\/schema\/person\/c652cd8fc2b1b44412b5ffb48c5a911d"},"headline":"Tunisie : 143 feux ma\u00eetris\u00e9s en 24 heures par la Protection civile","datePublished":"2025-07-15T11:47:31+00:00","dateModified":"2025-07-15T11:47:32+00:00","mainEntityOfPage":{"@id":"https:\/\/www.webdo.tn\/fr\/actualite\/national\/tunisie-143-feux-maitrises-en-24-heures-par-la-protection-civile\/379726\/"},"wordCount":259,"commentCount":0,"publisher":{"@id":"https:\/\/www.webdo.tn\/fr\/#organization"},"image":{"@id":"https:\/\/www.webdo.tn\/fr\/actualite\/national\/tunisie-143-feux-maitrises-en-24-heures-par-la-protection-civile\/379726\/#primaryimage"},"thumbnailUrl":"https:\/\/www.webdo.tn\/fr\/wp-content\/uploads\/2022\/09\/Incendies-tunisie-l-economiste-maghrebin-1200x680-1.jpeg","keywords":["feu","incendie","protection civile","Tunisie"],"articleSection":["National"],"inLanguage":"fr-FR"},{"@type":"WebPage","@id":"https:\/\/www.webdo.tn\/fr\/actualite\/national\/tunisie-143-feux-maitrises-en-24-heures-par-la-protection-civile\/379726\/","url":"https:\/\/www.webdo.tn\/fr\/actualite\/national\/tunisie-143-feux-maitrises-en-24-heures-par-la-protection-civile\/379726\/","name":"Tunisie : 143 feux ma\u00eetris\u00e9s en 24 heures par la Protection civile - webdo","isPartOf":{"@id":"https:\/\/www.webdo.tn\/fr\/#website"},"primaryImageOfPage":{"@id":"https:\/\/www.webdo.tn\/fr\/actualite\/national\/tunisie-143-feux-maitrises-en-24-heures-par-la-protection-civile\/379726\/#primaryimage"},"image":{"@id":"https:\/\/www.webdo.tn\/fr\/actualite\/national\/tunisie-143-feux-maitrises-en-24-heures-par-la-protection-civile\/379726\/#primaryimage"},"thumbnailUrl":"https:\/\/www.webdo.tn\/fr\/wp-content\/uploads\/2022\/09\/Incendies-tunisie-l-economiste-maghrebin-1200x680-1.jpeg","datePublished":"2025-07-15T11:47:31+00:00","dateModified":"2025-07-15T11:47:32+00:00","description":"La Protection civile tunisienne a g\u00e9r\u00e9 143 feux ma\u00eetris\u00e9s en une journ\u00e9e. Lisez le bilan des interventions et leur impact.","breadcrumb":{"@id":"https:\/\/www.webdo.tn\/fr\/actualite\/national\/tunisie-143-feux-maitrises-en-24-heures-par-la-protection-civile\/379726\/#breadcrumb"},"inLanguage":"fr-FR","potentialAction":[{"@type":"ReadAction","target":["https:\/\/www.webdo.tn\/fr\/actualite\/national\/tunisie-143-feux-maitrises-en-24-heures-par-la-protection-civile\/379726\/"]}]},{"@type":"ImageObject","inLanguage":"fr-FR","@id":"https:\/\/www.webdo.tn\/fr\/actualite\/national\/tunisie-143-feux-maitrises-en-24-heures-par-la-protection-civile\/379726\/#primaryimage","url":"https:\/\/www.webdo.tn\/fr\/wp-content\/uploads\/2022\/09\/Incendies-tunisie-l-economiste-maghrebin-1200x680-1.jpeg","contentUrl":"https:\/\/www.webdo.tn\/fr\/wp-content\/uploads\/2022\/09\/Incendies-tunisie-l-economiste-maghrebin-1200x680-1.jpeg","width":1200,"height":680,"caption":"Tunisie : 143 feux ma\u00eetris\u00e9s en 24 heures par la Protection civile"},{"@type":"BreadcrumbList","@id":"https:\/\/www.webdo.tn\/fr\/actualite\/national\/tunisie-143-feux-maitrises-en-24-heures-par-la-protection-civile\/379726\/#breadcrumb","itemListElement":[{"@type":"ListItem","position":1,"name":"Accueil","item":"https:\/\/www.webdo.tn\/fr\/"},{"@type":"ListItem","position":2,"name":"Tunisie : 143 feux ma\u00eetris\u00e9s en 24 heures par la Protection civile"}]},{"@type":"WebSite","@id":"https:\/\/www.webdo.tn\/fr\/#website","url":"https:\/\/www.webdo.tn\/fr\/","name":"webdo","description":"Tunisie - News en Tunisie et \u00e0 l&#039;international sur Webdo.tn","publisher":{"@id":"https:\/\/www.webdo.tn\/fr\/#organization"},"potentialAction":[{"@type":"SearchAction","target":{"@type":"EntryPoint","urlTemplate":"https:\/\/www.webdo.tn\/fr\/?s={search_term_string}"},"query-input":{"@type":"PropertyValueSpecification","valueRequired":true,"valueName":"search_term_string"}}],"inLanguage":"fr-FR"},{"@type":"Organization","@id":"https:\/\/www.webdo.tn\/fr\/#organization","name":"Webdo","alternateName":"Webdo.tn","url":"https:\/\/www.webdo.tn\/fr\/","logo":{"@type":"ImageObject","inLanguage":"fr-FR","@id":"https:\/\/www.webdo.tn\/fr\/#\/schema\/logo\/image\/","url":"https:\/\/www.webdo.tn\/fr\/wp-content\/uploads\/2025\/06\/Webdo-Tunisie_168377.jpg","contentUrl":"https:\/\/www.webdo.tn\/fr\/wp-content\/uploads\/2025\/06\/Webdo-Tunisie_168377.jpg","width":301,"height":301,"caption":"Webdo"},"image":{"@id":"https:\/\/www.webdo.tn\/fr\/#\/schema\/logo\/image\/"},"sameAs":["https:\/\/www.facebook.com\/webdotn","https:\/\/x.com\/webdo_tn"],"description":"Webdo est un m\u00e9dia num\u00e9rique tunisien fond\u00e9 en 2010, sp\u00e9cialis\u00e9 dans l\u2019actualit\u00e9 nationale et internationale, l\u2019\u00e9conomie, la soci\u00e9t\u00e9 et les analyses politiques. Le site s\u2019adresse \u00e0 un large public francophone et couvre l\u2019information tunisienne en temps r\u00e9el.","email":"redac@webdo.tn","legalName":"YNJ SARL","foundingDate":"2010-09-06","numberOfEmployees":{"@type":"QuantitativeValue","minValue":"11","maxValue":"50"}},{"@type":"Person","@id":"https:\/\/www.webdo.tn\/fr\/#\/schema\/person\/c652cd8fc2b1b44412b5ffb48c5a911d","name":"Mohamed Hedi Touati","image":{"@type":"ImageObject","inLanguage":"fr-FR","@id":"https:\/\/secure.gravatar.com\/avatar\/9cfd402c745b7a685f13eed0ea6e59d2144a3c2fc50a3db6fd5ed451f6cddf1a?s=96&d=mm&r=g","url":"https:\/\/secure.gravatar.com\/avatar\/9cfd402c745b7a685f13eed0ea6e59d2144a3c2fc50a3db6fd5ed451f6cddf1a?s=96&d=mm&r=g","contentUrl":"https:\/\/secure.gravatar.com\/avatar\/9cfd402c745b7a685f13eed0ea6e59d2144a3c2fc50a3db6fd5ed451f6cddf1a?s=96&d=mm&r=g","caption":"Mohamed Hedi Touati"},"url":"https:\/\/www.webdo.tn\/fr\/actualite\/author\/mohamed-hedi-touati\/"}]}},"_links":{"self":[{"href":"https:\/\/www.webdo.tn\/fr\/wp-json\/wp\/v2\/posts\/379726","targetHints":{"allow":["GET"]}}],"collection":[{"href":"https:\/\/www.webdo.tn\/fr\/wp-json\/wp\/v2\/posts"}],"about":[{"href":"https:\/\/www.webdo.tn\/fr\/wp-json\/wp\/v2\/types\/post"}],"author":[{"embeddable":true,"href":"https:\/\/www.webdo.tn\/fr\/wp-json\/wp\/v2\/users\/3191"}],"replies":[{"embeddable":true,"href":"https:\/\/www.webdo.tn\/fr\/wp-json\/wp\/v2\/comments?post=379726"}],"version-history":[{"count":0,"href":"https:\/\/www.webdo.tn\/fr\/wp-json\/wp\/v2\/posts\/379726\/revisions"}],"wp:featuredmedia":[{"embeddable":true,"href":"https:\/\/www.webdo.tn\/fr\/wp-json\/wp\/v2\/media\/348962"}],"wp:attachment":[{"href":"https:\/\/www.webdo.tn\/fr\/wp-json\/wp\/v2\/media?parent=379726"}],"wp:term":[{"taxonomy":"category","embeddable":true,"href":"https:\/\/www.webdo.tn\/fr\/wp-json\/wp\/v2\/categories?post=379726"},{"taxonomy":"post_tag","embeddable":true,"href":"https:\/\/www.webdo.tn\/fr\/wp-json\/wp\/v2\/tags?post=379726"}],"curies":[{"name":"wp","href":"https:\/\/api.w.org\/{rel}","templated":true}]}}