{"id":379723,"date":"2025-07-15T11:46:26","date_gmt":"2025-07-15T10:46:26","guid":{"rendered":"https:\/\/www.webdo.tn\/fr\/?p=379723"},"modified":"2025-07-16T08:34:12","modified_gmt":"2025-07-16T07:34:12","slug":"tunisie-exportations-en-baisse-lexcedent-alimentaire-seffrite","status":"publish","type":"post","link":"https:\/\/www.webdo.tn\/fr\/actualite\/national\/tunisie-exportations-en-baisse-lexcedent-alimentaire-seffrite\/379723\/","title":{"rendered":"Tunisie\u00a0&#8211; Exportations en baisse : L\u2019exc\u00e9dent alimentaire s\u2019effrite"},"content":{"rendered":"\n<p><strong>L\u2019Observatoire National de l\u2019Agriculture (ONAGRI) a publi\u00e9 mardi 15 juillet 2025 les chiffres de la balance commerciale alimentaire pour le premier semestre de l\u2019ann\u00e9e. Celle-ci affiche un exc\u00e9dent de 824,1 millions de dinars, en forte baisse par rapport \u00e0 2024. La chute des exportations, notamment d\u2019huile d\u2019olive et de dattes, explique ce recul.<\/strong><\/p>\n\n\n\n<p><strong>Exportations en chute<\/strong><\/p>\n\n\n\n<p>Selon le rapport publi\u00e9 par l\u2019ONAGRI, la balance alimentaire de la Tunisie a d\u00e9gag\u00e9 un exc\u00e9dent de 824,1 millions de dinars \u00e0 fin juin 2025, contre 1833,9 millions de dinars \u00e0 la m\u00eame p\u00e9riode en 2024. Le taux de couverture des importations par les exportations est tomb\u00e9 \u00e0 125%, contre 154,5% un an plus t\u00f4t.<\/p>\n\n\n\n<p>En valeur, les exportations alimentaires ont chut\u00e9 de 20,7%, tandis que les importations ont l\u00e9g\u00e8rement recul\u00e9 de 2%. Cette r\u00e9gression est principalement due \u00e0 la baisse des ventes d\u2019huile d\u2019olive (-31,1%), de dattes (-13,3%) et de produits de la p\u00eache (-17%).<\/p>\n\n\n\n<p>Le prix moyen de l\u2019huile d\u2019olive \u00e0 l\u2019exportation est pass\u00e9 de 27 dinars\/kg \u00e0 12,85 dinars\/kg, soit une baisse de 52,4%. Les prix des tomates ont aussi chut\u00e9 de 20,3%, alors que ceux des agrumes ont progress\u00e9 de 23,3%, des dattes de 1,9%, et des produits de la p\u00eache de 0,4%.<\/p>\n\n\n\n<p>C\u00f4t\u00e9 importations, les c\u00e9r\u00e9ales ont vu leur facture baisser de 13,5%, notamment gr\u00e2ce \u00e0 un recul de 18,2% pour le bl\u00e9 dur. En revanche, les prix des huiles v\u00e9g\u00e9tales (+19,5%) et des produits laitiers (+15,6%) ont augment\u00e9.<\/p>\n\n\n\n<p><strong>Inqui\u00e9tudes<\/strong><\/p>\n\n\n\n<p>Cet exc\u00e9dent reste salu\u00e9 comme un point positif dans un contexte \u00e9conomique tendu. Toutefois, la baisse drastique des exportations agroalimentaires suscite des inqui\u00e9tudes chez les professionnels du secteur, en particulier les ol\u00e9iculteurs.<\/p>\n\n\n\n<p>En 2024, la Tunisie avait r\u00e9alis\u00e9 un record d\u2019exc\u00e9dent alimentaire, port\u00e9 par des prix historiquement \u00e9lev\u00e9s de l\u2019huile d\u2019olive. La baisse actuelle est donc \u00e0 mettre en parall\u00e8le avec l\u2019effondrement des cours internationaux, combin\u00e9e \u00e0 des volumes en baisse.<\/p>\n\n\n\n<p><strong>R\u00e9duction du d\u00e9ficit commercial global<\/strong><\/p>\n\n\n\n<p>Malgr\u00e9 cet exc\u00e9dent alimentaire, la balance commerciale globale du pays affiche un d\u00e9ficit aggrav\u00e9 de 9,9 milliards de dinars \u00e0 fin juin 2025, contre 8,01 milliards \u00e0 la m\u00eame date en 2024, soit une hausse de 23,5%.<\/p>\n\n\n\n<p>L\u2019ONAGRI pr\u00e9cise n\u00e9anmoins que l\u2019exc\u00e9dent alimentaire a permis d\u2019att\u00e9nuer ce d\u00e9ficit global \u00e0 hauteur de 8,3%, confirmant l\u2019importance strat\u00e9gique du secteur agroalimentaire dans l\u2019\u00e9conomie tunisienne.<\/p>\n\n\n\n<ul class=\"wp-block-list\">\n<li>LIRE AUSSI : <a href=\"https:\/\/www.webdo.tn\/fr\/actualite\/national\/tunisie-la-balance-alimentaire-excedentaire-mais-en-net-recul\/221326\/\">Tunisie : La balance alimentaire exc\u00e9dentaire, mais en net recul<\/a><\/li>\n<\/ul>\n\n\n\n<div data-wp-interactive=\"core\/file\" class=\"wp-block-file\"><object data-wp-bind--hidden=\"!state.hasPdfPreview\" hidden class=\"wp-block-file__embed\" data=\"https:\/\/www.webdo.tn\/fr\/wp-content\/uploads\/2025\/07\/BCA-06-25-Fr.pdf\" type=\"application\/pdf\" style=\"width:100%;height:600px\" aria-label=\"Contenu embarqu\u00e9 La Balance commerciale alimentaires \u00e0 fin juin 2025.\"><\/object><a id=\"wp-block-file--media-1294c2dc-64de-4e99-86cb-79c6f8d7a4a4\" href=\"https:\/\/www.webdo.tn\/fr\/wp-content\/uploads\/2025\/07\/BCA-06-25-Fr.pdf\">La Balance commerciale alimentaires \u00e0 fin juin 2025<\/a><a href=\"https:\/\/www.webdo.tn\/fr\/wp-content\/uploads\/2025\/07\/BCA-06-25-Fr.pdf\" class=\"wp-block-file__button wp-element-button\" download aria-describedby=\"wp-block-file--media-1294c2dc-64de-4e99-86cb-79c6f8d7a4a4\">T\u00e9l\u00e9charger<\/a><\/div>\n","protected":false},"excerpt":{"rendered":"<p>L\u2019Observatoire National de l\u2019Agriculture (ONAGRI) a publi\u00e9 mardi 15 juillet 2025 les chiffres de la balance commerciale alimentaire pour le premier semestre de l\u2019ann\u00e9e. Celle-ci affiche un exc\u00e9dent de 824,1 millions de dinars, en forte baisse par rapport \u00e0 2024. La chute des exportations, notamment d\u2019huile d\u2019olive et de dattes, explique ce recul. Exportations en [&hellip;]<\/p>\n","protected":false},"author":3191,"featured_media":348887,"comment_status":"open","ping_status":"open","sticky":false,"template":"","format":"standard","meta":{"footnotes":""},"categories":[44],"tags":[5405,3020,2874,2608],"class_list":["post-379723","post","type-post","status-publish","format-standard","has-post-thumbnail","hentry","category-national","tag-excedent-alimentaire","tag-exportations","tag-huile-dolive","tag-tunisie"],"yoast_head":"<!-- This site is optimized with the Yoast SEO Premium plugin v27.5 (Yoast SEO v27.5) - https:\/\/yoast.com\/product\/yoast-seo-premium-wordpress\/ -->\n<title>Tunisie\u00a0- Exportations en baisse : L\u2019exc\u00e9dent alimentaire s\u2019effrite - webdo<\/title>\n<meta name=\"description\" content=\"D\u00e9couvrez l&#039;exc\u00e9dent alimentaire en Tunisie, qui a chut\u00e9 \u00e0 824,1 millions de dinars au premier semestre de 2025.\" \/>\n<link rel=\"canonical\" href=\"https:\/\/www.webdo.tn\/fr\/actualite\/national\/tunisie-exportations-en-baisse-lexcedent-alimentaire-seffrite\/379723\/\" \/>\n<meta property=\"og:locale\" content=\"fr_FR\" \/>\n<meta property=\"og:type\" content=\"article\" \/>\n<meta property=\"og:title\" content=\"Tunisie\u00a0- Exportations en baisse : L\u2019exc\u00e9dent alimentaire s\u2019effrite\" \/>\n<meta property=\"og:description\" content=\"D\u00e9couvrez l&#039;exc\u00e9dent alimentaire en Tunisie, qui a chut\u00e9 \u00e0 824,1 millions de dinars au premier semestre de 2025.\" \/>\n<meta property=\"og:url\" content=\"https:\/\/www.webdo.tn\/fr\/actualite\/national\/tunisie-exportations-en-baisse-lexcedent-alimentaire-seffrite\/379723\/\" \/>\n<meta property=\"og:site_name\" content=\"webdo\" \/>\n<meta property=\"article:publisher\" content=\"https:\/\/www.facebook.com\/webdotn\" \/>\n<meta property=\"article:published_time\" content=\"2025-07-15T10:46:26+00:00\" \/>\n<meta property=\"article:modified_time\" content=\"2025-07-16T07:34:12+00:00\" \/>\n<meta property=\"og:image\" content=\"https:\/\/www.webdo.tn\/fr\/wp-content\/uploads\/2022\/09\/P6-Commerce.jpg\" \/>\n\t<meta property=\"og:image:width\" content=\"626\" \/>\n\t<meta property=\"og:image:height\" content=\"380\" \/>\n\t<meta property=\"og:image:type\" content=\"image\/jpeg\" \/>\n<meta name=\"author\" content=\"Mohamed Hedi Touati\" \/>\n<meta name=\"twitter:card\" content=\"summary_large_image\" \/>\n<meta name=\"twitter:creator\" content=\"@webdo_tn\" \/>\n<meta name=\"twitter:site\" content=\"@webdo_tn\" \/>\n<meta name=\"twitter:label1\" content=\"\u00c9crit par\" \/>\n\t<meta name=\"twitter:data1\" content=\"Mohamed Hedi Touati\" \/>\n\t<meta name=\"twitter:label2\" content=\"Dur\u00e9e de lecture estim\u00e9e\" \/>\n\t<meta name=\"twitter:data2\" content=\"3 minutes\" \/>\n<script type=\"application\/ld+json\" class=\"yoast-schema-graph\">{\"@context\":\"https:\\\/\\\/schema.org\",\"@graph\":[{\"@type\":\"NewsArticle\",\"@id\":\"https:\\\/\\\/www.webdo.tn\\\/fr\\\/actualite\\\/national\\\/tunisie-exportations-en-baisse-lexcedent-alimentaire-seffrite\\\/379723\\\/#article\",\"isPartOf\":{\"@id\":\"https:\\\/\\\/www.webdo.tn\\\/fr\\\/actualite\\\/national\\\/tunisie-exportations-en-baisse-lexcedent-alimentaire-seffrite\\\/379723\\\/\"},\"author\":{\"name\":\"Mohamed Hedi Touati\",\"@id\":\"https:\\\/\\\/www.webdo.tn\\\/fr\\\/#\\\/schema\\\/person\\\/c652cd8fc2b1b44412b5ffb48c5a911d\"},\"headline\":\"Tunisie\u00a0&#8211; Exportations en baisse : L\u2019exc\u00e9dent alimentaire s\u2019effrite\",\"datePublished\":\"2025-07-15T10:46:26+00:00\",\"dateModified\":\"2025-07-16T07:34:12+00:00\",\"mainEntityOfPage\":{\"@id\":\"https:\\\/\\\/www.webdo.tn\\\/fr\\\/actualite\\\/national\\\/tunisie-exportations-en-baisse-lexcedent-alimentaire-seffrite\\\/379723\\\/\"},\"wordCount\":428,\"commentCount\":0,\"publisher\":{\"@id\":\"https:\\\/\\\/www.webdo.tn\\\/fr\\\/#organization\"},\"image\":{\"@id\":\"https:\\\/\\\/www.webdo.tn\\\/fr\\\/actualite\\\/national\\\/tunisie-exportations-en-baisse-lexcedent-alimentaire-seffrite\\\/379723\\\/#primaryimage\"},\"thumbnailUrl\":\"https:\\\/\\\/www.webdo.tn\\\/fr\\\/wp-content\\\/uploads\\\/2022\\\/09\\\/P6-Commerce.jpg\",\"keywords\":[\"exc\u00e9dent alimentaire\",\"exportations\",\"Huile d'olive\",\"Tunisie\"],\"articleSection\":[\"National\"],\"inLanguage\":\"fr-FR\"},{\"@type\":\"WebPage\",\"@id\":\"https:\\\/\\\/www.webdo.tn\\\/fr\\\/actualite\\\/national\\\/tunisie-exportations-en-baisse-lexcedent-alimentaire-seffrite\\\/379723\\\/\",\"url\":\"https:\\\/\\\/www.webdo.tn\\\/fr\\\/actualite\\\/national\\\/tunisie-exportations-en-baisse-lexcedent-alimentaire-seffrite\\\/379723\\\/\",\"name\":\"Tunisie\u00a0- Exportations en baisse : L\u2019exc\u00e9dent alimentaire s\u2019effrite - webdo\",\"isPartOf\":{\"@id\":\"https:\\\/\\\/www.webdo.tn\\\/fr\\\/#website\"},\"primaryImageOfPage\":{\"@id\":\"https:\\\/\\\/www.webdo.tn\\\/fr\\\/actualite\\\/national\\\/tunisie-exportations-en-baisse-lexcedent-alimentaire-seffrite\\\/379723\\\/#primaryimage\"},\"image\":{\"@id\":\"https:\\\/\\\/www.webdo.tn\\\/fr\\\/actualite\\\/national\\\/tunisie-exportations-en-baisse-lexcedent-alimentaire-seffrite\\\/379723\\\/#primaryimage\"},\"thumbnailUrl\":\"https:\\\/\\\/www.webdo.tn\\\/fr\\\/wp-content\\\/uploads\\\/2022\\\/09\\\/P6-Commerce.jpg\",\"datePublished\":\"2025-07-15T10:46:26+00:00\",\"dateModified\":\"2025-07-16T07:34:12+00:00\",\"description\":\"D\u00e9couvrez l'exc\u00e9dent alimentaire en Tunisie, qui a chut\u00e9 \u00e0 824,1 millions de dinars au premier semestre de 2025.\",\"breadcrumb\":{\"@id\":\"https:\\\/\\\/www.webdo.tn\\\/fr\\\/actualite\\\/national\\\/tunisie-exportations-en-baisse-lexcedent-alimentaire-seffrite\\\/379723\\\/#breadcrumb\"},\"inLanguage\":\"fr-FR\",\"potentialAction\":[{\"@type\":\"ReadAction\",\"target\":[\"https:\\\/\\\/www.webdo.tn\\\/fr\\\/actualite\\\/national\\\/tunisie-exportations-en-baisse-lexcedent-alimentaire-seffrite\\\/379723\\\/\"]}]},{\"@type\":\"ImageObject\",\"inLanguage\":\"fr-FR\",\"@id\":\"https:\\\/\\\/www.webdo.tn\\\/fr\\\/actualite\\\/national\\\/tunisie-exportations-en-baisse-lexcedent-alimentaire-seffrite\\\/379723\\\/#primaryimage\",\"url\":\"https:\\\/\\\/www.webdo.tn\\\/fr\\\/wp-content\\\/uploads\\\/2022\\\/09\\\/P6-Commerce.jpg\",\"contentUrl\":\"https:\\\/\\\/www.webdo.tn\\\/fr\\\/wp-content\\\/uploads\\\/2022\\\/09\\\/P6-Commerce.jpg\",\"width\":626,\"height\":380,\"caption\":\"Exportations en baisse : L\u2019exc\u00e9dent alimentaire s\u2019effrite\"},{\"@type\":\"BreadcrumbList\",\"@id\":\"https:\\\/\\\/www.webdo.tn\\\/fr\\\/actualite\\\/national\\\/tunisie-exportations-en-baisse-lexcedent-alimentaire-seffrite\\\/379723\\\/#breadcrumb\",\"itemListElement\":[{\"@type\":\"ListItem\",\"position\":1,\"name\":\"Accueil\",\"item\":\"https:\\\/\\\/www.webdo.tn\\\/fr\\\/\"},{\"@type\":\"ListItem\",\"position\":2,\"name\":\"Tunisie\u00a0&#8211; Exportations en baisse : L\u2019exc\u00e9dent alimentaire s\u2019effrite\"}]},{\"@type\":\"WebSite\",\"@id\":\"https:\\\/\\\/www.webdo.tn\\\/fr\\\/#website\",\"url\":\"https:\\\/\\\/www.webdo.tn\\\/fr\\\/\",\"name\":\"webdo\",\"description\":\"Tunisie - News en Tunisie et \u00e0 l&#039;international sur Webdo.tn\",\"publisher\":{\"@id\":\"https:\\\/\\\/www.webdo.tn\\\/fr\\\/#organization\"},\"potentialAction\":[{\"@type\":\"SearchAction\",\"target\":{\"@type\":\"EntryPoint\",\"urlTemplate\":\"https:\\\/\\\/www.webdo.tn\\\/fr\\\/?s={search_term_string}\"},\"query-input\":{\"@type\":\"PropertyValueSpecification\",\"valueRequired\":true,\"valueName\":\"search_term_string\"}}],\"inLanguage\":\"fr-FR\"},{\"@type\":\"Organization\",\"@id\":\"https:\\\/\\\/www.webdo.tn\\\/fr\\\/#organization\",\"name\":\"Webdo\",\"alternateName\":\"Webdo.tn\",\"url\":\"https:\\\/\\\/www.webdo.tn\\\/fr\\\/\",\"logo\":{\"@type\":\"ImageObject\",\"inLanguage\":\"fr-FR\",\"@id\":\"https:\\\/\\\/www.webdo.tn\\\/fr\\\/#\\\/schema\\\/logo\\\/image\\\/\",\"url\":\"https:\\\/\\\/www.webdo.tn\\\/fr\\\/wp-content\\\/uploads\\\/2025\\\/06\\\/Webdo-Tunisie_168377.jpg\",\"contentUrl\":\"https:\\\/\\\/www.webdo.tn\\\/fr\\\/wp-content\\\/uploads\\\/2025\\\/06\\\/Webdo-Tunisie_168377.jpg\",\"width\":301,\"height\":301,\"caption\":\"Webdo\"},\"image\":{\"@id\":\"https:\\\/\\\/www.webdo.tn\\\/fr\\\/#\\\/schema\\\/logo\\\/image\\\/\"},\"sameAs\":[\"https:\\\/\\\/www.facebook.com\\\/webdotn\",\"https:\\\/\\\/x.com\\\/webdo_tn\"],\"description\":\"Webdo est un m\u00e9dia num\u00e9rique tunisien fond\u00e9 en 2010, sp\u00e9cialis\u00e9 dans l\u2019actualit\u00e9 nationale et internationale, l\u2019\u00e9conomie, la soci\u00e9t\u00e9 et les analyses politiques. Le site s\u2019adresse \u00e0 un large public francophone et couvre l\u2019information tunisienne en temps r\u00e9el.\",\"email\":\"redac@webdo.tn\",\"legalName\":\"YNJ SARL\",\"foundingDate\":\"2010-09-06\",\"numberOfEmployees\":{\"@type\":\"QuantitativeValue\",\"minValue\":\"11\",\"maxValue\":\"50\"}},{\"@type\":\"Person\",\"@id\":\"https:\\\/\\\/www.webdo.tn\\\/fr\\\/#\\\/schema\\\/person\\\/c652cd8fc2b1b44412b5ffb48c5a911d\",\"name\":\"Mohamed Hedi Touati\",\"image\":{\"@type\":\"ImageObject\",\"inLanguage\":\"fr-FR\",\"@id\":\"https:\\\/\\\/secure.gravatar.com\\\/avatar\\\/9cfd402c745b7a685f13eed0ea6e59d2144a3c2fc50a3db6fd5ed451f6cddf1a?s=96&d=mm&r=g\",\"url\":\"https:\\\/\\\/secure.gravatar.com\\\/avatar\\\/9cfd402c745b7a685f13eed0ea6e59d2144a3c2fc50a3db6fd5ed451f6cddf1a?s=96&d=mm&r=g\",\"contentUrl\":\"https:\\\/\\\/secure.gravatar.com\\\/avatar\\\/9cfd402c745b7a685f13eed0ea6e59d2144a3c2fc50a3db6fd5ed451f6cddf1a?s=96&d=mm&r=g\",\"caption\":\"Mohamed Hedi Touati\"},\"url\":\"https:\\\/\\\/www.webdo.tn\\\/fr\\\/actualite\\\/author\\\/mohamed-hedi-touati\\\/\"}]}<\/script>\n<!-- \/ Yoast SEO Premium plugin. -->","yoast_head_json":{"title":"Tunisie\u00a0- Exportations en baisse : L\u2019exc\u00e9dent alimentaire s\u2019effrite - webdo","description":"D\u00e9couvrez l'exc\u00e9dent alimentaire en Tunisie, qui a chut\u00e9 \u00e0 824,1 millions de dinars au premier semestre de 2025.","canonical":"https:\/\/www.webdo.tn\/fr\/actualite\/national\/tunisie-exportations-en-baisse-lexcedent-alimentaire-seffrite\/379723\/","og_locale":"fr_FR","og_type":"article","og_title":"Tunisie\u00a0- Exportations en baisse : L\u2019exc\u00e9dent alimentaire s\u2019effrite","og_description":"D\u00e9couvrez l'exc\u00e9dent alimentaire en Tunisie, qui a chut\u00e9 \u00e0 824,1 millions de dinars au premier semestre de 2025.","og_url":"https:\/\/www.webdo.tn\/fr\/actualite\/national\/tunisie-exportations-en-baisse-lexcedent-alimentaire-seffrite\/379723\/","og_site_name":"webdo","article_publisher":"https:\/\/www.facebook.com\/webdotn","article_published_time":"2025-07-15T10:46:26+00:00","article_modified_time":"2025-07-16T07:34:12+00:00","og_image":[{"width":626,"height":380,"url":"https:\/\/www.webdo.tn\/fr\/wp-content\/uploads\/2022\/09\/P6-Commerce.jpg","type":"image\/jpeg"}],"author":"Mohamed Hedi Touati","twitter_card":"summary_large_image","twitter_creator":"@webdo_tn","twitter_site":"@webdo_tn","twitter_misc":{"\u00c9crit par":"Mohamed Hedi Touati","Dur\u00e9e de lecture estim\u00e9e":"3 minutes"},"schema":{"@context":"https:\/\/schema.org","@graph":[{"@type":"NewsArticle","@id":"https:\/\/www.webdo.tn\/fr\/actualite\/national\/tunisie-exportations-en-baisse-lexcedent-alimentaire-seffrite\/379723\/#article","isPartOf":{"@id":"https:\/\/www.webdo.tn\/fr\/actualite\/national\/tunisie-exportations-en-baisse-lexcedent-alimentaire-seffrite\/379723\/"},"author":{"name":"Mohamed Hedi Touati","@id":"https:\/\/www.webdo.tn\/fr\/#\/schema\/person\/c652cd8fc2b1b44412b5ffb48c5a911d"},"headline":"Tunisie\u00a0&#8211; Exportations en baisse : L\u2019exc\u00e9dent alimentaire s\u2019effrite","datePublished":"2025-07-15T10:46:26+00:00","dateModified":"2025-07-16T07:34:12+00:00","mainEntityOfPage":{"@id":"https:\/\/www.webdo.tn\/fr\/actualite\/national\/tunisie-exportations-en-baisse-lexcedent-alimentaire-seffrite\/379723\/"},"wordCount":428,"commentCount":0,"publisher":{"@id":"https:\/\/www.webdo.tn\/fr\/#organization"},"image":{"@id":"https:\/\/www.webdo.tn\/fr\/actualite\/national\/tunisie-exportations-en-baisse-lexcedent-alimentaire-seffrite\/379723\/#primaryimage"},"thumbnailUrl":"https:\/\/www.webdo.tn\/fr\/wp-content\/uploads\/2022\/09\/P6-Commerce.jpg","keywords":["exc\u00e9dent alimentaire","exportations","Huile d'olive","Tunisie"],"articleSection":["National"],"inLanguage":"fr-FR"},{"@type":"WebPage","@id":"https:\/\/www.webdo.tn\/fr\/actualite\/national\/tunisie-exportations-en-baisse-lexcedent-alimentaire-seffrite\/379723\/","url":"https:\/\/www.webdo.tn\/fr\/actualite\/national\/tunisie-exportations-en-baisse-lexcedent-alimentaire-seffrite\/379723\/","name":"Tunisie\u00a0- Exportations en baisse : L\u2019exc\u00e9dent alimentaire s\u2019effrite - webdo","isPartOf":{"@id":"https:\/\/www.webdo.tn\/fr\/#website"},"primaryImageOfPage":{"@id":"https:\/\/www.webdo.tn\/fr\/actualite\/national\/tunisie-exportations-en-baisse-lexcedent-alimentaire-seffrite\/379723\/#primaryimage"},"image":{"@id":"https:\/\/www.webdo.tn\/fr\/actualite\/national\/tunisie-exportations-en-baisse-lexcedent-alimentaire-seffrite\/379723\/#primaryimage"},"thumbnailUrl":"https:\/\/www.webdo.tn\/fr\/wp-content\/uploads\/2022\/09\/P6-Commerce.jpg","datePublished":"2025-07-15T10:46:26+00:00","dateModified":"2025-07-16T07:34:12+00:00","description":"D\u00e9couvrez l'exc\u00e9dent alimentaire en Tunisie, qui a chut\u00e9 \u00e0 824,1 millions de dinars au premier semestre de 2025.","breadcrumb":{"@id":"https:\/\/www.webdo.tn\/fr\/actualite\/national\/tunisie-exportations-en-baisse-lexcedent-alimentaire-seffrite\/379723\/#breadcrumb"},"inLanguage":"fr-FR","potentialAction":[{"@type":"ReadAction","target":["https:\/\/www.webdo.tn\/fr\/actualite\/national\/tunisie-exportations-en-baisse-lexcedent-alimentaire-seffrite\/379723\/"]}]},{"@type":"ImageObject","inLanguage":"fr-FR","@id":"https:\/\/www.webdo.tn\/fr\/actualite\/national\/tunisie-exportations-en-baisse-lexcedent-alimentaire-seffrite\/379723\/#primaryimage","url":"https:\/\/www.webdo.tn\/fr\/wp-content\/uploads\/2022\/09\/P6-Commerce.jpg","contentUrl":"https:\/\/www.webdo.tn\/fr\/wp-content\/uploads\/2022\/09\/P6-Commerce.jpg","width":626,"height":380,"caption":"Exportations en baisse : L\u2019exc\u00e9dent alimentaire s\u2019effrite"},{"@type":"BreadcrumbList","@id":"https:\/\/www.webdo.tn\/fr\/actualite\/national\/tunisie-exportations-en-baisse-lexcedent-alimentaire-seffrite\/379723\/#breadcrumb","itemListElement":[{"@type":"ListItem","position":1,"name":"Accueil","item":"https:\/\/www.webdo.tn\/fr\/"},{"@type":"ListItem","position":2,"name":"Tunisie\u00a0&#8211; Exportations en baisse : L\u2019exc\u00e9dent alimentaire s\u2019effrite"}]},{"@type":"WebSite","@id":"https:\/\/www.webdo.tn\/fr\/#website","url":"https:\/\/www.webdo.tn\/fr\/","name":"webdo","description":"Tunisie - News en Tunisie et \u00e0 l&#039;international sur Webdo.tn","publisher":{"@id":"https:\/\/www.webdo.tn\/fr\/#organization"},"potentialAction":[{"@type":"SearchAction","target":{"@type":"EntryPoint","urlTemplate":"https:\/\/www.webdo.tn\/fr\/?s={search_term_string}"},"query-input":{"@type":"PropertyValueSpecification","valueRequired":true,"valueName":"search_term_string"}}],"inLanguage":"fr-FR"},{"@type":"Organization","@id":"https:\/\/www.webdo.tn\/fr\/#organization","name":"Webdo","alternateName":"Webdo.tn","url":"https:\/\/www.webdo.tn\/fr\/","logo":{"@type":"ImageObject","inLanguage":"fr-FR","@id":"https:\/\/www.webdo.tn\/fr\/#\/schema\/logo\/image\/","url":"https:\/\/www.webdo.tn\/fr\/wp-content\/uploads\/2025\/06\/Webdo-Tunisie_168377.jpg","contentUrl":"https:\/\/www.webdo.tn\/fr\/wp-content\/uploads\/2025\/06\/Webdo-Tunisie_168377.jpg","width":301,"height":301,"caption":"Webdo"},"image":{"@id":"https:\/\/www.webdo.tn\/fr\/#\/schema\/logo\/image\/"},"sameAs":["https:\/\/www.facebook.com\/webdotn","https:\/\/x.com\/webdo_tn"],"description":"Webdo est un m\u00e9dia num\u00e9rique tunisien fond\u00e9 en 2010, sp\u00e9cialis\u00e9 dans l\u2019actualit\u00e9 nationale et internationale, l\u2019\u00e9conomie, la soci\u00e9t\u00e9 et les analyses politiques. Le site s\u2019adresse \u00e0 un large public francophone et couvre l\u2019information tunisienne en temps r\u00e9el.","email":"redac@webdo.tn","legalName":"YNJ SARL","foundingDate":"2010-09-06","numberOfEmployees":{"@type":"QuantitativeValue","minValue":"11","maxValue":"50"}},{"@type":"Person","@id":"https:\/\/www.webdo.tn\/fr\/#\/schema\/person\/c652cd8fc2b1b44412b5ffb48c5a911d","name":"Mohamed Hedi Touati","image":{"@type":"ImageObject","inLanguage":"fr-FR","@id":"https:\/\/secure.gravatar.com\/avatar\/9cfd402c745b7a685f13eed0ea6e59d2144a3c2fc50a3db6fd5ed451f6cddf1a?s=96&d=mm&r=g","url":"https:\/\/secure.gravatar.com\/avatar\/9cfd402c745b7a685f13eed0ea6e59d2144a3c2fc50a3db6fd5ed451f6cddf1a?s=96&d=mm&r=g","contentUrl":"https:\/\/secure.gravatar.com\/avatar\/9cfd402c745b7a685f13eed0ea6e59d2144a3c2fc50a3db6fd5ed451f6cddf1a?s=96&d=mm&r=g","caption":"Mohamed Hedi Touati"},"url":"https:\/\/www.webdo.tn\/fr\/actualite\/author\/mohamed-hedi-touati\/"}]}},"_links":{"self":[{"href":"https:\/\/www.webdo.tn\/fr\/wp-json\/wp\/v2\/posts\/379723","targetHints":{"allow":["GET"]}}],"collection":[{"href":"https:\/\/www.webdo.tn\/fr\/wp-json\/wp\/v2\/posts"}],"about":[{"href":"https:\/\/www.webdo.tn\/fr\/wp-json\/wp\/v2\/types\/post"}],"author":[{"embeddable":true,"href":"https:\/\/www.webdo.tn\/fr\/wp-json\/wp\/v2\/users\/3191"}],"replies":[{"embeddable":true,"href":"https:\/\/www.webdo.tn\/fr\/wp-json\/wp\/v2\/comments?post=379723"}],"version-history":[{"count":0,"href":"https:\/\/www.webdo.tn\/fr\/wp-json\/wp\/v2\/posts\/379723\/revisions"}],"wp:featuredmedia":[{"embeddable":true,"href":"https:\/\/www.webdo.tn\/fr\/wp-json\/wp\/v2\/media\/348887"}],"wp:attachment":[{"href":"https:\/\/www.webdo.tn\/fr\/wp-json\/wp\/v2\/media?parent=379723"}],"wp:term":[{"taxonomy":"category","embeddable":true,"href":"https:\/\/www.webdo.tn\/fr\/wp-json\/wp\/v2\/categories?post=379723"},{"taxonomy":"post_tag","embeddable":true,"href":"https:\/\/www.webdo.tn\/fr\/wp-json\/wp\/v2\/tags?post=379723"}],"curies":[{"name":"wp","href":"https:\/\/api.w.org\/{rel}","templated":true}]}}