{"id":379716,"date":"2025-07-15T10:20:38","date_gmt":"2025-07-15T09:20:38","guid":{"rendered":"https:\/\/www.webdo.tn\/fr\/?p=379716"},"modified":"2025-07-15T10:20:39","modified_gmt":"2025-07-15T09:20:39","slug":"tunisie-la-greve-evitee-a-la-steg-apres-accord","status":"publish","type":"post","link":"https:\/\/www.webdo.tn\/fr\/actualite\/national\/tunisie-la-greve-evitee-a-la-steg-apres-accord\/379716\/","title":{"rendered":"Tunisie\u00a0: La gr\u00e8ve \u00e9vit\u00e9e \u00e0 la STEG apr\u00e8s accord"},"content":{"rendered":"\n<p>La gr\u00e8ve pr\u00e9vue ce mercredi 16 juillet 2025 au sein de la Soci\u00e9t\u00e9 tunisienne de l\u2019\u00e9lectricit\u00e9 et du gaz (STEG) a \u00e9t\u00e9 annul\u00e9e \u00e0 la suite d\u2019un accord trouv\u00e9 entre la direction de l\u2019entreprise et les repr\u00e9sentants syndicaux, apr\u00e8s douze heures de n\u00e9gociations intenses. C\u2019est ce qu\u2019a annonc\u00e9, mardi, le m\u00e9dia Echaab News, affili\u00e9 \u00e0 l\u2019Union g\u00e9n\u00e9rale tunisienne du travail (UGTT).<\/p>\n\n\n\n<p>Les discussions, entam\u00e9es lundi et poursuivies jusqu\u2019\u00e0 l\u2019aube du mardi 15 juillet, ont r\u00e9uni plusieurs parties prenantes, dont le ministre des Affaires sociales, le secr\u00e9taire d\u2019\u00c9tat \u00e0 la Transition \u00e9nerg\u00e9tique, des repr\u00e9sentants de la pr\u00e9sidence du gouvernement, ainsi que la direction de la STEG. Du c\u00f4t\u00e9 syndical, la F\u00e9d\u00e9ration g\u00e9n\u00e9rale de l\u2019\u00e9lectricit\u00e9 et du gaz, conduite par Slaheddine Selmi, secr\u00e9taire g\u00e9n\u00e9ral adjoint de l\u2019UGTT, a men\u00e9 les n\u00e9gociations.<\/p>\n\n\n\n<p>L\u2019accord porte sur un ensemble de revendications professionnelles formul\u00e9es par les agents de la soci\u00e9t\u00e9 publique. Les d\u00e9tails de l&rsquo;entente n\u2019ont pas encore \u00e9t\u00e9 rendus publics, mais la conclusion du dialogue a permis d\u2019\u00e9viter une gr\u00e8ve qui risquait de perturber un service essentiel en pleine saison estivale.<\/p>\n","protected":false},"excerpt":{"rendered":"<p>La gr\u00e8ve pr\u00e9vue ce mercredi 16 juillet 2025 au sein de la Soci\u00e9t\u00e9 tunisienne de l\u2019\u00e9lectricit\u00e9 et du gaz (STEG) a \u00e9t\u00e9 annul\u00e9e \u00e0 la suite d\u2019un accord trouv\u00e9 entre la direction de l\u2019entreprise et les repr\u00e9sentants syndicaux, apr\u00e8s douze heures de n\u00e9gociations intenses. C\u2019est ce qu\u2019a annonc\u00e9, mardi, le m\u00e9dia Echaab News, affili\u00e9 \u00e0 [&hellip;]<\/p>\n","protected":false},"author":3191,"featured_media":378839,"comment_status":"open","ping_status":"open","sticky":false,"template":"","format":"standard","meta":{"footnotes":""},"categories":[44],"tags":[2647,2742,2608,2649],"class_list":["post-379716","post","type-post","status-publish","format-standard","has-post-thumbnail","hentry","category-national","tag-greve","tag-steg","tag-tunisie","tag-ugtt"],"yoast_head":"<!-- This site is optimized with the Yoast SEO Premium plugin v27.5 (Yoast SEO v27.5) - https:\/\/yoast.com\/product\/yoast-seo-premium-wordpress\/ -->\n<title>Tunisie\u00a0: La gr\u00e8ve \u00e9vit\u00e9e \u00e0 la STEG apr\u00e8s accord - webdo<\/title>\n<meta name=\"description\" content=\"Les n\u00e9gociations intenses ont abouti : la gr\u00e8ve de la STEG est annul\u00e9e. Apprenez-en plus sur cet \u00e9v\u00e9nement marquant.\" \/>\n<link rel=\"canonical\" href=\"https:\/\/www.webdo.tn\/fr\/actualite\/national\/tunisie-la-greve-evitee-a-la-steg-apres-accord\/379716\/\" \/>\n<meta property=\"og:locale\" content=\"fr_FR\" \/>\n<meta property=\"og:type\" content=\"article\" \/>\n<meta property=\"og:title\" content=\"Tunisie\u00a0: La gr\u00e8ve \u00e9vit\u00e9e \u00e0 la STEG apr\u00e8s accord\" \/>\n<meta property=\"og:description\" content=\"Les n\u00e9gociations intenses ont abouti : la gr\u00e8ve de la STEG est annul\u00e9e. Apprenez-en plus sur cet \u00e9v\u00e9nement marquant.\" \/>\n<meta property=\"og:url\" content=\"https:\/\/www.webdo.tn\/fr\/actualite\/national\/tunisie-la-greve-evitee-a-la-steg-apres-accord\/379716\/\" \/>\n<meta property=\"og:site_name\" content=\"webdo\" \/>\n<meta property=\"article:publisher\" content=\"https:\/\/www.facebook.com\/webdotn\" \/>\n<meta property=\"article:published_time\" content=\"2025-07-15T09:20:38+00:00\" \/>\n<meta property=\"article:modified_time\" content=\"2025-07-15T09:20:39+00:00\" \/>\n<meta property=\"og:image\" content=\"https:\/\/www.webdo.tn\/fr\/wp-content\/uploads\/2025\/07\/STEG-1.jpg\" \/>\n\t<meta property=\"og:image:width\" content=\"1920\" \/>\n\t<meta property=\"og:image:height\" content=\"1080\" \/>\n\t<meta property=\"og:image:type\" content=\"image\/jpeg\" \/>\n<meta name=\"author\" content=\"Mohamed Hedi Touati\" \/>\n<meta name=\"twitter:card\" content=\"summary_large_image\" \/>\n<meta name=\"twitter:creator\" content=\"@webdo_tn\" \/>\n<meta name=\"twitter:site\" content=\"@webdo_tn\" \/>\n<meta name=\"twitter:label1\" content=\"\u00c9crit par\" \/>\n\t<meta name=\"twitter:data1\" content=\"Mohamed Hedi Touati\" \/>\n\t<meta name=\"twitter:label2\" content=\"Dur\u00e9e de lecture estim\u00e9e\" \/>\n\t<meta name=\"twitter:data2\" content=\"2 minutes\" \/>\n<script type=\"application\/ld+json\" class=\"yoast-schema-graph\">{\"@context\":\"https:\\\/\\\/schema.org\",\"@graph\":[{\"@type\":\"NewsArticle\",\"@id\":\"https:\\\/\\\/www.webdo.tn\\\/fr\\\/actualite\\\/national\\\/tunisie-la-greve-evitee-a-la-steg-apres-accord\\\/379716\\\/#article\",\"isPartOf\":{\"@id\":\"https:\\\/\\\/www.webdo.tn\\\/fr\\\/actualite\\\/national\\\/tunisie-la-greve-evitee-a-la-steg-apres-accord\\\/379716\\\/\"},\"author\":{\"name\":\"Mohamed Hedi Touati\",\"@id\":\"https:\\\/\\\/www.webdo.tn\\\/fr\\\/#\\\/schema\\\/person\\\/c652cd8fc2b1b44412b5ffb48c5a911d\"},\"headline\":\"Tunisie\u00a0: La gr\u00e8ve \u00e9vit\u00e9e \u00e0 la STEG apr\u00e8s accord\",\"datePublished\":\"2025-07-15T09:20:38+00:00\",\"dateModified\":\"2025-07-15T09:20:39+00:00\",\"mainEntityOfPage\":{\"@id\":\"https:\\\/\\\/www.webdo.tn\\\/fr\\\/actualite\\\/national\\\/tunisie-la-greve-evitee-a-la-steg-apres-accord\\\/379716\\\/\"},\"wordCount\":224,\"commentCount\":0,\"publisher\":{\"@id\":\"https:\\\/\\\/www.webdo.tn\\\/fr\\\/#organization\"},\"image\":{\"@id\":\"https:\\\/\\\/www.webdo.tn\\\/fr\\\/actualite\\\/national\\\/tunisie-la-greve-evitee-a-la-steg-apres-accord\\\/379716\\\/#primaryimage\"},\"thumbnailUrl\":\"https:\\\/\\\/www.webdo.tn\\\/fr\\\/wp-content\\\/uploads\\\/2025\\\/07\\\/STEG-1.jpg\",\"keywords\":[\"Gr\u00e8ve\",\"steg\",\"Tunisie\",\"UGTT\"],\"articleSection\":[\"National\"],\"inLanguage\":\"fr-FR\"},{\"@type\":\"WebPage\",\"@id\":\"https:\\\/\\\/www.webdo.tn\\\/fr\\\/actualite\\\/national\\\/tunisie-la-greve-evitee-a-la-steg-apres-accord\\\/379716\\\/\",\"url\":\"https:\\\/\\\/www.webdo.tn\\\/fr\\\/actualite\\\/national\\\/tunisie-la-greve-evitee-a-la-steg-apres-accord\\\/379716\\\/\",\"name\":\"Tunisie\u00a0: La gr\u00e8ve \u00e9vit\u00e9e \u00e0 la STEG apr\u00e8s accord - webdo\",\"isPartOf\":{\"@id\":\"https:\\\/\\\/www.webdo.tn\\\/fr\\\/#website\"},\"primaryImageOfPage\":{\"@id\":\"https:\\\/\\\/www.webdo.tn\\\/fr\\\/actualite\\\/national\\\/tunisie-la-greve-evitee-a-la-steg-apres-accord\\\/379716\\\/#primaryimage\"},\"image\":{\"@id\":\"https:\\\/\\\/www.webdo.tn\\\/fr\\\/actualite\\\/national\\\/tunisie-la-greve-evitee-a-la-steg-apres-accord\\\/379716\\\/#primaryimage\"},\"thumbnailUrl\":\"https:\\\/\\\/www.webdo.tn\\\/fr\\\/wp-content\\\/uploads\\\/2025\\\/07\\\/STEG-1.jpg\",\"datePublished\":\"2025-07-15T09:20:38+00:00\",\"dateModified\":\"2025-07-15T09:20:39+00:00\",\"description\":\"Les n\u00e9gociations intenses ont abouti : la gr\u00e8ve de la STEG est annul\u00e9e. Apprenez-en plus sur cet \u00e9v\u00e9nement marquant.\",\"breadcrumb\":{\"@id\":\"https:\\\/\\\/www.webdo.tn\\\/fr\\\/actualite\\\/national\\\/tunisie-la-greve-evitee-a-la-steg-apres-accord\\\/379716\\\/#breadcrumb\"},\"inLanguage\":\"fr-FR\",\"potentialAction\":[{\"@type\":\"ReadAction\",\"target\":[\"https:\\\/\\\/www.webdo.tn\\\/fr\\\/actualite\\\/national\\\/tunisie-la-greve-evitee-a-la-steg-apres-accord\\\/379716\\\/\"]}]},{\"@type\":\"ImageObject\",\"inLanguage\":\"fr-FR\",\"@id\":\"https:\\\/\\\/www.webdo.tn\\\/fr\\\/actualite\\\/national\\\/tunisie-la-greve-evitee-a-la-steg-apres-accord\\\/379716\\\/#primaryimage\",\"url\":\"https:\\\/\\\/www.webdo.tn\\\/fr\\\/wp-content\\\/uploads\\\/2025\\\/07\\\/STEG-1.jpg\",\"contentUrl\":\"https:\\\/\\\/www.webdo.tn\\\/fr\\\/wp-content\\\/uploads\\\/2025\\\/07\\\/STEG-1.jpg\",\"width\":1920,\"height\":1080,\"caption\":\"Plusieurs zones de Mahdia priv\u00e9es d\u2019\u00e9lectricit\u00e9 ce dimanche\"},{\"@type\":\"BreadcrumbList\",\"@id\":\"https:\\\/\\\/www.webdo.tn\\\/fr\\\/actualite\\\/national\\\/tunisie-la-greve-evitee-a-la-steg-apres-accord\\\/379716\\\/#breadcrumb\",\"itemListElement\":[{\"@type\":\"ListItem\",\"position\":1,\"name\":\"Accueil\",\"item\":\"https:\\\/\\\/www.webdo.tn\\\/fr\\\/\"},{\"@type\":\"ListItem\",\"position\":2,\"name\":\"Tunisie\u00a0: La gr\u00e8ve \u00e9vit\u00e9e \u00e0 la STEG apr\u00e8s accord\"}]},{\"@type\":\"WebSite\",\"@id\":\"https:\\\/\\\/www.webdo.tn\\\/fr\\\/#website\",\"url\":\"https:\\\/\\\/www.webdo.tn\\\/fr\\\/\",\"name\":\"webdo\",\"description\":\"Tunisie - News en Tunisie et \u00e0 l&#039;international sur Webdo.tn\",\"publisher\":{\"@id\":\"https:\\\/\\\/www.webdo.tn\\\/fr\\\/#organization\"},\"potentialAction\":[{\"@type\":\"SearchAction\",\"target\":{\"@type\":\"EntryPoint\",\"urlTemplate\":\"https:\\\/\\\/www.webdo.tn\\\/fr\\\/?s={search_term_string}\"},\"query-input\":{\"@type\":\"PropertyValueSpecification\",\"valueRequired\":true,\"valueName\":\"search_term_string\"}}],\"inLanguage\":\"fr-FR\"},{\"@type\":\"Organization\",\"@id\":\"https:\\\/\\\/www.webdo.tn\\\/fr\\\/#organization\",\"name\":\"Webdo\",\"alternateName\":\"Webdo.tn\",\"url\":\"https:\\\/\\\/www.webdo.tn\\\/fr\\\/\",\"logo\":{\"@type\":\"ImageObject\",\"inLanguage\":\"fr-FR\",\"@id\":\"https:\\\/\\\/www.webdo.tn\\\/fr\\\/#\\\/schema\\\/logo\\\/image\\\/\",\"url\":\"https:\\\/\\\/www.webdo.tn\\\/fr\\\/wp-content\\\/uploads\\\/2025\\\/06\\\/Webdo-Tunisie_168377.jpg\",\"contentUrl\":\"https:\\\/\\\/www.webdo.tn\\\/fr\\\/wp-content\\\/uploads\\\/2025\\\/06\\\/Webdo-Tunisie_168377.jpg\",\"width\":301,\"height\":301,\"caption\":\"Webdo\"},\"image\":{\"@id\":\"https:\\\/\\\/www.webdo.tn\\\/fr\\\/#\\\/schema\\\/logo\\\/image\\\/\"},\"sameAs\":[\"https:\\\/\\\/www.facebook.com\\\/webdotn\",\"https:\\\/\\\/x.com\\\/webdo_tn\"],\"description\":\"Webdo est un m\u00e9dia num\u00e9rique tunisien fond\u00e9 en 2010, sp\u00e9cialis\u00e9 dans l\u2019actualit\u00e9 nationale et internationale, l\u2019\u00e9conomie, la soci\u00e9t\u00e9 et les analyses politiques. Le site s\u2019adresse \u00e0 un large public francophone et couvre l\u2019information tunisienne en temps r\u00e9el.\",\"email\":\"redac@webdo.tn\",\"legalName\":\"YNJ SARL\",\"foundingDate\":\"2010-09-06\",\"numberOfEmployees\":{\"@type\":\"QuantitativeValue\",\"minValue\":\"11\",\"maxValue\":\"50\"}},{\"@type\":\"Person\",\"@id\":\"https:\\\/\\\/www.webdo.tn\\\/fr\\\/#\\\/schema\\\/person\\\/c652cd8fc2b1b44412b5ffb48c5a911d\",\"name\":\"Mohamed Hedi Touati\",\"image\":{\"@type\":\"ImageObject\",\"inLanguage\":\"fr-FR\",\"@id\":\"https:\\\/\\\/secure.gravatar.com\\\/avatar\\\/9cfd402c745b7a685f13eed0ea6e59d2144a3c2fc50a3db6fd5ed451f6cddf1a?s=96&d=mm&r=g\",\"url\":\"https:\\\/\\\/secure.gravatar.com\\\/avatar\\\/9cfd402c745b7a685f13eed0ea6e59d2144a3c2fc50a3db6fd5ed451f6cddf1a?s=96&d=mm&r=g\",\"contentUrl\":\"https:\\\/\\\/secure.gravatar.com\\\/avatar\\\/9cfd402c745b7a685f13eed0ea6e59d2144a3c2fc50a3db6fd5ed451f6cddf1a?s=96&d=mm&r=g\",\"caption\":\"Mohamed Hedi Touati\"},\"url\":\"https:\\\/\\\/www.webdo.tn\\\/fr\\\/actualite\\\/author\\\/mohamed-hedi-touati\\\/\"}]}<\/script>\n<!-- \/ Yoast SEO Premium plugin. -->","yoast_head_json":{"title":"Tunisie\u00a0: La gr\u00e8ve \u00e9vit\u00e9e \u00e0 la STEG apr\u00e8s accord - webdo","description":"Les n\u00e9gociations intenses ont abouti : la gr\u00e8ve de la STEG est annul\u00e9e. Apprenez-en plus sur cet \u00e9v\u00e9nement marquant.","canonical":"https:\/\/www.webdo.tn\/fr\/actualite\/national\/tunisie-la-greve-evitee-a-la-steg-apres-accord\/379716\/","og_locale":"fr_FR","og_type":"article","og_title":"Tunisie\u00a0: La gr\u00e8ve \u00e9vit\u00e9e \u00e0 la STEG apr\u00e8s accord","og_description":"Les n\u00e9gociations intenses ont abouti : la gr\u00e8ve de la STEG est annul\u00e9e. Apprenez-en plus sur cet \u00e9v\u00e9nement marquant.","og_url":"https:\/\/www.webdo.tn\/fr\/actualite\/national\/tunisie-la-greve-evitee-a-la-steg-apres-accord\/379716\/","og_site_name":"webdo","article_publisher":"https:\/\/www.facebook.com\/webdotn","article_published_time":"2025-07-15T09:20:38+00:00","article_modified_time":"2025-07-15T09:20:39+00:00","og_image":[{"width":1920,"height":1080,"url":"https:\/\/www.webdo.tn\/fr\/wp-content\/uploads\/2025\/07\/STEG-1.jpg","type":"image\/jpeg"}],"author":"Mohamed Hedi Touati","twitter_card":"summary_large_image","twitter_creator":"@webdo_tn","twitter_site":"@webdo_tn","twitter_misc":{"\u00c9crit par":"Mohamed Hedi Touati","Dur\u00e9e de lecture estim\u00e9e":"2 minutes"},"schema":{"@context":"https:\/\/schema.org","@graph":[{"@type":"NewsArticle","@id":"https:\/\/www.webdo.tn\/fr\/actualite\/national\/tunisie-la-greve-evitee-a-la-steg-apres-accord\/379716\/#article","isPartOf":{"@id":"https:\/\/www.webdo.tn\/fr\/actualite\/national\/tunisie-la-greve-evitee-a-la-steg-apres-accord\/379716\/"},"author":{"name":"Mohamed Hedi Touati","@id":"https:\/\/www.webdo.tn\/fr\/#\/schema\/person\/c652cd8fc2b1b44412b5ffb48c5a911d"},"headline":"Tunisie\u00a0: La gr\u00e8ve \u00e9vit\u00e9e \u00e0 la STEG apr\u00e8s accord","datePublished":"2025-07-15T09:20:38+00:00","dateModified":"2025-07-15T09:20:39+00:00","mainEntityOfPage":{"@id":"https:\/\/www.webdo.tn\/fr\/actualite\/national\/tunisie-la-greve-evitee-a-la-steg-apres-accord\/379716\/"},"wordCount":224,"commentCount":0,"publisher":{"@id":"https:\/\/www.webdo.tn\/fr\/#organization"},"image":{"@id":"https:\/\/www.webdo.tn\/fr\/actualite\/national\/tunisie-la-greve-evitee-a-la-steg-apres-accord\/379716\/#primaryimage"},"thumbnailUrl":"https:\/\/www.webdo.tn\/fr\/wp-content\/uploads\/2025\/07\/STEG-1.jpg","keywords":["Gr\u00e8ve","steg","Tunisie","UGTT"],"articleSection":["National"],"inLanguage":"fr-FR"},{"@type":"WebPage","@id":"https:\/\/www.webdo.tn\/fr\/actualite\/national\/tunisie-la-greve-evitee-a-la-steg-apres-accord\/379716\/","url":"https:\/\/www.webdo.tn\/fr\/actualite\/national\/tunisie-la-greve-evitee-a-la-steg-apres-accord\/379716\/","name":"Tunisie\u00a0: La gr\u00e8ve \u00e9vit\u00e9e \u00e0 la STEG apr\u00e8s accord - webdo","isPartOf":{"@id":"https:\/\/www.webdo.tn\/fr\/#website"},"primaryImageOfPage":{"@id":"https:\/\/www.webdo.tn\/fr\/actualite\/national\/tunisie-la-greve-evitee-a-la-steg-apres-accord\/379716\/#primaryimage"},"image":{"@id":"https:\/\/www.webdo.tn\/fr\/actualite\/national\/tunisie-la-greve-evitee-a-la-steg-apres-accord\/379716\/#primaryimage"},"thumbnailUrl":"https:\/\/www.webdo.tn\/fr\/wp-content\/uploads\/2025\/07\/STEG-1.jpg","datePublished":"2025-07-15T09:20:38+00:00","dateModified":"2025-07-15T09:20:39+00:00","description":"Les n\u00e9gociations intenses ont abouti : la gr\u00e8ve de la STEG est annul\u00e9e. Apprenez-en plus sur cet \u00e9v\u00e9nement marquant.","breadcrumb":{"@id":"https:\/\/www.webdo.tn\/fr\/actualite\/national\/tunisie-la-greve-evitee-a-la-steg-apres-accord\/379716\/#breadcrumb"},"inLanguage":"fr-FR","potentialAction":[{"@type":"ReadAction","target":["https:\/\/www.webdo.tn\/fr\/actualite\/national\/tunisie-la-greve-evitee-a-la-steg-apres-accord\/379716\/"]}]},{"@type":"ImageObject","inLanguage":"fr-FR","@id":"https:\/\/www.webdo.tn\/fr\/actualite\/national\/tunisie-la-greve-evitee-a-la-steg-apres-accord\/379716\/#primaryimage","url":"https:\/\/www.webdo.tn\/fr\/wp-content\/uploads\/2025\/07\/STEG-1.jpg","contentUrl":"https:\/\/www.webdo.tn\/fr\/wp-content\/uploads\/2025\/07\/STEG-1.jpg","width":1920,"height":1080,"caption":"Plusieurs zones de Mahdia priv\u00e9es d\u2019\u00e9lectricit\u00e9 ce dimanche"},{"@type":"BreadcrumbList","@id":"https:\/\/www.webdo.tn\/fr\/actualite\/national\/tunisie-la-greve-evitee-a-la-steg-apres-accord\/379716\/#breadcrumb","itemListElement":[{"@type":"ListItem","position":1,"name":"Accueil","item":"https:\/\/www.webdo.tn\/fr\/"},{"@type":"ListItem","position":2,"name":"Tunisie\u00a0: La gr\u00e8ve \u00e9vit\u00e9e \u00e0 la STEG apr\u00e8s accord"}]},{"@type":"WebSite","@id":"https:\/\/www.webdo.tn\/fr\/#website","url":"https:\/\/www.webdo.tn\/fr\/","name":"webdo","description":"Tunisie - News en Tunisie et \u00e0 l&#039;international sur Webdo.tn","publisher":{"@id":"https:\/\/www.webdo.tn\/fr\/#organization"},"potentialAction":[{"@type":"SearchAction","target":{"@type":"EntryPoint","urlTemplate":"https:\/\/www.webdo.tn\/fr\/?s={search_term_string}"},"query-input":{"@type":"PropertyValueSpecification","valueRequired":true,"valueName":"search_term_string"}}],"inLanguage":"fr-FR"},{"@type":"Organization","@id":"https:\/\/www.webdo.tn\/fr\/#organization","name":"Webdo","alternateName":"Webdo.tn","url":"https:\/\/www.webdo.tn\/fr\/","logo":{"@type":"ImageObject","inLanguage":"fr-FR","@id":"https:\/\/www.webdo.tn\/fr\/#\/schema\/logo\/image\/","url":"https:\/\/www.webdo.tn\/fr\/wp-content\/uploads\/2025\/06\/Webdo-Tunisie_168377.jpg","contentUrl":"https:\/\/www.webdo.tn\/fr\/wp-content\/uploads\/2025\/06\/Webdo-Tunisie_168377.jpg","width":301,"height":301,"caption":"Webdo"},"image":{"@id":"https:\/\/www.webdo.tn\/fr\/#\/schema\/logo\/image\/"},"sameAs":["https:\/\/www.facebook.com\/webdotn","https:\/\/x.com\/webdo_tn"],"description":"Webdo est un m\u00e9dia num\u00e9rique tunisien fond\u00e9 en 2010, sp\u00e9cialis\u00e9 dans l\u2019actualit\u00e9 nationale et internationale, l\u2019\u00e9conomie, la soci\u00e9t\u00e9 et les analyses politiques. Le site s\u2019adresse \u00e0 un large public francophone et couvre l\u2019information tunisienne en temps r\u00e9el.","email":"redac@webdo.tn","legalName":"YNJ SARL","foundingDate":"2010-09-06","numberOfEmployees":{"@type":"QuantitativeValue","minValue":"11","maxValue":"50"}},{"@type":"Person","@id":"https:\/\/www.webdo.tn\/fr\/#\/schema\/person\/c652cd8fc2b1b44412b5ffb48c5a911d","name":"Mohamed Hedi Touati","image":{"@type":"ImageObject","inLanguage":"fr-FR","@id":"https:\/\/secure.gravatar.com\/avatar\/9cfd402c745b7a685f13eed0ea6e59d2144a3c2fc50a3db6fd5ed451f6cddf1a?s=96&d=mm&r=g","url":"https:\/\/secure.gravatar.com\/avatar\/9cfd402c745b7a685f13eed0ea6e59d2144a3c2fc50a3db6fd5ed451f6cddf1a?s=96&d=mm&r=g","contentUrl":"https:\/\/secure.gravatar.com\/avatar\/9cfd402c745b7a685f13eed0ea6e59d2144a3c2fc50a3db6fd5ed451f6cddf1a?s=96&d=mm&r=g","caption":"Mohamed Hedi Touati"},"url":"https:\/\/www.webdo.tn\/fr\/actualite\/author\/mohamed-hedi-touati\/"}]}},"_links":{"self":[{"href":"https:\/\/www.webdo.tn\/fr\/wp-json\/wp\/v2\/posts\/379716","targetHints":{"allow":["GET"]}}],"collection":[{"href":"https:\/\/www.webdo.tn\/fr\/wp-json\/wp\/v2\/posts"}],"about":[{"href":"https:\/\/www.webdo.tn\/fr\/wp-json\/wp\/v2\/types\/post"}],"author":[{"embeddable":true,"href":"https:\/\/www.webdo.tn\/fr\/wp-json\/wp\/v2\/users\/3191"}],"replies":[{"embeddable":true,"href":"https:\/\/www.webdo.tn\/fr\/wp-json\/wp\/v2\/comments?post=379716"}],"version-history":[{"count":0,"href":"https:\/\/www.webdo.tn\/fr\/wp-json\/wp\/v2\/posts\/379716\/revisions"}],"wp:featuredmedia":[{"embeddable":true,"href":"https:\/\/www.webdo.tn\/fr\/wp-json\/wp\/v2\/media\/378839"}],"wp:attachment":[{"href":"https:\/\/www.webdo.tn\/fr\/wp-json\/wp\/v2\/media?parent=379716"}],"wp:term":[{"taxonomy":"category","embeddable":true,"href":"https:\/\/www.webdo.tn\/fr\/wp-json\/wp\/v2\/categories?post=379716"},{"taxonomy":"post_tag","embeddable":true,"href":"https:\/\/www.webdo.tn\/fr\/wp-json\/wp\/v2\/tags?post=379716"}],"curies":[{"name":"wp","href":"https:\/\/api.w.org\/{rel}","templated":true}]}}