{"id":379680,"date":"2025-07-14T13:56:42","date_gmt":"2025-07-14T12:56:42","guid":{"rendered":"https:\/\/www.webdo.tn\/fr\/?p=379680"},"modified":"2025-07-14T14:15:14","modified_gmt":"2025-07-14T13:15:14","slug":"vacances-en-tunisie-le-soleil-la-famille-et-un-bien-immobilier","status":"publish","type":"post","link":"https:\/\/www.webdo.tn\/fr\/actualite\/national\/vacances-en-tunisie-le-soleil-la-famille-et-un-bien-immobilier\/379680\/","title":{"rendered":"Vacances en Tunisie : Le soleil, la famille\u2026 et un bien immobilier ?"},"content":{"rendered":"\n<p><strong>La plateforme immobili\u00e8re tunisienne Mubawab a r\u00e9v\u00e9l\u00e9 que 62 % des Tunisiens r\u00e9sidant \u00e0 l\u2019\u00e9tranger manifestent un int\u00e9r\u00eat marqu\u00e9 pour l\u2019achat de biens immobiliers pendant leur retour en Tunisie durant la p\u00e9riode estivale.<\/strong><\/p>\n\n\n\n<p>Dans une publication partag\u00e9e sur sa page officielle Facebook, la plateforme pr\u00e9cise que les recherches immobili\u00e8res effectu\u00e9es par les membres de la diaspora tunisienne r\u00e9v\u00e8lent des pr\u00e9f\u00e9rences diversifi\u00e9es :<\/p>\n\n\n\n<ul class=\"wp-block-list\">\n<li> 18 % privil\u00e9gient plut\u00f4t l\u2019achat de terrains.<\/li>\n\n\n\n<li>20 % d\u2019entre eux sont attir\u00e9s par l\u2019acquisition de maisons haut de gamme.<\/li>\n<\/ul>\n\n\n\n<p>Ces chiffres t\u00e9moignent de l\u2019attachement profond des Tunisiens de l\u2019\u00e9tranger \u00e0 leur pays natal, mais \u00e9galement de leur volont\u00e9 d\u2019y investir \u00e0 long terme, notamment dans un secteur per\u00e7u comme stable et porteur. <\/p>\n\n\n\n<p>Cette tendance estivale, qui co\u00efncide avec la haute saison touristique et le retour massif des expatri\u00e9s, met en lumi\u00e8re l\u2019importance strat\u00e9gique de la diaspora dans le dynamisme du march\u00e9 immobilier tunisien.<\/p>\n\n\n\n<p>La plateforme conclut que cet int\u00e9r\u00eat soutenu est r\u00e9v\u00e9lateur d\u2019un potentiel \u00e9conomique souvent sous-exploit\u00e9, appelant implicitement \u00e0 mieux structurer et accompagner les investissements immobiliers des Tunisiens \u00e0 l\u2019\u00e9tranger.<\/p>\n","protected":false},"excerpt":{"rendered":"<p>La plateforme immobili\u00e8re tunisienne Mubawab a r\u00e9v\u00e9l\u00e9 que 62 % des Tunisiens r\u00e9sidant \u00e0 l\u2019\u00e9tranger manifestent un int\u00e9r\u00eat marqu\u00e9 pour l\u2019achat de biens immobiliers pendant leur retour en Tunisie durant la p\u00e9riode estivale. Dans une publication partag\u00e9e sur sa page officielle Facebook, la plateforme pr\u00e9cise que les recherches immobili\u00e8res effectu\u00e9es par les membres de la [&hellip;]<\/p>\n","protected":false},"author":3184,"featured_media":379681,"comment_status":"open","ping_status":"open","sticky":false,"template":"","format":"standard","meta":{"footnotes":""},"categories":[44],"tags":[4776,2608,5860],"class_list":["post-379680","post","type-post","status-publish","format-standard","has-post-thumbnail","hentry","category-national","tag-biens-immobiliers","tag-tunisie","tag-vacances"],"yoast_head":"<!-- This site is optimized with the Yoast SEO Premium plugin v27.4 (Yoast SEO v27.5) - https:\/\/yoast.com\/product\/yoast-seo-premium-wordpress\/ -->\n<title>Vacances en Tunisie : Le soleil, la famille\u2026 et un bien immobilier ? - webdo<\/title>\n<meta name=\"description\" content=\"D\u00e9couvrez les tendances immobili\u00e8res en Tunisie, o\u00f9 62 % des Tunisiens \u00e0 l&#039;\u00e9tranger souhaitent investir dans l&#039;immobilier.\" \/>\n<link rel=\"canonical\" href=\"https:\/\/www.webdo.tn\/fr\/actualite\/national\/vacances-en-tunisie-le-soleil-la-famille-et-un-bien-immobilier\/379680\/\" \/>\n<meta property=\"og:locale\" content=\"fr_FR\" \/>\n<meta property=\"og:type\" content=\"article\" \/>\n<meta property=\"og:title\" content=\"Vacances en Tunisie : Le soleil, la famille\u2026 et un bien immobilier ?\" \/>\n<meta property=\"og:description\" content=\"D\u00e9couvrez les tendances immobili\u00e8res en Tunisie, o\u00f9 62 % des Tunisiens \u00e0 l&#039;\u00e9tranger souhaitent investir dans l&#039;immobilier.\" \/>\n<meta property=\"og:url\" content=\"https:\/\/www.webdo.tn\/fr\/actualite\/national\/vacances-en-tunisie-le-soleil-la-famille-et-un-bien-immobilier\/379680\/\" \/>\n<meta property=\"og:site_name\" content=\"webdo\" \/>\n<meta property=\"article:publisher\" content=\"https:\/\/www.facebook.com\/webdotn\" \/>\n<meta property=\"article:published_time\" content=\"2025-07-14T12:56:42+00:00\" \/>\n<meta property=\"article:modified_time\" content=\"2025-07-14T13:15:14+00:00\" \/>\n<meta property=\"og:image\" content=\"https:\/\/www.webdo.tn\/fr\/wp-content\/uploads\/2025\/07\/Tunisiens-a-letranger-2-850x491-1.jpg\" \/>\n\t<meta property=\"og:image:width\" content=\"850\" \/>\n\t<meta property=\"og:image:height\" content=\"491\" \/>\n\t<meta property=\"og:image:type\" content=\"image\/jpeg\" \/>\n<meta name=\"author\" content=\"Wided Belhaj\" \/>\n<meta name=\"twitter:card\" content=\"summary_large_image\" \/>\n<meta name=\"twitter:creator\" content=\"@webdo_tn\" \/>\n<meta name=\"twitter:site\" content=\"@webdo_tn\" \/>\n<meta name=\"twitter:label1\" content=\"\u00c9crit par\" \/>\n\t<meta name=\"twitter:data1\" content=\"Wided Belhaj\" \/>\n\t<meta name=\"twitter:label2\" content=\"Dur\u00e9e de lecture estim\u00e9e\" \/>\n\t<meta name=\"twitter:data2\" content=\"2 minutes\" \/>\n<script type=\"application\/ld+json\" class=\"yoast-schema-graph\">{\"@context\":\"https:\\\/\\\/schema.org\",\"@graph\":[{\"@type\":\"NewsArticle\",\"@id\":\"https:\\\/\\\/www.webdo.tn\\\/fr\\\/actualite\\\/national\\\/vacances-en-tunisie-le-soleil-la-famille-et-un-bien-immobilier\\\/379680\\\/#article\",\"isPartOf\":{\"@id\":\"https:\\\/\\\/www.webdo.tn\\\/fr\\\/actualite\\\/national\\\/vacances-en-tunisie-le-soleil-la-famille-et-un-bien-immobilier\\\/379680\\\/\"},\"author\":{\"name\":\"Wided Belhaj\",\"@id\":\"https:\\\/\\\/www.webdo.tn\\\/fr\\\/#\\\/schema\\\/person\\\/b9ecde7a5574cb4fcf4b496ea5fadb15\"},\"headline\":\"Vacances en Tunisie : Le soleil, la famille\u2026 et un bien immobilier ?\",\"datePublished\":\"2025-07-14T12:56:42+00:00\",\"dateModified\":\"2025-07-14T13:15:14+00:00\",\"mainEntityOfPage\":{\"@id\":\"https:\\\/\\\/www.webdo.tn\\\/fr\\\/actualite\\\/national\\\/vacances-en-tunisie-le-soleil-la-famille-et-un-bien-immobilier\\\/379680\\\/\"},\"wordCount\":213,\"commentCount\":0,\"publisher\":{\"@id\":\"https:\\\/\\\/www.webdo.tn\\\/fr\\\/#organization\"},\"image\":{\"@id\":\"https:\\\/\\\/www.webdo.tn\\\/fr\\\/actualite\\\/national\\\/vacances-en-tunisie-le-soleil-la-famille-et-un-bien-immobilier\\\/379680\\\/#primaryimage\"},\"thumbnailUrl\":\"https:\\\/\\\/www.webdo.tn\\\/fr\\\/wp-content\\\/uploads\\\/2025\\\/07\\\/Tunisiens-a-letranger-2-850x491-1.jpg\",\"keywords\":[\"biens immobiliers\",\"Tunisie\",\"vacances\"],\"articleSection\":[\"National\"],\"inLanguage\":\"fr-FR\"},{\"@type\":\"WebPage\",\"@id\":\"https:\\\/\\\/www.webdo.tn\\\/fr\\\/actualite\\\/national\\\/vacances-en-tunisie-le-soleil-la-famille-et-un-bien-immobilier\\\/379680\\\/\",\"url\":\"https:\\\/\\\/www.webdo.tn\\\/fr\\\/actualite\\\/national\\\/vacances-en-tunisie-le-soleil-la-famille-et-un-bien-immobilier\\\/379680\\\/\",\"name\":\"Vacances en Tunisie : Le soleil, la famille\u2026 et un bien immobilier ? - webdo\",\"isPartOf\":{\"@id\":\"https:\\\/\\\/www.webdo.tn\\\/fr\\\/#website\"},\"primaryImageOfPage\":{\"@id\":\"https:\\\/\\\/www.webdo.tn\\\/fr\\\/actualite\\\/national\\\/vacances-en-tunisie-le-soleil-la-famille-et-un-bien-immobilier\\\/379680\\\/#primaryimage\"},\"image\":{\"@id\":\"https:\\\/\\\/www.webdo.tn\\\/fr\\\/actualite\\\/national\\\/vacances-en-tunisie-le-soleil-la-famille-et-un-bien-immobilier\\\/379680\\\/#primaryimage\"},\"thumbnailUrl\":\"https:\\\/\\\/www.webdo.tn\\\/fr\\\/wp-content\\\/uploads\\\/2025\\\/07\\\/Tunisiens-a-letranger-2-850x491-1.jpg\",\"datePublished\":\"2025-07-14T12:56:42+00:00\",\"dateModified\":\"2025-07-14T13:15:14+00:00\",\"description\":\"D\u00e9couvrez les tendances immobili\u00e8res en Tunisie, o\u00f9 62 % des Tunisiens \u00e0 l'\u00e9tranger souhaitent investir dans l'immobilier.\",\"breadcrumb\":{\"@id\":\"https:\\\/\\\/www.webdo.tn\\\/fr\\\/actualite\\\/national\\\/vacances-en-tunisie-le-soleil-la-famille-et-un-bien-immobilier\\\/379680\\\/#breadcrumb\"},\"inLanguage\":\"fr-FR\",\"potentialAction\":[{\"@type\":\"ReadAction\",\"target\":[\"https:\\\/\\\/www.webdo.tn\\\/fr\\\/actualite\\\/national\\\/vacances-en-tunisie-le-soleil-la-famille-et-un-bien-immobilier\\\/379680\\\/\"]}]},{\"@type\":\"ImageObject\",\"inLanguage\":\"fr-FR\",\"@id\":\"https:\\\/\\\/www.webdo.tn\\\/fr\\\/actualite\\\/national\\\/vacances-en-tunisie-le-soleil-la-famille-et-un-bien-immobilier\\\/379680\\\/#primaryimage\",\"url\":\"https:\\\/\\\/www.webdo.tn\\\/fr\\\/wp-content\\\/uploads\\\/2025\\\/07\\\/Tunisiens-a-letranger-2-850x491-1.jpg\",\"contentUrl\":\"https:\\\/\\\/www.webdo.tn\\\/fr\\\/wp-content\\\/uploads\\\/2025\\\/07\\\/Tunisiens-a-letranger-2-850x491-1.jpg\",\"width\":850,\"height\":491},{\"@type\":\"BreadcrumbList\",\"@id\":\"https:\\\/\\\/www.webdo.tn\\\/fr\\\/actualite\\\/national\\\/vacances-en-tunisie-le-soleil-la-famille-et-un-bien-immobilier\\\/379680\\\/#breadcrumb\",\"itemListElement\":[{\"@type\":\"ListItem\",\"position\":1,\"name\":\"Accueil\",\"item\":\"https:\\\/\\\/www.webdo.tn\\\/fr\\\/\"},{\"@type\":\"ListItem\",\"position\":2,\"name\":\"Vacances en Tunisie : Le soleil, la famille\u2026 et un bien immobilier ?\"}]},{\"@type\":\"WebSite\",\"@id\":\"https:\\\/\\\/www.webdo.tn\\\/fr\\\/#website\",\"url\":\"https:\\\/\\\/www.webdo.tn\\\/fr\\\/\",\"name\":\"webdo\",\"description\":\"Tunisie - News en Tunisie et \u00e0 l&#039;international sur Webdo.tn\",\"publisher\":{\"@id\":\"https:\\\/\\\/www.webdo.tn\\\/fr\\\/#organization\"},\"potentialAction\":[{\"@type\":\"SearchAction\",\"target\":{\"@type\":\"EntryPoint\",\"urlTemplate\":\"https:\\\/\\\/www.webdo.tn\\\/fr\\\/?s={search_term_string}\"},\"query-input\":{\"@type\":\"PropertyValueSpecification\",\"valueRequired\":true,\"valueName\":\"search_term_string\"}}],\"inLanguage\":\"fr-FR\"},{\"@type\":\"Organization\",\"@id\":\"https:\\\/\\\/www.webdo.tn\\\/fr\\\/#organization\",\"name\":\"Webdo\",\"alternateName\":\"Webdo.tn\",\"url\":\"https:\\\/\\\/www.webdo.tn\\\/fr\\\/\",\"logo\":{\"@type\":\"ImageObject\",\"inLanguage\":\"fr-FR\",\"@id\":\"https:\\\/\\\/www.webdo.tn\\\/fr\\\/#\\\/schema\\\/logo\\\/image\\\/\",\"url\":\"https:\\\/\\\/www.webdo.tn\\\/fr\\\/wp-content\\\/uploads\\\/2025\\\/06\\\/Webdo-Tunisie_168377.jpg\",\"contentUrl\":\"https:\\\/\\\/www.webdo.tn\\\/fr\\\/wp-content\\\/uploads\\\/2025\\\/06\\\/Webdo-Tunisie_168377.jpg\",\"width\":301,\"height\":301,\"caption\":\"Webdo\"},\"image\":{\"@id\":\"https:\\\/\\\/www.webdo.tn\\\/fr\\\/#\\\/schema\\\/logo\\\/image\\\/\"},\"sameAs\":[\"https:\\\/\\\/www.facebook.com\\\/webdotn\",\"https:\\\/\\\/x.com\\\/webdo_tn\"],\"description\":\"Webdo est un m\u00e9dia num\u00e9rique tunisien fond\u00e9 en 2010, sp\u00e9cialis\u00e9 dans l\u2019actualit\u00e9 nationale et internationale, l\u2019\u00e9conomie, la soci\u00e9t\u00e9 et les analyses politiques. Le site s\u2019adresse \u00e0 un large public francophone et couvre l\u2019information tunisienne en temps r\u00e9el.\",\"email\":\"redac@webdo.tn\",\"legalName\":\"YNJ SARL\",\"foundingDate\":\"2010-09-06\",\"numberOfEmployees\":{\"@type\":\"QuantitativeValue\",\"minValue\":\"11\",\"maxValue\":\"50\"}},{\"@type\":\"Person\",\"@id\":\"https:\\\/\\\/www.webdo.tn\\\/fr\\\/#\\\/schema\\\/person\\\/b9ecde7a5574cb4fcf4b496ea5fadb15\",\"name\":\"Wided Belhaj\",\"image\":{\"@type\":\"ImageObject\",\"inLanguage\":\"fr-FR\",\"@id\":\"https:\\\/\\\/www.webdo.tn\\\/fr\\\/wp-content\\\/uploads\\\/2026\\\/04\\\/wided-belhaj_avatar-96x96.jpg\",\"url\":\"https:\\\/\\\/www.webdo.tn\\\/fr\\\/wp-content\\\/uploads\\\/2026\\\/04\\\/wided-belhaj_avatar-96x96.jpg\",\"contentUrl\":\"https:\\\/\\\/www.webdo.tn\\\/fr\\\/wp-content\\\/uploads\\\/2026\\\/04\\\/wided-belhaj_avatar-96x96.jpg\",\"caption\":\"Wided Belhaj\"},\"description\":\"Wided Belhaj est le pseudonyme \u00e9ditorial utilis\u00e9 par Khalil Jelassi, journaliste, ma\u00eetre-assistant \u00e0 l\u2019Institut de presse et des sciences de l\u2019information (IPSI) et chercheur en sciences de l\u2019information et de la communication. Cette signature est d\u00e9di\u00e9e \u00e0 l\u2019analyse des m\u00e9dias, des pratiques journalistiques et des mutations de l\u2019information \u00e0 l\u2019\u00e8re digitale. \u00c0 travers ses contributions, Wided Belhaj propose une lecture analytique de l\u2019actualit\u00e9, en croisant regard critique et expertise acad\u00e9mique.\",\"knowsAbout\":[\"m\u00e9dias\",\"journalisme\",\"communication\",\"information\",\"transformation num\u00e9rique\",\"analyse des m\u00e9dias\"],\"knowsLanguage\":[\"Fran\u00e7ais\",\"Arabe\"],\"jobTitle\":\"Webdo.tn\",\"worksFor\":\"Journaliste \u2013 Analyse des m\u00e9dias\",\"url\":\"https:\\\/\\\/www.webdo.tn\\\/fr\\\/actualite\\\/author\\\/wided-belhaj\\\/\"}]}<\/script>\n<!-- \/ Yoast SEO Premium plugin. -->","yoast_head_json":{"title":"Vacances en Tunisie : Le soleil, la famille\u2026 et un bien immobilier ? - webdo","description":"D\u00e9couvrez les tendances immobili\u00e8res en Tunisie, o\u00f9 62 % des Tunisiens \u00e0 l'\u00e9tranger souhaitent investir dans l'immobilier.","canonical":"https:\/\/www.webdo.tn\/fr\/actualite\/national\/vacances-en-tunisie-le-soleil-la-famille-et-un-bien-immobilier\/379680\/","og_locale":"fr_FR","og_type":"article","og_title":"Vacances en Tunisie : Le soleil, la famille\u2026 et un bien immobilier ?","og_description":"D\u00e9couvrez les tendances immobili\u00e8res en Tunisie, o\u00f9 62 % des Tunisiens \u00e0 l'\u00e9tranger souhaitent investir dans l'immobilier.","og_url":"https:\/\/www.webdo.tn\/fr\/actualite\/national\/vacances-en-tunisie-le-soleil-la-famille-et-un-bien-immobilier\/379680\/","og_site_name":"webdo","article_publisher":"https:\/\/www.facebook.com\/webdotn","article_published_time":"2025-07-14T12:56:42+00:00","article_modified_time":"2025-07-14T13:15:14+00:00","og_image":[{"width":850,"height":491,"url":"https:\/\/www.webdo.tn\/fr\/wp-content\/uploads\/2025\/07\/Tunisiens-a-letranger-2-850x491-1.jpg","type":"image\/jpeg"}],"author":"Wided Belhaj","twitter_card":"summary_large_image","twitter_creator":"@webdo_tn","twitter_site":"@webdo_tn","twitter_misc":{"\u00c9crit par":"Wided Belhaj","Dur\u00e9e de lecture estim\u00e9e":"2 minutes"},"schema":{"@context":"https:\/\/schema.org","@graph":[{"@type":"NewsArticle","@id":"https:\/\/www.webdo.tn\/fr\/actualite\/national\/vacances-en-tunisie-le-soleil-la-famille-et-un-bien-immobilier\/379680\/#article","isPartOf":{"@id":"https:\/\/www.webdo.tn\/fr\/actualite\/national\/vacances-en-tunisie-le-soleil-la-famille-et-un-bien-immobilier\/379680\/"},"author":{"name":"Wided Belhaj","@id":"https:\/\/www.webdo.tn\/fr\/#\/schema\/person\/b9ecde7a5574cb4fcf4b496ea5fadb15"},"headline":"Vacances en Tunisie : Le soleil, la famille\u2026 et un bien immobilier ?","datePublished":"2025-07-14T12:56:42+00:00","dateModified":"2025-07-14T13:15:14+00:00","mainEntityOfPage":{"@id":"https:\/\/www.webdo.tn\/fr\/actualite\/national\/vacances-en-tunisie-le-soleil-la-famille-et-un-bien-immobilier\/379680\/"},"wordCount":213,"commentCount":0,"publisher":{"@id":"https:\/\/www.webdo.tn\/fr\/#organization"},"image":{"@id":"https:\/\/www.webdo.tn\/fr\/actualite\/national\/vacances-en-tunisie-le-soleil-la-famille-et-un-bien-immobilier\/379680\/#primaryimage"},"thumbnailUrl":"https:\/\/www.webdo.tn\/fr\/wp-content\/uploads\/2025\/07\/Tunisiens-a-letranger-2-850x491-1.jpg","keywords":["biens immobiliers","Tunisie","vacances"],"articleSection":["National"],"inLanguage":"fr-FR"},{"@type":"WebPage","@id":"https:\/\/www.webdo.tn\/fr\/actualite\/national\/vacances-en-tunisie-le-soleil-la-famille-et-un-bien-immobilier\/379680\/","url":"https:\/\/www.webdo.tn\/fr\/actualite\/national\/vacances-en-tunisie-le-soleil-la-famille-et-un-bien-immobilier\/379680\/","name":"Vacances en Tunisie : Le soleil, la famille\u2026 et un bien immobilier ? - webdo","isPartOf":{"@id":"https:\/\/www.webdo.tn\/fr\/#website"},"primaryImageOfPage":{"@id":"https:\/\/www.webdo.tn\/fr\/actualite\/national\/vacances-en-tunisie-le-soleil-la-famille-et-un-bien-immobilier\/379680\/#primaryimage"},"image":{"@id":"https:\/\/www.webdo.tn\/fr\/actualite\/national\/vacances-en-tunisie-le-soleil-la-famille-et-un-bien-immobilier\/379680\/#primaryimage"},"thumbnailUrl":"https:\/\/www.webdo.tn\/fr\/wp-content\/uploads\/2025\/07\/Tunisiens-a-letranger-2-850x491-1.jpg","datePublished":"2025-07-14T12:56:42+00:00","dateModified":"2025-07-14T13:15:14+00:00","description":"D\u00e9couvrez les tendances immobili\u00e8res en Tunisie, o\u00f9 62 % des Tunisiens \u00e0 l'\u00e9tranger souhaitent investir dans l'immobilier.","breadcrumb":{"@id":"https:\/\/www.webdo.tn\/fr\/actualite\/national\/vacances-en-tunisie-le-soleil-la-famille-et-un-bien-immobilier\/379680\/#breadcrumb"},"inLanguage":"fr-FR","potentialAction":[{"@type":"ReadAction","target":["https:\/\/www.webdo.tn\/fr\/actualite\/national\/vacances-en-tunisie-le-soleil-la-famille-et-un-bien-immobilier\/379680\/"]}]},{"@type":"ImageObject","inLanguage":"fr-FR","@id":"https:\/\/www.webdo.tn\/fr\/actualite\/national\/vacances-en-tunisie-le-soleil-la-famille-et-un-bien-immobilier\/379680\/#primaryimage","url":"https:\/\/www.webdo.tn\/fr\/wp-content\/uploads\/2025\/07\/Tunisiens-a-letranger-2-850x491-1.jpg","contentUrl":"https:\/\/www.webdo.tn\/fr\/wp-content\/uploads\/2025\/07\/Tunisiens-a-letranger-2-850x491-1.jpg","width":850,"height":491},{"@type":"BreadcrumbList","@id":"https:\/\/www.webdo.tn\/fr\/actualite\/national\/vacances-en-tunisie-le-soleil-la-famille-et-un-bien-immobilier\/379680\/#breadcrumb","itemListElement":[{"@type":"ListItem","position":1,"name":"Accueil","item":"https:\/\/www.webdo.tn\/fr\/"},{"@type":"ListItem","position":2,"name":"Vacances en Tunisie : Le soleil, la famille\u2026 et un bien immobilier ?"}]},{"@type":"WebSite","@id":"https:\/\/www.webdo.tn\/fr\/#website","url":"https:\/\/www.webdo.tn\/fr\/","name":"webdo","description":"Tunisie - News en Tunisie et \u00e0 l&#039;international sur Webdo.tn","publisher":{"@id":"https:\/\/www.webdo.tn\/fr\/#organization"},"potentialAction":[{"@type":"SearchAction","target":{"@type":"EntryPoint","urlTemplate":"https:\/\/www.webdo.tn\/fr\/?s={search_term_string}"},"query-input":{"@type":"PropertyValueSpecification","valueRequired":true,"valueName":"search_term_string"}}],"inLanguage":"fr-FR"},{"@type":"Organization","@id":"https:\/\/www.webdo.tn\/fr\/#organization","name":"Webdo","alternateName":"Webdo.tn","url":"https:\/\/www.webdo.tn\/fr\/","logo":{"@type":"ImageObject","inLanguage":"fr-FR","@id":"https:\/\/www.webdo.tn\/fr\/#\/schema\/logo\/image\/","url":"https:\/\/www.webdo.tn\/fr\/wp-content\/uploads\/2025\/06\/Webdo-Tunisie_168377.jpg","contentUrl":"https:\/\/www.webdo.tn\/fr\/wp-content\/uploads\/2025\/06\/Webdo-Tunisie_168377.jpg","width":301,"height":301,"caption":"Webdo"},"image":{"@id":"https:\/\/www.webdo.tn\/fr\/#\/schema\/logo\/image\/"},"sameAs":["https:\/\/www.facebook.com\/webdotn","https:\/\/x.com\/webdo_tn"],"description":"Webdo est un m\u00e9dia num\u00e9rique tunisien fond\u00e9 en 2010, sp\u00e9cialis\u00e9 dans l\u2019actualit\u00e9 nationale et internationale, l\u2019\u00e9conomie, la soci\u00e9t\u00e9 et les analyses politiques. Le site s\u2019adresse \u00e0 un large public francophone et couvre l\u2019information tunisienne en temps r\u00e9el.","email":"redac@webdo.tn","legalName":"YNJ SARL","foundingDate":"2010-09-06","numberOfEmployees":{"@type":"QuantitativeValue","minValue":"11","maxValue":"50"}},{"@type":"Person","@id":"https:\/\/www.webdo.tn\/fr\/#\/schema\/person\/b9ecde7a5574cb4fcf4b496ea5fadb15","name":"Wided Belhaj","image":{"@type":"ImageObject","inLanguage":"fr-FR","@id":"https:\/\/www.webdo.tn\/fr\/wp-content\/uploads\/2026\/04\/wided-belhaj_avatar-96x96.jpg","url":"https:\/\/www.webdo.tn\/fr\/wp-content\/uploads\/2026\/04\/wided-belhaj_avatar-96x96.jpg","contentUrl":"https:\/\/www.webdo.tn\/fr\/wp-content\/uploads\/2026\/04\/wided-belhaj_avatar-96x96.jpg","caption":"Wided Belhaj"},"description":"Wided Belhaj est le pseudonyme \u00e9ditorial utilis\u00e9 par Khalil Jelassi, journaliste, ma\u00eetre-assistant \u00e0 l\u2019Institut de presse et des sciences de l\u2019information (IPSI) et chercheur en sciences de l\u2019information et de la communication. Cette signature est d\u00e9di\u00e9e \u00e0 l\u2019analyse des m\u00e9dias, des pratiques journalistiques et des mutations de l\u2019information \u00e0 l\u2019\u00e8re digitale. \u00c0 travers ses contributions, Wided Belhaj propose une lecture analytique de l\u2019actualit\u00e9, en croisant regard critique et expertise acad\u00e9mique.","knowsAbout":["m\u00e9dias","journalisme","communication","information","transformation num\u00e9rique","analyse des m\u00e9dias"],"knowsLanguage":["Fran\u00e7ais","Arabe"],"jobTitle":"Webdo.tn","worksFor":"Journaliste \u2013 Analyse des m\u00e9dias","url":"https:\/\/www.webdo.tn\/fr\/actualite\/author\/wided-belhaj\/"}]}},"_links":{"self":[{"href":"https:\/\/www.webdo.tn\/fr\/wp-json\/wp\/v2\/posts\/379680","targetHints":{"allow":["GET"]}}],"collection":[{"href":"https:\/\/www.webdo.tn\/fr\/wp-json\/wp\/v2\/posts"}],"about":[{"href":"https:\/\/www.webdo.tn\/fr\/wp-json\/wp\/v2\/types\/post"}],"author":[{"embeddable":true,"href":"https:\/\/www.webdo.tn\/fr\/wp-json\/wp\/v2\/users\/3184"}],"replies":[{"embeddable":true,"href":"https:\/\/www.webdo.tn\/fr\/wp-json\/wp\/v2\/comments?post=379680"}],"version-history":[{"count":0,"href":"https:\/\/www.webdo.tn\/fr\/wp-json\/wp\/v2\/posts\/379680\/revisions"}],"wp:featuredmedia":[{"embeddable":true,"href":"https:\/\/www.webdo.tn\/fr\/wp-json\/wp\/v2\/media\/379681"}],"wp:attachment":[{"href":"https:\/\/www.webdo.tn\/fr\/wp-json\/wp\/v2\/media?parent=379680"}],"wp:term":[{"taxonomy":"category","embeddable":true,"href":"https:\/\/www.webdo.tn\/fr\/wp-json\/wp\/v2\/categories?post=379680"},{"taxonomy":"post_tag","embeddable":true,"href":"https:\/\/www.webdo.tn\/fr\/wp-json\/wp\/v2\/tags?post=379680"}],"curies":[{"name":"wp","href":"https:\/\/api.w.org\/{rel}","templated":true}]}}