{"id":379638,"date":"2025-07-14T10:16:43","date_gmt":"2025-07-14T09:16:43","guid":{"rendered":"https:\/\/www.webdo.tn\/fr\/?p=379638"},"modified":"2025-07-14T10:17:47","modified_gmt":"2025-07-14T09:17:47","slug":"petite-histoire-de-lambassade-de-france-a-tunis","status":"publish","type":"post","link":"https:\/\/www.webdo.tn\/fr\/actualite\/chroniques\/petite-histoire-de-lambassade-de-france-a-tunis\/379638\/","title":{"rendered":"Petite histoire de l&rsquo;ambassade de France \u00e0 Tunis"},"content":{"rendered":"\n<p><br><strong>En ce 14 juillet et en guise de clin d&rsquo;\u0153il \u00e0 tous nos lecteurs fran\u00e7ais, quelques pages d&rsquo;histoire pour retrouver les racines de l&rsquo;\u00e9difice qui de nos jours, accueille la chancellerie de l\u2019ambassade de France \u00e0 Tunis.<\/strong><\/p>\n\n\n\n<p>Construit, il y a plus de 150 ans, ce b\u00e2timent est incontestablement le plus ancien \u00e9difice qui se trouve \u00e0 la confluence de l&rsquo;avenue de France et de l&rsquo;avenue Bourguiba.<\/p>\n\n\n\n<p>Se d\u00e9veloppant hors les murs de la m\u00e9dina, un nouveau quartier allait \u00eatre gagn\u00e9 sur des terrains mar\u00e9cageux et d\u00e9bouchera sur l&rsquo;avenue de la Marine (notre actuelle avenue Bourguiba) qui venait d&rsquo;\u00eatre trac\u00e9e pour relier Tunis \u00e0 son avant-port.<\/p>\n\n\n\n<p>C&rsquo;est juste en face de l&rsquo;ancien cimeti\u00e8re chr\u00e9tien et de la chapelle d\u00e9di\u00e9e \u00e0 Saint-Antoine qu&rsquo;allait \u00eatre \u00e9difi\u00e9e l&rsquo;actuelle ambassade de France, \u00e0 l&rsquo;\u00e9poque un simple consulat.<\/p>\n\n\n\n<p>Notons que le consulat fran\u00e7ais historique se trouvait \u00e0 la rue de l&rsquo;ancienne Douane, dans la partie basse de la m\u00e9dina de Tunis. Il s&rsquo;agit du Fondouk des Fran\u00e7ais qui accueillit durant deux si\u00e8cles les repr\u00e9sentants de la Nation fran\u00e7aise.<\/p>\n\n\n\n<p>C&rsquo;est au consul L\u00e9on Roches que le nouvel \u00e9difice doit sa naissance. C&rsquo;est lui qui a en effet convaincu Mhamed Bey de la n\u00e9cessit\u00e9 de la nouvelle construction dont le terrain sera gagn\u00e9 sur les propri\u00e9t\u00e9s de la famille Ben Ayed.<\/p>\n\n\n\n<p>Ainsi, une convention du 31 d\u00e9cembre 1859 fut sign\u00e9e pour l&rsquo;\u00e9dification du nouveau consulat. Les plans furent rapidement dress\u00e9s par l&rsquo;ing\u00e9nieur fran\u00e7ais Philippe Caillat, alors en Tunisie pour diriger la restauration des anciens aqueducs.<\/p>\n\n\n\n<p>La construction fut ensuite confi\u00e9e \u00e0 Pierre Colin, un architecte qui travaillait alors pour le bey de Tunis.<\/p>\n\n\n\n<p>Le chantier d\u00e9marra en 1860 avec la construction d&rsquo;un pavillon central, pr\u00e9c\u00e9d\u00e9 d&rsquo;une cour d&rsquo;honneur et ouvert sur des jardins dessin\u00e9s \u00e0 l&rsquo;anglaise. Deux pavillons annexes seront construits plus tard pour parachever l&rsquo;\u00e9difice.<\/p>\n\n\n\n<p>Le pavillon central a \u00e9t\u00e9 inaugur\u00e9 le 18 d\u00e9cembre 1861. Toutefois, alors que les travaux se poursuivaient, un bal fut donn\u00e9 dans les lieux en l&rsquo;honneur du prince Napol\u00e9on en juin 1861.<\/p>\n\n\n\n<p>Au fil des d\u00e9cennies, le nouvel \u00e9difice allait connaitre de nombreux am\u00e9nagements. Ainsi, le pavillon central allait \u00eatre restaur\u00e9 en 1890, avec la construction d&rsquo;un nouveau grand salon. Les pavillons annexes seront reconstruits en 1904 sur les plans de l&rsquo;architecte Raphael Guy. C&rsquo;est de cette \u00e9poque que date la grille de cl\u00f4ture dont une premi\u00e8re \u00e9bauche avait \u00e9t\u00e9 r\u00e9alis\u00e9e en 1889.<\/p>\n\n\n\n<p>Entre temps, le consulat avait \u00e9t\u00e9 rebaptis\u00e9 R\u00e9sidence g\u00e9n\u00e9rale et gardera ce statut jusqu&rsquo;en 1956 lorsque l&rsquo;\u00e9difice deviendra l&rsquo;ambassade de France en Tunisie.<\/p>\n\n\n\n<p>La petite histoire a retenu les visites de plusieurs dignitaires fran\u00e7ais \u00e0 l&rsquo;image du pr\u00e9sident Emile Loubet en 1903 ou celles du g\u00e9n\u00e9ral Charles De Gaulle en 1943 et 1953.<\/p>\n\n\n\n<p>D\u00e9sormais \u00e2g\u00e9e de plus de 150 ans, la chancellerie de l&rsquo;ambassade de France \u00e0 Tunis est ainsi le plus ancien \u00e9difice de l&rsquo;avenue Bourguiba et un \u00e9l\u00e9ment incontournable de la m\u00e9moire de la ville.<\/p>\n","protected":false},"excerpt":{"rendered":"<p>En ce 14 juillet et en guise de clin d&rsquo;\u0153il \u00e0 tous nos lecteurs fran\u00e7ais, quelques pages d&rsquo;histoire pour retrouver les racines de l&rsquo;\u00e9difice qui de nos jours, accueille la chancellerie de l\u2019ambassade de France \u00e0 Tunis. Construit, il y a plus de 150 ans, ce b\u00e2timent est incontestablement le plus ancien \u00e9difice qui se [&hellip;]<\/p>\n","protected":false},"author":3229,"featured_media":379644,"comment_status":"open","ping_status":"open","sticky":false,"template":"","format":"standard","meta":{"footnotes":""},"categories":[2596],"tags":[9387,4535,2608],"class_list":["post-379638","post","type-post","status-publish","format-standard","has-post-thumbnail","hentry","category-chroniques","tag-ambassade-de-france-en-tunisie","tag-avenue-bourguiba","tag-tunisie"],"yoast_head":"<!-- This site is optimized with the Yoast SEO Premium plugin v27.5 (Yoast SEO v27.5) - https:\/\/yoast.com\/product\/yoast-seo-premium-wordpress\/ -->\n<title>Petite histoire de l&#039;ambassade de France \u00e0 Tunis - webdo<\/title>\n<meta name=\"description\" content=\"D\u00e9couvrez l&#039;histoire fascinante de l&#039;ambassade de France \u00e0 Tunis, un \u00e9difice charg\u00e9 de m\u00e9moire depuis plus de 150 ans.\" \/>\n<link rel=\"canonical\" href=\"https:\/\/www.webdo.tn\/fr\/actualite\/chroniques\/petite-histoire-de-lambassade-de-france-a-tunis\/379638\/\" \/>\n<meta property=\"og:locale\" content=\"fr_FR\" \/>\n<meta property=\"og:type\" content=\"article\" \/>\n<meta property=\"og:title\" content=\"Petite histoire de l&#039;ambassade de France \u00e0 Tunis\" \/>\n<meta property=\"og:description\" content=\"D\u00e9couvrez l&#039;histoire fascinante de l&#039;ambassade de France \u00e0 Tunis, un \u00e9difice charg\u00e9 de m\u00e9moire depuis plus de 150 ans.\" \/>\n<meta property=\"og:url\" content=\"https:\/\/www.webdo.tn\/fr\/actualite\/chroniques\/petite-histoire-de-lambassade-de-france-a-tunis\/379638\/\" \/>\n<meta property=\"og:site_name\" content=\"webdo\" \/>\n<meta property=\"article:publisher\" content=\"https:\/\/www.facebook.com\/webdotn\" \/>\n<meta property=\"article:author\" content=\"https:\/\/www.facebook.com\/hatem.bourial.2025\" \/>\n<meta property=\"article:published_time\" content=\"2025-07-14T09:16:43+00:00\" \/>\n<meta property=\"article:modified_time\" content=\"2025-07-14T09:17:47+00:00\" \/>\n<meta property=\"og:image\" content=\"https:\/\/www.webdo.tn\/fr\/wp-content\/uploads\/2025\/07\/A.-France.jpeg\" \/>\n\t<meta property=\"og:image:width\" content=\"544\" \/>\n\t<meta property=\"og:image:height\" content=\"352\" \/>\n\t<meta property=\"og:image:type\" content=\"image\/jpeg\" \/>\n<meta name=\"author\" content=\"Hatem Bourial\" \/>\n<meta name=\"twitter:card\" content=\"summary_large_image\" \/>\n<meta name=\"twitter:creator\" content=\"@webdo_tn\" \/>\n<meta name=\"twitter:site\" content=\"@webdo_tn\" \/>\n<meta name=\"twitter:label1\" content=\"\u00c9crit par\" \/>\n\t<meta name=\"twitter:data1\" content=\"Hatem Bourial\" \/>\n\t<meta name=\"twitter:label2\" content=\"Dur\u00e9e de lecture estim\u00e9e\" \/>\n\t<meta name=\"twitter:data2\" content=\"3 minutes\" \/>\n<script type=\"application\/ld+json\" class=\"yoast-schema-graph\">{\"@context\":\"https:\\\/\\\/schema.org\",\"@graph\":[{\"@type\":\"NewsArticle\",\"@id\":\"https:\\\/\\\/www.webdo.tn\\\/fr\\\/actualite\\\/chroniques\\\/petite-histoire-de-lambassade-de-france-a-tunis\\\/379638\\\/#article\",\"isPartOf\":{\"@id\":\"https:\\\/\\\/www.webdo.tn\\\/fr\\\/actualite\\\/chroniques\\\/petite-histoire-de-lambassade-de-france-a-tunis\\\/379638\\\/\"},\"author\":{\"name\":\"Hatem Bourial\",\"@id\":\"https:\\\/\\\/www.webdo.tn\\\/fr\\\/#\\\/schema\\\/person\\\/6bc0beba2cd23aec27cb5df85ca2554f\"},\"headline\":\"Petite histoire de l&rsquo;ambassade de France \u00e0 Tunis\",\"datePublished\":\"2025-07-14T09:16:43+00:00\",\"dateModified\":\"2025-07-14T09:17:47+00:00\",\"mainEntityOfPage\":{\"@id\":\"https:\\\/\\\/www.webdo.tn\\\/fr\\\/actualite\\\/chroniques\\\/petite-histoire-de-lambassade-de-france-a-tunis\\\/379638\\\/\"},\"wordCount\":545,\"commentCount\":0,\"publisher\":{\"@id\":\"https:\\\/\\\/www.webdo.tn\\\/fr\\\/#organization\"},\"image\":{\"@id\":\"https:\\\/\\\/www.webdo.tn\\\/fr\\\/actualite\\\/chroniques\\\/petite-histoire-de-lambassade-de-france-a-tunis\\\/379638\\\/#primaryimage\"},\"thumbnailUrl\":\"https:\\\/\\\/www.webdo.tn\\\/fr\\\/wp-content\\\/uploads\\\/2025\\\/07\\\/A.-France.jpeg\",\"keywords\":[\"ambassade de france en tunisie\",\"avenue bourguiba\",\"Tunisie\"],\"articleSection\":[\"Chroniques\"],\"inLanguage\":\"fr-FR\"},{\"@type\":\"WebPage\",\"@id\":\"https:\\\/\\\/www.webdo.tn\\\/fr\\\/actualite\\\/chroniques\\\/petite-histoire-de-lambassade-de-france-a-tunis\\\/379638\\\/\",\"url\":\"https:\\\/\\\/www.webdo.tn\\\/fr\\\/actualite\\\/chroniques\\\/petite-histoire-de-lambassade-de-france-a-tunis\\\/379638\\\/\",\"name\":\"Petite histoire de l'ambassade de France \u00e0 Tunis - webdo\",\"isPartOf\":{\"@id\":\"https:\\\/\\\/www.webdo.tn\\\/fr\\\/#website\"},\"primaryImageOfPage\":{\"@id\":\"https:\\\/\\\/www.webdo.tn\\\/fr\\\/actualite\\\/chroniques\\\/petite-histoire-de-lambassade-de-france-a-tunis\\\/379638\\\/#primaryimage\"},\"image\":{\"@id\":\"https:\\\/\\\/www.webdo.tn\\\/fr\\\/actualite\\\/chroniques\\\/petite-histoire-de-lambassade-de-france-a-tunis\\\/379638\\\/#primaryimage\"},\"thumbnailUrl\":\"https:\\\/\\\/www.webdo.tn\\\/fr\\\/wp-content\\\/uploads\\\/2025\\\/07\\\/A.-France.jpeg\",\"datePublished\":\"2025-07-14T09:16:43+00:00\",\"dateModified\":\"2025-07-14T09:17:47+00:00\",\"description\":\"D\u00e9couvrez l'histoire fascinante de l'ambassade de France \u00e0 Tunis, un \u00e9difice charg\u00e9 de m\u00e9moire depuis plus de 150 ans.\",\"breadcrumb\":{\"@id\":\"https:\\\/\\\/www.webdo.tn\\\/fr\\\/actualite\\\/chroniques\\\/petite-histoire-de-lambassade-de-france-a-tunis\\\/379638\\\/#breadcrumb\"},\"inLanguage\":\"fr-FR\",\"potentialAction\":[{\"@type\":\"ReadAction\",\"target\":[\"https:\\\/\\\/www.webdo.tn\\\/fr\\\/actualite\\\/chroniques\\\/petite-histoire-de-lambassade-de-france-a-tunis\\\/379638\\\/\"]}]},{\"@type\":\"ImageObject\",\"inLanguage\":\"fr-FR\",\"@id\":\"https:\\\/\\\/www.webdo.tn\\\/fr\\\/actualite\\\/chroniques\\\/petite-histoire-de-lambassade-de-france-a-tunis\\\/379638\\\/#primaryimage\",\"url\":\"https:\\\/\\\/www.webdo.tn\\\/fr\\\/wp-content\\\/uploads\\\/2025\\\/07\\\/A.-France.jpeg\",\"contentUrl\":\"https:\\\/\\\/www.webdo.tn\\\/fr\\\/wp-content\\\/uploads\\\/2025\\\/07\\\/A.-France.jpeg\",\"width\":544,\"height\":352,\"caption\":\"Petite histoire de l'ambassade de France \u00e0 Tunis\"},{\"@type\":\"BreadcrumbList\",\"@id\":\"https:\\\/\\\/www.webdo.tn\\\/fr\\\/actualite\\\/chroniques\\\/petite-histoire-de-lambassade-de-france-a-tunis\\\/379638\\\/#breadcrumb\",\"itemListElement\":[{\"@type\":\"ListItem\",\"position\":1,\"name\":\"Accueil\",\"item\":\"https:\\\/\\\/www.webdo.tn\\\/fr\\\/\"},{\"@type\":\"ListItem\",\"position\":2,\"name\":\"Petite histoire de l&rsquo;ambassade de France \u00e0 Tunis\"}]},{\"@type\":\"WebSite\",\"@id\":\"https:\\\/\\\/www.webdo.tn\\\/fr\\\/#website\",\"url\":\"https:\\\/\\\/www.webdo.tn\\\/fr\\\/\",\"name\":\"webdo\",\"description\":\"Tunisie - News en Tunisie et \u00e0 l&#039;international sur Webdo.tn\",\"publisher\":{\"@id\":\"https:\\\/\\\/www.webdo.tn\\\/fr\\\/#organization\"},\"potentialAction\":[{\"@type\":\"SearchAction\",\"target\":{\"@type\":\"EntryPoint\",\"urlTemplate\":\"https:\\\/\\\/www.webdo.tn\\\/fr\\\/?s={search_term_string}\"},\"query-input\":{\"@type\":\"PropertyValueSpecification\",\"valueRequired\":true,\"valueName\":\"search_term_string\"}}],\"inLanguage\":\"fr-FR\"},{\"@type\":\"Organization\",\"@id\":\"https:\\\/\\\/www.webdo.tn\\\/fr\\\/#organization\",\"name\":\"Webdo\",\"alternateName\":\"Webdo.tn\",\"url\":\"https:\\\/\\\/www.webdo.tn\\\/fr\\\/\",\"logo\":{\"@type\":\"ImageObject\",\"inLanguage\":\"fr-FR\",\"@id\":\"https:\\\/\\\/www.webdo.tn\\\/fr\\\/#\\\/schema\\\/logo\\\/image\\\/\",\"url\":\"https:\\\/\\\/www.webdo.tn\\\/fr\\\/wp-content\\\/uploads\\\/2025\\\/06\\\/Webdo-Tunisie_168377.jpg\",\"contentUrl\":\"https:\\\/\\\/www.webdo.tn\\\/fr\\\/wp-content\\\/uploads\\\/2025\\\/06\\\/Webdo-Tunisie_168377.jpg\",\"width\":301,\"height\":301,\"caption\":\"Webdo\"},\"image\":{\"@id\":\"https:\\\/\\\/www.webdo.tn\\\/fr\\\/#\\\/schema\\\/logo\\\/image\\\/\"},\"sameAs\":[\"https:\\\/\\\/www.facebook.com\\\/webdotn\",\"https:\\\/\\\/x.com\\\/webdo_tn\"],\"description\":\"Webdo est un m\u00e9dia num\u00e9rique tunisien fond\u00e9 en 2010, sp\u00e9cialis\u00e9 dans l\u2019actualit\u00e9 nationale et internationale, l\u2019\u00e9conomie, la soci\u00e9t\u00e9 et les analyses politiques. Le site s\u2019adresse \u00e0 un large public francophone et couvre l\u2019information tunisienne en temps r\u00e9el.\",\"email\":\"redac@webdo.tn\",\"legalName\":\"YNJ SARL\",\"foundingDate\":\"2010-09-06\",\"numberOfEmployees\":{\"@type\":\"QuantitativeValue\",\"minValue\":\"11\",\"maxValue\":\"50\"}},{\"@type\":\"Person\",\"@id\":\"https:\\\/\\\/www.webdo.tn\\\/fr\\\/#\\\/schema\\\/person\\\/6bc0beba2cd23aec27cb5df85ca2554f\",\"name\":\"Hatem Bourial\",\"image\":{\"@type\":\"ImageObject\",\"inLanguage\":\"fr-FR\",\"@id\":\"https:\\\/\\\/www.webdo.tn\\\/fr\\\/wp-content\\\/uploads\\\/2026\\\/04\\\/hatem-bourial_avatar-96x96.jpg\",\"url\":\"https:\\\/\\\/www.webdo.tn\\\/fr\\\/wp-content\\\/uploads\\\/2026\\\/04\\\/hatem-bourial_avatar-96x96.jpg\",\"contentUrl\":\"https:\\\/\\\/www.webdo.tn\\\/fr\\\/wp-content\\\/uploads\\\/2026\\\/04\\\/hatem-bourial_avatar-96x96.jpg\",\"caption\":\"Hatem Bourial\"},\"description\":\"Hatem Bourial est journaliste, \u00e9crivain et chroniqueur tunisien. Actif depuis plusieurs d\u00e9cennies, il s\u2019est impos\u00e9 comme un observateur attentif de la soci\u00e9t\u00e9 tunisienne, m\u00ealant dans ses \u00e9crits m\u00e9moire, culture et analyse du quotidien. Auteur de nombreux ouvrages, il d\u00e9veloppe une \u0153uvre \u00e0 la crois\u00e9e du r\u00e9cit, de la po\u00e9sie et de l\u2019observation sociologique. Parall\u00e8lement \u00e0 ses contributions dans la presse, il intervient r\u00e9guli\u00e8rement \u00e0 la radio et dans des espaces culturels, o\u00f9 il explore les enjeux li\u00e9s au patrimoine, \u00e0 l\u2019identit\u00e9 et aux transformations du monde contemporain. \u00c0 travers ses chroniques, Hatem Bourial propose une lecture sensible et approfondie de l\u2019actualit\u00e9, nourrie par une exp\u00e9rience journalistique et litt\u00e9raire reconnue. \ud83d\udd17 Facebook : https:\\\/\\\/www.facebook.com\\\/hatem.bourial.2025\",\"sameAs\":[\"https:\\\/\\\/www.facebook.com\\\/hatem.bourial.2025\",\"https:\\\/\\\/fr.wikipedia.org\\\/wiki\\\/Fichier:Hatem_Bourial.jpg\"],\"knowsAbout\":[\"Culture & patrimoine tunisien\",\"Chronique soci\u00e9tale\",\"Litt\u00e9rature & m\u00e9moire\",\"Cin\u00e9ma & critique culturelle\",\"Identit\u00e9 & mutations sociales\"],\"knowsLanguage\":[\"Arabe\",\"Fran\u00e7ais\",\"Anglais\",\"Italien\",\"Polonais\"],\"jobTitle\":\"Journaliste, \u00e9crivain et chroniqueur culturel\",\"worksFor\":\"Webdo\",\"url\":\"https:\\\/\\\/www.webdo.tn\\\/fr\\\/actualite\\\/author\\\/hatem-bourial-2\\\/\"}]}<\/script>\n<!-- \/ Yoast SEO Premium plugin. -->","yoast_head_json":{"title":"Petite histoire de l'ambassade de France \u00e0 Tunis - webdo","description":"D\u00e9couvrez l'histoire fascinante de l'ambassade de France \u00e0 Tunis, un \u00e9difice charg\u00e9 de m\u00e9moire depuis plus de 150 ans.","canonical":"https:\/\/www.webdo.tn\/fr\/actualite\/chroniques\/petite-histoire-de-lambassade-de-france-a-tunis\/379638\/","og_locale":"fr_FR","og_type":"article","og_title":"Petite histoire de l'ambassade de France \u00e0 Tunis","og_description":"D\u00e9couvrez l'histoire fascinante de l'ambassade de France \u00e0 Tunis, un \u00e9difice charg\u00e9 de m\u00e9moire depuis plus de 150 ans.","og_url":"https:\/\/www.webdo.tn\/fr\/actualite\/chroniques\/petite-histoire-de-lambassade-de-france-a-tunis\/379638\/","og_site_name":"webdo","article_publisher":"https:\/\/www.facebook.com\/webdotn","article_author":"https:\/\/www.facebook.com\/hatem.bourial.2025","article_published_time":"2025-07-14T09:16:43+00:00","article_modified_time":"2025-07-14T09:17:47+00:00","og_image":[{"width":544,"height":352,"url":"https:\/\/www.webdo.tn\/fr\/wp-content\/uploads\/2025\/07\/A.-France.jpeg","type":"image\/jpeg"}],"author":"Hatem Bourial","twitter_card":"summary_large_image","twitter_creator":"@webdo_tn","twitter_site":"@webdo_tn","twitter_misc":{"\u00c9crit par":"Hatem Bourial","Dur\u00e9e de lecture estim\u00e9e":"3 minutes"},"schema":{"@context":"https:\/\/schema.org","@graph":[{"@type":"NewsArticle","@id":"https:\/\/www.webdo.tn\/fr\/actualite\/chroniques\/petite-histoire-de-lambassade-de-france-a-tunis\/379638\/#article","isPartOf":{"@id":"https:\/\/www.webdo.tn\/fr\/actualite\/chroniques\/petite-histoire-de-lambassade-de-france-a-tunis\/379638\/"},"author":{"name":"Hatem Bourial","@id":"https:\/\/www.webdo.tn\/fr\/#\/schema\/person\/6bc0beba2cd23aec27cb5df85ca2554f"},"headline":"Petite histoire de l&rsquo;ambassade de France \u00e0 Tunis","datePublished":"2025-07-14T09:16:43+00:00","dateModified":"2025-07-14T09:17:47+00:00","mainEntityOfPage":{"@id":"https:\/\/www.webdo.tn\/fr\/actualite\/chroniques\/petite-histoire-de-lambassade-de-france-a-tunis\/379638\/"},"wordCount":545,"commentCount":0,"publisher":{"@id":"https:\/\/www.webdo.tn\/fr\/#organization"},"image":{"@id":"https:\/\/www.webdo.tn\/fr\/actualite\/chroniques\/petite-histoire-de-lambassade-de-france-a-tunis\/379638\/#primaryimage"},"thumbnailUrl":"https:\/\/www.webdo.tn\/fr\/wp-content\/uploads\/2025\/07\/A.-France.jpeg","keywords":["ambassade de france en tunisie","avenue bourguiba","Tunisie"],"articleSection":["Chroniques"],"inLanguage":"fr-FR"},{"@type":"WebPage","@id":"https:\/\/www.webdo.tn\/fr\/actualite\/chroniques\/petite-histoire-de-lambassade-de-france-a-tunis\/379638\/","url":"https:\/\/www.webdo.tn\/fr\/actualite\/chroniques\/petite-histoire-de-lambassade-de-france-a-tunis\/379638\/","name":"Petite histoire de l'ambassade de France \u00e0 Tunis - webdo","isPartOf":{"@id":"https:\/\/www.webdo.tn\/fr\/#website"},"primaryImageOfPage":{"@id":"https:\/\/www.webdo.tn\/fr\/actualite\/chroniques\/petite-histoire-de-lambassade-de-france-a-tunis\/379638\/#primaryimage"},"image":{"@id":"https:\/\/www.webdo.tn\/fr\/actualite\/chroniques\/petite-histoire-de-lambassade-de-france-a-tunis\/379638\/#primaryimage"},"thumbnailUrl":"https:\/\/www.webdo.tn\/fr\/wp-content\/uploads\/2025\/07\/A.-France.jpeg","datePublished":"2025-07-14T09:16:43+00:00","dateModified":"2025-07-14T09:17:47+00:00","description":"D\u00e9couvrez l'histoire fascinante de l'ambassade de France \u00e0 Tunis, un \u00e9difice charg\u00e9 de m\u00e9moire depuis plus de 150 ans.","breadcrumb":{"@id":"https:\/\/www.webdo.tn\/fr\/actualite\/chroniques\/petite-histoire-de-lambassade-de-france-a-tunis\/379638\/#breadcrumb"},"inLanguage":"fr-FR","potentialAction":[{"@type":"ReadAction","target":["https:\/\/www.webdo.tn\/fr\/actualite\/chroniques\/petite-histoire-de-lambassade-de-france-a-tunis\/379638\/"]}]},{"@type":"ImageObject","inLanguage":"fr-FR","@id":"https:\/\/www.webdo.tn\/fr\/actualite\/chroniques\/petite-histoire-de-lambassade-de-france-a-tunis\/379638\/#primaryimage","url":"https:\/\/www.webdo.tn\/fr\/wp-content\/uploads\/2025\/07\/A.-France.jpeg","contentUrl":"https:\/\/www.webdo.tn\/fr\/wp-content\/uploads\/2025\/07\/A.-France.jpeg","width":544,"height":352,"caption":"Petite histoire de l'ambassade de France \u00e0 Tunis"},{"@type":"BreadcrumbList","@id":"https:\/\/www.webdo.tn\/fr\/actualite\/chroniques\/petite-histoire-de-lambassade-de-france-a-tunis\/379638\/#breadcrumb","itemListElement":[{"@type":"ListItem","position":1,"name":"Accueil","item":"https:\/\/www.webdo.tn\/fr\/"},{"@type":"ListItem","position":2,"name":"Petite histoire de l&rsquo;ambassade de France \u00e0 Tunis"}]},{"@type":"WebSite","@id":"https:\/\/www.webdo.tn\/fr\/#website","url":"https:\/\/www.webdo.tn\/fr\/","name":"webdo","description":"Tunisie - News en Tunisie et \u00e0 l&#039;international sur Webdo.tn","publisher":{"@id":"https:\/\/www.webdo.tn\/fr\/#organization"},"potentialAction":[{"@type":"SearchAction","target":{"@type":"EntryPoint","urlTemplate":"https:\/\/www.webdo.tn\/fr\/?s={search_term_string}"},"query-input":{"@type":"PropertyValueSpecification","valueRequired":true,"valueName":"search_term_string"}}],"inLanguage":"fr-FR"},{"@type":"Organization","@id":"https:\/\/www.webdo.tn\/fr\/#organization","name":"Webdo","alternateName":"Webdo.tn","url":"https:\/\/www.webdo.tn\/fr\/","logo":{"@type":"ImageObject","inLanguage":"fr-FR","@id":"https:\/\/www.webdo.tn\/fr\/#\/schema\/logo\/image\/","url":"https:\/\/www.webdo.tn\/fr\/wp-content\/uploads\/2025\/06\/Webdo-Tunisie_168377.jpg","contentUrl":"https:\/\/www.webdo.tn\/fr\/wp-content\/uploads\/2025\/06\/Webdo-Tunisie_168377.jpg","width":301,"height":301,"caption":"Webdo"},"image":{"@id":"https:\/\/www.webdo.tn\/fr\/#\/schema\/logo\/image\/"},"sameAs":["https:\/\/www.facebook.com\/webdotn","https:\/\/x.com\/webdo_tn"],"description":"Webdo est un m\u00e9dia num\u00e9rique tunisien fond\u00e9 en 2010, sp\u00e9cialis\u00e9 dans l\u2019actualit\u00e9 nationale et internationale, l\u2019\u00e9conomie, la soci\u00e9t\u00e9 et les analyses politiques. Le site s\u2019adresse \u00e0 un large public francophone et couvre l\u2019information tunisienne en temps r\u00e9el.","email":"redac@webdo.tn","legalName":"YNJ SARL","foundingDate":"2010-09-06","numberOfEmployees":{"@type":"QuantitativeValue","minValue":"11","maxValue":"50"}},{"@type":"Person","@id":"https:\/\/www.webdo.tn\/fr\/#\/schema\/person\/6bc0beba2cd23aec27cb5df85ca2554f","name":"Hatem Bourial","image":{"@type":"ImageObject","inLanguage":"fr-FR","@id":"https:\/\/www.webdo.tn\/fr\/wp-content\/uploads\/2026\/04\/hatem-bourial_avatar-96x96.jpg","url":"https:\/\/www.webdo.tn\/fr\/wp-content\/uploads\/2026\/04\/hatem-bourial_avatar-96x96.jpg","contentUrl":"https:\/\/www.webdo.tn\/fr\/wp-content\/uploads\/2026\/04\/hatem-bourial_avatar-96x96.jpg","caption":"Hatem Bourial"},"description":"Hatem Bourial est journaliste, \u00e9crivain et chroniqueur tunisien. Actif depuis plusieurs d\u00e9cennies, il s\u2019est impos\u00e9 comme un observateur attentif de la soci\u00e9t\u00e9 tunisienne, m\u00ealant dans ses \u00e9crits m\u00e9moire, culture et analyse du quotidien. Auteur de nombreux ouvrages, il d\u00e9veloppe une \u0153uvre \u00e0 la crois\u00e9e du r\u00e9cit, de la po\u00e9sie et de l\u2019observation sociologique. Parall\u00e8lement \u00e0 ses contributions dans la presse, il intervient r\u00e9guli\u00e8rement \u00e0 la radio et dans des espaces culturels, o\u00f9 il explore les enjeux li\u00e9s au patrimoine, \u00e0 l\u2019identit\u00e9 et aux transformations du monde contemporain. \u00c0 travers ses chroniques, Hatem Bourial propose une lecture sensible et approfondie de l\u2019actualit\u00e9, nourrie par une exp\u00e9rience journalistique et litt\u00e9raire reconnue. \ud83d\udd17 Facebook : https:\/\/www.facebook.com\/hatem.bourial.2025","sameAs":["https:\/\/www.facebook.com\/hatem.bourial.2025","https:\/\/fr.wikipedia.org\/wiki\/Fichier:Hatem_Bourial.jpg"],"knowsAbout":["Culture & patrimoine tunisien","Chronique soci\u00e9tale","Litt\u00e9rature & m\u00e9moire","Cin\u00e9ma & critique culturelle","Identit\u00e9 & mutations sociales"],"knowsLanguage":["Arabe","Fran\u00e7ais","Anglais","Italien","Polonais"],"jobTitle":"Journaliste, \u00e9crivain et chroniqueur culturel","worksFor":"Webdo","url":"https:\/\/www.webdo.tn\/fr\/actualite\/author\/hatem-bourial-2\/"}]}},"_links":{"self":[{"href":"https:\/\/www.webdo.tn\/fr\/wp-json\/wp\/v2\/posts\/379638","targetHints":{"allow":["GET"]}}],"collection":[{"href":"https:\/\/www.webdo.tn\/fr\/wp-json\/wp\/v2\/posts"}],"about":[{"href":"https:\/\/www.webdo.tn\/fr\/wp-json\/wp\/v2\/types\/post"}],"author":[{"embeddable":true,"href":"https:\/\/www.webdo.tn\/fr\/wp-json\/wp\/v2\/users\/3229"}],"replies":[{"embeddable":true,"href":"https:\/\/www.webdo.tn\/fr\/wp-json\/wp\/v2\/comments?post=379638"}],"version-history":[{"count":0,"href":"https:\/\/www.webdo.tn\/fr\/wp-json\/wp\/v2\/posts\/379638\/revisions"}],"wp:featuredmedia":[{"embeddable":true,"href":"https:\/\/www.webdo.tn\/fr\/wp-json\/wp\/v2\/media\/379644"}],"wp:attachment":[{"href":"https:\/\/www.webdo.tn\/fr\/wp-json\/wp\/v2\/media?parent=379638"}],"wp:term":[{"taxonomy":"category","embeddable":true,"href":"https:\/\/www.webdo.tn\/fr\/wp-json\/wp\/v2\/categories?post=379638"},{"taxonomy":"post_tag","embeddable":true,"href":"https:\/\/www.webdo.tn\/fr\/wp-json\/wp\/v2\/tags?post=379638"}],"curies":[{"name":"wp","href":"https:\/\/api.w.org\/{rel}","templated":true}]}}