{"id":379603,"date":"2025-07-14T08:30:28","date_gmt":"2025-07-14T07:30:28","guid":{"rendered":"https:\/\/www.webdo.tn\/fr\/?p=379603"},"modified":"2025-07-14T10:06:31","modified_gmt":"2025-07-14T09:06:31","slug":"classement-wta-nouvelle-chute-pour-ons-jabeur-desormais-71e-mondiale","status":"publish","type":"post","link":"https:\/\/www.webdo.tn\/fr\/actualite\/sport\/classement-wta-nouvelle-chute-pour-ons-jabeur-desormais-71e-mondiale\/379603\/","title":{"rendered":"Classement WTA : Nouvelle chute pour Ons Jabeur, d\u00e9sormais 71e mondiale"},"content":{"rendered":"\n<p>La d\u00e9gringolade se poursuit pour Ons Jabeur. La Tunisienne a perdu douze places au dernier classement WTA publi\u00e9 ce lundi 14 juillet, se retrouvant au 71e rang mondial. Ce recul s\u2019inscrit dans une dynamique n\u00e9gative amorc\u00e9e depuis plusieurs mois.<\/p>\n\n\n\n<p>La joueuse de 29 ans a \u00e9t\u00e9 contrainte \u00e0 l\u2019abandon d\u00e8s le premier tour de Wimbledon, troisi\u00e8me lev\u00e9e du Grand Chelem, face \u00e0 la Bulgare Viktoriya Tomova. Bless\u00e9e, Jabeur s\u2019est retir\u00e9e alors qu\u2019elle \u00e9tait men\u00e9e 7-6, 2-0. Cette nouvelle sortie pr\u00e9matur\u00e9e compromet encore davantage sa saison 2025.<\/p>\n\n\n\n<p>En haut du classement, la Bi\u00e9lorusse Aryna Sabalenka conserve son tr\u00f4ne mondial, devant l\u2019Am\u00e9ricaine Coco Gauff. Iga \u015awi\u0105tek, laur\u00e9ate du tournoi londonien, grimpe \u00e0 la troisi\u00e8me place, rel\u00e9guant Jessica Pegula au quatri\u00e8me rang.<\/p>\n\n\n\n<p>La Russe Mirra Andreeva poursuit son ascension en gagnant deux places pour int\u00e9grer le Top 5, juste devant la Chinoise Qinwen Zheng. Finaliste malheureuse \u00e0 Wimbledon, Amanda Anisimova r\u00e9alise une belle progression en bondissant de cinq rangs pour s\u2019installer au septi\u00e8me.<\/p>\n\n\n\n<p>Madison Keys reste stable \u00e0 la huiti\u00e8me place, tandis que Jasmine Paolini glisse au neuvi\u00e8me rang. L\u2019Espagnole Paula Badosa ferme le Top 10 apr\u00e8s avoir perdu une position.<\/p>\n","protected":false},"excerpt":{"rendered":"<p>La d\u00e9gringolade se poursuit pour Ons Jabeur. La Tunisienne a perdu douze places au dernier classement WTA publi\u00e9 ce lundi 14 juillet, se retrouvant au 71e rang mondial. Ce recul s\u2019inscrit dans une dynamique n\u00e9gative amorc\u00e9e depuis plusieurs mois. La joueuse de 29 ans a \u00e9t\u00e9 contrainte \u00e0 l\u2019abandon d\u00e8s le premier tour de Wimbledon, [&hellip;]<\/p>\n","protected":false},"author":3191,"featured_media":379604,"comment_status":"open","ping_status":"open","sticky":false,"template":"","format":"standard","meta":{"footnotes":""},"categories":[2593],"tags":[2663,2604,2605],"class_list":["post-379603","post","type-post","status-publish","format-standard","has-post-thumbnail","hentry","category-sport","tag-classement-wta","tag-ons-jabeur","tag-tennis"],"yoast_head":"<!-- This site is optimized with the Yoast SEO Premium plugin v27.4 (Yoast SEO v27.5) - https:\/\/yoast.com\/product\/yoast-seo-premium-wordpress\/ -->\n<title>Ons Jabeur perd des places au classement WTA - webdo<\/title>\n<link rel=\"canonical\" href=\"https:\/\/www.webdo.tn\/fr\/actualite\/sport\/classement-wta-nouvelle-chute-pour-ons-jabeur-desormais-71e-mondiale\/379603\/\" \/>\n<meta property=\"og:locale\" content=\"fr_FR\" \/>\n<meta property=\"og:type\" content=\"article\" \/>\n<meta property=\"og:title\" content=\"Classement WTA : Nouvelle chute pour Ons Jabeur, d\u00e9sormais 71e mondiale\" \/>\n<meta property=\"og:description\" content=\"La d\u00e9gringolade se poursuit pour Ons Jabeur. La Tunisienne a perdu douze places au dernier classement WTA publi\u00e9 ce lundi 14 juillet, se retrouvant au 71e rang mondial. Ce recul s\u2019inscrit dans une dynamique n\u00e9gative amorc\u00e9e depuis plusieurs mois. La joueuse de 29 ans a \u00e9t\u00e9 contrainte \u00e0 l\u2019abandon d\u00e8s le premier tour de Wimbledon, [&hellip;]\" \/>\n<meta property=\"og:url\" content=\"https:\/\/www.webdo.tn\/fr\/actualite\/sport\/classement-wta-nouvelle-chute-pour-ons-jabeur-desormais-71e-mondiale\/379603\/\" \/>\n<meta property=\"og:site_name\" content=\"webdo\" \/>\n<meta property=\"article:publisher\" content=\"https:\/\/www.facebook.com\/webdotn\" \/>\n<meta property=\"article:published_time\" content=\"2025-07-14T07:30:28+00:00\" \/>\n<meta property=\"article:modified_time\" content=\"2025-07-14T09:06:31+00:00\" \/>\n<meta property=\"og:image\" content=\"https:\/\/www.webdo.tn\/fr\/wp-content\/uploads\/2025\/07\/Ons-Jabeur.jpg\" \/>\n\t<meta property=\"og:image:width\" content=\"840\" \/>\n\t<meta property=\"og:image:height\" content=\"488\" \/>\n\t<meta property=\"og:image:type\" content=\"image\/jpeg\" \/>\n<meta name=\"author\" content=\"Mohamed Hedi Touati\" \/>\n<meta name=\"twitter:card\" content=\"summary_large_image\" \/>\n<meta name=\"twitter:creator\" content=\"@webdo_tn\" \/>\n<meta name=\"twitter:site\" content=\"@webdo_tn\" \/>\n<meta name=\"twitter:label1\" content=\"\u00c9crit par\" \/>\n\t<meta name=\"twitter:data1\" content=\"Mohamed Hedi Touati\" \/>\n\t<meta name=\"twitter:label2\" content=\"Dur\u00e9e de lecture estim\u00e9e\" \/>\n\t<meta name=\"twitter:data2\" content=\"2 minutes\" \/>\n<script type=\"application\/ld+json\" class=\"yoast-schema-graph\">{\"@context\":\"https:\\\/\\\/schema.org\",\"@graph\":[{\"@type\":\"NewsArticle\",\"@id\":\"https:\\\/\\\/www.webdo.tn\\\/fr\\\/actualite\\\/sport\\\/classement-wta-nouvelle-chute-pour-ons-jabeur-desormais-71e-mondiale\\\/379603\\\/#article\",\"isPartOf\":{\"@id\":\"https:\\\/\\\/www.webdo.tn\\\/fr\\\/actualite\\\/sport\\\/classement-wta-nouvelle-chute-pour-ons-jabeur-desormais-71e-mondiale\\\/379603\\\/\"},\"author\":{\"name\":\"Mohamed Hedi Touati\",\"@id\":\"https:\\\/\\\/www.webdo.tn\\\/fr\\\/#\\\/schema\\\/person\\\/c652cd8fc2b1b44412b5ffb48c5a911d\"},\"headline\":\"Classement WTA : Nouvelle chute pour Ons Jabeur, d\u00e9sormais 71e mondiale\",\"datePublished\":\"2025-07-14T07:30:28+00:00\",\"dateModified\":\"2025-07-14T09:06:31+00:00\",\"mainEntityOfPage\":{\"@id\":\"https:\\\/\\\/www.webdo.tn\\\/fr\\\/actualite\\\/sport\\\/classement-wta-nouvelle-chute-pour-ons-jabeur-desormais-71e-mondiale\\\/379603\\\/\"},\"wordCount\":221,\"commentCount\":0,\"publisher\":{\"@id\":\"https:\\\/\\\/www.webdo.tn\\\/fr\\\/#organization\"},\"image\":{\"@id\":\"https:\\\/\\\/www.webdo.tn\\\/fr\\\/actualite\\\/sport\\\/classement-wta-nouvelle-chute-pour-ons-jabeur-desormais-71e-mondiale\\\/379603\\\/#primaryimage\"},\"thumbnailUrl\":\"https:\\\/\\\/www.webdo.tn\\\/fr\\\/wp-content\\\/uploads\\\/2025\\\/07\\\/Ons-Jabeur.jpg\",\"keywords\":[\"classement wta\",\"Ons Jabeur\",\"tennis\"],\"articleSection\":[\"Sport\"],\"inLanguage\":\"fr-FR\"},{\"@type\":\"WebPage\",\"@id\":\"https:\\\/\\\/www.webdo.tn\\\/fr\\\/actualite\\\/sport\\\/classement-wta-nouvelle-chute-pour-ons-jabeur-desormais-71e-mondiale\\\/379603\\\/\",\"url\":\"https:\\\/\\\/www.webdo.tn\\\/fr\\\/actualite\\\/sport\\\/classement-wta-nouvelle-chute-pour-ons-jabeur-desormais-71e-mondiale\\\/379603\\\/\",\"name\":\"Ons Jabeur perd des places au classement WTA - webdo\",\"isPartOf\":{\"@id\":\"https:\\\/\\\/www.webdo.tn\\\/fr\\\/#website\"},\"primaryImageOfPage\":{\"@id\":\"https:\\\/\\\/www.webdo.tn\\\/fr\\\/actualite\\\/sport\\\/classement-wta-nouvelle-chute-pour-ons-jabeur-desormais-71e-mondiale\\\/379603\\\/#primaryimage\"},\"image\":{\"@id\":\"https:\\\/\\\/www.webdo.tn\\\/fr\\\/actualite\\\/sport\\\/classement-wta-nouvelle-chute-pour-ons-jabeur-desormais-71e-mondiale\\\/379603\\\/#primaryimage\"},\"thumbnailUrl\":\"https:\\\/\\\/www.webdo.tn\\\/fr\\\/wp-content\\\/uploads\\\/2025\\\/07\\\/Ons-Jabeur.jpg\",\"datePublished\":\"2025-07-14T07:30:28+00:00\",\"dateModified\":\"2025-07-14T09:06:31+00:00\",\"breadcrumb\":{\"@id\":\"https:\\\/\\\/www.webdo.tn\\\/fr\\\/actualite\\\/sport\\\/classement-wta-nouvelle-chute-pour-ons-jabeur-desormais-71e-mondiale\\\/379603\\\/#breadcrumb\"},\"inLanguage\":\"fr-FR\",\"potentialAction\":[{\"@type\":\"ReadAction\",\"target\":[\"https:\\\/\\\/www.webdo.tn\\\/fr\\\/actualite\\\/sport\\\/classement-wta-nouvelle-chute-pour-ons-jabeur-desormais-71e-mondiale\\\/379603\\\/\"]}]},{\"@type\":\"ImageObject\",\"inLanguage\":\"fr-FR\",\"@id\":\"https:\\\/\\\/www.webdo.tn\\\/fr\\\/actualite\\\/sport\\\/classement-wta-nouvelle-chute-pour-ons-jabeur-desormais-71e-mondiale\\\/379603\\\/#primaryimage\",\"url\":\"https:\\\/\\\/www.webdo.tn\\\/fr\\\/wp-content\\\/uploads\\\/2025\\\/07\\\/Ons-Jabeur.jpg\",\"contentUrl\":\"https:\\\/\\\/www.webdo.tn\\\/fr\\\/wp-content\\\/uploads\\\/2025\\\/07\\\/Ons-Jabeur.jpg\",\"width\":840,\"height\":488,\"caption\":\"Nouvelle chute pour Ons Jabeur, d\u00e9sormais 71e mondiale\"},{\"@type\":\"BreadcrumbList\",\"@id\":\"https:\\\/\\\/www.webdo.tn\\\/fr\\\/actualite\\\/sport\\\/classement-wta-nouvelle-chute-pour-ons-jabeur-desormais-71e-mondiale\\\/379603\\\/#breadcrumb\",\"itemListElement\":[{\"@type\":\"ListItem\",\"position\":1,\"name\":\"Accueil\",\"item\":\"https:\\\/\\\/www.webdo.tn\\\/fr\\\/\"},{\"@type\":\"ListItem\",\"position\":2,\"name\":\"Classement WTA : Nouvelle chute pour Ons Jabeur, d\u00e9sormais 71e mondiale\"}]},{\"@type\":\"WebSite\",\"@id\":\"https:\\\/\\\/www.webdo.tn\\\/fr\\\/#website\",\"url\":\"https:\\\/\\\/www.webdo.tn\\\/fr\\\/\",\"name\":\"webdo\",\"description\":\"Tunisie - News en Tunisie et \u00e0 l&#039;international sur Webdo.tn\",\"publisher\":{\"@id\":\"https:\\\/\\\/www.webdo.tn\\\/fr\\\/#organization\"},\"potentialAction\":[{\"@type\":\"SearchAction\",\"target\":{\"@type\":\"EntryPoint\",\"urlTemplate\":\"https:\\\/\\\/www.webdo.tn\\\/fr\\\/?s={search_term_string}\"},\"query-input\":{\"@type\":\"PropertyValueSpecification\",\"valueRequired\":true,\"valueName\":\"search_term_string\"}}],\"inLanguage\":\"fr-FR\"},{\"@type\":\"Organization\",\"@id\":\"https:\\\/\\\/www.webdo.tn\\\/fr\\\/#organization\",\"name\":\"Webdo\",\"alternateName\":\"Webdo.tn\",\"url\":\"https:\\\/\\\/www.webdo.tn\\\/fr\\\/\",\"logo\":{\"@type\":\"ImageObject\",\"inLanguage\":\"fr-FR\",\"@id\":\"https:\\\/\\\/www.webdo.tn\\\/fr\\\/#\\\/schema\\\/logo\\\/image\\\/\",\"url\":\"https:\\\/\\\/www.webdo.tn\\\/fr\\\/wp-content\\\/uploads\\\/2025\\\/06\\\/Webdo-Tunisie_168377.jpg\",\"contentUrl\":\"https:\\\/\\\/www.webdo.tn\\\/fr\\\/wp-content\\\/uploads\\\/2025\\\/06\\\/Webdo-Tunisie_168377.jpg\",\"width\":301,\"height\":301,\"caption\":\"Webdo\"},\"image\":{\"@id\":\"https:\\\/\\\/www.webdo.tn\\\/fr\\\/#\\\/schema\\\/logo\\\/image\\\/\"},\"sameAs\":[\"https:\\\/\\\/www.facebook.com\\\/webdotn\",\"https:\\\/\\\/x.com\\\/webdo_tn\"],\"description\":\"Webdo est un m\u00e9dia num\u00e9rique tunisien fond\u00e9 en 2010, sp\u00e9cialis\u00e9 dans l\u2019actualit\u00e9 nationale et internationale, l\u2019\u00e9conomie, la soci\u00e9t\u00e9 et les analyses politiques. Le site s\u2019adresse \u00e0 un large public francophone et couvre l\u2019information tunisienne en temps r\u00e9el.\",\"email\":\"redac@webdo.tn\",\"legalName\":\"YNJ SARL\",\"foundingDate\":\"2010-09-06\",\"numberOfEmployees\":{\"@type\":\"QuantitativeValue\",\"minValue\":\"11\",\"maxValue\":\"50\"}},{\"@type\":\"Person\",\"@id\":\"https:\\\/\\\/www.webdo.tn\\\/fr\\\/#\\\/schema\\\/person\\\/c652cd8fc2b1b44412b5ffb48c5a911d\",\"name\":\"Mohamed Hedi Touati\",\"image\":{\"@type\":\"ImageObject\",\"inLanguage\":\"fr-FR\",\"@id\":\"https:\\\/\\\/secure.gravatar.com\\\/avatar\\\/9cfd402c745b7a685f13eed0ea6e59d2144a3c2fc50a3db6fd5ed451f6cddf1a?s=96&d=mm&r=g\",\"url\":\"https:\\\/\\\/secure.gravatar.com\\\/avatar\\\/9cfd402c745b7a685f13eed0ea6e59d2144a3c2fc50a3db6fd5ed451f6cddf1a?s=96&d=mm&r=g\",\"contentUrl\":\"https:\\\/\\\/secure.gravatar.com\\\/avatar\\\/9cfd402c745b7a685f13eed0ea6e59d2144a3c2fc50a3db6fd5ed451f6cddf1a?s=96&d=mm&r=g\",\"caption\":\"Mohamed Hedi Touati\"},\"url\":\"https:\\\/\\\/www.webdo.tn\\\/fr\\\/actualite\\\/author\\\/mohamed-hedi-touati\\\/\"}]}<\/script>\n<!-- \/ Yoast SEO Premium plugin. -->","yoast_head_json":{"title":"Ons Jabeur perd des places au classement WTA - webdo","canonical":"https:\/\/www.webdo.tn\/fr\/actualite\/sport\/classement-wta-nouvelle-chute-pour-ons-jabeur-desormais-71e-mondiale\/379603\/","og_locale":"fr_FR","og_type":"article","og_title":"Classement WTA : Nouvelle chute pour Ons Jabeur, d\u00e9sormais 71e mondiale","og_description":"La d\u00e9gringolade se poursuit pour Ons Jabeur. La Tunisienne a perdu douze places au dernier classement WTA publi\u00e9 ce lundi 14 juillet, se retrouvant au 71e rang mondial. Ce recul s\u2019inscrit dans une dynamique n\u00e9gative amorc\u00e9e depuis plusieurs mois. La joueuse de 29 ans a \u00e9t\u00e9 contrainte \u00e0 l\u2019abandon d\u00e8s le premier tour de Wimbledon, [&hellip;]","og_url":"https:\/\/www.webdo.tn\/fr\/actualite\/sport\/classement-wta-nouvelle-chute-pour-ons-jabeur-desormais-71e-mondiale\/379603\/","og_site_name":"webdo","article_publisher":"https:\/\/www.facebook.com\/webdotn","article_published_time":"2025-07-14T07:30:28+00:00","article_modified_time":"2025-07-14T09:06:31+00:00","og_image":[{"width":840,"height":488,"url":"https:\/\/www.webdo.tn\/fr\/wp-content\/uploads\/2025\/07\/Ons-Jabeur.jpg","type":"image\/jpeg"}],"author":"Mohamed Hedi Touati","twitter_card":"summary_large_image","twitter_creator":"@webdo_tn","twitter_site":"@webdo_tn","twitter_misc":{"\u00c9crit par":"Mohamed Hedi Touati","Dur\u00e9e de lecture estim\u00e9e":"2 minutes"},"schema":{"@context":"https:\/\/schema.org","@graph":[{"@type":"NewsArticle","@id":"https:\/\/www.webdo.tn\/fr\/actualite\/sport\/classement-wta-nouvelle-chute-pour-ons-jabeur-desormais-71e-mondiale\/379603\/#article","isPartOf":{"@id":"https:\/\/www.webdo.tn\/fr\/actualite\/sport\/classement-wta-nouvelle-chute-pour-ons-jabeur-desormais-71e-mondiale\/379603\/"},"author":{"name":"Mohamed Hedi Touati","@id":"https:\/\/www.webdo.tn\/fr\/#\/schema\/person\/c652cd8fc2b1b44412b5ffb48c5a911d"},"headline":"Classement WTA : Nouvelle chute pour Ons Jabeur, d\u00e9sormais 71e mondiale","datePublished":"2025-07-14T07:30:28+00:00","dateModified":"2025-07-14T09:06:31+00:00","mainEntityOfPage":{"@id":"https:\/\/www.webdo.tn\/fr\/actualite\/sport\/classement-wta-nouvelle-chute-pour-ons-jabeur-desormais-71e-mondiale\/379603\/"},"wordCount":221,"commentCount":0,"publisher":{"@id":"https:\/\/www.webdo.tn\/fr\/#organization"},"image":{"@id":"https:\/\/www.webdo.tn\/fr\/actualite\/sport\/classement-wta-nouvelle-chute-pour-ons-jabeur-desormais-71e-mondiale\/379603\/#primaryimage"},"thumbnailUrl":"https:\/\/www.webdo.tn\/fr\/wp-content\/uploads\/2025\/07\/Ons-Jabeur.jpg","keywords":["classement wta","Ons Jabeur","tennis"],"articleSection":["Sport"],"inLanguage":"fr-FR"},{"@type":"WebPage","@id":"https:\/\/www.webdo.tn\/fr\/actualite\/sport\/classement-wta-nouvelle-chute-pour-ons-jabeur-desormais-71e-mondiale\/379603\/","url":"https:\/\/www.webdo.tn\/fr\/actualite\/sport\/classement-wta-nouvelle-chute-pour-ons-jabeur-desormais-71e-mondiale\/379603\/","name":"Ons Jabeur perd des places au classement WTA - webdo","isPartOf":{"@id":"https:\/\/www.webdo.tn\/fr\/#website"},"primaryImageOfPage":{"@id":"https:\/\/www.webdo.tn\/fr\/actualite\/sport\/classement-wta-nouvelle-chute-pour-ons-jabeur-desormais-71e-mondiale\/379603\/#primaryimage"},"image":{"@id":"https:\/\/www.webdo.tn\/fr\/actualite\/sport\/classement-wta-nouvelle-chute-pour-ons-jabeur-desormais-71e-mondiale\/379603\/#primaryimage"},"thumbnailUrl":"https:\/\/www.webdo.tn\/fr\/wp-content\/uploads\/2025\/07\/Ons-Jabeur.jpg","datePublished":"2025-07-14T07:30:28+00:00","dateModified":"2025-07-14T09:06:31+00:00","breadcrumb":{"@id":"https:\/\/www.webdo.tn\/fr\/actualite\/sport\/classement-wta-nouvelle-chute-pour-ons-jabeur-desormais-71e-mondiale\/379603\/#breadcrumb"},"inLanguage":"fr-FR","potentialAction":[{"@type":"ReadAction","target":["https:\/\/www.webdo.tn\/fr\/actualite\/sport\/classement-wta-nouvelle-chute-pour-ons-jabeur-desormais-71e-mondiale\/379603\/"]}]},{"@type":"ImageObject","inLanguage":"fr-FR","@id":"https:\/\/www.webdo.tn\/fr\/actualite\/sport\/classement-wta-nouvelle-chute-pour-ons-jabeur-desormais-71e-mondiale\/379603\/#primaryimage","url":"https:\/\/www.webdo.tn\/fr\/wp-content\/uploads\/2025\/07\/Ons-Jabeur.jpg","contentUrl":"https:\/\/www.webdo.tn\/fr\/wp-content\/uploads\/2025\/07\/Ons-Jabeur.jpg","width":840,"height":488,"caption":"Nouvelle chute pour Ons Jabeur, d\u00e9sormais 71e mondiale"},{"@type":"BreadcrumbList","@id":"https:\/\/www.webdo.tn\/fr\/actualite\/sport\/classement-wta-nouvelle-chute-pour-ons-jabeur-desormais-71e-mondiale\/379603\/#breadcrumb","itemListElement":[{"@type":"ListItem","position":1,"name":"Accueil","item":"https:\/\/www.webdo.tn\/fr\/"},{"@type":"ListItem","position":2,"name":"Classement WTA : Nouvelle chute pour Ons Jabeur, d\u00e9sormais 71e mondiale"}]},{"@type":"WebSite","@id":"https:\/\/www.webdo.tn\/fr\/#website","url":"https:\/\/www.webdo.tn\/fr\/","name":"webdo","description":"Tunisie - News en Tunisie et \u00e0 l&#039;international sur Webdo.tn","publisher":{"@id":"https:\/\/www.webdo.tn\/fr\/#organization"},"potentialAction":[{"@type":"SearchAction","target":{"@type":"EntryPoint","urlTemplate":"https:\/\/www.webdo.tn\/fr\/?s={search_term_string}"},"query-input":{"@type":"PropertyValueSpecification","valueRequired":true,"valueName":"search_term_string"}}],"inLanguage":"fr-FR"},{"@type":"Organization","@id":"https:\/\/www.webdo.tn\/fr\/#organization","name":"Webdo","alternateName":"Webdo.tn","url":"https:\/\/www.webdo.tn\/fr\/","logo":{"@type":"ImageObject","inLanguage":"fr-FR","@id":"https:\/\/www.webdo.tn\/fr\/#\/schema\/logo\/image\/","url":"https:\/\/www.webdo.tn\/fr\/wp-content\/uploads\/2025\/06\/Webdo-Tunisie_168377.jpg","contentUrl":"https:\/\/www.webdo.tn\/fr\/wp-content\/uploads\/2025\/06\/Webdo-Tunisie_168377.jpg","width":301,"height":301,"caption":"Webdo"},"image":{"@id":"https:\/\/www.webdo.tn\/fr\/#\/schema\/logo\/image\/"},"sameAs":["https:\/\/www.facebook.com\/webdotn","https:\/\/x.com\/webdo_tn"],"description":"Webdo est un m\u00e9dia num\u00e9rique tunisien fond\u00e9 en 2010, sp\u00e9cialis\u00e9 dans l\u2019actualit\u00e9 nationale et internationale, l\u2019\u00e9conomie, la soci\u00e9t\u00e9 et les analyses politiques. Le site s\u2019adresse \u00e0 un large public francophone et couvre l\u2019information tunisienne en temps r\u00e9el.","email":"redac@webdo.tn","legalName":"YNJ SARL","foundingDate":"2010-09-06","numberOfEmployees":{"@type":"QuantitativeValue","minValue":"11","maxValue":"50"}},{"@type":"Person","@id":"https:\/\/www.webdo.tn\/fr\/#\/schema\/person\/c652cd8fc2b1b44412b5ffb48c5a911d","name":"Mohamed Hedi Touati","image":{"@type":"ImageObject","inLanguage":"fr-FR","@id":"https:\/\/secure.gravatar.com\/avatar\/9cfd402c745b7a685f13eed0ea6e59d2144a3c2fc50a3db6fd5ed451f6cddf1a?s=96&d=mm&r=g","url":"https:\/\/secure.gravatar.com\/avatar\/9cfd402c745b7a685f13eed0ea6e59d2144a3c2fc50a3db6fd5ed451f6cddf1a?s=96&d=mm&r=g","contentUrl":"https:\/\/secure.gravatar.com\/avatar\/9cfd402c745b7a685f13eed0ea6e59d2144a3c2fc50a3db6fd5ed451f6cddf1a?s=96&d=mm&r=g","caption":"Mohamed Hedi Touati"},"url":"https:\/\/www.webdo.tn\/fr\/actualite\/author\/mohamed-hedi-touati\/"}]}},"_links":{"self":[{"href":"https:\/\/www.webdo.tn\/fr\/wp-json\/wp\/v2\/posts\/379603","targetHints":{"allow":["GET"]}}],"collection":[{"href":"https:\/\/www.webdo.tn\/fr\/wp-json\/wp\/v2\/posts"}],"about":[{"href":"https:\/\/www.webdo.tn\/fr\/wp-json\/wp\/v2\/types\/post"}],"author":[{"embeddable":true,"href":"https:\/\/www.webdo.tn\/fr\/wp-json\/wp\/v2\/users\/3191"}],"replies":[{"embeddable":true,"href":"https:\/\/www.webdo.tn\/fr\/wp-json\/wp\/v2\/comments?post=379603"}],"version-history":[{"count":0,"href":"https:\/\/www.webdo.tn\/fr\/wp-json\/wp\/v2\/posts\/379603\/revisions"}],"wp:featuredmedia":[{"embeddable":true,"href":"https:\/\/www.webdo.tn\/fr\/wp-json\/wp\/v2\/media\/379604"}],"wp:attachment":[{"href":"https:\/\/www.webdo.tn\/fr\/wp-json\/wp\/v2\/media?parent=379603"}],"wp:term":[{"taxonomy":"category","embeddable":true,"href":"https:\/\/www.webdo.tn\/fr\/wp-json\/wp\/v2\/categories?post=379603"},{"taxonomy":"post_tag","embeddable":true,"href":"https:\/\/www.webdo.tn\/fr\/wp-json\/wp\/v2\/tags?post=379603"}],"curies":[{"name":"wp","href":"https:\/\/api.w.org\/{rel}","templated":true}]}}