{"id":379561,"date":"2025-07-12T10:03:10","date_gmt":"2025-07-12T09:03:10","guid":{"rendered":"https:\/\/www.webdo.tn\/fr\/?p=379561"},"modified":"2025-07-12T10:03:11","modified_gmt":"2025-07-12T09:03:11","slug":"tunisie-pluies-grele-et-vents-violents-sur-plusieurs-regions","status":"publish","type":"post","link":"https:\/\/www.webdo.tn\/fr\/actualite\/national\/tunisie-pluies-grele-et-vents-violents-sur-plusieurs-regions\/379561\/","title":{"rendered":"Tunisie : Pluies, gr\u00eale et vents violents sur plusieurs r\u00e9gions"},"content":{"rendered":"\n<p>L\u2019Institut National de la M\u00e9t\u00e9orologie (INM) annonce l\u2019arriv\u00e9e de fortes perturbations climatiques sur le Nord-Ouest et le Centre-Ouest du pays. Des pluies parfois intenses, accompagn\u00e9es de gr\u00eale et de vents violents, sont pr\u00e9vues ce samedi dans plusieurs gouvernorats.<\/p>\n\n\n\n<p>Dans un bulletin de suivi publi\u00e9 ce samedi matin, l\u2019Institut National de la M\u00e9t\u00e9orologie (INM) a averti de l\u2019arriv\u00e9e de cellules orageuses actives sur les r\u00e9gions du Nord-Ouest et du Centre-Ouest. Ces orages seront accompagn\u00e9s de pluies localement abondantes, susceptibles de s\u2019\u00e9tendre progressivement vers les r\u00e9gions de l\u2019Est.<\/p>\n\n\n\n<p>Les gouvernorats de Kasserine, Siliana, Zaghouan, Kairouan et du Kef sont particuli\u00e8rement concern\u00e9s par ces pr\u00e9cipitations. Selon les pr\u00e9visions, les quantit\u00e9s de pluie pourraient atteindre entre 20 et 40 millim\u00e8tres par endroits, avec un risque de gr\u00eale.<\/p>\n\n\n\n<p>Parall\u00e8lement, les vents devraient se renforcer dans le Sud-Ouest du pays, soulevant localement des tourbillons de sable. Des rafales d\u00e9passant temporairement les 80 km\/h sont \u00e9galement attendues lors du passage des cellules orageuses.<\/p>\n","protected":false},"excerpt":{"rendered":"<p>L\u2019Institut National de la M\u00e9t\u00e9orologie (INM) annonce l\u2019arriv\u00e9e de fortes perturbations climatiques sur le Nord-Ouest et le Centre-Ouest du pays. Des pluies parfois intenses, accompagn\u00e9es de gr\u00eale et de vents violents, sont pr\u00e9vues ce samedi dans plusieurs gouvernorats. Dans un bulletin de suivi publi\u00e9 ce samedi matin, l\u2019Institut National de la M\u00e9t\u00e9orologie (INM) a averti [&hellip;]<\/p>\n","protected":false},"author":3191,"featured_media":379562,"comment_status":"open","ping_status":"open","sticky":false,"template":"","format":"standard","meta":{"footnotes":""},"categories":[44],"tags":[2674,2670,2795,2671,2608,3363],"class_list":["post-379561","post","type-post","status-publish","format-standard","has-post-thumbnail","hentry","category-national","tag-grele","tag-meteo","tag-orages","tag-pluie","tag-tunisie","tag-vent"],"yoast_head":"<!-- This site is optimized with the Yoast SEO Premium plugin v27.5 (Yoast SEO v27.5) - https:\/\/yoast.com\/product\/yoast-seo-premium-wordpress\/ -->\n<title>Tunisie : Pluies, gr\u00eale et vents violents sur plusieurs r\u00e9gions - webdo<\/title>\n<meta name=\"description\" content=\"L&#039;INM pr\u00e9vient des pluies intenses et orages sur le Nord-Ouest et le Centre-Ouest. Restez inform\u00e9s des conditions m\u00e9t\u00e9o.\" \/>\n<link rel=\"canonical\" href=\"https:\/\/www.webdo.tn\/fr\/actualite\/national\/tunisie-pluies-grele-et-vents-violents-sur-plusieurs-regions\/379561\/\" \/>\n<meta property=\"og:locale\" content=\"fr_FR\" \/>\n<meta property=\"og:type\" content=\"article\" \/>\n<meta property=\"og:title\" content=\"Tunisie : Pluies, gr\u00eale et vents violents sur plusieurs r\u00e9gions\" \/>\n<meta property=\"og:description\" content=\"L&#039;INM pr\u00e9vient des pluies intenses et orages sur le Nord-Ouest et le Centre-Ouest. Restez inform\u00e9s des conditions m\u00e9t\u00e9o.\" \/>\n<meta property=\"og:url\" content=\"https:\/\/www.webdo.tn\/fr\/actualite\/national\/tunisie-pluies-grele-et-vents-violents-sur-plusieurs-regions\/379561\/\" \/>\n<meta property=\"og:site_name\" content=\"webdo\" \/>\n<meta property=\"article:publisher\" content=\"https:\/\/www.facebook.com\/webdotn\" \/>\n<meta property=\"article:published_time\" content=\"2025-07-12T09:03:10+00:00\" \/>\n<meta property=\"article:modified_time\" content=\"2025-07-12T09:03:11+00:00\" \/>\n<meta property=\"og:image\" content=\"https:\/\/www.webdo.tn\/fr\/wp-content\/uploads\/2025\/07\/rafales_de_vents_tunisie.jpg\" \/>\n\t<meta property=\"og:image:width\" content=\"625\" \/>\n\t<meta property=\"og:image:height\" content=\"352\" \/>\n\t<meta property=\"og:image:type\" content=\"image\/jpeg\" \/>\n<meta name=\"author\" content=\"Mohamed Hedi Touati\" \/>\n<meta name=\"twitter:card\" content=\"summary_large_image\" \/>\n<meta name=\"twitter:creator\" content=\"@webdo_tn\" \/>\n<meta name=\"twitter:site\" content=\"@webdo_tn\" \/>\n<meta name=\"twitter:label1\" content=\"\u00c9crit par\" \/>\n\t<meta name=\"twitter:data1\" content=\"Mohamed Hedi Touati\" \/>\n\t<meta name=\"twitter:label2\" content=\"Dur\u00e9e de lecture estim\u00e9e\" \/>\n\t<meta name=\"twitter:data2\" content=\"1 minute\" \/>\n<script type=\"application\/ld+json\" class=\"yoast-schema-graph\">{\"@context\":\"https:\\\/\\\/schema.org\",\"@graph\":[{\"@type\":\"NewsArticle\",\"@id\":\"https:\\\/\\\/www.webdo.tn\\\/fr\\\/actualite\\\/national\\\/tunisie-pluies-grele-et-vents-violents-sur-plusieurs-regions\\\/379561\\\/#article\",\"isPartOf\":{\"@id\":\"https:\\\/\\\/www.webdo.tn\\\/fr\\\/actualite\\\/national\\\/tunisie-pluies-grele-et-vents-violents-sur-plusieurs-regions\\\/379561\\\/\"},\"author\":{\"name\":\"Mohamed Hedi Touati\",\"@id\":\"https:\\\/\\\/www.webdo.tn\\\/fr\\\/#\\\/schema\\\/person\\\/c652cd8fc2b1b44412b5ffb48c5a911d\"},\"headline\":\"Tunisie : Pluies, gr\u00eale et vents violents sur plusieurs r\u00e9gions\",\"datePublished\":\"2025-07-12T09:03:10+00:00\",\"dateModified\":\"2025-07-12T09:03:11+00:00\",\"mainEntityOfPage\":{\"@id\":\"https:\\\/\\\/www.webdo.tn\\\/fr\\\/actualite\\\/national\\\/tunisie-pluies-grele-et-vents-violents-sur-plusieurs-regions\\\/379561\\\/\"},\"wordCount\":192,\"commentCount\":0,\"publisher\":{\"@id\":\"https:\\\/\\\/www.webdo.tn\\\/fr\\\/#organization\"},\"image\":{\"@id\":\"https:\\\/\\\/www.webdo.tn\\\/fr\\\/actualite\\\/national\\\/tunisie-pluies-grele-et-vents-violents-sur-plusieurs-regions\\\/379561\\\/#primaryimage\"},\"thumbnailUrl\":\"https:\\\/\\\/www.webdo.tn\\\/fr\\\/wp-content\\\/uploads\\\/2025\\\/07\\\/rafales_de_vents_tunisie.jpg\",\"keywords\":[\"gr\u00eale\",\"m\u00e9t\u00e9o\",\"Orages\",\"Pluie\",\"Tunisie\",\"Vent\"],\"articleSection\":[\"National\"],\"inLanguage\":\"fr-FR\"},{\"@type\":\"WebPage\",\"@id\":\"https:\\\/\\\/www.webdo.tn\\\/fr\\\/actualite\\\/national\\\/tunisie-pluies-grele-et-vents-violents-sur-plusieurs-regions\\\/379561\\\/\",\"url\":\"https:\\\/\\\/www.webdo.tn\\\/fr\\\/actualite\\\/national\\\/tunisie-pluies-grele-et-vents-violents-sur-plusieurs-regions\\\/379561\\\/\",\"name\":\"Tunisie : Pluies, gr\u00eale et vents violents sur plusieurs r\u00e9gions - webdo\",\"isPartOf\":{\"@id\":\"https:\\\/\\\/www.webdo.tn\\\/fr\\\/#website\"},\"primaryImageOfPage\":{\"@id\":\"https:\\\/\\\/www.webdo.tn\\\/fr\\\/actualite\\\/national\\\/tunisie-pluies-grele-et-vents-violents-sur-plusieurs-regions\\\/379561\\\/#primaryimage\"},\"image\":{\"@id\":\"https:\\\/\\\/www.webdo.tn\\\/fr\\\/actualite\\\/national\\\/tunisie-pluies-grele-et-vents-violents-sur-plusieurs-regions\\\/379561\\\/#primaryimage\"},\"thumbnailUrl\":\"https:\\\/\\\/www.webdo.tn\\\/fr\\\/wp-content\\\/uploads\\\/2025\\\/07\\\/rafales_de_vents_tunisie.jpg\",\"datePublished\":\"2025-07-12T09:03:10+00:00\",\"dateModified\":\"2025-07-12T09:03:11+00:00\",\"description\":\"L'INM pr\u00e9vient des pluies intenses et orages sur le Nord-Ouest et le Centre-Ouest. Restez inform\u00e9s des conditions m\u00e9t\u00e9o.\",\"breadcrumb\":{\"@id\":\"https:\\\/\\\/www.webdo.tn\\\/fr\\\/actualite\\\/national\\\/tunisie-pluies-grele-et-vents-violents-sur-plusieurs-regions\\\/379561\\\/#breadcrumb\"},\"inLanguage\":\"fr-FR\",\"potentialAction\":[{\"@type\":\"ReadAction\",\"target\":[\"https:\\\/\\\/www.webdo.tn\\\/fr\\\/actualite\\\/national\\\/tunisie-pluies-grele-et-vents-violents-sur-plusieurs-regions\\\/379561\\\/\"]}]},{\"@type\":\"ImageObject\",\"inLanguage\":\"fr-FR\",\"@id\":\"https:\\\/\\\/www.webdo.tn\\\/fr\\\/actualite\\\/national\\\/tunisie-pluies-grele-et-vents-violents-sur-plusieurs-regions\\\/379561\\\/#primaryimage\",\"url\":\"https:\\\/\\\/www.webdo.tn\\\/fr\\\/wp-content\\\/uploads\\\/2025\\\/07\\\/rafales_de_vents_tunisie.jpg\",\"contentUrl\":\"https:\\\/\\\/www.webdo.tn\\\/fr\\\/wp-content\\\/uploads\\\/2025\\\/07\\\/rafales_de_vents_tunisie.jpg\",\"width\":625,\"height\":352,\"caption\":\"Pluies, gr\u00eale et vents violents sur plusieurs r\u00e9gions\"},{\"@type\":\"BreadcrumbList\",\"@id\":\"https:\\\/\\\/www.webdo.tn\\\/fr\\\/actualite\\\/national\\\/tunisie-pluies-grele-et-vents-violents-sur-plusieurs-regions\\\/379561\\\/#breadcrumb\",\"itemListElement\":[{\"@type\":\"ListItem\",\"position\":1,\"name\":\"Accueil\",\"item\":\"https:\\\/\\\/www.webdo.tn\\\/fr\\\/\"},{\"@type\":\"ListItem\",\"position\":2,\"name\":\"Tunisie : Pluies, gr\u00eale et vents violents sur plusieurs r\u00e9gions\"}]},{\"@type\":\"WebSite\",\"@id\":\"https:\\\/\\\/www.webdo.tn\\\/fr\\\/#website\",\"url\":\"https:\\\/\\\/www.webdo.tn\\\/fr\\\/\",\"name\":\"webdo\",\"description\":\"Tunisie - News en Tunisie et \u00e0 l&#039;international sur Webdo.tn\",\"publisher\":{\"@id\":\"https:\\\/\\\/www.webdo.tn\\\/fr\\\/#organization\"},\"potentialAction\":[{\"@type\":\"SearchAction\",\"target\":{\"@type\":\"EntryPoint\",\"urlTemplate\":\"https:\\\/\\\/www.webdo.tn\\\/fr\\\/?s={search_term_string}\"},\"query-input\":{\"@type\":\"PropertyValueSpecification\",\"valueRequired\":true,\"valueName\":\"search_term_string\"}}],\"inLanguage\":\"fr-FR\"},{\"@type\":\"Organization\",\"@id\":\"https:\\\/\\\/www.webdo.tn\\\/fr\\\/#organization\",\"name\":\"Webdo\",\"alternateName\":\"Webdo.tn\",\"url\":\"https:\\\/\\\/www.webdo.tn\\\/fr\\\/\",\"logo\":{\"@type\":\"ImageObject\",\"inLanguage\":\"fr-FR\",\"@id\":\"https:\\\/\\\/www.webdo.tn\\\/fr\\\/#\\\/schema\\\/logo\\\/image\\\/\",\"url\":\"https:\\\/\\\/www.webdo.tn\\\/fr\\\/wp-content\\\/uploads\\\/2025\\\/06\\\/Webdo-Tunisie_168377.jpg\",\"contentUrl\":\"https:\\\/\\\/www.webdo.tn\\\/fr\\\/wp-content\\\/uploads\\\/2025\\\/06\\\/Webdo-Tunisie_168377.jpg\",\"width\":301,\"height\":301,\"caption\":\"Webdo\"},\"image\":{\"@id\":\"https:\\\/\\\/www.webdo.tn\\\/fr\\\/#\\\/schema\\\/logo\\\/image\\\/\"},\"sameAs\":[\"https:\\\/\\\/www.facebook.com\\\/webdotn\",\"https:\\\/\\\/x.com\\\/webdo_tn\"],\"description\":\"Webdo est un m\u00e9dia num\u00e9rique tunisien fond\u00e9 en 2010, sp\u00e9cialis\u00e9 dans l\u2019actualit\u00e9 nationale et internationale, l\u2019\u00e9conomie, la soci\u00e9t\u00e9 et les analyses politiques. Le site s\u2019adresse \u00e0 un large public francophone et couvre l\u2019information tunisienne en temps r\u00e9el.\",\"email\":\"redac@webdo.tn\",\"legalName\":\"YNJ SARL\",\"foundingDate\":\"2010-09-06\",\"numberOfEmployees\":{\"@type\":\"QuantitativeValue\",\"minValue\":\"11\",\"maxValue\":\"50\"}},{\"@type\":\"Person\",\"@id\":\"https:\\\/\\\/www.webdo.tn\\\/fr\\\/#\\\/schema\\\/person\\\/c652cd8fc2b1b44412b5ffb48c5a911d\",\"name\":\"Mohamed Hedi Touati\",\"image\":{\"@type\":\"ImageObject\",\"inLanguage\":\"fr-FR\",\"@id\":\"https:\\\/\\\/secure.gravatar.com\\\/avatar\\\/9cfd402c745b7a685f13eed0ea6e59d2144a3c2fc50a3db6fd5ed451f6cddf1a?s=96&d=mm&r=g\",\"url\":\"https:\\\/\\\/secure.gravatar.com\\\/avatar\\\/9cfd402c745b7a685f13eed0ea6e59d2144a3c2fc50a3db6fd5ed451f6cddf1a?s=96&d=mm&r=g\",\"contentUrl\":\"https:\\\/\\\/secure.gravatar.com\\\/avatar\\\/9cfd402c745b7a685f13eed0ea6e59d2144a3c2fc50a3db6fd5ed451f6cddf1a?s=96&d=mm&r=g\",\"caption\":\"Mohamed Hedi Touati\"},\"url\":\"https:\\\/\\\/www.webdo.tn\\\/fr\\\/actualite\\\/author\\\/mohamed-hedi-touati\\\/\"}]}<\/script>\n<!-- \/ Yoast SEO Premium plugin. -->","yoast_head_json":{"title":"Tunisie : Pluies, gr\u00eale et vents violents sur plusieurs r\u00e9gions - webdo","description":"L'INM pr\u00e9vient des pluies intenses et orages sur le Nord-Ouest et le Centre-Ouest. Restez inform\u00e9s des conditions m\u00e9t\u00e9o.","canonical":"https:\/\/www.webdo.tn\/fr\/actualite\/national\/tunisie-pluies-grele-et-vents-violents-sur-plusieurs-regions\/379561\/","og_locale":"fr_FR","og_type":"article","og_title":"Tunisie : Pluies, gr\u00eale et vents violents sur plusieurs r\u00e9gions","og_description":"L'INM pr\u00e9vient des pluies intenses et orages sur le Nord-Ouest et le Centre-Ouest. Restez inform\u00e9s des conditions m\u00e9t\u00e9o.","og_url":"https:\/\/www.webdo.tn\/fr\/actualite\/national\/tunisie-pluies-grele-et-vents-violents-sur-plusieurs-regions\/379561\/","og_site_name":"webdo","article_publisher":"https:\/\/www.facebook.com\/webdotn","article_published_time":"2025-07-12T09:03:10+00:00","article_modified_time":"2025-07-12T09:03:11+00:00","og_image":[{"width":625,"height":352,"url":"https:\/\/www.webdo.tn\/fr\/wp-content\/uploads\/2025\/07\/rafales_de_vents_tunisie.jpg","type":"image\/jpeg"}],"author":"Mohamed Hedi Touati","twitter_card":"summary_large_image","twitter_creator":"@webdo_tn","twitter_site":"@webdo_tn","twitter_misc":{"\u00c9crit par":"Mohamed Hedi Touati","Dur\u00e9e de lecture estim\u00e9e":"1 minute"},"schema":{"@context":"https:\/\/schema.org","@graph":[{"@type":"NewsArticle","@id":"https:\/\/www.webdo.tn\/fr\/actualite\/national\/tunisie-pluies-grele-et-vents-violents-sur-plusieurs-regions\/379561\/#article","isPartOf":{"@id":"https:\/\/www.webdo.tn\/fr\/actualite\/national\/tunisie-pluies-grele-et-vents-violents-sur-plusieurs-regions\/379561\/"},"author":{"name":"Mohamed Hedi Touati","@id":"https:\/\/www.webdo.tn\/fr\/#\/schema\/person\/c652cd8fc2b1b44412b5ffb48c5a911d"},"headline":"Tunisie : Pluies, gr\u00eale et vents violents sur plusieurs r\u00e9gions","datePublished":"2025-07-12T09:03:10+00:00","dateModified":"2025-07-12T09:03:11+00:00","mainEntityOfPage":{"@id":"https:\/\/www.webdo.tn\/fr\/actualite\/national\/tunisie-pluies-grele-et-vents-violents-sur-plusieurs-regions\/379561\/"},"wordCount":192,"commentCount":0,"publisher":{"@id":"https:\/\/www.webdo.tn\/fr\/#organization"},"image":{"@id":"https:\/\/www.webdo.tn\/fr\/actualite\/national\/tunisie-pluies-grele-et-vents-violents-sur-plusieurs-regions\/379561\/#primaryimage"},"thumbnailUrl":"https:\/\/www.webdo.tn\/fr\/wp-content\/uploads\/2025\/07\/rafales_de_vents_tunisie.jpg","keywords":["gr\u00eale","m\u00e9t\u00e9o","Orages","Pluie","Tunisie","Vent"],"articleSection":["National"],"inLanguage":"fr-FR"},{"@type":"WebPage","@id":"https:\/\/www.webdo.tn\/fr\/actualite\/national\/tunisie-pluies-grele-et-vents-violents-sur-plusieurs-regions\/379561\/","url":"https:\/\/www.webdo.tn\/fr\/actualite\/national\/tunisie-pluies-grele-et-vents-violents-sur-plusieurs-regions\/379561\/","name":"Tunisie : Pluies, gr\u00eale et vents violents sur plusieurs r\u00e9gions - webdo","isPartOf":{"@id":"https:\/\/www.webdo.tn\/fr\/#website"},"primaryImageOfPage":{"@id":"https:\/\/www.webdo.tn\/fr\/actualite\/national\/tunisie-pluies-grele-et-vents-violents-sur-plusieurs-regions\/379561\/#primaryimage"},"image":{"@id":"https:\/\/www.webdo.tn\/fr\/actualite\/national\/tunisie-pluies-grele-et-vents-violents-sur-plusieurs-regions\/379561\/#primaryimage"},"thumbnailUrl":"https:\/\/www.webdo.tn\/fr\/wp-content\/uploads\/2025\/07\/rafales_de_vents_tunisie.jpg","datePublished":"2025-07-12T09:03:10+00:00","dateModified":"2025-07-12T09:03:11+00:00","description":"L'INM pr\u00e9vient des pluies intenses et orages sur le Nord-Ouest et le Centre-Ouest. Restez inform\u00e9s des conditions m\u00e9t\u00e9o.","breadcrumb":{"@id":"https:\/\/www.webdo.tn\/fr\/actualite\/national\/tunisie-pluies-grele-et-vents-violents-sur-plusieurs-regions\/379561\/#breadcrumb"},"inLanguage":"fr-FR","potentialAction":[{"@type":"ReadAction","target":["https:\/\/www.webdo.tn\/fr\/actualite\/national\/tunisie-pluies-grele-et-vents-violents-sur-plusieurs-regions\/379561\/"]}]},{"@type":"ImageObject","inLanguage":"fr-FR","@id":"https:\/\/www.webdo.tn\/fr\/actualite\/national\/tunisie-pluies-grele-et-vents-violents-sur-plusieurs-regions\/379561\/#primaryimage","url":"https:\/\/www.webdo.tn\/fr\/wp-content\/uploads\/2025\/07\/rafales_de_vents_tunisie.jpg","contentUrl":"https:\/\/www.webdo.tn\/fr\/wp-content\/uploads\/2025\/07\/rafales_de_vents_tunisie.jpg","width":625,"height":352,"caption":"Pluies, gr\u00eale et vents violents sur plusieurs r\u00e9gions"},{"@type":"BreadcrumbList","@id":"https:\/\/www.webdo.tn\/fr\/actualite\/national\/tunisie-pluies-grele-et-vents-violents-sur-plusieurs-regions\/379561\/#breadcrumb","itemListElement":[{"@type":"ListItem","position":1,"name":"Accueil","item":"https:\/\/www.webdo.tn\/fr\/"},{"@type":"ListItem","position":2,"name":"Tunisie : Pluies, gr\u00eale et vents violents sur plusieurs r\u00e9gions"}]},{"@type":"WebSite","@id":"https:\/\/www.webdo.tn\/fr\/#website","url":"https:\/\/www.webdo.tn\/fr\/","name":"webdo","description":"Tunisie - News en Tunisie et \u00e0 l&#039;international sur Webdo.tn","publisher":{"@id":"https:\/\/www.webdo.tn\/fr\/#organization"},"potentialAction":[{"@type":"SearchAction","target":{"@type":"EntryPoint","urlTemplate":"https:\/\/www.webdo.tn\/fr\/?s={search_term_string}"},"query-input":{"@type":"PropertyValueSpecification","valueRequired":true,"valueName":"search_term_string"}}],"inLanguage":"fr-FR"},{"@type":"Organization","@id":"https:\/\/www.webdo.tn\/fr\/#organization","name":"Webdo","alternateName":"Webdo.tn","url":"https:\/\/www.webdo.tn\/fr\/","logo":{"@type":"ImageObject","inLanguage":"fr-FR","@id":"https:\/\/www.webdo.tn\/fr\/#\/schema\/logo\/image\/","url":"https:\/\/www.webdo.tn\/fr\/wp-content\/uploads\/2025\/06\/Webdo-Tunisie_168377.jpg","contentUrl":"https:\/\/www.webdo.tn\/fr\/wp-content\/uploads\/2025\/06\/Webdo-Tunisie_168377.jpg","width":301,"height":301,"caption":"Webdo"},"image":{"@id":"https:\/\/www.webdo.tn\/fr\/#\/schema\/logo\/image\/"},"sameAs":["https:\/\/www.facebook.com\/webdotn","https:\/\/x.com\/webdo_tn"],"description":"Webdo est un m\u00e9dia num\u00e9rique tunisien fond\u00e9 en 2010, sp\u00e9cialis\u00e9 dans l\u2019actualit\u00e9 nationale et internationale, l\u2019\u00e9conomie, la soci\u00e9t\u00e9 et les analyses politiques. Le site s\u2019adresse \u00e0 un large public francophone et couvre l\u2019information tunisienne en temps r\u00e9el.","email":"redac@webdo.tn","legalName":"YNJ SARL","foundingDate":"2010-09-06","numberOfEmployees":{"@type":"QuantitativeValue","minValue":"11","maxValue":"50"}},{"@type":"Person","@id":"https:\/\/www.webdo.tn\/fr\/#\/schema\/person\/c652cd8fc2b1b44412b5ffb48c5a911d","name":"Mohamed Hedi Touati","image":{"@type":"ImageObject","inLanguage":"fr-FR","@id":"https:\/\/secure.gravatar.com\/avatar\/9cfd402c745b7a685f13eed0ea6e59d2144a3c2fc50a3db6fd5ed451f6cddf1a?s=96&d=mm&r=g","url":"https:\/\/secure.gravatar.com\/avatar\/9cfd402c745b7a685f13eed0ea6e59d2144a3c2fc50a3db6fd5ed451f6cddf1a?s=96&d=mm&r=g","contentUrl":"https:\/\/secure.gravatar.com\/avatar\/9cfd402c745b7a685f13eed0ea6e59d2144a3c2fc50a3db6fd5ed451f6cddf1a?s=96&d=mm&r=g","caption":"Mohamed Hedi Touati"},"url":"https:\/\/www.webdo.tn\/fr\/actualite\/author\/mohamed-hedi-touati\/"}]}},"_links":{"self":[{"href":"https:\/\/www.webdo.tn\/fr\/wp-json\/wp\/v2\/posts\/379561","targetHints":{"allow":["GET"]}}],"collection":[{"href":"https:\/\/www.webdo.tn\/fr\/wp-json\/wp\/v2\/posts"}],"about":[{"href":"https:\/\/www.webdo.tn\/fr\/wp-json\/wp\/v2\/types\/post"}],"author":[{"embeddable":true,"href":"https:\/\/www.webdo.tn\/fr\/wp-json\/wp\/v2\/users\/3191"}],"replies":[{"embeddable":true,"href":"https:\/\/www.webdo.tn\/fr\/wp-json\/wp\/v2\/comments?post=379561"}],"version-history":[{"count":0,"href":"https:\/\/www.webdo.tn\/fr\/wp-json\/wp\/v2\/posts\/379561\/revisions"}],"wp:featuredmedia":[{"embeddable":true,"href":"https:\/\/www.webdo.tn\/fr\/wp-json\/wp\/v2\/media\/379562"}],"wp:attachment":[{"href":"https:\/\/www.webdo.tn\/fr\/wp-json\/wp\/v2\/media?parent=379561"}],"wp:term":[{"taxonomy":"category","embeddable":true,"href":"https:\/\/www.webdo.tn\/fr\/wp-json\/wp\/v2\/categories?post=379561"},{"taxonomy":"post_tag","embeddable":true,"href":"https:\/\/www.webdo.tn\/fr\/wp-json\/wp\/v2\/tags?post=379561"}],"curies":[{"name":"wp","href":"https:\/\/api.w.org\/{rel}","templated":true}]}}