{"id":379543,"date":"2025-07-12T05:33:01","date_gmt":"2025-07-12T04:33:01","guid":{"rendered":"https:\/\/www.webdo.tn\/fr\/?p=379543"},"modified":"2025-07-12T11:06:45","modified_gmt":"2025-07-12T10:06:45","slug":"logement-social-en-tunisie-deux-projets-de-loi-cles-pour-repondre-aux-besoins-des-menages-modestes","status":"publish","type":"post","link":"https:\/\/www.webdo.tn\/fr\/actualite\/national\/logement-social-en-tunisie-deux-projets-de-loi-cles-pour-repondre-aux-besoins-des-menages-modestes\/379543\/","title":{"rendered":"Logement social en Tunisie : Deux projets de loi cl\u00e9s pour r\u00e9pondre aux besoins des m\u00e9nages modestes"},"content":{"rendered":"\n<p>Le pr\u00e9sident de la R\u00e9publique, Ka\u00efs Sa\u00efed, a pr\u00e9sid\u00e9, le 11 juillet 2025, au palais de Carthage, un Conseil des ministres consacr\u00e9 \u00e0 l\u2019examen de deux projets de loi visant \u00e0 faciliter l\u2019acc\u00e8s \u00e0 la propri\u00e9t\u00e9 des logements sociaux.<\/p>\n\n\n\n<p><strong>Le premier projet modifie la loi n\u00b053 de 1977 relative \u00e0 la Soci\u00e9t\u00e9 de promotion des logements sociaux. Il pr\u00e9voit d\u2019introduire un m\u00e9canisme permettant la vente \u00e0 temp\u00e9rament ou la location-accession des logements sociaux financ\u00e9s par le Fonds de promotion du logement.<\/strong> Cette mesure vise \u00e0 offrir aux salari\u00e9s la possibilit\u00e9 d\u2019acqu\u00e9rir leur logement de mani\u00e8re progressive, adapt\u00e9e \u00e0 leurs revenus.<\/p>\n\n\n\n<p><strong>Le second projet compl\u00e8te le cadre juridique de la Soci\u00e9t\u00e9 nationale immobili\u00e8re de Tunisie, lui accordant le m\u00eame droit de vendre les logements sociaux qu\u2019elle construit, selon les m\u00eames modalit\u00e9s.<\/strong><\/p>\n\n\n\n<p>Ces initiatives s\u2019inscrivent dans une politique sociale globale qui cherche \u00e0 garantir le droit au logement d\u00e9cent, en particulier pour les citoyens \u00e0 revenus modestes et moyens.<\/p>\n\n\n\n<p>Au-del\u00e0 des projets de loi, le Conseil des ministres a \u00e9galement discut\u00e9 de plusieurs projets d\u2019ordonnances relatifs \u00e0 la lutte contre le ch\u00f4mage. Le pr\u00e9sident Ka\u00efs Sa\u00efed a insist\u00e9 sur la n\u00e9cessit\u00e9 de solutions radicales et efficaces face aux d\u00e9fis socio-\u00e9conomiques actuels.<\/p>\n","protected":false},"excerpt":{"rendered":"<p>Le pr\u00e9sident de la R\u00e9publique, Ka\u00efs Sa\u00efed, a pr\u00e9sid\u00e9, le 11 juillet 2025, au palais de Carthage, un Conseil des ministres consacr\u00e9 \u00e0 l\u2019examen de deux projets de loi visant \u00e0 faciliter l\u2019acc\u00e8s \u00e0 la propri\u00e9t\u00e9 des logements sociaux. Le premier projet modifie la loi n\u00b053 de 1977 relative \u00e0 la Soci\u00e9t\u00e9 de promotion des [&hellip;]<\/p>\n","protected":false},"author":4779,"featured_media":379545,"comment_status":"open","ping_status":"open","sticky":false,"template":"","format":"standard","meta":{"footnotes":""},"categories":[44],"tags":[2614,4136,2608],"class_list":["post-379543","post","type-post","status-publish","format-standard","has-post-thumbnail","hentry","category-national","tag-kais-saied","tag-logement-social","tag-tunisie"],"yoast_head":"<!-- This site is optimized with the Yoast SEO Premium plugin v27.4 (Yoast SEO v27.4) - https:\/\/yoast.com\/product\/yoast-seo-premium-wordpress\/ -->\n<title>Logement social en Tunisie : Deux projets de loi cl\u00e9s pour r\u00e9pondre aux besoins des m\u00e9nages modestes - webdo<\/title>\n<meta name=\"description\" content=\"D\u00e9couvrez les projets de loi sur le logement social visant \u00e0 faciliter l&#039;acc\u00e8s \u00e0 la propri\u00e9t\u00e9 pour les citoyens.\" \/>\n<link rel=\"canonical\" href=\"https:\/\/www.webdo.tn\/fr\/actualite\/national\/logement-social-en-tunisie-deux-projets-de-loi-cles-pour-repondre-aux-besoins-des-menages-modestes\/379543\/\" \/>\n<meta property=\"og:locale\" content=\"fr_FR\" \/>\n<meta property=\"og:type\" content=\"article\" \/>\n<meta property=\"og:title\" content=\"Logement social en Tunisie : Deux projets de loi cl\u00e9s pour r\u00e9pondre aux besoins des m\u00e9nages modestes\" \/>\n<meta property=\"og:description\" content=\"D\u00e9couvrez les projets de loi sur le logement social visant \u00e0 faciliter l&#039;acc\u00e8s \u00e0 la propri\u00e9t\u00e9 pour les citoyens.\" \/>\n<meta property=\"og:url\" content=\"https:\/\/www.webdo.tn\/fr\/actualite\/national\/logement-social-en-tunisie-deux-projets-de-loi-cles-pour-repondre-aux-besoins-des-menages-modestes\/379543\/\" \/>\n<meta property=\"og:site_name\" content=\"webdo\" \/>\n<meta property=\"article:publisher\" content=\"https:\/\/www.facebook.com\/webdotn\" \/>\n<meta property=\"article:published_time\" content=\"2025-07-12T04:33:01+00:00\" \/>\n<meta property=\"article:modified_time\" content=\"2025-07-12T10:06:45+00:00\" \/>\n<meta property=\"og:image\" content=\"https:\/\/www.webdo.tn\/fr\/wp-content\/uploads\/2025\/07\/presidence-logement-social-Tunisie.jpg\" \/>\n\t<meta property=\"og:image:width\" content=\"2048\" \/>\n\t<meta property=\"og:image:height\" content=\"1193\" \/>\n\t<meta property=\"og:image:type\" content=\"image\/jpeg\" \/>\n<meta name=\"author\" content=\"Firas Ben Abdeltif\" \/>\n<meta name=\"twitter:card\" content=\"summary_large_image\" \/>\n<meta name=\"twitter:creator\" content=\"@webdo_tn\" \/>\n<meta name=\"twitter:site\" content=\"@webdo_tn\" \/>\n<meta name=\"twitter:label1\" content=\"\u00c9crit par\" \/>\n\t<meta name=\"twitter:data1\" content=\"Firas Ben Abdeltif\" \/>\n\t<meta name=\"twitter:label2\" content=\"Dur\u00e9e de lecture estim\u00e9e\" \/>\n\t<meta name=\"twitter:data2\" content=\"2 minutes\" \/>\n<script type=\"application\/ld+json\" class=\"yoast-schema-graph\">{\"@context\":\"https:\\\/\\\/schema.org\",\"@graph\":[{\"@type\":\"NewsArticle\",\"@id\":\"https:\\\/\\\/www.webdo.tn\\\/fr\\\/actualite\\\/national\\\/logement-social-en-tunisie-deux-projets-de-loi-cles-pour-repondre-aux-besoins-des-menages-modestes\\\/379543\\\/#article\",\"isPartOf\":{\"@id\":\"https:\\\/\\\/www.webdo.tn\\\/fr\\\/actualite\\\/national\\\/logement-social-en-tunisie-deux-projets-de-loi-cles-pour-repondre-aux-besoins-des-menages-modestes\\\/379543\\\/\"},\"author\":{\"name\":\"Firas Ben Abdeltif\",\"@id\":\"https:\\\/\\\/www.webdo.tn\\\/fr\\\/#\\\/schema\\\/person\\\/19664196c9bfdcda126f3c27709f7d11\"},\"headline\":\"Logement social en Tunisie : Deux projets de loi cl\u00e9s pour r\u00e9pondre aux besoins des m\u00e9nages modestes\",\"datePublished\":\"2025-07-12T04:33:01+00:00\",\"dateModified\":\"2025-07-12T10:06:45+00:00\",\"mainEntityOfPage\":{\"@id\":\"https:\\\/\\\/www.webdo.tn\\\/fr\\\/actualite\\\/national\\\/logement-social-en-tunisie-deux-projets-de-loi-cles-pour-repondre-aux-besoins-des-menages-modestes\\\/379543\\\/\"},\"wordCount\":242,\"commentCount\":0,\"publisher\":{\"@id\":\"https:\\\/\\\/www.webdo.tn\\\/fr\\\/#organization\"},\"image\":{\"@id\":\"https:\\\/\\\/www.webdo.tn\\\/fr\\\/actualite\\\/national\\\/logement-social-en-tunisie-deux-projets-de-loi-cles-pour-repondre-aux-besoins-des-menages-modestes\\\/379543\\\/#primaryimage\"},\"thumbnailUrl\":\"https:\\\/\\\/www.webdo.tn\\\/fr\\\/wp-content\\\/uploads\\\/2025\\\/07\\\/presidence-logement-social-Tunisie.jpg\",\"keywords\":[\"Kais Saied\",\"logement social\",\"Tunisie\"],\"articleSection\":[\"National\"],\"inLanguage\":\"fr-FR\"},{\"@type\":\"WebPage\",\"@id\":\"https:\\\/\\\/www.webdo.tn\\\/fr\\\/actualite\\\/national\\\/logement-social-en-tunisie-deux-projets-de-loi-cles-pour-repondre-aux-besoins-des-menages-modestes\\\/379543\\\/\",\"url\":\"https:\\\/\\\/www.webdo.tn\\\/fr\\\/actualite\\\/national\\\/logement-social-en-tunisie-deux-projets-de-loi-cles-pour-repondre-aux-besoins-des-menages-modestes\\\/379543\\\/\",\"name\":\"Logement social en Tunisie : Deux projets de loi cl\u00e9s pour r\u00e9pondre aux besoins des m\u00e9nages modestes - webdo\",\"isPartOf\":{\"@id\":\"https:\\\/\\\/www.webdo.tn\\\/fr\\\/#website\"},\"primaryImageOfPage\":{\"@id\":\"https:\\\/\\\/www.webdo.tn\\\/fr\\\/actualite\\\/national\\\/logement-social-en-tunisie-deux-projets-de-loi-cles-pour-repondre-aux-besoins-des-menages-modestes\\\/379543\\\/#primaryimage\"},\"image\":{\"@id\":\"https:\\\/\\\/www.webdo.tn\\\/fr\\\/actualite\\\/national\\\/logement-social-en-tunisie-deux-projets-de-loi-cles-pour-repondre-aux-besoins-des-menages-modestes\\\/379543\\\/#primaryimage\"},\"thumbnailUrl\":\"https:\\\/\\\/www.webdo.tn\\\/fr\\\/wp-content\\\/uploads\\\/2025\\\/07\\\/presidence-logement-social-Tunisie.jpg\",\"datePublished\":\"2025-07-12T04:33:01+00:00\",\"dateModified\":\"2025-07-12T10:06:45+00:00\",\"description\":\"D\u00e9couvrez les projets de loi sur le logement social visant \u00e0 faciliter l'acc\u00e8s \u00e0 la propri\u00e9t\u00e9 pour les citoyens.\",\"breadcrumb\":{\"@id\":\"https:\\\/\\\/www.webdo.tn\\\/fr\\\/actualite\\\/national\\\/logement-social-en-tunisie-deux-projets-de-loi-cles-pour-repondre-aux-besoins-des-menages-modestes\\\/379543\\\/#breadcrumb\"},\"inLanguage\":\"fr-FR\",\"potentialAction\":[{\"@type\":\"ReadAction\",\"target\":[\"https:\\\/\\\/www.webdo.tn\\\/fr\\\/actualite\\\/national\\\/logement-social-en-tunisie-deux-projets-de-loi-cles-pour-repondre-aux-besoins-des-menages-modestes\\\/379543\\\/\"]}]},{\"@type\":\"ImageObject\",\"inLanguage\":\"fr-FR\",\"@id\":\"https:\\\/\\\/www.webdo.tn\\\/fr\\\/actualite\\\/national\\\/logement-social-en-tunisie-deux-projets-de-loi-cles-pour-repondre-aux-besoins-des-menages-modestes\\\/379543\\\/#primaryimage\",\"url\":\"https:\\\/\\\/www.webdo.tn\\\/fr\\\/wp-content\\\/uploads\\\/2025\\\/07\\\/presidence-logement-social-Tunisie.jpg\",\"contentUrl\":\"https:\\\/\\\/www.webdo.tn\\\/fr\\\/wp-content\\\/uploads\\\/2025\\\/07\\\/presidence-logement-social-Tunisie.jpg\",\"width\":2048,\"height\":1193,\"caption\":\"Ka\u00efs Sa\u00efed pr\u00e9side le Conseil des ministres d\u00e9di\u00e9 aux projets de loi sur le logement social \u00e0 Carthage.\"},{\"@type\":\"BreadcrumbList\",\"@id\":\"https:\\\/\\\/www.webdo.tn\\\/fr\\\/actualite\\\/national\\\/logement-social-en-tunisie-deux-projets-de-loi-cles-pour-repondre-aux-besoins-des-menages-modestes\\\/379543\\\/#breadcrumb\",\"itemListElement\":[{\"@type\":\"ListItem\",\"position\":1,\"name\":\"Accueil\",\"item\":\"https:\\\/\\\/www.webdo.tn\\\/fr\\\/\"},{\"@type\":\"ListItem\",\"position\":2,\"name\":\"Logement social en Tunisie : Deux projets de loi cl\u00e9s pour r\u00e9pondre aux besoins des m\u00e9nages modestes\"}]},{\"@type\":\"WebSite\",\"@id\":\"https:\\\/\\\/www.webdo.tn\\\/fr\\\/#website\",\"url\":\"https:\\\/\\\/www.webdo.tn\\\/fr\\\/\",\"name\":\"webdo\",\"description\":\"Tunisie - News en Tunisie et \u00e0 l&#039;international sur Webdo.tn\",\"publisher\":{\"@id\":\"https:\\\/\\\/www.webdo.tn\\\/fr\\\/#organization\"},\"potentialAction\":[{\"@type\":\"SearchAction\",\"target\":{\"@type\":\"EntryPoint\",\"urlTemplate\":\"https:\\\/\\\/www.webdo.tn\\\/fr\\\/?s={search_term_string}\"},\"query-input\":{\"@type\":\"PropertyValueSpecification\",\"valueRequired\":true,\"valueName\":\"search_term_string\"}}],\"inLanguage\":\"fr-FR\"},{\"@type\":\"Organization\",\"@id\":\"https:\\\/\\\/www.webdo.tn\\\/fr\\\/#organization\",\"name\":\"Webdo\",\"alternateName\":\"Webdo.tn\",\"url\":\"https:\\\/\\\/www.webdo.tn\\\/fr\\\/\",\"logo\":{\"@type\":\"ImageObject\",\"inLanguage\":\"fr-FR\",\"@id\":\"https:\\\/\\\/www.webdo.tn\\\/fr\\\/#\\\/schema\\\/logo\\\/image\\\/\",\"url\":\"https:\\\/\\\/www.webdo.tn\\\/fr\\\/wp-content\\\/uploads\\\/2025\\\/06\\\/Webdo-Tunisie_168377.jpg\",\"contentUrl\":\"https:\\\/\\\/www.webdo.tn\\\/fr\\\/wp-content\\\/uploads\\\/2025\\\/06\\\/Webdo-Tunisie_168377.jpg\",\"width\":301,\"height\":301,\"caption\":\"Webdo\"},\"image\":{\"@id\":\"https:\\\/\\\/www.webdo.tn\\\/fr\\\/#\\\/schema\\\/logo\\\/image\\\/\"},\"sameAs\":[\"https:\\\/\\\/www.facebook.com\\\/webdotn\",\"https:\\\/\\\/x.com\\\/webdo_tn\"],\"description\":\"Webdo est un m\u00e9dia num\u00e9rique tunisien fond\u00e9 en 2010, sp\u00e9cialis\u00e9 dans l\u2019actualit\u00e9 nationale et internationale, l\u2019\u00e9conomie, la soci\u00e9t\u00e9 et les analyses politiques. Le site s\u2019adresse \u00e0 un large public francophone et couvre l\u2019information tunisienne en temps r\u00e9el.\",\"email\":\"redac@webdo.tn\",\"legalName\":\"YNJ SARL\",\"foundingDate\":\"2010-09-06\",\"numberOfEmployees\":{\"@type\":\"QuantitativeValue\",\"minValue\":\"11\",\"maxValue\":\"50\"}},{\"@type\":\"Person\",\"@id\":\"https:\\\/\\\/www.webdo.tn\\\/fr\\\/#\\\/schema\\\/person\\\/19664196c9bfdcda126f3c27709f7d11\",\"name\":\"Firas Ben Abdeltif\",\"image\":{\"@type\":\"ImageObject\",\"inLanguage\":\"fr-FR\",\"@id\":\"https:\\\/\\\/secure.gravatar.com\\\/avatar\\\/161a347d40df098a084778c52ed133dbd85f14df003867067c5948081241ec55?s=96&d=mm&r=g\",\"url\":\"https:\\\/\\\/secure.gravatar.com\\\/avatar\\\/161a347d40df098a084778c52ed133dbd85f14df003867067c5948081241ec55?s=96&d=mm&r=g\",\"contentUrl\":\"https:\\\/\\\/secure.gravatar.com\\\/avatar\\\/161a347d40df098a084778c52ed133dbd85f14df003867067c5948081241ec55?s=96&d=mm&r=g\",\"caption\":\"Firas Ben Abdeltif\"},\"url\":\"https:\\\/\\\/www.webdo.tn\\\/fr\\\/actualite\\\/author\\\/firas-ben-abdeltif\\\/\"}]}<\/script>\n<!-- \/ Yoast SEO Premium plugin. -->","yoast_head_json":{"title":"Logement social en Tunisie : Deux projets de loi cl\u00e9s pour r\u00e9pondre aux besoins des m\u00e9nages modestes - webdo","description":"D\u00e9couvrez les projets de loi sur le logement social visant \u00e0 faciliter l'acc\u00e8s \u00e0 la propri\u00e9t\u00e9 pour les citoyens.","canonical":"https:\/\/www.webdo.tn\/fr\/actualite\/national\/logement-social-en-tunisie-deux-projets-de-loi-cles-pour-repondre-aux-besoins-des-menages-modestes\/379543\/","og_locale":"fr_FR","og_type":"article","og_title":"Logement social en Tunisie : Deux projets de loi cl\u00e9s pour r\u00e9pondre aux besoins des m\u00e9nages modestes","og_description":"D\u00e9couvrez les projets de loi sur le logement social visant \u00e0 faciliter l'acc\u00e8s \u00e0 la propri\u00e9t\u00e9 pour les citoyens.","og_url":"https:\/\/www.webdo.tn\/fr\/actualite\/national\/logement-social-en-tunisie-deux-projets-de-loi-cles-pour-repondre-aux-besoins-des-menages-modestes\/379543\/","og_site_name":"webdo","article_publisher":"https:\/\/www.facebook.com\/webdotn","article_published_time":"2025-07-12T04:33:01+00:00","article_modified_time":"2025-07-12T10:06:45+00:00","og_image":[{"width":2048,"height":1193,"url":"https:\/\/www.webdo.tn\/fr\/wp-content\/uploads\/2025\/07\/presidence-logement-social-Tunisie.jpg","type":"image\/jpeg"}],"author":"Firas Ben Abdeltif","twitter_card":"summary_large_image","twitter_creator":"@webdo_tn","twitter_site":"@webdo_tn","twitter_misc":{"\u00c9crit par":"Firas Ben Abdeltif","Dur\u00e9e de lecture estim\u00e9e":"2 minutes"},"schema":{"@context":"https:\/\/schema.org","@graph":[{"@type":"NewsArticle","@id":"https:\/\/www.webdo.tn\/fr\/actualite\/national\/logement-social-en-tunisie-deux-projets-de-loi-cles-pour-repondre-aux-besoins-des-menages-modestes\/379543\/#article","isPartOf":{"@id":"https:\/\/www.webdo.tn\/fr\/actualite\/national\/logement-social-en-tunisie-deux-projets-de-loi-cles-pour-repondre-aux-besoins-des-menages-modestes\/379543\/"},"author":{"name":"Firas Ben Abdeltif","@id":"https:\/\/www.webdo.tn\/fr\/#\/schema\/person\/19664196c9bfdcda126f3c27709f7d11"},"headline":"Logement social en Tunisie : Deux projets de loi cl\u00e9s pour r\u00e9pondre aux besoins des m\u00e9nages modestes","datePublished":"2025-07-12T04:33:01+00:00","dateModified":"2025-07-12T10:06:45+00:00","mainEntityOfPage":{"@id":"https:\/\/www.webdo.tn\/fr\/actualite\/national\/logement-social-en-tunisie-deux-projets-de-loi-cles-pour-repondre-aux-besoins-des-menages-modestes\/379543\/"},"wordCount":242,"commentCount":0,"publisher":{"@id":"https:\/\/www.webdo.tn\/fr\/#organization"},"image":{"@id":"https:\/\/www.webdo.tn\/fr\/actualite\/national\/logement-social-en-tunisie-deux-projets-de-loi-cles-pour-repondre-aux-besoins-des-menages-modestes\/379543\/#primaryimage"},"thumbnailUrl":"https:\/\/www.webdo.tn\/fr\/wp-content\/uploads\/2025\/07\/presidence-logement-social-Tunisie.jpg","keywords":["Kais Saied","logement social","Tunisie"],"articleSection":["National"],"inLanguage":"fr-FR"},{"@type":"WebPage","@id":"https:\/\/www.webdo.tn\/fr\/actualite\/national\/logement-social-en-tunisie-deux-projets-de-loi-cles-pour-repondre-aux-besoins-des-menages-modestes\/379543\/","url":"https:\/\/www.webdo.tn\/fr\/actualite\/national\/logement-social-en-tunisie-deux-projets-de-loi-cles-pour-repondre-aux-besoins-des-menages-modestes\/379543\/","name":"Logement social en Tunisie : Deux projets de loi cl\u00e9s pour r\u00e9pondre aux besoins des m\u00e9nages modestes - webdo","isPartOf":{"@id":"https:\/\/www.webdo.tn\/fr\/#website"},"primaryImageOfPage":{"@id":"https:\/\/www.webdo.tn\/fr\/actualite\/national\/logement-social-en-tunisie-deux-projets-de-loi-cles-pour-repondre-aux-besoins-des-menages-modestes\/379543\/#primaryimage"},"image":{"@id":"https:\/\/www.webdo.tn\/fr\/actualite\/national\/logement-social-en-tunisie-deux-projets-de-loi-cles-pour-repondre-aux-besoins-des-menages-modestes\/379543\/#primaryimage"},"thumbnailUrl":"https:\/\/www.webdo.tn\/fr\/wp-content\/uploads\/2025\/07\/presidence-logement-social-Tunisie.jpg","datePublished":"2025-07-12T04:33:01+00:00","dateModified":"2025-07-12T10:06:45+00:00","description":"D\u00e9couvrez les projets de loi sur le logement social visant \u00e0 faciliter l'acc\u00e8s \u00e0 la propri\u00e9t\u00e9 pour les citoyens.","breadcrumb":{"@id":"https:\/\/www.webdo.tn\/fr\/actualite\/national\/logement-social-en-tunisie-deux-projets-de-loi-cles-pour-repondre-aux-besoins-des-menages-modestes\/379543\/#breadcrumb"},"inLanguage":"fr-FR","potentialAction":[{"@type":"ReadAction","target":["https:\/\/www.webdo.tn\/fr\/actualite\/national\/logement-social-en-tunisie-deux-projets-de-loi-cles-pour-repondre-aux-besoins-des-menages-modestes\/379543\/"]}]},{"@type":"ImageObject","inLanguage":"fr-FR","@id":"https:\/\/www.webdo.tn\/fr\/actualite\/national\/logement-social-en-tunisie-deux-projets-de-loi-cles-pour-repondre-aux-besoins-des-menages-modestes\/379543\/#primaryimage","url":"https:\/\/www.webdo.tn\/fr\/wp-content\/uploads\/2025\/07\/presidence-logement-social-Tunisie.jpg","contentUrl":"https:\/\/www.webdo.tn\/fr\/wp-content\/uploads\/2025\/07\/presidence-logement-social-Tunisie.jpg","width":2048,"height":1193,"caption":"Ka\u00efs Sa\u00efed pr\u00e9side le Conseil des ministres d\u00e9di\u00e9 aux projets de loi sur le logement social \u00e0 Carthage."},{"@type":"BreadcrumbList","@id":"https:\/\/www.webdo.tn\/fr\/actualite\/national\/logement-social-en-tunisie-deux-projets-de-loi-cles-pour-repondre-aux-besoins-des-menages-modestes\/379543\/#breadcrumb","itemListElement":[{"@type":"ListItem","position":1,"name":"Accueil","item":"https:\/\/www.webdo.tn\/fr\/"},{"@type":"ListItem","position":2,"name":"Logement social en Tunisie : Deux projets de loi cl\u00e9s pour r\u00e9pondre aux besoins des m\u00e9nages modestes"}]},{"@type":"WebSite","@id":"https:\/\/www.webdo.tn\/fr\/#website","url":"https:\/\/www.webdo.tn\/fr\/","name":"webdo","description":"Tunisie - News en Tunisie et \u00e0 l&#039;international sur Webdo.tn","publisher":{"@id":"https:\/\/www.webdo.tn\/fr\/#organization"},"potentialAction":[{"@type":"SearchAction","target":{"@type":"EntryPoint","urlTemplate":"https:\/\/www.webdo.tn\/fr\/?s={search_term_string}"},"query-input":{"@type":"PropertyValueSpecification","valueRequired":true,"valueName":"search_term_string"}}],"inLanguage":"fr-FR"},{"@type":"Organization","@id":"https:\/\/www.webdo.tn\/fr\/#organization","name":"Webdo","alternateName":"Webdo.tn","url":"https:\/\/www.webdo.tn\/fr\/","logo":{"@type":"ImageObject","inLanguage":"fr-FR","@id":"https:\/\/www.webdo.tn\/fr\/#\/schema\/logo\/image\/","url":"https:\/\/www.webdo.tn\/fr\/wp-content\/uploads\/2025\/06\/Webdo-Tunisie_168377.jpg","contentUrl":"https:\/\/www.webdo.tn\/fr\/wp-content\/uploads\/2025\/06\/Webdo-Tunisie_168377.jpg","width":301,"height":301,"caption":"Webdo"},"image":{"@id":"https:\/\/www.webdo.tn\/fr\/#\/schema\/logo\/image\/"},"sameAs":["https:\/\/www.facebook.com\/webdotn","https:\/\/x.com\/webdo_tn"],"description":"Webdo est un m\u00e9dia num\u00e9rique tunisien fond\u00e9 en 2010, sp\u00e9cialis\u00e9 dans l\u2019actualit\u00e9 nationale et internationale, l\u2019\u00e9conomie, la soci\u00e9t\u00e9 et les analyses politiques. Le site s\u2019adresse \u00e0 un large public francophone et couvre l\u2019information tunisienne en temps r\u00e9el.","email":"redac@webdo.tn","legalName":"YNJ SARL","foundingDate":"2010-09-06","numberOfEmployees":{"@type":"QuantitativeValue","minValue":"11","maxValue":"50"}},{"@type":"Person","@id":"https:\/\/www.webdo.tn\/fr\/#\/schema\/person\/19664196c9bfdcda126f3c27709f7d11","name":"Firas Ben Abdeltif","image":{"@type":"ImageObject","inLanguage":"fr-FR","@id":"https:\/\/secure.gravatar.com\/avatar\/161a347d40df098a084778c52ed133dbd85f14df003867067c5948081241ec55?s=96&d=mm&r=g","url":"https:\/\/secure.gravatar.com\/avatar\/161a347d40df098a084778c52ed133dbd85f14df003867067c5948081241ec55?s=96&d=mm&r=g","contentUrl":"https:\/\/secure.gravatar.com\/avatar\/161a347d40df098a084778c52ed133dbd85f14df003867067c5948081241ec55?s=96&d=mm&r=g","caption":"Firas Ben Abdeltif"},"url":"https:\/\/www.webdo.tn\/fr\/actualite\/author\/firas-ben-abdeltif\/"}]}},"_links":{"self":[{"href":"https:\/\/www.webdo.tn\/fr\/wp-json\/wp\/v2\/posts\/379543","targetHints":{"allow":["GET"]}}],"collection":[{"href":"https:\/\/www.webdo.tn\/fr\/wp-json\/wp\/v2\/posts"}],"about":[{"href":"https:\/\/www.webdo.tn\/fr\/wp-json\/wp\/v2\/types\/post"}],"author":[{"embeddable":true,"href":"https:\/\/www.webdo.tn\/fr\/wp-json\/wp\/v2\/users\/4779"}],"replies":[{"embeddable":true,"href":"https:\/\/www.webdo.tn\/fr\/wp-json\/wp\/v2\/comments?post=379543"}],"version-history":[{"count":0,"href":"https:\/\/www.webdo.tn\/fr\/wp-json\/wp\/v2\/posts\/379543\/revisions"}],"wp:featuredmedia":[{"embeddable":true,"href":"https:\/\/www.webdo.tn\/fr\/wp-json\/wp\/v2\/media\/379545"}],"wp:attachment":[{"href":"https:\/\/www.webdo.tn\/fr\/wp-json\/wp\/v2\/media?parent=379543"}],"wp:term":[{"taxonomy":"category","embeddable":true,"href":"https:\/\/www.webdo.tn\/fr\/wp-json\/wp\/v2\/categories?post=379543"},{"taxonomy":"post_tag","embeddable":true,"href":"https:\/\/www.webdo.tn\/fr\/wp-json\/wp\/v2\/tags?post=379543"}],"curies":[{"name":"wp","href":"https:\/\/api.w.org\/{rel}","templated":true}]}}