{"id":379535,"date":"2025-07-12T10:05:24","date_gmt":"2025-07-12T09:05:24","guid":{"rendered":"https:\/\/www.webdo.tn\/fr\/?p=379535"},"modified":"2025-07-14T08:13:09","modified_gmt":"2025-07-14T07:13:09","slug":"tunisie-convergence-entre-politiques-nationales-et-programme-europeen-sur-le-logement-social","status":"publish","type":"post","link":"https:\/\/www.webdo.tn\/fr\/actualite\/national\/tunisie-convergence-entre-politiques-nationales-et-programme-europeen-sur-le-logement-social\/379535\/","title":{"rendered":"Tunisie : Convergence entre politiques nationales et programme europ\u00e9en sur le logement social"},"content":{"rendered":"\n<p><strong>Quelques jours apr\u00e8s la mise en lumi\u00e8re par l\u2019Union europ\u00e9enne des avanc\u00e9es dans les quartiers populaires en Tunisie, le pr\u00e9sident Ka\u00efs Sa\u00efed a pr\u00e9sid\u00e9 dans la nuit du 10 au 11 juillet un Conseil des ministres d\u00e9di\u00e9 \u00e0 l\u2019acc\u00e8s \u00e0 la propri\u00e9t\u00e9 des logements sociaux. Deux d\u00e9marches parall\u00e8les qui traduisent une volont\u00e9 commune d\u2019agir pour une meilleure justice sociale et territoriale.<\/strong><\/p>\n\n\n\n<h2 class=\"wp-block-heading\" id=\"h-une-dynamique-partagee-autour-de-la-dignite-et-de-l-equite\">Une dynamique partag\u00e9e autour de la dignit\u00e9 et de l\u2019\u00e9quit\u00e9<\/h2>\n\n\n\n<p>Le 7 juillet, l\u2019Union europ\u00e9enne a salu\u00e9 les r\u00e9sultats du <strong>programme de r\u00e9habilitation et d\u2019int\u00e9gration des quartiers populaires (PRIQH-I)<\/strong>, mis en \u0153uvre en partenariat avec les autorit\u00e9s tunisiennes. Ce programme a permis, depuis 2012, d\u2019am\u00e9liorer les conditions de vie dans 155 quartiers, touchant pr\u00e8s de 865\u202f000 habitants \u00e0 travers le pays.<\/p>\n\n\n\n<p>Dans la nuit du 10 au 11 juillet, <strong>le pr\u00e9sident de la R\u00e9publique a r\u00e9uni le Conseil des ministres<\/strong> pour discuter de deux projets de loi visant \u00e0 faciliter l\u2019<strong>acc\u00e8s progressif \u00e0 la propri\u00e9t\u00e9 des logements sociaux<\/strong>, soit par paiement \u00e9chelonn\u00e9, soit via des contrats de location-accession.<\/p>\n\n\n\n<p>Ces deux temps forts institutionnels t\u00e9moignent d\u2019une <strong>volont\u00e9 conjointe<\/strong> : garantir \u00e0 chaque citoyen un cadre de vie digne et stable, en combinant des efforts structurels, juridiques et op\u00e9rationnels.<\/p>\n\n\n\n<h2 class=\"wp-block-heading\" id=\"h-complementarite-entre-approche-institutionnelle-et-soutien-international\">Compl\u00e9mentarit\u00e9 entre approche institutionnelle et soutien international<\/h2>\n\n\n\n<p>La pr\u00e9sidence de la R\u00e9publique a rappel\u00e9 son engagement \u00e0 <strong>traduire le droit au logement en mesures concr\u00e8tes<\/strong>, notamment en facilitant la transition des locataires vers la propri\u00e9t\u00e9. Ce dispositif s\u2019adresse particuli\u00e8rement aux salari\u00e9s \u00e0 revenus modestes, souvent exclus du march\u00e9 immobilier classique.<\/p>\n\n\n\n<p>De leur c\u00f4t\u00e9, les institutions europ\u00e9ennes accompagnent les autorit\u00e9s tunisiennes dans une approche <strong>territoriale int\u00e9gr\u00e9e<\/strong>, en r\u00e9novant les infrastructures, cr\u00e9ant des \u00e9quipements de proximit\u00e9 et renfor\u00e7ant la coh\u00e9sion sociale.<\/p>\n\n\n\n<figure class=\"wp-block-table\"><table class=\"has-fixed-layout\"><thead><tr><th>Volet<\/th><th>Initiative tunisienne<\/th><th>Programme europ\u00e9en<\/th><\/tr><\/thead><tbody><tr><td>Cible<\/td><td>Salari\u00e9s \u00e0 revenus moyens ou limit\u00e9s<\/td><td>Habitants des quartiers d\u00e9favoris\u00e9s<\/td><\/tr><tr><td>Objectif<\/td><td>Faciliter la propri\u00e9t\u00e9 priv\u00e9e de logements sociaux<\/td><td>Am\u00e9liorer l\u2019environnement urbain et social<\/td><\/tr><tr><td>Outils<\/td><td>Projets de loi : vente \u00e0 temp\u00e9rament, bail-acc\u00e9dant<\/td><td>PRIQH-I &amp; II : voiries, \u00e9clairage, \u00e9quipements publics<\/td><\/tr><tr><td>Portage<\/td><td>\u00c9tat tunisien<\/td><td>ARRU + UE\/BEI\/AFD<\/td><\/tr><\/tbody><\/table><\/figure>\n\n\n\n<h2 class=\"wp-block-heading\" id=\"h-une-vision-partagee-des-moyens-complementaires\">Une vision partag\u00e9e, des moyens compl\u00e9mentaires<\/h2>\n\n\n\n<p>Si les modalit\u00e9s diff\u00e8rent, <strong>les finalit\u00e9s convergent<\/strong> : renforcer la dignit\u00e9, am\u00e9liorer l\u2019acc\u00e8s \u00e0 un logement s\u00fbr et durable, et r\u00e9duire les in\u00e9galit\u00e9s sociales et territoriales.<\/p>\n\n\n\n<p>\u00ab La Tunisie regorge de comp\u00e9tences. Quand on leur ouvre des perspectives, elles profitent \u00e0 tout le pays \u00bb, a d\u00e9clar\u00e9 le pr\u00e9sident Ka\u00efs Sa\u00efed, soulignant la n\u00e9cessit\u00e9 de <strong>solutions structurelles et inclusives<\/strong>.<\/p>\n\n\n\n<p>La convergence de ces initiatives t\u00e9moigne de la <strong>synergie entre politiques nationales et appuis internationaux<\/strong>, dans un contexte o\u00f9 la question du logement devient un levier essentiel de stabilisation et de d\u00e9veloppement.<\/p>\n\n\n\n<h2 class=\"wp-block-heading\" id=\"h-vers-une-architecture-sociale-plurielle\">Vers une architecture sociale plurielle<\/h2>\n\n\n\n<p>Les r\u00e9centes annonces refl\u00e8tent une dynamique dans laquelle <strong>l\u2019\u00c9tat tunisien affirme son r\u00f4le moteur<\/strong>, tout en valorisant les apports des partenaires au d\u00e9veloppement. Elles marquent un tournant vers une <strong>architecture sociale plus inclusive<\/strong>, o\u00f9 acc\u00e8s au logement, dignit\u00e9 urbaine et justice territoriale deviennent des priorit\u00e9s partag\u00e9es.<\/p>\n","protected":false},"excerpt":{"rendered":"<p>Quelques jours apr\u00e8s la mise en lumi\u00e8re par l\u2019Union europ\u00e9enne des avanc\u00e9es dans les quartiers populaires en Tunisie, le pr\u00e9sident Ka\u00efs Sa\u00efed a pr\u00e9sid\u00e9 dans la nuit du 10 au 11 juillet un Conseil des ministres d\u00e9di\u00e9 \u00e0 l\u2019acc\u00e8s \u00e0 la propri\u00e9t\u00e9 des logements sociaux. Deux d\u00e9marches parall\u00e8les qui traduisent une volont\u00e9 commune d\u2019agir pour [&hellip;]<\/p>\n","protected":false},"author":3203,"featured_media":379538,"comment_status":"open","ping_status":"open","sticky":false,"template":"","format":"standard","meta":{"footnotes":""},"categories":[44],"tags":[2614,4136,2608,8653],"class_list":["post-379535","post","type-post","status-publish","format-standard","has-post-thumbnail","hentry","category-national","tag-kais-saied","tag-logement-social","tag-tunisie","tag-union-euroepenne"],"yoast_head":"<!-- This site is optimized with the Yoast SEO Premium plugin v27.4 (Yoast SEO v27.4) - https:\/\/yoast.com\/product\/yoast-seo-premium-wordpress\/ -->\n<title>Tunisie : Convergence entre politiques nationales et programme europ\u00e9en sur le logement social - webdo<\/title>\n<meta name=\"description\" content=\"D\u00e9couvrez le logement social en Tunisie et la convergence d\u2019initiatives entre l\u2019\u00c9tat tunisien et ses partenaires europ\u00e9ens.\" \/>\n<link rel=\"canonical\" href=\"https:\/\/www.webdo.tn\/fr\/actualite\/national\/tunisie-convergence-entre-politiques-nationales-et-programme-europeen-sur-le-logement-social\/379535\/\" \/>\n<meta property=\"og:locale\" content=\"fr_FR\" \/>\n<meta property=\"og:type\" content=\"article\" \/>\n<meta property=\"og:title\" content=\"Tunisie : Convergence entre politiques nationales et programme europ\u00e9en sur le logement social\" \/>\n<meta property=\"og:description\" content=\"D\u00e9couvrez le logement social en Tunisie et la convergence d\u2019initiatives entre l\u2019\u00c9tat tunisien et ses partenaires europ\u00e9ens.\" \/>\n<meta property=\"og:url\" content=\"https:\/\/www.webdo.tn\/fr\/actualite\/national\/tunisie-convergence-entre-politiques-nationales-et-programme-europeen-sur-le-logement-social\/379535\/\" \/>\n<meta property=\"og:site_name\" content=\"webdo\" \/>\n<meta property=\"article:publisher\" content=\"https:\/\/www.facebook.com\/webdotn\" \/>\n<meta property=\"article:published_time\" content=\"2025-07-12T09:05:24+00:00\" \/>\n<meta property=\"article:modified_time\" content=\"2025-07-14T07:13:09+00:00\" \/>\n<meta property=\"og:image\" content=\"https:\/\/www.webdo.tn\/fr\/wp-content\/uploads\/2025\/07\/logements-sociales.jpg\" \/>\n\t<meta property=\"og:image:width\" content=\"850\" \/>\n\t<meta property=\"og:image:height\" content=\"491\" \/>\n\t<meta property=\"og:image:type\" content=\"image\/jpeg\" \/>\n<meta name=\"author\" content=\"Ramzi Haddad\" \/>\n<meta name=\"twitter:card\" content=\"summary_large_image\" \/>\n<meta name=\"twitter:creator\" content=\"@webdo_tn\" \/>\n<meta name=\"twitter:site\" content=\"@webdo_tn\" \/>\n<meta name=\"twitter:label1\" content=\"\u00c9crit par\" \/>\n\t<meta name=\"twitter:data1\" content=\"Ramzi Haddad\" \/>\n\t<meta name=\"twitter:label2\" content=\"Dur\u00e9e de lecture estim\u00e9e\" \/>\n\t<meta name=\"twitter:data2\" content=\"1 minute\" \/>\n<script type=\"application\/ld+json\" class=\"yoast-schema-graph\">{\"@context\":\"https:\\\/\\\/schema.org\",\"@graph\":[{\"@type\":\"NewsArticle\",\"@id\":\"https:\\\/\\\/www.webdo.tn\\\/fr\\\/actualite\\\/national\\\/tunisie-convergence-entre-politiques-nationales-et-programme-europeen-sur-le-logement-social\\\/379535\\\/#article\",\"isPartOf\":{\"@id\":\"https:\\\/\\\/www.webdo.tn\\\/fr\\\/actualite\\\/national\\\/tunisie-convergence-entre-politiques-nationales-et-programme-europeen-sur-le-logement-social\\\/379535\\\/\"},\"author\":{\"name\":\"Ramzi Haddad\",\"@id\":\"https:\\\/\\\/www.webdo.tn\\\/fr\\\/#\\\/schema\\\/person\\\/5663044c25eb36d8f88ba5b653f12f8c\"},\"headline\":\"Tunisie : Convergence entre politiques nationales et programme europ\u00e9en sur le logement social\",\"datePublished\":\"2025-07-12T09:05:24+00:00\",\"dateModified\":\"2025-07-14T07:13:09+00:00\",\"mainEntityOfPage\":{\"@id\":\"https:\\\/\\\/www.webdo.tn\\\/fr\\\/actualite\\\/national\\\/tunisie-convergence-entre-politiques-nationales-et-programme-europeen-sur-le-logement-social\\\/379535\\\/\"},\"wordCount\":558,\"commentCount\":0,\"publisher\":{\"@id\":\"https:\\\/\\\/www.webdo.tn\\\/fr\\\/#organization\"},\"image\":{\"@id\":\"https:\\\/\\\/www.webdo.tn\\\/fr\\\/actualite\\\/national\\\/tunisie-convergence-entre-politiques-nationales-et-programme-europeen-sur-le-logement-social\\\/379535\\\/#primaryimage\"},\"thumbnailUrl\":\"https:\\\/\\\/www.webdo.tn\\\/fr\\\/wp-content\\\/uploads\\\/2025\\\/07\\\/logements-sociales.jpg\",\"keywords\":[\"Kais Saied\",\"logement social\",\"Tunisie\",\"union euro\u00e9penne\"],\"articleSection\":[\"National\"],\"inLanguage\":\"fr-FR\"},{\"@type\":\"WebPage\",\"@id\":\"https:\\\/\\\/www.webdo.tn\\\/fr\\\/actualite\\\/national\\\/tunisie-convergence-entre-politiques-nationales-et-programme-europeen-sur-le-logement-social\\\/379535\\\/\",\"url\":\"https:\\\/\\\/www.webdo.tn\\\/fr\\\/actualite\\\/national\\\/tunisie-convergence-entre-politiques-nationales-et-programme-europeen-sur-le-logement-social\\\/379535\\\/\",\"name\":\"Tunisie : Convergence entre politiques nationales et programme europ\u00e9en sur le logement social - webdo\",\"isPartOf\":{\"@id\":\"https:\\\/\\\/www.webdo.tn\\\/fr\\\/#website\"},\"primaryImageOfPage\":{\"@id\":\"https:\\\/\\\/www.webdo.tn\\\/fr\\\/actualite\\\/national\\\/tunisie-convergence-entre-politiques-nationales-et-programme-europeen-sur-le-logement-social\\\/379535\\\/#primaryimage\"},\"image\":{\"@id\":\"https:\\\/\\\/www.webdo.tn\\\/fr\\\/actualite\\\/national\\\/tunisie-convergence-entre-politiques-nationales-et-programme-europeen-sur-le-logement-social\\\/379535\\\/#primaryimage\"},\"thumbnailUrl\":\"https:\\\/\\\/www.webdo.tn\\\/fr\\\/wp-content\\\/uploads\\\/2025\\\/07\\\/logements-sociales.jpg\",\"datePublished\":\"2025-07-12T09:05:24+00:00\",\"dateModified\":\"2025-07-14T07:13:09+00:00\",\"description\":\"D\u00e9couvrez le logement social en Tunisie et la convergence d\u2019initiatives entre l\u2019\u00c9tat tunisien et ses partenaires europ\u00e9ens.\",\"breadcrumb\":{\"@id\":\"https:\\\/\\\/www.webdo.tn\\\/fr\\\/actualite\\\/national\\\/tunisie-convergence-entre-politiques-nationales-et-programme-europeen-sur-le-logement-social\\\/379535\\\/#breadcrumb\"},\"inLanguage\":\"fr-FR\",\"potentialAction\":[{\"@type\":\"ReadAction\",\"target\":[\"https:\\\/\\\/www.webdo.tn\\\/fr\\\/actualite\\\/national\\\/tunisie-convergence-entre-politiques-nationales-et-programme-europeen-sur-le-logement-social\\\/379535\\\/\"]}]},{\"@type\":\"ImageObject\",\"inLanguage\":\"fr-FR\",\"@id\":\"https:\\\/\\\/www.webdo.tn\\\/fr\\\/actualite\\\/national\\\/tunisie-convergence-entre-politiques-nationales-et-programme-europeen-sur-le-logement-social\\\/379535\\\/#primaryimage\",\"url\":\"https:\\\/\\\/www.webdo.tn\\\/fr\\\/wp-content\\\/uploads\\\/2025\\\/07\\\/logements-sociales.jpg\",\"contentUrl\":\"https:\\\/\\\/www.webdo.tn\\\/fr\\\/wp-content\\\/uploads\\\/2025\\\/07\\\/logements-sociales.jpg\",\"width\":850,\"height\":491,\"caption\":\"logements sociales Tunisie\"},{\"@type\":\"BreadcrumbList\",\"@id\":\"https:\\\/\\\/www.webdo.tn\\\/fr\\\/actualite\\\/national\\\/tunisie-convergence-entre-politiques-nationales-et-programme-europeen-sur-le-logement-social\\\/379535\\\/#breadcrumb\",\"itemListElement\":[{\"@type\":\"ListItem\",\"position\":1,\"name\":\"Accueil\",\"item\":\"https:\\\/\\\/www.webdo.tn\\\/fr\\\/\"},{\"@type\":\"ListItem\",\"position\":2,\"name\":\"Tunisie : Convergence entre politiques nationales et programme europ\u00e9en sur le logement social\"}]},{\"@type\":\"WebSite\",\"@id\":\"https:\\\/\\\/www.webdo.tn\\\/fr\\\/#website\",\"url\":\"https:\\\/\\\/www.webdo.tn\\\/fr\\\/\",\"name\":\"webdo\",\"description\":\"Tunisie - News en Tunisie et \u00e0 l&#039;international sur Webdo.tn\",\"publisher\":{\"@id\":\"https:\\\/\\\/www.webdo.tn\\\/fr\\\/#organization\"},\"potentialAction\":[{\"@type\":\"SearchAction\",\"target\":{\"@type\":\"EntryPoint\",\"urlTemplate\":\"https:\\\/\\\/www.webdo.tn\\\/fr\\\/?s={search_term_string}\"},\"query-input\":{\"@type\":\"PropertyValueSpecification\",\"valueRequired\":true,\"valueName\":\"search_term_string\"}}],\"inLanguage\":\"fr-FR\"},{\"@type\":\"Organization\",\"@id\":\"https:\\\/\\\/www.webdo.tn\\\/fr\\\/#organization\",\"name\":\"Webdo\",\"alternateName\":\"Webdo.tn\",\"url\":\"https:\\\/\\\/www.webdo.tn\\\/fr\\\/\",\"logo\":{\"@type\":\"ImageObject\",\"inLanguage\":\"fr-FR\",\"@id\":\"https:\\\/\\\/www.webdo.tn\\\/fr\\\/#\\\/schema\\\/logo\\\/image\\\/\",\"url\":\"https:\\\/\\\/www.webdo.tn\\\/fr\\\/wp-content\\\/uploads\\\/2025\\\/06\\\/Webdo-Tunisie_168377.jpg\",\"contentUrl\":\"https:\\\/\\\/www.webdo.tn\\\/fr\\\/wp-content\\\/uploads\\\/2025\\\/06\\\/Webdo-Tunisie_168377.jpg\",\"width\":301,\"height\":301,\"caption\":\"Webdo\"},\"image\":{\"@id\":\"https:\\\/\\\/www.webdo.tn\\\/fr\\\/#\\\/schema\\\/logo\\\/image\\\/\"},\"sameAs\":[\"https:\\\/\\\/www.facebook.com\\\/webdotn\",\"https:\\\/\\\/x.com\\\/webdo_tn\"],\"description\":\"Webdo est un m\u00e9dia num\u00e9rique tunisien fond\u00e9 en 2010, sp\u00e9cialis\u00e9 dans l\u2019actualit\u00e9 nationale et internationale, l\u2019\u00e9conomie, la soci\u00e9t\u00e9 et les analyses politiques. Le site s\u2019adresse \u00e0 un large public francophone et couvre l\u2019information tunisienne en temps r\u00e9el.\",\"email\":\"redac@webdo.tn\",\"legalName\":\"YNJ SARL\",\"foundingDate\":\"2010-09-06\",\"numberOfEmployees\":{\"@type\":\"QuantitativeValue\",\"minValue\":\"11\",\"maxValue\":\"50\"}},{\"@type\":\"Person\",\"@id\":\"https:\\\/\\\/www.webdo.tn\\\/fr\\\/#\\\/schema\\\/person\\\/5663044c25eb36d8f88ba5b653f12f8c\",\"name\":\"Ramzi Haddad\",\"image\":{\"@type\":\"ImageObject\",\"inLanguage\":\"fr-FR\",\"@id\":\"https:\\\/\\\/www.webdo.tn\\\/fr\\\/wp-content\\\/uploads\\\/2026\\\/04\\\/ramzi-haddad_avatar-96x96.jpg\",\"url\":\"https:\\\/\\\/www.webdo.tn\\\/fr\\\/wp-content\\\/uploads\\\/2026\\\/04\\\/ramzi-haddad_avatar-96x96.jpg\",\"contentUrl\":\"https:\\\/\\\/www.webdo.tn\\\/fr\\\/wp-content\\\/uploads\\\/2026\\\/04\\\/ramzi-haddad_avatar-96x96.jpg\",\"caption\":\"Ramzi Haddad\"},\"description\":\"Signature \u00e9ditoriale de Walid Ben Youssef Ramzi Haddad est le pseudonyme \u00e9ditorial de Walid Ben Youssef, fondateur et g\u00e9rant de Webdo.tn. Cette signature est d\u00e9di\u00e9e \u00e0 la couverture de l'actualit\u00e9 nationale et internationale, ainsi qu'aux analyses des dynamiques num\u00e9riques. Ce profil b\u00e9n\u00e9ficie de l'expertise de Walid Ben Youssef, pionnier du web en Tunisie depuis 2000 et dipl\u00f4m\u00e9 en Math\u00e9matiques pures de l'Universit\u00e9 d'Oregon. \u00c0 travers cette signature, la r\u00e9daction de Webdo garantit une information structur\u00e9e et v\u00e9rifi\u00e9e, fid\u00e8le aux standards journalistiques du m\u00e9dia.\",\"url\":\"https:\\\/\\\/www.webdo.tn\\\/fr\\\/actualite\\\/author\\\/ramzi-haddad\\\/\"}]}<\/script>\n<!-- \/ Yoast SEO Premium plugin. -->","yoast_head_json":{"title":"Tunisie : Convergence entre politiques nationales et programme europ\u00e9en sur le logement social - webdo","description":"D\u00e9couvrez le logement social en Tunisie et la convergence d\u2019initiatives entre l\u2019\u00c9tat tunisien et ses partenaires europ\u00e9ens.","canonical":"https:\/\/www.webdo.tn\/fr\/actualite\/national\/tunisie-convergence-entre-politiques-nationales-et-programme-europeen-sur-le-logement-social\/379535\/","og_locale":"fr_FR","og_type":"article","og_title":"Tunisie : Convergence entre politiques nationales et programme europ\u00e9en sur le logement social","og_description":"D\u00e9couvrez le logement social en Tunisie et la convergence d\u2019initiatives entre l\u2019\u00c9tat tunisien et ses partenaires europ\u00e9ens.","og_url":"https:\/\/www.webdo.tn\/fr\/actualite\/national\/tunisie-convergence-entre-politiques-nationales-et-programme-europeen-sur-le-logement-social\/379535\/","og_site_name":"webdo","article_publisher":"https:\/\/www.facebook.com\/webdotn","article_published_time":"2025-07-12T09:05:24+00:00","article_modified_time":"2025-07-14T07:13:09+00:00","og_image":[{"width":850,"height":491,"url":"https:\/\/www.webdo.tn\/fr\/wp-content\/uploads\/2025\/07\/logements-sociales.jpg","type":"image\/jpeg"}],"author":"Ramzi Haddad","twitter_card":"summary_large_image","twitter_creator":"@webdo_tn","twitter_site":"@webdo_tn","twitter_misc":{"\u00c9crit par":"Ramzi Haddad","Dur\u00e9e de lecture estim\u00e9e":"1 minute"},"schema":{"@context":"https:\/\/schema.org","@graph":[{"@type":"NewsArticle","@id":"https:\/\/www.webdo.tn\/fr\/actualite\/national\/tunisie-convergence-entre-politiques-nationales-et-programme-europeen-sur-le-logement-social\/379535\/#article","isPartOf":{"@id":"https:\/\/www.webdo.tn\/fr\/actualite\/national\/tunisie-convergence-entre-politiques-nationales-et-programme-europeen-sur-le-logement-social\/379535\/"},"author":{"name":"Ramzi Haddad","@id":"https:\/\/www.webdo.tn\/fr\/#\/schema\/person\/5663044c25eb36d8f88ba5b653f12f8c"},"headline":"Tunisie : Convergence entre politiques nationales et programme europ\u00e9en sur le logement social","datePublished":"2025-07-12T09:05:24+00:00","dateModified":"2025-07-14T07:13:09+00:00","mainEntityOfPage":{"@id":"https:\/\/www.webdo.tn\/fr\/actualite\/national\/tunisie-convergence-entre-politiques-nationales-et-programme-europeen-sur-le-logement-social\/379535\/"},"wordCount":558,"commentCount":0,"publisher":{"@id":"https:\/\/www.webdo.tn\/fr\/#organization"},"image":{"@id":"https:\/\/www.webdo.tn\/fr\/actualite\/national\/tunisie-convergence-entre-politiques-nationales-et-programme-europeen-sur-le-logement-social\/379535\/#primaryimage"},"thumbnailUrl":"https:\/\/www.webdo.tn\/fr\/wp-content\/uploads\/2025\/07\/logements-sociales.jpg","keywords":["Kais Saied","logement social","Tunisie","union euro\u00e9penne"],"articleSection":["National"],"inLanguage":"fr-FR"},{"@type":"WebPage","@id":"https:\/\/www.webdo.tn\/fr\/actualite\/national\/tunisie-convergence-entre-politiques-nationales-et-programme-europeen-sur-le-logement-social\/379535\/","url":"https:\/\/www.webdo.tn\/fr\/actualite\/national\/tunisie-convergence-entre-politiques-nationales-et-programme-europeen-sur-le-logement-social\/379535\/","name":"Tunisie : Convergence entre politiques nationales et programme europ\u00e9en sur le logement social - webdo","isPartOf":{"@id":"https:\/\/www.webdo.tn\/fr\/#website"},"primaryImageOfPage":{"@id":"https:\/\/www.webdo.tn\/fr\/actualite\/national\/tunisie-convergence-entre-politiques-nationales-et-programme-europeen-sur-le-logement-social\/379535\/#primaryimage"},"image":{"@id":"https:\/\/www.webdo.tn\/fr\/actualite\/national\/tunisie-convergence-entre-politiques-nationales-et-programme-europeen-sur-le-logement-social\/379535\/#primaryimage"},"thumbnailUrl":"https:\/\/www.webdo.tn\/fr\/wp-content\/uploads\/2025\/07\/logements-sociales.jpg","datePublished":"2025-07-12T09:05:24+00:00","dateModified":"2025-07-14T07:13:09+00:00","description":"D\u00e9couvrez le logement social en Tunisie et la convergence d\u2019initiatives entre l\u2019\u00c9tat tunisien et ses partenaires europ\u00e9ens.","breadcrumb":{"@id":"https:\/\/www.webdo.tn\/fr\/actualite\/national\/tunisie-convergence-entre-politiques-nationales-et-programme-europeen-sur-le-logement-social\/379535\/#breadcrumb"},"inLanguage":"fr-FR","potentialAction":[{"@type":"ReadAction","target":["https:\/\/www.webdo.tn\/fr\/actualite\/national\/tunisie-convergence-entre-politiques-nationales-et-programme-europeen-sur-le-logement-social\/379535\/"]}]},{"@type":"ImageObject","inLanguage":"fr-FR","@id":"https:\/\/www.webdo.tn\/fr\/actualite\/national\/tunisie-convergence-entre-politiques-nationales-et-programme-europeen-sur-le-logement-social\/379535\/#primaryimage","url":"https:\/\/www.webdo.tn\/fr\/wp-content\/uploads\/2025\/07\/logements-sociales.jpg","contentUrl":"https:\/\/www.webdo.tn\/fr\/wp-content\/uploads\/2025\/07\/logements-sociales.jpg","width":850,"height":491,"caption":"logements sociales Tunisie"},{"@type":"BreadcrumbList","@id":"https:\/\/www.webdo.tn\/fr\/actualite\/national\/tunisie-convergence-entre-politiques-nationales-et-programme-europeen-sur-le-logement-social\/379535\/#breadcrumb","itemListElement":[{"@type":"ListItem","position":1,"name":"Accueil","item":"https:\/\/www.webdo.tn\/fr\/"},{"@type":"ListItem","position":2,"name":"Tunisie : Convergence entre politiques nationales et programme europ\u00e9en sur le logement social"}]},{"@type":"WebSite","@id":"https:\/\/www.webdo.tn\/fr\/#website","url":"https:\/\/www.webdo.tn\/fr\/","name":"webdo","description":"Tunisie - News en Tunisie et \u00e0 l&#039;international sur Webdo.tn","publisher":{"@id":"https:\/\/www.webdo.tn\/fr\/#organization"},"potentialAction":[{"@type":"SearchAction","target":{"@type":"EntryPoint","urlTemplate":"https:\/\/www.webdo.tn\/fr\/?s={search_term_string}"},"query-input":{"@type":"PropertyValueSpecification","valueRequired":true,"valueName":"search_term_string"}}],"inLanguage":"fr-FR"},{"@type":"Organization","@id":"https:\/\/www.webdo.tn\/fr\/#organization","name":"Webdo","alternateName":"Webdo.tn","url":"https:\/\/www.webdo.tn\/fr\/","logo":{"@type":"ImageObject","inLanguage":"fr-FR","@id":"https:\/\/www.webdo.tn\/fr\/#\/schema\/logo\/image\/","url":"https:\/\/www.webdo.tn\/fr\/wp-content\/uploads\/2025\/06\/Webdo-Tunisie_168377.jpg","contentUrl":"https:\/\/www.webdo.tn\/fr\/wp-content\/uploads\/2025\/06\/Webdo-Tunisie_168377.jpg","width":301,"height":301,"caption":"Webdo"},"image":{"@id":"https:\/\/www.webdo.tn\/fr\/#\/schema\/logo\/image\/"},"sameAs":["https:\/\/www.facebook.com\/webdotn","https:\/\/x.com\/webdo_tn"],"description":"Webdo est un m\u00e9dia num\u00e9rique tunisien fond\u00e9 en 2010, sp\u00e9cialis\u00e9 dans l\u2019actualit\u00e9 nationale et internationale, l\u2019\u00e9conomie, la soci\u00e9t\u00e9 et les analyses politiques. Le site s\u2019adresse \u00e0 un large public francophone et couvre l\u2019information tunisienne en temps r\u00e9el.","email":"redac@webdo.tn","legalName":"YNJ SARL","foundingDate":"2010-09-06","numberOfEmployees":{"@type":"QuantitativeValue","minValue":"11","maxValue":"50"}},{"@type":"Person","@id":"https:\/\/www.webdo.tn\/fr\/#\/schema\/person\/5663044c25eb36d8f88ba5b653f12f8c","name":"Ramzi Haddad","image":{"@type":"ImageObject","inLanguage":"fr-FR","@id":"https:\/\/www.webdo.tn\/fr\/wp-content\/uploads\/2026\/04\/ramzi-haddad_avatar-96x96.jpg","url":"https:\/\/www.webdo.tn\/fr\/wp-content\/uploads\/2026\/04\/ramzi-haddad_avatar-96x96.jpg","contentUrl":"https:\/\/www.webdo.tn\/fr\/wp-content\/uploads\/2026\/04\/ramzi-haddad_avatar-96x96.jpg","caption":"Ramzi Haddad"},"description":"Signature \u00e9ditoriale de Walid Ben Youssef Ramzi Haddad est le pseudonyme \u00e9ditorial de Walid Ben Youssef, fondateur et g\u00e9rant de Webdo.tn. Cette signature est d\u00e9di\u00e9e \u00e0 la couverture de l'actualit\u00e9 nationale et internationale, ainsi qu'aux analyses des dynamiques num\u00e9riques. Ce profil b\u00e9n\u00e9ficie de l'expertise de Walid Ben Youssef, pionnier du web en Tunisie depuis 2000 et dipl\u00f4m\u00e9 en Math\u00e9matiques pures de l'Universit\u00e9 d'Oregon. \u00c0 travers cette signature, la r\u00e9daction de Webdo garantit une information structur\u00e9e et v\u00e9rifi\u00e9e, fid\u00e8le aux standards journalistiques du m\u00e9dia.","url":"https:\/\/www.webdo.tn\/fr\/actualite\/author\/ramzi-haddad\/"}]}},"_links":{"self":[{"href":"https:\/\/www.webdo.tn\/fr\/wp-json\/wp\/v2\/posts\/379535","targetHints":{"allow":["GET"]}}],"collection":[{"href":"https:\/\/www.webdo.tn\/fr\/wp-json\/wp\/v2\/posts"}],"about":[{"href":"https:\/\/www.webdo.tn\/fr\/wp-json\/wp\/v2\/types\/post"}],"author":[{"embeddable":true,"href":"https:\/\/www.webdo.tn\/fr\/wp-json\/wp\/v2\/users\/3203"}],"replies":[{"embeddable":true,"href":"https:\/\/www.webdo.tn\/fr\/wp-json\/wp\/v2\/comments?post=379535"}],"version-history":[{"count":0,"href":"https:\/\/www.webdo.tn\/fr\/wp-json\/wp\/v2\/posts\/379535\/revisions"}],"wp:featuredmedia":[{"embeddable":true,"href":"https:\/\/www.webdo.tn\/fr\/wp-json\/wp\/v2\/media\/379538"}],"wp:attachment":[{"href":"https:\/\/www.webdo.tn\/fr\/wp-json\/wp\/v2\/media?parent=379535"}],"wp:term":[{"taxonomy":"category","embeddable":true,"href":"https:\/\/www.webdo.tn\/fr\/wp-json\/wp\/v2\/categories?post=379535"},{"taxonomy":"post_tag","embeddable":true,"href":"https:\/\/www.webdo.tn\/fr\/wp-json\/wp\/v2\/tags?post=379535"}],"curies":[{"name":"wp","href":"https:\/\/api.w.org\/{rel}","templated":true}]}}