{"id":379510,"date":"2025-07-11T14:21:47","date_gmt":"2025-07-11T13:21:47","guid":{"rendered":"https:\/\/www.webdo.tn\/fr\/?p=379510"},"modified":"2025-07-11T14:21:48","modified_gmt":"2025-07-11T13:21:48","slug":"condamnation-de-mohamed-boughaleb-le-snjt-reclame-la-suspension-du-decret-54","status":"publish","type":"post","link":"https:\/\/www.webdo.tn\/fr\/actualite\/national\/condamnation-de-mohamed-boughaleb-le-snjt-reclame-la-suspension-du-decret-54\/379510\/","title":{"rendered":"Condamnation de Mohamed Boughaleb : Le SNJT r\u00e9clame la suspension du d\u00e9cret 54"},"content":{"rendered":"\n<p>Le journaliste Mohamed Boughaleb a \u00e9t\u00e9 condamn\u00e9, jeudi 10 juillet 2025, \u00e0 deux ans de prison par la chambre criminelle n\u00b044 du tribunal de premi\u00e8re instance de Tunis. La d\u00e9cision a \u00e9t\u00e9 rendue en vertu de l\u2019article 24 du d\u00e9cret-loi n\u00b054 relatif \u00e0 la lutte contre les infractions aux syst\u00e8mes d\u2019information et de communication.<\/p>\n\n\n\n<p>La condamnation fait suite \u00e0 une plainte d\u00e9pos\u00e9e par une enseignante universitaire, en lien avec une publication jug\u00e9e diffamatoire. Selon le Syndicat national des journalistes tunisiens (SNJT), les r\u00e9sultats d\u2019un test d\u2019expertise auraient toutefois \u00e9tabli que le journaliste n\u2019\u00e9tait pas l\u2019auteur de la publication concern\u00e9e.<\/p>\n\n\n\n<p>Dans un communiqu\u00e9 publi\u00e9 ce vendredi, le SNJT a exprim\u00e9 sa pr\u00e9occupation face \u00e0 cette d\u00e9cision, tout en rappelant son opposition au recours aux peines de prison dans les affaires d\u2019opinion. Le syndicat appelle \u00e0 la suspension de l\u2019application du d\u00e9cret-loi n\u00b054, actuellement en discussion \u00e0 l\u2019Assembl\u00e9e pour une \u00e9ventuelle r\u00e9vision, notamment de son article 24.<\/p>\n\n\n\n<ul class=\"wp-block-list\">\n<li>LIRE AUSSI : <a href=\"https:\/\/www.webdo.tn\/fr\/actualite\/national\/tunisie-mohamed-boughaleb-ecope-de-deux-ans-de-prison\/379454\/\">Tunisie : Mohamed Boughaleb \u00e9cope de deux ans de prison<\/a><\/li>\n<\/ul>\n\n\n\n<p>Le SNJT \u00e9voque par ailleurs une tendance \u00e0 la judiciarisation des affaires li\u00e9es \u00e0 la libert\u00e9 d\u2019expression et r\u00e9it\u00e8re son soutien aux journalistes faisant face \u00e0 des poursuites judiciaires.<\/p>\n\n\n\n<p>Rappelons que Mohamed Boughalleb, a \u00e9t\u00e9 arr\u00eat\u00e9 le 22 mars 2024, pour \u00eatre &nbsp;poursuivi en vertu de l\u2019article 24 du d\u00e9cret 54 \u00e0 la suite d\u2019une plainte d\u00e9pos\u00e9e le 5 avril par une enseignante universitaire. Le journaliste Mohamed Boughalleb avait \u00e9t\u00e9 lib\u00e9r\u00e9 le 20 f\u00e9vrier 2025. Il a comparu le 23 juin 2025 devant la chambre criminelle du tribunal de premi\u00e8re instance de Tunis, avant d\u2019\u00eatre condamn\u00e9 hier \u00e0 deux ans de prison.<\/p>\n\n\n\n<p>Dans une autre affaire, il avait \u00e9t\u00e9 condamn\u00e9 en appel, en juin 2024 \u00e0 huit mois de prison par la Chambre p\u00e9nale de la Cour d\u2019appel de Tunis. Il avait \u00e9t\u00e9 jug\u00e9 sur la base du d\u00e9cret 54 \u00e0 la suite d\u2019une plainte d\u00e9pos\u00e9e par une fonctionnaire du minist\u00e8re des Affaires religieuses sur fond de ses commentaires \u00e0 la radio et \u00e0 la t\u00e9l\u00e9vision sur les visites \u00e0 l\u2019\u00e9tranger et les politiques du minist\u00e8re.<\/p>\n\n\n\n<ul class=\"wp-block-list\">\n<li>LIRE AUSSI : <a href=\"https:\/\/www.webdo.tn\/fr\/actualite\/national\/la-peine-de-mohamed-boughalleb-alourdie-a-huit-mois-de-prison\/214999\/\">La peine de Mohamed Boughalleb alourdie \u00e0 huit mois de prison<\/a><\/li>\n<\/ul>\n","protected":false},"excerpt":{"rendered":"<p>Le journaliste Mohamed Boughaleb a \u00e9t\u00e9 condamn\u00e9, jeudi 10 juillet 2025, \u00e0 deux ans de prison par la chambre criminelle n\u00b044 du tribunal de premi\u00e8re instance de Tunis. La d\u00e9cision a \u00e9t\u00e9 rendue en vertu de l\u2019article 24 du d\u00e9cret-loi n\u00b054 relatif \u00e0 la lutte contre les infractions aux syst\u00e8mes d\u2019information et de communication. La [&hellip;]<\/p>\n","protected":false},"author":3191,"featured_media":366071,"comment_status":"open","ping_status":"open","sticky":false,"template":"","format":"standard","meta":{"footnotes":""},"categories":[44],"tags":[3284,2619,3939,2608],"class_list":["post-379510","post","type-post","status-publish","format-standard","has-post-thumbnail","hentry","category-national","tag-decret-54","tag-justice","tag-mohamed-boughalleb","tag-tunisie"],"yoast_head":"<!-- This site is optimized with the Yoast SEO Premium plugin v27.5 (Yoast SEO v27.5) - https:\/\/yoast.com\/product\/yoast-seo-premium-wordpress\/ -->\n<title>Condamnation de Mohamed Boughaleb : Le SNJT r\u00e9clame la suspension du d\u00e9cret 54 - webdo<\/title>\n<meta name=\"description\" content=\"La d\u00e9cision judiciaire contre Mohamed Boughaleb a provoqu\u00e9 des r\u00e9actions. Apprenez-en plus sur ce controvers\u00e9 jugement de prison.\" \/>\n<link rel=\"canonical\" href=\"https:\/\/www.webdo.tn\/fr\/actualite\/national\/condamnation-de-mohamed-boughaleb-le-snjt-reclame-la-suspension-du-decret-54\/379510\/\" \/>\n<meta property=\"og:locale\" content=\"fr_FR\" \/>\n<meta property=\"og:type\" content=\"article\" \/>\n<meta property=\"og:title\" content=\"Condamnation de Mohamed Boughaleb : Le SNJT r\u00e9clame la suspension du d\u00e9cret 54\" \/>\n<meta property=\"og:description\" content=\"La d\u00e9cision judiciaire contre Mohamed Boughaleb a provoqu\u00e9 des r\u00e9actions. Apprenez-en plus sur ce controvers\u00e9 jugement de prison.\" \/>\n<meta property=\"og:url\" content=\"https:\/\/www.webdo.tn\/fr\/actualite\/national\/condamnation-de-mohamed-boughaleb-le-snjt-reclame-la-suspension-du-decret-54\/379510\/\" \/>\n<meta property=\"og:site_name\" content=\"webdo\" \/>\n<meta property=\"article:publisher\" content=\"https:\/\/www.facebook.com\/webdotn\" \/>\n<meta property=\"article:published_time\" content=\"2025-07-11T13:21:47+00:00\" \/>\n<meta property=\"article:modified_time\" content=\"2025-07-11T13:21:48+00:00\" \/>\n<meta property=\"og:image\" content=\"https:\/\/www.webdo.tn\/fr\/wp-content\/uploads\/2025\/05\/81a8b0574df5f991a4d65f70d40b12c6.webp\" \/>\n\t<meta property=\"og:image:width\" content=\"750\" \/>\n\t<meta property=\"og:image:height\" content=\"400\" \/>\n\t<meta property=\"og:image:type\" content=\"image\/webp\" \/>\n<meta name=\"author\" content=\"Mohamed Hedi Touati\" \/>\n<meta name=\"twitter:card\" content=\"summary_large_image\" \/>\n<meta name=\"twitter:creator\" content=\"@webdo_tn\" \/>\n<meta name=\"twitter:site\" content=\"@webdo_tn\" \/>\n<meta name=\"twitter:label1\" content=\"\u00c9crit par\" \/>\n\t<meta name=\"twitter:data1\" content=\"Mohamed Hedi Touati\" \/>\n\t<meta name=\"twitter:label2\" content=\"Dur\u00e9e de lecture estim\u00e9e\" \/>\n\t<meta name=\"twitter:data2\" content=\"3 minutes\" \/>\n<script type=\"application\/ld+json\" class=\"yoast-schema-graph\">{\"@context\":\"https:\\\/\\\/schema.org\",\"@graph\":[{\"@type\":\"NewsArticle\",\"@id\":\"https:\\\/\\\/www.webdo.tn\\\/fr\\\/actualite\\\/national\\\/condamnation-de-mohamed-boughaleb-le-snjt-reclame-la-suspension-du-decret-54\\\/379510\\\/#article\",\"isPartOf\":{\"@id\":\"https:\\\/\\\/www.webdo.tn\\\/fr\\\/actualite\\\/national\\\/condamnation-de-mohamed-boughaleb-le-snjt-reclame-la-suspension-du-decret-54\\\/379510\\\/\"},\"author\":{\"name\":\"Mohamed Hedi Touati\",\"@id\":\"https:\\\/\\\/www.webdo.tn\\\/fr\\\/#\\\/schema\\\/person\\\/c652cd8fc2b1b44412b5ffb48c5a911d\"},\"headline\":\"Condamnation de Mohamed Boughaleb : Le SNJT r\u00e9clame la suspension du d\u00e9cret 54\",\"datePublished\":\"2025-07-11T13:21:47+00:00\",\"dateModified\":\"2025-07-11T13:21:48+00:00\",\"mainEntityOfPage\":{\"@id\":\"https:\\\/\\\/www.webdo.tn\\\/fr\\\/actualite\\\/national\\\/condamnation-de-mohamed-boughaleb-le-snjt-reclame-la-suspension-du-decret-54\\\/379510\\\/\"},\"wordCount\":385,\"commentCount\":0,\"publisher\":{\"@id\":\"https:\\\/\\\/www.webdo.tn\\\/fr\\\/#organization\"},\"image\":{\"@id\":\"https:\\\/\\\/www.webdo.tn\\\/fr\\\/actualite\\\/national\\\/condamnation-de-mohamed-boughaleb-le-snjt-reclame-la-suspension-du-decret-54\\\/379510\\\/#primaryimage\"},\"thumbnailUrl\":\"https:\\\/\\\/www.webdo.tn\\\/fr\\\/wp-content\\\/uploads\\\/2025\\\/05\\\/81a8b0574df5f991a4d65f70d40b12c6.webp\",\"keywords\":[\"d\u00e9cret 54\",\"justice\",\"mohamed boughalleb\",\"Tunisie\"],\"articleSection\":[\"National\"],\"inLanguage\":\"fr-FR\"},{\"@type\":\"WebPage\",\"@id\":\"https:\\\/\\\/www.webdo.tn\\\/fr\\\/actualite\\\/national\\\/condamnation-de-mohamed-boughaleb-le-snjt-reclame-la-suspension-du-decret-54\\\/379510\\\/\",\"url\":\"https:\\\/\\\/www.webdo.tn\\\/fr\\\/actualite\\\/national\\\/condamnation-de-mohamed-boughaleb-le-snjt-reclame-la-suspension-du-decret-54\\\/379510\\\/\",\"name\":\"Condamnation de Mohamed Boughaleb : Le SNJT r\u00e9clame la suspension du d\u00e9cret 54 - webdo\",\"isPartOf\":{\"@id\":\"https:\\\/\\\/www.webdo.tn\\\/fr\\\/#website\"},\"primaryImageOfPage\":{\"@id\":\"https:\\\/\\\/www.webdo.tn\\\/fr\\\/actualite\\\/national\\\/condamnation-de-mohamed-boughaleb-le-snjt-reclame-la-suspension-du-decret-54\\\/379510\\\/#primaryimage\"},\"image\":{\"@id\":\"https:\\\/\\\/www.webdo.tn\\\/fr\\\/actualite\\\/national\\\/condamnation-de-mohamed-boughaleb-le-snjt-reclame-la-suspension-du-decret-54\\\/379510\\\/#primaryimage\"},\"thumbnailUrl\":\"https:\\\/\\\/www.webdo.tn\\\/fr\\\/wp-content\\\/uploads\\\/2025\\\/05\\\/81a8b0574df5f991a4d65f70d40b12c6.webp\",\"datePublished\":\"2025-07-11T13:21:47+00:00\",\"dateModified\":\"2025-07-11T13:21:48+00:00\",\"description\":\"La d\u00e9cision judiciaire contre Mohamed Boughaleb a provoqu\u00e9 des r\u00e9actions. Apprenez-en plus sur ce controvers\u00e9 jugement de prison.\",\"breadcrumb\":{\"@id\":\"https:\\\/\\\/www.webdo.tn\\\/fr\\\/actualite\\\/national\\\/condamnation-de-mohamed-boughaleb-le-snjt-reclame-la-suspension-du-decret-54\\\/379510\\\/#breadcrumb\"},\"inLanguage\":\"fr-FR\",\"potentialAction\":[{\"@type\":\"ReadAction\",\"target\":[\"https:\\\/\\\/www.webdo.tn\\\/fr\\\/actualite\\\/national\\\/condamnation-de-mohamed-boughaleb-le-snjt-reclame-la-suspension-du-decret-54\\\/379510\\\/\"]}]},{\"@type\":\"ImageObject\",\"inLanguage\":\"fr-FR\",\"@id\":\"https:\\\/\\\/www.webdo.tn\\\/fr\\\/actualite\\\/national\\\/condamnation-de-mohamed-boughaleb-le-snjt-reclame-la-suspension-du-decret-54\\\/379510\\\/#primaryimage\",\"url\":\"https:\\\/\\\/www.webdo.tn\\\/fr\\\/wp-content\\\/uploads\\\/2025\\\/05\\\/81a8b0574df5f991a4d65f70d40b12c6.webp\",\"contentUrl\":\"https:\\\/\\\/www.webdo.tn\\\/fr\\\/wp-content\\\/uploads\\\/2025\\\/05\\\/81a8b0574df5f991a4d65f70d40b12c6.webp\",\"width\":750,\"height\":400,\"caption\":\"Condamnation de Mohamed Boughaleb : Le SNJT r\u00e9clame la suspension du d\u00e9cret 54\"},{\"@type\":\"BreadcrumbList\",\"@id\":\"https:\\\/\\\/www.webdo.tn\\\/fr\\\/actualite\\\/national\\\/condamnation-de-mohamed-boughaleb-le-snjt-reclame-la-suspension-du-decret-54\\\/379510\\\/#breadcrumb\",\"itemListElement\":[{\"@type\":\"ListItem\",\"position\":1,\"name\":\"Accueil\",\"item\":\"https:\\\/\\\/www.webdo.tn\\\/fr\\\/\"},{\"@type\":\"ListItem\",\"position\":2,\"name\":\"Condamnation de Mohamed Boughaleb : Le SNJT r\u00e9clame la suspension du d\u00e9cret 54\"}]},{\"@type\":\"WebSite\",\"@id\":\"https:\\\/\\\/www.webdo.tn\\\/fr\\\/#website\",\"url\":\"https:\\\/\\\/www.webdo.tn\\\/fr\\\/\",\"name\":\"webdo\",\"description\":\"Tunisie - News en Tunisie et \u00e0 l&#039;international sur Webdo.tn\",\"publisher\":{\"@id\":\"https:\\\/\\\/www.webdo.tn\\\/fr\\\/#organization\"},\"potentialAction\":[{\"@type\":\"SearchAction\",\"target\":{\"@type\":\"EntryPoint\",\"urlTemplate\":\"https:\\\/\\\/www.webdo.tn\\\/fr\\\/?s={search_term_string}\"},\"query-input\":{\"@type\":\"PropertyValueSpecification\",\"valueRequired\":true,\"valueName\":\"search_term_string\"}}],\"inLanguage\":\"fr-FR\"},{\"@type\":\"Organization\",\"@id\":\"https:\\\/\\\/www.webdo.tn\\\/fr\\\/#organization\",\"name\":\"Webdo\",\"alternateName\":\"Webdo.tn\",\"url\":\"https:\\\/\\\/www.webdo.tn\\\/fr\\\/\",\"logo\":{\"@type\":\"ImageObject\",\"inLanguage\":\"fr-FR\",\"@id\":\"https:\\\/\\\/www.webdo.tn\\\/fr\\\/#\\\/schema\\\/logo\\\/image\\\/\",\"url\":\"https:\\\/\\\/www.webdo.tn\\\/fr\\\/wp-content\\\/uploads\\\/2025\\\/06\\\/Webdo-Tunisie_168377.jpg\",\"contentUrl\":\"https:\\\/\\\/www.webdo.tn\\\/fr\\\/wp-content\\\/uploads\\\/2025\\\/06\\\/Webdo-Tunisie_168377.jpg\",\"width\":301,\"height\":301,\"caption\":\"Webdo\"},\"image\":{\"@id\":\"https:\\\/\\\/www.webdo.tn\\\/fr\\\/#\\\/schema\\\/logo\\\/image\\\/\"},\"sameAs\":[\"https:\\\/\\\/www.facebook.com\\\/webdotn\",\"https:\\\/\\\/x.com\\\/webdo_tn\"],\"description\":\"Webdo est un m\u00e9dia num\u00e9rique tunisien fond\u00e9 en 2010, sp\u00e9cialis\u00e9 dans l\u2019actualit\u00e9 nationale et internationale, l\u2019\u00e9conomie, la soci\u00e9t\u00e9 et les analyses politiques. Le site s\u2019adresse \u00e0 un large public francophone et couvre l\u2019information tunisienne en temps r\u00e9el.\",\"email\":\"redac@webdo.tn\",\"legalName\":\"YNJ SARL\",\"foundingDate\":\"2010-09-06\",\"numberOfEmployees\":{\"@type\":\"QuantitativeValue\",\"minValue\":\"11\",\"maxValue\":\"50\"}},{\"@type\":\"Person\",\"@id\":\"https:\\\/\\\/www.webdo.tn\\\/fr\\\/#\\\/schema\\\/person\\\/c652cd8fc2b1b44412b5ffb48c5a911d\",\"name\":\"Mohamed Hedi Touati\",\"image\":{\"@type\":\"ImageObject\",\"inLanguage\":\"fr-FR\",\"@id\":\"https:\\\/\\\/secure.gravatar.com\\\/avatar\\\/9cfd402c745b7a685f13eed0ea6e59d2144a3c2fc50a3db6fd5ed451f6cddf1a?s=96&d=mm&r=g\",\"url\":\"https:\\\/\\\/secure.gravatar.com\\\/avatar\\\/9cfd402c745b7a685f13eed0ea6e59d2144a3c2fc50a3db6fd5ed451f6cddf1a?s=96&d=mm&r=g\",\"contentUrl\":\"https:\\\/\\\/secure.gravatar.com\\\/avatar\\\/9cfd402c745b7a685f13eed0ea6e59d2144a3c2fc50a3db6fd5ed451f6cddf1a?s=96&d=mm&r=g\",\"caption\":\"Mohamed Hedi Touati\"},\"url\":\"https:\\\/\\\/www.webdo.tn\\\/fr\\\/actualite\\\/author\\\/mohamed-hedi-touati\\\/\"}]}<\/script>\n<!-- \/ Yoast SEO Premium plugin. -->","yoast_head_json":{"title":"Condamnation de Mohamed Boughaleb : Le SNJT r\u00e9clame la suspension du d\u00e9cret 54 - webdo","description":"La d\u00e9cision judiciaire contre Mohamed Boughaleb a provoqu\u00e9 des r\u00e9actions. Apprenez-en plus sur ce controvers\u00e9 jugement de prison.","canonical":"https:\/\/www.webdo.tn\/fr\/actualite\/national\/condamnation-de-mohamed-boughaleb-le-snjt-reclame-la-suspension-du-decret-54\/379510\/","og_locale":"fr_FR","og_type":"article","og_title":"Condamnation de Mohamed Boughaleb : Le SNJT r\u00e9clame la suspension du d\u00e9cret 54","og_description":"La d\u00e9cision judiciaire contre Mohamed Boughaleb a provoqu\u00e9 des r\u00e9actions. Apprenez-en plus sur ce controvers\u00e9 jugement de prison.","og_url":"https:\/\/www.webdo.tn\/fr\/actualite\/national\/condamnation-de-mohamed-boughaleb-le-snjt-reclame-la-suspension-du-decret-54\/379510\/","og_site_name":"webdo","article_publisher":"https:\/\/www.facebook.com\/webdotn","article_published_time":"2025-07-11T13:21:47+00:00","article_modified_time":"2025-07-11T13:21:48+00:00","og_image":[{"width":750,"height":400,"url":"https:\/\/www.webdo.tn\/fr\/wp-content\/uploads\/2025\/05\/81a8b0574df5f991a4d65f70d40b12c6.webp","type":"image\/webp"}],"author":"Mohamed Hedi Touati","twitter_card":"summary_large_image","twitter_creator":"@webdo_tn","twitter_site":"@webdo_tn","twitter_misc":{"\u00c9crit par":"Mohamed Hedi Touati","Dur\u00e9e de lecture estim\u00e9e":"3 minutes"},"schema":{"@context":"https:\/\/schema.org","@graph":[{"@type":"NewsArticle","@id":"https:\/\/www.webdo.tn\/fr\/actualite\/national\/condamnation-de-mohamed-boughaleb-le-snjt-reclame-la-suspension-du-decret-54\/379510\/#article","isPartOf":{"@id":"https:\/\/www.webdo.tn\/fr\/actualite\/national\/condamnation-de-mohamed-boughaleb-le-snjt-reclame-la-suspension-du-decret-54\/379510\/"},"author":{"name":"Mohamed Hedi Touati","@id":"https:\/\/www.webdo.tn\/fr\/#\/schema\/person\/c652cd8fc2b1b44412b5ffb48c5a911d"},"headline":"Condamnation de Mohamed Boughaleb : Le SNJT r\u00e9clame la suspension du d\u00e9cret 54","datePublished":"2025-07-11T13:21:47+00:00","dateModified":"2025-07-11T13:21:48+00:00","mainEntityOfPage":{"@id":"https:\/\/www.webdo.tn\/fr\/actualite\/national\/condamnation-de-mohamed-boughaleb-le-snjt-reclame-la-suspension-du-decret-54\/379510\/"},"wordCount":385,"commentCount":0,"publisher":{"@id":"https:\/\/www.webdo.tn\/fr\/#organization"},"image":{"@id":"https:\/\/www.webdo.tn\/fr\/actualite\/national\/condamnation-de-mohamed-boughaleb-le-snjt-reclame-la-suspension-du-decret-54\/379510\/#primaryimage"},"thumbnailUrl":"https:\/\/www.webdo.tn\/fr\/wp-content\/uploads\/2025\/05\/81a8b0574df5f991a4d65f70d40b12c6.webp","keywords":["d\u00e9cret 54","justice","mohamed boughalleb","Tunisie"],"articleSection":["National"],"inLanguage":"fr-FR"},{"@type":"WebPage","@id":"https:\/\/www.webdo.tn\/fr\/actualite\/national\/condamnation-de-mohamed-boughaleb-le-snjt-reclame-la-suspension-du-decret-54\/379510\/","url":"https:\/\/www.webdo.tn\/fr\/actualite\/national\/condamnation-de-mohamed-boughaleb-le-snjt-reclame-la-suspension-du-decret-54\/379510\/","name":"Condamnation de Mohamed Boughaleb : Le SNJT r\u00e9clame la suspension du d\u00e9cret 54 - webdo","isPartOf":{"@id":"https:\/\/www.webdo.tn\/fr\/#website"},"primaryImageOfPage":{"@id":"https:\/\/www.webdo.tn\/fr\/actualite\/national\/condamnation-de-mohamed-boughaleb-le-snjt-reclame-la-suspension-du-decret-54\/379510\/#primaryimage"},"image":{"@id":"https:\/\/www.webdo.tn\/fr\/actualite\/national\/condamnation-de-mohamed-boughaleb-le-snjt-reclame-la-suspension-du-decret-54\/379510\/#primaryimage"},"thumbnailUrl":"https:\/\/www.webdo.tn\/fr\/wp-content\/uploads\/2025\/05\/81a8b0574df5f991a4d65f70d40b12c6.webp","datePublished":"2025-07-11T13:21:47+00:00","dateModified":"2025-07-11T13:21:48+00:00","description":"La d\u00e9cision judiciaire contre Mohamed Boughaleb a provoqu\u00e9 des r\u00e9actions. Apprenez-en plus sur ce controvers\u00e9 jugement de prison.","breadcrumb":{"@id":"https:\/\/www.webdo.tn\/fr\/actualite\/national\/condamnation-de-mohamed-boughaleb-le-snjt-reclame-la-suspension-du-decret-54\/379510\/#breadcrumb"},"inLanguage":"fr-FR","potentialAction":[{"@type":"ReadAction","target":["https:\/\/www.webdo.tn\/fr\/actualite\/national\/condamnation-de-mohamed-boughaleb-le-snjt-reclame-la-suspension-du-decret-54\/379510\/"]}]},{"@type":"ImageObject","inLanguage":"fr-FR","@id":"https:\/\/www.webdo.tn\/fr\/actualite\/national\/condamnation-de-mohamed-boughaleb-le-snjt-reclame-la-suspension-du-decret-54\/379510\/#primaryimage","url":"https:\/\/www.webdo.tn\/fr\/wp-content\/uploads\/2025\/05\/81a8b0574df5f991a4d65f70d40b12c6.webp","contentUrl":"https:\/\/www.webdo.tn\/fr\/wp-content\/uploads\/2025\/05\/81a8b0574df5f991a4d65f70d40b12c6.webp","width":750,"height":400,"caption":"Condamnation de Mohamed Boughaleb : Le SNJT r\u00e9clame la suspension du d\u00e9cret 54"},{"@type":"BreadcrumbList","@id":"https:\/\/www.webdo.tn\/fr\/actualite\/national\/condamnation-de-mohamed-boughaleb-le-snjt-reclame-la-suspension-du-decret-54\/379510\/#breadcrumb","itemListElement":[{"@type":"ListItem","position":1,"name":"Accueil","item":"https:\/\/www.webdo.tn\/fr\/"},{"@type":"ListItem","position":2,"name":"Condamnation de Mohamed Boughaleb : Le SNJT r\u00e9clame la suspension du d\u00e9cret 54"}]},{"@type":"WebSite","@id":"https:\/\/www.webdo.tn\/fr\/#website","url":"https:\/\/www.webdo.tn\/fr\/","name":"webdo","description":"Tunisie - News en Tunisie et \u00e0 l&#039;international sur Webdo.tn","publisher":{"@id":"https:\/\/www.webdo.tn\/fr\/#organization"},"potentialAction":[{"@type":"SearchAction","target":{"@type":"EntryPoint","urlTemplate":"https:\/\/www.webdo.tn\/fr\/?s={search_term_string}"},"query-input":{"@type":"PropertyValueSpecification","valueRequired":true,"valueName":"search_term_string"}}],"inLanguage":"fr-FR"},{"@type":"Organization","@id":"https:\/\/www.webdo.tn\/fr\/#organization","name":"Webdo","alternateName":"Webdo.tn","url":"https:\/\/www.webdo.tn\/fr\/","logo":{"@type":"ImageObject","inLanguage":"fr-FR","@id":"https:\/\/www.webdo.tn\/fr\/#\/schema\/logo\/image\/","url":"https:\/\/www.webdo.tn\/fr\/wp-content\/uploads\/2025\/06\/Webdo-Tunisie_168377.jpg","contentUrl":"https:\/\/www.webdo.tn\/fr\/wp-content\/uploads\/2025\/06\/Webdo-Tunisie_168377.jpg","width":301,"height":301,"caption":"Webdo"},"image":{"@id":"https:\/\/www.webdo.tn\/fr\/#\/schema\/logo\/image\/"},"sameAs":["https:\/\/www.facebook.com\/webdotn","https:\/\/x.com\/webdo_tn"],"description":"Webdo est un m\u00e9dia num\u00e9rique tunisien fond\u00e9 en 2010, sp\u00e9cialis\u00e9 dans l\u2019actualit\u00e9 nationale et internationale, l\u2019\u00e9conomie, la soci\u00e9t\u00e9 et les analyses politiques. Le site s\u2019adresse \u00e0 un large public francophone et couvre l\u2019information tunisienne en temps r\u00e9el.","email":"redac@webdo.tn","legalName":"YNJ SARL","foundingDate":"2010-09-06","numberOfEmployees":{"@type":"QuantitativeValue","minValue":"11","maxValue":"50"}},{"@type":"Person","@id":"https:\/\/www.webdo.tn\/fr\/#\/schema\/person\/c652cd8fc2b1b44412b5ffb48c5a911d","name":"Mohamed Hedi Touati","image":{"@type":"ImageObject","inLanguage":"fr-FR","@id":"https:\/\/secure.gravatar.com\/avatar\/9cfd402c745b7a685f13eed0ea6e59d2144a3c2fc50a3db6fd5ed451f6cddf1a?s=96&d=mm&r=g","url":"https:\/\/secure.gravatar.com\/avatar\/9cfd402c745b7a685f13eed0ea6e59d2144a3c2fc50a3db6fd5ed451f6cddf1a?s=96&d=mm&r=g","contentUrl":"https:\/\/secure.gravatar.com\/avatar\/9cfd402c745b7a685f13eed0ea6e59d2144a3c2fc50a3db6fd5ed451f6cddf1a?s=96&d=mm&r=g","caption":"Mohamed Hedi Touati"},"url":"https:\/\/www.webdo.tn\/fr\/actualite\/author\/mohamed-hedi-touati\/"}]}},"_links":{"self":[{"href":"https:\/\/www.webdo.tn\/fr\/wp-json\/wp\/v2\/posts\/379510","targetHints":{"allow":["GET"]}}],"collection":[{"href":"https:\/\/www.webdo.tn\/fr\/wp-json\/wp\/v2\/posts"}],"about":[{"href":"https:\/\/www.webdo.tn\/fr\/wp-json\/wp\/v2\/types\/post"}],"author":[{"embeddable":true,"href":"https:\/\/www.webdo.tn\/fr\/wp-json\/wp\/v2\/users\/3191"}],"replies":[{"embeddable":true,"href":"https:\/\/www.webdo.tn\/fr\/wp-json\/wp\/v2\/comments?post=379510"}],"version-history":[{"count":0,"href":"https:\/\/www.webdo.tn\/fr\/wp-json\/wp\/v2\/posts\/379510\/revisions"}],"wp:featuredmedia":[{"embeddable":true,"href":"https:\/\/www.webdo.tn\/fr\/wp-json\/wp\/v2\/media\/366071"}],"wp:attachment":[{"href":"https:\/\/www.webdo.tn\/fr\/wp-json\/wp\/v2\/media?parent=379510"}],"wp:term":[{"taxonomy":"category","embeddable":true,"href":"https:\/\/www.webdo.tn\/fr\/wp-json\/wp\/v2\/categories?post=379510"},{"taxonomy":"post_tag","embeddable":true,"href":"https:\/\/www.webdo.tn\/fr\/wp-json\/wp\/v2\/tags?post=379510"}],"curies":[{"name":"wp","href":"https:\/\/api.w.org\/{rel}","templated":true}]}}