{"id":379506,"date":"2025-07-11T14:02:12","date_gmt":"2025-07-11T13:02:12","guid":{"rendered":"https:\/\/www.webdo.tn\/fr\/?p=379506"},"modified":"2025-07-12T09:44:55","modified_gmt":"2025-07-12T08:44:55","slug":"tunisie-procedure-judiciaire-en-cours-contre-le-ftdes","status":"publish","type":"post","link":"https:\/\/www.webdo.tn\/fr\/actualite\/national\/tunisie-procedure-judiciaire-en-cours-contre-le-ftdes\/379506\/","title":{"rendered":"Tunisie : Proc\u00e9dure judiciaire en cours contre le FTDES"},"content":{"rendered":"\n<p>Le Forum tunisien pour les droits \u00e9conomiques et sociaux (FTDES) a annonc\u00e9, ce vendredi 11 juillet 2025, avoir transmis aux autorit\u00e9s l\u2019ensemble des documents financiers et administratifs r\u00e9clam\u00e9s dans le cadre d\u2019une proc\u00e9dure judiciaire en cours. L\u2019organisation assure agir en toute transparence et dans le strict respect de la loi.<\/p>\n\n\n\n<p>Cette d\u00e9marche fait suite \u00e0 une convocation re\u00e7ue deux jours plus t\u00f4t par la Brigade de recherche et de lutte contre l\u2019\u00e9vasion fiscale, sur la base d\u2019un mandat judiciaire \u00e9mis par la sous-direction des enqu\u00eates \u00e9conomiques et financi\u00e8res de la police judiciaire. La proc\u00e9dure d\u00e9coule d\u2019un renvoi du parquet pr\u00e8s le p\u00f4le \u00e9conomique et financier du tribunal de premi\u00e8re instance de Tunis.<\/p>\n\n\n\n<p>Dans un communiqu\u00e9 adress\u00e9 \u00e0 l\u2019opinion publique, le FTDES affirme avoir toujours coop\u00e9r\u00e9 avec les organes de contr\u00f4le, notamment la Cour des comptes et le service des associations relevant de la pr\u00e9sidence du gouvernement. L\u2019organisation souligne ainsi sa conformit\u00e9 aux obligations juridiques, administratives et financi\u00e8res en vigueur, y compris les dispositions du d\u00e9cret-loi n\u00b088 encadrant le travail des associations.<\/p>\n\n\n\n<p>Mais au-del\u00e0 de cette affaire, le Forum y voit un sympt\u00f4me d\u2019un climat de plus en plus hostile \u00e0 l\u2019espace civique. \u00ab Ce d\u00e9veloppement ne peut \u00eatre dissoci\u00e9 du contexte g\u00e9n\u00e9ral marqu\u00e9 par une intensification des pressions exerc\u00e9es sur les organisations de la soci\u00e9t\u00e9 civile \u00bb, peut-on lire dans le communiqu\u00e9 sign\u00e9 par le pr\u00e9sident du FTDES, Abderrahmane Hedhili.<\/p>\n\n\n\n<p>Le Forum r\u00e9affirme sa volont\u00e9 de coop\u00e9rer pleinement avec la justice, tout en rejetant fermement ce qu\u2019il consid\u00e8re comme des tentatives de stigmatisation ou de mise en cause injustifi\u00e9e de son action. \u00ab Nos activit\u00e9s ont toujours \u00e9t\u00e9 l\u00e9gales et en coh\u00e9rence avec un parcours de lutte nationale pour la justice sociale et la dignit\u00e9 humaine \u00bb, insiste l\u2019organisation.<\/p>\n\n\n\n<p>Fond\u00e9 au lendemain de la r\u00e9volution, mais actif d\u00e8s les ann\u00e9es 2000 aux c\u00f4t\u00e9s des mouvements sociaux, le FTDES se d\u00e9finit comme une voix des sans-voix, engag\u00e9e aux c\u00f4t\u00e9s des travailleurs, des r\u00e9gions marginalis\u00e9es et des jeunes en qu\u00eate de justice.<\/p>\n\n\n\n<iframe src=\"https:\/\/www.facebook.com\/plugins\/post.php?href=https%3A%2F%2Fwww.facebook.com%2Fftdes%2Fposts%2Fpfbid0iuQjp6BH9X3nYEbTZkmu8Ftn2aZZzs4v3Ju8je9PoC5erh5wV9LiWG687Zvcitm6l&#038;show_text=true&#038;width=500\" width=\"500\" height=\"422\" style=\"border:none;overflow:hidden\" scrolling=\"no\" frameborder=\"0\" allowfullscreen=\"true\" allow=\"autoplay; clipboard-write; encrypted-media; picture-in-picture; web-share\"><\/iframe>\n","protected":false},"excerpt":{"rendered":"<p>Le Forum tunisien pour les droits \u00e9conomiques et sociaux (FTDES) a annonc\u00e9, ce vendredi 11 juillet 2025, avoir transmis aux autorit\u00e9s l\u2019ensemble des documents financiers et administratifs r\u00e9clam\u00e9s dans le cadre d\u2019une proc\u00e9dure judiciaire en cours. L\u2019organisation assure agir en toute transparence et dans le strict respect de la loi. Cette d\u00e9marche fait suite \u00e0 [&hellip;]<\/p>\n","protected":false},"author":3191,"featured_media":379507,"comment_status":"open","ping_status":"open","sticky":false,"template":"","format":"standard","meta":{"footnotes":""},"categories":[44],"tags":[12143,3228,6152,2608],"class_list":["post-379506","post","type-post","status-publish","format-standard","has-post-thumbnail","hentry","category-national","tag-forum-tunisien-pour-les-droits-economiques-et-sociaux","tag-ftdes","tag-poursuites","tag-tunisie"],"yoast_head":"<!-- This site is optimized with the Yoast SEO Premium plugin v27.4 (Yoast SEO v27.5) - https:\/\/yoast.com\/product\/yoast-seo-premium-wordpress\/ -->\n<title>Tunisie : Proc\u00e9dure judiciaire en cours contre le FTDES - webdo<\/title>\n<meta name=\"description\" content=\"Le FTDES a transmis des documents aux autorit\u00e9s dans le cadre d&#039;une proc\u00e9dure judiciaire. En savoir plus sur la transparence de l&#039;organisation.\" \/>\n<link rel=\"canonical\" href=\"https:\/\/www.webdo.tn\/fr\/actualite\/national\/tunisie-procedure-judiciaire-en-cours-contre-le-ftdes\/379506\/\" \/>\n<meta property=\"og:locale\" content=\"fr_FR\" \/>\n<meta property=\"og:type\" content=\"article\" \/>\n<meta property=\"og:title\" content=\"Tunisie : Proc\u00e9dure judiciaire en cours contre le FTDES\" \/>\n<meta property=\"og:description\" content=\"Le FTDES a transmis des documents aux autorit\u00e9s dans le cadre d&#039;une proc\u00e9dure judiciaire. En savoir plus sur la transparence de l&#039;organisation.\" \/>\n<meta property=\"og:url\" content=\"https:\/\/www.webdo.tn\/fr\/actualite\/national\/tunisie-procedure-judiciaire-en-cours-contre-le-ftdes\/379506\/\" \/>\n<meta property=\"og:site_name\" content=\"webdo\" \/>\n<meta property=\"article:publisher\" content=\"https:\/\/www.facebook.com\/webdotn\" \/>\n<meta property=\"article:published_time\" content=\"2025-07-11T13:02:12+00:00\" \/>\n<meta property=\"article:modified_time\" content=\"2025-07-12T08:44:55+00:00\" \/>\n<meta property=\"og:image\" content=\"https:\/\/www.webdo.tn\/fr\/wp-content\/uploads\/2025\/07\/FTDES.jpg\" \/>\n\t<meta property=\"og:image:width\" content=\"840\" \/>\n\t<meta property=\"og:image:height\" content=\"488\" \/>\n\t<meta property=\"og:image:type\" content=\"image\/jpeg\" \/>\n<meta name=\"author\" content=\"Mohamed Hedi Touati\" \/>\n<meta name=\"twitter:card\" content=\"summary_large_image\" \/>\n<meta name=\"twitter:creator\" content=\"@webdo_tn\" \/>\n<meta name=\"twitter:site\" content=\"@webdo_tn\" \/>\n<meta name=\"twitter:label1\" content=\"\u00c9crit par\" \/>\n\t<meta name=\"twitter:data1\" content=\"Mohamed Hedi Touati\" \/>\n\t<meta name=\"twitter:label2\" content=\"Dur\u00e9e de lecture estim\u00e9e\" \/>\n\t<meta name=\"twitter:data2\" content=\"2 minutes\" \/>\n<script type=\"application\/ld+json\" class=\"yoast-schema-graph\">{\"@context\":\"https:\\\/\\\/schema.org\",\"@graph\":[{\"@type\":\"NewsArticle\",\"@id\":\"https:\\\/\\\/www.webdo.tn\\\/fr\\\/actualite\\\/national\\\/tunisie-procedure-judiciaire-en-cours-contre-le-ftdes\\\/379506\\\/#article\",\"isPartOf\":{\"@id\":\"https:\\\/\\\/www.webdo.tn\\\/fr\\\/actualite\\\/national\\\/tunisie-procedure-judiciaire-en-cours-contre-le-ftdes\\\/379506\\\/\"},\"author\":{\"name\":\"Mohamed Hedi Touati\",\"@id\":\"https:\\\/\\\/www.webdo.tn\\\/fr\\\/#\\\/schema\\\/person\\\/c652cd8fc2b1b44412b5ffb48c5a911d\"},\"headline\":\"Tunisie : Proc\u00e9dure judiciaire en cours contre le FTDES\",\"datePublished\":\"2025-07-11T13:02:12+00:00\",\"dateModified\":\"2025-07-12T08:44:55+00:00\",\"mainEntityOfPage\":{\"@id\":\"https:\\\/\\\/www.webdo.tn\\\/fr\\\/actualite\\\/national\\\/tunisie-procedure-judiciaire-en-cours-contre-le-ftdes\\\/379506\\\/\"},\"wordCount\":386,\"commentCount\":0,\"publisher\":{\"@id\":\"https:\\\/\\\/www.webdo.tn\\\/fr\\\/#organization\"},\"image\":{\"@id\":\"https:\\\/\\\/www.webdo.tn\\\/fr\\\/actualite\\\/national\\\/tunisie-procedure-judiciaire-en-cours-contre-le-ftdes\\\/379506\\\/#primaryimage\"},\"thumbnailUrl\":\"https:\\\/\\\/www.webdo.tn\\\/fr\\\/wp-content\\\/uploads\\\/2025\\\/07\\\/FTDES.jpg\",\"keywords\":[\"Forum tunisien pour les droits \u00e9conomiques et sociaux\",\"ftdes\",\"poursuites\",\"Tunisie\"],\"articleSection\":[\"National\"],\"inLanguage\":\"fr-FR\"},{\"@type\":\"WebPage\",\"@id\":\"https:\\\/\\\/www.webdo.tn\\\/fr\\\/actualite\\\/national\\\/tunisie-procedure-judiciaire-en-cours-contre-le-ftdes\\\/379506\\\/\",\"url\":\"https:\\\/\\\/www.webdo.tn\\\/fr\\\/actualite\\\/national\\\/tunisie-procedure-judiciaire-en-cours-contre-le-ftdes\\\/379506\\\/\",\"name\":\"Tunisie : Proc\u00e9dure judiciaire en cours contre le FTDES - webdo\",\"isPartOf\":{\"@id\":\"https:\\\/\\\/www.webdo.tn\\\/fr\\\/#website\"},\"primaryImageOfPage\":{\"@id\":\"https:\\\/\\\/www.webdo.tn\\\/fr\\\/actualite\\\/national\\\/tunisie-procedure-judiciaire-en-cours-contre-le-ftdes\\\/379506\\\/#primaryimage\"},\"image\":{\"@id\":\"https:\\\/\\\/www.webdo.tn\\\/fr\\\/actualite\\\/national\\\/tunisie-procedure-judiciaire-en-cours-contre-le-ftdes\\\/379506\\\/#primaryimage\"},\"thumbnailUrl\":\"https:\\\/\\\/www.webdo.tn\\\/fr\\\/wp-content\\\/uploads\\\/2025\\\/07\\\/FTDES.jpg\",\"datePublished\":\"2025-07-11T13:02:12+00:00\",\"dateModified\":\"2025-07-12T08:44:55+00:00\",\"description\":\"Le FTDES a transmis des documents aux autorit\u00e9s dans le cadre d'une proc\u00e9dure judiciaire. En savoir plus sur la transparence de l'organisation.\",\"breadcrumb\":{\"@id\":\"https:\\\/\\\/www.webdo.tn\\\/fr\\\/actualite\\\/national\\\/tunisie-procedure-judiciaire-en-cours-contre-le-ftdes\\\/379506\\\/#breadcrumb\"},\"inLanguage\":\"fr-FR\",\"potentialAction\":[{\"@type\":\"ReadAction\",\"target\":[\"https:\\\/\\\/www.webdo.tn\\\/fr\\\/actualite\\\/national\\\/tunisie-procedure-judiciaire-en-cours-contre-le-ftdes\\\/379506\\\/\"]}]},{\"@type\":\"ImageObject\",\"inLanguage\":\"fr-FR\",\"@id\":\"https:\\\/\\\/www.webdo.tn\\\/fr\\\/actualite\\\/national\\\/tunisie-procedure-judiciaire-en-cours-contre-le-ftdes\\\/379506\\\/#primaryimage\",\"url\":\"https:\\\/\\\/www.webdo.tn\\\/fr\\\/wp-content\\\/uploads\\\/2025\\\/07\\\/FTDES.jpg\",\"contentUrl\":\"https:\\\/\\\/www.webdo.tn\\\/fr\\\/wp-content\\\/uploads\\\/2025\\\/07\\\/FTDES.jpg\",\"width\":840,\"height\":488,\"caption\":\"Proc\u00e9dure judiciaire en cours contre le FTDES\"},{\"@type\":\"BreadcrumbList\",\"@id\":\"https:\\\/\\\/www.webdo.tn\\\/fr\\\/actualite\\\/national\\\/tunisie-procedure-judiciaire-en-cours-contre-le-ftdes\\\/379506\\\/#breadcrumb\",\"itemListElement\":[{\"@type\":\"ListItem\",\"position\":1,\"name\":\"Accueil\",\"item\":\"https:\\\/\\\/www.webdo.tn\\\/fr\\\/\"},{\"@type\":\"ListItem\",\"position\":2,\"name\":\"Tunisie : Proc\u00e9dure judiciaire en cours contre le FTDES\"}]},{\"@type\":\"WebSite\",\"@id\":\"https:\\\/\\\/www.webdo.tn\\\/fr\\\/#website\",\"url\":\"https:\\\/\\\/www.webdo.tn\\\/fr\\\/\",\"name\":\"webdo\",\"description\":\"Tunisie - News en Tunisie et \u00e0 l&#039;international sur Webdo.tn\",\"publisher\":{\"@id\":\"https:\\\/\\\/www.webdo.tn\\\/fr\\\/#organization\"},\"potentialAction\":[{\"@type\":\"SearchAction\",\"target\":{\"@type\":\"EntryPoint\",\"urlTemplate\":\"https:\\\/\\\/www.webdo.tn\\\/fr\\\/?s={search_term_string}\"},\"query-input\":{\"@type\":\"PropertyValueSpecification\",\"valueRequired\":true,\"valueName\":\"search_term_string\"}}],\"inLanguage\":\"fr-FR\"},{\"@type\":\"Organization\",\"@id\":\"https:\\\/\\\/www.webdo.tn\\\/fr\\\/#organization\",\"name\":\"Webdo\",\"alternateName\":\"Webdo.tn\",\"url\":\"https:\\\/\\\/www.webdo.tn\\\/fr\\\/\",\"logo\":{\"@type\":\"ImageObject\",\"inLanguage\":\"fr-FR\",\"@id\":\"https:\\\/\\\/www.webdo.tn\\\/fr\\\/#\\\/schema\\\/logo\\\/image\\\/\",\"url\":\"https:\\\/\\\/www.webdo.tn\\\/fr\\\/wp-content\\\/uploads\\\/2025\\\/06\\\/Webdo-Tunisie_168377.jpg\",\"contentUrl\":\"https:\\\/\\\/www.webdo.tn\\\/fr\\\/wp-content\\\/uploads\\\/2025\\\/06\\\/Webdo-Tunisie_168377.jpg\",\"width\":301,\"height\":301,\"caption\":\"Webdo\"},\"image\":{\"@id\":\"https:\\\/\\\/www.webdo.tn\\\/fr\\\/#\\\/schema\\\/logo\\\/image\\\/\"},\"sameAs\":[\"https:\\\/\\\/www.facebook.com\\\/webdotn\",\"https:\\\/\\\/x.com\\\/webdo_tn\"],\"description\":\"Webdo est un m\u00e9dia num\u00e9rique tunisien fond\u00e9 en 2010, sp\u00e9cialis\u00e9 dans l\u2019actualit\u00e9 nationale et internationale, l\u2019\u00e9conomie, la soci\u00e9t\u00e9 et les analyses politiques. Le site s\u2019adresse \u00e0 un large public francophone et couvre l\u2019information tunisienne en temps r\u00e9el.\",\"email\":\"redac@webdo.tn\",\"legalName\":\"YNJ SARL\",\"foundingDate\":\"2010-09-06\",\"numberOfEmployees\":{\"@type\":\"QuantitativeValue\",\"minValue\":\"11\",\"maxValue\":\"50\"}},{\"@type\":\"Person\",\"@id\":\"https:\\\/\\\/www.webdo.tn\\\/fr\\\/#\\\/schema\\\/person\\\/c652cd8fc2b1b44412b5ffb48c5a911d\",\"name\":\"Mohamed Hedi Touati\",\"image\":{\"@type\":\"ImageObject\",\"inLanguage\":\"fr-FR\",\"@id\":\"https:\\\/\\\/secure.gravatar.com\\\/avatar\\\/9cfd402c745b7a685f13eed0ea6e59d2144a3c2fc50a3db6fd5ed451f6cddf1a?s=96&d=mm&r=g\",\"url\":\"https:\\\/\\\/secure.gravatar.com\\\/avatar\\\/9cfd402c745b7a685f13eed0ea6e59d2144a3c2fc50a3db6fd5ed451f6cddf1a?s=96&d=mm&r=g\",\"contentUrl\":\"https:\\\/\\\/secure.gravatar.com\\\/avatar\\\/9cfd402c745b7a685f13eed0ea6e59d2144a3c2fc50a3db6fd5ed451f6cddf1a?s=96&d=mm&r=g\",\"caption\":\"Mohamed Hedi Touati\"},\"url\":\"https:\\\/\\\/www.webdo.tn\\\/fr\\\/actualite\\\/author\\\/mohamed-hedi-touati\\\/\"}]}<\/script>\n<!-- \/ Yoast SEO Premium plugin. -->","yoast_head_json":{"title":"Tunisie : Proc\u00e9dure judiciaire en cours contre le FTDES - webdo","description":"Le FTDES a transmis des documents aux autorit\u00e9s dans le cadre d'une proc\u00e9dure judiciaire. En savoir plus sur la transparence de l'organisation.","canonical":"https:\/\/www.webdo.tn\/fr\/actualite\/national\/tunisie-procedure-judiciaire-en-cours-contre-le-ftdes\/379506\/","og_locale":"fr_FR","og_type":"article","og_title":"Tunisie : Proc\u00e9dure judiciaire en cours contre le FTDES","og_description":"Le FTDES a transmis des documents aux autorit\u00e9s dans le cadre d'une proc\u00e9dure judiciaire. En savoir plus sur la transparence de l'organisation.","og_url":"https:\/\/www.webdo.tn\/fr\/actualite\/national\/tunisie-procedure-judiciaire-en-cours-contre-le-ftdes\/379506\/","og_site_name":"webdo","article_publisher":"https:\/\/www.facebook.com\/webdotn","article_published_time":"2025-07-11T13:02:12+00:00","article_modified_time":"2025-07-12T08:44:55+00:00","og_image":[{"width":840,"height":488,"url":"https:\/\/www.webdo.tn\/fr\/wp-content\/uploads\/2025\/07\/FTDES.jpg","type":"image\/jpeg"}],"author":"Mohamed Hedi Touati","twitter_card":"summary_large_image","twitter_creator":"@webdo_tn","twitter_site":"@webdo_tn","twitter_misc":{"\u00c9crit par":"Mohamed Hedi Touati","Dur\u00e9e de lecture estim\u00e9e":"2 minutes"},"schema":{"@context":"https:\/\/schema.org","@graph":[{"@type":"NewsArticle","@id":"https:\/\/www.webdo.tn\/fr\/actualite\/national\/tunisie-procedure-judiciaire-en-cours-contre-le-ftdes\/379506\/#article","isPartOf":{"@id":"https:\/\/www.webdo.tn\/fr\/actualite\/national\/tunisie-procedure-judiciaire-en-cours-contre-le-ftdes\/379506\/"},"author":{"name":"Mohamed Hedi Touati","@id":"https:\/\/www.webdo.tn\/fr\/#\/schema\/person\/c652cd8fc2b1b44412b5ffb48c5a911d"},"headline":"Tunisie : Proc\u00e9dure judiciaire en cours contre le FTDES","datePublished":"2025-07-11T13:02:12+00:00","dateModified":"2025-07-12T08:44:55+00:00","mainEntityOfPage":{"@id":"https:\/\/www.webdo.tn\/fr\/actualite\/national\/tunisie-procedure-judiciaire-en-cours-contre-le-ftdes\/379506\/"},"wordCount":386,"commentCount":0,"publisher":{"@id":"https:\/\/www.webdo.tn\/fr\/#organization"},"image":{"@id":"https:\/\/www.webdo.tn\/fr\/actualite\/national\/tunisie-procedure-judiciaire-en-cours-contre-le-ftdes\/379506\/#primaryimage"},"thumbnailUrl":"https:\/\/www.webdo.tn\/fr\/wp-content\/uploads\/2025\/07\/FTDES.jpg","keywords":["Forum tunisien pour les droits \u00e9conomiques et sociaux","ftdes","poursuites","Tunisie"],"articleSection":["National"],"inLanguage":"fr-FR"},{"@type":"WebPage","@id":"https:\/\/www.webdo.tn\/fr\/actualite\/national\/tunisie-procedure-judiciaire-en-cours-contre-le-ftdes\/379506\/","url":"https:\/\/www.webdo.tn\/fr\/actualite\/national\/tunisie-procedure-judiciaire-en-cours-contre-le-ftdes\/379506\/","name":"Tunisie : Proc\u00e9dure judiciaire en cours contre le FTDES - webdo","isPartOf":{"@id":"https:\/\/www.webdo.tn\/fr\/#website"},"primaryImageOfPage":{"@id":"https:\/\/www.webdo.tn\/fr\/actualite\/national\/tunisie-procedure-judiciaire-en-cours-contre-le-ftdes\/379506\/#primaryimage"},"image":{"@id":"https:\/\/www.webdo.tn\/fr\/actualite\/national\/tunisie-procedure-judiciaire-en-cours-contre-le-ftdes\/379506\/#primaryimage"},"thumbnailUrl":"https:\/\/www.webdo.tn\/fr\/wp-content\/uploads\/2025\/07\/FTDES.jpg","datePublished":"2025-07-11T13:02:12+00:00","dateModified":"2025-07-12T08:44:55+00:00","description":"Le FTDES a transmis des documents aux autorit\u00e9s dans le cadre d'une proc\u00e9dure judiciaire. En savoir plus sur la transparence de l'organisation.","breadcrumb":{"@id":"https:\/\/www.webdo.tn\/fr\/actualite\/national\/tunisie-procedure-judiciaire-en-cours-contre-le-ftdes\/379506\/#breadcrumb"},"inLanguage":"fr-FR","potentialAction":[{"@type":"ReadAction","target":["https:\/\/www.webdo.tn\/fr\/actualite\/national\/tunisie-procedure-judiciaire-en-cours-contre-le-ftdes\/379506\/"]}]},{"@type":"ImageObject","inLanguage":"fr-FR","@id":"https:\/\/www.webdo.tn\/fr\/actualite\/national\/tunisie-procedure-judiciaire-en-cours-contre-le-ftdes\/379506\/#primaryimage","url":"https:\/\/www.webdo.tn\/fr\/wp-content\/uploads\/2025\/07\/FTDES.jpg","contentUrl":"https:\/\/www.webdo.tn\/fr\/wp-content\/uploads\/2025\/07\/FTDES.jpg","width":840,"height":488,"caption":"Proc\u00e9dure judiciaire en cours contre le FTDES"},{"@type":"BreadcrumbList","@id":"https:\/\/www.webdo.tn\/fr\/actualite\/national\/tunisie-procedure-judiciaire-en-cours-contre-le-ftdes\/379506\/#breadcrumb","itemListElement":[{"@type":"ListItem","position":1,"name":"Accueil","item":"https:\/\/www.webdo.tn\/fr\/"},{"@type":"ListItem","position":2,"name":"Tunisie : Proc\u00e9dure judiciaire en cours contre le FTDES"}]},{"@type":"WebSite","@id":"https:\/\/www.webdo.tn\/fr\/#website","url":"https:\/\/www.webdo.tn\/fr\/","name":"webdo","description":"Tunisie - News en Tunisie et \u00e0 l&#039;international sur Webdo.tn","publisher":{"@id":"https:\/\/www.webdo.tn\/fr\/#organization"},"potentialAction":[{"@type":"SearchAction","target":{"@type":"EntryPoint","urlTemplate":"https:\/\/www.webdo.tn\/fr\/?s={search_term_string}"},"query-input":{"@type":"PropertyValueSpecification","valueRequired":true,"valueName":"search_term_string"}}],"inLanguage":"fr-FR"},{"@type":"Organization","@id":"https:\/\/www.webdo.tn\/fr\/#organization","name":"Webdo","alternateName":"Webdo.tn","url":"https:\/\/www.webdo.tn\/fr\/","logo":{"@type":"ImageObject","inLanguage":"fr-FR","@id":"https:\/\/www.webdo.tn\/fr\/#\/schema\/logo\/image\/","url":"https:\/\/www.webdo.tn\/fr\/wp-content\/uploads\/2025\/06\/Webdo-Tunisie_168377.jpg","contentUrl":"https:\/\/www.webdo.tn\/fr\/wp-content\/uploads\/2025\/06\/Webdo-Tunisie_168377.jpg","width":301,"height":301,"caption":"Webdo"},"image":{"@id":"https:\/\/www.webdo.tn\/fr\/#\/schema\/logo\/image\/"},"sameAs":["https:\/\/www.facebook.com\/webdotn","https:\/\/x.com\/webdo_tn"],"description":"Webdo est un m\u00e9dia num\u00e9rique tunisien fond\u00e9 en 2010, sp\u00e9cialis\u00e9 dans l\u2019actualit\u00e9 nationale et internationale, l\u2019\u00e9conomie, la soci\u00e9t\u00e9 et les analyses politiques. Le site s\u2019adresse \u00e0 un large public francophone et couvre l\u2019information tunisienne en temps r\u00e9el.","email":"redac@webdo.tn","legalName":"YNJ SARL","foundingDate":"2010-09-06","numberOfEmployees":{"@type":"QuantitativeValue","minValue":"11","maxValue":"50"}},{"@type":"Person","@id":"https:\/\/www.webdo.tn\/fr\/#\/schema\/person\/c652cd8fc2b1b44412b5ffb48c5a911d","name":"Mohamed Hedi Touati","image":{"@type":"ImageObject","inLanguage":"fr-FR","@id":"https:\/\/secure.gravatar.com\/avatar\/9cfd402c745b7a685f13eed0ea6e59d2144a3c2fc50a3db6fd5ed451f6cddf1a?s=96&d=mm&r=g","url":"https:\/\/secure.gravatar.com\/avatar\/9cfd402c745b7a685f13eed0ea6e59d2144a3c2fc50a3db6fd5ed451f6cddf1a?s=96&d=mm&r=g","contentUrl":"https:\/\/secure.gravatar.com\/avatar\/9cfd402c745b7a685f13eed0ea6e59d2144a3c2fc50a3db6fd5ed451f6cddf1a?s=96&d=mm&r=g","caption":"Mohamed Hedi Touati"},"url":"https:\/\/www.webdo.tn\/fr\/actualite\/author\/mohamed-hedi-touati\/"}]}},"_links":{"self":[{"href":"https:\/\/www.webdo.tn\/fr\/wp-json\/wp\/v2\/posts\/379506","targetHints":{"allow":["GET"]}}],"collection":[{"href":"https:\/\/www.webdo.tn\/fr\/wp-json\/wp\/v2\/posts"}],"about":[{"href":"https:\/\/www.webdo.tn\/fr\/wp-json\/wp\/v2\/types\/post"}],"author":[{"embeddable":true,"href":"https:\/\/www.webdo.tn\/fr\/wp-json\/wp\/v2\/users\/3191"}],"replies":[{"embeddable":true,"href":"https:\/\/www.webdo.tn\/fr\/wp-json\/wp\/v2\/comments?post=379506"}],"version-history":[{"count":0,"href":"https:\/\/www.webdo.tn\/fr\/wp-json\/wp\/v2\/posts\/379506\/revisions"}],"wp:featuredmedia":[{"embeddable":true,"href":"https:\/\/www.webdo.tn\/fr\/wp-json\/wp\/v2\/media\/379507"}],"wp:attachment":[{"href":"https:\/\/www.webdo.tn\/fr\/wp-json\/wp\/v2\/media?parent=379506"}],"wp:term":[{"taxonomy":"category","embeddable":true,"href":"https:\/\/www.webdo.tn\/fr\/wp-json\/wp\/v2\/categories?post=379506"},{"taxonomy":"post_tag","embeddable":true,"href":"https:\/\/www.webdo.tn\/fr\/wp-json\/wp\/v2\/tags?post=379506"}],"curies":[{"name":"wp","href":"https:\/\/api.w.org\/{rel}","templated":true}]}}