{"id":379467,"date":"2025-07-11T06:04:13","date_gmt":"2025-07-11T05:04:13","guid":{"rendered":"https:\/\/www.webdo.tn\/fr\/?p=379467"},"modified":"2025-07-11T14:04:30","modified_gmt":"2025-07-11T13:04:30","slug":"tunisie-ce-quest-ce-mur-de-sable-observe-mercredi","status":"publish","type":"post","link":"https:\/\/www.webdo.tn\/fr\/actualite\/regions\/tunisie-ce-quest-ce-mur-de-sable-observe-mercredi\/379467\/","title":{"rendered":"Tunisie : Ce qu\u2019est ce \u00ab\u00a0mur de sable\u00a0\u00bb observ\u00e9 \u00e0 Tozeur"},"content":{"rendered":"\n<p>Les habitants de Tozeur ont \u00e9t\u00e9 surpris, hier en fin d\u2019apr\u00e8s-midi, par l\u2019arriv\u00e9e soudaine d\u2019un impressionnant \u00ab\u00a0mur de sable\u00a0\u00bb, une temp\u00eate aussi spectaculaire que redoutable. Le ph\u00e9nom\u00e8ne, visible \u00e0 des kilom\u00e8tres \u00e0 la ronde, a plong\u00e9 la r\u00e9gion dans une obscurit\u00e9 quasi totale en quelques minutes.<\/p>\n\n\n\n<p><br>C\u2019est aux alentours de 17h30 que le ciel a commenc\u00e9 \u00e0 virer au jaune puis \u00e0 l\u2019ocre, annon\u00e7ant l\u2019arriv\u00e9e d\u2019un nuage de sable compact, port\u00e9 par des rafales de vent chaud d\u00e9passant les 70 km\/h. Le mur de sable a recouvert Tozeur et ses environs, r\u00e9duisant la visibilit\u00e9 \u00e0 quelques m\u00e8tres seulement.<\/p>\n\n\n\n<p><\/p>\n\n\n\n<p><strong>Un ph\u00e9nom\u00e8ne m\u00e9t\u00e9o fr\u00e9quent mais impressionnant<br><\/strong><\/p>\n\n\n\n<p>Ce type de temp\u00eate, appel\u00e9e aussi \u00ab\u00a0haboob\u00a0\u00bb dans certaines r\u00e9gions d\u00e9sertiques, est typique des zones arides comme le sud tunisien. Elle survient g\u00e9n\u00e9ralement \u00e0 la suite d\u2019une brusque descente d\u2019air froid depuis les couches sup\u00e9rieures de l\u2019atmosph\u00e8re, qui soul\u00e8ve violemment le sable et la poussi\u00e8re au sol, formant un front dense et mobile.<\/p>\n\n\n\n<p>Ce \u00ab\u00a0mur de sable\u00a0\u00bb, pouvant atteindre plusieurs dizaines de m\u00e8tres de hauteur, avance \u00e0 vive allure et peut transformer le jour en nuit en l\u2019espace de quelques instants.<\/p>\n\n\n\n<p><br>Au-del\u00e0 de l\u2019aspect spectaculaire, ces temp\u00eates peuvent avoir des cons\u00e9quences sanitaires importantes, surtout pour les personnes souffrant de probl\u00e8mes respiratoires. <\/p>\n","protected":false},"excerpt":{"rendered":"<p>Les habitants de Tozeur ont \u00e9t\u00e9 surpris, hier en fin d\u2019apr\u00e8s-midi, par l\u2019arriv\u00e9e soudaine d\u2019un impressionnant \u00ab\u00a0mur de sable\u00a0\u00bb, une temp\u00eate aussi spectaculaire que redoutable. Le ph\u00e9nom\u00e8ne, visible \u00e0 des kilom\u00e8tres \u00e0 la ronde, a plong\u00e9 la r\u00e9gion dans une obscurit\u00e9 quasi totale en quelques minutes. C\u2019est aux alentours de 17h30 que le ciel a [&hellip;]<\/p>\n","protected":false},"author":3184,"featured_media":379468,"comment_status":"open","ping_status":"open","sticky":false,"template":"","format":"standard","meta":{"footnotes":""},"categories":[2595],"tags":[3721,7631,4284,2608],"class_list":["post-379467","post","type-post","status-publish","format-standard","has-post-thumbnail","hentry","category-regions","tag-sable","tag-tempete","tag-tozeur","tag-tunisie"],"yoast_head":"<!-- This site is optimized with the Yoast SEO Premium plugin v27.5 (Yoast SEO v27.5) - https:\/\/yoast.com\/product\/yoast-seo-premium-wordpress\/ -->\n<title>Tunisie : Ce qu\u2019est ce &quot;mur de sable&quot; observ\u00e9 \u00e0 Tozeur - webdo<\/title>\n<meta name=\"description\" content=\"Un mur de sable impressionnant a surpris Tozeur, r\u00e9duisant la visibilit\u00e9 et plongeant la r\u00e9gion dans l&#039;obscurit\u00e9.\" \/>\n<link rel=\"canonical\" href=\"https:\/\/www.webdo.tn\/fr\/actualite\/regions\/tunisie-ce-quest-ce-mur-de-sable-observe-mercredi\/379467\/\" \/>\n<meta property=\"og:locale\" content=\"fr_FR\" \/>\n<meta property=\"og:type\" content=\"article\" \/>\n<meta property=\"og:title\" content=\"Tunisie : Ce qu\u2019est ce &quot;mur de sable&quot; observ\u00e9 \u00e0 Tozeur\" \/>\n<meta property=\"og:description\" content=\"Un mur de sable impressionnant a surpris Tozeur, r\u00e9duisant la visibilit\u00e9 et plongeant la r\u00e9gion dans l&#039;obscurit\u00e9.\" \/>\n<meta property=\"og:url\" content=\"https:\/\/www.webdo.tn\/fr\/actualite\/regions\/tunisie-ce-quest-ce-mur-de-sable-observe-mercredi\/379467\/\" \/>\n<meta property=\"og:site_name\" content=\"webdo\" \/>\n<meta property=\"article:publisher\" content=\"https:\/\/www.facebook.com\/webdotn\" \/>\n<meta property=\"article:published_time\" content=\"2025-07-11T05:04:13+00:00\" \/>\n<meta property=\"article:modified_time\" content=\"2025-07-11T13:04:30+00:00\" \/>\n<meta property=\"og:image\" content=\"https:\/\/www.webdo.tn\/fr\/wp-content\/uploads\/2025\/07\/516479206_1071264775139906_7154002150864228629_n.jpg\" \/>\n\t<meta property=\"og:image:width\" content=\"2048\" \/>\n\t<meta property=\"og:image:height\" content=\"1536\" \/>\n\t<meta property=\"og:image:type\" content=\"image\/jpeg\" \/>\n<meta name=\"author\" content=\"Wided Belhaj\" \/>\n<meta name=\"twitter:card\" content=\"summary_large_image\" \/>\n<meta name=\"twitter:creator\" content=\"@webdo_tn\" \/>\n<meta name=\"twitter:site\" content=\"@webdo_tn\" \/>\n<meta name=\"twitter:label1\" content=\"\u00c9crit par\" \/>\n\t<meta name=\"twitter:data1\" content=\"Wided Belhaj\" \/>\n\t<meta name=\"twitter:label2\" content=\"Dur\u00e9e de lecture estim\u00e9e\" \/>\n\t<meta name=\"twitter:data2\" content=\"2 minutes\" \/>\n<script type=\"application\/ld+json\" class=\"yoast-schema-graph\">{\"@context\":\"https:\\\/\\\/schema.org\",\"@graph\":[{\"@type\":\"NewsArticle\",\"@id\":\"https:\\\/\\\/www.webdo.tn\\\/fr\\\/actualite\\\/regions\\\/tunisie-ce-quest-ce-mur-de-sable-observe-mercredi\\\/379467\\\/#article\",\"isPartOf\":{\"@id\":\"https:\\\/\\\/www.webdo.tn\\\/fr\\\/actualite\\\/regions\\\/tunisie-ce-quest-ce-mur-de-sable-observe-mercredi\\\/379467\\\/\"},\"author\":{\"name\":\"Wided Belhaj\",\"@id\":\"https:\\\/\\\/www.webdo.tn\\\/fr\\\/#\\\/schema\\\/person\\\/b9ecde7a5574cb4fcf4b496ea5fadb15\"},\"headline\":\"Tunisie : Ce qu\u2019est ce \u00ab\u00a0mur de sable\u00a0\u00bb observ\u00e9 \u00e0 Tozeur\",\"datePublished\":\"2025-07-11T05:04:13+00:00\",\"dateModified\":\"2025-07-11T13:04:30+00:00\",\"mainEntityOfPage\":{\"@id\":\"https:\\\/\\\/www.webdo.tn\\\/fr\\\/actualite\\\/regions\\\/tunisie-ce-quest-ce-mur-de-sable-observe-mercredi\\\/379467\\\/\"},\"wordCount\":251,\"commentCount\":0,\"publisher\":{\"@id\":\"https:\\\/\\\/www.webdo.tn\\\/fr\\\/#organization\"},\"image\":{\"@id\":\"https:\\\/\\\/www.webdo.tn\\\/fr\\\/actualite\\\/regions\\\/tunisie-ce-quest-ce-mur-de-sable-observe-mercredi\\\/379467\\\/#primaryimage\"},\"thumbnailUrl\":\"https:\\\/\\\/www.webdo.tn\\\/fr\\\/wp-content\\\/uploads\\\/2025\\\/07\\\/516479206_1071264775139906_7154002150864228629_n.jpg\",\"keywords\":[\"Sable\",\"temp\u00eate\",\"tozeur\",\"Tunisie\"],\"articleSection\":[\"regions\"],\"inLanguage\":\"fr-FR\"},{\"@type\":\"WebPage\",\"@id\":\"https:\\\/\\\/www.webdo.tn\\\/fr\\\/actualite\\\/regions\\\/tunisie-ce-quest-ce-mur-de-sable-observe-mercredi\\\/379467\\\/\",\"url\":\"https:\\\/\\\/www.webdo.tn\\\/fr\\\/actualite\\\/regions\\\/tunisie-ce-quest-ce-mur-de-sable-observe-mercredi\\\/379467\\\/\",\"name\":\"Tunisie : Ce qu\u2019est ce \\\"mur de sable\\\" observ\u00e9 \u00e0 Tozeur - webdo\",\"isPartOf\":{\"@id\":\"https:\\\/\\\/www.webdo.tn\\\/fr\\\/#website\"},\"primaryImageOfPage\":{\"@id\":\"https:\\\/\\\/www.webdo.tn\\\/fr\\\/actualite\\\/regions\\\/tunisie-ce-quest-ce-mur-de-sable-observe-mercredi\\\/379467\\\/#primaryimage\"},\"image\":{\"@id\":\"https:\\\/\\\/www.webdo.tn\\\/fr\\\/actualite\\\/regions\\\/tunisie-ce-quest-ce-mur-de-sable-observe-mercredi\\\/379467\\\/#primaryimage\"},\"thumbnailUrl\":\"https:\\\/\\\/www.webdo.tn\\\/fr\\\/wp-content\\\/uploads\\\/2025\\\/07\\\/516479206_1071264775139906_7154002150864228629_n.jpg\",\"datePublished\":\"2025-07-11T05:04:13+00:00\",\"dateModified\":\"2025-07-11T13:04:30+00:00\",\"description\":\"Un mur de sable impressionnant a surpris Tozeur, r\u00e9duisant la visibilit\u00e9 et plongeant la r\u00e9gion dans l'obscurit\u00e9.\",\"breadcrumb\":{\"@id\":\"https:\\\/\\\/www.webdo.tn\\\/fr\\\/actualite\\\/regions\\\/tunisie-ce-quest-ce-mur-de-sable-observe-mercredi\\\/379467\\\/#breadcrumb\"},\"inLanguage\":\"fr-FR\",\"potentialAction\":[{\"@type\":\"ReadAction\",\"target\":[\"https:\\\/\\\/www.webdo.tn\\\/fr\\\/actualite\\\/regions\\\/tunisie-ce-quest-ce-mur-de-sable-observe-mercredi\\\/379467\\\/\"]}]},{\"@type\":\"ImageObject\",\"inLanguage\":\"fr-FR\",\"@id\":\"https:\\\/\\\/www.webdo.tn\\\/fr\\\/actualite\\\/regions\\\/tunisie-ce-quest-ce-mur-de-sable-observe-mercredi\\\/379467\\\/#primaryimage\",\"url\":\"https:\\\/\\\/www.webdo.tn\\\/fr\\\/wp-content\\\/uploads\\\/2025\\\/07\\\/516479206_1071264775139906_7154002150864228629_n.jpg\",\"contentUrl\":\"https:\\\/\\\/www.webdo.tn\\\/fr\\\/wp-content\\\/uploads\\\/2025\\\/07\\\/516479206_1071264775139906_7154002150864228629_n.jpg\",\"width\":2048,\"height\":1536},{\"@type\":\"BreadcrumbList\",\"@id\":\"https:\\\/\\\/www.webdo.tn\\\/fr\\\/actualite\\\/regions\\\/tunisie-ce-quest-ce-mur-de-sable-observe-mercredi\\\/379467\\\/#breadcrumb\",\"itemListElement\":[{\"@type\":\"ListItem\",\"position\":1,\"name\":\"Accueil\",\"item\":\"https:\\\/\\\/www.webdo.tn\\\/fr\\\/\"},{\"@type\":\"ListItem\",\"position\":2,\"name\":\"Tunisie : Ce qu\u2019est ce \u00ab\u00a0mur de sable\u00a0\u00bb observ\u00e9 \u00e0 Tozeur\"}]},{\"@type\":\"WebSite\",\"@id\":\"https:\\\/\\\/www.webdo.tn\\\/fr\\\/#website\",\"url\":\"https:\\\/\\\/www.webdo.tn\\\/fr\\\/\",\"name\":\"webdo\",\"description\":\"Tunisie - News en Tunisie et \u00e0 l&#039;international sur Webdo.tn\",\"publisher\":{\"@id\":\"https:\\\/\\\/www.webdo.tn\\\/fr\\\/#organization\"},\"potentialAction\":[{\"@type\":\"SearchAction\",\"target\":{\"@type\":\"EntryPoint\",\"urlTemplate\":\"https:\\\/\\\/www.webdo.tn\\\/fr\\\/?s={search_term_string}\"},\"query-input\":{\"@type\":\"PropertyValueSpecification\",\"valueRequired\":true,\"valueName\":\"search_term_string\"}}],\"inLanguage\":\"fr-FR\"},{\"@type\":\"Organization\",\"@id\":\"https:\\\/\\\/www.webdo.tn\\\/fr\\\/#organization\",\"name\":\"Webdo\",\"alternateName\":\"Webdo.tn\",\"url\":\"https:\\\/\\\/www.webdo.tn\\\/fr\\\/\",\"logo\":{\"@type\":\"ImageObject\",\"inLanguage\":\"fr-FR\",\"@id\":\"https:\\\/\\\/www.webdo.tn\\\/fr\\\/#\\\/schema\\\/logo\\\/image\\\/\",\"url\":\"https:\\\/\\\/www.webdo.tn\\\/fr\\\/wp-content\\\/uploads\\\/2025\\\/06\\\/Webdo-Tunisie_168377.jpg\",\"contentUrl\":\"https:\\\/\\\/www.webdo.tn\\\/fr\\\/wp-content\\\/uploads\\\/2025\\\/06\\\/Webdo-Tunisie_168377.jpg\",\"width\":301,\"height\":301,\"caption\":\"Webdo\"},\"image\":{\"@id\":\"https:\\\/\\\/www.webdo.tn\\\/fr\\\/#\\\/schema\\\/logo\\\/image\\\/\"},\"sameAs\":[\"https:\\\/\\\/www.facebook.com\\\/webdotn\",\"https:\\\/\\\/x.com\\\/webdo_tn\"],\"description\":\"Webdo est un m\u00e9dia num\u00e9rique tunisien fond\u00e9 en 2010, sp\u00e9cialis\u00e9 dans l\u2019actualit\u00e9 nationale et internationale, l\u2019\u00e9conomie, la soci\u00e9t\u00e9 et les analyses politiques. Le site s\u2019adresse \u00e0 un large public francophone et couvre l\u2019information tunisienne en temps r\u00e9el.\",\"email\":\"redac@webdo.tn\",\"legalName\":\"YNJ SARL\",\"foundingDate\":\"2010-09-06\",\"numberOfEmployees\":{\"@type\":\"QuantitativeValue\",\"minValue\":\"11\",\"maxValue\":\"50\"}},{\"@type\":\"Person\",\"@id\":\"https:\\\/\\\/www.webdo.tn\\\/fr\\\/#\\\/schema\\\/person\\\/b9ecde7a5574cb4fcf4b496ea5fadb15\",\"name\":\"Wided Belhaj\",\"image\":{\"@type\":\"ImageObject\",\"inLanguage\":\"fr-FR\",\"@id\":\"https:\\\/\\\/www.webdo.tn\\\/fr\\\/wp-content\\\/uploads\\\/2026\\\/04\\\/wided-belhaj_avatar-96x96.jpg\",\"url\":\"https:\\\/\\\/www.webdo.tn\\\/fr\\\/wp-content\\\/uploads\\\/2026\\\/04\\\/wided-belhaj_avatar-96x96.jpg\",\"contentUrl\":\"https:\\\/\\\/www.webdo.tn\\\/fr\\\/wp-content\\\/uploads\\\/2026\\\/04\\\/wided-belhaj_avatar-96x96.jpg\",\"caption\":\"Wided Belhaj\"},\"description\":\"Wided Belhaj est le pseudonyme \u00e9ditorial utilis\u00e9 par Khalil Jelassi, journaliste, ma\u00eetre-assistant \u00e0 l\u2019Institut de presse et des sciences de l\u2019information (IPSI) et chercheur en sciences de l\u2019information et de la communication. Cette signature est d\u00e9di\u00e9e \u00e0 l\u2019analyse des m\u00e9dias, des pratiques journalistiques et des mutations de l\u2019information \u00e0 l\u2019\u00e8re digitale. \u00c0 travers ses contributions, Wided Belhaj propose une lecture analytique de l\u2019actualit\u00e9, en croisant regard critique et expertise acad\u00e9mique.\",\"knowsAbout\":[\"m\u00e9dias\",\"journalisme\",\"communication\",\"information\",\"transformation num\u00e9rique\",\"analyse des m\u00e9dias\"],\"knowsLanguage\":[\"Fran\u00e7ais\",\"Arabe\"],\"jobTitle\":\"Webdo.tn\",\"worksFor\":\"Journaliste \u2013 Analyse des m\u00e9dias\",\"url\":\"https:\\\/\\\/www.webdo.tn\\\/fr\\\/actualite\\\/author\\\/wided-belhaj\\\/\"}]}<\/script>\n<!-- \/ Yoast SEO Premium plugin. -->","yoast_head_json":{"title":"Tunisie : Ce qu\u2019est ce \"mur de sable\" observ\u00e9 \u00e0 Tozeur - webdo","description":"Un mur de sable impressionnant a surpris Tozeur, r\u00e9duisant la visibilit\u00e9 et plongeant la r\u00e9gion dans l'obscurit\u00e9.","canonical":"https:\/\/www.webdo.tn\/fr\/actualite\/regions\/tunisie-ce-quest-ce-mur-de-sable-observe-mercredi\/379467\/","og_locale":"fr_FR","og_type":"article","og_title":"Tunisie : Ce qu\u2019est ce \"mur de sable\" observ\u00e9 \u00e0 Tozeur","og_description":"Un mur de sable impressionnant a surpris Tozeur, r\u00e9duisant la visibilit\u00e9 et plongeant la r\u00e9gion dans l'obscurit\u00e9.","og_url":"https:\/\/www.webdo.tn\/fr\/actualite\/regions\/tunisie-ce-quest-ce-mur-de-sable-observe-mercredi\/379467\/","og_site_name":"webdo","article_publisher":"https:\/\/www.facebook.com\/webdotn","article_published_time":"2025-07-11T05:04:13+00:00","article_modified_time":"2025-07-11T13:04:30+00:00","og_image":[{"width":2048,"height":1536,"url":"https:\/\/www.webdo.tn\/fr\/wp-content\/uploads\/2025\/07\/516479206_1071264775139906_7154002150864228629_n.jpg","type":"image\/jpeg"}],"author":"Wided Belhaj","twitter_card":"summary_large_image","twitter_creator":"@webdo_tn","twitter_site":"@webdo_tn","twitter_misc":{"\u00c9crit par":"Wided Belhaj","Dur\u00e9e de lecture estim\u00e9e":"2 minutes"},"schema":{"@context":"https:\/\/schema.org","@graph":[{"@type":"NewsArticle","@id":"https:\/\/www.webdo.tn\/fr\/actualite\/regions\/tunisie-ce-quest-ce-mur-de-sable-observe-mercredi\/379467\/#article","isPartOf":{"@id":"https:\/\/www.webdo.tn\/fr\/actualite\/regions\/tunisie-ce-quest-ce-mur-de-sable-observe-mercredi\/379467\/"},"author":{"name":"Wided Belhaj","@id":"https:\/\/www.webdo.tn\/fr\/#\/schema\/person\/b9ecde7a5574cb4fcf4b496ea5fadb15"},"headline":"Tunisie : Ce qu\u2019est ce \u00ab\u00a0mur de sable\u00a0\u00bb observ\u00e9 \u00e0 Tozeur","datePublished":"2025-07-11T05:04:13+00:00","dateModified":"2025-07-11T13:04:30+00:00","mainEntityOfPage":{"@id":"https:\/\/www.webdo.tn\/fr\/actualite\/regions\/tunisie-ce-quest-ce-mur-de-sable-observe-mercredi\/379467\/"},"wordCount":251,"commentCount":0,"publisher":{"@id":"https:\/\/www.webdo.tn\/fr\/#organization"},"image":{"@id":"https:\/\/www.webdo.tn\/fr\/actualite\/regions\/tunisie-ce-quest-ce-mur-de-sable-observe-mercredi\/379467\/#primaryimage"},"thumbnailUrl":"https:\/\/www.webdo.tn\/fr\/wp-content\/uploads\/2025\/07\/516479206_1071264775139906_7154002150864228629_n.jpg","keywords":["Sable","temp\u00eate","tozeur","Tunisie"],"articleSection":["regions"],"inLanguage":"fr-FR"},{"@type":"WebPage","@id":"https:\/\/www.webdo.tn\/fr\/actualite\/regions\/tunisie-ce-quest-ce-mur-de-sable-observe-mercredi\/379467\/","url":"https:\/\/www.webdo.tn\/fr\/actualite\/regions\/tunisie-ce-quest-ce-mur-de-sable-observe-mercredi\/379467\/","name":"Tunisie : Ce qu\u2019est ce \"mur de sable\" observ\u00e9 \u00e0 Tozeur - webdo","isPartOf":{"@id":"https:\/\/www.webdo.tn\/fr\/#website"},"primaryImageOfPage":{"@id":"https:\/\/www.webdo.tn\/fr\/actualite\/regions\/tunisie-ce-quest-ce-mur-de-sable-observe-mercredi\/379467\/#primaryimage"},"image":{"@id":"https:\/\/www.webdo.tn\/fr\/actualite\/regions\/tunisie-ce-quest-ce-mur-de-sable-observe-mercredi\/379467\/#primaryimage"},"thumbnailUrl":"https:\/\/www.webdo.tn\/fr\/wp-content\/uploads\/2025\/07\/516479206_1071264775139906_7154002150864228629_n.jpg","datePublished":"2025-07-11T05:04:13+00:00","dateModified":"2025-07-11T13:04:30+00:00","description":"Un mur de sable impressionnant a surpris Tozeur, r\u00e9duisant la visibilit\u00e9 et plongeant la r\u00e9gion dans l'obscurit\u00e9.","breadcrumb":{"@id":"https:\/\/www.webdo.tn\/fr\/actualite\/regions\/tunisie-ce-quest-ce-mur-de-sable-observe-mercredi\/379467\/#breadcrumb"},"inLanguage":"fr-FR","potentialAction":[{"@type":"ReadAction","target":["https:\/\/www.webdo.tn\/fr\/actualite\/regions\/tunisie-ce-quest-ce-mur-de-sable-observe-mercredi\/379467\/"]}]},{"@type":"ImageObject","inLanguage":"fr-FR","@id":"https:\/\/www.webdo.tn\/fr\/actualite\/regions\/tunisie-ce-quest-ce-mur-de-sable-observe-mercredi\/379467\/#primaryimage","url":"https:\/\/www.webdo.tn\/fr\/wp-content\/uploads\/2025\/07\/516479206_1071264775139906_7154002150864228629_n.jpg","contentUrl":"https:\/\/www.webdo.tn\/fr\/wp-content\/uploads\/2025\/07\/516479206_1071264775139906_7154002150864228629_n.jpg","width":2048,"height":1536},{"@type":"BreadcrumbList","@id":"https:\/\/www.webdo.tn\/fr\/actualite\/regions\/tunisie-ce-quest-ce-mur-de-sable-observe-mercredi\/379467\/#breadcrumb","itemListElement":[{"@type":"ListItem","position":1,"name":"Accueil","item":"https:\/\/www.webdo.tn\/fr\/"},{"@type":"ListItem","position":2,"name":"Tunisie : Ce qu\u2019est ce \u00ab\u00a0mur de sable\u00a0\u00bb observ\u00e9 \u00e0 Tozeur"}]},{"@type":"WebSite","@id":"https:\/\/www.webdo.tn\/fr\/#website","url":"https:\/\/www.webdo.tn\/fr\/","name":"webdo","description":"Tunisie - News en Tunisie et \u00e0 l&#039;international sur Webdo.tn","publisher":{"@id":"https:\/\/www.webdo.tn\/fr\/#organization"},"potentialAction":[{"@type":"SearchAction","target":{"@type":"EntryPoint","urlTemplate":"https:\/\/www.webdo.tn\/fr\/?s={search_term_string}"},"query-input":{"@type":"PropertyValueSpecification","valueRequired":true,"valueName":"search_term_string"}}],"inLanguage":"fr-FR"},{"@type":"Organization","@id":"https:\/\/www.webdo.tn\/fr\/#organization","name":"Webdo","alternateName":"Webdo.tn","url":"https:\/\/www.webdo.tn\/fr\/","logo":{"@type":"ImageObject","inLanguage":"fr-FR","@id":"https:\/\/www.webdo.tn\/fr\/#\/schema\/logo\/image\/","url":"https:\/\/www.webdo.tn\/fr\/wp-content\/uploads\/2025\/06\/Webdo-Tunisie_168377.jpg","contentUrl":"https:\/\/www.webdo.tn\/fr\/wp-content\/uploads\/2025\/06\/Webdo-Tunisie_168377.jpg","width":301,"height":301,"caption":"Webdo"},"image":{"@id":"https:\/\/www.webdo.tn\/fr\/#\/schema\/logo\/image\/"},"sameAs":["https:\/\/www.facebook.com\/webdotn","https:\/\/x.com\/webdo_tn"],"description":"Webdo est un m\u00e9dia num\u00e9rique tunisien fond\u00e9 en 2010, sp\u00e9cialis\u00e9 dans l\u2019actualit\u00e9 nationale et internationale, l\u2019\u00e9conomie, la soci\u00e9t\u00e9 et les analyses politiques. Le site s\u2019adresse \u00e0 un large public francophone et couvre l\u2019information tunisienne en temps r\u00e9el.","email":"redac@webdo.tn","legalName":"YNJ SARL","foundingDate":"2010-09-06","numberOfEmployees":{"@type":"QuantitativeValue","minValue":"11","maxValue":"50"}},{"@type":"Person","@id":"https:\/\/www.webdo.tn\/fr\/#\/schema\/person\/b9ecde7a5574cb4fcf4b496ea5fadb15","name":"Wided Belhaj","image":{"@type":"ImageObject","inLanguage":"fr-FR","@id":"https:\/\/www.webdo.tn\/fr\/wp-content\/uploads\/2026\/04\/wided-belhaj_avatar-96x96.jpg","url":"https:\/\/www.webdo.tn\/fr\/wp-content\/uploads\/2026\/04\/wided-belhaj_avatar-96x96.jpg","contentUrl":"https:\/\/www.webdo.tn\/fr\/wp-content\/uploads\/2026\/04\/wided-belhaj_avatar-96x96.jpg","caption":"Wided Belhaj"},"description":"Wided Belhaj est le pseudonyme \u00e9ditorial utilis\u00e9 par Khalil Jelassi, journaliste, ma\u00eetre-assistant \u00e0 l\u2019Institut de presse et des sciences de l\u2019information (IPSI) et chercheur en sciences de l\u2019information et de la communication. Cette signature est d\u00e9di\u00e9e \u00e0 l\u2019analyse des m\u00e9dias, des pratiques journalistiques et des mutations de l\u2019information \u00e0 l\u2019\u00e8re digitale. \u00c0 travers ses contributions, Wided Belhaj propose une lecture analytique de l\u2019actualit\u00e9, en croisant regard critique et expertise acad\u00e9mique.","knowsAbout":["m\u00e9dias","journalisme","communication","information","transformation num\u00e9rique","analyse des m\u00e9dias"],"knowsLanguage":["Fran\u00e7ais","Arabe"],"jobTitle":"Webdo.tn","worksFor":"Journaliste \u2013 Analyse des m\u00e9dias","url":"https:\/\/www.webdo.tn\/fr\/actualite\/author\/wided-belhaj\/"}]}},"_links":{"self":[{"href":"https:\/\/www.webdo.tn\/fr\/wp-json\/wp\/v2\/posts\/379467","targetHints":{"allow":["GET"]}}],"collection":[{"href":"https:\/\/www.webdo.tn\/fr\/wp-json\/wp\/v2\/posts"}],"about":[{"href":"https:\/\/www.webdo.tn\/fr\/wp-json\/wp\/v2\/types\/post"}],"author":[{"embeddable":true,"href":"https:\/\/www.webdo.tn\/fr\/wp-json\/wp\/v2\/users\/3184"}],"replies":[{"embeddable":true,"href":"https:\/\/www.webdo.tn\/fr\/wp-json\/wp\/v2\/comments?post=379467"}],"version-history":[{"count":0,"href":"https:\/\/www.webdo.tn\/fr\/wp-json\/wp\/v2\/posts\/379467\/revisions"}],"wp:featuredmedia":[{"embeddable":true,"href":"https:\/\/www.webdo.tn\/fr\/wp-json\/wp\/v2\/media\/379468"}],"wp:attachment":[{"href":"https:\/\/www.webdo.tn\/fr\/wp-json\/wp\/v2\/media?parent=379467"}],"wp:term":[{"taxonomy":"category","embeddable":true,"href":"https:\/\/www.webdo.tn\/fr\/wp-json\/wp\/v2\/categories?post=379467"},{"taxonomy":"post_tag","embeddable":true,"href":"https:\/\/www.webdo.tn\/fr\/wp-json\/wp\/v2\/tags?post=379467"}],"curies":[{"name":"wp","href":"https:\/\/api.w.org\/{rel}","templated":true}]}}