{"id":379416,"date":"2025-07-10T12:06:07","date_gmt":"2025-07-10T11:06:07","guid":{"rendered":"https:\/\/www.webdo.tn\/fr\/?p=379416"},"modified":"2025-07-11T08:15:30","modified_gmt":"2025-07-11T07:15:30","slug":"washington-annonce-des-sanctions-contre-la-rapporteuse-de-lonu-pour-la-palestine-francesca-albanese","status":"publish","type":"post","link":"https:\/\/www.webdo.tn\/fr\/actualite\/international\/washington-annonce-des-sanctions-contre-la-rapporteuse-de-lonu-pour-la-palestine-francesca-albanese\/379416\/","title":{"rendered":"Washington annonce des sanctions contre la rapporteuse de l\u2019ONU pour la Palestine, Francesca Albanese"},"content":{"rendered":"\n<p><strong>Washington accuse la juriste italienne d\u2019antis\u00e9mitisme et de soutien au terrorisme, apr\u00e8s un rapport accablant visant Isra\u00ebl et ses soutiens internationaux.<\/strong><\/p>\n\n\n\n<p>Le climat se tend encore davantage entre les Nations unies et les \u00c9tats-Unis autour de la question palestinienne. Le secr\u00e9taire d\u2019\u00c9tat am\u00e9ricain, Marco Rubio, a annonc\u00e9, mercredi 9 juillet, que les \u00c9tats-Unis s\u2019appr\u00eatent \u00e0 imposer des sanctions \u00e0 l\u2019encontre de Francesca Albanese, rapporteuse sp\u00e9ciale de l\u2019ONU sur la situation des droits humains dans les territoires palestiniens occup\u00e9s.<\/p>\n\n\n\n<p>Dans une publication sur son compte X, le chef de la diplomatie am\u00e9ricaine a accus\u00e9 la juriste italienne de mener des \u00ab efforts ill\u00e9gitimes et honteux \u00bb contre les \u00c9tats-Unis et Isra\u00ebl, \u00e9voquant un comportement \u00ab antis\u00e9mite \u00bb et une \u00ab complicit\u00e9 id\u00e9ologique avec le terrorisme \u00bb.<\/p>\n\n\n\n<p><strong>Une r\u00e9ponse au rapport explosif d\u2019Albanese<\/strong><\/p>\n\n\n\n<p>Cette annonce survient quelques semaines apr\u00e8s la publication d\u2019un rapport tr\u00e8s critique de Francesca Albanese, dans lequel elle met en cause le r\u00f4le de plusieurs multinationales qui, selon elle, soutiennent directement ou indirectement les activit\u00e9s militaires et la colonisation isra\u00e9lienne dans les territoires palestiniens.<\/p>\n\n\n\n<p>Elle y d\u00e9nonce notamment des liens financiers avec l\u2019arm\u00e9e isra\u00e9lienne et appelle \u00e0 la responsabilit\u00e9 p\u00e9nale internationale pour ceux qui alimentent, selon ses mots, \u00ab le syst\u00e8me d\u2019occupation et d\u2019apartheid \u00bb.<\/p>\n\n\n\n<p>Albanese soutient \u00e9galement les d\u00e9marches engag\u00e9es par la Cour p\u00e9nale internationale (CPI) visant \u00e0 poursuivre Benjamin Netanyahu, Premier ministre isra\u00e9lien, pour crimes de guerre dans la bande de Gaza et en Cisjordanie.<\/p>\n\n\n\n<p><strong>Une r\u00e9action ferme de Francesca Albanese<\/strong><\/p>\n\n\n\n<p>Face \u00e0 cette offensive diplomatique, Francesca Albanese a r\u00e9agi sobrement mais fermement. Dans un message publi\u00e9 \u00e9galement sur X, elle a affirm\u00e9 :<\/p>\n\n\n\n<p><em>\u00ab Je me tiens fermement et avec conviction du c\u00f4t\u00e9 de la justice. \u00bb<\/em><\/p>\n\n\n\n<p>La juriste italienne, nomm\u00e9e en 2022 par le Conseil des droits de l\u2019homme de l\u2019ONU, est r\u00e9guli\u00e8rement cibl\u00e9e par les milieux pro-isra\u00e9liens, qui l\u2019accusent de partialit\u00e9. Ses rapports, document\u00e9s mais souvent virulents, l\u2019ont propuls\u00e9e au c\u0153ur de nombreuses pol\u00e9miques, notamment apr\u00e8s les bombardements isra\u00e9liens sur Rafah et le si\u00e8ge prolong\u00e9 de Gaza.<\/p>\n\n\n\n<p><strong>Tensions croissantes autour de la CPI<\/strong><\/p>\n\n\n\n<p>Cette annonce am\u00e9ricaine intervient dans un contexte de tensions croissantes autour du r\u00f4le de la Cour p\u00e9nale internationale, que Washington ne reconna\u00eet pas, et de la l\u00e9galit\u00e9 des repr\u00e9sailles isra\u00e9liennes dans les territoires occup\u00e9s.<\/p>\n\n\n\n<p>Pour de nombreux observateurs, ces sanctions potentielles contre une experte onusienne marquent un nouveau seuil dans la politisation du droit international, et pourraient accro\u00eetre les divisions au sein de la communaut\u00e9 internationale sur le traitement du conflit isra\u00e9lo-palestinien.<\/p>\n","protected":false},"excerpt":{"rendered":"<p>Washington accuse la juriste italienne d\u2019antis\u00e9mitisme et de soutien au terrorisme, apr\u00e8s un rapport accablant visant Isra\u00ebl et ses soutiens internationaux. Le climat se tend encore davantage entre les Nations unies et les \u00c9tats-Unis autour de la question palestinienne. Le secr\u00e9taire d\u2019\u00c9tat am\u00e9ricain, Marco Rubio, a annonc\u00e9, mercredi 9 juillet, que les \u00c9tats-Unis s\u2019appr\u00eatent \u00e0 [&hellip;]<\/p>\n","protected":false},"author":3191,"featured_media":379417,"comment_status":"open","ping_status":"open","sticky":false,"template":"","format":"standard","meta":{"footnotes":""},"categories":[2598],"tags":[3035,12188,2689,2636,2688,12189],"class_list":["post-379416","post","type-post","status-publish","format-standard","has-post-thumbnail","hentry","category-international","tag-etats-unis","tag-francesca-albanese","tag-gaza","tag-israel","tag-palestine","tag-rapporteuse-de-lonu"],"yoast_head":"<!-- This site is optimized with the Yoast SEO Premium plugin v27.5 (Yoast SEO v27.5) - https:\/\/yoast.com\/product\/yoast-seo-premium-wordpress\/ -->\n<title>Washington annonce des sanctions contre la rapporteuse de l\u2019ONU pour la Palestine, Francesca Albanese - webdo<\/title>\n<meta name=\"description\" content=\"Francesca Albanese est accus\u00e9e d&#039;antis\u00e9mitisme par Washington apr\u00e8s un rapport sur Isra\u00ebl. Les tensions augmentent.\" \/>\n<link rel=\"canonical\" href=\"https:\/\/www.webdo.tn\/fr\/actualite\/international\/washington-annonce-des-sanctions-contre-la-rapporteuse-de-lonu-pour-la-palestine-francesca-albanese\/379416\/\" \/>\n<meta property=\"og:locale\" content=\"fr_FR\" \/>\n<meta property=\"og:type\" content=\"article\" \/>\n<meta property=\"og:title\" content=\"Washington annonce des sanctions contre la rapporteuse de l\u2019ONU pour la Palestine, Francesca Albanese\" \/>\n<meta property=\"og:description\" content=\"Francesca Albanese est accus\u00e9e d&#039;antis\u00e9mitisme par Washington apr\u00e8s un rapport sur Isra\u00ebl. Les tensions augmentent.\" \/>\n<meta property=\"og:url\" content=\"https:\/\/www.webdo.tn\/fr\/actualite\/international\/washington-annonce-des-sanctions-contre-la-rapporteuse-de-lonu-pour-la-palestine-francesca-albanese\/379416\/\" \/>\n<meta property=\"og:site_name\" content=\"webdo\" \/>\n<meta property=\"article:publisher\" content=\"https:\/\/www.facebook.com\/webdotn\" \/>\n<meta property=\"article:published_time\" content=\"2025-07-10T11:06:07+00:00\" \/>\n<meta property=\"article:modified_time\" content=\"2025-07-11T07:15:30+00:00\" \/>\n<meta property=\"og:image\" content=\"https:\/\/www.webdo.tn\/fr\/wp-content\/uploads\/2025\/07\/Francesca-Albanese.jpg\" \/>\n\t<meta property=\"og:image:width\" content=\"1280\" \/>\n\t<meta property=\"og:image:height\" content=\"793\" \/>\n\t<meta property=\"og:image:type\" content=\"image\/jpeg\" \/>\n<meta name=\"author\" content=\"Mohamed Hedi Touati\" \/>\n<meta name=\"twitter:card\" content=\"summary_large_image\" \/>\n<meta name=\"twitter:creator\" content=\"@webdo_tn\" \/>\n<meta name=\"twitter:site\" content=\"@webdo_tn\" \/>\n<meta name=\"twitter:label1\" content=\"\u00c9crit par\" \/>\n\t<meta name=\"twitter:data1\" content=\"Mohamed Hedi Touati\" \/>\n\t<meta name=\"twitter:label2\" content=\"Dur\u00e9e de lecture estim\u00e9e\" \/>\n\t<meta name=\"twitter:data2\" content=\"3 minutes\" \/>\n<script type=\"application\/ld+json\" class=\"yoast-schema-graph\">{\"@context\":\"https:\\\/\\\/schema.org\",\"@graph\":[{\"@type\":\"NewsArticle\",\"@id\":\"https:\\\/\\\/www.webdo.tn\\\/fr\\\/actualite\\\/international\\\/washington-annonce-des-sanctions-contre-la-rapporteuse-de-lonu-pour-la-palestine-francesca-albanese\\\/379416\\\/#article\",\"isPartOf\":{\"@id\":\"https:\\\/\\\/www.webdo.tn\\\/fr\\\/actualite\\\/international\\\/washington-annonce-des-sanctions-contre-la-rapporteuse-de-lonu-pour-la-palestine-francesca-albanese\\\/379416\\\/\"},\"author\":{\"name\":\"Mohamed Hedi Touati\",\"@id\":\"https:\\\/\\\/www.webdo.tn\\\/fr\\\/#\\\/schema\\\/person\\\/c652cd8fc2b1b44412b5ffb48c5a911d\"},\"headline\":\"Washington annonce des sanctions contre la rapporteuse de l\u2019ONU pour la Palestine, Francesca Albanese\",\"datePublished\":\"2025-07-10T11:06:07+00:00\",\"dateModified\":\"2025-07-11T07:15:30+00:00\",\"mainEntityOfPage\":{\"@id\":\"https:\\\/\\\/www.webdo.tn\\\/fr\\\/actualite\\\/international\\\/washington-annonce-des-sanctions-contre-la-rapporteuse-de-lonu-pour-la-palestine-francesca-albanese\\\/379416\\\/\"},\"wordCount\":475,\"commentCount\":0,\"publisher\":{\"@id\":\"https:\\\/\\\/www.webdo.tn\\\/fr\\\/#organization\"},\"image\":{\"@id\":\"https:\\\/\\\/www.webdo.tn\\\/fr\\\/actualite\\\/international\\\/washington-annonce-des-sanctions-contre-la-rapporteuse-de-lonu-pour-la-palestine-francesca-albanese\\\/379416\\\/#primaryimage\"},\"thumbnailUrl\":\"https:\\\/\\\/www.webdo.tn\\\/fr\\\/wp-content\\\/uploads\\\/2025\\\/07\\\/Francesca-Albanese.jpg\",\"keywords\":[\"Etats-Unis\",\"Francesca Albanese\",\"Gaza\",\"isra\u00ebl\",\"Palestine\",\"rapporteuse de l\u2019ONU\"],\"articleSection\":[\"International\"],\"inLanguage\":\"fr-FR\"},{\"@type\":\"WebPage\",\"@id\":\"https:\\\/\\\/www.webdo.tn\\\/fr\\\/actualite\\\/international\\\/washington-annonce-des-sanctions-contre-la-rapporteuse-de-lonu-pour-la-palestine-francesca-albanese\\\/379416\\\/\",\"url\":\"https:\\\/\\\/www.webdo.tn\\\/fr\\\/actualite\\\/international\\\/washington-annonce-des-sanctions-contre-la-rapporteuse-de-lonu-pour-la-palestine-francesca-albanese\\\/379416\\\/\",\"name\":\"Washington annonce des sanctions contre la rapporteuse de l\u2019ONU pour la Palestine, Francesca Albanese - webdo\",\"isPartOf\":{\"@id\":\"https:\\\/\\\/www.webdo.tn\\\/fr\\\/#website\"},\"primaryImageOfPage\":{\"@id\":\"https:\\\/\\\/www.webdo.tn\\\/fr\\\/actualite\\\/international\\\/washington-annonce-des-sanctions-contre-la-rapporteuse-de-lonu-pour-la-palestine-francesca-albanese\\\/379416\\\/#primaryimage\"},\"image\":{\"@id\":\"https:\\\/\\\/www.webdo.tn\\\/fr\\\/actualite\\\/international\\\/washington-annonce-des-sanctions-contre-la-rapporteuse-de-lonu-pour-la-palestine-francesca-albanese\\\/379416\\\/#primaryimage\"},\"thumbnailUrl\":\"https:\\\/\\\/www.webdo.tn\\\/fr\\\/wp-content\\\/uploads\\\/2025\\\/07\\\/Francesca-Albanese.jpg\",\"datePublished\":\"2025-07-10T11:06:07+00:00\",\"dateModified\":\"2025-07-11T07:15:30+00:00\",\"description\":\"Francesca Albanese est accus\u00e9e d'antis\u00e9mitisme par Washington apr\u00e8s un rapport sur Isra\u00ebl. Les tensions augmentent.\",\"breadcrumb\":{\"@id\":\"https:\\\/\\\/www.webdo.tn\\\/fr\\\/actualite\\\/international\\\/washington-annonce-des-sanctions-contre-la-rapporteuse-de-lonu-pour-la-palestine-francesca-albanese\\\/379416\\\/#breadcrumb\"},\"inLanguage\":\"fr-FR\",\"potentialAction\":[{\"@type\":\"ReadAction\",\"target\":[\"https:\\\/\\\/www.webdo.tn\\\/fr\\\/actualite\\\/international\\\/washington-annonce-des-sanctions-contre-la-rapporteuse-de-lonu-pour-la-palestine-francesca-albanese\\\/379416\\\/\"]}]},{\"@type\":\"ImageObject\",\"inLanguage\":\"fr-FR\",\"@id\":\"https:\\\/\\\/www.webdo.tn\\\/fr\\\/actualite\\\/international\\\/washington-annonce-des-sanctions-contre-la-rapporteuse-de-lonu-pour-la-palestine-francesca-albanese\\\/379416\\\/#primaryimage\",\"url\":\"https:\\\/\\\/www.webdo.tn\\\/fr\\\/wp-content\\\/uploads\\\/2025\\\/07\\\/Francesca-Albanese.jpg\",\"contentUrl\":\"https:\\\/\\\/www.webdo.tn\\\/fr\\\/wp-content\\\/uploads\\\/2025\\\/07\\\/Francesca-Albanese.jpg\",\"width\":1280,\"height\":793,\"caption\":\"Washington annonce des sanctions contre la rapporteuse de l\u2019ONU pour la Palestine, Francesca Albanese\"},{\"@type\":\"BreadcrumbList\",\"@id\":\"https:\\\/\\\/www.webdo.tn\\\/fr\\\/actualite\\\/international\\\/washington-annonce-des-sanctions-contre-la-rapporteuse-de-lonu-pour-la-palestine-francesca-albanese\\\/379416\\\/#breadcrumb\",\"itemListElement\":[{\"@type\":\"ListItem\",\"position\":1,\"name\":\"Accueil\",\"item\":\"https:\\\/\\\/www.webdo.tn\\\/fr\\\/\"},{\"@type\":\"ListItem\",\"position\":2,\"name\":\"Washington annonce des sanctions contre la rapporteuse de l\u2019ONU pour la Palestine, Francesca Albanese\"}]},{\"@type\":\"WebSite\",\"@id\":\"https:\\\/\\\/www.webdo.tn\\\/fr\\\/#website\",\"url\":\"https:\\\/\\\/www.webdo.tn\\\/fr\\\/\",\"name\":\"webdo\",\"description\":\"Tunisie - News en Tunisie et \u00e0 l&#039;international sur Webdo.tn\",\"publisher\":{\"@id\":\"https:\\\/\\\/www.webdo.tn\\\/fr\\\/#organization\"},\"potentialAction\":[{\"@type\":\"SearchAction\",\"target\":{\"@type\":\"EntryPoint\",\"urlTemplate\":\"https:\\\/\\\/www.webdo.tn\\\/fr\\\/?s={search_term_string}\"},\"query-input\":{\"@type\":\"PropertyValueSpecification\",\"valueRequired\":true,\"valueName\":\"search_term_string\"}}],\"inLanguage\":\"fr-FR\"},{\"@type\":\"Organization\",\"@id\":\"https:\\\/\\\/www.webdo.tn\\\/fr\\\/#organization\",\"name\":\"Webdo\",\"alternateName\":\"Webdo.tn\",\"url\":\"https:\\\/\\\/www.webdo.tn\\\/fr\\\/\",\"logo\":{\"@type\":\"ImageObject\",\"inLanguage\":\"fr-FR\",\"@id\":\"https:\\\/\\\/www.webdo.tn\\\/fr\\\/#\\\/schema\\\/logo\\\/image\\\/\",\"url\":\"https:\\\/\\\/www.webdo.tn\\\/fr\\\/wp-content\\\/uploads\\\/2025\\\/06\\\/Webdo-Tunisie_168377.jpg\",\"contentUrl\":\"https:\\\/\\\/www.webdo.tn\\\/fr\\\/wp-content\\\/uploads\\\/2025\\\/06\\\/Webdo-Tunisie_168377.jpg\",\"width\":301,\"height\":301,\"caption\":\"Webdo\"},\"image\":{\"@id\":\"https:\\\/\\\/www.webdo.tn\\\/fr\\\/#\\\/schema\\\/logo\\\/image\\\/\"},\"sameAs\":[\"https:\\\/\\\/www.facebook.com\\\/webdotn\",\"https:\\\/\\\/x.com\\\/webdo_tn\"],\"description\":\"Webdo est un m\u00e9dia num\u00e9rique tunisien fond\u00e9 en 2010, sp\u00e9cialis\u00e9 dans l\u2019actualit\u00e9 nationale et internationale, l\u2019\u00e9conomie, la soci\u00e9t\u00e9 et les analyses politiques. Le site s\u2019adresse \u00e0 un large public francophone et couvre l\u2019information tunisienne en temps r\u00e9el.\",\"email\":\"redac@webdo.tn\",\"legalName\":\"YNJ SARL\",\"foundingDate\":\"2010-09-06\",\"numberOfEmployees\":{\"@type\":\"QuantitativeValue\",\"minValue\":\"11\",\"maxValue\":\"50\"}},{\"@type\":\"Person\",\"@id\":\"https:\\\/\\\/www.webdo.tn\\\/fr\\\/#\\\/schema\\\/person\\\/c652cd8fc2b1b44412b5ffb48c5a911d\",\"name\":\"Mohamed Hedi Touati\",\"image\":{\"@type\":\"ImageObject\",\"inLanguage\":\"fr-FR\",\"@id\":\"https:\\\/\\\/secure.gravatar.com\\\/avatar\\\/9cfd402c745b7a685f13eed0ea6e59d2144a3c2fc50a3db6fd5ed451f6cddf1a?s=96&d=mm&r=g\",\"url\":\"https:\\\/\\\/secure.gravatar.com\\\/avatar\\\/9cfd402c745b7a685f13eed0ea6e59d2144a3c2fc50a3db6fd5ed451f6cddf1a?s=96&d=mm&r=g\",\"contentUrl\":\"https:\\\/\\\/secure.gravatar.com\\\/avatar\\\/9cfd402c745b7a685f13eed0ea6e59d2144a3c2fc50a3db6fd5ed451f6cddf1a?s=96&d=mm&r=g\",\"caption\":\"Mohamed Hedi Touati\"},\"url\":\"https:\\\/\\\/www.webdo.tn\\\/fr\\\/actualite\\\/author\\\/mohamed-hedi-touati\\\/\"}]}<\/script>\n<!-- \/ Yoast SEO Premium plugin. -->","yoast_head_json":{"title":"Washington annonce des sanctions contre la rapporteuse de l\u2019ONU pour la Palestine, Francesca Albanese - webdo","description":"Francesca Albanese est accus\u00e9e d'antis\u00e9mitisme par Washington apr\u00e8s un rapport sur Isra\u00ebl. Les tensions augmentent.","canonical":"https:\/\/www.webdo.tn\/fr\/actualite\/international\/washington-annonce-des-sanctions-contre-la-rapporteuse-de-lonu-pour-la-palestine-francesca-albanese\/379416\/","og_locale":"fr_FR","og_type":"article","og_title":"Washington annonce des sanctions contre la rapporteuse de l\u2019ONU pour la Palestine, Francesca Albanese","og_description":"Francesca Albanese est accus\u00e9e d'antis\u00e9mitisme par Washington apr\u00e8s un rapport sur Isra\u00ebl. Les tensions augmentent.","og_url":"https:\/\/www.webdo.tn\/fr\/actualite\/international\/washington-annonce-des-sanctions-contre-la-rapporteuse-de-lonu-pour-la-palestine-francesca-albanese\/379416\/","og_site_name":"webdo","article_publisher":"https:\/\/www.facebook.com\/webdotn","article_published_time":"2025-07-10T11:06:07+00:00","article_modified_time":"2025-07-11T07:15:30+00:00","og_image":[{"width":1280,"height":793,"url":"https:\/\/www.webdo.tn\/fr\/wp-content\/uploads\/2025\/07\/Francesca-Albanese.jpg","type":"image\/jpeg"}],"author":"Mohamed Hedi Touati","twitter_card":"summary_large_image","twitter_creator":"@webdo_tn","twitter_site":"@webdo_tn","twitter_misc":{"\u00c9crit par":"Mohamed Hedi Touati","Dur\u00e9e de lecture estim\u00e9e":"3 minutes"},"schema":{"@context":"https:\/\/schema.org","@graph":[{"@type":"NewsArticle","@id":"https:\/\/www.webdo.tn\/fr\/actualite\/international\/washington-annonce-des-sanctions-contre-la-rapporteuse-de-lonu-pour-la-palestine-francesca-albanese\/379416\/#article","isPartOf":{"@id":"https:\/\/www.webdo.tn\/fr\/actualite\/international\/washington-annonce-des-sanctions-contre-la-rapporteuse-de-lonu-pour-la-palestine-francesca-albanese\/379416\/"},"author":{"name":"Mohamed Hedi Touati","@id":"https:\/\/www.webdo.tn\/fr\/#\/schema\/person\/c652cd8fc2b1b44412b5ffb48c5a911d"},"headline":"Washington annonce des sanctions contre la rapporteuse de l\u2019ONU pour la Palestine, Francesca Albanese","datePublished":"2025-07-10T11:06:07+00:00","dateModified":"2025-07-11T07:15:30+00:00","mainEntityOfPage":{"@id":"https:\/\/www.webdo.tn\/fr\/actualite\/international\/washington-annonce-des-sanctions-contre-la-rapporteuse-de-lonu-pour-la-palestine-francesca-albanese\/379416\/"},"wordCount":475,"commentCount":0,"publisher":{"@id":"https:\/\/www.webdo.tn\/fr\/#organization"},"image":{"@id":"https:\/\/www.webdo.tn\/fr\/actualite\/international\/washington-annonce-des-sanctions-contre-la-rapporteuse-de-lonu-pour-la-palestine-francesca-albanese\/379416\/#primaryimage"},"thumbnailUrl":"https:\/\/www.webdo.tn\/fr\/wp-content\/uploads\/2025\/07\/Francesca-Albanese.jpg","keywords":["Etats-Unis","Francesca Albanese","Gaza","isra\u00ebl","Palestine","rapporteuse de l\u2019ONU"],"articleSection":["International"],"inLanguage":"fr-FR"},{"@type":"WebPage","@id":"https:\/\/www.webdo.tn\/fr\/actualite\/international\/washington-annonce-des-sanctions-contre-la-rapporteuse-de-lonu-pour-la-palestine-francesca-albanese\/379416\/","url":"https:\/\/www.webdo.tn\/fr\/actualite\/international\/washington-annonce-des-sanctions-contre-la-rapporteuse-de-lonu-pour-la-palestine-francesca-albanese\/379416\/","name":"Washington annonce des sanctions contre la rapporteuse de l\u2019ONU pour la Palestine, Francesca Albanese - webdo","isPartOf":{"@id":"https:\/\/www.webdo.tn\/fr\/#website"},"primaryImageOfPage":{"@id":"https:\/\/www.webdo.tn\/fr\/actualite\/international\/washington-annonce-des-sanctions-contre-la-rapporteuse-de-lonu-pour-la-palestine-francesca-albanese\/379416\/#primaryimage"},"image":{"@id":"https:\/\/www.webdo.tn\/fr\/actualite\/international\/washington-annonce-des-sanctions-contre-la-rapporteuse-de-lonu-pour-la-palestine-francesca-albanese\/379416\/#primaryimage"},"thumbnailUrl":"https:\/\/www.webdo.tn\/fr\/wp-content\/uploads\/2025\/07\/Francesca-Albanese.jpg","datePublished":"2025-07-10T11:06:07+00:00","dateModified":"2025-07-11T07:15:30+00:00","description":"Francesca Albanese est accus\u00e9e d'antis\u00e9mitisme par Washington apr\u00e8s un rapport sur Isra\u00ebl. Les tensions augmentent.","breadcrumb":{"@id":"https:\/\/www.webdo.tn\/fr\/actualite\/international\/washington-annonce-des-sanctions-contre-la-rapporteuse-de-lonu-pour-la-palestine-francesca-albanese\/379416\/#breadcrumb"},"inLanguage":"fr-FR","potentialAction":[{"@type":"ReadAction","target":["https:\/\/www.webdo.tn\/fr\/actualite\/international\/washington-annonce-des-sanctions-contre-la-rapporteuse-de-lonu-pour-la-palestine-francesca-albanese\/379416\/"]}]},{"@type":"ImageObject","inLanguage":"fr-FR","@id":"https:\/\/www.webdo.tn\/fr\/actualite\/international\/washington-annonce-des-sanctions-contre-la-rapporteuse-de-lonu-pour-la-palestine-francesca-albanese\/379416\/#primaryimage","url":"https:\/\/www.webdo.tn\/fr\/wp-content\/uploads\/2025\/07\/Francesca-Albanese.jpg","contentUrl":"https:\/\/www.webdo.tn\/fr\/wp-content\/uploads\/2025\/07\/Francesca-Albanese.jpg","width":1280,"height":793,"caption":"Washington annonce des sanctions contre la rapporteuse de l\u2019ONU pour la Palestine, Francesca Albanese"},{"@type":"BreadcrumbList","@id":"https:\/\/www.webdo.tn\/fr\/actualite\/international\/washington-annonce-des-sanctions-contre-la-rapporteuse-de-lonu-pour-la-palestine-francesca-albanese\/379416\/#breadcrumb","itemListElement":[{"@type":"ListItem","position":1,"name":"Accueil","item":"https:\/\/www.webdo.tn\/fr\/"},{"@type":"ListItem","position":2,"name":"Washington annonce des sanctions contre la rapporteuse de l\u2019ONU pour la Palestine, Francesca Albanese"}]},{"@type":"WebSite","@id":"https:\/\/www.webdo.tn\/fr\/#website","url":"https:\/\/www.webdo.tn\/fr\/","name":"webdo","description":"Tunisie - News en Tunisie et \u00e0 l&#039;international sur Webdo.tn","publisher":{"@id":"https:\/\/www.webdo.tn\/fr\/#organization"},"potentialAction":[{"@type":"SearchAction","target":{"@type":"EntryPoint","urlTemplate":"https:\/\/www.webdo.tn\/fr\/?s={search_term_string}"},"query-input":{"@type":"PropertyValueSpecification","valueRequired":true,"valueName":"search_term_string"}}],"inLanguage":"fr-FR"},{"@type":"Organization","@id":"https:\/\/www.webdo.tn\/fr\/#organization","name":"Webdo","alternateName":"Webdo.tn","url":"https:\/\/www.webdo.tn\/fr\/","logo":{"@type":"ImageObject","inLanguage":"fr-FR","@id":"https:\/\/www.webdo.tn\/fr\/#\/schema\/logo\/image\/","url":"https:\/\/www.webdo.tn\/fr\/wp-content\/uploads\/2025\/06\/Webdo-Tunisie_168377.jpg","contentUrl":"https:\/\/www.webdo.tn\/fr\/wp-content\/uploads\/2025\/06\/Webdo-Tunisie_168377.jpg","width":301,"height":301,"caption":"Webdo"},"image":{"@id":"https:\/\/www.webdo.tn\/fr\/#\/schema\/logo\/image\/"},"sameAs":["https:\/\/www.facebook.com\/webdotn","https:\/\/x.com\/webdo_tn"],"description":"Webdo est un m\u00e9dia num\u00e9rique tunisien fond\u00e9 en 2010, sp\u00e9cialis\u00e9 dans l\u2019actualit\u00e9 nationale et internationale, l\u2019\u00e9conomie, la soci\u00e9t\u00e9 et les analyses politiques. Le site s\u2019adresse \u00e0 un large public francophone et couvre l\u2019information tunisienne en temps r\u00e9el.","email":"redac@webdo.tn","legalName":"YNJ SARL","foundingDate":"2010-09-06","numberOfEmployees":{"@type":"QuantitativeValue","minValue":"11","maxValue":"50"}},{"@type":"Person","@id":"https:\/\/www.webdo.tn\/fr\/#\/schema\/person\/c652cd8fc2b1b44412b5ffb48c5a911d","name":"Mohamed Hedi Touati","image":{"@type":"ImageObject","inLanguage":"fr-FR","@id":"https:\/\/secure.gravatar.com\/avatar\/9cfd402c745b7a685f13eed0ea6e59d2144a3c2fc50a3db6fd5ed451f6cddf1a?s=96&d=mm&r=g","url":"https:\/\/secure.gravatar.com\/avatar\/9cfd402c745b7a685f13eed0ea6e59d2144a3c2fc50a3db6fd5ed451f6cddf1a?s=96&d=mm&r=g","contentUrl":"https:\/\/secure.gravatar.com\/avatar\/9cfd402c745b7a685f13eed0ea6e59d2144a3c2fc50a3db6fd5ed451f6cddf1a?s=96&d=mm&r=g","caption":"Mohamed Hedi Touati"},"url":"https:\/\/www.webdo.tn\/fr\/actualite\/author\/mohamed-hedi-touati\/"}]}},"_links":{"self":[{"href":"https:\/\/www.webdo.tn\/fr\/wp-json\/wp\/v2\/posts\/379416","targetHints":{"allow":["GET"]}}],"collection":[{"href":"https:\/\/www.webdo.tn\/fr\/wp-json\/wp\/v2\/posts"}],"about":[{"href":"https:\/\/www.webdo.tn\/fr\/wp-json\/wp\/v2\/types\/post"}],"author":[{"embeddable":true,"href":"https:\/\/www.webdo.tn\/fr\/wp-json\/wp\/v2\/users\/3191"}],"replies":[{"embeddable":true,"href":"https:\/\/www.webdo.tn\/fr\/wp-json\/wp\/v2\/comments?post=379416"}],"version-history":[{"count":0,"href":"https:\/\/www.webdo.tn\/fr\/wp-json\/wp\/v2\/posts\/379416\/revisions"}],"wp:featuredmedia":[{"embeddable":true,"href":"https:\/\/www.webdo.tn\/fr\/wp-json\/wp\/v2\/media\/379417"}],"wp:attachment":[{"href":"https:\/\/www.webdo.tn\/fr\/wp-json\/wp\/v2\/media?parent=379416"}],"wp:term":[{"taxonomy":"category","embeddable":true,"href":"https:\/\/www.webdo.tn\/fr\/wp-json\/wp\/v2\/categories?post=379416"},{"taxonomy":"post_tag","embeddable":true,"href":"https:\/\/www.webdo.tn\/fr\/wp-json\/wp\/v2\/tags?post=379416"}],"curies":[{"name":"wp","href":"https:\/\/api.w.org\/{rel}","templated":true}]}}