{"id":379397,"date":"2025-07-10T10:43:38","date_gmt":"2025-07-10T09:43:38","guid":{"rendered":"https:\/\/www.webdo.tn\/fr\/?p=379397"},"modified":"2025-07-11T08:15:36","modified_gmt":"2025-07-11T07:15:36","slug":"tunis-piscine-du-belvedere-les-tarifs-pour-les-mariages-revus-a-la-baisse-jusqua-50","status":"publish","type":"post","link":"https:\/\/www.webdo.tn\/fr\/actualite\/national\/tunis-piscine-du-belvedere-les-tarifs-pour-les-mariages-revus-a-la-baisse-jusqua-50\/379397\/","title":{"rendered":"Tunis &#8211; Piscine du Belv\u00e9d\u00e8re : Les tarifs pour les mariages revus \u00e0 la baisse, jusqu\u2019\u00e0 -50%"},"content":{"rendered":"\n<p><strong>Face aux critiques sur les prix pratiqu\u00e9s et pour rendre l\u2019espace plus accessible, la municipalit\u00e9 de Tunis a d\u00e9cid\u00e9 d\u2019all\u00e9ger les tarifs de location de la piscine du Belv\u00e9d\u00e8re pour les c\u00e9r\u00e9monies de mariage.<\/strong><\/p>\n\n\n\n<p>Les futurs mari\u00e9s \u00e0 la recherche d\u2019un lieu original \u00e0 Tunis peuvent d\u00e9sormais compter sur une option plus abordable. La municipalit\u00e9 de Tunis a annonc\u00e9 une r\u00e9vision significative \u00e0 la baisse des tarifs de location de la piscine municipale du Belv\u00e9d\u00e8re, r\u00e9guli\u00e8rement utilis\u00e9e comme cadre pour des c\u00e9l\u00e9brations de mariages.<\/p>\n\n\n\n<p>La responsable de la gestion de la piscine, Najeh Farrej, a confirm\u00e9, ce jeudi 10 juillet sur Mosa\u00efque Fm, que les nouveaux tarifs entreront en vigueur imm\u00e9diatement. Le prix horaire passe de 2500 dinars \u00e0 1200 dinars pour la p\u00e9riode de mai \u00e0 octobre, et de 1500 dinars \u00e0 800 dinars pour le reste de l\u2019ann\u00e9e, soit pr\u00e8s de 50% de r\u00e9duction dans les deux cas.<\/p>\n\n\n\n<p><strong>Une r\u00e9ponse aux critiques<\/strong><\/p>\n\n\n\n<p>Cette d\u00e9cision fait suite \u00e0 la pol\u00e9mique d\u00e9clench\u00e9e d\u00e9but juin, lorsque Khaled Ben Yedder, directeur des affaires sociales \u00e0 la municipalit\u00e9 de Tunis, avait compar\u00e9, de mani\u00e8re erron\u00e9e, les tarifs du Belv\u00e9d\u00e8re \u00e0 ceux de Kobbet Ennahas, un espace priv\u00e9. Il avait alors \u00e9voqu\u00e9 un tarif de 4000 dinars pour une heure \u00e0 Kobbet Ennahas, avant de corriger : 1400 dinars pour 1h30, tout en pr\u00e9cisant que les deux sites ne sont pas comparables, l\u2019un \u00e9tant public et l\u2019autre priv\u00e9.<\/p>\n\n\n\n<p>Cette sortie avait suscit\u00e9 des appels \u00e0 une r\u00e9vision des prix publics, jug\u00e9s excessifs pour un lieu municipal. C\u2019est d\u00e9sormais chose faite.<\/p>\n\n\n\n<p><strong>Piscine, horaires et activit\u00e9s<\/strong><\/p>\n\n\n\n<p>En parall\u00e8le, les horaires d\u2019ouverture de la piscine ont \u00e9t\u00e9 adapt\u00e9s : elle sera d\u00e9sormais ouverte de 6h \u00e0 18h, avec un d\u00e9calage d\u2019une heure entre chaque s\u00e9ance, chacune d\u2019une dur\u00e9e de deux heures. Le tarif d\u2019entr\u00e9e reste inchang\u00e9 \u00e0 4 dinars par s\u00e9ance.<\/p>\n\n\n\n<p>Pour rappel, l\u2019infrastructure peut accueillir jusqu\u2019\u00e0 75 nageurs, r\u00e9partis sur 5 couloirs, et tout enfant de moins de 16 ans doit \u00eatre accompagn\u00e9. Outre la natation, le site propose \u00e9galement des espaces am\u00e9nag\u00e9s pour des activit\u00e9s culturelles, sportives et festives, ainsi qu\u2019un court de tennis accessible au public.<\/p>\n\n\n\n<p><strong>LIRE AUSSI :<\/strong><\/p>\n\n\n\n<ul class=\"wp-block-list\">\n<li><strong><a href=\"https:\/\/www.webdo.tn\/fr\/actualite\/national\/tunis-voici-les-tarifs-pour-feter-votre-mariage-a-la-piscine-du-belvedere\/222365\/\">Tunis : Voici les tarifs pour f\u00eater votre mariage \u00e0 la piscine du Belv\u00e9d\u00e8re<\/a><\/strong><\/li>\n\n\n\n<li><strong><a href=\"https:\/\/www.webdo.tn\/fr\/actualite\/national\/tunis-revision-a-venir-des-tarifs-pour-les-mariages-au-belvedere\/222404\/\">Tunis : R\u00e9vision \u00e0 venir des tarifs pour les mariages au Belv\u00e9d\u00e8re<\/a><\/strong><\/li>\n<\/ul>\n","protected":false},"excerpt":{"rendered":"<p>Face aux critiques sur les prix pratiqu\u00e9s et pour rendre l\u2019espace plus accessible, la municipalit\u00e9 de Tunis a d\u00e9cid\u00e9 d\u2019all\u00e9ger les tarifs de location de la piscine du Belv\u00e9d\u00e8re pour les c\u00e9r\u00e9monies de mariage. Les futurs mari\u00e9s \u00e0 la recherche d\u2019un lieu original \u00e0 Tunis peuvent d\u00e9sormais compter sur une option plus abordable. La municipalit\u00e9 [&hellip;]<\/p>\n","protected":false},"author":3191,"featured_media":379398,"comment_status":"open","ping_status":"open","sticky":false,"template":"","format":"standard","meta":{"footnotes":""},"categories":[44],"tags":[10495,2865,4464,2640,2608],"class_list":["post-379397","post","type-post","status-publish","format-standard","has-post-thumbnail","hentry","category-national","tag-piscine-du-belvedere","tag-mariage","tag-tarifs","tag-tunis","tag-tunisie"],"yoast_head":"<!-- This site is optimized with the Yoast SEO Premium plugin v27.4 (Yoast SEO v27.5) - https:\/\/yoast.com\/product\/yoast-seo-premium-wordpress\/ -->\n<title>Tunis - Piscine du Belv\u00e9d\u00e8re : Les tarifs pour les mariages revus \u00e0 la baisse, jusqu\u2019\u00e0 -50% - webdo<\/title>\n<meta name=\"description\" content=\"D\u00e9couvrez les nouveaux tarifs r\u00e9duits pour la location de la Piscine du Belv\u00e9d\u00e8re pour vos c\u00e9r\u00e9monies de mariage \u00e0 Tunis.\" \/>\n<link rel=\"canonical\" href=\"https:\/\/www.webdo.tn\/fr\/actualite\/national\/tunis-piscine-du-belvedere-les-tarifs-pour-les-mariages-revus-a-la-baisse-jusqua-50\/379397\/\" \/>\n<meta property=\"og:locale\" content=\"fr_FR\" \/>\n<meta property=\"og:type\" content=\"article\" \/>\n<meta property=\"og:title\" content=\"Tunis - Piscine du Belv\u00e9d\u00e8re : Les tarifs pour les mariages revus \u00e0 la baisse, jusqu\u2019\u00e0 -50%\" \/>\n<meta property=\"og:description\" content=\"D\u00e9couvrez les nouveaux tarifs r\u00e9duits pour la location de la Piscine du Belv\u00e9d\u00e8re pour vos c\u00e9r\u00e9monies de mariage \u00e0 Tunis.\" \/>\n<meta property=\"og:url\" content=\"https:\/\/www.webdo.tn\/fr\/actualite\/national\/tunis-piscine-du-belvedere-les-tarifs-pour-les-mariages-revus-a-la-baisse-jusqua-50\/379397\/\" \/>\n<meta property=\"og:site_name\" content=\"webdo\" \/>\n<meta property=\"article:publisher\" content=\"https:\/\/www.facebook.com\/webdotn\" \/>\n<meta property=\"article:published_time\" content=\"2025-07-10T09:43:38+00:00\" \/>\n<meta property=\"article:modified_time\" content=\"2025-07-11T07:15:36+00:00\" \/>\n<meta property=\"og:image\" content=\"https:\/\/www.webdo.tn\/fr\/wp-content\/uploads\/2025\/07\/Belvedere.jpg\" \/>\n\t<meta property=\"og:image:width\" content=\"750\" \/>\n\t<meta property=\"og:image:height\" content=\"400\" \/>\n\t<meta property=\"og:image:type\" content=\"image\/jpeg\" \/>\n<meta name=\"author\" content=\"Mohamed Hedi Touati\" \/>\n<meta name=\"twitter:card\" content=\"summary_large_image\" \/>\n<meta name=\"twitter:creator\" content=\"@webdo_tn\" \/>\n<meta name=\"twitter:site\" content=\"@webdo_tn\" \/>\n<meta name=\"twitter:label1\" content=\"\u00c9crit par\" \/>\n\t<meta name=\"twitter:data1\" content=\"Mohamed Hedi Touati\" \/>\n\t<meta name=\"twitter:label2\" content=\"Dur\u00e9e de lecture estim\u00e9e\" \/>\n\t<meta name=\"twitter:data2\" content=\"3 minutes\" \/>\n<script type=\"application\/ld+json\" class=\"yoast-schema-graph\">{\"@context\":\"https:\\\/\\\/schema.org\",\"@graph\":[{\"@type\":\"NewsArticle\",\"@id\":\"https:\\\/\\\/www.webdo.tn\\\/fr\\\/actualite\\\/national\\\/tunis-piscine-du-belvedere-les-tarifs-pour-les-mariages-revus-a-la-baisse-jusqua-50\\\/379397\\\/#article\",\"isPartOf\":{\"@id\":\"https:\\\/\\\/www.webdo.tn\\\/fr\\\/actualite\\\/national\\\/tunis-piscine-du-belvedere-les-tarifs-pour-les-mariages-revus-a-la-baisse-jusqua-50\\\/379397\\\/\"},\"author\":{\"name\":\"Mohamed Hedi Touati\",\"@id\":\"https:\\\/\\\/www.webdo.tn\\\/fr\\\/#\\\/schema\\\/person\\\/c652cd8fc2b1b44412b5ffb48c5a911d\"},\"headline\":\"Tunis &#8211; Piscine du Belv\u00e9d\u00e8re : Les tarifs pour les mariages revus \u00e0 la baisse, jusqu\u2019\u00e0 -50%\",\"datePublished\":\"2025-07-10T09:43:38+00:00\",\"dateModified\":\"2025-07-11T07:15:36+00:00\",\"mainEntityOfPage\":{\"@id\":\"https:\\\/\\\/www.webdo.tn\\\/fr\\\/actualite\\\/national\\\/tunis-piscine-du-belvedere-les-tarifs-pour-les-mariages-revus-a-la-baisse-jusqua-50\\\/379397\\\/\"},\"wordCount\":435,\"commentCount\":0,\"publisher\":{\"@id\":\"https:\\\/\\\/www.webdo.tn\\\/fr\\\/#organization\"},\"image\":{\"@id\":\"https:\\\/\\\/www.webdo.tn\\\/fr\\\/actualite\\\/national\\\/tunis-piscine-du-belvedere-les-tarifs-pour-les-mariages-revus-a-la-baisse-jusqua-50\\\/379397\\\/#primaryimage\"},\"thumbnailUrl\":\"https:\\\/\\\/www.webdo.tn\\\/fr\\\/wp-content\\\/uploads\\\/2025\\\/07\\\/Belvedere.jpg\",\"keywords\":[\"'piscine du belv\u00e9d\u00e8re'\",\"Mariage\",\"tarifs\",\"Tunis\",\"Tunisie\"],\"articleSection\":[\"National\"],\"inLanguage\":\"fr-FR\"},{\"@type\":\"WebPage\",\"@id\":\"https:\\\/\\\/www.webdo.tn\\\/fr\\\/actualite\\\/national\\\/tunis-piscine-du-belvedere-les-tarifs-pour-les-mariages-revus-a-la-baisse-jusqua-50\\\/379397\\\/\",\"url\":\"https:\\\/\\\/www.webdo.tn\\\/fr\\\/actualite\\\/national\\\/tunis-piscine-du-belvedere-les-tarifs-pour-les-mariages-revus-a-la-baisse-jusqua-50\\\/379397\\\/\",\"name\":\"Tunis - Piscine du Belv\u00e9d\u00e8re : Les tarifs pour les mariages revus \u00e0 la baisse, jusqu\u2019\u00e0 -50% - webdo\",\"isPartOf\":{\"@id\":\"https:\\\/\\\/www.webdo.tn\\\/fr\\\/#website\"},\"primaryImageOfPage\":{\"@id\":\"https:\\\/\\\/www.webdo.tn\\\/fr\\\/actualite\\\/national\\\/tunis-piscine-du-belvedere-les-tarifs-pour-les-mariages-revus-a-la-baisse-jusqua-50\\\/379397\\\/#primaryimage\"},\"image\":{\"@id\":\"https:\\\/\\\/www.webdo.tn\\\/fr\\\/actualite\\\/national\\\/tunis-piscine-du-belvedere-les-tarifs-pour-les-mariages-revus-a-la-baisse-jusqua-50\\\/379397\\\/#primaryimage\"},\"thumbnailUrl\":\"https:\\\/\\\/www.webdo.tn\\\/fr\\\/wp-content\\\/uploads\\\/2025\\\/07\\\/Belvedere.jpg\",\"datePublished\":\"2025-07-10T09:43:38+00:00\",\"dateModified\":\"2025-07-11T07:15:36+00:00\",\"description\":\"D\u00e9couvrez les nouveaux tarifs r\u00e9duits pour la location de la Piscine du Belv\u00e9d\u00e8re pour vos c\u00e9r\u00e9monies de mariage \u00e0 Tunis.\",\"breadcrumb\":{\"@id\":\"https:\\\/\\\/www.webdo.tn\\\/fr\\\/actualite\\\/national\\\/tunis-piscine-du-belvedere-les-tarifs-pour-les-mariages-revus-a-la-baisse-jusqua-50\\\/379397\\\/#breadcrumb\"},\"inLanguage\":\"fr-FR\",\"potentialAction\":[{\"@type\":\"ReadAction\",\"target\":[\"https:\\\/\\\/www.webdo.tn\\\/fr\\\/actualite\\\/national\\\/tunis-piscine-du-belvedere-les-tarifs-pour-les-mariages-revus-a-la-baisse-jusqua-50\\\/379397\\\/\"]}]},{\"@type\":\"ImageObject\",\"inLanguage\":\"fr-FR\",\"@id\":\"https:\\\/\\\/www.webdo.tn\\\/fr\\\/actualite\\\/national\\\/tunis-piscine-du-belvedere-les-tarifs-pour-les-mariages-revus-a-la-baisse-jusqua-50\\\/379397\\\/#primaryimage\",\"url\":\"https:\\\/\\\/www.webdo.tn\\\/fr\\\/wp-content\\\/uploads\\\/2025\\\/07\\\/Belvedere.jpg\",\"contentUrl\":\"https:\\\/\\\/www.webdo.tn\\\/fr\\\/wp-content\\\/uploads\\\/2025\\\/07\\\/Belvedere.jpg\",\"width\":750,\"height\":400,\"caption\":\"Tunis - Piscine du Belv\u00e9d\u00e8re : Les tarifs pour les mariages revus \u00e0 la baisse, jusqu\u2019\u00e0 -50%\"},{\"@type\":\"BreadcrumbList\",\"@id\":\"https:\\\/\\\/www.webdo.tn\\\/fr\\\/actualite\\\/national\\\/tunis-piscine-du-belvedere-les-tarifs-pour-les-mariages-revus-a-la-baisse-jusqua-50\\\/379397\\\/#breadcrumb\",\"itemListElement\":[{\"@type\":\"ListItem\",\"position\":1,\"name\":\"Accueil\",\"item\":\"https:\\\/\\\/www.webdo.tn\\\/fr\\\/\"},{\"@type\":\"ListItem\",\"position\":2,\"name\":\"Tunis &#8211; Piscine du Belv\u00e9d\u00e8re : Les tarifs pour les mariages revus \u00e0 la baisse, jusqu\u2019\u00e0 -50%\"}]},{\"@type\":\"WebSite\",\"@id\":\"https:\\\/\\\/www.webdo.tn\\\/fr\\\/#website\",\"url\":\"https:\\\/\\\/www.webdo.tn\\\/fr\\\/\",\"name\":\"webdo\",\"description\":\"Tunisie - News en Tunisie et \u00e0 l&#039;international sur Webdo.tn\",\"publisher\":{\"@id\":\"https:\\\/\\\/www.webdo.tn\\\/fr\\\/#organization\"},\"potentialAction\":[{\"@type\":\"SearchAction\",\"target\":{\"@type\":\"EntryPoint\",\"urlTemplate\":\"https:\\\/\\\/www.webdo.tn\\\/fr\\\/?s={search_term_string}\"},\"query-input\":{\"@type\":\"PropertyValueSpecification\",\"valueRequired\":true,\"valueName\":\"search_term_string\"}}],\"inLanguage\":\"fr-FR\"},{\"@type\":\"Organization\",\"@id\":\"https:\\\/\\\/www.webdo.tn\\\/fr\\\/#organization\",\"name\":\"Webdo\",\"alternateName\":\"Webdo.tn\",\"url\":\"https:\\\/\\\/www.webdo.tn\\\/fr\\\/\",\"logo\":{\"@type\":\"ImageObject\",\"inLanguage\":\"fr-FR\",\"@id\":\"https:\\\/\\\/www.webdo.tn\\\/fr\\\/#\\\/schema\\\/logo\\\/image\\\/\",\"url\":\"https:\\\/\\\/www.webdo.tn\\\/fr\\\/wp-content\\\/uploads\\\/2025\\\/06\\\/Webdo-Tunisie_168377.jpg\",\"contentUrl\":\"https:\\\/\\\/www.webdo.tn\\\/fr\\\/wp-content\\\/uploads\\\/2025\\\/06\\\/Webdo-Tunisie_168377.jpg\",\"width\":301,\"height\":301,\"caption\":\"Webdo\"},\"image\":{\"@id\":\"https:\\\/\\\/www.webdo.tn\\\/fr\\\/#\\\/schema\\\/logo\\\/image\\\/\"},\"sameAs\":[\"https:\\\/\\\/www.facebook.com\\\/webdotn\",\"https:\\\/\\\/x.com\\\/webdo_tn\"],\"description\":\"Webdo est un m\u00e9dia num\u00e9rique tunisien fond\u00e9 en 2010, sp\u00e9cialis\u00e9 dans l\u2019actualit\u00e9 nationale et internationale, l\u2019\u00e9conomie, la soci\u00e9t\u00e9 et les analyses politiques. Le site s\u2019adresse \u00e0 un large public francophone et couvre l\u2019information tunisienne en temps r\u00e9el.\",\"email\":\"redac@webdo.tn\",\"legalName\":\"YNJ SARL\",\"foundingDate\":\"2010-09-06\",\"numberOfEmployees\":{\"@type\":\"QuantitativeValue\",\"minValue\":\"11\",\"maxValue\":\"50\"}},{\"@type\":\"Person\",\"@id\":\"https:\\\/\\\/www.webdo.tn\\\/fr\\\/#\\\/schema\\\/person\\\/c652cd8fc2b1b44412b5ffb48c5a911d\",\"name\":\"Mohamed Hedi Touati\",\"image\":{\"@type\":\"ImageObject\",\"inLanguage\":\"fr-FR\",\"@id\":\"https:\\\/\\\/secure.gravatar.com\\\/avatar\\\/9cfd402c745b7a685f13eed0ea6e59d2144a3c2fc50a3db6fd5ed451f6cddf1a?s=96&d=mm&r=g\",\"url\":\"https:\\\/\\\/secure.gravatar.com\\\/avatar\\\/9cfd402c745b7a685f13eed0ea6e59d2144a3c2fc50a3db6fd5ed451f6cddf1a?s=96&d=mm&r=g\",\"contentUrl\":\"https:\\\/\\\/secure.gravatar.com\\\/avatar\\\/9cfd402c745b7a685f13eed0ea6e59d2144a3c2fc50a3db6fd5ed451f6cddf1a?s=96&d=mm&r=g\",\"caption\":\"Mohamed Hedi Touati\"},\"url\":\"https:\\\/\\\/www.webdo.tn\\\/fr\\\/actualite\\\/author\\\/mohamed-hedi-touati\\\/\"}]}<\/script>\n<!-- \/ Yoast SEO Premium plugin. -->","yoast_head_json":{"title":"Tunis - Piscine du Belv\u00e9d\u00e8re : Les tarifs pour les mariages revus \u00e0 la baisse, jusqu\u2019\u00e0 -50% - webdo","description":"D\u00e9couvrez les nouveaux tarifs r\u00e9duits pour la location de la Piscine du Belv\u00e9d\u00e8re pour vos c\u00e9r\u00e9monies de mariage \u00e0 Tunis.","canonical":"https:\/\/www.webdo.tn\/fr\/actualite\/national\/tunis-piscine-du-belvedere-les-tarifs-pour-les-mariages-revus-a-la-baisse-jusqua-50\/379397\/","og_locale":"fr_FR","og_type":"article","og_title":"Tunis - Piscine du Belv\u00e9d\u00e8re : Les tarifs pour les mariages revus \u00e0 la baisse, jusqu\u2019\u00e0 -50%","og_description":"D\u00e9couvrez les nouveaux tarifs r\u00e9duits pour la location de la Piscine du Belv\u00e9d\u00e8re pour vos c\u00e9r\u00e9monies de mariage \u00e0 Tunis.","og_url":"https:\/\/www.webdo.tn\/fr\/actualite\/national\/tunis-piscine-du-belvedere-les-tarifs-pour-les-mariages-revus-a-la-baisse-jusqua-50\/379397\/","og_site_name":"webdo","article_publisher":"https:\/\/www.facebook.com\/webdotn","article_published_time":"2025-07-10T09:43:38+00:00","article_modified_time":"2025-07-11T07:15:36+00:00","og_image":[{"width":750,"height":400,"url":"https:\/\/www.webdo.tn\/fr\/wp-content\/uploads\/2025\/07\/Belvedere.jpg","type":"image\/jpeg"}],"author":"Mohamed Hedi Touati","twitter_card":"summary_large_image","twitter_creator":"@webdo_tn","twitter_site":"@webdo_tn","twitter_misc":{"\u00c9crit par":"Mohamed Hedi Touati","Dur\u00e9e de lecture estim\u00e9e":"3 minutes"},"schema":{"@context":"https:\/\/schema.org","@graph":[{"@type":"NewsArticle","@id":"https:\/\/www.webdo.tn\/fr\/actualite\/national\/tunis-piscine-du-belvedere-les-tarifs-pour-les-mariages-revus-a-la-baisse-jusqua-50\/379397\/#article","isPartOf":{"@id":"https:\/\/www.webdo.tn\/fr\/actualite\/national\/tunis-piscine-du-belvedere-les-tarifs-pour-les-mariages-revus-a-la-baisse-jusqua-50\/379397\/"},"author":{"name":"Mohamed Hedi Touati","@id":"https:\/\/www.webdo.tn\/fr\/#\/schema\/person\/c652cd8fc2b1b44412b5ffb48c5a911d"},"headline":"Tunis &#8211; Piscine du Belv\u00e9d\u00e8re : Les tarifs pour les mariages revus \u00e0 la baisse, jusqu\u2019\u00e0 -50%","datePublished":"2025-07-10T09:43:38+00:00","dateModified":"2025-07-11T07:15:36+00:00","mainEntityOfPage":{"@id":"https:\/\/www.webdo.tn\/fr\/actualite\/national\/tunis-piscine-du-belvedere-les-tarifs-pour-les-mariages-revus-a-la-baisse-jusqua-50\/379397\/"},"wordCount":435,"commentCount":0,"publisher":{"@id":"https:\/\/www.webdo.tn\/fr\/#organization"},"image":{"@id":"https:\/\/www.webdo.tn\/fr\/actualite\/national\/tunis-piscine-du-belvedere-les-tarifs-pour-les-mariages-revus-a-la-baisse-jusqua-50\/379397\/#primaryimage"},"thumbnailUrl":"https:\/\/www.webdo.tn\/fr\/wp-content\/uploads\/2025\/07\/Belvedere.jpg","keywords":["'piscine du belv\u00e9d\u00e8re'","Mariage","tarifs","Tunis","Tunisie"],"articleSection":["National"],"inLanguage":"fr-FR"},{"@type":"WebPage","@id":"https:\/\/www.webdo.tn\/fr\/actualite\/national\/tunis-piscine-du-belvedere-les-tarifs-pour-les-mariages-revus-a-la-baisse-jusqua-50\/379397\/","url":"https:\/\/www.webdo.tn\/fr\/actualite\/national\/tunis-piscine-du-belvedere-les-tarifs-pour-les-mariages-revus-a-la-baisse-jusqua-50\/379397\/","name":"Tunis - Piscine du Belv\u00e9d\u00e8re : Les tarifs pour les mariages revus \u00e0 la baisse, jusqu\u2019\u00e0 -50% - webdo","isPartOf":{"@id":"https:\/\/www.webdo.tn\/fr\/#website"},"primaryImageOfPage":{"@id":"https:\/\/www.webdo.tn\/fr\/actualite\/national\/tunis-piscine-du-belvedere-les-tarifs-pour-les-mariages-revus-a-la-baisse-jusqua-50\/379397\/#primaryimage"},"image":{"@id":"https:\/\/www.webdo.tn\/fr\/actualite\/national\/tunis-piscine-du-belvedere-les-tarifs-pour-les-mariages-revus-a-la-baisse-jusqua-50\/379397\/#primaryimage"},"thumbnailUrl":"https:\/\/www.webdo.tn\/fr\/wp-content\/uploads\/2025\/07\/Belvedere.jpg","datePublished":"2025-07-10T09:43:38+00:00","dateModified":"2025-07-11T07:15:36+00:00","description":"D\u00e9couvrez les nouveaux tarifs r\u00e9duits pour la location de la Piscine du Belv\u00e9d\u00e8re pour vos c\u00e9r\u00e9monies de mariage \u00e0 Tunis.","breadcrumb":{"@id":"https:\/\/www.webdo.tn\/fr\/actualite\/national\/tunis-piscine-du-belvedere-les-tarifs-pour-les-mariages-revus-a-la-baisse-jusqua-50\/379397\/#breadcrumb"},"inLanguage":"fr-FR","potentialAction":[{"@type":"ReadAction","target":["https:\/\/www.webdo.tn\/fr\/actualite\/national\/tunis-piscine-du-belvedere-les-tarifs-pour-les-mariages-revus-a-la-baisse-jusqua-50\/379397\/"]}]},{"@type":"ImageObject","inLanguage":"fr-FR","@id":"https:\/\/www.webdo.tn\/fr\/actualite\/national\/tunis-piscine-du-belvedere-les-tarifs-pour-les-mariages-revus-a-la-baisse-jusqua-50\/379397\/#primaryimage","url":"https:\/\/www.webdo.tn\/fr\/wp-content\/uploads\/2025\/07\/Belvedere.jpg","contentUrl":"https:\/\/www.webdo.tn\/fr\/wp-content\/uploads\/2025\/07\/Belvedere.jpg","width":750,"height":400,"caption":"Tunis - Piscine du Belv\u00e9d\u00e8re : Les tarifs pour les mariages revus \u00e0 la baisse, jusqu\u2019\u00e0 -50%"},{"@type":"BreadcrumbList","@id":"https:\/\/www.webdo.tn\/fr\/actualite\/national\/tunis-piscine-du-belvedere-les-tarifs-pour-les-mariages-revus-a-la-baisse-jusqua-50\/379397\/#breadcrumb","itemListElement":[{"@type":"ListItem","position":1,"name":"Accueil","item":"https:\/\/www.webdo.tn\/fr\/"},{"@type":"ListItem","position":2,"name":"Tunis &#8211; Piscine du Belv\u00e9d\u00e8re : Les tarifs pour les mariages revus \u00e0 la baisse, jusqu\u2019\u00e0 -50%"}]},{"@type":"WebSite","@id":"https:\/\/www.webdo.tn\/fr\/#website","url":"https:\/\/www.webdo.tn\/fr\/","name":"webdo","description":"Tunisie - News en Tunisie et \u00e0 l&#039;international sur Webdo.tn","publisher":{"@id":"https:\/\/www.webdo.tn\/fr\/#organization"},"potentialAction":[{"@type":"SearchAction","target":{"@type":"EntryPoint","urlTemplate":"https:\/\/www.webdo.tn\/fr\/?s={search_term_string}"},"query-input":{"@type":"PropertyValueSpecification","valueRequired":true,"valueName":"search_term_string"}}],"inLanguage":"fr-FR"},{"@type":"Organization","@id":"https:\/\/www.webdo.tn\/fr\/#organization","name":"Webdo","alternateName":"Webdo.tn","url":"https:\/\/www.webdo.tn\/fr\/","logo":{"@type":"ImageObject","inLanguage":"fr-FR","@id":"https:\/\/www.webdo.tn\/fr\/#\/schema\/logo\/image\/","url":"https:\/\/www.webdo.tn\/fr\/wp-content\/uploads\/2025\/06\/Webdo-Tunisie_168377.jpg","contentUrl":"https:\/\/www.webdo.tn\/fr\/wp-content\/uploads\/2025\/06\/Webdo-Tunisie_168377.jpg","width":301,"height":301,"caption":"Webdo"},"image":{"@id":"https:\/\/www.webdo.tn\/fr\/#\/schema\/logo\/image\/"},"sameAs":["https:\/\/www.facebook.com\/webdotn","https:\/\/x.com\/webdo_tn"],"description":"Webdo est un m\u00e9dia num\u00e9rique tunisien fond\u00e9 en 2010, sp\u00e9cialis\u00e9 dans l\u2019actualit\u00e9 nationale et internationale, l\u2019\u00e9conomie, la soci\u00e9t\u00e9 et les analyses politiques. Le site s\u2019adresse \u00e0 un large public francophone et couvre l\u2019information tunisienne en temps r\u00e9el.","email":"redac@webdo.tn","legalName":"YNJ SARL","foundingDate":"2010-09-06","numberOfEmployees":{"@type":"QuantitativeValue","minValue":"11","maxValue":"50"}},{"@type":"Person","@id":"https:\/\/www.webdo.tn\/fr\/#\/schema\/person\/c652cd8fc2b1b44412b5ffb48c5a911d","name":"Mohamed Hedi Touati","image":{"@type":"ImageObject","inLanguage":"fr-FR","@id":"https:\/\/secure.gravatar.com\/avatar\/9cfd402c745b7a685f13eed0ea6e59d2144a3c2fc50a3db6fd5ed451f6cddf1a?s=96&d=mm&r=g","url":"https:\/\/secure.gravatar.com\/avatar\/9cfd402c745b7a685f13eed0ea6e59d2144a3c2fc50a3db6fd5ed451f6cddf1a?s=96&d=mm&r=g","contentUrl":"https:\/\/secure.gravatar.com\/avatar\/9cfd402c745b7a685f13eed0ea6e59d2144a3c2fc50a3db6fd5ed451f6cddf1a?s=96&d=mm&r=g","caption":"Mohamed Hedi Touati"},"url":"https:\/\/www.webdo.tn\/fr\/actualite\/author\/mohamed-hedi-touati\/"}]}},"_links":{"self":[{"href":"https:\/\/www.webdo.tn\/fr\/wp-json\/wp\/v2\/posts\/379397","targetHints":{"allow":["GET"]}}],"collection":[{"href":"https:\/\/www.webdo.tn\/fr\/wp-json\/wp\/v2\/posts"}],"about":[{"href":"https:\/\/www.webdo.tn\/fr\/wp-json\/wp\/v2\/types\/post"}],"author":[{"embeddable":true,"href":"https:\/\/www.webdo.tn\/fr\/wp-json\/wp\/v2\/users\/3191"}],"replies":[{"embeddable":true,"href":"https:\/\/www.webdo.tn\/fr\/wp-json\/wp\/v2\/comments?post=379397"}],"version-history":[{"count":0,"href":"https:\/\/www.webdo.tn\/fr\/wp-json\/wp\/v2\/posts\/379397\/revisions"}],"wp:featuredmedia":[{"embeddable":true,"href":"https:\/\/www.webdo.tn\/fr\/wp-json\/wp\/v2\/media\/379398"}],"wp:attachment":[{"href":"https:\/\/www.webdo.tn\/fr\/wp-json\/wp\/v2\/media?parent=379397"}],"wp:term":[{"taxonomy":"category","embeddable":true,"href":"https:\/\/www.webdo.tn\/fr\/wp-json\/wp\/v2\/categories?post=379397"},{"taxonomy":"post_tag","embeddable":true,"href":"https:\/\/www.webdo.tn\/fr\/wp-json\/wp\/v2\/tags?post=379397"}],"curies":[{"name":"wp","href":"https:\/\/api.w.org\/{rel}","templated":true}]}}