{"id":379390,"date":"2025-07-10T09:57:50","date_gmt":"2025-07-10T08:57:50","guid":{"rendered":"https:\/\/www.webdo.tn\/fr\/?p=379390"},"modified":"2025-07-10T09:57:51","modified_gmt":"2025-07-10T08:57:51","slug":"tunisie-meteo-des-orages-et-des-pluies-eparses-attendus-sur-certaines-regions","status":"publish","type":"post","link":"https:\/\/www.webdo.tn\/fr\/actualite\/national\/tunisie-meteo-des-orages-et-des-pluies-eparses-attendus-sur-certaines-regions\/379390\/","title":{"rendered":"Tunisie &#8211; M\u00e9t\u00e9o : Des orages et des pluies \u00e9parses attendus sur certaines r\u00e9gions"},"content":{"rendered":"\n<p>L&rsquo;Institut National de la M\u00e9t\u00e9orologie (INM) pr\u00e9voit un temps g\u00e9n\u00e9ralement peu nuageux ce jeudi, avec des d\u00e9veloppements orageux localis\u00e9s attendus dans l&rsquo;apr\u00e8s-midi sur le centre-ouest et le sud-ouest du pays.<\/p>\n\n\n\n<p>Le ciel sera globalement d\u00e9gag\u00e9 en matin\u00e9e sur l&rsquo;ensemble du territoire. Toutefois, des nuages plus denses sont attendus dans l\u2019apr\u00e8s-midi, principalement sur les r\u00e9gions du centre-ouest et du sud-ouest, o\u00f9 des cellules orageuses accompagn\u00e9es de pluies \u00e9parses pourraient se former, selon les pr\u00e9visions de l\u2019INM.<\/p>\n\n\n\n<p>Les temp\u00e9ratures maximales varieront entre 29 et 35\u00b0C sur le nord, les zones c\u00f4ti\u00e8res et les hauteurs, tandis qu\u2019elles atteindront 36 \u00e0 41\u00b0C dans le reste du pays, notamment \u00e0 l\u2019int\u00e9rieur, sous l&rsquo;effet de vents de sirocco.<\/p>\n","protected":false},"excerpt":{"rendered":"<p>L&rsquo;Institut National de la M\u00e9t\u00e9orologie (INM) pr\u00e9voit un temps g\u00e9n\u00e9ralement peu nuageux ce jeudi, avec des d\u00e9veloppements orageux localis\u00e9s attendus dans l&rsquo;apr\u00e8s-midi sur le centre-ouest et le sud-ouest du pays. Le ciel sera globalement d\u00e9gag\u00e9 en matin\u00e9e sur l&rsquo;ensemble du territoire. Toutefois, des nuages plus denses sont attendus dans l\u2019apr\u00e8s-midi, principalement sur les r\u00e9gions du [&hellip;]<\/p>\n","protected":false},"author":3191,"featured_media":379391,"comment_status":"open","ping_status":"open","sticky":false,"template":"","format":"standard","meta":{"footnotes":""},"categories":[44],"tags":[2670,2795,4375,2608],"class_list":["post-379390","post","type-post","status-publish","format-standard","has-post-thumbnail","hentry","category-national","tag-meteo","tag-orages","tag-pluie-eparse","tag-tunisie"],"yoast_head":"<!-- This site is optimized with the Yoast SEO Premium plugin v27.5 (Yoast SEO v27.5) - https:\/\/yoast.com\/product\/yoast-seo-premium-wordpress\/ -->\n<title>Tunisie - M\u00e9t\u00e9o : Des orages et des pluies \u00e9parses attendus sur certaines r\u00e9gions - webdo<\/title>\n<meta name=\"description\" content=\"L&#039;Institut National de la M\u00e9t\u00e9orologie pr\u00e9voit des orages et des pluies \u00e9parses sur le pays cet apr\u00e8s-midi. Restez inform\u00e9s.\" \/>\n<link rel=\"canonical\" href=\"https:\/\/www.webdo.tn\/fr\/actualite\/national\/tunisie-meteo-des-orages-et-des-pluies-eparses-attendus-sur-certaines-regions\/379390\/\" \/>\n<meta property=\"og:locale\" content=\"fr_FR\" \/>\n<meta property=\"og:type\" content=\"article\" \/>\n<meta property=\"og:title\" content=\"Tunisie - M\u00e9t\u00e9o : Des orages et des pluies \u00e9parses attendus sur certaines r\u00e9gions\" \/>\n<meta property=\"og:description\" content=\"L&#039;Institut National de la M\u00e9t\u00e9orologie pr\u00e9voit des orages et des pluies \u00e9parses sur le pays cet apr\u00e8s-midi. Restez inform\u00e9s.\" \/>\n<meta property=\"og:url\" content=\"https:\/\/www.webdo.tn\/fr\/actualite\/national\/tunisie-meteo-des-orages-et-des-pluies-eparses-attendus-sur-certaines-regions\/379390\/\" \/>\n<meta property=\"og:site_name\" content=\"webdo\" \/>\n<meta property=\"article:publisher\" content=\"https:\/\/www.facebook.com\/webdotn\" \/>\n<meta property=\"article:published_time\" content=\"2025-07-10T08:57:50+00:00\" \/>\n<meta property=\"article:modified_time\" content=\"2025-07-10T08:57:51+00:00\" \/>\n<meta property=\"og:image\" content=\"https:\/\/www.webdo.tn\/fr\/wp-content\/uploads\/2025\/07\/Capture-decran-2024-08-15-100037.png\" \/>\n\t<meta property=\"og:image:width\" content=\"908\" \/>\n\t<meta property=\"og:image:height\" content=\"435\" \/>\n\t<meta property=\"og:image:type\" content=\"image\/png\" \/>\n<meta name=\"author\" content=\"Mohamed Hedi Touati\" \/>\n<meta name=\"twitter:card\" content=\"summary_large_image\" \/>\n<meta name=\"twitter:creator\" content=\"@webdo_tn\" \/>\n<meta name=\"twitter:site\" content=\"@webdo_tn\" \/>\n<meta name=\"twitter:label1\" content=\"\u00c9crit par\" \/>\n\t<meta name=\"twitter:data1\" content=\"Mohamed Hedi Touati\" \/>\n\t<meta name=\"twitter:label2\" content=\"Dur\u00e9e de lecture estim\u00e9e\" \/>\n\t<meta name=\"twitter:data2\" content=\"1 minute\" \/>\n<script type=\"application\/ld+json\" class=\"yoast-schema-graph\">{\"@context\":\"https:\\\/\\\/schema.org\",\"@graph\":[{\"@type\":\"NewsArticle\",\"@id\":\"https:\\\/\\\/www.webdo.tn\\\/fr\\\/actualite\\\/national\\\/tunisie-meteo-des-orages-et-des-pluies-eparses-attendus-sur-certaines-regions\\\/379390\\\/#article\",\"isPartOf\":{\"@id\":\"https:\\\/\\\/www.webdo.tn\\\/fr\\\/actualite\\\/national\\\/tunisie-meteo-des-orages-et-des-pluies-eparses-attendus-sur-certaines-regions\\\/379390\\\/\"},\"author\":{\"name\":\"Mohamed Hedi Touati\",\"@id\":\"https:\\\/\\\/www.webdo.tn\\\/fr\\\/#\\\/schema\\\/person\\\/c652cd8fc2b1b44412b5ffb48c5a911d\"},\"headline\":\"Tunisie &#8211; M\u00e9t\u00e9o : Des orages et des pluies \u00e9parses attendus sur certaines r\u00e9gions\",\"datePublished\":\"2025-07-10T08:57:50+00:00\",\"dateModified\":\"2025-07-10T08:57:51+00:00\",\"mainEntityOfPage\":{\"@id\":\"https:\\\/\\\/www.webdo.tn\\\/fr\\\/actualite\\\/national\\\/tunisie-meteo-des-orages-et-des-pluies-eparses-attendus-sur-certaines-regions\\\/379390\\\/\"},\"wordCount\":150,\"commentCount\":0,\"publisher\":{\"@id\":\"https:\\\/\\\/www.webdo.tn\\\/fr\\\/#organization\"},\"image\":{\"@id\":\"https:\\\/\\\/www.webdo.tn\\\/fr\\\/actualite\\\/national\\\/tunisie-meteo-des-orages-et-des-pluies-eparses-attendus-sur-certaines-regions\\\/379390\\\/#primaryimage\"},\"thumbnailUrl\":\"https:\\\/\\\/www.webdo.tn\\\/fr\\\/wp-content\\\/uploads\\\/2025\\\/07\\\/Capture-decran-2024-08-15-100037.png\",\"keywords\":[\"m\u00e9t\u00e9o\",\"Orages\",\"pluie \u00e9parse\",\"Tunisie\"],\"articleSection\":[\"National\"],\"inLanguage\":\"fr-FR\"},{\"@type\":\"WebPage\",\"@id\":\"https:\\\/\\\/www.webdo.tn\\\/fr\\\/actualite\\\/national\\\/tunisie-meteo-des-orages-et-des-pluies-eparses-attendus-sur-certaines-regions\\\/379390\\\/\",\"url\":\"https:\\\/\\\/www.webdo.tn\\\/fr\\\/actualite\\\/national\\\/tunisie-meteo-des-orages-et-des-pluies-eparses-attendus-sur-certaines-regions\\\/379390\\\/\",\"name\":\"Tunisie - M\u00e9t\u00e9o : Des orages et des pluies \u00e9parses attendus sur certaines r\u00e9gions - webdo\",\"isPartOf\":{\"@id\":\"https:\\\/\\\/www.webdo.tn\\\/fr\\\/#website\"},\"primaryImageOfPage\":{\"@id\":\"https:\\\/\\\/www.webdo.tn\\\/fr\\\/actualite\\\/national\\\/tunisie-meteo-des-orages-et-des-pluies-eparses-attendus-sur-certaines-regions\\\/379390\\\/#primaryimage\"},\"image\":{\"@id\":\"https:\\\/\\\/www.webdo.tn\\\/fr\\\/actualite\\\/national\\\/tunisie-meteo-des-orages-et-des-pluies-eparses-attendus-sur-certaines-regions\\\/379390\\\/#primaryimage\"},\"thumbnailUrl\":\"https:\\\/\\\/www.webdo.tn\\\/fr\\\/wp-content\\\/uploads\\\/2025\\\/07\\\/Capture-decran-2024-08-15-100037.png\",\"datePublished\":\"2025-07-10T08:57:50+00:00\",\"dateModified\":\"2025-07-10T08:57:51+00:00\",\"description\":\"L'Institut National de la M\u00e9t\u00e9orologie pr\u00e9voit des orages et des pluies \u00e9parses sur le pays cet apr\u00e8s-midi. Restez inform\u00e9s.\",\"breadcrumb\":{\"@id\":\"https:\\\/\\\/www.webdo.tn\\\/fr\\\/actualite\\\/national\\\/tunisie-meteo-des-orages-et-des-pluies-eparses-attendus-sur-certaines-regions\\\/379390\\\/#breadcrumb\"},\"inLanguage\":\"fr-FR\",\"potentialAction\":[{\"@type\":\"ReadAction\",\"target\":[\"https:\\\/\\\/www.webdo.tn\\\/fr\\\/actualite\\\/national\\\/tunisie-meteo-des-orages-et-des-pluies-eparses-attendus-sur-certaines-regions\\\/379390\\\/\"]}]},{\"@type\":\"ImageObject\",\"inLanguage\":\"fr-FR\",\"@id\":\"https:\\\/\\\/www.webdo.tn\\\/fr\\\/actualite\\\/national\\\/tunisie-meteo-des-orages-et-des-pluies-eparses-attendus-sur-certaines-regions\\\/379390\\\/#primaryimage\",\"url\":\"https:\\\/\\\/www.webdo.tn\\\/fr\\\/wp-content\\\/uploads\\\/2025\\\/07\\\/Capture-decran-2024-08-15-100037.png\",\"contentUrl\":\"https:\\\/\\\/www.webdo.tn\\\/fr\\\/wp-content\\\/uploads\\\/2025\\\/07\\\/Capture-decran-2024-08-15-100037.png\",\"width\":908,\"height\":435,\"caption\":\"Des orages et des pluies \u00e9parses attendus sur certaines r\u00e9gions\"},{\"@type\":\"BreadcrumbList\",\"@id\":\"https:\\\/\\\/www.webdo.tn\\\/fr\\\/actualite\\\/national\\\/tunisie-meteo-des-orages-et-des-pluies-eparses-attendus-sur-certaines-regions\\\/379390\\\/#breadcrumb\",\"itemListElement\":[{\"@type\":\"ListItem\",\"position\":1,\"name\":\"Accueil\",\"item\":\"https:\\\/\\\/www.webdo.tn\\\/fr\\\/\"},{\"@type\":\"ListItem\",\"position\":2,\"name\":\"Tunisie &#8211; M\u00e9t\u00e9o : Des orages et des pluies \u00e9parses attendus sur certaines r\u00e9gions\"}]},{\"@type\":\"WebSite\",\"@id\":\"https:\\\/\\\/www.webdo.tn\\\/fr\\\/#website\",\"url\":\"https:\\\/\\\/www.webdo.tn\\\/fr\\\/\",\"name\":\"webdo\",\"description\":\"Tunisie - News en Tunisie et \u00e0 l&#039;international sur Webdo.tn\",\"publisher\":{\"@id\":\"https:\\\/\\\/www.webdo.tn\\\/fr\\\/#organization\"},\"potentialAction\":[{\"@type\":\"SearchAction\",\"target\":{\"@type\":\"EntryPoint\",\"urlTemplate\":\"https:\\\/\\\/www.webdo.tn\\\/fr\\\/?s={search_term_string}\"},\"query-input\":{\"@type\":\"PropertyValueSpecification\",\"valueRequired\":true,\"valueName\":\"search_term_string\"}}],\"inLanguage\":\"fr-FR\"},{\"@type\":\"Organization\",\"@id\":\"https:\\\/\\\/www.webdo.tn\\\/fr\\\/#organization\",\"name\":\"Webdo\",\"alternateName\":\"Webdo.tn\",\"url\":\"https:\\\/\\\/www.webdo.tn\\\/fr\\\/\",\"logo\":{\"@type\":\"ImageObject\",\"inLanguage\":\"fr-FR\",\"@id\":\"https:\\\/\\\/www.webdo.tn\\\/fr\\\/#\\\/schema\\\/logo\\\/image\\\/\",\"url\":\"https:\\\/\\\/www.webdo.tn\\\/fr\\\/wp-content\\\/uploads\\\/2025\\\/06\\\/Webdo-Tunisie_168377.jpg\",\"contentUrl\":\"https:\\\/\\\/www.webdo.tn\\\/fr\\\/wp-content\\\/uploads\\\/2025\\\/06\\\/Webdo-Tunisie_168377.jpg\",\"width\":301,\"height\":301,\"caption\":\"Webdo\"},\"image\":{\"@id\":\"https:\\\/\\\/www.webdo.tn\\\/fr\\\/#\\\/schema\\\/logo\\\/image\\\/\"},\"sameAs\":[\"https:\\\/\\\/www.facebook.com\\\/webdotn\",\"https:\\\/\\\/x.com\\\/webdo_tn\"],\"description\":\"Webdo est un m\u00e9dia num\u00e9rique tunisien fond\u00e9 en 2010, sp\u00e9cialis\u00e9 dans l\u2019actualit\u00e9 nationale et internationale, l\u2019\u00e9conomie, la soci\u00e9t\u00e9 et les analyses politiques. Le site s\u2019adresse \u00e0 un large public francophone et couvre l\u2019information tunisienne en temps r\u00e9el.\",\"email\":\"redac@webdo.tn\",\"legalName\":\"YNJ SARL\",\"foundingDate\":\"2010-09-06\",\"numberOfEmployees\":{\"@type\":\"QuantitativeValue\",\"minValue\":\"11\",\"maxValue\":\"50\"}},{\"@type\":\"Person\",\"@id\":\"https:\\\/\\\/www.webdo.tn\\\/fr\\\/#\\\/schema\\\/person\\\/c652cd8fc2b1b44412b5ffb48c5a911d\",\"name\":\"Mohamed Hedi Touati\",\"image\":{\"@type\":\"ImageObject\",\"inLanguage\":\"fr-FR\",\"@id\":\"https:\\\/\\\/secure.gravatar.com\\\/avatar\\\/9cfd402c745b7a685f13eed0ea6e59d2144a3c2fc50a3db6fd5ed451f6cddf1a?s=96&d=mm&r=g\",\"url\":\"https:\\\/\\\/secure.gravatar.com\\\/avatar\\\/9cfd402c745b7a685f13eed0ea6e59d2144a3c2fc50a3db6fd5ed451f6cddf1a?s=96&d=mm&r=g\",\"contentUrl\":\"https:\\\/\\\/secure.gravatar.com\\\/avatar\\\/9cfd402c745b7a685f13eed0ea6e59d2144a3c2fc50a3db6fd5ed451f6cddf1a?s=96&d=mm&r=g\",\"caption\":\"Mohamed Hedi Touati\"},\"url\":\"https:\\\/\\\/www.webdo.tn\\\/fr\\\/actualite\\\/author\\\/mohamed-hedi-touati\\\/\"}]}<\/script>\n<!-- \/ Yoast SEO Premium plugin. -->","yoast_head_json":{"title":"Tunisie - M\u00e9t\u00e9o : Des orages et des pluies \u00e9parses attendus sur certaines r\u00e9gions - webdo","description":"L'Institut National de la M\u00e9t\u00e9orologie pr\u00e9voit des orages et des pluies \u00e9parses sur le pays cet apr\u00e8s-midi. Restez inform\u00e9s.","canonical":"https:\/\/www.webdo.tn\/fr\/actualite\/national\/tunisie-meteo-des-orages-et-des-pluies-eparses-attendus-sur-certaines-regions\/379390\/","og_locale":"fr_FR","og_type":"article","og_title":"Tunisie - M\u00e9t\u00e9o : Des orages et des pluies \u00e9parses attendus sur certaines r\u00e9gions","og_description":"L'Institut National de la M\u00e9t\u00e9orologie pr\u00e9voit des orages et des pluies \u00e9parses sur le pays cet apr\u00e8s-midi. Restez inform\u00e9s.","og_url":"https:\/\/www.webdo.tn\/fr\/actualite\/national\/tunisie-meteo-des-orages-et-des-pluies-eparses-attendus-sur-certaines-regions\/379390\/","og_site_name":"webdo","article_publisher":"https:\/\/www.facebook.com\/webdotn","article_published_time":"2025-07-10T08:57:50+00:00","article_modified_time":"2025-07-10T08:57:51+00:00","og_image":[{"width":908,"height":435,"url":"https:\/\/www.webdo.tn\/fr\/wp-content\/uploads\/2025\/07\/Capture-decran-2024-08-15-100037.png","type":"image\/png"}],"author":"Mohamed Hedi Touati","twitter_card":"summary_large_image","twitter_creator":"@webdo_tn","twitter_site":"@webdo_tn","twitter_misc":{"\u00c9crit par":"Mohamed Hedi Touati","Dur\u00e9e de lecture estim\u00e9e":"1 minute"},"schema":{"@context":"https:\/\/schema.org","@graph":[{"@type":"NewsArticle","@id":"https:\/\/www.webdo.tn\/fr\/actualite\/national\/tunisie-meteo-des-orages-et-des-pluies-eparses-attendus-sur-certaines-regions\/379390\/#article","isPartOf":{"@id":"https:\/\/www.webdo.tn\/fr\/actualite\/national\/tunisie-meteo-des-orages-et-des-pluies-eparses-attendus-sur-certaines-regions\/379390\/"},"author":{"name":"Mohamed Hedi Touati","@id":"https:\/\/www.webdo.tn\/fr\/#\/schema\/person\/c652cd8fc2b1b44412b5ffb48c5a911d"},"headline":"Tunisie &#8211; M\u00e9t\u00e9o : Des orages et des pluies \u00e9parses attendus sur certaines r\u00e9gions","datePublished":"2025-07-10T08:57:50+00:00","dateModified":"2025-07-10T08:57:51+00:00","mainEntityOfPage":{"@id":"https:\/\/www.webdo.tn\/fr\/actualite\/national\/tunisie-meteo-des-orages-et-des-pluies-eparses-attendus-sur-certaines-regions\/379390\/"},"wordCount":150,"commentCount":0,"publisher":{"@id":"https:\/\/www.webdo.tn\/fr\/#organization"},"image":{"@id":"https:\/\/www.webdo.tn\/fr\/actualite\/national\/tunisie-meteo-des-orages-et-des-pluies-eparses-attendus-sur-certaines-regions\/379390\/#primaryimage"},"thumbnailUrl":"https:\/\/www.webdo.tn\/fr\/wp-content\/uploads\/2025\/07\/Capture-decran-2024-08-15-100037.png","keywords":["m\u00e9t\u00e9o","Orages","pluie \u00e9parse","Tunisie"],"articleSection":["National"],"inLanguage":"fr-FR"},{"@type":"WebPage","@id":"https:\/\/www.webdo.tn\/fr\/actualite\/national\/tunisie-meteo-des-orages-et-des-pluies-eparses-attendus-sur-certaines-regions\/379390\/","url":"https:\/\/www.webdo.tn\/fr\/actualite\/national\/tunisie-meteo-des-orages-et-des-pluies-eparses-attendus-sur-certaines-regions\/379390\/","name":"Tunisie - M\u00e9t\u00e9o : Des orages et des pluies \u00e9parses attendus sur certaines r\u00e9gions - webdo","isPartOf":{"@id":"https:\/\/www.webdo.tn\/fr\/#website"},"primaryImageOfPage":{"@id":"https:\/\/www.webdo.tn\/fr\/actualite\/national\/tunisie-meteo-des-orages-et-des-pluies-eparses-attendus-sur-certaines-regions\/379390\/#primaryimage"},"image":{"@id":"https:\/\/www.webdo.tn\/fr\/actualite\/national\/tunisie-meteo-des-orages-et-des-pluies-eparses-attendus-sur-certaines-regions\/379390\/#primaryimage"},"thumbnailUrl":"https:\/\/www.webdo.tn\/fr\/wp-content\/uploads\/2025\/07\/Capture-decran-2024-08-15-100037.png","datePublished":"2025-07-10T08:57:50+00:00","dateModified":"2025-07-10T08:57:51+00:00","description":"L'Institut National de la M\u00e9t\u00e9orologie pr\u00e9voit des orages et des pluies \u00e9parses sur le pays cet apr\u00e8s-midi. Restez inform\u00e9s.","breadcrumb":{"@id":"https:\/\/www.webdo.tn\/fr\/actualite\/national\/tunisie-meteo-des-orages-et-des-pluies-eparses-attendus-sur-certaines-regions\/379390\/#breadcrumb"},"inLanguage":"fr-FR","potentialAction":[{"@type":"ReadAction","target":["https:\/\/www.webdo.tn\/fr\/actualite\/national\/tunisie-meteo-des-orages-et-des-pluies-eparses-attendus-sur-certaines-regions\/379390\/"]}]},{"@type":"ImageObject","inLanguage":"fr-FR","@id":"https:\/\/www.webdo.tn\/fr\/actualite\/national\/tunisie-meteo-des-orages-et-des-pluies-eparses-attendus-sur-certaines-regions\/379390\/#primaryimage","url":"https:\/\/www.webdo.tn\/fr\/wp-content\/uploads\/2025\/07\/Capture-decran-2024-08-15-100037.png","contentUrl":"https:\/\/www.webdo.tn\/fr\/wp-content\/uploads\/2025\/07\/Capture-decran-2024-08-15-100037.png","width":908,"height":435,"caption":"Des orages et des pluies \u00e9parses attendus sur certaines r\u00e9gions"},{"@type":"BreadcrumbList","@id":"https:\/\/www.webdo.tn\/fr\/actualite\/national\/tunisie-meteo-des-orages-et-des-pluies-eparses-attendus-sur-certaines-regions\/379390\/#breadcrumb","itemListElement":[{"@type":"ListItem","position":1,"name":"Accueil","item":"https:\/\/www.webdo.tn\/fr\/"},{"@type":"ListItem","position":2,"name":"Tunisie &#8211; M\u00e9t\u00e9o : Des orages et des pluies \u00e9parses attendus sur certaines r\u00e9gions"}]},{"@type":"WebSite","@id":"https:\/\/www.webdo.tn\/fr\/#website","url":"https:\/\/www.webdo.tn\/fr\/","name":"webdo","description":"Tunisie - News en Tunisie et \u00e0 l&#039;international sur Webdo.tn","publisher":{"@id":"https:\/\/www.webdo.tn\/fr\/#organization"},"potentialAction":[{"@type":"SearchAction","target":{"@type":"EntryPoint","urlTemplate":"https:\/\/www.webdo.tn\/fr\/?s={search_term_string}"},"query-input":{"@type":"PropertyValueSpecification","valueRequired":true,"valueName":"search_term_string"}}],"inLanguage":"fr-FR"},{"@type":"Organization","@id":"https:\/\/www.webdo.tn\/fr\/#organization","name":"Webdo","alternateName":"Webdo.tn","url":"https:\/\/www.webdo.tn\/fr\/","logo":{"@type":"ImageObject","inLanguage":"fr-FR","@id":"https:\/\/www.webdo.tn\/fr\/#\/schema\/logo\/image\/","url":"https:\/\/www.webdo.tn\/fr\/wp-content\/uploads\/2025\/06\/Webdo-Tunisie_168377.jpg","contentUrl":"https:\/\/www.webdo.tn\/fr\/wp-content\/uploads\/2025\/06\/Webdo-Tunisie_168377.jpg","width":301,"height":301,"caption":"Webdo"},"image":{"@id":"https:\/\/www.webdo.tn\/fr\/#\/schema\/logo\/image\/"},"sameAs":["https:\/\/www.facebook.com\/webdotn","https:\/\/x.com\/webdo_tn"],"description":"Webdo est un m\u00e9dia num\u00e9rique tunisien fond\u00e9 en 2010, sp\u00e9cialis\u00e9 dans l\u2019actualit\u00e9 nationale et internationale, l\u2019\u00e9conomie, la soci\u00e9t\u00e9 et les analyses politiques. Le site s\u2019adresse \u00e0 un large public francophone et couvre l\u2019information tunisienne en temps r\u00e9el.","email":"redac@webdo.tn","legalName":"YNJ SARL","foundingDate":"2010-09-06","numberOfEmployees":{"@type":"QuantitativeValue","minValue":"11","maxValue":"50"}},{"@type":"Person","@id":"https:\/\/www.webdo.tn\/fr\/#\/schema\/person\/c652cd8fc2b1b44412b5ffb48c5a911d","name":"Mohamed Hedi Touati","image":{"@type":"ImageObject","inLanguage":"fr-FR","@id":"https:\/\/secure.gravatar.com\/avatar\/9cfd402c745b7a685f13eed0ea6e59d2144a3c2fc50a3db6fd5ed451f6cddf1a?s=96&d=mm&r=g","url":"https:\/\/secure.gravatar.com\/avatar\/9cfd402c745b7a685f13eed0ea6e59d2144a3c2fc50a3db6fd5ed451f6cddf1a?s=96&d=mm&r=g","contentUrl":"https:\/\/secure.gravatar.com\/avatar\/9cfd402c745b7a685f13eed0ea6e59d2144a3c2fc50a3db6fd5ed451f6cddf1a?s=96&d=mm&r=g","caption":"Mohamed Hedi Touati"},"url":"https:\/\/www.webdo.tn\/fr\/actualite\/author\/mohamed-hedi-touati\/"}]}},"_links":{"self":[{"href":"https:\/\/www.webdo.tn\/fr\/wp-json\/wp\/v2\/posts\/379390","targetHints":{"allow":["GET"]}}],"collection":[{"href":"https:\/\/www.webdo.tn\/fr\/wp-json\/wp\/v2\/posts"}],"about":[{"href":"https:\/\/www.webdo.tn\/fr\/wp-json\/wp\/v2\/types\/post"}],"author":[{"embeddable":true,"href":"https:\/\/www.webdo.tn\/fr\/wp-json\/wp\/v2\/users\/3191"}],"replies":[{"embeddable":true,"href":"https:\/\/www.webdo.tn\/fr\/wp-json\/wp\/v2\/comments?post=379390"}],"version-history":[{"count":0,"href":"https:\/\/www.webdo.tn\/fr\/wp-json\/wp\/v2\/posts\/379390\/revisions"}],"wp:featuredmedia":[{"embeddable":true,"href":"https:\/\/www.webdo.tn\/fr\/wp-json\/wp\/v2\/media\/379391"}],"wp:attachment":[{"href":"https:\/\/www.webdo.tn\/fr\/wp-json\/wp\/v2\/media?parent=379390"}],"wp:term":[{"taxonomy":"category","embeddable":true,"href":"https:\/\/www.webdo.tn\/fr\/wp-json\/wp\/v2\/categories?post=379390"},{"taxonomy":"post_tag","embeddable":true,"href":"https:\/\/www.webdo.tn\/fr\/wp-json\/wp\/v2\/tags?post=379390"}],"curies":[{"name":"wp","href":"https:\/\/api.w.org\/{rel}","templated":true}]}}