{"id":379378,"date":"2025-07-10T08:55:51","date_gmt":"2025-07-10T07:55:51","guid":{"rendered":"https:\/\/www.webdo.tn\/fr\/?p=379378"},"modified":"2025-07-11T08:15:52","modified_gmt":"2025-07-11T07:15:52","slug":"trump-humilie-le-president-mauritanien-lors-dun-mini-sommet-africain-a-la-maison-blanche","status":"publish","type":"post","link":"https:\/\/www.webdo.tn\/fr\/actualite\/international\/trump-humilie-le-president-mauritanien-lors-dun-mini-sommet-africain-a-la-maison-blanche\/379378\/","title":{"rendered":"Trump humilie le pr\u00e9sident mauritanien lors d\u2019un mini-sommet africain \u00e0 la Maison Blanche"},"content":{"rendered":"\n<p><strong>Lors d\u2019un d\u00e9jeuner officiel \u00e0 la Maison Blanche, Donald Trump a interrompu le pr\u00e9sident mauritanien Mohamed Ould Ghazouani, sept minutes apr\u00e8s le d\u00e9but de son intervention. Ce geste, jug\u00e9 in\u00e9l\u00e9gant et condescendant, a provoqu\u00e9 malaise et indignation parmi les autres chefs d\u2019\u00c9tat africains pr\u00e9sents. La sc\u00e8ne, film\u00e9e et diffus\u00e9e en ligne, a enflamm\u00e9 les r\u00e9seaux sociaux et relanc\u00e9 les critiques sur les m\u00e9thodes diplomatiques de l\u2019ancien pr\u00e9sident am\u00e9ricain.<\/strong><\/p>\n\n\n\n<p><strong>Ce qui s\u2019est pass\u00e9<\/strong><\/p>\n\n\n\n<p>Le mercredi 9 juillet 2025, Donald Trump a accueilli \u00e0 la Maison Blanche les pr\u00e9sidents de cinq pays africains &#8211; la Mauritanie, le Liberia, le S\u00e9n\u00e9gal, le Gabon et la Guin\u00e9e-Bissau &#8211; dans le cadre d\u2019un mini-sommet am\u00e9ricano-africain. La r\u00e9union, ax\u00e9e sur les partenariats \u00e9conomiques et s\u00e9curitaires, a rapidement bascul\u00e9 dans le malaise diplomatique.<\/p>\n\n\n\n<p>Alors que le pr\u00e9sident mauritanien, Mohamed Ould Ghazouani, d\u00e9veloppait les atouts strat\u00e9giques de son pays et ses opportunit\u00e9s d\u2019investissement, Donald Trump l\u2019a interrompu s\u00e8chement :<\/p>\n\n\n\n<p><em>\u00a0\u00ab J\u2019appr\u00e9cie cela, vraiment, je l\u2019appr\u00e9cie, mais nous devons acc\u00e9l\u00e9rer un peu la discussion, notre emploi du temps est charg\u00e9. \u00bb<\/em><\/p>\n\n\n\n<p>Quelques instants plus tard, Trump s\u2019est adress\u00e9 au pr\u00e9sident de la Guin\u00e9e-Bissau, Umaro Sissoco Embal\u00f3, avec une remarque jug\u00e9e d\u00e9sobligeante :<\/p>\n\n\n\n<p><em>\u00ab Si vous pouvez simplement me dire votre nom et votre pays, ce serait formidable. \u00bb<\/em><\/p>\n\n\n\n<p>Enfin, le pr\u00e9sident lib\u00e9rien Joseph Boakai, s&rsquo;exprimant en anglais, a lui aussi surpris Trump, qui lui a demand\u00e9 d\u2019un ton amus\u00e9 :<\/p>\n\n\n\n<p><em>\u00ab Vous l\u2019avez apprise au Liberia ? \u00bb<\/em><\/p>\n\n\n\n<p><em>&#8211; \u00ab Oui, Monsieur \u00bb<\/em>, a r\u00e9pondu Boakai, un brin g\u00ean\u00e9.<\/p>\n\n\n\n<blockquote class=\"twitter-tweet\"><p lang=\"ar\" dir=\"rtl\">\u062a\u0631\u0627\u0645\u0628 \u064a\u0637\u0627\u0644\u0628 \u0636\u064a\u0648\u0641\u0647 \u0628\u0630\u0643\u0631 \u0623\u0633\u0645\u0627\u0626\u0647\u0645 \u0648\u0628\u0644\u062f\u0646\u0627\u0647\u0645 \u0641\u0642\u0637 <a href=\"https:\/\/t.co\/v096ktNwXX\">pic.twitter.com\/v096ktNwXX<\/a><\/p>&mdash; \u0627\u0644\u062c\u0632\u064a\u0631\u0629 \u0645\u0628\u0627\u0634\u0631 (@ajmubasher) <a href=\"https:\/\/twitter.com\/ajmubasher\/status\/1943120488969945237?ref_src=twsrc%5Etfw\">July 10, 2025<\/a><\/blockquote> <script async src=\"https:\/\/platform.twitter.com\/widgets.js\" charset=\"utf-8\"><\/script>\n\n\n\n<p><strong>R\u00e9actions<\/strong><\/p>\n\n\n\n<p>La vid\u00e9o de l\u2019\u00e9change entre Trump et Ghazouani, largement partag\u00e9e sur X (anciennement Twitter), TikTok et Instagram, a rapidement suscit\u00e9 une vague de critiques. Plusieurs commentateurs et analystes politiques ont d\u00e9nonc\u00e9 une attitude \u00ab humiliante \u00bb et \u00ab peu diplomatique \u00bb, rappelant d\u2019anciens propos controvers\u00e9s tenus par Trump \u00e0 l\u2019\u00e9gard du continent africain.<\/p>\n\n\n\n<p>Du c\u00f4t\u00e9 africain, aucune r\u00e9action officielle imm\u00e9diate n\u2019a \u00e9t\u00e9 communiqu\u00e9e. Toutefois, selon un diplomate pr\u00e9sent lors de la rencontre, l\u2019ambiance s\u2019est \u00ab visiblement refroidie \u00bb apr\u00e8s l\u2019intervention du pr\u00e9sident am\u00e9ricain.<\/p>\n\n\n\n<p><strong>Contexte<\/strong><\/p>\n\n\n\n<p>Donald Trump n\u2019en est pas \u00e0 sa premi\u00e8re pol\u00e9mique en lien avec l\u2019Afrique. En 2018, il avait qualifi\u00e9 certains pays africains de \u00ab pays de merde \u00bb lors d\u2019une r\u00e9union \u00e0 la Maison Blanche, provoquant l\u2019indignation internationale. Ce nouvel \u00e9pisode survient alors que Trump tente de soigner son image \u00e0 l\u2019international \u00e0 l\u2019approche de l\u2019\u00e9lection pr\u00e9sidentielle am\u00e9ricaine de novembre 2025.<\/p>\n\n\n\n<p>Le mini-sommet visait \u00e0 relancer la coop\u00e9ration avec des \u00c9tats africains cl\u00e9s dans la lutte contre le terrorisme, notamment au Sahel, et \u00e0 discuter des opportunit\u00e9s commerciales dans un contexte de rivalit\u00e9 croissante entre les \u00c9tats-Unis, la Chine et la Russie sur le continent.<\/p>\n","protected":false},"excerpt":{"rendered":"<p>Lors d\u2019un d\u00e9jeuner officiel \u00e0 la Maison Blanche, Donald Trump a interrompu le pr\u00e9sident mauritanien Mohamed Ould Ghazouani, sept minutes apr\u00e8s le d\u00e9but de son intervention. Ce geste, jug\u00e9 in\u00e9l\u00e9gant et condescendant, a provoqu\u00e9 malaise et indignation parmi les autres chefs d\u2019\u00c9tat africains pr\u00e9sents. La sc\u00e8ne, film\u00e9e et diffus\u00e9e en ligne, a enflamm\u00e9 les r\u00e9seaux [&hellip;]<\/p>\n","protected":false},"author":3191,"featured_media":379379,"comment_status":"open","ping_status":"open","sticky":false,"template":"","format":"standard","meta":{"footnotes":""},"categories":[2598],"tags":[2916,3035,7535,12183,12182,3309],"class_list":["post-379378","post","type-post","status-publish","format-standard","has-post-thumbnail","hentry","category-international","tag-donald-trump","tag-etats-unis","tag-maison-blanche","tag-mini-sommet-africain","tag-mohamed-ould-ghazouani","tag-trump"],"yoast_head":"<!-- This site is optimized with the Yoast SEO Premium plugin v27.5 (Yoast SEO v27.5) - https:\/\/yoast.com\/product\/yoast-seo-premium-wordpress\/ -->\n<title>Trump humilie le pr\u00e9sident mauritanien lors d\u2019un mini-sommet africain \u00e0 la Maison Blanche - webdo<\/title>\n<link rel=\"canonical\" href=\"https:\/\/www.webdo.tn\/fr\/actualite\/international\/trump-humilie-le-president-mauritanien-lors-dun-mini-sommet-africain-a-la-maison-blanche\/379378\/\" \/>\n<meta property=\"og:locale\" content=\"fr_FR\" \/>\n<meta property=\"og:type\" content=\"article\" \/>\n<meta property=\"og:title\" content=\"Trump humilie le pr\u00e9sident mauritanien lors d\u2019un mini-sommet africain \u00e0 la Maison Blanche\" \/>\n<meta property=\"og:description\" content=\"Lors d\u2019un d\u00e9jeuner officiel \u00e0 la Maison Blanche, Donald Trump a interrompu le pr\u00e9sident mauritanien Mohamed Ould Ghazouani, sept minutes apr\u00e8s le d\u00e9but de son intervention. Ce geste, jug\u00e9 in\u00e9l\u00e9gant et condescendant, a provoqu\u00e9 malaise et indignation parmi les autres chefs d\u2019\u00c9tat africains pr\u00e9sents. La sc\u00e8ne, film\u00e9e et diffus\u00e9e en ligne, a enflamm\u00e9 les r\u00e9seaux [&hellip;]\" \/>\n<meta property=\"og:url\" content=\"https:\/\/www.webdo.tn\/fr\/actualite\/international\/trump-humilie-le-president-mauritanien-lors-dun-mini-sommet-africain-a-la-maison-blanche\/379378\/\" \/>\n<meta property=\"og:site_name\" content=\"webdo\" \/>\n<meta property=\"article:publisher\" content=\"https:\/\/www.facebook.com\/webdotn\" \/>\n<meta property=\"article:published_time\" content=\"2025-07-10T07:55:51+00:00\" \/>\n<meta property=\"article:modified_time\" content=\"2025-07-11T07:15:52+00:00\" \/>\n<meta property=\"og:image\" content=\"https:\/\/www.webdo.tn\/fr\/wp-content\/uploads\/2025\/07\/Capture-decran-2025-07-10-084807.png\" \/>\n\t<meta property=\"og:image:width\" content=\"1228\" \/>\n\t<meta property=\"og:image:height\" content=\"659\" \/>\n\t<meta property=\"og:image:type\" content=\"image\/png\" \/>\n<meta name=\"author\" content=\"Mohamed Hedi Touati\" \/>\n<meta name=\"twitter:card\" content=\"summary_large_image\" \/>\n<meta name=\"twitter:creator\" content=\"@webdo_tn\" \/>\n<meta name=\"twitter:site\" content=\"@webdo_tn\" \/>\n<meta name=\"twitter:label1\" content=\"\u00c9crit par\" \/>\n\t<meta name=\"twitter:data1\" content=\"Mohamed Hedi Touati\" \/>\n\t<meta name=\"twitter:label2\" content=\"Dur\u00e9e de lecture estim\u00e9e\" \/>\n\t<meta name=\"twitter:data2\" content=\"3 minutes\" \/>\n<script type=\"application\/ld+json\" class=\"yoast-schema-graph\">{\"@context\":\"https:\\\/\\\/schema.org\",\"@graph\":[{\"@type\":\"NewsArticle\",\"@id\":\"https:\\\/\\\/www.webdo.tn\\\/fr\\\/actualite\\\/international\\\/trump-humilie-le-president-mauritanien-lors-dun-mini-sommet-africain-a-la-maison-blanche\\\/379378\\\/#article\",\"isPartOf\":{\"@id\":\"https:\\\/\\\/www.webdo.tn\\\/fr\\\/actualite\\\/international\\\/trump-humilie-le-president-mauritanien-lors-dun-mini-sommet-africain-a-la-maison-blanche\\\/379378\\\/\"},\"author\":{\"name\":\"Mohamed Hedi Touati\",\"@id\":\"https:\\\/\\\/www.webdo.tn\\\/fr\\\/#\\\/schema\\\/person\\\/c652cd8fc2b1b44412b5ffb48c5a911d\"},\"headline\":\"Trump humilie le pr\u00e9sident mauritanien lors d\u2019un mini-sommet africain \u00e0 la Maison Blanche\",\"datePublished\":\"2025-07-10T07:55:51+00:00\",\"dateModified\":\"2025-07-11T07:15:52+00:00\",\"mainEntityOfPage\":{\"@id\":\"https:\\\/\\\/www.webdo.tn\\\/fr\\\/actualite\\\/international\\\/trump-humilie-le-president-mauritanien-lors-dun-mini-sommet-africain-a-la-maison-blanche\\\/379378\\\/\"},\"wordCount\":515,\"commentCount\":0,\"publisher\":{\"@id\":\"https:\\\/\\\/www.webdo.tn\\\/fr\\\/#organization\"},\"image\":{\"@id\":\"https:\\\/\\\/www.webdo.tn\\\/fr\\\/actualite\\\/international\\\/trump-humilie-le-president-mauritanien-lors-dun-mini-sommet-africain-a-la-maison-blanche\\\/379378\\\/#primaryimage\"},\"thumbnailUrl\":\"https:\\\/\\\/www.webdo.tn\\\/fr\\\/wp-content\\\/uploads\\\/2025\\\/07\\\/Capture-decran-2025-07-10-084807.png\",\"keywords\":[\"Donald Trump\",\"Etats-Unis\",\"maison blanche\",\"mini-sommet africain\",\"Mohamed Ould Ghazouani\",\"trump\"],\"articleSection\":[\"International\"],\"inLanguage\":\"fr-FR\"},{\"@type\":\"WebPage\",\"@id\":\"https:\\\/\\\/www.webdo.tn\\\/fr\\\/actualite\\\/international\\\/trump-humilie-le-president-mauritanien-lors-dun-mini-sommet-africain-a-la-maison-blanche\\\/379378\\\/\",\"url\":\"https:\\\/\\\/www.webdo.tn\\\/fr\\\/actualite\\\/international\\\/trump-humilie-le-president-mauritanien-lors-dun-mini-sommet-africain-a-la-maison-blanche\\\/379378\\\/\",\"name\":\"Trump humilie le pr\u00e9sident mauritanien lors d\u2019un mini-sommet africain \u00e0 la Maison Blanche - webdo\",\"isPartOf\":{\"@id\":\"https:\\\/\\\/www.webdo.tn\\\/fr\\\/#website\"},\"primaryImageOfPage\":{\"@id\":\"https:\\\/\\\/www.webdo.tn\\\/fr\\\/actualite\\\/international\\\/trump-humilie-le-president-mauritanien-lors-dun-mini-sommet-africain-a-la-maison-blanche\\\/379378\\\/#primaryimage\"},\"image\":{\"@id\":\"https:\\\/\\\/www.webdo.tn\\\/fr\\\/actualite\\\/international\\\/trump-humilie-le-president-mauritanien-lors-dun-mini-sommet-africain-a-la-maison-blanche\\\/379378\\\/#primaryimage\"},\"thumbnailUrl\":\"https:\\\/\\\/www.webdo.tn\\\/fr\\\/wp-content\\\/uploads\\\/2025\\\/07\\\/Capture-decran-2025-07-10-084807.png\",\"datePublished\":\"2025-07-10T07:55:51+00:00\",\"dateModified\":\"2025-07-11T07:15:52+00:00\",\"breadcrumb\":{\"@id\":\"https:\\\/\\\/www.webdo.tn\\\/fr\\\/actualite\\\/international\\\/trump-humilie-le-president-mauritanien-lors-dun-mini-sommet-africain-a-la-maison-blanche\\\/379378\\\/#breadcrumb\"},\"inLanguage\":\"fr-FR\",\"potentialAction\":[{\"@type\":\"ReadAction\",\"target\":[\"https:\\\/\\\/www.webdo.tn\\\/fr\\\/actualite\\\/international\\\/trump-humilie-le-president-mauritanien-lors-dun-mini-sommet-africain-a-la-maison-blanche\\\/379378\\\/\"]}]},{\"@type\":\"ImageObject\",\"inLanguage\":\"fr-FR\",\"@id\":\"https:\\\/\\\/www.webdo.tn\\\/fr\\\/actualite\\\/international\\\/trump-humilie-le-president-mauritanien-lors-dun-mini-sommet-africain-a-la-maison-blanche\\\/379378\\\/#primaryimage\",\"url\":\"https:\\\/\\\/www.webdo.tn\\\/fr\\\/wp-content\\\/uploads\\\/2025\\\/07\\\/Capture-decran-2025-07-10-084807.png\",\"contentUrl\":\"https:\\\/\\\/www.webdo.tn\\\/fr\\\/wp-content\\\/uploads\\\/2025\\\/07\\\/Capture-decran-2025-07-10-084807.png\",\"width\":1228,\"height\":659,\"caption\":\"Trump humilie le pr\u00e9sident mauritanien lors d\u2019un mini-sommet africain \u00e0 la Maison Blanche\"},{\"@type\":\"BreadcrumbList\",\"@id\":\"https:\\\/\\\/www.webdo.tn\\\/fr\\\/actualite\\\/international\\\/trump-humilie-le-president-mauritanien-lors-dun-mini-sommet-africain-a-la-maison-blanche\\\/379378\\\/#breadcrumb\",\"itemListElement\":[{\"@type\":\"ListItem\",\"position\":1,\"name\":\"Accueil\",\"item\":\"https:\\\/\\\/www.webdo.tn\\\/fr\\\/\"},{\"@type\":\"ListItem\",\"position\":2,\"name\":\"Trump humilie le pr\u00e9sident mauritanien lors d\u2019un mini-sommet africain \u00e0 la Maison Blanche\"}]},{\"@type\":\"WebSite\",\"@id\":\"https:\\\/\\\/www.webdo.tn\\\/fr\\\/#website\",\"url\":\"https:\\\/\\\/www.webdo.tn\\\/fr\\\/\",\"name\":\"webdo\",\"description\":\"Tunisie - News en Tunisie et \u00e0 l&#039;international sur Webdo.tn\",\"publisher\":{\"@id\":\"https:\\\/\\\/www.webdo.tn\\\/fr\\\/#organization\"},\"potentialAction\":[{\"@type\":\"SearchAction\",\"target\":{\"@type\":\"EntryPoint\",\"urlTemplate\":\"https:\\\/\\\/www.webdo.tn\\\/fr\\\/?s={search_term_string}\"},\"query-input\":{\"@type\":\"PropertyValueSpecification\",\"valueRequired\":true,\"valueName\":\"search_term_string\"}}],\"inLanguage\":\"fr-FR\"},{\"@type\":\"Organization\",\"@id\":\"https:\\\/\\\/www.webdo.tn\\\/fr\\\/#organization\",\"name\":\"Webdo\",\"alternateName\":\"Webdo.tn\",\"url\":\"https:\\\/\\\/www.webdo.tn\\\/fr\\\/\",\"logo\":{\"@type\":\"ImageObject\",\"inLanguage\":\"fr-FR\",\"@id\":\"https:\\\/\\\/www.webdo.tn\\\/fr\\\/#\\\/schema\\\/logo\\\/image\\\/\",\"url\":\"https:\\\/\\\/www.webdo.tn\\\/fr\\\/wp-content\\\/uploads\\\/2025\\\/06\\\/Webdo-Tunisie_168377.jpg\",\"contentUrl\":\"https:\\\/\\\/www.webdo.tn\\\/fr\\\/wp-content\\\/uploads\\\/2025\\\/06\\\/Webdo-Tunisie_168377.jpg\",\"width\":301,\"height\":301,\"caption\":\"Webdo\"},\"image\":{\"@id\":\"https:\\\/\\\/www.webdo.tn\\\/fr\\\/#\\\/schema\\\/logo\\\/image\\\/\"},\"sameAs\":[\"https:\\\/\\\/www.facebook.com\\\/webdotn\",\"https:\\\/\\\/x.com\\\/webdo_tn\"],\"description\":\"Webdo est un m\u00e9dia num\u00e9rique tunisien fond\u00e9 en 2010, sp\u00e9cialis\u00e9 dans l\u2019actualit\u00e9 nationale et internationale, l\u2019\u00e9conomie, la soci\u00e9t\u00e9 et les analyses politiques. Le site s\u2019adresse \u00e0 un large public francophone et couvre l\u2019information tunisienne en temps r\u00e9el.\",\"email\":\"redac@webdo.tn\",\"legalName\":\"YNJ SARL\",\"foundingDate\":\"2010-09-06\",\"numberOfEmployees\":{\"@type\":\"QuantitativeValue\",\"minValue\":\"11\",\"maxValue\":\"50\"}},{\"@type\":\"Person\",\"@id\":\"https:\\\/\\\/www.webdo.tn\\\/fr\\\/#\\\/schema\\\/person\\\/c652cd8fc2b1b44412b5ffb48c5a911d\",\"name\":\"Mohamed Hedi Touati\",\"image\":{\"@type\":\"ImageObject\",\"inLanguage\":\"fr-FR\",\"@id\":\"https:\\\/\\\/secure.gravatar.com\\\/avatar\\\/9cfd402c745b7a685f13eed0ea6e59d2144a3c2fc50a3db6fd5ed451f6cddf1a?s=96&d=mm&r=g\",\"url\":\"https:\\\/\\\/secure.gravatar.com\\\/avatar\\\/9cfd402c745b7a685f13eed0ea6e59d2144a3c2fc50a3db6fd5ed451f6cddf1a?s=96&d=mm&r=g\",\"contentUrl\":\"https:\\\/\\\/secure.gravatar.com\\\/avatar\\\/9cfd402c745b7a685f13eed0ea6e59d2144a3c2fc50a3db6fd5ed451f6cddf1a?s=96&d=mm&r=g\",\"caption\":\"Mohamed Hedi Touati\"},\"url\":\"https:\\\/\\\/www.webdo.tn\\\/fr\\\/actualite\\\/author\\\/mohamed-hedi-touati\\\/\"}]}<\/script>\n<!-- \/ Yoast SEO Premium plugin. -->","yoast_head_json":{"title":"Trump humilie le pr\u00e9sident mauritanien lors d\u2019un mini-sommet africain \u00e0 la Maison Blanche - webdo","canonical":"https:\/\/www.webdo.tn\/fr\/actualite\/international\/trump-humilie-le-president-mauritanien-lors-dun-mini-sommet-africain-a-la-maison-blanche\/379378\/","og_locale":"fr_FR","og_type":"article","og_title":"Trump humilie le pr\u00e9sident mauritanien lors d\u2019un mini-sommet africain \u00e0 la Maison Blanche","og_description":"Lors d\u2019un d\u00e9jeuner officiel \u00e0 la Maison Blanche, Donald Trump a interrompu le pr\u00e9sident mauritanien Mohamed Ould Ghazouani, sept minutes apr\u00e8s le d\u00e9but de son intervention. Ce geste, jug\u00e9 in\u00e9l\u00e9gant et condescendant, a provoqu\u00e9 malaise et indignation parmi les autres chefs d\u2019\u00c9tat africains pr\u00e9sents. La sc\u00e8ne, film\u00e9e et diffus\u00e9e en ligne, a enflamm\u00e9 les r\u00e9seaux [&hellip;]","og_url":"https:\/\/www.webdo.tn\/fr\/actualite\/international\/trump-humilie-le-president-mauritanien-lors-dun-mini-sommet-africain-a-la-maison-blanche\/379378\/","og_site_name":"webdo","article_publisher":"https:\/\/www.facebook.com\/webdotn","article_published_time":"2025-07-10T07:55:51+00:00","article_modified_time":"2025-07-11T07:15:52+00:00","og_image":[{"width":1228,"height":659,"url":"https:\/\/www.webdo.tn\/fr\/wp-content\/uploads\/2025\/07\/Capture-decran-2025-07-10-084807.png","type":"image\/png"}],"author":"Mohamed Hedi Touati","twitter_card":"summary_large_image","twitter_creator":"@webdo_tn","twitter_site":"@webdo_tn","twitter_misc":{"\u00c9crit par":"Mohamed Hedi Touati","Dur\u00e9e de lecture estim\u00e9e":"3 minutes"},"schema":{"@context":"https:\/\/schema.org","@graph":[{"@type":"NewsArticle","@id":"https:\/\/www.webdo.tn\/fr\/actualite\/international\/trump-humilie-le-president-mauritanien-lors-dun-mini-sommet-africain-a-la-maison-blanche\/379378\/#article","isPartOf":{"@id":"https:\/\/www.webdo.tn\/fr\/actualite\/international\/trump-humilie-le-president-mauritanien-lors-dun-mini-sommet-africain-a-la-maison-blanche\/379378\/"},"author":{"name":"Mohamed Hedi Touati","@id":"https:\/\/www.webdo.tn\/fr\/#\/schema\/person\/c652cd8fc2b1b44412b5ffb48c5a911d"},"headline":"Trump humilie le pr\u00e9sident mauritanien lors d\u2019un mini-sommet africain \u00e0 la Maison Blanche","datePublished":"2025-07-10T07:55:51+00:00","dateModified":"2025-07-11T07:15:52+00:00","mainEntityOfPage":{"@id":"https:\/\/www.webdo.tn\/fr\/actualite\/international\/trump-humilie-le-president-mauritanien-lors-dun-mini-sommet-africain-a-la-maison-blanche\/379378\/"},"wordCount":515,"commentCount":0,"publisher":{"@id":"https:\/\/www.webdo.tn\/fr\/#organization"},"image":{"@id":"https:\/\/www.webdo.tn\/fr\/actualite\/international\/trump-humilie-le-president-mauritanien-lors-dun-mini-sommet-africain-a-la-maison-blanche\/379378\/#primaryimage"},"thumbnailUrl":"https:\/\/www.webdo.tn\/fr\/wp-content\/uploads\/2025\/07\/Capture-decran-2025-07-10-084807.png","keywords":["Donald Trump","Etats-Unis","maison blanche","mini-sommet africain","Mohamed Ould Ghazouani","trump"],"articleSection":["International"],"inLanguage":"fr-FR"},{"@type":"WebPage","@id":"https:\/\/www.webdo.tn\/fr\/actualite\/international\/trump-humilie-le-president-mauritanien-lors-dun-mini-sommet-africain-a-la-maison-blanche\/379378\/","url":"https:\/\/www.webdo.tn\/fr\/actualite\/international\/trump-humilie-le-president-mauritanien-lors-dun-mini-sommet-africain-a-la-maison-blanche\/379378\/","name":"Trump humilie le pr\u00e9sident mauritanien lors d\u2019un mini-sommet africain \u00e0 la Maison Blanche - webdo","isPartOf":{"@id":"https:\/\/www.webdo.tn\/fr\/#website"},"primaryImageOfPage":{"@id":"https:\/\/www.webdo.tn\/fr\/actualite\/international\/trump-humilie-le-president-mauritanien-lors-dun-mini-sommet-africain-a-la-maison-blanche\/379378\/#primaryimage"},"image":{"@id":"https:\/\/www.webdo.tn\/fr\/actualite\/international\/trump-humilie-le-president-mauritanien-lors-dun-mini-sommet-africain-a-la-maison-blanche\/379378\/#primaryimage"},"thumbnailUrl":"https:\/\/www.webdo.tn\/fr\/wp-content\/uploads\/2025\/07\/Capture-decran-2025-07-10-084807.png","datePublished":"2025-07-10T07:55:51+00:00","dateModified":"2025-07-11T07:15:52+00:00","breadcrumb":{"@id":"https:\/\/www.webdo.tn\/fr\/actualite\/international\/trump-humilie-le-president-mauritanien-lors-dun-mini-sommet-africain-a-la-maison-blanche\/379378\/#breadcrumb"},"inLanguage":"fr-FR","potentialAction":[{"@type":"ReadAction","target":["https:\/\/www.webdo.tn\/fr\/actualite\/international\/trump-humilie-le-president-mauritanien-lors-dun-mini-sommet-africain-a-la-maison-blanche\/379378\/"]}]},{"@type":"ImageObject","inLanguage":"fr-FR","@id":"https:\/\/www.webdo.tn\/fr\/actualite\/international\/trump-humilie-le-president-mauritanien-lors-dun-mini-sommet-africain-a-la-maison-blanche\/379378\/#primaryimage","url":"https:\/\/www.webdo.tn\/fr\/wp-content\/uploads\/2025\/07\/Capture-decran-2025-07-10-084807.png","contentUrl":"https:\/\/www.webdo.tn\/fr\/wp-content\/uploads\/2025\/07\/Capture-decran-2025-07-10-084807.png","width":1228,"height":659,"caption":"Trump humilie le pr\u00e9sident mauritanien lors d\u2019un mini-sommet africain \u00e0 la Maison Blanche"},{"@type":"BreadcrumbList","@id":"https:\/\/www.webdo.tn\/fr\/actualite\/international\/trump-humilie-le-president-mauritanien-lors-dun-mini-sommet-africain-a-la-maison-blanche\/379378\/#breadcrumb","itemListElement":[{"@type":"ListItem","position":1,"name":"Accueil","item":"https:\/\/www.webdo.tn\/fr\/"},{"@type":"ListItem","position":2,"name":"Trump humilie le pr\u00e9sident mauritanien lors d\u2019un mini-sommet africain \u00e0 la Maison Blanche"}]},{"@type":"WebSite","@id":"https:\/\/www.webdo.tn\/fr\/#website","url":"https:\/\/www.webdo.tn\/fr\/","name":"webdo","description":"Tunisie - News en Tunisie et \u00e0 l&#039;international sur Webdo.tn","publisher":{"@id":"https:\/\/www.webdo.tn\/fr\/#organization"},"potentialAction":[{"@type":"SearchAction","target":{"@type":"EntryPoint","urlTemplate":"https:\/\/www.webdo.tn\/fr\/?s={search_term_string}"},"query-input":{"@type":"PropertyValueSpecification","valueRequired":true,"valueName":"search_term_string"}}],"inLanguage":"fr-FR"},{"@type":"Organization","@id":"https:\/\/www.webdo.tn\/fr\/#organization","name":"Webdo","alternateName":"Webdo.tn","url":"https:\/\/www.webdo.tn\/fr\/","logo":{"@type":"ImageObject","inLanguage":"fr-FR","@id":"https:\/\/www.webdo.tn\/fr\/#\/schema\/logo\/image\/","url":"https:\/\/www.webdo.tn\/fr\/wp-content\/uploads\/2025\/06\/Webdo-Tunisie_168377.jpg","contentUrl":"https:\/\/www.webdo.tn\/fr\/wp-content\/uploads\/2025\/06\/Webdo-Tunisie_168377.jpg","width":301,"height":301,"caption":"Webdo"},"image":{"@id":"https:\/\/www.webdo.tn\/fr\/#\/schema\/logo\/image\/"},"sameAs":["https:\/\/www.facebook.com\/webdotn","https:\/\/x.com\/webdo_tn"],"description":"Webdo est un m\u00e9dia num\u00e9rique tunisien fond\u00e9 en 2010, sp\u00e9cialis\u00e9 dans l\u2019actualit\u00e9 nationale et internationale, l\u2019\u00e9conomie, la soci\u00e9t\u00e9 et les analyses politiques. Le site s\u2019adresse \u00e0 un large public francophone et couvre l\u2019information tunisienne en temps r\u00e9el.","email":"redac@webdo.tn","legalName":"YNJ SARL","foundingDate":"2010-09-06","numberOfEmployees":{"@type":"QuantitativeValue","minValue":"11","maxValue":"50"}},{"@type":"Person","@id":"https:\/\/www.webdo.tn\/fr\/#\/schema\/person\/c652cd8fc2b1b44412b5ffb48c5a911d","name":"Mohamed Hedi Touati","image":{"@type":"ImageObject","inLanguage":"fr-FR","@id":"https:\/\/secure.gravatar.com\/avatar\/9cfd402c745b7a685f13eed0ea6e59d2144a3c2fc50a3db6fd5ed451f6cddf1a?s=96&d=mm&r=g","url":"https:\/\/secure.gravatar.com\/avatar\/9cfd402c745b7a685f13eed0ea6e59d2144a3c2fc50a3db6fd5ed451f6cddf1a?s=96&d=mm&r=g","contentUrl":"https:\/\/secure.gravatar.com\/avatar\/9cfd402c745b7a685f13eed0ea6e59d2144a3c2fc50a3db6fd5ed451f6cddf1a?s=96&d=mm&r=g","caption":"Mohamed Hedi Touati"},"url":"https:\/\/www.webdo.tn\/fr\/actualite\/author\/mohamed-hedi-touati\/"}]}},"_links":{"self":[{"href":"https:\/\/www.webdo.tn\/fr\/wp-json\/wp\/v2\/posts\/379378","targetHints":{"allow":["GET"]}}],"collection":[{"href":"https:\/\/www.webdo.tn\/fr\/wp-json\/wp\/v2\/posts"}],"about":[{"href":"https:\/\/www.webdo.tn\/fr\/wp-json\/wp\/v2\/types\/post"}],"author":[{"embeddable":true,"href":"https:\/\/www.webdo.tn\/fr\/wp-json\/wp\/v2\/users\/3191"}],"replies":[{"embeddable":true,"href":"https:\/\/www.webdo.tn\/fr\/wp-json\/wp\/v2\/comments?post=379378"}],"version-history":[{"count":0,"href":"https:\/\/www.webdo.tn\/fr\/wp-json\/wp\/v2\/posts\/379378\/revisions"}],"wp:featuredmedia":[{"embeddable":true,"href":"https:\/\/www.webdo.tn\/fr\/wp-json\/wp\/v2\/media\/379379"}],"wp:attachment":[{"href":"https:\/\/www.webdo.tn\/fr\/wp-json\/wp\/v2\/media?parent=379378"}],"wp:term":[{"taxonomy":"category","embeddable":true,"href":"https:\/\/www.webdo.tn\/fr\/wp-json\/wp\/v2\/categories?post=379378"},{"taxonomy":"post_tag","embeddable":true,"href":"https:\/\/www.webdo.tn\/fr\/wp-json\/wp\/v2\/tags?post=379378"}],"curies":[{"name":"wp","href":"https:\/\/api.w.org\/{rel}","templated":true}]}}