{"id":379363,"date":"2025-07-09T20:48:58","date_gmt":"2025-07-09T19:48:58","guid":{"rendered":"https:\/\/www.webdo.tn\/fr\/?p=379363"},"modified":"2025-07-10T10:44:31","modified_gmt":"2025-07-10T09:44:31","slug":"fic-japprends-lannulation-dun-concert-que-je-nai-jamais-signe-repond-segara","status":"publish","type":"post","link":"https:\/\/www.webdo.tn\/fr\/actualite\/culture\/fic-japprends-lannulation-dun-concert-que-je-nai-jamais-signe-repond-segara\/379363\/","title":{"rendered":"FIC : \u00ab\u00a0J&rsquo;apprends l&rsquo;annulation d&rsquo;un concert que je n&rsquo;ai jamais sign\u00e9\u00a0\u00bb, r\u00e9pond S\u00e9gara"},"content":{"rendered":"\n<p>L<a href=\"https:\/\/www.webdo.tn\/fr\/actualite\/culture\/tunisie-le-festival-de-carthage-annule-le-concert-dhelene-segara-en-soutien-a-la-palestine\/379351\/\">e Festival international de Carthage a annonc\u00e9 l\u2019annulation du concert d\u2019H\u00e9l\u00e8ne S\u00e9gara, initialement inscrit \u00e0 la programmation du 31 juillet<\/a>. Une d\u00e9cision survenue dans un climat de vives critiques sur les r\u00e9seaux sociaux, o\u00f9 l\u2019artiste fran\u00e7aise a \u00e9t\u00e9 accus\u00e9e de sympathies pro-isra\u00e9liennes, sans que le communiqu\u00e9 officiel du festival ne mentionne explicitement ces raisons.<\/p>\n\n\n\n<p>De son c\u00f4t\u00e9, H\u00e9l\u00e8ne S\u00e9gara affirme n\u2019avoir jamais \u00e9t\u00e9 engag\u00e9e pour cet \u00e9v\u00e9nement. Contact\u00e9e par l\u2019AFP, elle a r\u00e9agi en ces termes : \u00ab J\u2019apprends l\u2019annulation d\u2019un concert que je n\u2019ai jamais sign\u00e9. Aucun concert n\u2019\u00e9tait pr\u00e9vu \u00bb. La chanteuse d\u00e9ment ainsi toute intention de monter sur sc\u00e8ne \u00e0 Carthage cet \u00e9t\u00e9.<\/p>\n\n\n\n<p>\u00ab\u00a0Je n&rsquo;ai jamais pris position pour Isra\u00ebl et je chante depuis des ann\u00e9es dans les pays arabes\u00a0\u00bb, a \u00e9galement d\u00e9clar\u00e9 l&rsquo;interpr\u00e8te du tube Il y a trop de gens qui t&rsquo;aiment, d\u00e9plorant recevoir \u00ab\u00a0des messages d&rsquo;insultes\u00a0\u00bb.<\/p>\n\n\n\n<p>Cette confusion relance les questions sur les crit\u00e8res de programmation du festival, et sur la mani\u00e8re dont les controverses en ligne peuvent influencer les d\u00e9cisions culturelles dans un contexte r\u00e9gional particuli\u00e8rement sensible.<\/p>\n\n\n\n<p><\/p>\n","protected":false},"excerpt":{"rendered":"<p>Le Festival international de Carthage a annonc\u00e9 l\u2019annulation du concert d\u2019H\u00e9l\u00e8ne S\u00e9gara, initialement inscrit \u00e0 la programmation du 31 juillet. Une d\u00e9cision survenue dans un climat de vives critiques sur les r\u00e9seaux sociaux, o\u00f9 l\u2019artiste fran\u00e7aise a \u00e9t\u00e9 accus\u00e9e de sympathies pro-isra\u00e9liennes, sans que le communiqu\u00e9 officiel du festival ne mentionne explicitement ces raisons. De [&hellip;]<\/p>\n","protected":false},"author":3184,"featured_media":379364,"comment_status":"open","ping_status":"open","sticky":false,"template":"","format":"standard","meta":{"footnotes":""},"categories":[2594],"tags":[8072,12179,2608],"class_list":["post-379363","post","type-post","status-publish","format-standard","has-post-thumbnail","hentry","category-culture","tag-festival-de-carthage","tag-helene-segara","tag-tunisie"],"yoast_head":"<!-- This site is optimized with the Yoast SEO Premium plugin v27.4 (Yoast SEO v27.4) - https:\/\/yoast.com\/product\/yoast-seo-premium-wordpress\/ -->\n<title>FIC : &quot;J&#039;apprends l&#039;annulation d&#039;un concert que je n&#039;ai jamais sign\u00e9&quot;, r\u00e9pond S\u00e9gara - webdo<\/title>\n<link rel=\"canonical\" href=\"https:\/\/www.webdo.tn\/fr\/actualite\/culture\/fic-japprends-lannulation-dun-concert-que-je-nai-jamais-signe-repond-segara\/379363\/\" \/>\n<meta property=\"og:locale\" content=\"fr_FR\" \/>\n<meta property=\"og:type\" content=\"article\" \/>\n<meta property=\"og:title\" content=\"FIC : &quot;J&#039;apprends l&#039;annulation d&#039;un concert que je n&#039;ai jamais sign\u00e9&quot;, r\u00e9pond S\u00e9gara\" \/>\n<meta property=\"og:description\" content=\"Le Festival international de Carthage a annonc\u00e9 l\u2019annulation du concert d\u2019H\u00e9l\u00e8ne S\u00e9gara, initialement inscrit \u00e0 la programmation du 31 juillet. Une d\u00e9cision survenue dans un climat de vives critiques sur les r\u00e9seaux sociaux, o\u00f9 l\u2019artiste fran\u00e7aise a \u00e9t\u00e9 accus\u00e9e de sympathies pro-isra\u00e9liennes, sans que le communiqu\u00e9 officiel du festival ne mentionne explicitement ces raisons. De [&hellip;]\" \/>\n<meta property=\"og:url\" content=\"https:\/\/www.webdo.tn\/fr\/actualite\/culture\/fic-japprends-lannulation-dun-concert-que-je-nai-jamais-signe-repond-segara\/379363\/\" \/>\n<meta property=\"og:site_name\" content=\"webdo\" \/>\n<meta property=\"article:publisher\" content=\"https:\/\/www.facebook.com\/webdotn\" \/>\n<meta property=\"article:published_time\" content=\"2025-07-09T19:48:58+00:00\" \/>\n<meta property=\"article:modified_time\" content=\"2025-07-10T09:44:31+00:00\" \/>\n<meta property=\"og:image\" content=\"https:\/\/www.webdo.tn\/fr\/wp-content\/uploads\/2025\/07\/Helene-Segara-2109534.webp\" \/>\n\t<meta property=\"og:image:width\" content=\"1600\" \/>\n\t<meta property=\"og:image:height\" content=\"900\" \/>\n\t<meta property=\"og:image:type\" content=\"image\/webp\" \/>\n<meta name=\"author\" content=\"Wided Belhaj\" \/>\n<meta name=\"twitter:card\" content=\"summary_large_image\" \/>\n<meta name=\"twitter:creator\" content=\"@webdo_tn\" \/>\n<meta name=\"twitter:site\" content=\"@webdo_tn\" \/>\n<meta name=\"twitter:label1\" content=\"\u00c9crit par\" \/>\n\t<meta name=\"twitter:data1\" content=\"Wided Belhaj\" \/>\n\t<meta name=\"twitter:label2\" content=\"Dur\u00e9e de lecture estim\u00e9e\" \/>\n\t<meta name=\"twitter:data2\" content=\"2 minutes\" \/>\n<script type=\"application\/ld+json\" class=\"yoast-schema-graph\">{\"@context\":\"https:\\\/\\\/schema.org\",\"@graph\":[{\"@type\":\"NewsArticle\",\"@id\":\"https:\\\/\\\/www.webdo.tn\\\/fr\\\/actualite\\\/culture\\\/fic-japprends-lannulation-dun-concert-que-je-nai-jamais-signe-repond-segara\\\/379363\\\/#article\",\"isPartOf\":{\"@id\":\"https:\\\/\\\/www.webdo.tn\\\/fr\\\/actualite\\\/culture\\\/fic-japprends-lannulation-dun-concert-que-je-nai-jamais-signe-repond-segara\\\/379363\\\/\"},\"author\":{\"name\":\"Wided Belhaj\",\"@id\":\"https:\\\/\\\/www.webdo.tn\\\/fr\\\/#\\\/schema\\\/person\\\/b9ecde7a5574cb4fcf4b496ea5fadb15\"},\"headline\":\"FIC : \u00ab\u00a0J&rsquo;apprends l&rsquo;annulation d&rsquo;un concert que je n&rsquo;ai jamais sign\u00e9\u00a0\u00bb, r\u00e9pond S\u00e9gara\",\"datePublished\":\"2025-07-09T19:48:58+00:00\",\"dateModified\":\"2025-07-10T09:44:31+00:00\",\"mainEntityOfPage\":{\"@id\":\"https:\\\/\\\/www.webdo.tn\\\/fr\\\/actualite\\\/culture\\\/fic-japprends-lannulation-dun-concert-que-je-nai-jamais-signe-repond-segara\\\/379363\\\/\"},\"wordCount\":229,\"commentCount\":0,\"publisher\":{\"@id\":\"https:\\\/\\\/www.webdo.tn\\\/fr\\\/#organization\"},\"image\":{\"@id\":\"https:\\\/\\\/www.webdo.tn\\\/fr\\\/actualite\\\/culture\\\/fic-japprends-lannulation-dun-concert-que-je-nai-jamais-signe-repond-segara\\\/379363\\\/#primaryimage\"},\"thumbnailUrl\":\"https:\\\/\\\/www.webdo.tn\\\/fr\\\/wp-content\\\/uploads\\\/2025\\\/07\\\/Helene-Segara-2109534.webp\",\"keywords\":[\"Festival de Carthage\",\"H\u00e9l\u00e8ne S\u00e9gara\",\"Tunisie\"],\"articleSection\":[\"Culture\"],\"inLanguage\":\"fr-FR\"},{\"@type\":\"WebPage\",\"@id\":\"https:\\\/\\\/www.webdo.tn\\\/fr\\\/actualite\\\/culture\\\/fic-japprends-lannulation-dun-concert-que-je-nai-jamais-signe-repond-segara\\\/379363\\\/\",\"url\":\"https:\\\/\\\/www.webdo.tn\\\/fr\\\/actualite\\\/culture\\\/fic-japprends-lannulation-dun-concert-que-je-nai-jamais-signe-repond-segara\\\/379363\\\/\",\"name\":\"FIC : \\\"J'apprends l'annulation d'un concert que je n'ai jamais sign\u00e9\\\", r\u00e9pond S\u00e9gara - webdo\",\"isPartOf\":{\"@id\":\"https:\\\/\\\/www.webdo.tn\\\/fr\\\/#website\"},\"primaryImageOfPage\":{\"@id\":\"https:\\\/\\\/www.webdo.tn\\\/fr\\\/actualite\\\/culture\\\/fic-japprends-lannulation-dun-concert-que-je-nai-jamais-signe-repond-segara\\\/379363\\\/#primaryimage\"},\"image\":{\"@id\":\"https:\\\/\\\/www.webdo.tn\\\/fr\\\/actualite\\\/culture\\\/fic-japprends-lannulation-dun-concert-que-je-nai-jamais-signe-repond-segara\\\/379363\\\/#primaryimage\"},\"thumbnailUrl\":\"https:\\\/\\\/www.webdo.tn\\\/fr\\\/wp-content\\\/uploads\\\/2025\\\/07\\\/Helene-Segara-2109534.webp\",\"datePublished\":\"2025-07-09T19:48:58+00:00\",\"dateModified\":\"2025-07-10T09:44:31+00:00\",\"breadcrumb\":{\"@id\":\"https:\\\/\\\/www.webdo.tn\\\/fr\\\/actualite\\\/culture\\\/fic-japprends-lannulation-dun-concert-que-je-nai-jamais-signe-repond-segara\\\/379363\\\/#breadcrumb\"},\"inLanguage\":\"fr-FR\",\"potentialAction\":[{\"@type\":\"ReadAction\",\"target\":[\"https:\\\/\\\/www.webdo.tn\\\/fr\\\/actualite\\\/culture\\\/fic-japprends-lannulation-dun-concert-que-je-nai-jamais-signe-repond-segara\\\/379363\\\/\"]}]},{\"@type\":\"ImageObject\",\"inLanguage\":\"fr-FR\",\"@id\":\"https:\\\/\\\/www.webdo.tn\\\/fr\\\/actualite\\\/culture\\\/fic-japprends-lannulation-dun-concert-que-je-nai-jamais-signe-repond-segara\\\/379363\\\/#primaryimage\",\"url\":\"https:\\\/\\\/www.webdo.tn\\\/fr\\\/wp-content\\\/uploads\\\/2025\\\/07\\\/Helene-Segara-2109534.webp\",\"contentUrl\":\"https:\\\/\\\/www.webdo.tn\\\/fr\\\/wp-content\\\/uploads\\\/2025\\\/07\\\/Helene-Segara-2109534.webp\",\"width\":1600,\"height\":900},{\"@type\":\"BreadcrumbList\",\"@id\":\"https:\\\/\\\/www.webdo.tn\\\/fr\\\/actualite\\\/culture\\\/fic-japprends-lannulation-dun-concert-que-je-nai-jamais-signe-repond-segara\\\/379363\\\/#breadcrumb\",\"itemListElement\":[{\"@type\":\"ListItem\",\"position\":1,\"name\":\"Accueil\",\"item\":\"https:\\\/\\\/www.webdo.tn\\\/fr\\\/\"},{\"@type\":\"ListItem\",\"position\":2,\"name\":\"FIC : \u00ab\u00a0J&rsquo;apprends l&rsquo;annulation d&rsquo;un concert que je n&rsquo;ai jamais sign\u00e9\u00a0\u00bb, r\u00e9pond S\u00e9gara\"}]},{\"@type\":\"WebSite\",\"@id\":\"https:\\\/\\\/www.webdo.tn\\\/fr\\\/#website\",\"url\":\"https:\\\/\\\/www.webdo.tn\\\/fr\\\/\",\"name\":\"webdo\",\"description\":\"Tunisie - News en Tunisie et \u00e0 l&#039;international sur Webdo.tn\",\"publisher\":{\"@id\":\"https:\\\/\\\/www.webdo.tn\\\/fr\\\/#organization\"},\"potentialAction\":[{\"@type\":\"SearchAction\",\"target\":{\"@type\":\"EntryPoint\",\"urlTemplate\":\"https:\\\/\\\/www.webdo.tn\\\/fr\\\/?s={search_term_string}\"},\"query-input\":{\"@type\":\"PropertyValueSpecification\",\"valueRequired\":true,\"valueName\":\"search_term_string\"}}],\"inLanguage\":\"fr-FR\"},{\"@type\":\"Organization\",\"@id\":\"https:\\\/\\\/www.webdo.tn\\\/fr\\\/#organization\",\"name\":\"Webdo\",\"alternateName\":\"Webdo.tn\",\"url\":\"https:\\\/\\\/www.webdo.tn\\\/fr\\\/\",\"logo\":{\"@type\":\"ImageObject\",\"inLanguage\":\"fr-FR\",\"@id\":\"https:\\\/\\\/www.webdo.tn\\\/fr\\\/#\\\/schema\\\/logo\\\/image\\\/\",\"url\":\"https:\\\/\\\/www.webdo.tn\\\/fr\\\/wp-content\\\/uploads\\\/2025\\\/06\\\/Webdo-Tunisie_168377.jpg\",\"contentUrl\":\"https:\\\/\\\/www.webdo.tn\\\/fr\\\/wp-content\\\/uploads\\\/2025\\\/06\\\/Webdo-Tunisie_168377.jpg\",\"width\":301,\"height\":301,\"caption\":\"Webdo\"},\"image\":{\"@id\":\"https:\\\/\\\/www.webdo.tn\\\/fr\\\/#\\\/schema\\\/logo\\\/image\\\/\"},\"sameAs\":[\"https:\\\/\\\/www.facebook.com\\\/webdotn\",\"https:\\\/\\\/x.com\\\/webdo_tn\"],\"description\":\"Webdo est un m\u00e9dia num\u00e9rique tunisien fond\u00e9 en 2010, sp\u00e9cialis\u00e9 dans l\u2019actualit\u00e9 nationale et internationale, l\u2019\u00e9conomie, la soci\u00e9t\u00e9 et les analyses politiques. Le site s\u2019adresse \u00e0 un large public francophone et couvre l\u2019information tunisienne en temps r\u00e9el.\",\"email\":\"redac@webdo.tn\",\"legalName\":\"YNJ SARL\",\"foundingDate\":\"2010-09-06\",\"numberOfEmployees\":{\"@type\":\"QuantitativeValue\",\"minValue\":\"11\",\"maxValue\":\"50\"}},{\"@type\":\"Person\",\"@id\":\"https:\\\/\\\/www.webdo.tn\\\/fr\\\/#\\\/schema\\\/person\\\/b9ecde7a5574cb4fcf4b496ea5fadb15\",\"name\":\"Wided Belhaj\",\"image\":{\"@type\":\"ImageObject\",\"inLanguage\":\"fr-FR\",\"@id\":\"https:\\\/\\\/www.webdo.tn\\\/fr\\\/wp-content\\\/uploads\\\/2026\\\/04\\\/wided-belhaj_avatar-96x96.jpg\",\"url\":\"https:\\\/\\\/www.webdo.tn\\\/fr\\\/wp-content\\\/uploads\\\/2026\\\/04\\\/wided-belhaj_avatar-96x96.jpg\",\"contentUrl\":\"https:\\\/\\\/www.webdo.tn\\\/fr\\\/wp-content\\\/uploads\\\/2026\\\/04\\\/wided-belhaj_avatar-96x96.jpg\",\"caption\":\"Wided Belhaj\"},\"description\":\"Wided Belhaj est le pseudonyme \u00e9ditorial utilis\u00e9 par Khalil Jelassi, journaliste, ma\u00eetre-assistant \u00e0 l\u2019Institut de presse et des sciences de l\u2019information (IPSI) et chercheur en sciences de l\u2019information et de la communication. Cette signature est d\u00e9di\u00e9e \u00e0 l\u2019analyse des m\u00e9dias, des pratiques journalistiques et des mutations de l\u2019information \u00e0 l\u2019\u00e8re digitale. \u00c0 travers ses contributions, Wided Belhaj propose une lecture analytique de l\u2019actualit\u00e9, en croisant regard critique et expertise acad\u00e9mique.\",\"knowsAbout\":[\"m\u00e9dias\",\"journalisme\",\"communication\",\"information\",\"transformation num\u00e9rique\",\"analyse des m\u00e9dias\"],\"knowsLanguage\":[\"Fran\u00e7ais\",\"Arabe\"],\"jobTitle\":\"Webdo.tn\",\"worksFor\":\"Journaliste \u2013 Analyse des m\u00e9dias\",\"url\":\"https:\\\/\\\/www.webdo.tn\\\/fr\\\/actualite\\\/author\\\/wided-belhaj\\\/\"}]}<\/script>\n<!-- \/ Yoast SEO Premium plugin. -->","yoast_head_json":{"title":"FIC : \"J'apprends l'annulation d'un concert que je n'ai jamais sign\u00e9\", r\u00e9pond S\u00e9gara - webdo","canonical":"https:\/\/www.webdo.tn\/fr\/actualite\/culture\/fic-japprends-lannulation-dun-concert-que-je-nai-jamais-signe-repond-segara\/379363\/","og_locale":"fr_FR","og_type":"article","og_title":"FIC : \"J'apprends l'annulation d'un concert que je n'ai jamais sign\u00e9\", r\u00e9pond S\u00e9gara","og_description":"Le Festival international de Carthage a annonc\u00e9 l\u2019annulation du concert d\u2019H\u00e9l\u00e8ne S\u00e9gara, initialement inscrit \u00e0 la programmation du 31 juillet. Une d\u00e9cision survenue dans un climat de vives critiques sur les r\u00e9seaux sociaux, o\u00f9 l\u2019artiste fran\u00e7aise a \u00e9t\u00e9 accus\u00e9e de sympathies pro-isra\u00e9liennes, sans que le communiqu\u00e9 officiel du festival ne mentionne explicitement ces raisons. De [&hellip;]","og_url":"https:\/\/www.webdo.tn\/fr\/actualite\/culture\/fic-japprends-lannulation-dun-concert-que-je-nai-jamais-signe-repond-segara\/379363\/","og_site_name":"webdo","article_publisher":"https:\/\/www.facebook.com\/webdotn","article_published_time":"2025-07-09T19:48:58+00:00","article_modified_time":"2025-07-10T09:44:31+00:00","og_image":[{"width":1600,"height":900,"url":"https:\/\/www.webdo.tn\/fr\/wp-content\/uploads\/2025\/07\/Helene-Segara-2109534.webp","type":"image\/webp"}],"author":"Wided Belhaj","twitter_card":"summary_large_image","twitter_creator":"@webdo_tn","twitter_site":"@webdo_tn","twitter_misc":{"\u00c9crit par":"Wided Belhaj","Dur\u00e9e de lecture estim\u00e9e":"2 minutes"},"schema":{"@context":"https:\/\/schema.org","@graph":[{"@type":"NewsArticle","@id":"https:\/\/www.webdo.tn\/fr\/actualite\/culture\/fic-japprends-lannulation-dun-concert-que-je-nai-jamais-signe-repond-segara\/379363\/#article","isPartOf":{"@id":"https:\/\/www.webdo.tn\/fr\/actualite\/culture\/fic-japprends-lannulation-dun-concert-que-je-nai-jamais-signe-repond-segara\/379363\/"},"author":{"name":"Wided Belhaj","@id":"https:\/\/www.webdo.tn\/fr\/#\/schema\/person\/b9ecde7a5574cb4fcf4b496ea5fadb15"},"headline":"FIC : \u00ab\u00a0J&rsquo;apprends l&rsquo;annulation d&rsquo;un concert que je n&rsquo;ai jamais sign\u00e9\u00a0\u00bb, r\u00e9pond S\u00e9gara","datePublished":"2025-07-09T19:48:58+00:00","dateModified":"2025-07-10T09:44:31+00:00","mainEntityOfPage":{"@id":"https:\/\/www.webdo.tn\/fr\/actualite\/culture\/fic-japprends-lannulation-dun-concert-que-je-nai-jamais-signe-repond-segara\/379363\/"},"wordCount":229,"commentCount":0,"publisher":{"@id":"https:\/\/www.webdo.tn\/fr\/#organization"},"image":{"@id":"https:\/\/www.webdo.tn\/fr\/actualite\/culture\/fic-japprends-lannulation-dun-concert-que-je-nai-jamais-signe-repond-segara\/379363\/#primaryimage"},"thumbnailUrl":"https:\/\/www.webdo.tn\/fr\/wp-content\/uploads\/2025\/07\/Helene-Segara-2109534.webp","keywords":["Festival de Carthage","H\u00e9l\u00e8ne S\u00e9gara","Tunisie"],"articleSection":["Culture"],"inLanguage":"fr-FR"},{"@type":"WebPage","@id":"https:\/\/www.webdo.tn\/fr\/actualite\/culture\/fic-japprends-lannulation-dun-concert-que-je-nai-jamais-signe-repond-segara\/379363\/","url":"https:\/\/www.webdo.tn\/fr\/actualite\/culture\/fic-japprends-lannulation-dun-concert-que-je-nai-jamais-signe-repond-segara\/379363\/","name":"FIC : \"J'apprends l'annulation d'un concert que je n'ai jamais sign\u00e9\", r\u00e9pond S\u00e9gara - webdo","isPartOf":{"@id":"https:\/\/www.webdo.tn\/fr\/#website"},"primaryImageOfPage":{"@id":"https:\/\/www.webdo.tn\/fr\/actualite\/culture\/fic-japprends-lannulation-dun-concert-que-je-nai-jamais-signe-repond-segara\/379363\/#primaryimage"},"image":{"@id":"https:\/\/www.webdo.tn\/fr\/actualite\/culture\/fic-japprends-lannulation-dun-concert-que-je-nai-jamais-signe-repond-segara\/379363\/#primaryimage"},"thumbnailUrl":"https:\/\/www.webdo.tn\/fr\/wp-content\/uploads\/2025\/07\/Helene-Segara-2109534.webp","datePublished":"2025-07-09T19:48:58+00:00","dateModified":"2025-07-10T09:44:31+00:00","breadcrumb":{"@id":"https:\/\/www.webdo.tn\/fr\/actualite\/culture\/fic-japprends-lannulation-dun-concert-que-je-nai-jamais-signe-repond-segara\/379363\/#breadcrumb"},"inLanguage":"fr-FR","potentialAction":[{"@type":"ReadAction","target":["https:\/\/www.webdo.tn\/fr\/actualite\/culture\/fic-japprends-lannulation-dun-concert-que-je-nai-jamais-signe-repond-segara\/379363\/"]}]},{"@type":"ImageObject","inLanguage":"fr-FR","@id":"https:\/\/www.webdo.tn\/fr\/actualite\/culture\/fic-japprends-lannulation-dun-concert-que-je-nai-jamais-signe-repond-segara\/379363\/#primaryimage","url":"https:\/\/www.webdo.tn\/fr\/wp-content\/uploads\/2025\/07\/Helene-Segara-2109534.webp","contentUrl":"https:\/\/www.webdo.tn\/fr\/wp-content\/uploads\/2025\/07\/Helene-Segara-2109534.webp","width":1600,"height":900},{"@type":"BreadcrumbList","@id":"https:\/\/www.webdo.tn\/fr\/actualite\/culture\/fic-japprends-lannulation-dun-concert-que-je-nai-jamais-signe-repond-segara\/379363\/#breadcrumb","itemListElement":[{"@type":"ListItem","position":1,"name":"Accueil","item":"https:\/\/www.webdo.tn\/fr\/"},{"@type":"ListItem","position":2,"name":"FIC : \u00ab\u00a0J&rsquo;apprends l&rsquo;annulation d&rsquo;un concert que je n&rsquo;ai jamais sign\u00e9\u00a0\u00bb, r\u00e9pond S\u00e9gara"}]},{"@type":"WebSite","@id":"https:\/\/www.webdo.tn\/fr\/#website","url":"https:\/\/www.webdo.tn\/fr\/","name":"webdo","description":"Tunisie - News en Tunisie et \u00e0 l&#039;international sur Webdo.tn","publisher":{"@id":"https:\/\/www.webdo.tn\/fr\/#organization"},"potentialAction":[{"@type":"SearchAction","target":{"@type":"EntryPoint","urlTemplate":"https:\/\/www.webdo.tn\/fr\/?s={search_term_string}"},"query-input":{"@type":"PropertyValueSpecification","valueRequired":true,"valueName":"search_term_string"}}],"inLanguage":"fr-FR"},{"@type":"Organization","@id":"https:\/\/www.webdo.tn\/fr\/#organization","name":"Webdo","alternateName":"Webdo.tn","url":"https:\/\/www.webdo.tn\/fr\/","logo":{"@type":"ImageObject","inLanguage":"fr-FR","@id":"https:\/\/www.webdo.tn\/fr\/#\/schema\/logo\/image\/","url":"https:\/\/www.webdo.tn\/fr\/wp-content\/uploads\/2025\/06\/Webdo-Tunisie_168377.jpg","contentUrl":"https:\/\/www.webdo.tn\/fr\/wp-content\/uploads\/2025\/06\/Webdo-Tunisie_168377.jpg","width":301,"height":301,"caption":"Webdo"},"image":{"@id":"https:\/\/www.webdo.tn\/fr\/#\/schema\/logo\/image\/"},"sameAs":["https:\/\/www.facebook.com\/webdotn","https:\/\/x.com\/webdo_tn"],"description":"Webdo est un m\u00e9dia num\u00e9rique tunisien fond\u00e9 en 2010, sp\u00e9cialis\u00e9 dans l\u2019actualit\u00e9 nationale et internationale, l\u2019\u00e9conomie, la soci\u00e9t\u00e9 et les analyses politiques. Le site s\u2019adresse \u00e0 un large public francophone et couvre l\u2019information tunisienne en temps r\u00e9el.","email":"redac@webdo.tn","legalName":"YNJ SARL","foundingDate":"2010-09-06","numberOfEmployees":{"@type":"QuantitativeValue","minValue":"11","maxValue":"50"}},{"@type":"Person","@id":"https:\/\/www.webdo.tn\/fr\/#\/schema\/person\/b9ecde7a5574cb4fcf4b496ea5fadb15","name":"Wided Belhaj","image":{"@type":"ImageObject","inLanguage":"fr-FR","@id":"https:\/\/www.webdo.tn\/fr\/wp-content\/uploads\/2026\/04\/wided-belhaj_avatar-96x96.jpg","url":"https:\/\/www.webdo.tn\/fr\/wp-content\/uploads\/2026\/04\/wided-belhaj_avatar-96x96.jpg","contentUrl":"https:\/\/www.webdo.tn\/fr\/wp-content\/uploads\/2026\/04\/wided-belhaj_avatar-96x96.jpg","caption":"Wided Belhaj"},"description":"Wided Belhaj est le pseudonyme \u00e9ditorial utilis\u00e9 par Khalil Jelassi, journaliste, ma\u00eetre-assistant \u00e0 l\u2019Institut de presse et des sciences de l\u2019information (IPSI) et chercheur en sciences de l\u2019information et de la communication. Cette signature est d\u00e9di\u00e9e \u00e0 l\u2019analyse des m\u00e9dias, des pratiques journalistiques et des mutations de l\u2019information \u00e0 l\u2019\u00e8re digitale. \u00c0 travers ses contributions, Wided Belhaj propose une lecture analytique de l\u2019actualit\u00e9, en croisant regard critique et expertise acad\u00e9mique.","knowsAbout":["m\u00e9dias","journalisme","communication","information","transformation num\u00e9rique","analyse des m\u00e9dias"],"knowsLanguage":["Fran\u00e7ais","Arabe"],"jobTitle":"Webdo.tn","worksFor":"Journaliste \u2013 Analyse des m\u00e9dias","url":"https:\/\/www.webdo.tn\/fr\/actualite\/author\/wided-belhaj\/"}]}},"_links":{"self":[{"href":"https:\/\/www.webdo.tn\/fr\/wp-json\/wp\/v2\/posts\/379363","targetHints":{"allow":["GET"]}}],"collection":[{"href":"https:\/\/www.webdo.tn\/fr\/wp-json\/wp\/v2\/posts"}],"about":[{"href":"https:\/\/www.webdo.tn\/fr\/wp-json\/wp\/v2\/types\/post"}],"author":[{"embeddable":true,"href":"https:\/\/www.webdo.tn\/fr\/wp-json\/wp\/v2\/users\/3184"}],"replies":[{"embeddable":true,"href":"https:\/\/www.webdo.tn\/fr\/wp-json\/wp\/v2\/comments?post=379363"}],"version-history":[{"count":0,"href":"https:\/\/www.webdo.tn\/fr\/wp-json\/wp\/v2\/posts\/379363\/revisions"}],"wp:featuredmedia":[{"embeddable":true,"href":"https:\/\/www.webdo.tn\/fr\/wp-json\/wp\/v2\/media\/379364"}],"wp:attachment":[{"href":"https:\/\/www.webdo.tn\/fr\/wp-json\/wp\/v2\/media?parent=379363"}],"wp:term":[{"taxonomy":"category","embeddable":true,"href":"https:\/\/www.webdo.tn\/fr\/wp-json\/wp\/v2\/categories?post=379363"},{"taxonomy":"post_tag","embeddable":true,"href":"https:\/\/www.webdo.tn\/fr\/wp-json\/wp\/v2\/tags?post=379363"}],"curies":[{"name":"wp","href":"https:\/\/api.w.org\/{rel}","templated":true}]}}