{"id":379345,"date":"2025-07-09T18:01:03","date_gmt":"2025-07-09T17:01:03","guid":{"rendered":"https:\/\/www.webdo.tn\/fr\/?p=379345"},"modified":"2025-07-10T12:06:52","modified_gmt":"2025-07-10T11:06:52","slug":"tunisie-tenues-sejours-plages-ce-que-les-hotels-nont-plus-le-droit-dimposer","status":"publish","type":"post","link":"https:\/\/www.webdo.tn\/fr\/actualite\/national\/tunisie-tenues-sejours-plages-ce-que-les-hotels-nont-plus-le-droit-dimposer\/379345\/","title":{"rendered":"Tunisie : Tenues, s\u00e9jours, plages&#8230; ce que les h\u00f4tels n\u2019ont plus le droit d\u2019imposer"},"content":{"rendered":"\n<p>Dans un communiqu\u00e9 publi\u00e9 ce mercredi, le minist\u00e8re du Tourisme a indiqu\u00e9 qu\u2019il est interdit aux responsables des h\u00f4tels et des agences de voyages d\u2019utiliser des badges ou des images visant \u00e0 intervenir dans la tenue vestimentaire des estivants, ou d\u2019imposer toute autre forme de restriction ou d\u2019abus \u00e0 l\u2019encontre des clients. Cette mesure vise \u00e0 consacrer le principe de libert\u00e9 garanti par la Constitution, tout en pr\u00e9servant les bonnes m\u0153urs, l\u2019ordre public et les traditions du pays.<\/p>\n\n\n\n<p>Le minist\u00e8re a rappel\u00e9 la n\u00e9cessit\u00e9 de se conformer aux normes techniques en vigueur concernant les maillots de bain, dans un souci de sant\u00e9 et de s\u00e9curit\u00e9 publiques.<\/p>\n\n\n\n<p>Il a \u00e9galement soulign\u00e9 qu\u2019il est strictement interdit d\u2019imposer des conditions de vente li\u00e9es, que ce soit \u00e0 travers l\u2019obligation d\u2019une dur\u00e9e minimale de r\u00e9servation et de s\u00e9jour dans les \u00e9tablissements d\u2019h\u00e9bergement touristique, ou par l\u2019adoption de conditions abusives sur les plages am\u00e9nag\u00e9es et dans les restaurants touristiques.<\/p>\n","protected":false},"excerpt":{"rendered":"<p>Dans un communiqu\u00e9 publi\u00e9 ce mercredi, le minist\u00e8re du Tourisme a indiqu\u00e9 qu\u2019il est interdit aux responsables des h\u00f4tels et des agences de voyages d\u2019utiliser des badges ou des images visant \u00e0 intervenir dans la tenue vestimentaire des estivants, ou d\u2019imposer toute autre forme de restriction ou d\u2019abus \u00e0 l\u2019encontre des clients. Cette mesure vise [&hellip;]<\/p>\n","protected":false},"author":3184,"featured_media":379346,"comment_status":"open","ping_status":"open","sticky":false,"template":"","format":"standard","meta":{"footnotes":""},"categories":[44],"tags":[6059,2798,12177,2608],"class_list":["post-379345","post","type-post","status-publish","format-standard","has-post-thumbnail","hentry","category-national","tag-tenue","tag-tourisme","tag-touriste","tag-tunisie"],"yoast_head":"<!-- This site is optimized with the Yoast SEO Premium plugin v27.4 (Yoast SEO v27.5) - https:\/\/yoast.com\/product\/yoast-seo-premium-wordpress\/ -->\n<title>Tunisie : Tenues, s\u00e9jours, plages... ce que les h\u00f4tels n\u2019ont plus le droit d\u2019imposer - webdo<\/title>\n<meta name=\"description\" content=\"D\u00e9couvrez les nouvelles r\u00e9gulations concernant le tourisme et la libert\u00e9 vestimentaire pour les estivants dans le pays.\" \/>\n<link rel=\"canonical\" href=\"https:\/\/www.webdo.tn\/fr\/actualite\/national\/tunisie-tenues-sejours-plages-ce-que-les-hotels-nont-plus-le-droit-dimposer\/379345\/\" \/>\n<meta property=\"og:locale\" content=\"fr_FR\" \/>\n<meta property=\"og:type\" content=\"article\" \/>\n<meta property=\"og:title\" content=\"Tunisie : Tenues, s\u00e9jours, plages... ce que les h\u00f4tels n\u2019ont plus le droit d\u2019imposer\" \/>\n<meta property=\"og:description\" content=\"D\u00e9couvrez les nouvelles r\u00e9gulations concernant le tourisme et la libert\u00e9 vestimentaire pour les estivants dans le pays.\" \/>\n<meta property=\"og:url\" content=\"https:\/\/www.webdo.tn\/fr\/actualite\/national\/tunisie-tenues-sejours-plages-ce-que-les-hotels-nont-plus-le-droit-dimposer\/379345\/\" \/>\n<meta property=\"og:site_name\" content=\"webdo\" \/>\n<meta property=\"article:publisher\" content=\"https:\/\/www.facebook.com\/webdotn\" \/>\n<meta property=\"article:published_time\" content=\"2025-07-09T17:01:03+00:00\" \/>\n<meta property=\"article:modified_time\" content=\"2025-07-10T11:06:52+00:00\" \/>\n<meta property=\"og:image\" content=\"https:\/\/www.webdo.tn\/fr\/wp-content\/uploads\/2025\/07\/1752068518.png\" \/>\n\t<meta property=\"og:image:width\" content=\"800\" \/>\n\t<meta property=\"og:image:height\" content=\"450\" \/>\n\t<meta property=\"og:image:type\" content=\"image\/png\" \/>\n<meta name=\"author\" content=\"Wided Belhaj\" \/>\n<meta name=\"twitter:card\" content=\"summary_large_image\" \/>\n<meta name=\"twitter:creator\" content=\"@webdo_tn\" \/>\n<meta name=\"twitter:site\" content=\"@webdo_tn\" \/>\n<meta name=\"twitter:label1\" content=\"\u00c9crit par\" \/>\n\t<meta name=\"twitter:data1\" content=\"Wided Belhaj\" \/>\n\t<meta name=\"twitter:label2\" content=\"Dur\u00e9e de lecture estim\u00e9e\" \/>\n\t<meta name=\"twitter:data2\" content=\"1 minute\" \/>\n<script type=\"application\/ld+json\" class=\"yoast-schema-graph\">{\"@context\":\"https:\\\/\\\/schema.org\",\"@graph\":[{\"@type\":\"NewsArticle\",\"@id\":\"https:\\\/\\\/www.webdo.tn\\\/fr\\\/actualite\\\/national\\\/tunisie-tenues-sejours-plages-ce-que-les-hotels-nont-plus-le-droit-dimposer\\\/379345\\\/#article\",\"isPartOf\":{\"@id\":\"https:\\\/\\\/www.webdo.tn\\\/fr\\\/actualite\\\/national\\\/tunisie-tenues-sejours-plages-ce-que-les-hotels-nont-plus-le-droit-dimposer\\\/379345\\\/\"},\"author\":{\"name\":\"Wided Belhaj\",\"@id\":\"https:\\\/\\\/www.webdo.tn\\\/fr\\\/#\\\/schema\\\/person\\\/b9ecde7a5574cb4fcf4b496ea5fadb15\"},\"headline\":\"Tunisie : Tenues, s\u00e9jours, plages&#8230; ce que les h\u00f4tels n\u2019ont plus le droit d\u2019imposer\",\"datePublished\":\"2025-07-09T17:01:03+00:00\",\"dateModified\":\"2025-07-10T11:06:52+00:00\",\"mainEntityOfPage\":{\"@id\":\"https:\\\/\\\/www.webdo.tn\\\/fr\\\/actualite\\\/national\\\/tunisie-tenues-sejours-plages-ce-que-les-hotels-nont-plus-le-droit-dimposer\\\/379345\\\/\"},\"wordCount\":193,\"commentCount\":0,\"publisher\":{\"@id\":\"https:\\\/\\\/www.webdo.tn\\\/fr\\\/#organization\"},\"image\":{\"@id\":\"https:\\\/\\\/www.webdo.tn\\\/fr\\\/actualite\\\/national\\\/tunisie-tenues-sejours-plages-ce-que-les-hotels-nont-plus-le-droit-dimposer\\\/379345\\\/#primaryimage\"},\"thumbnailUrl\":\"https:\\\/\\\/www.webdo.tn\\\/fr\\\/wp-content\\\/uploads\\\/2025\\\/07\\\/1752068518.png\",\"keywords\":[\"tenue\",\"Tourisme\",\"touriste\",\"Tunisie\"],\"articleSection\":[\"National\"],\"inLanguage\":\"fr-FR\"},{\"@type\":\"WebPage\",\"@id\":\"https:\\\/\\\/www.webdo.tn\\\/fr\\\/actualite\\\/national\\\/tunisie-tenues-sejours-plages-ce-que-les-hotels-nont-plus-le-droit-dimposer\\\/379345\\\/\",\"url\":\"https:\\\/\\\/www.webdo.tn\\\/fr\\\/actualite\\\/national\\\/tunisie-tenues-sejours-plages-ce-que-les-hotels-nont-plus-le-droit-dimposer\\\/379345\\\/\",\"name\":\"Tunisie : Tenues, s\u00e9jours, plages... ce que les h\u00f4tels n\u2019ont plus le droit d\u2019imposer - webdo\",\"isPartOf\":{\"@id\":\"https:\\\/\\\/www.webdo.tn\\\/fr\\\/#website\"},\"primaryImageOfPage\":{\"@id\":\"https:\\\/\\\/www.webdo.tn\\\/fr\\\/actualite\\\/national\\\/tunisie-tenues-sejours-plages-ce-que-les-hotels-nont-plus-le-droit-dimposer\\\/379345\\\/#primaryimage\"},\"image\":{\"@id\":\"https:\\\/\\\/www.webdo.tn\\\/fr\\\/actualite\\\/national\\\/tunisie-tenues-sejours-plages-ce-que-les-hotels-nont-plus-le-droit-dimposer\\\/379345\\\/#primaryimage\"},\"thumbnailUrl\":\"https:\\\/\\\/www.webdo.tn\\\/fr\\\/wp-content\\\/uploads\\\/2025\\\/07\\\/1752068518.png\",\"datePublished\":\"2025-07-09T17:01:03+00:00\",\"dateModified\":\"2025-07-10T11:06:52+00:00\",\"description\":\"D\u00e9couvrez les nouvelles r\u00e9gulations concernant le tourisme et la libert\u00e9 vestimentaire pour les estivants dans le pays.\",\"breadcrumb\":{\"@id\":\"https:\\\/\\\/www.webdo.tn\\\/fr\\\/actualite\\\/national\\\/tunisie-tenues-sejours-plages-ce-que-les-hotels-nont-plus-le-droit-dimposer\\\/379345\\\/#breadcrumb\"},\"inLanguage\":\"fr-FR\",\"potentialAction\":[{\"@type\":\"ReadAction\",\"target\":[\"https:\\\/\\\/www.webdo.tn\\\/fr\\\/actualite\\\/national\\\/tunisie-tenues-sejours-plages-ce-que-les-hotels-nont-plus-le-droit-dimposer\\\/379345\\\/\"]}]},{\"@type\":\"ImageObject\",\"inLanguage\":\"fr-FR\",\"@id\":\"https:\\\/\\\/www.webdo.tn\\\/fr\\\/actualite\\\/national\\\/tunisie-tenues-sejours-plages-ce-que-les-hotels-nont-plus-le-droit-dimposer\\\/379345\\\/#primaryimage\",\"url\":\"https:\\\/\\\/www.webdo.tn\\\/fr\\\/wp-content\\\/uploads\\\/2025\\\/07\\\/1752068518.png\",\"contentUrl\":\"https:\\\/\\\/www.webdo.tn\\\/fr\\\/wp-content\\\/uploads\\\/2025\\\/07\\\/1752068518.png\",\"width\":800,\"height\":450},{\"@type\":\"BreadcrumbList\",\"@id\":\"https:\\\/\\\/www.webdo.tn\\\/fr\\\/actualite\\\/national\\\/tunisie-tenues-sejours-plages-ce-que-les-hotels-nont-plus-le-droit-dimposer\\\/379345\\\/#breadcrumb\",\"itemListElement\":[{\"@type\":\"ListItem\",\"position\":1,\"name\":\"Accueil\",\"item\":\"https:\\\/\\\/www.webdo.tn\\\/fr\\\/\"},{\"@type\":\"ListItem\",\"position\":2,\"name\":\"Tunisie : Tenues, s\u00e9jours, plages&#8230; ce que les h\u00f4tels n\u2019ont plus le droit d\u2019imposer\"}]},{\"@type\":\"WebSite\",\"@id\":\"https:\\\/\\\/www.webdo.tn\\\/fr\\\/#website\",\"url\":\"https:\\\/\\\/www.webdo.tn\\\/fr\\\/\",\"name\":\"webdo\",\"description\":\"Tunisie - News en Tunisie et \u00e0 l&#039;international sur Webdo.tn\",\"publisher\":{\"@id\":\"https:\\\/\\\/www.webdo.tn\\\/fr\\\/#organization\"},\"potentialAction\":[{\"@type\":\"SearchAction\",\"target\":{\"@type\":\"EntryPoint\",\"urlTemplate\":\"https:\\\/\\\/www.webdo.tn\\\/fr\\\/?s={search_term_string}\"},\"query-input\":{\"@type\":\"PropertyValueSpecification\",\"valueRequired\":true,\"valueName\":\"search_term_string\"}}],\"inLanguage\":\"fr-FR\"},{\"@type\":\"Organization\",\"@id\":\"https:\\\/\\\/www.webdo.tn\\\/fr\\\/#organization\",\"name\":\"Webdo\",\"alternateName\":\"Webdo.tn\",\"url\":\"https:\\\/\\\/www.webdo.tn\\\/fr\\\/\",\"logo\":{\"@type\":\"ImageObject\",\"inLanguage\":\"fr-FR\",\"@id\":\"https:\\\/\\\/www.webdo.tn\\\/fr\\\/#\\\/schema\\\/logo\\\/image\\\/\",\"url\":\"https:\\\/\\\/www.webdo.tn\\\/fr\\\/wp-content\\\/uploads\\\/2025\\\/06\\\/Webdo-Tunisie_168377.jpg\",\"contentUrl\":\"https:\\\/\\\/www.webdo.tn\\\/fr\\\/wp-content\\\/uploads\\\/2025\\\/06\\\/Webdo-Tunisie_168377.jpg\",\"width\":301,\"height\":301,\"caption\":\"Webdo\"},\"image\":{\"@id\":\"https:\\\/\\\/www.webdo.tn\\\/fr\\\/#\\\/schema\\\/logo\\\/image\\\/\"},\"sameAs\":[\"https:\\\/\\\/www.facebook.com\\\/webdotn\",\"https:\\\/\\\/x.com\\\/webdo_tn\"],\"description\":\"Webdo est un m\u00e9dia num\u00e9rique tunisien fond\u00e9 en 2010, sp\u00e9cialis\u00e9 dans l\u2019actualit\u00e9 nationale et internationale, l\u2019\u00e9conomie, la soci\u00e9t\u00e9 et les analyses politiques. Le site s\u2019adresse \u00e0 un large public francophone et couvre l\u2019information tunisienne en temps r\u00e9el.\",\"email\":\"redac@webdo.tn\",\"legalName\":\"YNJ SARL\",\"foundingDate\":\"2010-09-06\",\"numberOfEmployees\":{\"@type\":\"QuantitativeValue\",\"minValue\":\"11\",\"maxValue\":\"50\"}},{\"@type\":\"Person\",\"@id\":\"https:\\\/\\\/www.webdo.tn\\\/fr\\\/#\\\/schema\\\/person\\\/b9ecde7a5574cb4fcf4b496ea5fadb15\",\"name\":\"Wided Belhaj\",\"image\":{\"@type\":\"ImageObject\",\"inLanguage\":\"fr-FR\",\"@id\":\"https:\\\/\\\/www.webdo.tn\\\/fr\\\/wp-content\\\/uploads\\\/2026\\\/04\\\/wided-belhaj_avatar-96x96.jpg\",\"url\":\"https:\\\/\\\/www.webdo.tn\\\/fr\\\/wp-content\\\/uploads\\\/2026\\\/04\\\/wided-belhaj_avatar-96x96.jpg\",\"contentUrl\":\"https:\\\/\\\/www.webdo.tn\\\/fr\\\/wp-content\\\/uploads\\\/2026\\\/04\\\/wided-belhaj_avatar-96x96.jpg\",\"caption\":\"Wided Belhaj\"},\"description\":\"Wided Belhaj est le pseudonyme \u00e9ditorial utilis\u00e9 par Khalil Jelassi, journaliste, ma\u00eetre-assistant \u00e0 l\u2019Institut de presse et des sciences de l\u2019information (IPSI) et chercheur en sciences de l\u2019information et de la communication. Cette signature est d\u00e9di\u00e9e \u00e0 l\u2019analyse des m\u00e9dias, des pratiques journalistiques et des mutations de l\u2019information \u00e0 l\u2019\u00e8re digitale. \u00c0 travers ses contributions, Wided Belhaj propose une lecture analytique de l\u2019actualit\u00e9, en croisant regard critique et expertise acad\u00e9mique.\",\"knowsAbout\":[\"m\u00e9dias\",\"journalisme\",\"communication\",\"information\",\"transformation num\u00e9rique\",\"analyse des m\u00e9dias\"],\"knowsLanguage\":[\"Fran\u00e7ais\",\"Arabe\"],\"jobTitle\":\"Webdo.tn\",\"worksFor\":\"Journaliste \u2013 Analyse des m\u00e9dias\",\"url\":\"https:\\\/\\\/www.webdo.tn\\\/fr\\\/actualite\\\/author\\\/wided-belhaj\\\/\"}]}<\/script>\n<!-- \/ Yoast SEO Premium plugin. -->","yoast_head_json":{"title":"Tunisie : Tenues, s\u00e9jours, plages... ce que les h\u00f4tels n\u2019ont plus le droit d\u2019imposer - webdo","description":"D\u00e9couvrez les nouvelles r\u00e9gulations concernant le tourisme et la libert\u00e9 vestimentaire pour les estivants dans le pays.","canonical":"https:\/\/www.webdo.tn\/fr\/actualite\/national\/tunisie-tenues-sejours-plages-ce-que-les-hotels-nont-plus-le-droit-dimposer\/379345\/","og_locale":"fr_FR","og_type":"article","og_title":"Tunisie : Tenues, s\u00e9jours, plages... ce que les h\u00f4tels n\u2019ont plus le droit d\u2019imposer","og_description":"D\u00e9couvrez les nouvelles r\u00e9gulations concernant le tourisme et la libert\u00e9 vestimentaire pour les estivants dans le pays.","og_url":"https:\/\/www.webdo.tn\/fr\/actualite\/national\/tunisie-tenues-sejours-plages-ce-que-les-hotels-nont-plus-le-droit-dimposer\/379345\/","og_site_name":"webdo","article_publisher":"https:\/\/www.facebook.com\/webdotn","article_published_time":"2025-07-09T17:01:03+00:00","article_modified_time":"2025-07-10T11:06:52+00:00","og_image":[{"width":800,"height":450,"url":"https:\/\/www.webdo.tn\/fr\/wp-content\/uploads\/2025\/07\/1752068518.png","type":"image\/png"}],"author":"Wided Belhaj","twitter_card":"summary_large_image","twitter_creator":"@webdo_tn","twitter_site":"@webdo_tn","twitter_misc":{"\u00c9crit par":"Wided Belhaj","Dur\u00e9e de lecture estim\u00e9e":"1 minute"},"schema":{"@context":"https:\/\/schema.org","@graph":[{"@type":"NewsArticle","@id":"https:\/\/www.webdo.tn\/fr\/actualite\/national\/tunisie-tenues-sejours-plages-ce-que-les-hotels-nont-plus-le-droit-dimposer\/379345\/#article","isPartOf":{"@id":"https:\/\/www.webdo.tn\/fr\/actualite\/national\/tunisie-tenues-sejours-plages-ce-que-les-hotels-nont-plus-le-droit-dimposer\/379345\/"},"author":{"name":"Wided Belhaj","@id":"https:\/\/www.webdo.tn\/fr\/#\/schema\/person\/b9ecde7a5574cb4fcf4b496ea5fadb15"},"headline":"Tunisie : Tenues, s\u00e9jours, plages&#8230; ce que les h\u00f4tels n\u2019ont plus le droit d\u2019imposer","datePublished":"2025-07-09T17:01:03+00:00","dateModified":"2025-07-10T11:06:52+00:00","mainEntityOfPage":{"@id":"https:\/\/www.webdo.tn\/fr\/actualite\/national\/tunisie-tenues-sejours-plages-ce-que-les-hotels-nont-plus-le-droit-dimposer\/379345\/"},"wordCount":193,"commentCount":0,"publisher":{"@id":"https:\/\/www.webdo.tn\/fr\/#organization"},"image":{"@id":"https:\/\/www.webdo.tn\/fr\/actualite\/national\/tunisie-tenues-sejours-plages-ce-que-les-hotels-nont-plus-le-droit-dimposer\/379345\/#primaryimage"},"thumbnailUrl":"https:\/\/www.webdo.tn\/fr\/wp-content\/uploads\/2025\/07\/1752068518.png","keywords":["tenue","Tourisme","touriste","Tunisie"],"articleSection":["National"],"inLanguage":"fr-FR"},{"@type":"WebPage","@id":"https:\/\/www.webdo.tn\/fr\/actualite\/national\/tunisie-tenues-sejours-plages-ce-que-les-hotels-nont-plus-le-droit-dimposer\/379345\/","url":"https:\/\/www.webdo.tn\/fr\/actualite\/national\/tunisie-tenues-sejours-plages-ce-que-les-hotels-nont-plus-le-droit-dimposer\/379345\/","name":"Tunisie : Tenues, s\u00e9jours, plages... ce que les h\u00f4tels n\u2019ont plus le droit d\u2019imposer - webdo","isPartOf":{"@id":"https:\/\/www.webdo.tn\/fr\/#website"},"primaryImageOfPage":{"@id":"https:\/\/www.webdo.tn\/fr\/actualite\/national\/tunisie-tenues-sejours-plages-ce-que-les-hotels-nont-plus-le-droit-dimposer\/379345\/#primaryimage"},"image":{"@id":"https:\/\/www.webdo.tn\/fr\/actualite\/national\/tunisie-tenues-sejours-plages-ce-que-les-hotels-nont-plus-le-droit-dimposer\/379345\/#primaryimage"},"thumbnailUrl":"https:\/\/www.webdo.tn\/fr\/wp-content\/uploads\/2025\/07\/1752068518.png","datePublished":"2025-07-09T17:01:03+00:00","dateModified":"2025-07-10T11:06:52+00:00","description":"D\u00e9couvrez les nouvelles r\u00e9gulations concernant le tourisme et la libert\u00e9 vestimentaire pour les estivants dans le pays.","breadcrumb":{"@id":"https:\/\/www.webdo.tn\/fr\/actualite\/national\/tunisie-tenues-sejours-plages-ce-que-les-hotels-nont-plus-le-droit-dimposer\/379345\/#breadcrumb"},"inLanguage":"fr-FR","potentialAction":[{"@type":"ReadAction","target":["https:\/\/www.webdo.tn\/fr\/actualite\/national\/tunisie-tenues-sejours-plages-ce-que-les-hotels-nont-plus-le-droit-dimposer\/379345\/"]}]},{"@type":"ImageObject","inLanguage":"fr-FR","@id":"https:\/\/www.webdo.tn\/fr\/actualite\/national\/tunisie-tenues-sejours-plages-ce-que-les-hotels-nont-plus-le-droit-dimposer\/379345\/#primaryimage","url":"https:\/\/www.webdo.tn\/fr\/wp-content\/uploads\/2025\/07\/1752068518.png","contentUrl":"https:\/\/www.webdo.tn\/fr\/wp-content\/uploads\/2025\/07\/1752068518.png","width":800,"height":450},{"@type":"BreadcrumbList","@id":"https:\/\/www.webdo.tn\/fr\/actualite\/national\/tunisie-tenues-sejours-plages-ce-que-les-hotels-nont-plus-le-droit-dimposer\/379345\/#breadcrumb","itemListElement":[{"@type":"ListItem","position":1,"name":"Accueil","item":"https:\/\/www.webdo.tn\/fr\/"},{"@type":"ListItem","position":2,"name":"Tunisie : Tenues, s\u00e9jours, plages&#8230; ce que les h\u00f4tels n\u2019ont plus le droit d\u2019imposer"}]},{"@type":"WebSite","@id":"https:\/\/www.webdo.tn\/fr\/#website","url":"https:\/\/www.webdo.tn\/fr\/","name":"webdo","description":"Tunisie - News en Tunisie et \u00e0 l&#039;international sur Webdo.tn","publisher":{"@id":"https:\/\/www.webdo.tn\/fr\/#organization"},"potentialAction":[{"@type":"SearchAction","target":{"@type":"EntryPoint","urlTemplate":"https:\/\/www.webdo.tn\/fr\/?s={search_term_string}"},"query-input":{"@type":"PropertyValueSpecification","valueRequired":true,"valueName":"search_term_string"}}],"inLanguage":"fr-FR"},{"@type":"Organization","@id":"https:\/\/www.webdo.tn\/fr\/#organization","name":"Webdo","alternateName":"Webdo.tn","url":"https:\/\/www.webdo.tn\/fr\/","logo":{"@type":"ImageObject","inLanguage":"fr-FR","@id":"https:\/\/www.webdo.tn\/fr\/#\/schema\/logo\/image\/","url":"https:\/\/www.webdo.tn\/fr\/wp-content\/uploads\/2025\/06\/Webdo-Tunisie_168377.jpg","contentUrl":"https:\/\/www.webdo.tn\/fr\/wp-content\/uploads\/2025\/06\/Webdo-Tunisie_168377.jpg","width":301,"height":301,"caption":"Webdo"},"image":{"@id":"https:\/\/www.webdo.tn\/fr\/#\/schema\/logo\/image\/"},"sameAs":["https:\/\/www.facebook.com\/webdotn","https:\/\/x.com\/webdo_tn"],"description":"Webdo est un m\u00e9dia num\u00e9rique tunisien fond\u00e9 en 2010, sp\u00e9cialis\u00e9 dans l\u2019actualit\u00e9 nationale et internationale, l\u2019\u00e9conomie, la soci\u00e9t\u00e9 et les analyses politiques. Le site s\u2019adresse \u00e0 un large public francophone et couvre l\u2019information tunisienne en temps r\u00e9el.","email":"redac@webdo.tn","legalName":"YNJ SARL","foundingDate":"2010-09-06","numberOfEmployees":{"@type":"QuantitativeValue","minValue":"11","maxValue":"50"}},{"@type":"Person","@id":"https:\/\/www.webdo.tn\/fr\/#\/schema\/person\/b9ecde7a5574cb4fcf4b496ea5fadb15","name":"Wided Belhaj","image":{"@type":"ImageObject","inLanguage":"fr-FR","@id":"https:\/\/www.webdo.tn\/fr\/wp-content\/uploads\/2026\/04\/wided-belhaj_avatar-96x96.jpg","url":"https:\/\/www.webdo.tn\/fr\/wp-content\/uploads\/2026\/04\/wided-belhaj_avatar-96x96.jpg","contentUrl":"https:\/\/www.webdo.tn\/fr\/wp-content\/uploads\/2026\/04\/wided-belhaj_avatar-96x96.jpg","caption":"Wided Belhaj"},"description":"Wided Belhaj est le pseudonyme \u00e9ditorial utilis\u00e9 par Khalil Jelassi, journaliste, ma\u00eetre-assistant \u00e0 l\u2019Institut de presse et des sciences de l\u2019information (IPSI) et chercheur en sciences de l\u2019information et de la communication. Cette signature est d\u00e9di\u00e9e \u00e0 l\u2019analyse des m\u00e9dias, des pratiques journalistiques et des mutations de l\u2019information \u00e0 l\u2019\u00e8re digitale. \u00c0 travers ses contributions, Wided Belhaj propose une lecture analytique de l\u2019actualit\u00e9, en croisant regard critique et expertise acad\u00e9mique.","knowsAbout":["m\u00e9dias","journalisme","communication","information","transformation num\u00e9rique","analyse des m\u00e9dias"],"knowsLanguage":["Fran\u00e7ais","Arabe"],"jobTitle":"Webdo.tn","worksFor":"Journaliste \u2013 Analyse des m\u00e9dias","url":"https:\/\/www.webdo.tn\/fr\/actualite\/author\/wided-belhaj\/"}]}},"_links":{"self":[{"href":"https:\/\/www.webdo.tn\/fr\/wp-json\/wp\/v2\/posts\/379345","targetHints":{"allow":["GET"]}}],"collection":[{"href":"https:\/\/www.webdo.tn\/fr\/wp-json\/wp\/v2\/posts"}],"about":[{"href":"https:\/\/www.webdo.tn\/fr\/wp-json\/wp\/v2\/types\/post"}],"author":[{"embeddable":true,"href":"https:\/\/www.webdo.tn\/fr\/wp-json\/wp\/v2\/users\/3184"}],"replies":[{"embeddable":true,"href":"https:\/\/www.webdo.tn\/fr\/wp-json\/wp\/v2\/comments?post=379345"}],"version-history":[{"count":0,"href":"https:\/\/www.webdo.tn\/fr\/wp-json\/wp\/v2\/posts\/379345\/revisions"}],"wp:featuredmedia":[{"embeddable":true,"href":"https:\/\/www.webdo.tn\/fr\/wp-json\/wp\/v2\/media\/379346"}],"wp:attachment":[{"href":"https:\/\/www.webdo.tn\/fr\/wp-json\/wp\/v2\/media?parent=379345"}],"wp:term":[{"taxonomy":"category","embeddable":true,"href":"https:\/\/www.webdo.tn\/fr\/wp-json\/wp\/v2\/categories?post=379345"},{"taxonomy":"post_tag","embeddable":true,"href":"https:\/\/www.webdo.tn\/fr\/wp-json\/wp\/v2\/tags?post=379345"}],"curies":[{"name":"wp","href":"https:\/\/api.w.org\/{rel}","templated":true}]}}