{"id":379338,"date":"2025-07-09T14:11:17","date_gmt":"2025-07-09T13:11:17","guid":{"rendered":"https:\/\/www.webdo.tn\/fr\/?p=379338"},"modified":"2025-07-09T14:11:18","modified_gmt":"2025-07-09T13:11:18","slug":"tunisie-la-protection-civile-interdit-la-baignade-aujourdhui","status":"publish","type":"post","link":"https:\/\/www.webdo.tn\/fr\/actualite\/national\/tunisie-la-protection-civile-interdit-la-baignade-aujourdhui\/379338\/","title":{"rendered":"Tunisie : La Protection civile interdit la baignade aujourd\u2019hui"},"content":{"rendered":"\n<p>Face \u00e0 des conditions m\u00e9t\u00e9orologiques d\u00e9favorables, la Protection civile a formellement d\u00e9conseill\u00e9 toute baignade en mer ce mercredi, en raison de vents puissants susceptibles de provoquer des courants dangereux et des vagues soudaines.<\/p>\n\n\n\n<p>Les autorit\u00e9s appellent les citoyens \u00e0 faire preuve de prudence et \u00e0 respecter les consignes de s\u00e9curit\u00e9, en particulier les drapeaux de signalisation pr\u00e9sents sur les plages, qui indiquent le niveau de risque en mer. La population est \u00e9galement invit\u00e9e \u00e0 suivre les bulletins d\u2019alerte diffus\u00e9s par l\u2019Institut national de la m\u00e9t\u00e9orologie (INM).<\/p>\n\n\n\n<p>Ce dernier pr\u00e9voit, dans ses derni\u00e8res pr\u00e9visions, la poursuite de vents violents sur l\u2019ensemble du littoral et signale une mer tr\u00e8s agit\u00e9e, parfois dangereuse m\u00eame lorsque les conditions paraissent calmes en surface.<\/p>\n\n\n\n<p>La Protection civile insiste particuli\u00e8rement sur le risque pour les enfants, appelant \u00e0 leur interdire toute baignade, m\u00eame en l\u2019absence apparente de vagues. Les courants d\u2019arrachement et les vagues inattendues g\u00e9n\u00e9r\u00e9es par ces vents forts peuvent d\u00e9sorienter les nageurs, rendant les op\u00e9rations de sauvetage plus complexes.<\/p>\n\n\n\n<p>Les estivants sont enfin invit\u00e9s \u00e0 contacter le num\u00e9ro d\u2019urgence 198 en cas de situation critique ou d\u2019accident signal\u00e9 sur le littoral.<\/p>\n","protected":false},"excerpt":{"rendered":"<p>Face \u00e0 des conditions m\u00e9t\u00e9orologiques d\u00e9favorables, la Protection civile a formellement d\u00e9conseill\u00e9 toute baignade en mer ce mercredi, en raison de vents puissants susceptibles de provoquer des courants dangereux et des vagues soudaines. Les autorit\u00e9s appellent les citoyens \u00e0 faire preuve de prudence et \u00e0 respecter les consignes de s\u00e9curit\u00e9, en particulier les drapeaux de [&hellip;]<\/p>\n","protected":false},"author":3191,"featured_media":379339,"comment_status":"open","ping_status":"open","sticky":false,"template":"","format":"standard","meta":{"footnotes":""},"categories":[44],"tags":[8310,2670,3088,2608,4671],"class_list":["post-379338","post","type-post","status-publish","format-standard","has-post-thumbnail","hentry","category-national","tag-baignade-interdite","tag-meteo","tag-protection-civile","tag-tunisie","tag-vents"],"yoast_head":"<!-- This site is optimized with the Yoast SEO Premium plugin v27.5 (Yoast SEO v27.5) - https:\/\/yoast.com\/product\/yoast-seo-premium-wordpress\/ -->\n<title>Tunisie : La Protection civile interdit la baignade aujourd\u2019hui - webdo<\/title>\n<meta name=\"description\" content=\"La Protection civile d\u00e9conseille la baignade en mer en raison de conditions m\u00e9t\u00e9orologiques dangereuses. Restez vigilant.\" \/>\n<link rel=\"canonical\" href=\"https:\/\/www.webdo.tn\/fr\/actualite\/national\/tunisie-la-protection-civile-interdit-la-baignade-aujourdhui\/379338\/\" \/>\n<meta property=\"og:locale\" content=\"fr_FR\" \/>\n<meta property=\"og:type\" content=\"article\" \/>\n<meta property=\"og:title\" content=\"Tunisie : La Protection civile interdit la baignade aujourd\u2019hui\" \/>\n<meta property=\"og:description\" content=\"La Protection civile d\u00e9conseille la baignade en mer en raison de conditions m\u00e9t\u00e9orologiques dangereuses. Restez vigilant.\" \/>\n<meta property=\"og:url\" content=\"https:\/\/www.webdo.tn\/fr\/actualite\/national\/tunisie-la-protection-civile-interdit-la-baignade-aujourdhui\/379338\/\" \/>\n<meta property=\"og:site_name\" content=\"webdo\" \/>\n<meta property=\"article:publisher\" content=\"https:\/\/www.facebook.com\/webdotn\" \/>\n<meta property=\"article:published_time\" content=\"2025-07-09T13:11:17+00:00\" \/>\n<meta property=\"article:modified_time\" content=\"2025-07-09T13:11:18+00:00\" \/>\n<meta property=\"og:image\" content=\"https:\/\/www.webdo.tn\/fr\/wp-content\/uploads\/2025\/07\/baignade.jpg\" \/>\n\t<meta property=\"og:image:width\" content=\"660\" \/>\n\t<meta property=\"og:image:height\" content=\"394\" \/>\n\t<meta property=\"og:image:type\" content=\"image\/jpeg\" \/>\n<meta name=\"author\" content=\"Mohamed Hedi Touati\" \/>\n<meta name=\"twitter:card\" content=\"summary_large_image\" \/>\n<meta name=\"twitter:creator\" content=\"@webdo_tn\" \/>\n<meta name=\"twitter:site\" content=\"@webdo_tn\" \/>\n<meta name=\"twitter:label1\" content=\"\u00c9crit par\" \/>\n\t<meta name=\"twitter:data1\" content=\"Mohamed Hedi Touati\" \/>\n\t<meta name=\"twitter:label2\" content=\"Dur\u00e9e de lecture estim\u00e9e\" \/>\n\t<meta name=\"twitter:data2\" content=\"2 minutes\" \/>\n<script type=\"application\/ld+json\" class=\"yoast-schema-graph\">{\"@context\":\"https:\\\/\\\/schema.org\",\"@graph\":[{\"@type\":\"NewsArticle\",\"@id\":\"https:\\\/\\\/www.webdo.tn\\\/fr\\\/actualite\\\/national\\\/tunisie-la-protection-civile-interdit-la-baignade-aujourdhui\\\/379338\\\/#article\",\"isPartOf\":{\"@id\":\"https:\\\/\\\/www.webdo.tn\\\/fr\\\/actualite\\\/national\\\/tunisie-la-protection-civile-interdit-la-baignade-aujourdhui\\\/379338\\\/\"},\"author\":{\"name\":\"Mohamed Hedi Touati\",\"@id\":\"https:\\\/\\\/www.webdo.tn\\\/fr\\\/#\\\/schema\\\/person\\\/c652cd8fc2b1b44412b5ffb48c5a911d\"},\"headline\":\"Tunisie : La Protection civile interdit la baignade aujourd\u2019hui\",\"datePublished\":\"2025-07-09T13:11:17+00:00\",\"dateModified\":\"2025-07-09T13:11:18+00:00\",\"mainEntityOfPage\":{\"@id\":\"https:\\\/\\\/www.webdo.tn\\\/fr\\\/actualite\\\/national\\\/tunisie-la-protection-civile-interdit-la-baignade-aujourdhui\\\/379338\\\/\"},\"wordCount\":221,\"commentCount\":0,\"publisher\":{\"@id\":\"https:\\\/\\\/www.webdo.tn\\\/fr\\\/#organization\"},\"image\":{\"@id\":\"https:\\\/\\\/www.webdo.tn\\\/fr\\\/actualite\\\/national\\\/tunisie-la-protection-civile-interdit-la-baignade-aujourdhui\\\/379338\\\/#primaryimage\"},\"thumbnailUrl\":\"https:\\\/\\\/www.webdo.tn\\\/fr\\\/wp-content\\\/uploads\\\/2025\\\/07\\\/baignade.jpg\",\"keywords\":[\"baignade interdite\",\"m\u00e9t\u00e9o\",\"protection civile\",\"Tunisie\",\"Vents\"],\"articleSection\":[\"National\"],\"inLanguage\":\"fr-FR\"},{\"@type\":\"WebPage\",\"@id\":\"https:\\\/\\\/www.webdo.tn\\\/fr\\\/actualite\\\/national\\\/tunisie-la-protection-civile-interdit-la-baignade-aujourdhui\\\/379338\\\/\",\"url\":\"https:\\\/\\\/www.webdo.tn\\\/fr\\\/actualite\\\/national\\\/tunisie-la-protection-civile-interdit-la-baignade-aujourdhui\\\/379338\\\/\",\"name\":\"Tunisie : La Protection civile interdit la baignade aujourd\u2019hui - webdo\",\"isPartOf\":{\"@id\":\"https:\\\/\\\/www.webdo.tn\\\/fr\\\/#website\"},\"primaryImageOfPage\":{\"@id\":\"https:\\\/\\\/www.webdo.tn\\\/fr\\\/actualite\\\/national\\\/tunisie-la-protection-civile-interdit-la-baignade-aujourdhui\\\/379338\\\/#primaryimage\"},\"image\":{\"@id\":\"https:\\\/\\\/www.webdo.tn\\\/fr\\\/actualite\\\/national\\\/tunisie-la-protection-civile-interdit-la-baignade-aujourdhui\\\/379338\\\/#primaryimage\"},\"thumbnailUrl\":\"https:\\\/\\\/www.webdo.tn\\\/fr\\\/wp-content\\\/uploads\\\/2025\\\/07\\\/baignade.jpg\",\"datePublished\":\"2025-07-09T13:11:17+00:00\",\"dateModified\":\"2025-07-09T13:11:18+00:00\",\"description\":\"La Protection civile d\u00e9conseille la baignade en mer en raison de conditions m\u00e9t\u00e9orologiques dangereuses. Restez vigilant.\",\"breadcrumb\":{\"@id\":\"https:\\\/\\\/www.webdo.tn\\\/fr\\\/actualite\\\/national\\\/tunisie-la-protection-civile-interdit-la-baignade-aujourdhui\\\/379338\\\/#breadcrumb\"},\"inLanguage\":\"fr-FR\",\"potentialAction\":[{\"@type\":\"ReadAction\",\"target\":[\"https:\\\/\\\/www.webdo.tn\\\/fr\\\/actualite\\\/national\\\/tunisie-la-protection-civile-interdit-la-baignade-aujourdhui\\\/379338\\\/\"]}]},{\"@type\":\"ImageObject\",\"inLanguage\":\"fr-FR\",\"@id\":\"https:\\\/\\\/www.webdo.tn\\\/fr\\\/actualite\\\/national\\\/tunisie-la-protection-civile-interdit-la-baignade-aujourdhui\\\/379338\\\/#primaryimage\",\"url\":\"https:\\\/\\\/www.webdo.tn\\\/fr\\\/wp-content\\\/uploads\\\/2025\\\/07\\\/baignade.jpg\",\"contentUrl\":\"https:\\\/\\\/www.webdo.tn\\\/fr\\\/wp-content\\\/uploads\\\/2025\\\/07\\\/baignade.jpg\",\"width\":660,\"height\":394,\"caption\":\"Tunisie - M\u00e9t\u00e9o : Mer agit\u00e9e, temp\u00e9ratures \u00e9lev\u00e9es\"},{\"@type\":\"BreadcrumbList\",\"@id\":\"https:\\\/\\\/www.webdo.tn\\\/fr\\\/actualite\\\/national\\\/tunisie-la-protection-civile-interdit-la-baignade-aujourdhui\\\/379338\\\/#breadcrumb\",\"itemListElement\":[{\"@type\":\"ListItem\",\"position\":1,\"name\":\"Accueil\",\"item\":\"https:\\\/\\\/www.webdo.tn\\\/fr\\\/\"},{\"@type\":\"ListItem\",\"position\":2,\"name\":\"Tunisie : La Protection civile interdit la baignade aujourd\u2019hui\"}]},{\"@type\":\"WebSite\",\"@id\":\"https:\\\/\\\/www.webdo.tn\\\/fr\\\/#website\",\"url\":\"https:\\\/\\\/www.webdo.tn\\\/fr\\\/\",\"name\":\"webdo\",\"description\":\"Tunisie - News en Tunisie et \u00e0 l&#039;international sur Webdo.tn\",\"publisher\":{\"@id\":\"https:\\\/\\\/www.webdo.tn\\\/fr\\\/#organization\"},\"potentialAction\":[{\"@type\":\"SearchAction\",\"target\":{\"@type\":\"EntryPoint\",\"urlTemplate\":\"https:\\\/\\\/www.webdo.tn\\\/fr\\\/?s={search_term_string}\"},\"query-input\":{\"@type\":\"PropertyValueSpecification\",\"valueRequired\":true,\"valueName\":\"search_term_string\"}}],\"inLanguage\":\"fr-FR\"},{\"@type\":\"Organization\",\"@id\":\"https:\\\/\\\/www.webdo.tn\\\/fr\\\/#organization\",\"name\":\"Webdo\",\"alternateName\":\"Webdo.tn\",\"url\":\"https:\\\/\\\/www.webdo.tn\\\/fr\\\/\",\"logo\":{\"@type\":\"ImageObject\",\"inLanguage\":\"fr-FR\",\"@id\":\"https:\\\/\\\/www.webdo.tn\\\/fr\\\/#\\\/schema\\\/logo\\\/image\\\/\",\"url\":\"https:\\\/\\\/www.webdo.tn\\\/fr\\\/wp-content\\\/uploads\\\/2025\\\/06\\\/Webdo-Tunisie_168377.jpg\",\"contentUrl\":\"https:\\\/\\\/www.webdo.tn\\\/fr\\\/wp-content\\\/uploads\\\/2025\\\/06\\\/Webdo-Tunisie_168377.jpg\",\"width\":301,\"height\":301,\"caption\":\"Webdo\"},\"image\":{\"@id\":\"https:\\\/\\\/www.webdo.tn\\\/fr\\\/#\\\/schema\\\/logo\\\/image\\\/\"},\"sameAs\":[\"https:\\\/\\\/www.facebook.com\\\/webdotn\",\"https:\\\/\\\/x.com\\\/webdo_tn\"],\"description\":\"Webdo est un m\u00e9dia num\u00e9rique tunisien fond\u00e9 en 2010, sp\u00e9cialis\u00e9 dans l\u2019actualit\u00e9 nationale et internationale, l\u2019\u00e9conomie, la soci\u00e9t\u00e9 et les analyses politiques. Le site s\u2019adresse \u00e0 un large public francophone et couvre l\u2019information tunisienne en temps r\u00e9el.\",\"email\":\"redac@webdo.tn\",\"legalName\":\"YNJ SARL\",\"foundingDate\":\"2010-09-06\",\"numberOfEmployees\":{\"@type\":\"QuantitativeValue\",\"minValue\":\"11\",\"maxValue\":\"50\"}},{\"@type\":\"Person\",\"@id\":\"https:\\\/\\\/www.webdo.tn\\\/fr\\\/#\\\/schema\\\/person\\\/c652cd8fc2b1b44412b5ffb48c5a911d\",\"name\":\"Mohamed Hedi Touati\",\"image\":{\"@type\":\"ImageObject\",\"inLanguage\":\"fr-FR\",\"@id\":\"https:\\\/\\\/secure.gravatar.com\\\/avatar\\\/9cfd402c745b7a685f13eed0ea6e59d2144a3c2fc50a3db6fd5ed451f6cddf1a?s=96&d=mm&r=g\",\"url\":\"https:\\\/\\\/secure.gravatar.com\\\/avatar\\\/9cfd402c745b7a685f13eed0ea6e59d2144a3c2fc50a3db6fd5ed451f6cddf1a?s=96&d=mm&r=g\",\"contentUrl\":\"https:\\\/\\\/secure.gravatar.com\\\/avatar\\\/9cfd402c745b7a685f13eed0ea6e59d2144a3c2fc50a3db6fd5ed451f6cddf1a?s=96&d=mm&r=g\",\"caption\":\"Mohamed Hedi Touati\"},\"url\":\"https:\\\/\\\/www.webdo.tn\\\/fr\\\/actualite\\\/author\\\/mohamed-hedi-touati\\\/\"}]}<\/script>\n<!-- \/ Yoast SEO Premium plugin. -->","yoast_head_json":{"title":"Tunisie : La Protection civile interdit la baignade aujourd\u2019hui - webdo","description":"La Protection civile d\u00e9conseille la baignade en mer en raison de conditions m\u00e9t\u00e9orologiques dangereuses. Restez vigilant.","canonical":"https:\/\/www.webdo.tn\/fr\/actualite\/national\/tunisie-la-protection-civile-interdit-la-baignade-aujourdhui\/379338\/","og_locale":"fr_FR","og_type":"article","og_title":"Tunisie : La Protection civile interdit la baignade aujourd\u2019hui","og_description":"La Protection civile d\u00e9conseille la baignade en mer en raison de conditions m\u00e9t\u00e9orologiques dangereuses. Restez vigilant.","og_url":"https:\/\/www.webdo.tn\/fr\/actualite\/national\/tunisie-la-protection-civile-interdit-la-baignade-aujourdhui\/379338\/","og_site_name":"webdo","article_publisher":"https:\/\/www.facebook.com\/webdotn","article_published_time":"2025-07-09T13:11:17+00:00","article_modified_time":"2025-07-09T13:11:18+00:00","og_image":[{"width":660,"height":394,"url":"https:\/\/www.webdo.tn\/fr\/wp-content\/uploads\/2025\/07\/baignade.jpg","type":"image\/jpeg"}],"author":"Mohamed Hedi Touati","twitter_card":"summary_large_image","twitter_creator":"@webdo_tn","twitter_site":"@webdo_tn","twitter_misc":{"\u00c9crit par":"Mohamed Hedi Touati","Dur\u00e9e de lecture estim\u00e9e":"2 minutes"},"schema":{"@context":"https:\/\/schema.org","@graph":[{"@type":"NewsArticle","@id":"https:\/\/www.webdo.tn\/fr\/actualite\/national\/tunisie-la-protection-civile-interdit-la-baignade-aujourdhui\/379338\/#article","isPartOf":{"@id":"https:\/\/www.webdo.tn\/fr\/actualite\/national\/tunisie-la-protection-civile-interdit-la-baignade-aujourdhui\/379338\/"},"author":{"name":"Mohamed Hedi Touati","@id":"https:\/\/www.webdo.tn\/fr\/#\/schema\/person\/c652cd8fc2b1b44412b5ffb48c5a911d"},"headline":"Tunisie : La Protection civile interdit la baignade aujourd\u2019hui","datePublished":"2025-07-09T13:11:17+00:00","dateModified":"2025-07-09T13:11:18+00:00","mainEntityOfPage":{"@id":"https:\/\/www.webdo.tn\/fr\/actualite\/national\/tunisie-la-protection-civile-interdit-la-baignade-aujourdhui\/379338\/"},"wordCount":221,"commentCount":0,"publisher":{"@id":"https:\/\/www.webdo.tn\/fr\/#organization"},"image":{"@id":"https:\/\/www.webdo.tn\/fr\/actualite\/national\/tunisie-la-protection-civile-interdit-la-baignade-aujourdhui\/379338\/#primaryimage"},"thumbnailUrl":"https:\/\/www.webdo.tn\/fr\/wp-content\/uploads\/2025\/07\/baignade.jpg","keywords":["baignade interdite","m\u00e9t\u00e9o","protection civile","Tunisie","Vents"],"articleSection":["National"],"inLanguage":"fr-FR"},{"@type":"WebPage","@id":"https:\/\/www.webdo.tn\/fr\/actualite\/national\/tunisie-la-protection-civile-interdit-la-baignade-aujourdhui\/379338\/","url":"https:\/\/www.webdo.tn\/fr\/actualite\/national\/tunisie-la-protection-civile-interdit-la-baignade-aujourdhui\/379338\/","name":"Tunisie : La Protection civile interdit la baignade aujourd\u2019hui - webdo","isPartOf":{"@id":"https:\/\/www.webdo.tn\/fr\/#website"},"primaryImageOfPage":{"@id":"https:\/\/www.webdo.tn\/fr\/actualite\/national\/tunisie-la-protection-civile-interdit-la-baignade-aujourdhui\/379338\/#primaryimage"},"image":{"@id":"https:\/\/www.webdo.tn\/fr\/actualite\/national\/tunisie-la-protection-civile-interdit-la-baignade-aujourdhui\/379338\/#primaryimage"},"thumbnailUrl":"https:\/\/www.webdo.tn\/fr\/wp-content\/uploads\/2025\/07\/baignade.jpg","datePublished":"2025-07-09T13:11:17+00:00","dateModified":"2025-07-09T13:11:18+00:00","description":"La Protection civile d\u00e9conseille la baignade en mer en raison de conditions m\u00e9t\u00e9orologiques dangereuses. Restez vigilant.","breadcrumb":{"@id":"https:\/\/www.webdo.tn\/fr\/actualite\/national\/tunisie-la-protection-civile-interdit-la-baignade-aujourdhui\/379338\/#breadcrumb"},"inLanguage":"fr-FR","potentialAction":[{"@type":"ReadAction","target":["https:\/\/www.webdo.tn\/fr\/actualite\/national\/tunisie-la-protection-civile-interdit-la-baignade-aujourdhui\/379338\/"]}]},{"@type":"ImageObject","inLanguage":"fr-FR","@id":"https:\/\/www.webdo.tn\/fr\/actualite\/national\/tunisie-la-protection-civile-interdit-la-baignade-aujourdhui\/379338\/#primaryimage","url":"https:\/\/www.webdo.tn\/fr\/wp-content\/uploads\/2025\/07\/baignade.jpg","contentUrl":"https:\/\/www.webdo.tn\/fr\/wp-content\/uploads\/2025\/07\/baignade.jpg","width":660,"height":394,"caption":"Tunisie - M\u00e9t\u00e9o : Mer agit\u00e9e, temp\u00e9ratures \u00e9lev\u00e9es"},{"@type":"BreadcrumbList","@id":"https:\/\/www.webdo.tn\/fr\/actualite\/national\/tunisie-la-protection-civile-interdit-la-baignade-aujourdhui\/379338\/#breadcrumb","itemListElement":[{"@type":"ListItem","position":1,"name":"Accueil","item":"https:\/\/www.webdo.tn\/fr\/"},{"@type":"ListItem","position":2,"name":"Tunisie : La Protection civile interdit la baignade aujourd\u2019hui"}]},{"@type":"WebSite","@id":"https:\/\/www.webdo.tn\/fr\/#website","url":"https:\/\/www.webdo.tn\/fr\/","name":"webdo","description":"Tunisie - News en Tunisie et \u00e0 l&#039;international sur Webdo.tn","publisher":{"@id":"https:\/\/www.webdo.tn\/fr\/#organization"},"potentialAction":[{"@type":"SearchAction","target":{"@type":"EntryPoint","urlTemplate":"https:\/\/www.webdo.tn\/fr\/?s={search_term_string}"},"query-input":{"@type":"PropertyValueSpecification","valueRequired":true,"valueName":"search_term_string"}}],"inLanguage":"fr-FR"},{"@type":"Organization","@id":"https:\/\/www.webdo.tn\/fr\/#organization","name":"Webdo","alternateName":"Webdo.tn","url":"https:\/\/www.webdo.tn\/fr\/","logo":{"@type":"ImageObject","inLanguage":"fr-FR","@id":"https:\/\/www.webdo.tn\/fr\/#\/schema\/logo\/image\/","url":"https:\/\/www.webdo.tn\/fr\/wp-content\/uploads\/2025\/06\/Webdo-Tunisie_168377.jpg","contentUrl":"https:\/\/www.webdo.tn\/fr\/wp-content\/uploads\/2025\/06\/Webdo-Tunisie_168377.jpg","width":301,"height":301,"caption":"Webdo"},"image":{"@id":"https:\/\/www.webdo.tn\/fr\/#\/schema\/logo\/image\/"},"sameAs":["https:\/\/www.facebook.com\/webdotn","https:\/\/x.com\/webdo_tn"],"description":"Webdo est un m\u00e9dia num\u00e9rique tunisien fond\u00e9 en 2010, sp\u00e9cialis\u00e9 dans l\u2019actualit\u00e9 nationale et internationale, l\u2019\u00e9conomie, la soci\u00e9t\u00e9 et les analyses politiques. Le site s\u2019adresse \u00e0 un large public francophone et couvre l\u2019information tunisienne en temps r\u00e9el.","email":"redac@webdo.tn","legalName":"YNJ SARL","foundingDate":"2010-09-06","numberOfEmployees":{"@type":"QuantitativeValue","minValue":"11","maxValue":"50"}},{"@type":"Person","@id":"https:\/\/www.webdo.tn\/fr\/#\/schema\/person\/c652cd8fc2b1b44412b5ffb48c5a911d","name":"Mohamed Hedi Touati","image":{"@type":"ImageObject","inLanguage":"fr-FR","@id":"https:\/\/secure.gravatar.com\/avatar\/9cfd402c745b7a685f13eed0ea6e59d2144a3c2fc50a3db6fd5ed451f6cddf1a?s=96&d=mm&r=g","url":"https:\/\/secure.gravatar.com\/avatar\/9cfd402c745b7a685f13eed0ea6e59d2144a3c2fc50a3db6fd5ed451f6cddf1a?s=96&d=mm&r=g","contentUrl":"https:\/\/secure.gravatar.com\/avatar\/9cfd402c745b7a685f13eed0ea6e59d2144a3c2fc50a3db6fd5ed451f6cddf1a?s=96&d=mm&r=g","caption":"Mohamed Hedi Touati"},"url":"https:\/\/www.webdo.tn\/fr\/actualite\/author\/mohamed-hedi-touati\/"}]}},"_links":{"self":[{"href":"https:\/\/www.webdo.tn\/fr\/wp-json\/wp\/v2\/posts\/379338","targetHints":{"allow":["GET"]}}],"collection":[{"href":"https:\/\/www.webdo.tn\/fr\/wp-json\/wp\/v2\/posts"}],"about":[{"href":"https:\/\/www.webdo.tn\/fr\/wp-json\/wp\/v2\/types\/post"}],"author":[{"embeddable":true,"href":"https:\/\/www.webdo.tn\/fr\/wp-json\/wp\/v2\/users\/3191"}],"replies":[{"embeddable":true,"href":"https:\/\/www.webdo.tn\/fr\/wp-json\/wp\/v2\/comments?post=379338"}],"version-history":[{"count":0,"href":"https:\/\/www.webdo.tn\/fr\/wp-json\/wp\/v2\/posts\/379338\/revisions"}],"wp:featuredmedia":[{"embeddable":true,"href":"https:\/\/www.webdo.tn\/fr\/wp-json\/wp\/v2\/media\/379339"}],"wp:attachment":[{"href":"https:\/\/www.webdo.tn\/fr\/wp-json\/wp\/v2\/media?parent=379338"}],"wp:term":[{"taxonomy":"category","embeddable":true,"href":"https:\/\/www.webdo.tn\/fr\/wp-json\/wp\/v2\/categories?post=379338"},{"taxonomy":"post_tag","embeddable":true,"href":"https:\/\/www.webdo.tn\/fr\/wp-json\/wp\/v2\/tags?post=379338"}],"curies":[{"name":"wp","href":"https:\/\/api.w.org\/{rel}","templated":true}]}}