{"id":379329,"date":"2025-07-09T13:40:46","date_gmt":"2025-07-09T12:40:46","guid":{"rendered":"https:\/\/www.webdo.tn\/fr\/?p=379329"},"modified":"2025-07-10T07:52:19","modified_gmt":"2025-07-10T06:52:19","slug":"tunisie-le-conseil-national-des-regions-et-des-districts-nous-fait-le-kou-de-lia","status":"publish","type":"post","link":"https:\/\/www.webdo.tn\/fr\/actualite\/national\/tunisie-le-conseil-national-des-regions-et-des-districts-nous-fait-le-kou-de-lia\/379329\/","title":{"rendered":"Tunisie\u00a0: Le Conseil national des r\u00e9gions et des districts nous fait le \u00ab\u00a0Kou\u00a0\u00bb de l\u2019IA"},"content":{"rendered":"\n<p>La Tunisie vient de franchir un cap historique : l\u2019intelligence artificielle \u2013 oui, la vraie, avec des algorithmes et tout le tralala \u2013 a officiellement \u00e9t\u00e9 mise \u00e0 contribution pour \u00e9laborer le prochain plan de d\u00e9veloppement. C\u2019est Mohamed El Kou, pr\u00e9sident de la Commission des plans de d\u00e9veloppement et des grands projets au Conseil national des r\u00e9gions et des districts qui l\u2019a affirm\u00e9 aujourd\u2019hui sur les ondes d\u2019Express fm.<\/p>\n\n\n\n<p>Car enfin, qui aurait cru que l\u2019IA, apr\u00e8s avoir conquis la m\u00e9decine, la finance et m\u00eame les \u00e9checs, allait se retrouver convoqu\u00e9e dans une r\u00e9union PowerPoint au minist\u00e8re de l\u2019\u00c9conomie, avec des feuilles Excel d\u2019il y a 2003 et des fax qui crient \u00e0 chaque envoi ? Et pourtant, miracle technologique tunisien oblige, les algorithmes ont class\u00e9 les priorit\u00e9s nationales. D\u2019ailleurs, on imagine ais\u00e9ment l\u2019IA r\u00e9pondre : \u00ab\u00a0Apr\u00e8s analyse des donn\u00e9es disponibles, la premi\u00e8re priorit\u00e9 est\u2026 d\u2019avoir des donn\u00e9es disponibles\u00a0\u00bb.<\/p>\n\n\n\n<p>Mohamed El Kou a tenu \u00e0 rassurer les sceptiques : \u00ab\u00a0L\u2019IA ne remplace pas l\u2019intelligence humaine\u00a0\u00bb. Et c\u2019est vrai. On sent bien que l\u2019humain, dans cette histoire, a gard\u00e9 la main pour\u2026 formuler un plan plein de bonnes intentions recycl\u00e9es : \u00e9conomie de la connaissance, justice sociale, \u00e9nergies renouvelables, r\u00e9duction des disparit\u00e9s r\u00e9gionales. Le tout dans un packaging technocratique pr\u00eat-\u00e0-voter.<\/p>\n\n\n\n<p>Et puis, bien s\u00fbr, il y a eu 50 sessions de formation. Cinquante ! Sans doute sur comment prononcer \u00ab\u00a0blockchain\u00a0\u00bb sans grimacer, ou encore comment ins\u00e9rer des gifs dans un diaporama de strat\u00e9gie r\u00e9gionale. Pendant ce temps, l\u2019intelligence artificielle, elle, pleurait doucement dans un coin, oblig\u00e9e d\u2019analyser des statistiques de 2014 avec des intitul\u00e9s comme \u00ab\u00a0Objectifs non atteints &#8211; \u00e0 reprendre en 2028\u00a0\u00bb.<\/p>\n\n\n\n<p>Mais rendons \u00e0 C\u00e9sar ce qui est \u00e0 El Kou : il a raison sur un point. Ceux qui refusent la transition num\u00e9rique seront marginalis\u00e9s. Et on ne parle pas ici des zones rurales oubli\u00e9es depuis 1967, non, mais bien de ceux qui n\u2019auront pas encore appris \u00e0 diff\u00e9rencier une application de messagerie d\u2019une plateforme de gouvernance.<\/p>\n\n\n\n<p>En somme, l\u2019avenir est radieux. Le plan de d\u00e9veloppement 2026-2030 est pr\u00eat. L\u2019intelligence artificielle l\u2019a valid\u00e9. Et si rien ne marche, on pourra toujours accuser l\u2019algorithme. Apr\u00e8s tout, c\u2019est bien connu : \u00ab\u00a0Ce n\u2019est pas le plan qui est mauvais, c\u2019est l\u2019IA qui a mal compris nos priorit\u00e9s\u00a0\u00bb.<\/p>\n","protected":false},"excerpt":{"rendered":"<p>La Tunisie vient de franchir un cap historique : l\u2019intelligence artificielle \u2013 oui, la vraie, avec des algorithmes et tout le tralala \u2013 a officiellement \u00e9t\u00e9 mise \u00e0 contribution pour \u00e9laborer le prochain plan de d\u00e9veloppement. C\u2019est Mohamed El Kou, pr\u00e9sident de la Commission des plans de d\u00e9veloppement et des grands projets au Conseil national [&hellip;]<\/p>\n","protected":false},"author":3191,"featured_media":379330,"comment_status":"open","ping_status":"open","sticky":false,"template":"","format":"standard","meta":{"footnotes":""},"categories":[44],"tags":[12175,12176,3301,12174,8899,2608],"class_list":["post-379329","post","type-post","status-publish","format-standard","has-post-thumbnail","hentry","category-national","tag-algorithmes","tag-commission-des-plans-de-developpement-et-des-grands-projets","tag-intelligence-artificelle","tag-mohamed-el-kou","tag-plan-de-developpement","tag-tunisie"],"yoast_head":"<!-- This site is optimized with the Yoast SEO Premium plugin v27.5 (Yoast SEO v27.5) - https:\/\/yoast.com\/product\/yoast-seo-premium-wordpress\/ -->\n<title>Tunisie\u00a0: Le Conseil national des r\u00e9gions et des districts nous fait le &quot;Kou&quot; de l\u2019IA - webdo<\/title>\n<meta name=\"description\" content=\"D\u00e9couvrez comment le Conseil national des r\u00e9gions et des districts utilise l&#039;intelligence artificielle pour le d\u00e9veloppement de la Tunisie.\" \/>\n<link rel=\"canonical\" href=\"https:\/\/www.webdo.tn\/fr\/actualite\/national\/tunisie-le-conseil-national-des-regions-et-des-districts-nous-fait-le-kou-de-lia\/379329\/\" \/>\n<meta property=\"og:locale\" content=\"fr_FR\" \/>\n<meta property=\"og:type\" content=\"article\" \/>\n<meta property=\"og:title\" content=\"Tunisie\u00a0: Le Conseil national des r\u00e9gions et des districts nous fait le &quot;Kou&quot; de l\u2019IA\" \/>\n<meta property=\"og:description\" content=\"D\u00e9couvrez comment le Conseil national des r\u00e9gions et des districts utilise l&#039;intelligence artificielle pour le d\u00e9veloppement de la Tunisie.\" \/>\n<meta property=\"og:url\" content=\"https:\/\/www.webdo.tn\/fr\/actualite\/national\/tunisie-le-conseil-national-des-regions-et-des-districts-nous-fait-le-kou-de-lia\/379329\/\" \/>\n<meta property=\"og:site_name\" content=\"webdo\" \/>\n<meta property=\"article:publisher\" content=\"https:\/\/www.facebook.com\/webdotn\" \/>\n<meta property=\"article:published_time\" content=\"2025-07-09T12:40:46+00:00\" \/>\n<meta property=\"article:modified_time\" content=\"2025-07-10T06:52:19+00:00\" \/>\n<meta property=\"og:image\" content=\"https:\/\/www.webdo.tn\/fr\/wp-content\/uploads\/2025\/07\/techn.jpg\" \/>\n\t<meta property=\"og:image:width\" content=\"1000\" \/>\n\t<meta property=\"og:image:height\" content=\"700\" \/>\n\t<meta property=\"og:image:type\" content=\"image\/jpeg\" \/>\n<meta name=\"author\" content=\"Mohamed Hedi Touati\" \/>\n<meta name=\"twitter:card\" content=\"summary_large_image\" \/>\n<meta name=\"twitter:creator\" content=\"@webdo_tn\" \/>\n<meta name=\"twitter:site\" content=\"@webdo_tn\" \/>\n<meta name=\"twitter:label1\" content=\"\u00c9crit par\" \/>\n\t<meta name=\"twitter:data1\" content=\"Mohamed Hedi Touati\" \/>\n\t<meta name=\"twitter:label2\" content=\"Dur\u00e9e de lecture estim\u00e9e\" \/>\n\t<meta name=\"twitter:data2\" content=\"3 minutes\" \/>\n<script type=\"application\/ld+json\" class=\"yoast-schema-graph\">{\"@context\":\"https:\\\/\\\/schema.org\",\"@graph\":[{\"@type\":\"NewsArticle\",\"@id\":\"https:\\\/\\\/www.webdo.tn\\\/fr\\\/actualite\\\/national\\\/tunisie-le-conseil-national-des-regions-et-des-districts-nous-fait-le-kou-de-lia\\\/379329\\\/#article\",\"isPartOf\":{\"@id\":\"https:\\\/\\\/www.webdo.tn\\\/fr\\\/actualite\\\/national\\\/tunisie-le-conseil-national-des-regions-et-des-districts-nous-fait-le-kou-de-lia\\\/379329\\\/\"},\"author\":{\"name\":\"Mohamed Hedi Touati\",\"@id\":\"https:\\\/\\\/www.webdo.tn\\\/fr\\\/#\\\/schema\\\/person\\\/c652cd8fc2b1b44412b5ffb48c5a911d\"},\"headline\":\"Tunisie\u00a0: Le Conseil national des r\u00e9gions et des districts nous fait le \u00ab\u00a0Kou\u00a0\u00bb de l\u2019IA\",\"datePublished\":\"2025-07-09T12:40:46+00:00\",\"dateModified\":\"2025-07-10T06:52:19+00:00\",\"mainEntityOfPage\":{\"@id\":\"https:\\\/\\\/www.webdo.tn\\\/fr\\\/actualite\\\/national\\\/tunisie-le-conseil-national-des-regions-et-des-districts-nous-fait-le-kou-de-lia\\\/379329\\\/\"},\"wordCount\":437,\"commentCount\":0,\"publisher\":{\"@id\":\"https:\\\/\\\/www.webdo.tn\\\/fr\\\/#organization\"},\"image\":{\"@id\":\"https:\\\/\\\/www.webdo.tn\\\/fr\\\/actualite\\\/national\\\/tunisie-le-conseil-national-des-regions-et-des-districts-nous-fait-le-kou-de-lia\\\/379329\\\/#primaryimage\"},\"thumbnailUrl\":\"https:\\\/\\\/www.webdo.tn\\\/fr\\\/wp-content\\\/uploads\\\/2025\\\/07\\\/techn.jpg\",\"keywords\":[\"algorithmes\",\"Commission des plans de d\u00e9veloppement et des grands projets\",\"intelligence artificelle\",\"mohamed el kou\",\"plan de d\u00e9veloppement\",\"Tunisie\"],\"articleSection\":[\"National\"],\"inLanguage\":\"fr-FR\"},{\"@type\":\"WebPage\",\"@id\":\"https:\\\/\\\/www.webdo.tn\\\/fr\\\/actualite\\\/national\\\/tunisie-le-conseil-national-des-regions-et-des-districts-nous-fait-le-kou-de-lia\\\/379329\\\/\",\"url\":\"https:\\\/\\\/www.webdo.tn\\\/fr\\\/actualite\\\/national\\\/tunisie-le-conseil-national-des-regions-et-des-districts-nous-fait-le-kou-de-lia\\\/379329\\\/\",\"name\":\"Tunisie\u00a0: Le Conseil national des r\u00e9gions et des districts nous fait le \\\"Kou\\\" de l\u2019IA - webdo\",\"isPartOf\":{\"@id\":\"https:\\\/\\\/www.webdo.tn\\\/fr\\\/#website\"},\"primaryImageOfPage\":{\"@id\":\"https:\\\/\\\/www.webdo.tn\\\/fr\\\/actualite\\\/national\\\/tunisie-le-conseil-national-des-regions-et-des-districts-nous-fait-le-kou-de-lia\\\/379329\\\/#primaryimage\"},\"image\":{\"@id\":\"https:\\\/\\\/www.webdo.tn\\\/fr\\\/actualite\\\/national\\\/tunisie-le-conseil-national-des-regions-et-des-districts-nous-fait-le-kou-de-lia\\\/379329\\\/#primaryimage\"},\"thumbnailUrl\":\"https:\\\/\\\/www.webdo.tn\\\/fr\\\/wp-content\\\/uploads\\\/2025\\\/07\\\/techn.jpg\",\"datePublished\":\"2025-07-09T12:40:46+00:00\",\"dateModified\":\"2025-07-10T06:52:19+00:00\",\"description\":\"D\u00e9couvrez comment le Conseil national des r\u00e9gions et des districts utilise l'intelligence artificielle pour le d\u00e9veloppement de la Tunisie.\",\"breadcrumb\":{\"@id\":\"https:\\\/\\\/www.webdo.tn\\\/fr\\\/actualite\\\/national\\\/tunisie-le-conseil-national-des-regions-et-des-districts-nous-fait-le-kou-de-lia\\\/379329\\\/#breadcrumb\"},\"inLanguage\":\"fr-FR\",\"potentialAction\":[{\"@type\":\"ReadAction\",\"target\":[\"https:\\\/\\\/www.webdo.tn\\\/fr\\\/actualite\\\/national\\\/tunisie-le-conseil-national-des-regions-et-des-districts-nous-fait-le-kou-de-lia\\\/379329\\\/\"]}]},{\"@type\":\"ImageObject\",\"inLanguage\":\"fr-FR\",\"@id\":\"https:\\\/\\\/www.webdo.tn\\\/fr\\\/actualite\\\/national\\\/tunisie-le-conseil-national-des-regions-et-des-districts-nous-fait-le-kou-de-lia\\\/379329\\\/#primaryimage\",\"url\":\"https:\\\/\\\/www.webdo.tn\\\/fr\\\/wp-content\\\/uploads\\\/2025\\\/07\\\/techn.jpg\",\"contentUrl\":\"https:\\\/\\\/www.webdo.tn\\\/fr\\\/wp-content\\\/uploads\\\/2025\\\/07\\\/techn.jpg\",\"width\":1000,\"height\":700,\"caption\":\"Le Conseil national des r\u00e9gions et des districts nous fait le \\\"Kou\\\" de l\u2019IA\"},{\"@type\":\"BreadcrumbList\",\"@id\":\"https:\\\/\\\/www.webdo.tn\\\/fr\\\/actualite\\\/national\\\/tunisie-le-conseil-national-des-regions-et-des-districts-nous-fait-le-kou-de-lia\\\/379329\\\/#breadcrumb\",\"itemListElement\":[{\"@type\":\"ListItem\",\"position\":1,\"name\":\"Accueil\",\"item\":\"https:\\\/\\\/www.webdo.tn\\\/fr\\\/\"},{\"@type\":\"ListItem\",\"position\":2,\"name\":\"Tunisie\u00a0: Le Conseil national des r\u00e9gions et des districts nous fait le \u00ab\u00a0Kou\u00a0\u00bb de l\u2019IA\"}]},{\"@type\":\"WebSite\",\"@id\":\"https:\\\/\\\/www.webdo.tn\\\/fr\\\/#website\",\"url\":\"https:\\\/\\\/www.webdo.tn\\\/fr\\\/\",\"name\":\"webdo\",\"description\":\"Tunisie - News en Tunisie et \u00e0 l&#039;international sur Webdo.tn\",\"publisher\":{\"@id\":\"https:\\\/\\\/www.webdo.tn\\\/fr\\\/#organization\"},\"potentialAction\":[{\"@type\":\"SearchAction\",\"target\":{\"@type\":\"EntryPoint\",\"urlTemplate\":\"https:\\\/\\\/www.webdo.tn\\\/fr\\\/?s={search_term_string}\"},\"query-input\":{\"@type\":\"PropertyValueSpecification\",\"valueRequired\":true,\"valueName\":\"search_term_string\"}}],\"inLanguage\":\"fr-FR\"},{\"@type\":\"Organization\",\"@id\":\"https:\\\/\\\/www.webdo.tn\\\/fr\\\/#organization\",\"name\":\"Webdo\",\"alternateName\":\"Webdo.tn\",\"url\":\"https:\\\/\\\/www.webdo.tn\\\/fr\\\/\",\"logo\":{\"@type\":\"ImageObject\",\"inLanguage\":\"fr-FR\",\"@id\":\"https:\\\/\\\/www.webdo.tn\\\/fr\\\/#\\\/schema\\\/logo\\\/image\\\/\",\"url\":\"https:\\\/\\\/www.webdo.tn\\\/fr\\\/wp-content\\\/uploads\\\/2025\\\/06\\\/Webdo-Tunisie_168377.jpg\",\"contentUrl\":\"https:\\\/\\\/www.webdo.tn\\\/fr\\\/wp-content\\\/uploads\\\/2025\\\/06\\\/Webdo-Tunisie_168377.jpg\",\"width\":301,\"height\":301,\"caption\":\"Webdo\"},\"image\":{\"@id\":\"https:\\\/\\\/www.webdo.tn\\\/fr\\\/#\\\/schema\\\/logo\\\/image\\\/\"},\"sameAs\":[\"https:\\\/\\\/www.facebook.com\\\/webdotn\",\"https:\\\/\\\/x.com\\\/webdo_tn\"],\"description\":\"Webdo est un m\u00e9dia num\u00e9rique tunisien fond\u00e9 en 2010, sp\u00e9cialis\u00e9 dans l\u2019actualit\u00e9 nationale et internationale, l\u2019\u00e9conomie, la soci\u00e9t\u00e9 et les analyses politiques. Le site s\u2019adresse \u00e0 un large public francophone et couvre l\u2019information tunisienne en temps r\u00e9el.\",\"email\":\"redac@webdo.tn\",\"legalName\":\"YNJ SARL\",\"foundingDate\":\"2010-09-06\",\"numberOfEmployees\":{\"@type\":\"QuantitativeValue\",\"minValue\":\"11\",\"maxValue\":\"50\"}},{\"@type\":\"Person\",\"@id\":\"https:\\\/\\\/www.webdo.tn\\\/fr\\\/#\\\/schema\\\/person\\\/c652cd8fc2b1b44412b5ffb48c5a911d\",\"name\":\"Mohamed Hedi Touati\",\"image\":{\"@type\":\"ImageObject\",\"inLanguage\":\"fr-FR\",\"@id\":\"https:\\\/\\\/secure.gravatar.com\\\/avatar\\\/9cfd402c745b7a685f13eed0ea6e59d2144a3c2fc50a3db6fd5ed451f6cddf1a?s=96&d=mm&r=g\",\"url\":\"https:\\\/\\\/secure.gravatar.com\\\/avatar\\\/9cfd402c745b7a685f13eed0ea6e59d2144a3c2fc50a3db6fd5ed451f6cddf1a?s=96&d=mm&r=g\",\"contentUrl\":\"https:\\\/\\\/secure.gravatar.com\\\/avatar\\\/9cfd402c745b7a685f13eed0ea6e59d2144a3c2fc50a3db6fd5ed451f6cddf1a?s=96&d=mm&r=g\",\"caption\":\"Mohamed Hedi Touati\"},\"url\":\"https:\\\/\\\/www.webdo.tn\\\/fr\\\/actualite\\\/author\\\/mohamed-hedi-touati\\\/\"}]}<\/script>\n<!-- \/ Yoast SEO Premium plugin. -->","yoast_head_json":{"title":"Tunisie\u00a0: Le Conseil national des r\u00e9gions et des districts nous fait le \"Kou\" de l\u2019IA - webdo","description":"D\u00e9couvrez comment le Conseil national des r\u00e9gions et des districts utilise l'intelligence artificielle pour le d\u00e9veloppement de la Tunisie.","canonical":"https:\/\/www.webdo.tn\/fr\/actualite\/national\/tunisie-le-conseil-national-des-regions-et-des-districts-nous-fait-le-kou-de-lia\/379329\/","og_locale":"fr_FR","og_type":"article","og_title":"Tunisie\u00a0: Le Conseil national des r\u00e9gions et des districts nous fait le \"Kou\" de l\u2019IA","og_description":"D\u00e9couvrez comment le Conseil national des r\u00e9gions et des districts utilise l'intelligence artificielle pour le d\u00e9veloppement de la Tunisie.","og_url":"https:\/\/www.webdo.tn\/fr\/actualite\/national\/tunisie-le-conseil-national-des-regions-et-des-districts-nous-fait-le-kou-de-lia\/379329\/","og_site_name":"webdo","article_publisher":"https:\/\/www.facebook.com\/webdotn","article_published_time":"2025-07-09T12:40:46+00:00","article_modified_time":"2025-07-10T06:52:19+00:00","og_image":[{"width":1000,"height":700,"url":"https:\/\/www.webdo.tn\/fr\/wp-content\/uploads\/2025\/07\/techn.jpg","type":"image\/jpeg"}],"author":"Mohamed Hedi Touati","twitter_card":"summary_large_image","twitter_creator":"@webdo_tn","twitter_site":"@webdo_tn","twitter_misc":{"\u00c9crit par":"Mohamed Hedi Touati","Dur\u00e9e de lecture estim\u00e9e":"3 minutes"},"schema":{"@context":"https:\/\/schema.org","@graph":[{"@type":"NewsArticle","@id":"https:\/\/www.webdo.tn\/fr\/actualite\/national\/tunisie-le-conseil-national-des-regions-et-des-districts-nous-fait-le-kou-de-lia\/379329\/#article","isPartOf":{"@id":"https:\/\/www.webdo.tn\/fr\/actualite\/national\/tunisie-le-conseil-national-des-regions-et-des-districts-nous-fait-le-kou-de-lia\/379329\/"},"author":{"name":"Mohamed Hedi Touati","@id":"https:\/\/www.webdo.tn\/fr\/#\/schema\/person\/c652cd8fc2b1b44412b5ffb48c5a911d"},"headline":"Tunisie\u00a0: Le Conseil national des r\u00e9gions et des districts nous fait le \u00ab\u00a0Kou\u00a0\u00bb de l\u2019IA","datePublished":"2025-07-09T12:40:46+00:00","dateModified":"2025-07-10T06:52:19+00:00","mainEntityOfPage":{"@id":"https:\/\/www.webdo.tn\/fr\/actualite\/national\/tunisie-le-conseil-national-des-regions-et-des-districts-nous-fait-le-kou-de-lia\/379329\/"},"wordCount":437,"commentCount":0,"publisher":{"@id":"https:\/\/www.webdo.tn\/fr\/#organization"},"image":{"@id":"https:\/\/www.webdo.tn\/fr\/actualite\/national\/tunisie-le-conseil-national-des-regions-et-des-districts-nous-fait-le-kou-de-lia\/379329\/#primaryimage"},"thumbnailUrl":"https:\/\/www.webdo.tn\/fr\/wp-content\/uploads\/2025\/07\/techn.jpg","keywords":["algorithmes","Commission des plans de d\u00e9veloppement et des grands projets","intelligence artificelle","mohamed el kou","plan de d\u00e9veloppement","Tunisie"],"articleSection":["National"],"inLanguage":"fr-FR"},{"@type":"WebPage","@id":"https:\/\/www.webdo.tn\/fr\/actualite\/national\/tunisie-le-conseil-national-des-regions-et-des-districts-nous-fait-le-kou-de-lia\/379329\/","url":"https:\/\/www.webdo.tn\/fr\/actualite\/national\/tunisie-le-conseil-national-des-regions-et-des-districts-nous-fait-le-kou-de-lia\/379329\/","name":"Tunisie\u00a0: Le Conseil national des r\u00e9gions et des districts nous fait le \"Kou\" de l\u2019IA - webdo","isPartOf":{"@id":"https:\/\/www.webdo.tn\/fr\/#website"},"primaryImageOfPage":{"@id":"https:\/\/www.webdo.tn\/fr\/actualite\/national\/tunisie-le-conseil-national-des-regions-et-des-districts-nous-fait-le-kou-de-lia\/379329\/#primaryimage"},"image":{"@id":"https:\/\/www.webdo.tn\/fr\/actualite\/national\/tunisie-le-conseil-national-des-regions-et-des-districts-nous-fait-le-kou-de-lia\/379329\/#primaryimage"},"thumbnailUrl":"https:\/\/www.webdo.tn\/fr\/wp-content\/uploads\/2025\/07\/techn.jpg","datePublished":"2025-07-09T12:40:46+00:00","dateModified":"2025-07-10T06:52:19+00:00","description":"D\u00e9couvrez comment le Conseil national des r\u00e9gions et des districts utilise l'intelligence artificielle pour le d\u00e9veloppement de la Tunisie.","breadcrumb":{"@id":"https:\/\/www.webdo.tn\/fr\/actualite\/national\/tunisie-le-conseil-national-des-regions-et-des-districts-nous-fait-le-kou-de-lia\/379329\/#breadcrumb"},"inLanguage":"fr-FR","potentialAction":[{"@type":"ReadAction","target":["https:\/\/www.webdo.tn\/fr\/actualite\/national\/tunisie-le-conseil-national-des-regions-et-des-districts-nous-fait-le-kou-de-lia\/379329\/"]}]},{"@type":"ImageObject","inLanguage":"fr-FR","@id":"https:\/\/www.webdo.tn\/fr\/actualite\/national\/tunisie-le-conseil-national-des-regions-et-des-districts-nous-fait-le-kou-de-lia\/379329\/#primaryimage","url":"https:\/\/www.webdo.tn\/fr\/wp-content\/uploads\/2025\/07\/techn.jpg","contentUrl":"https:\/\/www.webdo.tn\/fr\/wp-content\/uploads\/2025\/07\/techn.jpg","width":1000,"height":700,"caption":"Le Conseil national des r\u00e9gions et des districts nous fait le \"Kou\" de l\u2019IA"},{"@type":"BreadcrumbList","@id":"https:\/\/www.webdo.tn\/fr\/actualite\/national\/tunisie-le-conseil-national-des-regions-et-des-districts-nous-fait-le-kou-de-lia\/379329\/#breadcrumb","itemListElement":[{"@type":"ListItem","position":1,"name":"Accueil","item":"https:\/\/www.webdo.tn\/fr\/"},{"@type":"ListItem","position":2,"name":"Tunisie\u00a0: Le Conseil national des r\u00e9gions et des districts nous fait le \u00ab\u00a0Kou\u00a0\u00bb de l\u2019IA"}]},{"@type":"WebSite","@id":"https:\/\/www.webdo.tn\/fr\/#website","url":"https:\/\/www.webdo.tn\/fr\/","name":"webdo","description":"Tunisie - News en Tunisie et \u00e0 l&#039;international sur Webdo.tn","publisher":{"@id":"https:\/\/www.webdo.tn\/fr\/#organization"},"potentialAction":[{"@type":"SearchAction","target":{"@type":"EntryPoint","urlTemplate":"https:\/\/www.webdo.tn\/fr\/?s={search_term_string}"},"query-input":{"@type":"PropertyValueSpecification","valueRequired":true,"valueName":"search_term_string"}}],"inLanguage":"fr-FR"},{"@type":"Organization","@id":"https:\/\/www.webdo.tn\/fr\/#organization","name":"Webdo","alternateName":"Webdo.tn","url":"https:\/\/www.webdo.tn\/fr\/","logo":{"@type":"ImageObject","inLanguage":"fr-FR","@id":"https:\/\/www.webdo.tn\/fr\/#\/schema\/logo\/image\/","url":"https:\/\/www.webdo.tn\/fr\/wp-content\/uploads\/2025\/06\/Webdo-Tunisie_168377.jpg","contentUrl":"https:\/\/www.webdo.tn\/fr\/wp-content\/uploads\/2025\/06\/Webdo-Tunisie_168377.jpg","width":301,"height":301,"caption":"Webdo"},"image":{"@id":"https:\/\/www.webdo.tn\/fr\/#\/schema\/logo\/image\/"},"sameAs":["https:\/\/www.facebook.com\/webdotn","https:\/\/x.com\/webdo_tn"],"description":"Webdo est un m\u00e9dia num\u00e9rique tunisien fond\u00e9 en 2010, sp\u00e9cialis\u00e9 dans l\u2019actualit\u00e9 nationale et internationale, l\u2019\u00e9conomie, la soci\u00e9t\u00e9 et les analyses politiques. Le site s\u2019adresse \u00e0 un large public francophone et couvre l\u2019information tunisienne en temps r\u00e9el.","email":"redac@webdo.tn","legalName":"YNJ SARL","foundingDate":"2010-09-06","numberOfEmployees":{"@type":"QuantitativeValue","minValue":"11","maxValue":"50"}},{"@type":"Person","@id":"https:\/\/www.webdo.tn\/fr\/#\/schema\/person\/c652cd8fc2b1b44412b5ffb48c5a911d","name":"Mohamed Hedi Touati","image":{"@type":"ImageObject","inLanguage":"fr-FR","@id":"https:\/\/secure.gravatar.com\/avatar\/9cfd402c745b7a685f13eed0ea6e59d2144a3c2fc50a3db6fd5ed451f6cddf1a?s=96&d=mm&r=g","url":"https:\/\/secure.gravatar.com\/avatar\/9cfd402c745b7a685f13eed0ea6e59d2144a3c2fc50a3db6fd5ed451f6cddf1a?s=96&d=mm&r=g","contentUrl":"https:\/\/secure.gravatar.com\/avatar\/9cfd402c745b7a685f13eed0ea6e59d2144a3c2fc50a3db6fd5ed451f6cddf1a?s=96&d=mm&r=g","caption":"Mohamed Hedi Touati"},"url":"https:\/\/www.webdo.tn\/fr\/actualite\/author\/mohamed-hedi-touati\/"}]}},"_links":{"self":[{"href":"https:\/\/www.webdo.tn\/fr\/wp-json\/wp\/v2\/posts\/379329","targetHints":{"allow":["GET"]}}],"collection":[{"href":"https:\/\/www.webdo.tn\/fr\/wp-json\/wp\/v2\/posts"}],"about":[{"href":"https:\/\/www.webdo.tn\/fr\/wp-json\/wp\/v2\/types\/post"}],"author":[{"embeddable":true,"href":"https:\/\/www.webdo.tn\/fr\/wp-json\/wp\/v2\/users\/3191"}],"replies":[{"embeddable":true,"href":"https:\/\/www.webdo.tn\/fr\/wp-json\/wp\/v2\/comments?post=379329"}],"version-history":[{"count":0,"href":"https:\/\/www.webdo.tn\/fr\/wp-json\/wp\/v2\/posts\/379329\/revisions"}],"wp:featuredmedia":[{"embeddable":true,"href":"https:\/\/www.webdo.tn\/fr\/wp-json\/wp\/v2\/media\/379330"}],"wp:attachment":[{"href":"https:\/\/www.webdo.tn\/fr\/wp-json\/wp\/v2\/media?parent=379329"}],"wp:term":[{"taxonomy":"category","embeddable":true,"href":"https:\/\/www.webdo.tn\/fr\/wp-json\/wp\/v2\/categories?post=379329"},{"taxonomy":"post_tag","embeddable":true,"href":"https:\/\/www.webdo.tn\/fr\/wp-json\/wp\/v2\/tags?post=379329"}],"curies":[{"name":"wp","href":"https:\/\/api.w.org\/{rel}","templated":true}]}}