{"id":379313,"date":"2025-07-09T09:55:23","date_gmt":"2025-07-09T08:55:23","guid":{"rendered":"https:\/\/www.webdo.tn\/fr\/?p=379313"},"modified":"2025-07-09T13:41:26","modified_gmt":"2025-07-09T12:41:26","slug":"tunisie-un-premier-festival-international-dedie-au-rap-verra-le-jour","status":"publish","type":"post","link":"https:\/\/www.webdo.tn\/fr\/actualite\/culture\/tunisie-un-premier-festival-international-dedie-au-rap-verra-le-jour\/379313\/","title":{"rendered":"Tunisie : Un premier festival international d\u00e9di\u00e9 au rap verra le jour"},"content":{"rendered":"\n<p>La Tunisie s\u2019appr\u00eate \u00e0 accueillir son premier festival international de rap, une initiative in\u00e9dite qui d\u00e9butera \u00e0 Monastir du 17 au 27 ao\u00fbt 2025, avant de s\u2019ouvrir, dans les prochaines \u00e9ditions, \u00e0 d&rsquo;autres r\u00e9gions du pays.<\/p>\n\n\n\n<p>Baptis\u00e9 \u00ab\u00a0International Tunisia Rap Tour Festival\u00a0\u00bb, cet \u00e9v\u00e9nement s\u2019inscrit dans une volont\u00e9 de d\u00e9centralisation culturelle et de valorisation des jeunes talents.<\/p>\n\n\n\n<p>La ministre des Affaires culturelles, Amel Srarfi, a pr\u00e9sid\u00e9 hier une r\u00e9union de travail consacr\u00e9e \u00e0 l\u2019organisation de cette premi\u00e8re \u00e9dition, en pr\u00e9sence des membres du comit\u00e9 artistique et de cadres du minist\u00e8re. Les discussions ont port\u00e9 sur les aspects logistiques, financiers, techniques et artistiques du festival.<\/p>\n\n\n\n<p>S\u2019exprimant \u00e0 cette occasion, la ministre a affirm\u00e9 que son d\u00e9partement est ouvert \u00e0 toutes les formes musicales, y compris le rap, qu\u2019elle consid\u00e8re comme une composante \u00e0 part enti\u00e8re du paysage artistique tunisien. \u00ab Chaque genre musical a sa place et son r\u00f4le \u00bb, a-t-elle soulign\u00e9, insistant sur l\u2019importance de refl\u00e9ter la diversit\u00e9 culturelle du pays \u00e0 travers les politiques publiques.<\/p>\n\n\n\n<p>De leur c\u00f4t\u00e9, les membres du comit\u00e9 artistique ont exprim\u00e9 leur volont\u00e9 de faire de ce nouveau rendez-vous musical une plateforme d\u2019expression libre pour les jeunes artistes tunisiens et internationaux. Le festival ambitionne de favoriser les \u00e9changes entre les cr\u00e9ateurs et un public large et diversifi\u00e9.<\/p>\n\n\n\n<p>La programmation d\u00e9taill\u00e9e, incluant la liste des artistes tunisiens et \u00e9trangers invit\u00e9s, sera d\u00e9voil\u00e9e lors d\u2019une conf\u00e9rence de presse pr\u00e9vue dans les jours \u00e0 venir.<\/p>\n","protected":false},"excerpt":{"rendered":"<p>La Tunisie s\u2019appr\u00eate \u00e0 accueillir son premier festival international de rap, une initiative in\u00e9dite qui d\u00e9butera \u00e0 Monastir du 17 au 27 ao\u00fbt 2025, avant de s\u2019ouvrir, dans les prochaines \u00e9ditions, \u00e0 d&rsquo;autres r\u00e9gions du pays. Baptis\u00e9 \u00ab\u00a0International Tunisia Rap Tour Festival\u00a0\u00bb, cet \u00e9v\u00e9nement s\u2019inscrit dans une volont\u00e9 de d\u00e9centralisation culturelle et de valorisation des [&hellip;]<\/p>\n","protected":false},"author":3191,"featured_media":379314,"comment_status":"open","ping_status":"open","sticky":false,"template":"","format":"standard","meta":{"footnotes":""},"categories":[2594],"tags":[12168,12169,8830,2608],"class_list":["post-379313","post","type-post","status-publish","format-standard","has-post-thumbnail","hentry","category-culture","tag-festival-international","tag-international-tunisia-rap-tour-festival","tag-rap","tag-tunisie"],"yoast_head":"<!-- This site is optimized with the Yoast SEO Premium plugin v27.5 (Yoast SEO v27.5) - https:\/\/yoast.com\/product\/yoast-seo-premium-wordpress\/ -->\n<title>Tunisie : Un premier festival international d\u00e9di\u00e9 au rap verra le jour - webdo<\/title>\n<meta name=\"description\" content=\"D\u00e9couvrez le premier festival international de rap en Tunisie, c\u00e9l\u00e9brant la culture et les jeunes talents \u00e0 Monastir.\" \/>\n<link rel=\"canonical\" href=\"https:\/\/www.webdo.tn\/fr\/actualite\/culture\/tunisie-un-premier-festival-international-dedie-au-rap-verra-le-jour\/379313\/\" \/>\n<meta property=\"og:locale\" content=\"fr_FR\" \/>\n<meta property=\"og:type\" content=\"article\" \/>\n<meta property=\"og:title\" content=\"Tunisie : Un premier festival international d\u00e9di\u00e9 au rap verra le jour\" \/>\n<meta property=\"og:description\" content=\"D\u00e9couvrez le premier festival international de rap en Tunisie, c\u00e9l\u00e9brant la culture et les jeunes talents \u00e0 Monastir.\" \/>\n<meta property=\"og:url\" content=\"https:\/\/www.webdo.tn\/fr\/actualite\/culture\/tunisie-un-premier-festival-international-dedie-au-rap-verra-le-jour\/379313\/\" \/>\n<meta property=\"og:site_name\" content=\"webdo\" \/>\n<meta property=\"article:publisher\" content=\"https:\/\/www.facebook.com\/webdotn\" \/>\n<meta property=\"article:published_time\" content=\"2025-07-09T08:55:23+00:00\" \/>\n<meta property=\"article:modified_time\" content=\"2025-07-09T12:41:26+00:00\" \/>\n<meta property=\"og:image\" content=\"https:\/\/www.webdo.tn\/fr\/wp-content\/uploads\/2025\/07\/Rap.jpg\" \/>\n\t<meta property=\"og:image:width\" content=\"643\" \/>\n\t<meta property=\"og:image:height\" content=\"360\" \/>\n\t<meta property=\"og:image:type\" content=\"image\/jpeg\" \/>\n<meta name=\"author\" content=\"Mohamed Hedi Touati\" \/>\n<meta name=\"twitter:card\" content=\"summary_large_image\" \/>\n<meta name=\"twitter:creator\" content=\"@webdo_tn\" \/>\n<meta name=\"twitter:site\" content=\"@webdo_tn\" \/>\n<meta name=\"twitter:label1\" content=\"\u00c9crit par\" \/>\n\t<meta name=\"twitter:data1\" content=\"Mohamed Hedi Touati\" \/>\n\t<meta name=\"twitter:label2\" content=\"Dur\u00e9e de lecture estim\u00e9e\" \/>\n\t<meta name=\"twitter:data2\" content=\"2 minutes\" \/>\n<script type=\"application\/ld+json\" class=\"yoast-schema-graph\">{\"@context\":\"https:\\\/\\\/schema.org\",\"@graph\":[{\"@type\":\"NewsArticle\",\"@id\":\"https:\\\/\\\/www.webdo.tn\\\/fr\\\/actualite\\\/culture\\\/tunisie-un-premier-festival-international-dedie-au-rap-verra-le-jour\\\/379313\\\/#article\",\"isPartOf\":{\"@id\":\"https:\\\/\\\/www.webdo.tn\\\/fr\\\/actualite\\\/culture\\\/tunisie-un-premier-festival-international-dedie-au-rap-verra-le-jour\\\/379313\\\/\"},\"author\":{\"name\":\"Mohamed Hedi Touati\",\"@id\":\"https:\\\/\\\/www.webdo.tn\\\/fr\\\/#\\\/schema\\\/person\\\/c652cd8fc2b1b44412b5ffb48c5a911d\"},\"headline\":\"Tunisie : Un premier festival international d\u00e9di\u00e9 au rap verra le jour\",\"datePublished\":\"2025-07-09T08:55:23+00:00\",\"dateModified\":\"2025-07-09T12:41:26+00:00\",\"mainEntityOfPage\":{\"@id\":\"https:\\\/\\\/www.webdo.tn\\\/fr\\\/actualite\\\/culture\\\/tunisie-un-premier-festival-international-dedie-au-rap-verra-le-jour\\\/379313\\\/\"},\"wordCount\":272,\"commentCount\":0,\"publisher\":{\"@id\":\"https:\\\/\\\/www.webdo.tn\\\/fr\\\/#organization\"},\"image\":{\"@id\":\"https:\\\/\\\/www.webdo.tn\\\/fr\\\/actualite\\\/culture\\\/tunisie-un-premier-festival-international-dedie-au-rap-verra-le-jour\\\/379313\\\/#primaryimage\"},\"thumbnailUrl\":\"https:\\\/\\\/www.webdo.tn\\\/fr\\\/wp-content\\\/uploads\\\/2025\\\/07\\\/Rap.jpg\",\"keywords\":[\"festival international\",\"International Tunisia Rap Tour Festival\",\"rap\",\"Tunisie\"],\"articleSection\":[\"Culture\"],\"inLanguage\":\"fr-FR\"},{\"@type\":\"WebPage\",\"@id\":\"https:\\\/\\\/www.webdo.tn\\\/fr\\\/actualite\\\/culture\\\/tunisie-un-premier-festival-international-dedie-au-rap-verra-le-jour\\\/379313\\\/\",\"url\":\"https:\\\/\\\/www.webdo.tn\\\/fr\\\/actualite\\\/culture\\\/tunisie-un-premier-festival-international-dedie-au-rap-verra-le-jour\\\/379313\\\/\",\"name\":\"Tunisie : Un premier festival international d\u00e9di\u00e9 au rap verra le jour - webdo\",\"isPartOf\":{\"@id\":\"https:\\\/\\\/www.webdo.tn\\\/fr\\\/#website\"},\"primaryImageOfPage\":{\"@id\":\"https:\\\/\\\/www.webdo.tn\\\/fr\\\/actualite\\\/culture\\\/tunisie-un-premier-festival-international-dedie-au-rap-verra-le-jour\\\/379313\\\/#primaryimage\"},\"image\":{\"@id\":\"https:\\\/\\\/www.webdo.tn\\\/fr\\\/actualite\\\/culture\\\/tunisie-un-premier-festival-international-dedie-au-rap-verra-le-jour\\\/379313\\\/#primaryimage\"},\"thumbnailUrl\":\"https:\\\/\\\/www.webdo.tn\\\/fr\\\/wp-content\\\/uploads\\\/2025\\\/07\\\/Rap.jpg\",\"datePublished\":\"2025-07-09T08:55:23+00:00\",\"dateModified\":\"2025-07-09T12:41:26+00:00\",\"description\":\"D\u00e9couvrez le premier festival international de rap en Tunisie, c\u00e9l\u00e9brant la culture et les jeunes talents \u00e0 Monastir.\",\"breadcrumb\":{\"@id\":\"https:\\\/\\\/www.webdo.tn\\\/fr\\\/actualite\\\/culture\\\/tunisie-un-premier-festival-international-dedie-au-rap-verra-le-jour\\\/379313\\\/#breadcrumb\"},\"inLanguage\":\"fr-FR\",\"potentialAction\":[{\"@type\":\"ReadAction\",\"target\":[\"https:\\\/\\\/www.webdo.tn\\\/fr\\\/actualite\\\/culture\\\/tunisie-un-premier-festival-international-dedie-au-rap-verra-le-jour\\\/379313\\\/\"]}]},{\"@type\":\"ImageObject\",\"inLanguage\":\"fr-FR\",\"@id\":\"https:\\\/\\\/www.webdo.tn\\\/fr\\\/actualite\\\/culture\\\/tunisie-un-premier-festival-international-dedie-au-rap-verra-le-jour\\\/379313\\\/#primaryimage\",\"url\":\"https:\\\/\\\/www.webdo.tn\\\/fr\\\/wp-content\\\/uploads\\\/2025\\\/07\\\/Rap.jpg\",\"contentUrl\":\"https:\\\/\\\/www.webdo.tn\\\/fr\\\/wp-content\\\/uploads\\\/2025\\\/07\\\/Rap.jpg\",\"width\":643,\"height\":360,\"caption\":\"Tunisie : Un premier festival international d\u00e9di\u00e9 au rap verra le jour\"},{\"@type\":\"BreadcrumbList\",\"@id\":\"https:\\\/\\\/www.webdo.tn\\\/fr\\\/actualite\\\/culture\\\/tunisie-un-premier-festival-international-dedie-au-rap-verra-le-jour\\\/379313\\\/#breadcrumb\",\"itemListElement\":[{\"@type\":\"ListItem\",\"position\":1,\"name\":\"Accueil\",\"item\":\"https:\\\/\\\/www.webdo.tn\\\/fr\\\/\"},{\"@type\":\"ListItem\",\"position\":2,\"name\":\"Tunisie : Un premier festival international d\u00e9di\u00e9 au rap verra le jour\"}]},{\"@type\":\"WebSite\",\"@id\":\"https:\\\/\\\/www.webdo.tn\\\/fr\\\/#website\",\"url\":\"https:\\\/\\\/www.webdo.tn\\\/fr\\\/\",\"name\":\"webdo\",\"description\":\"Tunisie - News en Tunisie et \u00e0 l&#039;international sur Webdo.tn\",\"publisher\":{\"@id\":\"https:\\\/\\\/www.webdo.tn\\\/fr\\\/#organization\"},\"potentialAction\":[{\"@type\":\"SearchAction\",\"target\":{\"@type\":\"EntryPoint\",\"urlTemplate\":\"https:\\\/\\\/www.webdo.tn\\\/fr\\\/?s={search_term_string}\"},\"query-input\":{\"@type\":\"PropertyValueSpecification\",\"valueRequired\":true,\"valueName\":\"search_term_string\"}}],\"inLanguage\":\"fr-FR\"},{\"@type\":\"Organization\",\"@id\":\"https:\\\/\\\/www.webdo.tn\\\/fr\\\/#organization\",\"name\":\"Webdo\",\"alternateName\":\"Webdo.tn\",\"url\":\"https:\\\/\\\/www.webdo.tn\\\/fr\\\/\",\"logo\":{\"@type\":\"ImageObject\",\"inLanguage\":\"fr-FR\",\"@id\":\"https:\\\/\\\/www.webdo.tn\\\/fr\\\/#\\\/schema\\\/logo\\\/image\\\/\",\"url\":\"https:\\\/\\\/www.webdo.tn\\\/fr\\\/wp-content\\\/uploads\\\/2025\\\/06\\\/Webdo-Tunisie_168377.jpg\",\"contentUrl\":\"https:\\\/\\\/www.webdo.tn\\\/fr\\\/wp-content\\\/uploads\\\/2025\\\/06\\\/Webdo-Tunisie_168377.jpg\",\"width\":301,\"height\":301,\"caption\":\"Webdo\"},\"image\":{\"@id\":\"https:\\\/\\\/www.webdo.tn\\\/fr\\\/#\\\/schema\\\/logo\\\/image\\\/\"},\"sameAs\":[\"https:\\\/\\\/www.facebook.com\\\/webdotn\",\"https:\\\/\\\/x.com\\\/webdo_tn\"],\"description\":\"Webdo est un m\u00e9dia num\u00e9rique tunisien fond\u00e9 en 2010, sp\u00e9cialis\u00e9 dans l\u2019actualit\u00e9 nationale et internationale, l\u2019\u00e9conomie, la soci\u00e9t\u00e9 et les analyses politiques. Le site s\u2019adresse \u00e0 un large public francophone et couvre l\u2019information tunisienne en temps r\u00e9el.\",\"email\":\"redac@webdo.tn\",\"legalName\":\"YNJ SARL\",\"foundingDate\":\"2010-09-06\",\"numberOfEmployees\":{\"@type\":\"QuantitativeValue\",\"minValue\":\"11\",\"maxValue\":\"50\"}},{\"@type\":\"Person\",\"@id\":\"https:\\\/\\\/www.webdo.tn\\\/fr\\\/#\\\/schema\\\/person\\\/c652cd8fc2b1b44412b5ffb48c5a911d\",\"name\":\"Mohamed Hedi Touati\",\"image\":{\"@type\":\"ImageObject\",\"inLanguage\":\"fr-FR\",\"@id\":\"https:\\\/\\\/secure.gravatar.com\\\/avatar\\\/9cfd402c745b7a685f13eed0ea6e59d2144a3c2fc50a3db6fd5ed451f6cddf1a?s=96&d=mm&r=g\",\"url\":\"https:\\\/\\\/secure.gravatar.com\\\/avatar\\\/9cfd402c745b7a685f13eed0ea6e59d2144a3c2fc50a3db6fd5ed451f6cddf1a?s=96&d=mm&r=g\",\"contentUrl\":\"https:\\\/\\\/secure.gravatar.com\\\/avatar\\\/9cfd402c745b7a685f13eed0ea6e59d2144a3c2fc50a3db6fd5ed451f6cddf1a?s=96&d=mm&r=g\",\"caption\":\"Mohamed Hedi Touati\"},\"url\":\"https:\\\/\\\/www.webdo.tn\\\/fr\\\/actualite\\\/author\\\/mohamed-hedi-touati\\\/\"}]}<\/script>\n<!-- \/ Yoast SEO Premium plugin. -->","yoast_head_json":{"title":"Tunisie : Un premier festival international d\u00e9di\u00e9 au rap verra le jour - webdo","description":"D\u00e9couvrez le premier festival international de rap en Tunisie, c\u00e9l\u00e9brant la culture et les jeunes talents \u00e0 Monastir.","canonical":"https:\/\/www.webdo.tn\/fr\/actualite\/culture\/tunisie-un-premier-festival-international-dedie-au-rap-verra-le-jour\/379313\/","og_locale":"fr_FR","og_type":"article","og_title":"Tunisie : Un premier festival international d\u00e9di\u00e9 au rap verra le jour","og_description":"D\u00e9couvrez le premier festival international de rap en Tunisie, c\u00e9l\u00e9brant la culture et les jeunes talents \u00e0 Monastir.","og_url":"https:\/\/www.webdo.tn\/fr\/actualite\/culture\/tunisie-un-premier-festival-international-dedie-au-rap-verra-le-jour\/379313\/","og_site_name":"webdo","article_publisher":"https:\/\/www.facebook.com\/webdotn","article_published_time":"2025-07-09T08:55:23+00:00","article_modified_time":"2025-07-09T12:41:26+00:00","og_image":[{"width":643,"height":360,"url":"https:\/\/www.webdo.tn\/fr\/wp-content\/uploads\/2025\/07\/Rap.jpg","type":"image\/jpeg"}],"author":"Mohamed Hedi Touati","twitter_card":"summary_large_image","twitter_creator":"@webdo_tn","twitter_site":"@webdo_tn","twitter_misc":{"\u00c9crit par":"Mohamed Hedi Touati","Dur\u00e9e de lecture estim\u00e9e":"2 minutes"},"schema":{"@context":"https:\/\/schema.org","@graph":[{"@type":"NewsArticle","@id":"https:\/\/www.webdo.tn\/fr\/actualite\/culture\/tunisie-un-premier-festival-international-dedie-au-rap-verra-le-jour\/379313\/#article","isPartOf":{"@id":"https:\/\/www.webdo.tn\/fr\/actualite\/culture\/tunisie-un-premier-festival-international-dedie-au-rap-verra-le-jour\/379313\/"},"author":{"name":"Mohamed Hedi Touati","@id":"https:\/\/www.webdo.tn\/fr\/#\/schema\/person\/c652cd8fc2b1b44412b5ffb48c5a911d"},"headline":"Tunisie : Un premier festival international d\u00e9di\u00e9 au rap verra le jour","datePublished":"2025-07-09T08:55:23+00:00","dateModified":"2025-07-09T12:41:26+00:00","mainEntityOfPage":{"@id":"https:\/\/www.webdo.tn\/fr\/actualite\/culture\/tunisie-un-premier-festival-international-dedie-au-rap-verra-le-jour\/379313\/"},"wordCount":272,"commentCount":0,"publisher":{"@id":"https:\/\/www.webdo.tn\/fr\/#organization"},"image":{"@id":"https:\/\/www.webdo.tn\/fr\/actualite\/culture\/tunisie-un-premier-festival-international-dedie-au-rap-verra-le-jour\/379313\/#primaryimage"},"thumbnailUrl":"https:\/\/www.webdo.tn\/fr\/wp-content\/uploads\/2025\/07\/Rap.jpg","keywords":["festival international","International Tunisia Rap Tour Festival","rap","Tunisie"],"articleSection":["Culture"],"inLanguage":"fr-FR"},{"@type":"WebPage","@id":"https:\/\/www.webdo.tn\/fr\/actualite\/culture\/tunisie-un-premier-festival-international-dedie-au-rap-verra-le-jour\/379313\/","url":"https:\/\/www.webdo.tn\/fr\/actualite\/culture\/tunisie-un-premier-festival-international-dedie-au-rap-verra-le-jour\/379313\/","name":"Tunisie : Un premier festival international d\u00e9di\u00e9 au rap verra le jour - webdo","isPartOf":{"@id":"https:\/\/www.webdo.tn\/fr\/#website"},"primaryImageOfPage":{"@id":"https:\/\/www.webdo.tn\/fr\/actualite\/culture\/tunisie-un-premier-festival-international-dedie-au-rap-verra-le-jour\/379313\/#primaryimage"},"image":{"@id":"https:\/\/www.webdo.tn\/fr\/actualite\/culture\/tunisie-un-premier-festival-international-dedie-au-rap-verra-le-jour\/379313\/#primaryimage"},"thumbnailUrl":"https:\/\/www.webdo.tn\/fr\/wp-content\/uploads\/2025\/07\/Rap.jpg","datePublished":"2025-07-09T08:55:23+00:00","dateModified":"2025-07-09T12:41:26+00:00","description":"D\u00e9couvrez le premier festival international de rap en Tunisie, c\u00e9l\u00e9brant la culture et les jeunes talents \u00e0 Monastir.","breadcrumb":{"@id":"https:\/\/www.webdo.tn\/fr\/actualite\/culture\/tunisie-un-premier-festival-international-dedie-au-rap-verra-le-jour\/379313\/#breadcrumb"},"inLanguage":"fr-FR","potentialAction":[{"@type":"ReadAction","target":["https:\/\/www.webdo.tn\/fr\/actualite\/culture\/tunisie-un-premier-festival-international-dedie-au-rap-verra-le-jour\/379313\/"]}]},{"@type":"ImageObject","inLanguage":"fr-FR","@id":"https:\/\/www.webdo.tn\/fr\/actualite\/culture\/tunisie-un-premier-festival-international-dedie-au-rap-verra-le-jour\/379313\/#primaryimage","url":"https:\/\/www.webdo.tn\/fr\/wp-content\/uploads\/2025\/07\/Rap.jpg","contentUrl":"https:\/\/www.webdo.tn\/fr\/wp-content\/uploads\/2025\/07\/Rap.jpg","width":643,"height":360,"caption":"Tunisie : Un premier festival international d\u00e9di\u00e9 au rap verra le jour"},{"@type":"BreadcrumbList","@id":"https:\/\/www.webdo.tn\/fr\/actualite\/culture\/tunisie-un-premier-festival-international-dedie-au-rap-verra-le-jour\/379313\/#breadcrumb","itemListElement":[{"@type":"ListItem","position":1,"name":"Accueil","item":"https:\/\/www.webdo.tn\/fr\/"},{"@type":"ListItem","position":2,"name":"Tunisie : Un premier festival international d\u00e9di\u00e9 au rap verra le jour"}]},{"@type":"WebSite","@id":"https:\/\/www.webdo.tn\/fr\/#website","url":"https:\/\/www.webdo.tn\/fr\/","name":"webdo","description":"Tunisie - News en Tunisie et \u00e0 l&#039;international sur Webdo.tn","publisher":{"@id":"https:\/\/www.webdo.tn\/fr\/#organization"},"potentialAction":[{"@type":"SearchAction","target":{"@type":"EntryPoint","urlTemplate":"https:\/\/www.webdo.tn\/fr\/?s={search_term_string}"},"query-input":{"@type":"PropertyValueSpecification","valueRequired":true,"valueName":"search_term_string"}}],"inLanguage":"fr-FR"},{"@type":"Organization","@id":"https:\/\/www.webdo.tn\/fr\/#organization","name":"Webdo","alternateName":"Webdo.tn","url":"https:\/\/www.webdo.tn\/fr\/","logo":{"@type":"ImageObject","inLanguage":"fr-FR","@id":"https:\/\/www.webdo.tn\/fr\/#\/schema\/logo\/image\/","url":"https:\/\/www.webdo.tn\/fr\/wp-content\/uploads\/2025\/06\/Webdo-Tunisie_168377.jpg","contentUrl":"https:\/\/www.webdo.tn\/fr\/wp-content\/uploads\/2025\/06\/Webdo-Tunisie_168377.jpg","width":301,"height":301,"caption":"Webdo"},"image":{"@id":"https:\/\/www.webdo.tn\/fr\/#\/schema\/logo\/image\/"},"sameAs":["https:\/\/www.facebook.com\/webdotn","https:\/\/x.com\/webdo_tn"],"description":"Webdo est un m\u00e9dia num\u00e9rique tunisien fond\u00e9 en 2010, sp\u00e9cialis\u00e9 dans l\u2019actualit\u00e9 nationale et internationale, l\u2019\u00e9conomie, la soci\u00e9t\u00e9 et les analyses politiques. Le site s\u2019adresse \u00e0 un large public francophone et couvre l\u2019information tunisienne en temps r\u00e9el.","email":"redac@webdo.tn","legalName":"YNJ SARL","foundingDate":"2010-09-06","numberOfEmployees":{"@type":"QuantitativeValue","minValue":"11","maxValue":"50"}},{"@type":"Person","@id":"https:\/\/www.webdo.tn\/fr\/#\/schema\/person\/c652cd8fc2b1b44412b5ffb48c5a911d","name":"Mohamed Hedi Touati","image":{"@type":"ImageObject","inLanguage":"fr-FR","@id":"https:\/\/secure.gravatar.com\/avatar\/9cfd402c745b7a685f13eed0ea6e59d2144a3c2fc50a3db6fd5ed451f6cddf1a?s=96&d=mm&r=g","url":"https:\/\/secure.gravatar.com\/avatar\/9cfd402c745b7a685f13eed0ea6e59d2144a3c2fc50a3db6fd5ed451f6cddf1a?s=96&d=mm&r=g","contentUrl":"https:\/\/secure.gravatar.com\/avatar\/9cfd402c745b7a685f13eed0ea6e59d2144a3c2fc50a3db6fd5ed451f6cddf1a?s=96&d=mm&r=g","caption":"Mohamed Hedi Touati"},"url":"https:\/\/www.webdo.tn\/fr\/actualite\/author\/mohamed-hedi-touati\/"}]}},"_links":{"self":[{"href":"https:\/\/www.webdo.tn\/fr\/wp-json\/wp\/v2\/posts\/379313","targetHints":{"allow":["GET"]}}],"collection":[{"href":"https:\/\/www.webdo.tn\/fr\/wp-json\/wp\/v2\/posts"}],"about":[{"href":"https:\/\/www.webdo.tn\/fr\/wp-json\/wp\/v2\/types\/post"}],"author":[{"embeddable":true,"href":"https:\/\/www.webdo.tn\/fr\/wp-json\/wp\/v2\/users\/3191"}],"replies":[{"embeddable":true,"href":"https:\/\/www.webdo.tn\/fr\/wp-json\/wp\/v2\/comments?post=379313"}],"version-history":[{"count":0,"href":"https:\/\/www.webdo.tn\/fr\/wp-json\/wp\/v2\/posts\/379313\/revisions"}],"wp:featuredmedia":[{"embeddable":true,"href":"https:\/\/www.webdo.tn\/fr\/wp-json\/wp\/v2\/media\/379314"}],"wp:attachment":[{"href":"https:\/\/www.webdo.tn\/fr\/wp-json\/wp\/v2\/media?parent=379313"}],"wp:term":[{"taxonomy":"category","embeddable":true,"href":"https:\/\/www.webdo.tn\/fr\/wp-json\/wp\/v2\/categories?post=379313"},{"taxonomy":"post_tag","embeddable":true,"href":"https:\/\/www.webdo.tn\/fr\/wp-json\/wp\/v2\/tags?post=379313"}],"curies":[{"name":"wp","href":"https:\/\/api.w.org\/{rel}","templated":true}]}}