{"id":379309,"date":"2025-07-09T09:28:54","date_gmt":"2025-07-09T08:28:54","guid":{"rendered":"https:\/\/www.webdo.tn\/fr\/?p=379309"},"modified":"2025-07-10T07:51:04","modified_gmt":"2025-07-10T06:51:04","slug":"festival-de-carthage-2025-entre-legendes-etoiles-montantes-et-creations-tunisiennes","status":"publish","type":"post","link":"https:\/\/www.webdo.tn\/fr\/actualite\/culture\/festival-de-carthage-2025-entre-legendes-etoiles-montantes-et-creations-tunisiennes\/379309\/","title":{"rendered":"Festival de Carthage 2025 : Entre l\u00e9gendes, \u00e9toiles montantes et cr\u00e9ations tunisiennes"},"content":{"rendered":"\n<p><strong>Du 19 juillet au 21 ao\u00fbt 2025, le Festival international de Carthage revient pour sa 59e \u00e9dition avec une programmation \u00e9clectique m\u00ealant stars arabes, artistes internationaux, cr\u00e9ations tunisiennes et hommages musicaux. De Latifa Arfaoui \u00e0 Ibrahim Maalouf, en passant par Saint Levant, H\u00e9l\u00e8ne S\u00e9gara ou encore Ky-Mani Marley, l\u2019amphith\u00e9\u00e2tre antique vibrera au rythme de spectacles vari\u00e9s et d\u2019univers musicaux multiples.<\/strong><\/p>\n\n\n\n<p>La sc\u00e8ne mythique du Festival international de Carthage s\u2019appr\u00eate \u00e0 vibrer au rythme de la 59e \u00e9dition, du 19 juillet au 21 ao\u00fbt 2025. La direction du festival a d\u00e9voil\u00e9 ce mardi la programmation compl\u00e8te de cet \u00e9v\u00e9nement culturel majeur en Tunisie, qui m\u00eale, comme \u00e0 son habitude, stars internationales, figures arabes incontournables et talents locaux dans une s\u00e9rie de soir\u00e9es qui promettent d\u2019\u00eatre inoubliables.<\/p>\n\n\n\n<p><strong>Une ouverture plac\u00e9e sous le signe de la cr\u00e9ation tunisienne<\/strong><\/p>\n\n\n\n<p>La soir\u00e9e inaugurale du 19 juillet sera consacr\u00e9e \u00e0 une \u0153uvre tunisienne originale : \u00ab\u00a0Men Ka3 El Khabia\u00a0\u00bb, une cr\u00e9ation du musicien et metteur en sc\u00e8ne Mohamed Guerfi. Le spectacle, enracin\u00e9 dans le patrimoine musical local, promet de donner le ton d\u2019une \u00e9dition qui accorde une large place \u00e0 la sc\u00e8ne nationale.<\/p>\n\n\n\n<p>Le 20 juillet, le maestro Riadh Fehri revient avec Tapis Rouge 2, une fusion musicale \u00e0 la crois\u00e9e des cultures, aux c\u00f4t\u00e9s de la Japonaise Sayaka Katsuki, du chef d\u2019orchestre italien Marcello Biondolillo et du guitariste Brenman Gilimore.<\/p>\n\n\n\n<p>Le 22 juillet, le public retrouvera Aziz Jebali, acteur et humoriste, avec sa performance Binomi S+1, m\u00ealant th\u00e9\u00e2tre et satire sociale dans une approche originale.<\/p>\n\n\n\n<p><strong>Grandes voix arabes et stars internationales<\/strong><\/p>\n\n\n\n<p>Le festival accueillera des figures majeures de la chanson arabe. Le 25 juillet, la diva tunisienne Latifa Arfaoui retrouvera son public \u00e0 Carthage.<\/p>\n\n\n\n<p>Le 26 juillet, le trompettiste franco-libanais Ibrahim Maalouf pr\u00e9sentera The Trumpets of Michel Ange, un projet musical audacieux et po\u00e9tique. Le 27 juillet, le chanteur palestinien Mohamed Assaf, ic\u00f4ne de la jeunesse arabe, investira l\u2019amphith\u00e9\u00e2tre romain.<\/p>\n\n\n\n<p>Le 30 juillet, la star syrienne Nassif Zeytoun sera au rendez-vous. Le 2 ao\u00fbt, Nancy Ajram, l\u2019une des artistes les plus populaires du monde arabe, enflammera la sc\u00e8ne. Le 9 ao\u00fbt, la Libanaise Najwa Karam, habitu\u00e9e du festival, retrouvera ses fans tunisiens.<\/p>\n\n\n\n<p><strong>Une touche fran\u00e7aise et carib\u00e9enne<\/strong><\/p>\n\n\n\n<p>C\u00f4t\u00e9 francophone, la chanteuse H\u00e9l\u00e8ne S\u00e9gara se produira le 31 juillet, offrant un moment de nostalgie aux amateurs de vari\u00e9t\u00e9 fran\u00e7aise. Le 3 ao\u00fbt, Chantal Goya embarquera petits et grands \u00ab\u00a0Sur la route enchant\u00e9e\u00a0\u00bb, un spectacle familial rare pour ce type de programmation.<\/p>\n\n\n\n<p>La sc\u00e8ne carib\u00e9enne sera repr\u00e9sent\u00e9e par Ky-Mani Marley, fils de Bob Marley, qui viendra d\u00e9fendre l\u2019h\u00e9ritage reggae de son p\u00e8re le 17 ao\u00fbt.<\/p>\n\n\n\n<p><strong>Saint Levant confirm\u00e9 malgr\u00e9 la pol\u00e9mique<\/strong><\/p>\n\n\n\n<p>L\u2019artiste d\u2019origine palestinienne Saint Levant, figure montante du hip-hop alternatif et trilingue (arabe, anglais, fran\u00e7ais), se produira le 5 ao\u00fbt, malgr\u00e9 les rumeurs d\u2019annulation dues au retrait temporaire de son affiche. La direction du festival a clarifi\u00e9 qu\u2019il s\u2019agissait simplement d\u2019un changement visuel demand\u00e9 par l\u2019\u00e9quipe de l\u2019artiste.<\/p>\n\n\n\n<p><strong>Un hommage \u00e0 la musique arabe classique<\/strong><\/p>\n\n\n\n<p>Le 16 ao\u00fbt, la chanteuse \u00e9gyptienne May Farouk proposera une soir\u00e9e en hommage \u00e0 Oum Kalthoum, intitul\u00e9e Sahret Om Kalthoum, accompagn\u00e9e d\u2019un orchestre traditionnel.<\/p>\n\n\n\n<p>D\u2019autres soir\u00e9es mettront \u00e0 l\u2019honneur la sc\u00e8ne tunisienne contemporaine : le 28 juillet, Sahra Tounsia offrira une soir\u00e9e 100% tunisienne. Le 1er ao\u00fbt, La Nuit des Chefs r\u00e9unira plusieurs chefs d\u2019orchestre tunisiens. Le 9 ao\u00fbt, Imagine, une cr\u00e9ation orchestrale de Mohamed Bouslama, proposera une exp\u00e9rience musicale immersive.<\/p>\n\n\n\n<p>Le 11 ao\u00fbt, une soir\u00e9e folklorique revisitera les traditions r\u00e9gionales. Le 13 ao\u00fbt, Soufia Sadok d\u00e9voilera ses compositions modernes entre pop et soul arabe. Le 18 ao\u00fbt, l\u2019artiste Adam cl\u00f4turera la sc\u00e8ne contemporaine avant la soir\u00e9e finale.<\/p>\n\n\n\n<p><strong>Une cl\u00f4ture en apoth\u00e9ose<\/strong><\/p>\n\n\n\n<p>La 59e \u00e9dition du Festival de Carthage se terminera le 21 ao\u00fbt avec un concert de Ahlem, l&rsquo;une des voix les plus puissantes du Golfe, qui promet une cl\u00f4ture prestigieuse et festive.<\/p>\n\n\n\n<p><strong>Billetterie<\/strong><\/p>\n\n\n\n<p>Les billets seront disponibles en ligne et aux guichets du festival d\u00e8s la semaine du 10 juillet. Les prix varient selon les artistes, avec des tarifs pr\u00e9f\u00e9rentiels pour les \u00e9tudiants et les familles.<\/p>\n\n\n\n<p>Une \u00e9dition riche, entre tradition, modernit\u00e9 et ouverture internationale, qui confirme encore une fois le Festival de Carthage comme l\u2019un des plus grands rendez-vous culturels du monde arabe et m\u00e9diterran\u00e9en.<\/p>\n\n\n\n<p><strong>Programme :<\/strong><\/p>\n\n\n\n<ul class=\"wp-block-list\">\n<li>19 juillet : \u0645\u0646 \u0642\u0627\u0639 \u0627\u0644\u062e\u0627\u0628\u064a\u0629 (Men Ka3 El Khabia) \u2013 Mohamed Guerfi (ouverture)<\/li>\n\n\n\n<li>20 juillet : Tapis Rouge 2 \u2013 Riadh Fehri avec Sayaka Katsuki, Marcello Biondolillo, Brenman Gilimore<\/li>\n\n\n\n<li>22 juillet : Binomi S+1 \u2013 Aziz Jebali<\/li>\n\n\n\n<li>25 juillet : Latifa Arfaoui<\/li>\n\n\n\n<li>26 juillet : Ibrahim Maalouf &amp; The Trumpets of Michel Ange<\/li>\n\n\n\n<li>27 juillet : Mohamed Assaf<\/li>\n\n\n\n<li>28 juillet : Sahra Tounsia (soir\u00e9e tunisienne)<\/li>\n\n\n\n<li>30 juillet : Nassif Zeytoun<\/li>\n\n\n\n<li>31 juillet : H\u00e9l\u00e8ne S\u00e9gara<\/li>\n\n\n\n<li>1er ao\u00fbt : La Nuit des Chefs<\/li>\n\n\n\n<li>2 ao\u00fbt : Nancy Ajram<\/li>\n\n\n\n<li>3 ao\u00fbt : Chantal Goya \u2013 Sur la route enchant\u00e9e<\/li>\n\n\n\n<li>5 ao\u00fbt : Saint Levant<\/li>\n\n\n\n<li>9 ao\u00fbt : Imagine \u2013 chef d\u2019orchestre Mohamed Bouslama<\/li>\n\n\n\n<li>9 ao\u00fbt : Najwa Karam<\/li>\n\n\n\n<li>11 ao\u00fbt : Soir\u00e9e folklore<\/li>\n\n\n\n<li>13 ao\u00fbt : Sofia Sadok<\/li>\n\n\n\n<li>16 ao\u00fbt : May Farouk \u2013 Sahret Om Kalthoum<\/li>\n\n\n\n<li>17 ao\u00fbt : Ky-Mani Marley<\/li>\n\n\n\n<li>18 ao\u00fbt : Adam<\/li>\n\n\n\n<li>21 ao\u00fbt : Ahlem (cl\u00f4ture)<\/li>\n<\/ul>\n","protected":false},"excerpt":{"rendered":"<p>Du 19 juillet au 21 ao\u00fbt 2025, le Festival international de Carthage revient pour sa 59e \u00e9dition avec une programmation \u00e9clectique m\u00ealant stars arabes, artistes internationaux, cr\u00e9ations tunisiennes et hommages musicaux. De Latifa Arfaoui \u00e0 Ibrahim Maalouf, en passant par Saint Levant, H\u00e9l\u00e8ne S\u00e9gara ou encore Ky-Mani Marley, l\u2019amphith\u00e9\u00e2tre antique vibrera au rythme de spectacles [&hellip;]<\/p>\n","protected":false},"author":3191,"featured_media":379310,"comment_status":"open","ping_status":"open","sticky":false,"template":"","format":"standard","meta":{"footnotes":""},"categories":[2594],"tags":[8072,8237,12167,6272,2608],"class_list":["post-379309","post","type-post","status-publish","format-standard","has-post-thumbnail","hentry","category-culture","tag-festival-de-carthage","tag-festival-international-de-carthage","tag-fic-2025","tag-programmation","tag-tunisie"],"yoast_head":"<!-- This site is optimized with the Yoast SEO Premium plugin v27.4 (Yoast SEO v27.4) - https:\/\/yoast.com\/product\/yoast-seo-premium-wordpress\/ -->\n<title>Festival de Carthage 2025 : Entre l\u00e9gendes, \u00e9toiles montantes et cr\u00e9ations tunisiennes - webdo<\/title>\n<meta name=\"description\" content=\"D\u00e9couvrez le Festival de Carthage 2025, un \u00e9v\u00e9nement exceptionnel du 19 juillet au 21 ao\u00fbt avec une programmation vari\u00e9e.\" \/>\n<link rel=\"canonical\" href=\"https:\/\/www.webdo.tn\/fr\/actualite\/culture\/festival-de-carthage-2025-entre-legendes-etoiles-montantes-et-creations-tunisiennes\/379309\/\" \/>\n<meta property=\"og:locale\" content=\"fr_FR\" \/>\n<meta property=\"og:type\" content=\"article\" \/>\n<meta property=\"og:title\" content=\"Festival de Carthage 2025 : Entre l\u00e9gendes, \u00e9toiles montantes et cr\u00e9ations tunisiennes\" \/>\n<meta property=\"og:description\" content=\"D\u00e9couvrez le Festival de Carthage 2025, un \u00e9v\u00e9nement exceptionnel du 19 juillet au 21 ao\u00fbt avec une programmation vari\u00e9e.\" \/>\n<meta property=\"og:url\" content=\"https:\/\/www.webdo.tn\/fr\/actualite\/culture\/festival-de-carthage-2025-entre-legendes-etoiles-montantes-et-creations-tunisiennes\/379309\/\" \/>\n<meta property=\"og:site_name\" content=\"webdo\" \/>\n<meta property=\"article:publisher\" content=\"https:\/\/www.facebook.com\/webdotn\" \/>\n<meta property=\"article:published_time\" content=\"2025-07-09T08:28:54+00:00\" \/>\n<meta property=\"article:modified_time\" content=\"2025-07-10T06:51:04+00:00\" \/>\n<meta property=\"og:image\" content=\"https:\/\/www.webdo.tn\/fr\/wp-content\/uploads\/2025\/07\/FIC-1.jpg\" \/>\n\t<meta property=\"og:image:width\" content=\"1800\" \/>\n\t<meta property=\"og:image:height\" content=\"900\" \/>\n\t<meta property=\"og:image:type\" content=\"image\/jpeg\" \/>\n<meta name=\"author\" content=\"Mohamed Hedi Touati\" \/>\n<meta name=\"twitter:card\" content=\"summary_large_image\" \/>\n<meta name=\"twitter:creator\" content=\"@webdo_tn\" \/>\n<meta name=\"twitter:site\" content=\"@webdo_tn\" \/>\n<meta name=\"twitter:label1\" content=\"\u00c9crit par\" \/>\n\t<meta name=\"twitter:data1\" content=\"Mohamed Hedi Touati\" \/>\n\t<meta name=\"twitter:label2\" content=\"Dur\u00e9e de lecture estim\u00e9e\" \/>\n\t<meta name=\"twitter:data2\" content=\"5 minutes\" \/>\n<script type=\"application\/ld+json\" class=\"yoast-schema-graph\">{\"@context\":\"https:\\\/\\\/schema.org\",\"@graph\":[{\"@type\":\"NewsArticle\",\"@id\":\"https:\\\/\\\/www.webdo.tn\\\/fr\\\/actualite\\\/culture\\\/festival-de-carthage-2025-entre-legendes-etoiles-montantes-et-creations-tunisiennes\\\/379309\\\/#article\",\"isPartOf\":{\"@id\":\"https:\\\/\\\/www.webdo.tn\\\/fr\\\/actualite\\\/culture\\\/festival-de-carthage-2025-entre-legendes-etoiles-montantes-et-creations-tunisiennes\\\/379309\\\/\"},\"author\":{\"name\":\"Mohamed Hedi Touati\",\"@id\":\"https:\\\/\\\/www.webdo.tn\\\/fr\\\/#\\\/schema\\\/person\\\/c652cd8fc2b1b44412b5ffb48c5a911d\"},\"headline\":\"Festival de Carthage 2025 : Entre l\u00e9gendes, \u00e9toiles montantes et cr\u00e9ations tunisiennes\",\"datePublished\":\"2025-07-09T08:28:54+00:00\",\"dateModified\":\"2025-07-10T06:51:04+00:00\",\"mainEntityOfPage\":{\"@id\":\"https:\\\/\\\/www.webdo.tn\\\/fr\\\/actualite\\\/culture\\\/festival-de-carthage-2025-entre-legendes-etoiles-montantes-et-creations-tunisiennes\\\/379309\\\/\"},\"wordCount\":900,\"commentCount\":0,\"publisher\":{\"@id\":\"https:\\\/\\\/www.webdo.tn\\\/fr\\\/#organization\"},\"image\":{\"@id\":\"https:\\\/\\\/www.webdo.tn\\\/fr\\\/actualite\\\/culture\\\/festival-de-carthage-2025-entre-legendes-etoiles-montantes-et-creations-tunisiennes\\\/379309\\\/#primaryimage\"},\"thumbnailUrl\":\"https:\\\/\\\/www.webdo.tn\\\/fr\\\/wp-content\\\/uploads\\\/2025\\\/07\\\/FIC-1.jpg\",\"keywords\":[\"Festival de Carthage\",\"festival international de carthage\",\"FIC 2025\",\"programmation\",\"Tunisie\"],\"articleSection\":[\"Culture\"],\"inLanguage\":\"fr-FR\"},{\"@type\":\"WebPage\",\"@id\":\"https:\\\/\\\/www.webdo.tn\\\/fr\\\/actualite\\\/culture\\\/festival-de-carthage-2025-entre-legendes-etoiles-montantes-et-creations-tunisiennes\\\/379309\\\/\",\"url\":\"https:\\\/\\\/www.webdo.tn\\\/fr\\\/actualite\\\/culture\\\/festival-de-carthage-2025-entre-legendes-etoiles-montantes-et-creations-tunisiennes\\\/379309\\\/\",\"name\":\"Festival de Carthage 2025 : Entre l\u00e9gendes, \u00e9toiles montantes et cr\u00e9ations tunisiennes - webdo\",\"isPartOf\":{\"@id\":\"https:\\\/\\\/www.webdo.tn\\\/fr\\\/#website\"},\"primaryImageOfPage\":{\"@id\":\"https:\\\/\\\/www.webdo.tn\\\/fr\\\/actualite\\\/culture\\\/festival-de-carthage-2025-entre-legendes-etoiles-montantes-et-creations-tunisiennes\\\/379309\\\/#primaryimage\"},\"image\":{\"@id\":\"https:\\\/\\\/www.webdo.tn\\\/fr\\\/actualite\\\/culture\\\/festival-de-carthage-2025-entre-legendes-etoiles-montantes-et-creations-tunisiennes\\\/379309\\\/#primaryimage\"},\"thumbnailUrl\":\"https:\\\/\\\/www.webdo.tn\\\/fr\\\/wp-content\\\/uploads\\\/2025\\\/07\\\/FIC-1.jpg\",\"datePublished\":\"2025-07-09T08:28:54+00:00\",\"dateModified\":\"2025-07-10T06:51:04+00:00\",\"description\":\"D\u00e9couvrez le Festival de Carthage 2025, un \u00e9v\u00e9nement exceptionnel du 19 juillet au 21 ao\u00fbt avec une programmation vari\u00e9e.\",\"breadcrumb\":{\"@id\":\"https:\\\/\\\/www.webdo.tn\\\/fr\\\/actualite\\\/culture\\\/festival-de-carthage-2025-entre-legendes-etoiles-montantes-et-creations-tunisiennes\\\/379309\\\/#breadcrumb\"},\"inLanguage\":\"fr-FR\",\"potentialAction\":[{\"@type\":\"ReadAction\",\"target\":[\"https:\\\/\\\/www.webdo.tn\\\/fr\\\/actualite\\\/culture\\\/festival-de-carthage-2025-entre-legendes-etoiles-montantes-et-creations-tunisiennes\\\/379309\\\/\"]}]},{\"@type\":\"ImageObject\",\"inLanguage\":\"fr-FR\",\"@id\":\"https:\\\/\\\/www.webdo.tn\\\/fr\\\/actualite\\\/culture\\\/festival-de-carthage-2025-entre-legendes-etoiles-montantes-et-creations-tunisiennes\\\/379309\\\/#primaryimage\",\"url\":\"https:\\\/\\\/www.webdo.tn\\\/fr\\\/wp-content\\\/uploads\\\/2025\\\/07\\\/FIC-1.jpg\",\"contentUrl\":\"https:\\\/\\\/www.webdo.tn\\\/fr\\\/wp-content\\\/uploads\\\/2025\\\/07\\\/FIC-1.jpg\",\"width\":1800,\"height\":900,\"caption\":\"Festival de Carthage 2025 : Une 59e \u00e9dition \u00e9clectique entre l\u00e9gendes, \u00e9toiles montantes et cr\u00e9ations tunisiennes\"},{\"@type\":\"BreadcrumbList\",\"@id\":\"https:\\\/\\\/www.webdo.tn\\\/fr\\\/actualite\\\/culture\\\/festival-de-carthage-2025-entre-legendes-etoiles-montantes-et-creations-tunisiennes\\\/379309\\\/#breadcrumb\",\"itemListElement\":[{\"@type\":\"ListItem\",\"position\":1,\"name\":\"Accueil\",\"item\":\"https:\\\/\\\/www.webdo.tn\\\/fr\\\/\"},{\"@type\":\"ListItem\",\"position\":2,\"name\":\"Festival de Carthage 2025 : Entre l\u00e9gendes, \u00e9toiles montantes et cr\u00e9ations tunisiennes\"}]},{\"@type\":\"WebSite\",\"@id\":\"https:\\\/\\\/www.webdo.tn\\\/fr\\\/#website\",\"url\":\"https:\\\/\\\/www.webdo.tn\\\/fr\\\/\",\"name\":\"webdo\",\"description\":\"Tunisie - News en Tunisie et \u00e0 l&#039;international sur Webdo.tn\",\"publisher\":{\"@id\":\"https:\\\/\\\/www.webdo.tn\\\/fr\\\/#organization\"},\"potentialAction\":[{\"@type\":\"SearchAction\",\"target\":{\"@type\":\"EntryPoint\",\"urlTemplate\":\"https:\\\/\\\/www.webdo.tn\\\/fr\\\/?s={search_term_string}\"},\"query-input\":{\"@type\":\"PropertyValueSpecification\",\"valueRequired\":true,\"valueName\":\"search_term_string\"}}],\"inLanguage\":\"fr-FR\"},{\"@type\":\"Organization\",\"@id\":\"https:\\\/\\\/www.webdo.tn\\\/fr\\\/#organization\",\"name\":\"Webdo\",\"alternateName\":\"Webdo.tn\",\"url\":\"https:\\\/\\\/www.webdo.tn\\\/fr\\\/\",\"logo\":{\"@type\":\"ImageObject\",\"inLanguage\":\"fr-FR\",\"@id\":\"https:\\\/\\\/www.webdo.tn\\\/fr\\\/#\\\/schema\\\/logo\\\/image\\\/\",\"url\":\"https:\\\/\\\/www.webdo.tn\\\/fr\\\/wp-content\\\/uploads\\\/2025\\\/06\\\/Webdo-Tunisie_168377.jpg\",\"contentUrl\":\"https:\\\/\\\/www.webdo.tn\\\/fr\\\/wp-content\\\/uploads\\\/2025\\\/06\\\/Webdo-Tunisie_168377.jpg\",\"width\":301,\"height\":301,\"caption\":\"Webdo\"},\"image\":{\"@id\":\"https:\\\/\\\/www.webdo.tn\\\/fr\\\/#\\\/schema\\\/logo\\\/image\\\/\"},\"sameAs\":[\"https:\\\/\\\/www.facebook.com\\\/webdotn\",\"https:\\\/\\\/x.com\\\/webdo_tn\"],\"description\":\"Webdo est un m\u00e9dia num\u00e9rique tunisien fond\u00e9 en 2010, sp\u00e9cialis\u00e9 dans l\u2019actualit\u00e9 nationale et internationale, l\u2019\u00e9conomie, la soci\u00e9t\u00e9 et les analyses politiques. Le site s\u2019adresse \u00e0 un large public francophone et couvre l\u2019information tunisienne en temps r\u00e9el.\",\"email\":\"redac@webdo.tn\",\"legalName\":\"YNJ SARL\",\"foundingDate\":\"2010-09-06\",\"numberOfEmployees\":{\"@type\":\"QuantitativeValue\",\"minValue\":\"11\",\"maxValue\":\"50\"}},{\"@type\":\"Person\",\"@id\":\"https:\\\/\\\/www.webdo.tn\\\/fr\\\/#\\\/schema\\\/person\\\/c652cd8fc2b1b44412b5ffb48c5a911d\",\"name\":\"Mohamed Hedi Touati\",\"image\":{\"@type\":\"ImageObject\",\"inLanguage\":\"fr-FR\",\"@id\":\"https:\\\/\\\/secure.gravatar.com\\\/avatar\\\/9cfd402c745b7a685f13eed0ea6e59d2144a3c2fc50a3db6fd5ed451f6cddf1a?s=96&d=mm&r=g\",\"url\":\"https:\\\/\\\/secure.gravatar.com\\\/avatar\\\/9cfd402c745b7a685f13eed0ea6e59d2144a3c2fc50a3db6fd5ed451f6cddf1a?s=96&d=mm&r=g\",\"contentUrl\":\"https:\\\/\\\/secure.gravatar.com\\\/avatar\\\/9cfd402c745b7a685f13eed0ea6e59d2144a3c2fc50a3db6fd5ed451f6cddf1a?s=96&d=mm&r=g\",\"caption\":\"Mohamed Hedi Touati\"},\"url\":\"https:\\\/\\\/www.webdo.tn\\\/fr\\\/actualite\\\/author\\\/mohamed-hedi-touati\\\/\"}]}<\/script>\n<!-- \/ Yoast SEO Premium plugin. -->","yoast_head_json":{"title":"Festival de Carthage 2025 : Entre l\u00e9gendes, \u00e9toiles montantes et cr\u00e9ations tunisiennes - webdo","description":"D\u00e9couvrez le Festival de Carthage 2025, un \u00e9v\u00e9nement exceptionnel du 19 juillet au 21 ao\u00fbt avec une programmation vari\u00e9e.","canonical":"https:\/\/www.webdo.tn\/fr\/actualite\/culture\/festival-de-carthage-2025-entre-legendes-etoiles-montantes-et-creations-tunisiennes\/379309\/","og_locale":"fr_FR","og_type":"article","og_title":"Festival de Carthage 2025 : Entre l\u00e9gendes, \u00e9toiles montantes et cr\u00e9ations tunisiennes","og_description":"D\u00e9couvrez le Festival de Carthage 2025, un \u00e9v\u00e9nement exceptionnel du 19 juillet au 21 ao\u00fbt avec une programmation vari\u00e9e.","og_url":"https:\/\/www.webdo.tn\/fr\/actualite\/culture\/festival-de-carthage-2025-entre-legendes-etoiles-montantes-et-creations-tunisiennes\/379309\/","og_site_name":"webdo","article_publisher":"https:\/\/www.facebook.com\/webdotn","article_published_time":"2025-07-09T08:28:54+00:00","article_modified_time":"2025-07-10T06:51:04+00:00","og_image":[{"width":1800,"height":900,"url":"https:\/\/www.webdo.tn\/fr\/wp-content\/uploads\/2025\/07\/FIC-1.jpg","type":"image\/jpeg"}],"author":"Mohamed Hedi Touati","twitter_card":"summary_large_image","twitter_creator":"@webdo_tn","twitter_site":"@webdo_tn","twitter_misc":{"\u00c9crit par":"Mohamed Hedi Touati","Dur\u00e9e de lecture estim\u00e9e":"5 minutes"},"schema":{"@context":"https:\/\/schema.org","@graph":[{"@type":"NewsArticle","@id":"https:\/\/www.webdo.tn\/fr\/actualite\/culture\/festival-de-carthage-2025-entre-legendes-etoiles-montantes-et-creations-tunisiennes\/379309\/#article","isPartOf":{"@id":"https:\/\/www.webdo.tn\/fr\/actualite\/culture\/festival-de-carthage-2025-entre-legendes-etoiles-montantes-et-creations-tunisiennes\/379309\/"},"author":{"name":"Mohamed Hedi Touati","@id":"https:\/\/www.webdo.tn\/fr\/#\/schema\/person\/c652cd8fc2b1b44412b5ffb48c5a911d"},"headline":"Festival de Carthage 2025 : Entre l\u00e9gendes, \u00e9toiles montantes et cr\u00e9ations tunisiennes","datePublished":"2025-07-09T08:28:54+00:00","dateModified":"2025-07-10T06:51:04+00:00","mainEntityOfPage":{"@id":"https:\/\/www.webdo.tn\/fr\/actualite\/culture\/festival-de-carthage-2025-entre-legendes-etoiles-montantes-et-creations-tunisiennes\/379309\/"},"wordCount":900,"commentCount":0,"publisher":{"@id":"https:\/\/www.webdo.tn\/fr\/#organization"},"image":{"@id":"https:\/\/www.webdo.tn\/fr\/actualite\/culture\/festival-de-carthage-2025-entre-legendes-etoiles-montantes-et-creations-tunisiennes\/379309\/#primaryimage"},"thumbnailUrl":"https:\/\/www.webdo.tn\/fr\/wp-content\/uploads\/2025\/07\/FIC-1.jpg","keywords":["Festival de Carthage","festival international de carthage","FIC 2025","programmation","Tunisie"],"articleSection":["Culture"],"inLanguage":"fr-FR"},{"@type":"WebPage","@id":"https:\/\/www.webdo.tn\/fr\/actualite\/culture\/festival-de-carthage-2025-entre-legendes-etoiles-montantes-et-creations-tunisiennes\/379309\/","url":"https:\/\/www.webdo.tn\/fr\/actualite\/culture\/festival-de-carthage-2025-entre-legendes-etoiles-montantes-et-creations-tunisiennes\/379309\/","name":"Festival de Carthage 2025 : Entre l\u00e9gendes, \u00e9toiles montantes et cr\u00e9ations tunisiennes - webdo","isPartOf":{"@id":"https:\/\/www.webdo.tn\/fr\/#website"},"primaryImageOfPage":{"@id":"https:\/\/www.webdo.tn\/fr\/actualite\/culture\/festival-de-carthage-2025-entre-legendes-etoiles-montantes-et-creations-tunisiennes\/379309\/#primaryimage"},"image":{"@id":"https:\/\/www.webdo.tn\/fr\/actualite\/culture\/festival-de-carthage-2025-entre-legendes-etoiles-montantes-et-creations-tunisiennes\/379309\/#primaryimage"},"thumbnailUrl":"https:\/\/www.webdo.tn\/fr\/wp-content\/uploads\/2025\/07\/FIC-1.jpg","datePublished":"2025-07-09T08:28:54+00:00","dateModified":"2025-07-10T06:51:04+00:00","description":"D\u00e9couvrez le Festival de Carthage 2025, un \u00e9v\u00e9nement exceptionnel du 19 juillet au 21 ao\u00fbt avec une programmation vari\u00e9e.","breadcrumb":{"@id":"https:\/\/www.webdo.tn\/fr\/actualite\/culture\/festival-de-carthage-2025-entre-legendes-etoiles-montantes-et-creations-tunisiennes\/379309\/#breadcrumb"},"inLanguage":"fr-FR","potentialAction":[{"@type":"ReadAction","target":["https:\/\/www.webdo.tn\/fr\/actualite\/culture\/festival-de-carthage-2025-entre-legendes-etoiles-montantes-et-creations-tunisiennes\/379309\/"]}]},{"@type":"ImageObject","inLanguage":"fr-FR","@id":"https:\/\/www.webdo.tn\/fr\/actualite\/culture\/festival-de-carthage-2025-entre-legendes-etoiles-montantes-et-creations-tunisiennes\/379309\/#primaryimage","url":"https:\/\/www.webdo.tn\/fr\/wp-content\/uploads\/2025\/07\/FIC-1.jpg","contentUrl":"https:\/\/www.webdo.tn\/fr\/wp-content\/uploads\/2025\/07\/FIC-1.jpg","width":1800,"height":900,"caption":"Festival de Carthage 2025 : Une 59e \u00e9dition \u00e9clectique entre l\u00e9gendes, \u00e9toiles montantes et cr\u00e9ations tunisiennes"},{"@type":"BreadcrumbList","@id":"https:\/\/www.webdo.tn\/fr\/actualite\/culture\/festival-de-carthage-2025-entre-legendes-etoiles-montantes-et-creations-tunisiennes\/379309\/#breadcrumb","itemListElement":[{"@type":"ListItem","position":1,"name":"Accueil","item":"https:\/\/www.webdo.tn\/fr\/"},{"@type":"ListItem","position":2,"name":"Festival de Carthage 2025 : Entre l\u00e9gendes, \u00e9toiles montantes et cr\u00e9ations tunisiennes"}]},{"@type":"WebSite","@id":"https:\/\/www.webdo.tn\/fr\/#website","url":"https:\/\/www.webdo.tn\/fr\/","name":"webdo","description":"Tunisie - News en Tunisie et \u00e0 l&#039;international sur Webdo.tn","publisher":{"@id":"https:\/\/www.webdo.tn\/fr\/#organization"},"potentialAction":[{"@type":"SearchAction","target":{"@type":"EntryPoint","urlTemplate":"https:\/\/www.webdo.tn\/fr\/?s={search_term_string}"},"query-input":{"@type":"PropertyValueSpecification","valueRequired":true,"valueName":"search_term_string"}}],"inLanguage":"fr-FR"},{"@type":"Organization","@id":"https:\/\/www.webdo.tn\/fr\/#organization","name":"Webdo","alternateName":"Webdo.tn","url":"https:\/\/www.webdo.tn\/fr\/","logo":{"@type":"ImageObject","inLanguage":"fr-FR","@id":"https:\/\/www.webdo.tn\/fr\/#\/schema\/logo\/image\/","url":"https:\/\/www.webdo.tn\/fr\/wp-content\/uploads\/2025\/06\/Webdo-Tunisie_168377.jpg","contentUrl":"https:\/\/www.webdo.tn\/fr\/wp-content\/uploads\/2025\/06\/Webdo-Tunisie_168377.jpg","width":301,"height":301,"caption":"Webdo"},"image":{"@id":"https:\/\/www.webdo.tn\/fr\/#\/schema\/logo\/image\/"},"sameAs":["https:\/\/www.facebook.com\/webdotn","https:\/\/x.com\/webdo_tn"],"description":"Webdo est un m\u00e9dia num\u00e9rique tunisien fond\u00e9 en 2010, sp\u00e9cialis\u00e9 dans l\u2019actualit\u00e9 nationale et internationale, l\u2019\u00e9conomie, la soci\u00e9t\u00e9 et les analyses politiques. Le site s\u2019adresse \u00e0 un large public francophone et couvre l\u2019information tunisienne en temps r\u00e9el.","email":"redac@webdo.tn","legalName":"YNJ SARL","foundingDate":"2010-09-06","numberOfEmployees":{"@type":"QuantitativeValue","minValue":"11","maxValue":"50"}},{"@type":"Person","@id":"https:\/\/www.webdo.tn\/fr\/#\/schema\/person\/c652cd8fc2b1b44412b5ffb48c5a911d","name":"Mohamed Hedi Touati","image":{"@type":"ImageObject","inLanguage":"fr-FR","@id":"https:\/\/secure.gravatar.com\/avatar\/9cfd402c745b7a685f13eed0ea6e59d2144a3c2fc50a3db6fd5ed451f6cddf1a?s=96&d=mm&r=g","url":"https:\/\/secure.gravatar.com\/avatar\/9cfd402c745b7a685f13eed0ea6e59d2144a3c2fc50a3db6fd5ed451f6cddf1a?s=96&d=mm&r=g","contentUrl":"https:\/\/secure.gravatar.com\/avatar\/9cfd402c745b7a685f13eed0ea6e59d2144a3c2fc50a3db6fd5ed451f6cddf1a?s=96&d=mm&r=g","caption":"Mohamed Hedi Touati"},"url":"https:\/\/www.webdo.tn\/fr\/actualite\/author\/mohamed-hedi-touati\/"}]}},"_links":{"self":[{"href":"https:\/\/www.webdo.tn\/fr\/wp-json\/wp\/v2\/posts\/379309","targetHints":{"allow":["GET"]}}],"collection":[{"href":"https:\/\/www.webdo.tn\/fr\/wp-json\/wp\/v2\/posts"}],"about":[{"href":"https:\/\/www.webdo.tn\/fr\/wp-json\/wp\/v2\/types\/post"}],"author":[{"embeddable":true,"href":"https:\/\/www.webdo.tn\/fr\/wp-json\/wp\/v2\/users\/3191"}],"replies":[{"embeddable":true,"href":"https:\/\/www.webdo.tn\/fr\/wp-json\/wp\/v2\/comments?post=379309"}],"version-history":[{"count":0,"href":"https:\/\/www.webdo.tn\/fr\/wp-json\/wp\/v2\/posts\/379309\/revisions"}],"wp:featuredmedia":[{"embeddable":true,"href":"https:\/\/www.webdo.tn\/fr\/wp-json\/wp\/v2\/media\/379310"}],"wp:attachment":[{"href":"https:\/\/www.webdo.tn\/fr\/wp-json\/wp\/v2\/media?parent=379309"}],"wp:term":[{"taxonomy":"category","embeddable":true,"href":"https:\/\/www.webdo.tn\/fr\/wp-json\/wp\/v2\/categories?post=379309"},{"taxonomy":"post_tag","embeddable":true,"href":"https:\/\/www.webdo.tn\/fr\/wp-json\/wp\/v2\/tags?post=379309"}],"curies":[{"name":"wp","href":"https:\/\/api.w.org\/{rel}","templated":true}]}}