{"id":379307,"date":"2025-07-09T08:27:17","date_gmt":"2025-07-09T07:27:17","guid":{"rendered":"https:\/\/www.webdo.tn\/fr\/?p=379307"},"modified":"2025-07-10T07:52:34","modified_gmt":"2025-07-10T06:52:34","slug":"tunisie-21-condamnations-dans-laffaire-du-complot-contre-la-surete-de-letat-2","status":"publish","type":"post","link":"https:\/\/www.webdo.tn\/fr\/actualite\/national\/tunisie-21-condamnations-dans-laffaire-du-complot-contre-la-surete-de-letat-2\/379307\/","title":{"rendered":"Tunisie\u00a0: 21 condamnations dans l\u2019affaire du \u00ab\u00a0Complot contre la s\u00fbret\u00e9 de l\u2019\u00c9tat 2\u00a0\u00bb"},"content":{"rendered":"\n<p>La cinqui\u00e8me chambre criminelle sp\u00e9cialis\u00e9e dans les affaires de terrorisme aupr\u00e8s du tribunal de premi\u00e8re instance de Tunis a rendu, hier, mardi 8 juillet son verdict dans le dossier connu sous le nom de \u00ab\u00a0Complot contre la s\u00fbret\u00e9 de l\u2019\u00c9tat 2\u00a0\u00bb, impliquant 21 accus\u00e9s, dont plusieurs personnalit\u00e9s politiques.<\/p>\n\n\n\n<p><strong>De 12 \u00e0 14 ans de prison pour les accus\u00e9s d\u00e9tenus<\/strong><\/p>\n\n\n\n<p>Parmi les accus\u00e9s pr\u00e9sents, huit ont \u00e9t\u00e9 condamn\u00e9s \u00e0 des peines allant de 12 \u00e0 14 ans de prison ferme. L\u2019ancien pr\u00e9sident de l\u2019Assembl\u00e9e des repr\u00e9sentants du peuple et chef du mouvement Ennahdha, Rached Ghannouchi, a \u00e9cop\u00e9 de 14 ans de prison, tout comme Kamel Bedoui.<\/p>\n\n\n\n<p>Les autres accus\u00e9s &#8211; Rayan Hamzaoui, Abdelkrim La\u00e2bidi, Habib Ellouze, Fethi Beldi, Samir Hannachi et Mehrez Zouari &#8211; ont chacun \u00e9t\u00e9 condamn\u00e9s \u00e0 12 ans de r\u00e9clusion.<\/p>\n\n\n\n<p><strong>35 ans de prison par contumace pour les fugitifs<\/strong><\/p>\n\n\n\n<p>Quant aux douze accus\u00e9s en fuite, ils ont \u00e9t\u00e9 condamn\u00e9s par contumace \u00e0 35 ans de prison avec ex\u00e9cution imm\u00e9diate. Parmi eux figurent des noms connus de la sc\u00e8ne politique et administrative tunisienne, tels que Mouadh Ghannouchi, Nadia Akacha, ex-directrice du cabinet pr\u00e9sidentiel, Lotfi Zitoun, ancien ministre, Maher Zid, ancien d\u00e9put\u00e9, Mustapha Khedher, d\u00e9j\u00e0 impliqu\u00e9 dans des affaires li\u00e9es \u00e0 l\u2019appareil s\u00e9curitaire secret d\u2019Ennahdha, et Tasnim Ghannouchi, fille de Rached Ghannouchi<\/p>\n\n\n\n<p><strong>Non-lieu et recours<\/strong><\/p>\n\n\n\n<p>Le tribunal a prononc\u00e9 un non-lieu en faveur de Ridha Ayari. Par ailleurs, le dossier concernant Youssef Chahed, ancien chef du gouvernement, et Rafik Yahia a \u00e9t\u00e9 retir\u00e9, ces derniers ayant interjet\u00e9 un pourvoi en cassation contre la d\u00e9cision de la chambre d\u2019accusation.<\/p>\n\n\n\n<p><strong>Des chefs d\u2019accusation graves<\/strong><\/p>\n\n\n\n<p>Tous les condamn\u00e9s, qu\u2019ils soient pr\u00e9sents ou en fuite, ont \u00e9t\u00e9 poursuivis pour des faits graves li\u00e9s au terrorisme, notamment : cr\u00e9ation ou appartenance \u00e0 une organisation terroriste&nbsp;; utilisation du territoire tunisien pour la planification ou la commission d\u2019actes terroristes&nbsp;; recrutement et formation de personnes \u00e0 des fins terroristes&nbsp;; divulgation ou diffusion d\u2019informations dans le cadre d\u2019un complot contre la s\u00fbret\u00e9 int\u00e9rieure de l\u2019\u00c9tat<\/p>\n\n\n\n<p>Le tribunal a \u00e9galement ordonn\u00e9 un contr\u00f4le administratif de cinq ans \u00e0 l\u2019encontre de l\u2019ensemble des condamn\u00e9s, une mesure de surveillance qui prendra effet apr\u00e8s l\u2019ex\u00e9cution de leurs peines.<\/p>\n\n\n\n<p><strong>Accus\u00e9s en d\u00e9tention :<\/strong><\/p>\n\n\n\n<ul class=\"wp-block-list\">\n<li>Rached Ghannouchi : 14 ans<\/li>\n\n\n\n<li>Kamel Bedoui : 14 ans<\/li>\n\n\n\n<li>Rayan Hamzaoui : 12 ans<\/li>\n\n\n\n<li>Abdelkrim La\u00e2bidi : 12 ans<\/li>\n\n\n\n<li>Habib Ellouze : 12 ans<\/li>\n\n\n\n<li>Fethi Beldi : 12 ans<\/li>\n\n\n\n<li>Samir Hannachi: 12 ans<\/li>\n\n\n\n<li>Mehrez Zouari : 12 ans<\/li>\n<\/ul>\n\n\n\n<p><strong>Accus\u00e9s en fuite\u00a0:<\/strong><\/p>\n\n\n\n<ul class=\"wp-block-list\">\n<li>Mouadh Ghannouchi<\/li>\n\n\n\n<li>Nadia Akacha<\/li>\n\n\n\n<li>Chahrazed Akacha<\/li>\n\n\n\n<li>Abdelkader Farhat<\/li>\n\n\n\n<li>Kamel Guizani<\/li>\n\n\n\n<li>Lotfi Zitoun<\/li>\n\n\n\n<li>Maher Zid<\/li>\n\n\n\n<li>Mustapha Khedher<\/li>\n\n\n\n<li>Adel Da\u00e2da\u00e2<\/li>\n\n\n\n<li>Rafik Abdessalem<\/li>\n\n\n\n<li>Tasnim Ghannouchi<\/li>\n<\/ul>\n\n\n\n<ul class=\"wp-block-list\">\n<li><strong>LIRE AUSSI : <a href=\"https:\/\/www.webdo.tn\/fr\/actualite\/national\/tunisie-complot-contre-la-surete-de-letat-2-des-peines-de-12-a-35-ans-de-prison-prononcees\/379296\/\">Tunisie \u2013 Complot contre la s\u00fbret\u00e9 de l\u2019\u00c9tat 2 : Des peines de 12 \u00e0 35 ans de prison prononc\u00e9es<\/a><\/strong><\/li>\n<\/ul>\n","protected":false},"excerpt":{"rendered":"<p>La cinqui\u00e8me chambre criminelle sp\u00e9cialis\u00e9e dans les affaires de terrorisme aupr\u00e8s du tribunal de premi\u00e8re instance de Tunis a rendu, hier, mardi 8 juillet son verdict dans le dossier connu sous le nom de \u00ab\u00a0Complot contre la s\u00fbret\u00e9 de l\u2019\u00c9tat 2\u00a0\u00bb, impliquant 21 accus\u00e9s, dont plusieurs personnalit\u00e9s politiques. De 12 \u00e0 14 ans de prison [&hellip;]<\/p>\n","protected":false},"author":3191,"featured_media":369953,"comment_status":"open","ping_status":"open","sticky":false,"template":"","format":"standard","meta":{"footnotes":""},"categories":[44],"tags":[2681,2682,2835,2619,8308,5644,2608,12029],"class_list":["post-379307","post","type-post","status-publish","format-standard","has-post-thumbnail","hentry","category-national","tag-accuses","tag-complot-contre-la-surete-de-letat-2","tag-condamnation","tag-justice","tag-nadia-akacha","tag-rached-ghannouchi","tag-tunisie","tag-youssef-chahed-2"],"yoast_head":"<!-- This site is optimized with the Yoast SEO Premium plugin v27.5 (Yoast SEO v27.5) - https:\/\/yoast.com\/product\/yoast-seo-premium-wordpress\/ -->\n<title>Tunisie\u00a0: 21 condamnations dans l\u2019affaire du &quot;Complot contre la s\u00fbret\u00e9 de l\u2019\u00c9tat 2&quot; - webdo<\/title>\n<meta name=\"description\" content=\"Le verdict dans le dossier du Complot contre la s\u00fbret\u00e9 de l\u2019\u00c9tat 2 a \u00e9t\u00e9 rendu. D\u00e9couvrez les peines inflig\u00e9es aux accus\u00e9s.\" \/>\n<link rel=\"canonical\" href=\"https:\/\/www.webdo.tn\/fr\/actualite\/national\/tunisie-21-condamnations-dans-laffaire-du-complot-contre-la-surete-de-letat-2\/379307\/\" \/>\n<meta property=\"og:locale\" content=\"fr_FR\" \/>\n<meta property=\"og:type\" content=\"article\" \/>\n<meta property=\"og:title\" content=\"Tunisie\u00a0: 21 condamnations dans l\u2019affaire du &quot;Complot contre la s\u00fbret\u00e9 de l\u2019\u00c9tat 2&quot;\" \/>\n<meta property=\"og:description\" content=\"Le verdict dans le dossier du Complot contre la s\u00fbret\u00e9 de l\u2019\u00c9tat 2 a \u00e9t\u00e9 rendu. D\u00e9couvrez les peines inflig\u00e9es aux accus\u00e9s.\" \/>\n<meta property=\"og:url\" content=\"https:\/\/www.webdo.tn\/fr\/actualite\/national\/tunisie-21-condamnations-dans-laffaire-du-complot-contre-la-surete-de-letat-2\/379307\/\" \/>\n<meta property=\"og:site_name\" content=\"webdo\" \/>\n<meta property=\"article:publisher\" content=\"https:\/\/www.facebook.com\/webdotn\" \/>\n<meta property=\"article:published_time\" content=\"2025-07-09T07:27:17+00:00\" \/>\n<meta property=\"article:modified_time\" content=\"2025-07-10T06:52:34+00:00\" \/>\n<meta property=\"og:image\" content=\"https:\/\/www.webdo.tn\/fr\/wp-content\/uploads\/2025\/06\/ghannouchi-3_146456.jpg\" \/>\n\t<meta property=\"og:image:width\" content=\"960\" \/>\n\t<meta property=\"og:image:height\" content=\"640\" \/>\n\t<meta property=\"og:image:type\" content=\"image\/jpeg\" \/>\n<meta name=\"author\" content=\"Mohamed Hedi Touati\" \/>\n<meta name=\"twitter:card\" content=\"summary_large_image\" \/>\n<meta name=\"twitter:creator\" content=\"@webdo_tn\" \/>\n<meta name=\"twitter:site\" content=\"@webdo_tn\" \/>\n<meta name=\"twitter:label1\" content=\"\u00c9crit par\" \/>\n\t<meta name=\"twitter:data1\" content=\"Mohamed Hedi Touati\" \/>\n\t<meta name=\"twitter:label2\" content=\"Dur\u00e9e de lecture estim\u00e9e\" \/>\n\t<meta name=\"twitter:data2\" content=\"3 minutes\" \/>\n<script type=\"application\/ld+json\" class=\"yoast-schema-graph\">{\"@context\":\"https:\\\/\\\/schema.org\",\"@graph\":[{\"@type\":\"NewsArticle\",\"@id\":\"https:\\\/\\\/www.webdo.tn\\\/fr\\\/actualite\\\/national\\\/tunisie-21-condamnations-dans-laffaire-du-complot-contre-la-surete-de-letat-2\\\/379307\\\/#article\",\"isPartOf\":{\"@id\":\"https:\\\/\\\/www.webdo.tn\\\/fr\\\/actualite\\\/national\\\/tunisie-21-condamnations-dans-laffaire-du-complot-contre-la-surete-de-letat-2\\\/379307\\\/\"},\"author\":{\"name\":\"Mohamed Hedi Touati\",\"@id\":\"https:\\\/\\\/www.webdo.tn\\\/fr\\\/#\\\/schema\\\/person\\\/c652cd8fc2b1b44412b5ffb48c5a911d\"},\"headline\":\"Tunisie\u00a0: 21 condamnations dans l\u2019affaire du \u00ab\u00a0Complot contre la s\u00fbret\u00e9 de l\u2019\u00c9tat 2\u00a0\u00bb\",\"datePublished\":\"2025-07-09T07:27:17+00:00\",\"dateModified\":\"2025-07-10T06:52:34+00:00\",\"mainEntityOfPage\":{\"@id\":\"https:\\\/\\\/www.webdo.tn\\\/fr\\\/actualite\\\/national\\\/tunisie-21-condamnations-dans-laffaire-du-complot-contre-la-surete-de-letat-2\\\/379307\\\/\"},\"wordCount\":483,\"commentCount\":0,\"publisher\":{\"@id\":\"https:\\\/\\\/www.webdo.tn\\\/fr\\\/#organization\"},\"image\":{\"@id\":\"https:\\\/\\\/www.webdo.tn\\\/fr\\\/actualite\\\/national\\\/tunisie-21-condamnations-dans-laffaire-du-complot-contre-la-surete-de-letat-2\\\/379307\\\/#primaryimage\"},\"thumbnailUrl\":\"https:\\\/\\\/www.webdo.tn\\\/fr\\\/wp-content\\\/uploads\\\/2025\\\/06\\\/ghannouchi-3_146456.jpg\",\"keywords\":[\"accus\u00e9s\",\"Complot contre la s\u00fbret\u00e9 de l\u2019\u00c9tat 2\",\"condamnation\",\"justice\",\"nadia akacha\",\"Rached Ghannouchi\",\"Tunisie\",\"Youssef Chahed\"],\"articleSection\":[\"National\"],\"inLanguage\":\"fr-FR\"},{\"@type\":\"WebPage\",\"@id\":\"https:\\\/\\\/www.webdo.tn\\\/fr\\\/actualite\\\/national\\\/tunisie-21-condamnations-dans-laffaire-du-complot-contre-la-surete-de-letat-2\\\/379307\\\/\",\"url\":\"https:\\\/\\\/www.webdo.tn\\\/fr\\\/actualite\\\/national\\\/tunisie-21-condamnations-dans-laffaire-du-complot-contre-la-surete-de-letat-2\\\/379307\\\/\",\"name\":\"Tunisie\u00a0: 21 condamnations dans l\u2019affaire du \\\"Complot contre la s\u00fbret\u00e9 de l\u2019\u00c9tat 2\\\" - webdo\",\"isPartOf\":{\"@id\":\"https:\\\/\\\/www.webdo.tn\\\/fr\\\/#website\"},\"primaryImageOfPage\":{\"@id\":\"https:\\\/\\\/www.webdo.tn\\\/fr\\\/actualite\\\/national\\\/tunisie-21-condamnations-dans-laffaire-du-complot-contre-la-surete-de-letat-2\\\/379307\\\/#primaryimage\"},\"image\":{\"@id\":\"https:\\\/\\\/www.webdo.tn\\\/fr\\\/actualite\\\/national\\\/tunisie-21-condamnations-dans-laffaire-du-complot-contre-la-surete-de-letat-2\\\/379307\\\/#primaryimage\"},\"thumbnailUrl\":\"https:\\\/\\\/www.webdo.tn\\\/fr\\\/wp-content\\\/uploads\\\/2025\\\/06\\\/ghannouchi-3_146456.jpg\",\"datePublished\":\"2025-07-09T07:27:17+00:00\",\"dateModified\":\"2025-07-10T06:52:34+00:00\",\"description\":\"Le verdict dans le dossier du Complot contre la s\u00fbret\u00e9 de l\u2019\u00c9tat 2 a \u00e9t\u00e9 rendu. D\u00e9couvrez les peines inflig\u00e9es aux accus\u00e9s.\",\"breadcrumb\":{\"@id\":\"https:\\\/\\\/www.webdo.tn\\\/fr\\\/actualite\\\/national\\\/tunisie-21-condamnations-dans-laffaire-du-complot-contre-la-surete-de-letat-2\\\/379307\\\/#breadcrumb\"},\"inLanguage\":\"fr-FR\",\"potentialAction\":[{\"@type\":\"ReadAction\",\"target\":[\"https:\\\/\\\/www.webdo.tn\\\/fr\\\/actualite\\\/national\\\/tunisie-21-condamnations-dans-laffaire-du-complot-contre-la-surete-de-letat-2\\\/379307\\\/\"]}]},{\"@type\":\"ImageObject\",\"inLanguage\":\"fr-FR\",\"@id\":\"https:\\\/\\\/www.webdo.tn\\\/fr\\\/actualite\\\/national\\\/tunisie-21-condamnations-dans-laffaire-du-complot-contre-la-surete-de-letat-2\\\/379307\\\/#primaryimage\",\"url\":\"https:\\\/\\\/www.webdo.tn\\\/fr\\\/wp-content\\\/uploads\\\/2025\\\/06\\\/ghannouchi-3_146456.jpg\",\"contentUrl\":\"https:\\\/\\\/www.webdo.tn\\\/fr\\\/wp-content\\\/uploads\\\/2025\\\/06\\\/ghannouchi-3_146456.jpg\",\"width\":960,\"height\":640,\"caption\":\"Tunisie\u00a0: 21 condamnations dans l\u2019affaire du \\\"Complot contre la s\u00fbret\u00e9 de l\u2019\u00c9tat 2\\\"\"},{\"@type\":\"BreadcrumbList\",\"@id\":\"https:\\\/\\\/www.webdo.tn\\\/fr\\\/actualite\\\/national\\\/tunisie-21-condamnations-dans-laffaire-du-complot-contre-la-surete-de-letat-2\\\/379307\\\/#breadcrumb\",\"itemListElement\":[{\"@type\":\"ListItem\",\"position\":1,\"name\":\"Accueil\",\"item\":\"https:\\\/\\\/www.webdo.tn\\\/fr\\\/\"},{\"@type\":\"ListItem\",\"position\":2,\"name\":\"Tunisie\u00a0: 21 condamnations dans l\u2019affaire du \u00ab\u00a0Complot contre la s\u00fbret\u00e9 de l\u2019\u00c9tat 2\u00a0\u00bb\"}]},{\"@type\":\"WebSite\",\"@id\":\"https:\\\/\\\/www.webdo.tn\\\/fr\\\/#website\",\"url\":\"https:\\\/\\\/www.webdo.tn\\\/fr\\\/\",\"name\":\"webdo\",\"description\":\"Tunisie - News en Tunisie et \u00e0 l&#039;international sur Webdo.tn\",\"publisher\":{\"@id\":\"https:\\\/\\\/www.webdo.tn\\\/fr\\\/#organization\"},\"potentialAction\":[{\"@type\":\"SearchAction\",\"target\":{\"@type\":\"EntryPoint\",\"urlTemplate\":\"https:\\\/\\\/www.webdo.tn\\\/fr\\\/?s={search_term_string}\"},\"query-input\":{\"@type\":\"PropertyValueSpecification\",\"valueRequired\":true,\"valueName\":\"search_term_string\"}}],\"inLanguage\":\"fr-FR\"},{\"@type\":\"Organization\",\"@id\":\"https:\\\/\\\/www.webdo.tn\\\/fr\\\/#organization\",\"name\":\"Webdo\",\"alternateName\":\"Webdo.tn\",\"url\":\"https:\\\/\\\/www.webdo.tn\\\/fr\\\/\",\"logo\":{\"@type\":\"ImageObject\",\"inLanguage\":\"fr-FR\",\"@id\":\"https:\\\/\\\/www.webdo.tn\\\/fr\\\/#\\\/schema\\\/logo\\\/image\\\/\",\"url\":\"https:\\\/\\\/www.webdo.tn\\\/fr\\\/wp-content\\\/uploads\\\/2025\\\/06\\\/Webdo-Tunisie_168377.jpg\",\"contentUrl\":\"https:\\\/\\\/www.webdo.tn\\\/fr\\\/wp-content\\\/uploads\\\/2025\\\/06\\\/Webdo-Tunisie_168377.jpg\",\"width\":301,\"height\":301,\"caption\":\"Webdo\"},\"image\":{\"@id\":\"https:\\\/\\\/www.webdo.tn\\\/fr\\\/#\\\/schema\\\/logo\\\/image\\\/\"},\"sameAs\":[\"https:\\\/\\\/www.facebook.com\\\/webdotn\",\"https:\\\/\\\/x.com\\\/webdo_tn\"],\"description\":\"Webdo est un m\u00e9dia num\u00e9rique tunisien fond\u00e9 en 2010, sp\u00e9cialis\u00e9 dans l\u2019actualit\u00e9 nationale et internationale, l\u2019\u00e9conomie, la soci\u00e9t\u00e9 et les analyses politiques. Le site s\u2019adresse \u00e0 un large public francophone et couvre l\u2019information tunisienne en temps r\u00e9el.\",\"email\":\"redac@webdo.tn\",\"legalName\":\"YNJ SARL\",\"foundingDate\":\"2010-09-06\",\"numberOfEmployees\":{\"@type\":\"QuantitativeValue\",\"minValue\":\"11\",\"maxValue\":\"50\"}},{\"@type\":\"Person\",\"@id\":\"https:\\\/\\\/www.webdo.tn\\\/fr\\\/#\\\/schema\\\/person\\\/c652cd8fc2b1b44412b5ffb48c5a911d\",\"name\":\"Mohamed Hedi Touati\",\"image\":{\"@type\":\"ImageObject\",\"inLanguage\":\"fr-FR\",\"@id\":\"https:\\\/\\\/secure.gravatar.com\\\/avatar\\\/9cfd402c745b7a685f13eed0ea6e59d2144a3c2fc50a3db6fd5ed451f6cddf1a?s=96&d=mm&r=g\",\"url\":\"https:\\\/\\\/secure.gravatar.com\\\/avatar\\\/9cfd402c745b7a685f13eed0ea6e59d2144a3c2fc50a3db6fd5ed451f6cddf1a?s=96&d=mm&r=g\",\"contentUrl\":\"https:\\\/\\\/secure.gravatar.com\\\/avatar\\\/9cfd402c745b7a685f13eed0ea6e59d2144a3c2fc50a3db6fd5ed451f6cddf1a?s=96&d=mm&r=g\",\"caption\":\"Mohamed Hedi Touati\"},\"url\":\"https:\\\/\\\/www.webdo.tn\\\/fr\\\/actualite\\\/author\\\/mohamed-hedi-touati\\\/\"}]}<\/script>\n<!-- \/ Yoast SEO Premium plugin. -->","yoast_head_json":{"title":"Tunisie\u00a0: 21 condamnations dans l\u2019affaire du \"Complot contre la s\u00fbret\u00e9 de l\u2019\u00c9tat 2\" - webdo","description":"Le verdict dans le dossier du Complot contre la s\u00fbret\u00e9 de l\u2019\u00c9tat 2 a \u00e9t\u00e9 rendu. D\u00e9couvrez les peines inflig\u00e9es aux accus\u00e9s.","canonical":"https:\/\/www.webdo.tn\/fr\/actualite\/national\/tunisie-21-condamnations-dans-laffaire-du-complot-contre-la-surete-de-letat-2\/379307\/","og_locale":"fr_FR","og_type":"article","og_title":"Tunisie\u00a0: 21 condamnations dans l\u2019affaire du \"Complot contre la s\u00fbret\u00e9 de l\u2019\u00c9tat 2\"","og_description":"Le verdict dans le dossier du Complot contre la s\u00fbret\u00e9 de l\u2019\u00c9tat 2 a \u00e9t\u00e9 rendu. D\u00e9couvrez les peines inflig\u00e9es aux accus\u00e9s.","og_url":"https:\/\/www.webdo.tn\/fr\/actualite\/national\/tunisie-21-condamnations-dans-laffaire-du-complot-contre-la-surete-de-letat-2\/379307\/","og_site_name":"webdo","article_publisher":"https:\/\/www.facebook.com\/webdotn","article_published_time":"2025-07-09T07:27:17+00:00","article_modified_time":"2025-07-10T06:52:34+00:00","og_image":[{"width":960,"height":640,"url":"https:\/\/www.webdo.tn\/fr\/wp-content\/uploads\/2025\/06\/ghannouchi-3_146456.jpg","type":"image\/jpeg"}],"author":"Mohamed Hedi Touati","twitter_card":"summary_large_image","twitter_creator":"@webdo_tn","twitter_site":"@webdo_tn","twitter_misc":{"\u00c9crit par":"Mohamed Hedi Touati","Dur\u00e9e de lecture estim\u00e9e":"3 minutes"},"schema":{"@context":"https:\/\/schema.org","@graph":[{"@type":"NewsArticle","@id":"https:\/\/www.webdo.tn\/fr\/actualite\/national\/tunisie-21-condamnations-dans-laffaire-du-complot-contre-la-surete-de-letat-2\/379307\/#article","isPartOf":{"@id":"https:\/\/www.webdo.tn\/fr\/actualite\/national\/tunisie-21-condamnations-dans-laffaire-du-complot-contre-la-surete-de-letat-2\/379307\/"},"author":{"name":"Mohamed Hedi Touati","@id":"https:\/\/www.webdo.tn\/fr\/#\/schema\/person\/c652cd8fc2b1b44412b5ffb48c5a911d"},"headline":"Tunisie\u00a0: 21 condamnations dans l\u2019affaire du \u00ab\u00a0Complot contre la s\u00fbret\u00e9 de l\u2019\u00c9tat 2\u00a0\u00bb","datePublished":"2025-07-09T07:27:17+00:00","dateModified":"2025-07-10T06:52:34+00:00","mainEntityOfPage":{"@id":"https:\/\/www.webdo.tn\/fr\/actualite\/national\/tunisie-21-condamnations-dans-laffaire-du-complot-contre-la-surete-de-letat-2\/379307\/"},"wordCount":483,"commentCount":0,"publisher":{"@id":"https:\/\/www.webdo.tn\/fr\/#organization"},"image":{"@id":"https:\/\/www.webdo.tn\/fr\/actualite\/national\/tunisie-21-condamnations-dans-laffaire-du-complot-contre-la-surete-de-letat-2\/379307\/#primaryimage"},"thumbnailUrl":"https:\/\/www.webdo.tn\/fr\/wp-content\/uploads\/2025\/06\/ghannouchi-3_146456.jpg","keywords":["accus\u00e9s","Complot contre la s\u00fbret\u00e9 de l\u2019\u00c9tat 2","condamnation","justice","nadia akacha","Rached Ghannouchi","Tunisie","Youssef Chahed"],"articleSection":["National"],"inLanguage":"fr-FR"},{"@type":"WebPage","@id":"https:\/\/www.webdo.tn\/fr\/actualite\/national\/tunisie-21-condamnations-dans-laffaire-du-complot-contre-la-surete-de-letat-2\/379307\/","url":"https:\/\/www.webdo.tn\/fr\/actualite\/national\/tunisie-21-condamnations-dans-laffaire-du-complot-contre-la-surete-de-letat-2\/379307\/","name":"Tunisie\u00a0: 21 condamnations dans l\u2019affaire du \"Complot contre la s\u00fbret\u00e9 de l\u2019\u00c9tat 2\" - webdo","isPartOf":{"@id":"https:\/\/www.webdo.tn\/fr\/#website"},"primaryImageOfPage":{"@id":"https:\/\/www.webdo.tn\/fr\/actualite\/national\/tunisie-21-condamnations-dans-laffaire-du-complot-contre-la-surete-de-letat-2\/379307\/#primaryimage"},"image":{"@id":"https:\/\/www.webdo.tn\/fr\/actualite\/national\/tunisie-21-condamnations-dans-laffaire-du-complot-contre-la-surete-de-letat-2\/379307\/#primaryimage"},"thumbnailUrl":"https:\/\/www.webdo.tn\/fr\/wp-content\/uploads\/2025\/06\/ghannouchi-3_146456.jpg","datePublished":"2025-07-09T07:27:17+00:00","dateModified":"2025-07-10T06:52:34+00:00","description":"Le verdict dans le dossier du Complot contre la s\u00fbret\u00e9 de l\u2019\u00c9tat 2 a \u00e9t\u00e9 rendu. D\u00e9couvrez les peines inflig\u00e9es aux accus\u00e9s.","breadcrumb":{"@id":"https:\/\/www.webdo.tn\/fr\/actualite\/national\/tunisie-21-condamnations-dans-laffaire-du-complot-contre-la-surete-de-letat-2\/379307\/#breadcrumb"},"inLanguage":"fr-FR","potentialAction":[{"@type":"ReadAction","target":["https:\/\/www.webdo.tn\/fr\/actualite\/national\/tunisie-21-condamnations-dans-laffaire-du-complot-contre-la-surete-de-letat-2\/379307\/"]}]},{"@type":"ImageObject","inLanguage":"fr-FR","@id":"https:\/\/www.webdo.tn\/fr\/actualite\/national\/tunisie-21-condamnations-dans-laffaire-du-complot-contre-la-surete-de-letat-2\/379307\/#primaryimage","url":"https:\/\/www.webdo.tn\/fr\/wp-content\/uploads\/2025\/06\/ghannouchi-3_146456.jpg","contentUrl":"https:\/\/www.webdo.tn\/fr\/wp-content\/uploads\/2025\/06\/ghannouchi-3_146456.jpg","width":960,"height":640,"caption":"Tunisie\u00a0: 21 condamnations dans l\u2019affaire du \"Complot contre la s\u00fbret\u00e9 de l\u2019\u00c9tat 2\""},{"@type":"BreadcrumbList","@id":"https:\/\/www.webdo.tn\/fr\/actualite\/national\/tunisie-21-condamnations-dans-laffaire-du-complot-contre-la-surete-de-letat-2\/379307\/#breadcrumb","itemListElement":[{"@type":"ListItem","position":1,"name":"Accueil","item":"https:\/\/www.webdo.tn\/fr\/"},{"@type":"ListItem","position":2,"name":"Tunisie\u00a0: 21 condamnations dans l\u2019affaire du \u00ab\u00a0Complot contre la s\u00fbret\u00e9 de l\u2019\u00c9tat 2\u00a0\u00bb"}]},{"@type":"WebSite","@id":"https:\/\/www.webdo.tn\/fr\/#website","url":"https:\/\/www.webdo.tn\/fr\/","name":"webdo","description":"Tunisie - News en Tunisie et \u00e0 l&#039;international sur Webdo.tn","publisher":{"@id":"https:\/\/www.webdo.tn\/fr\/#organization"},"potentialAction":[{"@type":"SearchAction","target":{"@type":"EntryPoint","urlTemplate":"https:\/\/www.webdo.tn\/fr\/?s={search_term_string}"},"query-input":{"@type":"PropertyValueSpecification","valueRequired":true,"valueName":"search_term_string"}}],"inLanguage":"fr-FR"},{"@type":"Organization","@id":"https:\/\/www.webdo.tn\/fr\/#organization","name":"Webdo","alternateName":"Webdo.tn","url":"https:\/\/www.webdo.tn\/fr\/","logo":{"@type":"ImageObject","inLanguage":"fr-FR","@id":"https:\/\/www.webdo.tn\/fr\/#\/schema\/logo\/image\/","url":"https:\/\/www.webdo.tn\/fr\/wp-content\/uploads\/2025\/06\/Webdo-Tunisie_168377.jpg","contentUrl":"https:\/\/www.webdo.tn\/fr\/wp-content\/uploads\/2025\/06\/Webdo-Tunisie_168377.jpg","width":301,"height":301,"caption":"Webdo"},"image":{"@id":"https:\/\/www.webdo.tn\/fr\/#\/schema\/logo\/image\/"},"sameAs":["https:\/\/www.facebook.com\/webdotn","https:\/\/x.com\/webdo_tn"],"description":"Webdo est un m\u00e9dia num\u00e9rique tunisien fond\u00e9 en 2010, sp\u00e9cialis\u00e9 dans l\u2019actualit\u00e9 nationale et internationale, l\u2019\u00e9conomie, la soci\u00e9t\u00e9 et les analyses politiques. Le site s\u2019adresse \u00e0 un large public francophone et couvre l\u2019information tunisienne en temps r\u00e9el.","email":"redac@webdo.tn","legalName":"YNJ SARL","foundingDate":"2010-09-06","numberOfEmployees":{"@type":"QuantitativeValue","minValue":"11","maxValue":"50"}},{"@type":"Person","@id":"https:\/\/www.webdo.tn\/fr\/#\/schema\/person\/c652cd8fc2b1b44412b5ffb48c5a911d","name":"Mohamed Hedi Touati","image":{"@type":"ImageObject","inLanguage":"fr-FR","@id":"https:\/\/secure.gravatar.com\/avatar\/9cfd402c745b7a685f13eed0ea6e59d2144a3c2fc50a3db6fd5ed451f6cddf1a?s=96&d=mm&r=g","url":"https:\/\/secure.gravatar.com\/avatar\/9cfd402c745b7a685f13eed0ea6e59d2144a3c2fc50a3db6fd5ed451f6cddf1a?s=96&d=mm&r=g","contentUrl":"https:\/\/secure.gravatar.com\/avatar\/9cfd402c745b7a685f13eed0ea6e59d2144a3c2fc50a3db6fd5ed451f6cddf1a?s=96&d=mm&r=g","caption":"Mohamed Hedi Touati"},"url":"https:\/\/www.webdo.tn\/fr\/actualite\/author\/mohamed-hedi-touati\/"}]}},"_links":{"self":[{"href":"https:\/\/www.webdo.tn\/fr\/wp-json\/wp\/v2\/posts\/379307","targetHints":{"allow":["GET"]}}],"collection":[{"href":"https:\/\/www.webdo.tn\/fr\/wp-json\/wp\/v2\/posts"}],"about":[{"href":"https:\/\/www.webdo.tn\/fr\/wp-json\/wp\/v2\/types\/post"}],"author":[{"embeddable":true,"href":"https:\/\/www.webdo.tn\/fr\/wp-json\/wp\/v2\/users\/3191"}],"replies":[{"embeddable":true,"href":"https:\/\/www.webdo.tn\/fr\/wp-json\/wp\/v2\/comments?post=379307"}],"version-history":[{"count":0,"href":"https:\/\/www.webdo.tn\/fr\/wp-json\/wp\/v2\/posts\/379307\/revisions"}],"wp:featuredmedia":[{"embeddable":true,"href":"https:\/\/www.webdo.tn\/fr\/wp-json\/wp\/v2\/media\/369953"}],"wp:attachment":[{"href":"https:\/\/www.webdo.tn\/fr\/wp-json\/wp\/v2\/media?parent=379307"}],"wp:term":[{"taxonomy":"category","embeddable":true,"href":"https:\/\/www.webdo.tn\/fr\/wp-json\/wp\/v2\/categories?post=379307"},{"taxonomy":"post_tag","embeddable":true,"href":"https:\/\/www.webdo.tn\/fr\/wp-json\/wp\/v2\/tags?post=379307"}],"curies":[{"name":"wp","href":"https:\/\/api.w.org\/{rel}","templated":true}]}}