{"id":379296,"date":"2025-07-08T19:29:21","date_gmt":"2025-07-08T18:29:21","guid":{"rendered":"https:\/\/www.webdo.tn\/fr\/?p=379296"},"modified":"2025-07-09T08:27:56","modified_gmt":"2025-07-09T07:27:56","slug":"tunisie-complot-contre-la-surete-de-letat-2-des-peines-de-12-a-35-ans-de-prison-prononcees","status":"publish","type":"post","link":"https:\/\/www.webdo.tn\/fr\/actualite\/national\/tunisie-complot-contre-la-surete-de-letat-2-des-peines-de-12-a-35-ans-de-prison-prononcees\/379296\/","title":{"rendered":"Tunisie &#8211; Complot contre la s\u00fbret\u00e9 de l\u2019\u00c9tat 2 : Des peines de 12 \u00e0 35 ans de prison prononc\u00e9es"},"content":{"rendered":"\n<p><strong>La chambre criminelle sp\u00e9cialis\u00e9e dans les affaires de terrorisme aupr\u00e8s du tribunal de premi\u00e8re instance de Tunis a rendu, ce mardi, son verdict tr\u00e8s attendu dans l\u2019affaire dite du \u00ab complot contre la s\u00fbret\u00e9 de l\u2019\u00c9tat 2 \u00bb, pronon\u00e7ant des peines allant de 12 \u00e0 35 ans de prison \u00e0 l\u2019encontre de plusieurs figures politiques et s\u00e9curitaires.<\/strong><\/p>\n\n\n\n<p>Parmi les accus\u00e9s en d\u00e9tention, Mehrez Zouari, Abdelkarim Laabidi, Habib Ellouze, Kamel Bedoui, Fethi Beldi et Rayen Hamzaoui, tous jug\u00e9s \u00e0 distance depuis leur cellule, ont \u00e9t\u00e9 condamn\u00e9s \u00e0 12 ans de prison ferme. <\/p>\n\n\n\n<p>Le chef historique du mouvement Ennahdha, Rached Ghannouchi, qui a refus\u00e9 de compara\u00eetre en boycottant les juridictions et les juges d\u2019instruction, a \u00e9cop\u00e9 de 14 ans de prison.<\/p>\n\n\n\n<p>Les accus\u00e9s en fuite, jug\u00e9s par contumace, ont quant \u00e0 eux \u00e9t\u00e9 condamn\u00e9s \u00e0 35 ans de prison, la peine la plus lourde. Figurent parmi eux Nadia Akacha (ancienne cheffe du cabinet pr\u00e9sidentiel), Mouadh Ghannouchi, Chahrazed Akacha, Kamal Guizani, Lotfi Zitoun, Maher Zid, Mustapha Khedher, Adel Daadaa, Abdelkader Ben Farhat et Rafik Abdessalem.<\/p>\n\n\n\n<p>Ils ont tous \u00e9t\u00e9 poursuivis pour atteinte pr\u00e9sum\u00e9e \u00e0 la s\u00e9curit\u00e9 de l\u2019\u00c9tat ; formation d\u2019une organisation ou d\u2019une entente en lien avec des actes terroristes ; incitation \u00e0 commettre un homicide ou des actes de violence ; le recrutement et l\u2019entra\u00eenement de personnes \u00e0 des fins terroristes.<\/p>\n\n\n\n<p>\u00c0 noter que l\u2019ancien chef du gouvernement Youssef Chahed, \u00e9galement concern\u00e9 par cette affaire, n\u2019a pas \u00e9t\u00e9 jug\u00e9 \u00e0 ce stade. Il a introduit un pourvoi en cassation contre la d\u00e9cision de renvoi devant la chambre criminelle, et attend l\u2019issue de ce recours.<\/p>\n","protected":false},"excerpt":{"rendered":"<p>La chambre criminelle sp\u00e9cialis\u00e9e dans les affaires de terrorisme aupr\u00e8s du tribunal de premi\u00e8re instance de Tunis a rendu, ce mardi, son verdict tr\u00e8s attendu dans l\u2019affaire dite du \u00ab complot contre la s\u00fbret\u00e9 de l\u2019\u00c9tat 2 \u00bb, pronon\u00e7ant des peines allant de 12 \u00e0 35 ans de prison \u00e0 l\u2019encontre de plusieurs figures politiques [&hellip;]<\/p>\n","protected":false},"author":3191,"featured_media":379297,"comment_status":"open","ping_status":"open","sticky":false,"template":"","format":"standard","meta":{"footnotes":""},"categories":[44],"tags":[2682,2619,12166,2608],"class_list":["post-379296","post","type-post","status-publish","format-standard","has-post-thumbnail","hentry","category-national","tag-complot-contre-la-surete-de-letat-2","tag-justice","tag-peines-de-prison-2","tag-tunisie"],"yoast_head":"<!-- This site is optimized with the Yoast SEO Premium plugin v27.5 (Yoast SEO v27.5) - https:\/\/yoast.com\/product\/yoast-seo-premium-wordpress\/ -->\n<title>Tunisie - Complot contre la s\u00fbret\u00e9 de l\u2019\u00c9tat 2 : Des peines de 12 \u00e0 35 ans de prison prononc\u00e9es - webdo<\/title>\n<meta name=\"description\" content=\"La chambre criminelle a rendu son jugement sur le complot contre la s\u00fbret\u00e9 de l\u2019\u00c9tat 2. Apprenez-en plus sur les peines prononc\u00e9es.\" \/>\n<link rel=\"canonical\" href=\"https:\/\/www.webdo.tn\/fr\/actualite\/national\/tunisie-complot-contre-la-surete-de-letat-2-des-peines-de-12-a-35-ans-de-prison-prononcees\/379296\/\" \/>\n<meta property=\"og:locale\" content=\"fr_FR\" \/>\n<meta property=\"og:type\" content=\"article\" \/>\n<meta property=\"og:title\" content=\"Tunisie - Complot contre la s\u00fbret\u00e9 de l\u2019\u00c9tat 2 : Des peines de 12 \u00e0 35 ans de prison prononc\u00e9es\" \/>\n<meta property=\"og:description\" content=\"La chambre criminelle a rendu son jugement sur le complot contre la s\u00fbret\u00e9 de l\u2019\u00c9tat 2. Apprenez-en plus sur les peines prononc\u00e9es.\" \/>\n<meta property=\"og:url\" content=\"https:\/\/www.webdo.tn\/fr\/actualite\/national\/tunisie-complot-contre-la-surete-de-letat-2-des-peines-de-12-a-35-ans-de-prison-prononcees\/379296\/\" \/>\n<meta property=\"og:site_name\" content=\"webdo\" \/>\n<meta property=\"article:publisher\" content=\"https:\/\/www.facebook.com\/webdotn\" \/>\n<meta property=\"article:published_time\" content=\"2025-07-08T18:29:21+00:00\" \/>\n<meta property=\"article:modified_time\" content=\"2025-07-09T07:27:56+00:00\" \/>\n<meta property=\"og:image\" content=\"https:\/\/www.webdo.tn\/fr\/wp-content\/uploads\/2025\/07\/complot.jpg\" \/>\n\t<meta property=\"og:image:width\" content=\"844\" \/>\n\t<meta property=\"og:image:height\" content=\"480\" \/>\n\t<meta property=\"og:image:type\" content=\"image\/jpeg\" \/>\n<meta name=\"author\" content=\"Mohamed Hedi Touati\" \/>\n<meta name=\"twitter:card\" content=\"summary_large_image\" \/>\n<meta name=\"twitter:creator\" content=\"@webdo_tn\" \/>\n<meta name=\"twitter:site\" content=\"@webdo_tn\" \/>\n<meta name=\"twitter:label1\" content=\"\u00c9crit par\" \/>\n\t<meta name=\"twitter:data1\" content=\"Mohamed Hedi Touati\" \/>\n\t<meta name=\"twitter:label2\" content=\"Dur\u00e9e de lecture estim\u00e9e\" \/>\n\t<meta name=\"twitter:data2\" content=\"2 minutes\" \/>\n<script type=\"application\/ld+json\" class=\"yoast-schema-graph\">{\"@context\":\"https:\\\/\\\/schema.org\",\"@graph\":[{\"@type\":\"NewsArticle\",\"@id\":\"https:\\\/\\\/www.webdo.tn\\\/fr\\\/actualite\\\/national\\\/tunisie-complot-contre-la-surete-de-letat-2-des-peines-de-12-a-35-ans-de-prison-prononcees\\\/379296\\\/#article\",\"isPartOf\":{\"@id\":\"https:\\\/\\\/www.webdo.tn\\\/fr\\\/actualite\\\/national\\\/tunisie-complot-contre-la-surete-de-letat-2-des-peines-de-12-a-35-ans-de-prison-prononcees\\\/379296\\\/\"},\"author\":{\"name\":\"Mohamed Hedi Touati\",\"@id\":\"https:\\\/\\\/www.webdo.tn\\\/fr\\\/#\\\/schema\\\/person\\\/c652cd8fc2b1b44412b5ffb48c5a911d\"},\"headline\":\"Tunisie &#8211; Complot contre la s\u00fbret\u00e9 de l\u2019\u00c9tat 2 : Des peines de 12 \u00e0 35 ans de prison prononc\u00e9es\",\"datePublished\":\"2025-07-08T18:29:21+00:00\",\"dateModified\":\"2025-07-09T07:27:56+00:00\",\"mainEntityOfPage\":{\"@id\":\"https:\\\/\\\/www.webdo.tn\\\/fr\\\/actualite\\\/national\\\/tunisie-complot-contre-la-surete-de-letat-2-des-peines-de-12-a-35-ans-de-prison-prononcees\\\/379296\\\/\"},\"wordCount\":292,\"commentCount\":0,\"publisher\":{\"@id\":\"https:\\\/\\\/www.webdo.tn\\\/fr\\\/#organization\"},\"image\":{\"@id\":\"https:\\\/\\\/www.webdo.tn\\\/fr\\\/actualite\\\/national\\\/tunisie-complot-contre-la-surete-de-letat-2-des-peines-de-12-a-35-ans-de-prison-prononcees\\\/379296\\\/#primaryimage\"},\"thumbnailUrl\":\"https:\\\/\\\/www.webdo.tn\\\/fr\\\/wp-content\\\/uploads\\\/2025\\\/07\\\/complot.jpg\",\"keywords\":[\"Complot contre la s\u00fbret\u00e9 de l\u2019\u00c9tat 2\",\"justice\",\"peines de prison\",\"Tunisie\"],\"articleSection\":[\"National\"],\"inLanguage\":\"fr-FR\"},{\"@type\":\"WebPage\",\"@id\":\"https:\\\/\\\/www.webdo.tn\\\/fr\\\/actualite\\\/national\\\/tunisie-complot-contre-la-surete-de-letat-2-des-peines-de-12-a-35-ans-de-prison-prononcees\\\/379296\\\/\",\"url\":\"https:\\\/\\\/www.webdo.tn\\\/fr\\\/actualite\\\/national\\\/tunisie-complot-contre-la-surete-de-letat-2-des-peines-de-12-a-35-ans-de-prison-prononcees\\\/379296\\\/\",\"name\":\"Tunisie - Complot contre la s\u00fbret\u00e9 de l\u2019\u00c9tat 2 : Des peines de 12 \u00e0 35 ans de prison prononc\u00e9es - webdo\",\"isPartOf\":{\"@id\":\"https:\\\/\\\/www.webdo.tn\\\/fr\\\/#website\"},\"primaryImageOfPage\":{\"@id\":\"https:\\\/\\\/www.webdo.tn\\\/fr\\\/actualite\\\/national\\\/tunisie-complot-contre-la-surete-de-letat-2-des-peines-de-12-a-35-ans-de-prison-prononcees\\\/379296\\\/#primaryimage\"},\"image\":{\"@id\":\"https:\\\/\\\/www.webdo.tn\\\/fr\\\/actualite\\\/national\\\/tunisie-complot-contre-la-surete-de-letat-2-des-peines-de-12-a-35-ans-de-prison-prononcees\\\/379296\\\/#primaryimage\"},\"thumbnailUrl\":\"https:\\\/\\\/www.webdo.tn\\\/fr\\\/wp-content\\\/uploads\\\/2025\\\/07\\\/complot.jpg\",\"datePublished\":\"2025-07-08T18:29:21+00:00\",\"dateModified\":\"2025-07-09T07:27:56+00:00\",\"description\":\"La chambre criminelle a rendu son jugement sur le complot contre la s\u00fbret\u00e9 de l\u2019\u00c9tat 2. Apprenez-en plus sur les peines prononc\u00e9es.\",\"breadcrumb\":{\"@id\":\"https:\\\/\\\/www.webdo.tn\\\/fr\\\/actualite\\\/national\\\/tunisie-complot-contre-la-surete-de-letat-2-des-peines-de-12-a-35-ans-de-prison-prononcees\\\/379296\\\/#breadcrumb\"},\"inLanguage\":\"fr-FR\",\"potentialAction\":[{\"@type\":\"ReadAction\",\"target\":[\"https:\\\/\\\/www.webdo.tn\\\/fr\\\/actualite\\\/national\\\/tunisie-complot-contre-la-surete-de-letat-2-des-peines-de-12-a-35-ans-de-prison-prononcees\\\/379296\\\/\"]}]},{\"@type\":\"ImageObject\",\"inLanguage\":\"fr-FR\",\"@id\":\"https:\\\/\\\/www.webdo.tn\\\/fr\\\/actualite\\\/national\\\/tunisie-complot-contre-la-surete-de-letat-2-des-peines-de-12-a-35-ans-de-prison-prononcees\\\/379296\\\/#primaryimage\",\"url\":\"https:\\\/\\\/www.webdo.tn\\\/fr\\\/wp-content\\\/uploads\\\/2025\\\/07\\\/complot.jpg\",\"contentUrl\":\"https:\\\/\\\/www.webdo.tn\\\/fr\\\/wp-content\\\/uploads\\\/2025\\\/07\\\/complot.jpg\",\"width\":844,\"height\":480,\"caption\":\"Complot contre la s\u00fbret\u00e9 de l\u2019\u00c9tat 2 : Des peines de 12 \u00e0 35 ans de prison prononc\u00e9es\"},{\"@type\":\"BreadcrumbList\",\"@id\":\"https:\\\/\\\/www.webdo.tn\\\/fr\\\/actualite\\\/national\\\/tunisie-complot-contre-la-surete-de-letat-2-des-peines-de-12-a-35-ans-de-prison-prononcees\\\/379296\\\/#breadcrumb\",\"itemListElement\":[{\"@type\":\"ListItem\",\"position\":1,\"name\":\"Accueil\",\"item\":\"https:\\\/\\\/www.webdo.tn\\\/fr\\\/\"},{\"@type\":\"ListItem\",\"position\":2,\"name\":\"Tunisie &#8211; Complot contre la s\u00fbret\u00e9 de l\u2019\u00c9tat 2 : Des peines de 12 \u00e0 35 ans de prison prononc\u00e9es\"}]},{\"@type\":\"WebSite\",\"@id\":\"https:\\\/\\\/www.webdo.tn\\\/fr\\\/#website\",\"url\":\"https:\\\/\\\/www.webdo.tn\\\/fr\\\/\",\"name\":\"webdo\",\"description\":\"Tunisie - News en Tunisie et \u00e0 l&#039;international sur Webdo.tn\",\"publisher\":{\"@id\":\"https:\\\/\\\/www.webdo.tn\\\/fr\\\/#organization\"},\"potentialAction\":[{\"@type\":\"SearchAction\",\"target\":{\"@type\":\"EntryPoint\",\"urlTemplate\":\"https:\\\/\\\/www.webdo.tn\\\/fr\\\/?s={search_term_string}\"},\"query-input\":{\"@type\":\"PropertyValueSpecification\",\"valueRequired\":true,\"valueName\":\"search_term_string\"}}],\"inLanguage\":\"fr-FR\"},{\"@type\":\"Organization\",\"@id\":\"https:\\\/\\\/www.webdo.tn\\\/fr\\\/#organization\",\"name\":\"Webdo\",\"alternateName\":\"Webdo.tn\",\"url\":\"https:\\\/\\\/www.webdo.tn\\\/fr\\\/\",\"logo\":{\"@type\":\"ImageObject\",\"inLanguage\":\"fr-FR\",\"@id\":\"https:\\\/\\\/www.webdo.tn\\\/fr\\\/#\\\/schema\\\/logo\\\/image\\\/\",\"url\":\"https:\\\/\\\/www.webdo.tn\\\/fr\\\/wp-content\\\/uploads\\\/2025\\\/06\\\/Webdo-Tunisie_168377.jpg\",\"contentUrl\":\"https:\\\/\\\/www.webdo.tn\\\/fr\\\/wp-content\\\/uploads\\\/2025\\\/06\\\/Webdo-Tunisie_168377.jpg\",\"width\":301,\"height\":301,\"caption\":\"Webdo\"},\"image\":{\"@id\":\"https:\\\/\\\/www.webdo.tn\\\/fr\\\/#\\\/schema\\\/logo\\\/image\\\/\"},\"sameAs\":[\"https:\\\/\\\/www.facebook.com\\\/webdotn\",\"https:\\\/\\\/x.com\\\/webdo_tn\"],\"description\":\"Webdo est un m\u00e9dia num\u00e9rique tunisien fond\u00e9 en 2010, sp\u00e9cialis\u00e9 dans l\u2019actualit\u00e9 nationale et internationale, l\u2019\u00e9conomie, la soci\u00e9t\u00e9 et les analyses politiques. Le site s\u2019adresse \u00e0 un large public francophone et couvre l\u2019information tunisienne en temps r\u00e9el.\",\"email\":\"redac@webdo.tn\",\"legalName\":\"YNJ SARL\",\"foundingDate\":\"2010-09-06\",\"numberOfEmployees\":{\"@type\":\"QuantitativeValue\",\"minValue\":\"11\",\"maxValue\":\"50\"}},{\"@type\":\"Person\",\"@id\":\"https:\\\/\\\/www.webdo.tn\\\/fr\\\/#\\\/schema\\\/person\\\/c652cd8fc2b1b44412b5ffb48c5a911d\",\"name\":\"Mohamed Hedi Touati\",\"image\":{\"@type\":\"ImageObject\",\"inLanguage\":\"fr-FR\",\"@id\":\"https:\\\/\\\/secure.gravatar.com\\\/avatar\\\/9cfd402c745b7a685f13eed0ea6e59d2144a3c2fc50a3db6fd5ed451f6cddf1a?s=96&d=mm&r=g\",\"url\":\"https:\\\/\\\/secure.gravatar.com\\\/avatar\\\/9cfd402c745b7a685f13eed0ea6e59d2144a3c2fc50a3db6fd5ed451f6cddf1a?s=96&d=mm&r=g\",\"contentUrl\":\"https:\\\/\\\/secure.gravatar.com\\\/avatar\\\/9cfd402c745b7a685f13eed0ea6e59d2144a3c2fc50a3db6fd5ed451f6cddf1a?s=96&d=mm&r=g\",\"caption\":\"Mohamed Hedi Touati\"},\"url\":\"https:\\\/\\\/www.webdo.tn\\\/fr\\\/actualite\\\/author\\\/mohamed-hedi-touati\\\/\"}]}<\/script>\n<!-- \/ Yoast SEO Premium plugin. -->","yoast_head_json":{"title":"Tunisie - Complot contre la s\u00fbret\u00e9 de l\u2019\u00c9tat 2 : Des peines de 12 \u00e0 35 ans de prison prononc\u00e9es - webdo","description":"La chambre criminelle a rendu son jugement sur le complot contre la s\u00fbret\u00e9 de l\u2019\u00c9tat 2. Apprenez-en plus sur les peines prononc\u00e9es.","canonical":"https:\/\/www.webdo.tn\/fr\/actualite\/national\/tunisie-complot-contre-la-surete-de-letat-2-des-peines-de-12-a-35-ans-de-prison-prononcees\/379296\/","og_locale":"fr_FR","og_type":"article","og_title":"Tunisie - Complot contre la s\u00fbret\u00e9 de l\u2019\u00c9tat 2 : Des peines de 12 \u00e0 35 ans de prison prononc\u00e9es","og_description":"La chambre criminelle a rendu son jugement sur le complot contre la s\u00fbret\u00e9 de l\u2019\u00c9tat 2. Apprenez-en plus sur les peines prononc\u00e9es.","og_url":"https:\/\/www.webdo.tn\/fr\/actualite\/national\/tunisie-complot-contre-la-surete-de-letat-2-des-peines-de-12-a-35-ans-de-prison-prononcees\/379296\/","og_site_name":"webdo","article_publisher":"https:\/\/www.facebook.com\/webdotn","article_published_time":"2025-07-08T18:29:21+00:00","article_modified_time":"2025-07-09T07:27:56+00:00","og_image":[{"width":844,"height":480,"url":"https:\/\/www.webdo.tn\/fr\/wp-content\/uploads\/2025\/07\/complot.jpg","type":"image\/jpeg"}],"author":"Mohamed Hedi Touati","twitter_card":"summary_large_image","twitter_creator":"@webdo_tn","twitter_site":"@webdo_tn","twitter_misc":{"\u00c9crit par":"Mohamed Hedi Touati","Dur\u00e9e de lecture estim\u00e9e":"2 minutes"},"schema":{"@context":"https:\/\/schema.org","@graph":[{"@type":"NewsArticle","@id":"https:\/\/www.webdo.tn\/fr\/actualite\/national\/tunisie-complot-contre-la-surete-de-letat-2-des-peines-de-12-a-35-ans-de-prison-prononcees\/379296\/#article","isPartOf":{"@id":"https:\/\/www.webdo.tn\/fr\/actualite\/national\/tunisie-complot-contre-la-surete-de-letat-2-des-peines-de-12-a-35-ans-de-prison-prononcees\/379296\/"},"author":{"name":"Mohamed Hedi Touati","@id":"https:\/\/www.webdo.tn\/fr\/#\/schema\/person\/c652cd8fc2b1b44412b5ffb48c5a911d"},"headline":"Tunisie &#8211; Complot contre la s\u00fbret\u00e9 de l\u2019\u00c9tat 2 : Des peines de 12 \u00e0 35 ans de prison prononc\u00e9es","datePublished":"2025-07-08T18:29:21+00:00","dateModified":"2025-07-09T07:27:56+00:00","mainEntityOfPage":{"@id":"https:\/\/www.webdo.tn\/fr\/actualite\/national\/tunisie-complot-contre-la-surete-de-letat-2-des-peines-de-12-a-35-ans-de-prison-prononcees\/379296\/"},"wordCount":292,"commentCount":0,"publisher":{"@id":"https:\/\/www.webdo.tn\/fr\/#organization"},"image":{"@id":"https:\/\/www.webdo.tn\/fr\/actualite\/national\/tunisie-complot-contre-la-surete-de-letat-2-des-peines-de-12-a-35-ans-de-prison-prononcees\/379296\/#primaryimage"},"thumbnailUrl":"https:\/\/www.webdo.tn\/fr\/wp-content\/uploads\/2025\/07\/complot.jpg","keywords":["Complot contre la s\u00fbret\u00e9 de l\u2019\u00c9tat 2","justice","peines de prison","Tunisie"],"articleSection":["National"],"inLanguage":"fr-FR"},{"@type":"WebPage","@id":"https:\/\/www.webdo.tn\/fr\/actualite\/national\/tunisie-complot-contre-la-surete-de-letat-2-des-peines-de-12-a-35-ans-de-prison-prononcees\/379296\/","url":"https:\/\/www.webdo.tn\/fr\/actualite\/national\/tunisie-complot-contre-la-surete-de-letat-2-des-peines-de-12-a-35-ans-de-prison-prononcees\/379296\/","name":"Tunisie - Complot contre la s\u00fbret\u00e9 de l\u2019\u00c9tat 2 : Des peines de 12 \u00e0 35 ans de prison prononc\u00e9es - webdo","isPartOf":{"@id":"https:\/\/www.webdo.tn\/fr\/#website"},"primaryImageOfPage":{"@id":"https:\/\/www.webdo.tn\/fr\/actualite\/national\/tunisie-complot-contre-la-surete-de-letat-2-des-peines-de-12-a-35-ans-de-prison-prononcees\/379296\/#primaryimage"},"image":{"@id":"https:\/\/www.webdo.tn\/fr\/actualite\/national\/tunisie-complot-contre-la-surete-de-letat-2-des-peines-de-12-a-35-ans-de-prison-prononcees\/379296\/#primaryimage"},"thumbnailUrl":"https:\/\/www.webdo.tn\/fr\/wp-content\/uploads\/2025\/07\/complot.jpg","datePublished":"2025-07-08T18:29:21+00:00","dateModified":"2025-07-09T07:27:56+00:00","description":"La chambre criminelle a rendu son jugement sur le complot contre la s\u00fbret\u00e9 de l\u2019\u00c9tat 2. Apprenez-en plus sur les peines prononc\u00e9es.","breadcrumb":{"@id":"https:\/\/www.webdo.tn\/fr\/actualite\/national\/tunisie-complot-contre-la-surete-de-letat-2-des-peines-de-12-a-35-ans-de-prison-prononcees\/379296\/#breadcrumb"},"inLanguage":"fr-FR","potentialAction":[{"@type":"ReadAction","target":["https:\/\/www.webdo.tn\/fr\/actualite\/national\/tunisie-complot-contre-la-surete-de-letat-2-des-peines-de-12-a-35-ans-de-prison-prononcees\/379296\/"]}]},{"@type":"ImageObject","inLanguage":"fr-FR","@id":"https:\/\/www.webdo.tn\/fr\/actualite\/national\/tunisie-complot-contre-la-surete-de-letat-2-des-peines-de-12-a-35-ans-de-prison-prononcees\/379296\/#primaryimage","url":"https:\/\/www.webdo.tn\/fr\/wp-content\/uploads\/2025\/07\/complot.jpg","contentUrl":"https:\/\/www.webdo.tn\/fr\/wp-content\/uploads\/2025\/07\/complot.jpg","width":844,"height":480,"caption":"Complot contre la s\u00fbret\u00e9 de l\u2019\u00c9tat 2 : Des peines de 12 \u00e0 35 ans de prison prononc\u00e9es"},{"@type":"BreadcrumbList","@id":"https:\/\/www.webdo.tn\/fr\/actualite\/national\/tunisie-complot-contre-la-surete-de-letat-2-des-peines-de-12-a-35-ans-de-prison-prononcees\/379296\/#breadcrumb","itemListElement":[{"@type":"ListItem","position":1,"name":"Accueil","item":"https:\/\/www.webdo.tn\/fr\/"},{"@type":"ListItem","position":2,"name":"Tunisie &#8211; Complot contre la s\u00fbret\u00e9 de l\u2019\u00c9tat 2 : Des peines de 12 \u00e0 35 ans de prison prononc\u00e9es"}]},{"@type":"WebSite","@id":"https:\/\/www.webdo.tn\/fr\/#website","url":"https:\/\/www.webdo.tn\/fr\/","name":"webdo","description":"Tunisie - News en Tunisie et \u00e0 l&#039;international sur Webdo.tn","publisher":{"@id":"https:\/\/www.webdo.tn\/fr\/#organization"},"potentialAction":[{"@type":"SearchAction","target":{"@type":"EntryPoint","urlTemplate":"https:\/\/www.webdo.tn\/fr\/?s={search_term_string}"},"query-input":{"@type":"PropertyValueSpecification","valueRequired":true,"valueName":"search_term_string"}}],"inLanguage":"fr-FR"},{"@type":"Organization","@id":"https:\/\/www.webdo.tn\/fr\/#organization","name":"Webdo","alternateName":"Webdo.tn","url":"https:\/\/www.webdo.tn\/fr\/","logo":{"@type":"ImageObject","inLanguage":"fr-FR","@id":"https:\/\/www.webdo.tn\/fr\/#\/schema\/logo\/image\/","url":"https:\/\/www.webdo.tn\/fr\/wp-content\/uploads\/2025\/06\/Webdo-Tunisie_168377.jpg","contentUrl":"https:\/\/www.webdo.tn\/fr\/wp-content\/uploads\/2025\/06\/Webdo-Tunisie_168377.jpg","width":301,"height":301,"caption":"Webdo"},"image":{"@id":"https:\/\/www.webdo.tn\/fr\/#\/schema\/logo\/image\/"},"sameAs":["https:\/\/www.facebook.com\/webdotn","https:\/\/x.com\/webdo_tn"],"description":"Webdo est un m\u00e9dia num\u00e9rique tunisien fond\u00e9 en 2010, sp\u00e9cialis\u00e9 dans l\u2019actualit\u00e9 nationale et internationale, l\u2019\u00e9conomie, la soci\u00e9t\u00e9 et les analyses politiques. Le site s\u2019adresse \u00e0 un large public francophone et couvre l\u2019information tunisienne en temps r\u00e9el.","email":"redac@webdo.tn","legalName":"YNJ SARL","foundingDate":"2010-09-06","numberOfEmployees":{"@type":"QuantitativeValue","minValue":"11","maxValue":"50"}},{"@type":"Person","@id":"https:\/\/www.webdo.tn\/fr\/#\/schema\/person\/c652cd8fc2b1b44412b5ffb48c5a911d","name":"Mohamed Hedi Touati","image":{"@type":"ImageObject","inLanguage":"fr-FR","@id":"https:\/\/secure.gravatar.com\/avatar\/9cfd402c745b7a685f13eed0ea6e59d2144a3c2fc50a3db6fd5ed451f6cddf1a?s=96&d=mm&r=g","url":"https:\/\/secure.gravatar.com\/avatar\/9cfd402c745b7a685f13eed0ea6e59d2144a3c2fc50a3db6fd5ed451f6cddf1a?s=96&d=mm&r=g","contentUrl":"https:\/\/secure.gravatar.com\/avatar\/9cfd402c745b7a685f13eed0ea6e59d2144a3c2fc50a3db6fd5ed451f6cddf1a?s=96&d=mm&r=g","caption":"Mohamed Hedi Touati"},"url":"https:\/\/www.webdo.tn\/fr\/actualite\/author\/mohamed-hedi-touati\/"}]}},"_links":{"self":[{"href":"https:\/\/www.webdo.tn\/fr\/wp-json\/wp\/v2\/posts\/379296","targetHints":{"allow":["GET"]}}],"collection":[{"href":"https:\/\/www.webdo.tn\/fr\/wp-json\/wp\/v2\/posts"}],"about":[{"href":"https:\/\/www.webdo.tn\/fr\/wp-json\/wp\/v2\/types\/post"}],"author":[{"embeddable":true,"href":"https:\/\/www.webdo.tn\/fr\/wp-json\/wp\/v2\/users\/3191"}],"replies":[{"embeddable":true,"href":"https:\/\/www.webdo.tn\/fr\/wp-json\/wp\/v2\/comments?post=379296"}],"version-history":[{"count":0,"href":"https:\/\/www.webdo.tn\/fr\/wp-json\/wp\/v2\/posts\/379296\/revisions"}],"wp:featuredmedia":[{"embeddable":true,"href":"https:\/\/www.webdo.tn\/fr\/wp-json\/wp\/v2\/media\/379297"}],"wp:attachment":[{"href":"https:\/\/www.webdo.tn\/fr\/wp-json\/wp\/v2\/media?parent=379296"}],"wp:term":[{"taxonomy":"category","embeddable":true,"href":"https:\/\/www.webdo.tn\/fr\/wp-json\/wp\/v2\/categories?post=379296"},{"taxonomy":"post_tag","embeddable":true,"href":"https:\/\/www.webdo.tn\/fr\/wp-json\/wp\/v2\/tags?post=379296"}],"curies":[{"name":"wp","href":"https:\/\/api.w.org\/{rel}","templated":true}]}}