{"id":379263,"date":"2025-07-08T11:25:57","date_gmt":"2025-07-08T10:25:57","guid":{"rendered":"https:\/\/www.webdo.tn\/fr\/?p=379263"},"modified":"2025-07-08T18:19:32","modified_gmt":"2025-07-08T17:19:32","slug":"tunisie-affaire-des-filieres-de-jihad-le-proces-dun-cadre-dansar-al-charia-reporte","status":"publish","type":"post","link":"https:\/\/www.webdo.tn\/fr\/actualite\/national\/tunisie-affaire-des-filieres-de-jihad-le-proces-dun-cadre-dansar-al-charia-reporte\/379263\/","title":{"rendered":"Tunisie &#8211; Affaire des fili\u00e8res de jihad : Le proc\u00e8s d\u2019un cadre d\u2019Ansar Al-Charia report\u00e9"},"content":{"rendered":"\n<p>Le proc\u00e8s de Slim Kantari, cadre du groupe terroriste interdit Ansar Al-Charia et proche du fondateur Abou Iyadh, a \u00e9t\u00e9 report\u00e9 au 28 octobre 2025 par la chambre criminelle sp\u00e9cialis\u00e9e dans les affaires terroristes pr\u00e8s le tribunal de premi\u00e8re instance de Tunis.<\/p>\n\n\n\n<p>Il est poursuivi pour avoir incit\u00e9 au d\u00e9part vers la Syrie afin de rejoindre des groupes extr\u00e9mistes, notamment par le biais de pr\u00eaches publics. Arr\u00eat\u00e9 \u00e0 Gab\u00e8s en mars 2014, il est \u00e9galement impliqu\u00e9 dans d\u2019autres dossiers \u00e0 caract\u00e8re terroriste.<\/p>\n","protected":false},"excerpt":{"rendered":"<p>Le proc\u00e8s de Slim Kantari, cadre du groupe terroriste interdit Ansar Al-Charia et proche du fondateur Abou Iyadh, a \u00e9t\u00e9 report\u00e9 au 28 octobre 2025 par la chambre criminelle sp\u00e9cialis\u00e9e dans les affaires terroristes pr\u00e8s le tribunal de premi\u00e8re instance de Tunis. Il est poursuivi pour avoir incit\u00e9 au d\u00e9part vers la Syrie afin de [&hellip;]<\/p>\n","protected":false},"author":3191,"featured_media":378334,"comment_status":"open","ping_status":"open","sticky":false,"template":"","format":"standard","meta":{"footnotes":""},"categories":[44],"tags":[3695,2619,3261,12163,2608],"class_list":["post-379263","post","type-post","status-publish","format-standard","has-post-thumbnail","hentry","category-national","tag-ansar-al-chariaa","tag-justice","tag-proces","tag-slim-kantari","tag-tunisie"],"yoast_head":"<!-- This site is optimized with the Yoast SEO Premium plugin v27.4 (Yoast SEO v27.5) - https:\/\/yoast.com\/product\/yoast-seo-premium-wordpress\/ -->\n<title>Tunisie - Affaire des fili\u00e8res de jihad : Le proc\u00e8s d\u2019un cadre d\u2019Ansar Al-Charia report\u00e9 - webdo<\/title>\n<meta name=\"description\" content=\"Le proc\u00e8s de Slim Kantari li\u00e9 \u00e0 Ansar Al-Charia est report\u00e9. D\u00e9couvrez les d\u00e9tails de ce cas judiciaire complexe.\" \/>\n<link rel=\"canonical\" href=\"https:\/\/www.webdo.tn\/fr\/actualite\/national\/tunisie-affaire-des-filieres-de-jihad-le-proces-dun-cadre-dansar-al-charia-reporte\/379263\/\" \/>\n<meta property=\"og:locale\" content=\"fr_FR\" \/>\n<meta property=\"og:type\" content=\"article\" \/>\n<meta property=\"og:title\" content=\"Tunisie - Affaire des fili\u00e8res de jihad : Le proc\u00e8s d\u2019un cadre d\u2019Ansar Al-Charia report\u00e9\" \/>\n<meta property=\"og:description\" content=\"Le proc\u00e8s de Slim Kantari li\u00e9 \u00e0 Ansar Al-Charia est report\u00e9. D\u00e9couvrez les d\u00e9tails de ce cas judiciaire complexe.\" \/>\n<meta property=\"og:url\" content=\"https:\/\/www.webdo.tn\/fr\/actualite\/national\/tunisie-affaire-des-filieres-de-jihad-le-proces-dun-cadre-dansar-al-charia-reporte\/379263\/\" \/>\n<meta property=\"og:site_name\" content=\"webdo\" \/>\n<meta property=\"article:publisher\" content=\"https:\/\/www.facebook.com\/webdotn\" \/>\n<meta property=\"article:published_time\" content=\"2025-07-08T10:25:57+00:00\" \/>\n<meta property=\"article:modified_time\" content=\"2025-07-08T17:19:32+00:00\" \/>\n<meta property=\"og:image\" content=\"https:\/\/www.webdo.tn\/fr\/wp-content\/uploads\/2025\/06\/Justice.jpg\" \/>\n\t<meta property=\"og:image:width\" content=\"650\" \/>\n\t<meta property=\"og:image:height\" content=\"365\" \/>\n\t<meta property=\"og:image:type\" content=\"image\/jpeg\" \/>\n<meta name=\"author\" content=\"Mohamed Hedi Touati\" \/>\n<meta name=\"twitter:card\" content=\"summary_large_image\" \/>\n<meta name=\"twitter:creator\" content=\"@webdo_tn\" \/>\n<meta name=\"twitter:site\" content=\"@webdo_tn\" \/>\n<meta name=\"twitter:label1\" content=\"\u00c9crit par\" \/>\n\t<meta name=\"twitter:data1\" content=\"Mohamed Hedi Touati\" \/>\n\t<meta name=\"twitter:label2\" content=\"Dur\u00e9e de lecture estim\u00e9e\" \/>\n\t<meta name=\"twitter:data2\" content=\"1 minute\" \/>\n<script type=\"application\/ld+json\" class=\"yoast-schema-graph\">{\"@context\":\"https:\\\/\\\/schema.org\",\"@graph\":[{\"@type\":\"NewsArticle\",\"@id\":\"https:\\\/\\\/www.webdo.tn\\\/fr\\\/actualite\\\/national\\\/tunisie-affaire-des-filieres-de-jihad-le-proces-dun-cadre-dansar-al-charia-reporte\\\/379263\\\/#article\",\"isPartOf\":{\"@id\":\"https:\\\/\\\/www.webdo.tn\\\/fr\\\/actualite\\\/national\\\/tunisie-affaire-des-filieres-de-jihad-le-proces-dun-cadre-dansar-al-charia-reporte\\\/379263\\\/\"},\"author\":{\"name\":\"Mohamed Hedi Touati\",\"@id\":\"https:\\\/\\\/www.webdo.tn\\\/fr\\\/#\\\/schema\\\/person\\\/c652cd8fc2b1b44412b5ffb48c5a911d\"},\"headline\":\"Tunisie &#8211; Affaire des fili\u00e8res de jihad : Le proc\u00e8s d\u2019un cadre d\u2019Ansar Al-Charia report\u00e9\",\"datePublished\":\"2025-07-08T10:25:57+00:00\",\"dateModified\":\"2025-07-08T17:19:32+00:00\",\"mainEntityOfPage\":{\"@id\":\"https:\\\/\\\/www.webdo.tn\\\/fr\\\/actualite\\\/national\\\/tunisie-affaire-des-filieres-de-jihad-le-proces-dun-cadre-dansar-al-charia-reporte\\\/379263\\\/\"},\"wordCount\":107,\"commentCount\":0,\"publisher\":{\"@id\":\"https:\\\/\\\/www.webdo.tn\\\/fr\\\/#organization\"},\"image\":{\"@id\":\"https:\\\/\\\/www.webdo.tn\\\/fr\\\/actualite\\\/national\\\/tunisie-affaire-des-filieres-de-jihad-le-proces-dun-cadre-dansar-al-charia-reporte\\\/379263\\\/#primaryimage\"},\"thumbnailUrl\":\"https:\\\/\\\/www.webdo.tn\\\/fr\\\/wp-content\\\/uploads\\\/2025\\\/06\\\/Justice.jpg\",\"keywords\":[\"Ansar Al Chariaa\",\"justice\",\"proc\u00e8s\",\"slim kantari\",\"Tunisie\"],\"articleSection\":[\"National\"],\"inLanguage\":\"fr-FR\"},{\"@type\":\"WebPage\",\"@id\":\"https:\\\/\\\/www.webdo.tn\\\/fr\\\/actualite\\\/national\\\/tunisie-affaire-des-filieres-de-jihad-le-proces-dun-cadre-dansar-al-charia-reporte\\\/379263\\\/\",\"url\":\"https:\\\/\\\/www.webdo.tn\\\/fr\\\/actualite\\\/national\\\/tunisie-affaire-des-filieres-de-jihad-le-proces-dun-cadre-dansar-al-charia-reporte\\\/379263\\\/\",\"name\":\"Tunisie - Affaire des fili\u00e8res de jihad : Le proc\u00e8s d\u2019un cadre d\u2019Ansar Al-Charia report\u00e9 - webdo\",\"isPartOf\":{\"@id\":\"https:\\\/\\\/www.webdo.tn\\\/fr\\\/#website\"},\"primaryImageOfPage\":{\"@id\":\"https:\\\/\\\/www.webdo.tn\\\/fr\\\/actualite\\\/national\\\/tunisie-affaire-des-filieres-de-jihad-le-proces-dun-cadre-dansar-al-charia-reporte\\\/379263\\\/#primaryimage\"},\"image\":{\"@id\":\"https:\\\/\\\/www.webdo.tn\\\/fr\\\/actualite\\\/national\\\/tunisie-affaire-des-filieres-de-jihad-le-proces-dun-cadre-dansar-al-charia-reporte\\\/379263\\\/#primaryimage\"},\"thumbnailUrl\":\"https:\\\/\\\/www.webdo.tn\\\/fr\\\/wp-content\\\/uploads\\\/2025\\\/06\\\/Justice.jpg\",\"datePublished\":\"2025-07-08T10:25:57+00:00\",\"dateModified\":\"2025-07-08T17:19:32+00:00\",\"description\":\"Le proc\u00e8s de Slim Kantari li\u00e9 \u00e0 Ansar Al-Charia est report\u00e9. D\u00e9couvrez les d\u00e9tails de ce cas judiciaire complexe.\",\"breadcrumb\":{\"@id\":\"https:\\\/\\\/www.webdo.tn\\\/fr\\\/actualite\\\/national\\\/tunisie-affaire-des-filieres-de-jihad-le-proces-dun-cadre-dansar-al-charia-reporte\\\/379263\\\/#breadcrumb\"},\"inLanguage\":\"fr-FR\",\"potentialAction\":[{\"@type\":\"ReadAction\",\"target\":[\"https:\\\/\\\/www.webdo.tn\\\/fr\\\/actualite\\\/national\\\/tunisie-affaire-des-filieres-de-jihad-le-proces-dun-cadre-dansar-al-charia-reporte\\\/379263\\\/\"]}]},{\"@type\":\"ImageObject\",\"inLanguage\":\"fr-FR\",\"@id\":\"https:\\\/\\\/www.webdo.tn\\\/fr\\\/actualite\\\/national\\\/tunisie-affaire-des-filieres-de-jihad-le-proces-dun-cadre-dansar-al-charia-reporte\\\/379263\\\/#primaryimage\",\"url\":\"https:\\\/\\\/www.webdo.tn\\\/fr\\\/wp-content\\\/uploads\\\/2025\\\/06\\\/Justice.jpg\",\"contentUrl\":\"https:\\\/\\\/www.webdo.tn\\\/fr\\\/wp-content\\\/uploads\\\/2025\\\/06\\\/Justice.jpg\",\"width\":650,\"height\":365,\"caption\":\"Affaire Youssef Mimouni : Prolongation de la d\u00e9tention d\u2019un avocat, l\u2019homme d\u2019affaires reste en prison\"},{\"@type\":\"BreadcrumbList\",\"@id\":\"https:\\\/\\\/www.webdo.tn\\\/fr\\\/actualite\\\/national\\\/tunisie-affaire-des-filieres-de-jihad-le-proces-dun-cadre-dansar-al-charia-reporte\\\/379263\\\/#breadcrumb\",\"itemListElement\":[{\"@type\":\"ListItem\",\"position\":1,\"name\":\"Accueil\",\"item\":\"https:\\\/\\\/www.webdo.tn\\\/fr\\\/\"},{\"@type\":\"ListItem\",\"position\":2,\"name\":\"Tunisie &#8211; Affaire des fili\u00e8res de jihad : Le proc\u00e8s d\u2019un cadre d\u2019Ansar Al-Charia report\u00e9\"}]},{\"@type\":\"WebSite\",\"@id\":\"https:\\\/\\\/www.webdo.tn\\\/fr\\\/#website\",\"url\":\"https:\\\/\\\/www.webdo.tn\\\/fr\\\/\",\"name\":\"webdo\",\"description\":\"Tunisie - News en Tunisie et \u00e0 l&#039;international sur Webdo.tn\",\"publisher\":{\"@id\":\"https:\\\/\\\/www.webdo.tn\\\/fr\\\/#organization\"},\"potentialAction\":[{\"@type\":\"SearchAction\",\"target\":{\"@type\":\"EntryPoint\",\"urlTemplate\":\"https:\\\/\\\/www.webdo.tn\\\/fr\\\/?s={search_term_string}\"},\"query-input\":{\"@type\":\"PropertyValueSpecification\",\"valueRequired\":true,\"valueName\":\"search_term_string\"}}],\"inLanguage\":\"fr-FR\"},{\"@type\":\"Organization\",\"@id\":\"https:\\\/\\\/www.webdo.tn\\\/fr\\\/#organization\",\"name\":\"Webdo\",\"alternateName\":\"Webdo.tn\",\"url\":\"https:\\\/\\\/www.webdo.tn\\\/fr\\\/\",\"logo\":{\"@type\":\"ImageObject\",\"inLanguage\":\"fr-FR\",\"@id\":\"https:\\\/\\\/www.webdo.tn\\\/fr\\\/#\\\/schema\\\/logo\\\/image\\\/\",\"url\":\"https:\\\/\\\/www.webdo.tn\\\/fr\\\/wp-content\\\/uploads\\\/2025\\\/06\\\/Webdo-Tunisie_168377.jpg\",\"contentUrl\":\"https:\\\/\\\/www.webdo.tn\\\/fr\\\/wp-content\\\/uploads\\\/2025\\\/06\\\/Webdo-Tunisie_168377.jpg\",\"width\":301,\"height\":301,\"caption\":\"Webdo\"},\"image\":{\"@id\":\"https:\\\/\\\/www.webdo.tn\\\/fr\\\/#\\\/schema\\\/logo\\\/image\\\/\"},\"sameAs\":[\"https:\\\/\\\/www.facebook.com\\\/webdotn\",\"https:\\\/\\\/x.com\\\/webdo_tn\"],\"description\":\"Webdo est un m\u00e9dia num\u00e9rique tunisien fond\u00e9 en 2010, sp\u00e9cialis\u00e9 dans l\u2019actualit\u00e9 nationale et internationale, l\u2019\u00e9conomie, la soci\u00e9t\u00e9 et les analyses politiques. Le site s\u2019adresse \u00e0 un large public francophone et couvre l\u2019information tunisienne en temps r\u00e9el.\",\"email\":\"redac@webdo.tn\",\"legalName\":\"YNJ SARL\",\"foundingDate\":\"2010-09-06\",\"numberOfEmployees\":{\"@type\":\"QuantitativeValue\",\"minValue\":\"11\",\"maxValue\":\"50\"}},{\"@type\":\"Person\",\"@id\":\"https:\\\/\\\/www.webdo.tn\\\/fr\\\/#\\\/schema\\\/person\\\/c652cd8fc2b1b44412b5ffb48c5a911d\",\"name\":\"Mohamed Hedi Touati\",\"image\":{\"@type\":\"ImageObject\",\"inLanguage\":\"fr-FR\",\"@id\":\"https:\\\/\\\/secure.gravatar.com\\\/avatar\\\/9cfd402c745b7a685f13eed0ea6e59d2144a3c2fc50a3db6fd5ed451f6cddf1a?s=96&d=mm&r=g\",\"url\":\"https:\\\/\\\/secure.gravatar.com\\\/avatar\\\/9cfd402c745b7a685f13eed0ea6e59d2144a3c2fc50a3db6fd5ed451f6cddf1a?s=96&d=mm&r=g\",\"contentUrl\":\"https:\\\/\\\/secure.gravatar.com\\\/avatar\\\/9cfd402c745b7a685f13eed0ea6e59d2144a3c2fc50a3db6fd5ed451f6cddf1a?s=96&d=mm&r=g\",\"caption\":\"Mohamed Hedi Touati\"},\"url\":\"https:\\\/\\\/www.webdo.tn\\\/fr\\\/actualite\\\/author\\\/mohamed-hedi-touati\\\/\"}]}<\/script>\n<!-- \/ Yoast SEO Premium plugin. -->","yoast_head_json":{"title":"Tunisie - Affaire des fili\u00e8res de jihad : Le proc\u00e8s d\u2019un cadre d\u2019Ansar Al-Charia report\u00e9 - webdo","description":"Le proc\u00e8s de Slim Kantari li\u00e9 \u00e0 Ansar Al-Charia est report\u00e9. D\u00e9couvrez les d\u00e9tails de ce cas judiciaire complexe.","canonical":"https:\/\/www.webdo.tn\/fr\/actualite\/national\/tunisie-affaire-des-filieres-de-jihad-le-proces-dun-cadre-dansar-al-charia-reporte\/379263\/","og_locale":"fr_FR","og_type":"article","og_title":"Tunisie - Affaire des fili\u00e8res de jihad : Le proc\u00e8s d\u2019un cadre d\u2019Ansar Al-Charia report\u00e9","og_description":"Le proc\u00e8s de Slim Kantari li\u00e9 \u00e0 Ansar Al-Charia est report\u00e9. D\u00e9couvrez les d\u00e9tails de ce cas judiciaire complexe.","og_url":"https:\/\/www.webdo.tn\/fr\/actualite\/national\/tunisie-affaire-des-filieres-de-jihad-le-proces-dun-cadre-dansar-al-charia-reporte\/379263\/","og_site_name":"webdo","article_publisher":"https:\/\/www.facebook.com\/webdotn","article_published_time":"2025-07-08T10:25:57+00:00","article_modified_time":"2025-07-08T17:19:32+00:00","og_image":[{"width":650,"height":365,"url":"https:\/\/www.webdo.tn\/fr\/wp-content\/uploads\/2025\/06\/Justice.jpg","type":"image\/jpeg"}],"author":"Mohamed Hedi Touati","twitter_card":"summary_large_image","twitter_creator":"@webdo_tn","twitter_site":"@webdo_tn","twitter_misc":{"\u00c9crit par":"Mohamed Hedi Touati","Dur\u00e9e de lecture estim\u00e9e":"1 minute"},"schema":{"@context":"https:\/\/schema.org","@graph":[{"@type":"NewsArticle","@id":"https:\/\/www.webdo.tn\/fr\/actualite\/national\/tunisie-affaire-des-filieres-de-jihad-le-proces-dun-cadre-dansar-al-charia-reporte\/379263\/#article","isPartOf":{"@id":"https:\/\/www.webdo.tn\/fr\/actualite\/national\/tunisie-affaire-des-filieres-de-jihad-le-proces-dun-cadre-dansar-al-charia-reporte\/379263\/"},"author":{"name":"Mohamed Hedi Touati","@id":"https:\/\/www.webdo.tn\/fr\/#\/schema\/person\/c652cd8fc2b1b44412b5ffb48c5a911d"},"headline":"Tunisie &#8211; Affaire des fili\u00e8res de jihad : Le proc\u00e8s d\u2019un cadre d\u2019Ansar Al-Charia report\u00e9","datePublished":"2025-07-08T10:25:57+00:00","dateModified":"2025-07-08T17:19:32+00:00","mainEntityOfPage":{"@id":"https:\/\/www.webdo.tn\/fr\/actualite\/national\/tunisie-affaire-des-filieres-de-jihad-le-proces-dun-cadre-dansar-al-charia-reporte\/379263\/"},"wordCount":107,"commentCount":0,"publisher":{"@id":"https:\/\/www.webdo.tn\/fr\/#organization"},"image":{"@id":"https:\/\/www.webdo.tn\/fr\/actualite\/national\/tunisie-affaire-des-filieres-de-jihad-le-proces-dun-cadre-dansar-al-charia-reporte\/379263\/#primaryimage"},"thumbnailUrl":"https:\/\/www.webdo.tn\/fr\/wp-content\/uploads\/2025\/06\/Justice.jpg","keywords":["Ansar Al Chariaa","justice","proc\u00e8s","slim kantari","Tunisie"],"articleSection":["National"],"inLanguage":"fr-FR"},{"@type":"WebPage","@id":"https:\/\/www.webdo.tn\/fr\/actualite\/national\/tunisie-affaire-des-filieres-de-jihad-le-proces-dun-cadre-dansar-al-charia-reporte\/379263\/","url":"https:\/\/www.webdo.tn\/fr\/actualite\/national\/tunisie-affaire-des-filieres-de-jihad-le-proces-dun-cadre-dansar-al-charia-reporte\/379263\/","name":"Tunisie - Affaire des fili\u00e8res de jihad : Le proc\u00e8s d\u2019un cadre d\u2019Ansar Al-Charia report\u00e9 - webdo","isPartOf":{"@id":"https:\/\/www.webdo.tn\/fr\/#website"},"primaryImageOfPage":{"@id":"https:\/\/www.webdo.tn\/fr\/actualite\/national\/tunisie-affaire-des-filieres-de-jihad-le-proces-dun-cadre-dansar-al-charia-reporte\/379263\/#primaryimage"},"image":{"@id":"https:\/\/www.webdo.tn\/fr\/actualite\/national\/tunisie-affaire-des-filieres-de-jihad-le-proces-dun-cadre-dansar-al-charia-reporte\/379263\/#primaryimage"},"thumbnailUrl":"https:\/\/www.webdo.tn\/fr\/wp-content\/uploads\/2025\/06\/Justice.jpg","datePublished":"2025-07-08T10:25:57+00:00","dateModified":"2025-07-08T17:19:32+00:00","description":"Le proc\u00e8s de Slim Kantari li\u00e9 \u00e0 Ansar Al-Charia est report\u00e9. D\u00e9couvrez les d\u00e9tails de ce cas judiciaire complexe.","breadcrumb":{"@id":"https:\/\/www.webdo.tn\/fr\/actualite\/national\/tunisie-affaire-des-filieres-de-jihad-le-proces-dun-cadre-dansar-al-charia-reporte\/379263\/#breadcrumb"},"inLanguage":"fr-FR","potentialAction":[{"@type":"ReadAction","target":["https:\/\/www.webdo.tn\/fr\/actualite\/national\/tunisie-affaire-des-filieres-de-jihad-le-proces-dun-cadre-dansar-al-charia-reporte\/379263\/"]}]},{"@type":"ImageObject","inLanguage":"fr-FR","@id":"https:\/\/www.webdo.tn\/fr\/actualite\/national\/tunisie-affaire-des-filieres-de-jihad-le-proces-dun-cadre-dansar-al-charia-reporte\/379263\/#primaryimage","url":"https:\/\/www.webdo.tn\/fr\/wp-content\/uploads\/2025\/06\/Justice.jpg","contentUrl":"https:\/\/www.webdo.tn\/fr\/wp-content\/uploads\/2025\/06\/Justice.jpg","width":650,"height":365,"caption":"Affaire Youssef Mimouni : Prolongation de la d\u00e9tention d\u2019un avocat, l\u2019homme d\u2019affaires reste en prison"},{"@type":"BreadcrumbList","@id":"https:\/\/www.webdo.tn\/fr\/actualite\/national\/tunisie-affaire-des-filieres-de-jihad-le-proces-dun-cadre-dansar-al-charia-reporte\/379263\/#breadcrumb","itemListElement":[{"@type":"ListItem","position":1,"name":"Accueil","item":"https:\/\/www.webdo.tn\/fr\/"},{"@type":"ListItem","position":2,"name":"Tunisie &#8211; Affaire des fili\u00e8res de jihad : Le proc\u00e8s d\u2019un cadre d\u2019Ansar Al-Charia report\u00e9"}]},{"@type":"WebSite","@id":"https:\/\/www.webdo.tn\/fr\/#website","url":"https:\/\/www.webdo.tn\/fr\/","name":"webdo","description":"Tunisie - News en Tunisie et \u00e0 l&#039;international sur Webdo.tn","publisher":{"@id":"https:\/\/www.webdo.tn\/fr\/#organization"},"potentialAction":[{"@type":"SearchAction","target":{"@type":"EntryPoint","urlTemplate":"https:\/\/www.webdo.tn\/fr\/?s={search_term_string}"},"query-input":{"@type":"PropertyValueSpecification","valueRequired":true,"valueName":"search_term_string"}}],"inLanguage":"fr-FR"},{"@type":"Organization","@id":"https:\/\/www.webdo.tn\/fr\/#organization","name":"Webdo","alternateName":"Webdo.tn","url":"https:\/\/www.webdo.tn\/fr\/","logo":{"@type":"ImageObject","inLanguage":"fr-FR","@id":"https:\/\/www.webdo.tn\/fr\/#\/schema\/logo\/image\/","url":"https:\/\/www.webdo.tn\/fr\/wp-content\/uploads\/2025\/06\/Webdo-Tunisie_168377.jpg","contentUrl":"https:\/\/www.webdo.tn\/fr\/wp-content\/uploads\/2025\/06\/Webdo-Tunisie_168377.jpg","width":301,"height":301,"caption":"Webdo"},"image":{"@id":"https:\/\/www.webdo.tn\/fr\/#\/schema\/logo\/image\/"},"sameAs":["https:\/\/www.facebook.com\/webdotn","https:\/\/x.com\/webdo_tn"],"description":"Webdo est un m\u00e9dia num\u00e9rique tunisien fond\u00e9 en 2010, sp\u00e9cialis\u00e9 dans l\u2019actualit\u00e9 nationale et internationale, l\u2019\u00e9conomie, la soci\u00e9t\u00e9 et les analyses politiques. Le site s\u2019adresse \u00e0 un large public francophone et couvre l\u2019information tunisienne en temps r\u00e9el.","email":"redac@webdo.tn","legalName":"YNJ SARL","foundingDate":"2010-09-06","numberOfEmployees":{"@type":"QuantitativeValue","minValue":"11","maxValue":"50"}},{"@type":"Person","@id":"https:\/\/www.webdo.tn\/fr\/#\/schema\/person\/c652cd8fc2b1b44412b5ffb48c5a911d","name":"Mohamed Hedi Touati","image":{"@type":"ImageObject","inLanguage":"fr-FR","@id":"https:\/\/secure.gravatar.com\/avatar\/9cfd402c745b7a685f13eed0ea6e59d2144a3c2fc50a3db6fd5ed451f6cddf1a?s=96&d=mm&r=g","url":"https:\/\/secure.gravatar.com\/avatar\/9cfd402c745b7a685f13eed0ea6e59d2144a3c2fc50a3db6fd5ed451f6cddf1a?s=96&d=mm&r=g","contentUrl":"https:\/\/secure.gravatar.com\/avatar\/9cfd402c745b7a685f13eed0ea6e59d2144a3c2fc50a3db6fd5ed451f6cddf1a?s=96&d=mm&r=g","caption":"Mohamed Hedi Touati"},"url":"https:\/\/www.webdo.tn\/fr\/actualite\/author\/mohamed-hedi-touati\/"}]}},"_links":{"self":[{"href":"https:\/\/www.webdo.tn\/fr\/wp-json\/wp\/v2\/posts\/379263","targetHints":{"allow":["GET"]}}],"collection":[{"href":"https:\/\/www.webdo.tn\/fr\/wp-json\/wp\/v2\/posts"}],"about":[{"href":"https:\/\/www.webdo.tn\/fr\/wp-json\/wp\/v2\/types\/post"}],"author":[{"embeddable":true,"href":"https:\/\/www.webdo.tn\/fr\/wp-json\/wp\/v2\/users\/3191"}],"replies":[{"embeddable":true,"href":"https:\/\/www.webdo.tn\/fr\/wp-json\/wp\/v2\/comments?post=379263"}],"version-history":[{"count":0,"href":"https:\/\/www.webdo.tn\/fr\/wp-json\/wp\/v2\/posts\/379263\/revisions"}],"wp:featuredmedia":[{"embeddable":true,"href":"https:\/\/www.webdo.tn\/fr\/wp-json\/wp\/v2\/media\/378334"}],"wp:attachment":[{"href":"https:\/\/www.webdo.tn\/fr\/wp-json\/wp\/v2\/media?parent=379263"}],"wp:term":[{"taxonomy":"category","embeddable":true,"href":"https:\/\/www.webdo.tn\/fr\/wp-json\/wp\/v2\/categories?post=379263"},{"taxonomy":"post_tag","embeddable":true,"href":"https:\/\/www.webdo.tn\/fr\/wp-json\/wp\/v2\/tags?post=379263"}],"curies":[{"name":"wp","href":"https:\/\/api.w.org\/{rel}","templated":true}]}}