{"id":379257,"date":"2025-07-08T10:58:43","date_gmt":"2025-07-08T09:58:43","guid":{"rendered":"https:\/\/www.webdo.tn\/fr\/?p=379257"},"modified":"2025-07-08T10:58:44","modified_gmt":"2025-07-08T09:58:44","slug":"saint-jaques-sainte-helene-saint-henri-ces-quartiers-de-tous-les-saints","status":"publish","type":"post","link":"https:\/\/www.webdo.tn\/fr\/actualite\/chroniques\/saint-jaques-sainte-helene-saint-henri-ces-quartiers-de-tous-les-saints\/379257\/","title":{"rendered":"Saint-Jaques, Sainte-H\u00e9l\u00e8ne, Saint-Henri : Ces quartiers de tous les saints"},"content":{"rendered":"\n<p><strong>Plusieurs quartiers de Tunis ont port\u00e9 ou portent encore des noms de saints catholiques.<\/strong><\/p>\n\n\n\n<p>Plusieurs quartiers de Tunis et \u00e9galement de nombreuses localit\u00e9s autour de la capitale ont port\u00e9 ou portent encore des noms de saints catholiques.<\/p>\n\n\n\n<p>Prenons par exemple Saint-Germain qui fut longtemps le nom de la localit\u00e9 d&rsquo;Ez-Zahra ou Saint-Jaques, un quartier qui existe encore non loin de Ben Arous.<\/p>\n\n\n\n<p>Du c\u00f4t\u00e9 de la banlieue nord, citons le lieu dit Sainte-Monique \u00e0 Carthage ou encore Sainte-H\u00e9l\u00e8ne \u00e0 Gammarth. Ces deux noms ne sont plus en usage m\u00eame si leur m\u00e9moire ne s&rsquo;est pas effac\u00e9e.<\/p>\n\n\n\n<p>Au Bardo, tout le monde conna\u00eet Saint-Henri que la prononciation locale a transform\u00e9 en Santarine. Citons \u00e9galement Saint-Cl\u00e9ment qui a longtemps eu cours et Saint-Gobain dont l&rsquo;usage persiste et qui se trouve \u00e0 la sortie sud de Tunis.<\/p>\n\n\n\n<p>Les exemples sont nombreux \u00e0 l&rsquo;image du quartier Saint-Exup\u00e9ry qui n&rsquo;est autre que la cit\u00e9 Mahragene et ajoute une touche la\u00efque \u00e0 cette aur\u00e9ole de saintet\u00e9.<\/p>\n","protected":false},"excerpt":{"rendered":"<p>Plusieurs quartiers de Tunis ont port\u00e9 ou portent encore des noms de saints catholiques. Plusieurs quartiers de Tunis et \u00e9galement de nombreuses localit\u00e9s autour de la capitale ont port\u00e9 ou portent encore des noms de saints catholiques. Prenons par exemple Saint-Germain qui fut longtemps le nom de la localit\u00e9 d&rsquo;Ez-Zahra ou Saint-Jaques, un quartier qui [&hellip;]<\/p>\n","protected":false},"author":3229,"featured_media":379258,"comment_status":"open","ping_status":"open","sticky":false,"template":"","format":"standard","meta":{"footnotes":""},"categories":[2596],"tags":[3103,12160,2640,2608],"class_list":["post-379257","post","type-post","status-publish","format-standard","has-post-thumbnail","hentry","category-chroniques","tag-capitale","tag-saints","tag-tunis","tag-tunisie"],"yoast_head":"<!-- This site is optimized with the Yoast SEO Premium plugin v27.5 (Yoast SEO v27.5) - https:\/\/yoast.com\/product\/yoast-seo-premium-wordpress\/ -->\n<title>Saint-Jaques, Sainte-H\u00e9l\u00e8ne, Saint-Henri : Ces quartiers de tous les saints - webdo<\/title>\n<meta name=\"description\" content=\"D\u00e9couvrez les quartiers de tous les saints \u00e0 Tunis et leur histoire fascinante li\u00e9e aux saints catholiques.\" \/>\n<link rel=\"canonical\" href=\"https:\/\/www.webdo.tn\/fr\/actualite\/chroniques\/saint-jaques-sainte-helene-saint-henri-ces-quartiers-de-tous-les-saints\/379257\/\" \/>\n<meta property=\"og:locale\" content=\"fr_FR\" \/>\n<meta property=\"og:type\" content=\"article\" \/>\n<meta property=\"og:title\" content=\"Saint-Jaques, Sainte-H\u00e9l\u00e8ne, Saint-Henri : Ces quartiers de tous les saints\" \/>\n<meta property=\"og:description\" content=\"D\u00e9couvrez les quartiers de tous les saints \u00e0 Tunis et leur histoire fascinante li\u00e9e aux saints catholiques.\" \/>\n<meta property=\"og:url\" content=\"https:\/\/www.webdo.tn\/fr\/actualite\/chroniques\/saint-jaques-sainte-helene-saint-henri-ces-quartiers-de-tous-les-saints\/379257\/\" \/>\n<meta property=\"og:site_name\" content=\"webdo\" \/>\n<meta property=\"article:publisher\" content=\"https:\/\/www.facebook.com\/webdotn\" \/>\n<meta property=\"article:author\" content=\"https:\/\/www.facebook.com\/hatem.bourial.2025\" \/>\n<meta property=\"article:published_time\" content=\"2025-07-08T09:58:43+00:00\" \/>\n<meta property=\"article:modified_time\" content=\"2025-07-08T09:58:44+00:00\" \/>\n<meta property=\"og:image\" content=\"https:\/\/www.webdo.tn\/fr\/wp-content\/uploads\/2025\/07\/Saint.jpeg\" \/>\n\t<meta property=\"og:image:width\" content=\"2048\" \/>\n\t<meta property=\"og:image:height\" content=\"945\" \/>\n\t<meta property=\"og:image:type\" content=\"image\/jpeg\" \/>\n<meta name=\"author\" content=\"Hatem Bourial\" \/>\n<meta name=\"twitter:card\" content=\"summary_large_image\" \/>\n<meta name=\"twitter:creator\" content=\"@webdo_tn\" \/>\n<meta name=\"twitter:site\" content=\"@webdo_tn\" \/>\n<meta name=\"twitter:label1\" content=\"\u00c9crit par\" \/>\n\t<meta name=\"twitter:data1\" content=\"Hatem Bourial\" \/>\n\t<meta name=\"twitter:label2\" content=\"Dur\u00e9e de lecture estim\u00e9e\" \/>\n\t<meta name=\"twitter:data2\" content=\"2 minutes\" \/>\n<script type=\"application\/ld+json\" class=\"yoast-schema-graph\">{\"@context\":\"https:\\\/\\\/schema.org\",\"@graph\":[{\"@type\":\"NewsArticle\",\"@id\":\"https:\\\/\\\/www.webdo.tn\\\/fr\\\/actualite\\\/chroniques\\\/saint-jaques-sainte-helene-saint-henri-ces-quartiers-de-tous-les-saints\\\/379257\\\/#article\",\"isPartOf\":{\"@id\":\"https:\\\/\\\/www.webdo.tn\\\/fr\\\/actualite\\\/chroniques\\\/saint-jaques-sainte-helene-saint-henri-ces-quartiers-de-tous-les-saints\\\/379257\\\/\"},\"author\":{\"name\":\"Hatem Bourial\",\"@id\":\"https:\\\/\\\/www.webdo.tn\\\/fr\\\/#\\\/schema\\\/person\\\/6bc0beba2cd23aec27cb5df85ca2554f\"},\"headline\":\"Saint-Jaques, Sainte-H\u00e9l\u00e8ne, Saint-Henri : Ces quartiers de tous les saints\",\"datePublished\":\"2025-07-08T09:58:43+00:00\",\"dateModified\":\"2025-07-08T09:58:44+00:00\",\"mainEntityOfPage\":{\"@id\":\"https:\\\/\\\/www.webdo.tn\\\/fr\\\/actualite\\\/chroniques\\\/saint-jaques-sainte-helene-saint-henri-ces-quartiers-de-tous-les-saints\\\/379257\\\/\"},\"wordCount\":183,\"commentCount\":0,\"publisher\":{\"@id\":\"https:\\\/\\\/www.webdo.tn\\\/fr\\\/#organization\"},\"image\":{\"@id\":\"https:\\\/\\\/www.webdo.tn\\\/fr\\\/actualite\\\/chroniques\\\/saint-jaques-sainte-helene-saint-henri-ces-quartiers-de-tous-les-saints\\\/379257\\\/#primaryimage\"},\"thumbnailUrl\":\"https:\\\/\\\/www.webdo.tn\\\/fr\\\/wp-content\\\/uploads\\\/2025\\\/07\\\/Saint.jpeg\",\"keywords\":[\"capitale\",\"saints\",\"Tunis\",\"Tunisie\"],\"articleSection\":[\"Chroniques\"],\"inLanguage\":\"fr-FR\"},{\"@type\":\"WebPage\",\"@id\":\"https:\\\/\\\/www.webdo.tn\\\/fr\\\/actualite\\\/chroniques\\\/saint-jaques-sainte-helene-saint-henri-ces-quartiers-de-tous-les-saints\\\/379257\\\/\",\"url\":\"https:\\\/\\\/www.webdo.tn\\\/fr\\\/actualite\\\/chroniques\\\/saint-jaques-sainte-helene-saint-henri-ces-quartiers-de-tous-les-saints\\\/379257\\\/\",\"name\":\"Saint-Jaques, Sainte-H\u00e9l\u00e8ne, Saint-Henri : Ces quartiers de tous les saints - webdo\",\"isPartOf\":{\"@id\":\"https:\\\/\\\/www.webdo.tn\\\/fr\\\/#website\"},\"primaryImageOfPage\":{\"@id\":\"https:\\\/\\\/www.webdo.tn\\\/fr\\\/actualite\\\/chroniques\\\/saint-jaques-sainte-helene-saint-henri-ces-quartiers-de-tous-les-saints\\\/379257\\\/#primaryimage\"},\"image\":{\"@id\":\"https:\\\/\\\/www.webdo.tn\\\/fr\\\/actualite\\\/chroniques\\\/saint-jaques-sainte-helene-saint-henri-ces-quartiers-de-tous-les-saints\\\/379257\\\/#primaryimage\"},\"thumbnailUrl\":\"https:\\\/\\\/www.webdo.tn\\\/fr\\\/wp-content\\\/uploads\\\/2025\\\/07\\\/Saint.jpeg\",\"datePublished\":\"2025-07-08T09:58:43+00:00\",\"dateModified\":\"2025-07-08T09:58:44+00:00\",\"description\":\"D\u00e9couvrez les quartiers de tous les saints \u00e0 Tunis et leur histoire fascinante li\u00e9e aux saints catholiques.\",\"breadcrumb\":{\"@id\":\"https:\\\/\\\/www.webdo.tn\\\/fr\\\/actualite\\\/chroniques\\\/saint-jaques-sainte-helene-saint-henri-ces-quartiers-de-tous-les-saints\\\/379257\\\/#breadcrumb\"},\"inLanguage\":\"fr-FR\",\"potentialAction\":[{\"@type\":\"ReadAction\",\"target\":[\"https:\\\/\\\/www.webdo.tn\\\/fr\\\/actualite\\\/chroniques\\\/saint-jaques-sainte-helene-saint-henri-ces-quartiers-de-tous-les-saints\\\/379257\\\/\"]}]},{\"@type\":\"ImageObject\",\"inLanguage\":\"fr-FR\",\"@id\":\"https:\\\/\\\/www.webdo.tn\\\/fr\\\/actualite\\\/chroniques\\\/saint-jaques-sainte-helene-saint-henri-ces-quartiers-de-tous-les-saints\\\/379257\\\/#primaryimage\",\"url\":\"https:\\\/\\\/www.webdo.tn\\\/fr\\\/wp-content\\\/uploads\\\/2025\\\/07\\\/Saint.jpeg\",\"contentUrl\":\"https:\\\/\\\/www.webdo.tn\\\/fr\\\/wp-content\\\/uploads\\\/2025\\\/07\\\/Saint.jpeg\",\"width\":2048,\"height\":945,\"caption\":\"Saint-Jaques, Sainte-H\u00e9l\u00e8ne, Saint-Henri : Ces quartiers de tous les saints\"},{\"@type\":\"BreadcrumbList\",\"@id\":\"https:\\\/\\\/www.webdo.tn\\\/fr\\\/actualite\\\/chroniques\\\/saint-jaques-sainte-helene-saint-henri-ces-quartiers-de-tous-les-saints\\\/379257\\\/#breadcrumb\",\"itemListElement\":[{\"@type\":\"ListItem\",\"position\":1,\"name\":\"Accueil\",\"item\":\"https:\\\/\\\/www.webdo.tn\\\/fr\\\/\"},{\"@type\":\"ListItem\",\"position\":2,\"name\":\"Saint-Jaques, Sainte-H\u00e9l\u00e8ne, Saint-Henri : Ces quartiers de tous les saints\"}]},{\"@type\":\"WebSite\",\"@id\":\"https:\\\/\\\/www.webdo.tn\\\/fr\\\/#website\",\"url\":\"https:\\\/\\\/www.webdo.tn\\\/fr\\\/\",\"name\":\"webdo\",\"description\":\"Tunisie - News en Tunisie et \u00e0 l&#039;international sur Webdo.tn\",\"publisher\":{\"@id\":\"https:\\\/\\\/www.webdo.tn\\\/fr\\\/#organization\"},\"potentialAction\":[{\"@type\":\"SearchAction\",\"target\":{\"@type\":\"EntryPoint\",\"urlTemplate\":\"https:\\\/\\\/www.webdo.tn\\\/fr\\\/?s={search_term_string}\"},\"query-input\":{\"@type\":\"PropertyValueSpecification\",\"valueRequired\":true,\"valueName\":\"search_term_string\"}}],\"inLanguage\":\"fr-FR\"},{\"@type\":\"Organization\",\"@id\":\"https:\\\/\\\/www.webdo.tn\\\/fr\\\/#organization\",\"name\":\"Webdo\",\"alternateName\":\"Webdo.tn\",\"url\":\"https:\\\/\\\/www.webdo.tn\\\/fr\\\/\",\"logo\":{\"@type\":\"ImageObject\",\"inLanguage\":\"fr-FR\",\"@id\":\"https:\\\/\\\/www.webdo.tn\\\/fr\\\/#\\\/schema\\\/logo\\\/image\\\/\",\"url\":\"https:\\\/\\\/www.webdo.tn\\\/fr\\\/wp-content\\\/uploads\\\/2025\\\/06\\\/Webdo-Tunisie_168377.jpg\",\"contentUrl\":\"https:\\\/\\\/www.webdo.tn\\\/fr\\\/wp-content\\\/uploads\\\/2025\\\/06\\\/Webdo-Tunisie_168377.jpg\",\"width\":301,\"height\":301,\"caption\":\"Webdo\"},\"image\":{\"@id\":\"https:\\\/\\\/www.webdo.tn\\\/fr\\\/#\\\/schema\\\/logo\\\/image\\\/\"},\"sameAs\":[\"https:\\\/\\\/www.facebook.com\\\/webdotn\",\"https:\\\/\\\/x.com\\\/webdo_tn\"],\"description\":\"Webdo est un m\u00e9dia num\u00e9rique tunisien fond\u00e9 en 2010, sp\u00e9cialis\u00e9 dans l\u2019actualit\u00e9 nationale et internationale, l\u2019\u00e9conomie, la soci\u00e9t\u00e9 et les analyses politiques. Le site s\u2019adresse \u00e0 un large public francophone et couvre l\u2019information tunisienne en temps r\u00e9el.\",\"email\":\"redac@webdo.tn\",\"legalName\":\"YNJ SARL\",\"foundingDate\":\"2010-09-06\",\"numberOfEmployees\":{\"@type\":\"QuantitativeValue\",\"minValue\":\"11\",\"maxValue\":\"50\"}},{\"@type\":\"Person\",\"@id\":\"https:\\\/\\\/www.webdo.tn\\\/fr\\\/#\\\/schema\\\/person\\\/6bc0beba2cd23aec27cb5df85ca2554f\",\"name\":\"Hatem Bourial\",\"image\":{\"@type\":\"ImageObject\",\"inLanguage\":\"fr-FR\",\"@id\":\"https:\\\/\\\/www.webdo.tn\\\/fr\\\/wp-content\\\/uploads\\\/2026\\\/04\\\/hatem-bourial_avatar-96x96.jpg\",\"url\":\"https:\\\/\\\/www.webdo.tn\\\/fr\\\/wp-content\\\/uploads\\\/2026\\\/04\\\/hatem-bourial_avatar-96x96.jpg\",\"contentUrl\":\"https:\\\/\\\/www.webdo.tn\\\/fr\\\/wp-content\\\/uploads\\\/2026\\\/04\\\/hatem-bourial_avatar-96x96.jpg\",\"caption\":\"Hatem Bourial\"},\"description\":\"Hatem Bourial est journaliste, \u00e9crivain et chroniqueur tunisien. Actif depuis plusieurs d\u00e9cennies, il s\u2019est impos\u00e9 comme un observateur attentif de la soci\u00e9t\u00e9 tunisienne, m\u00ealant dans ses \u00e9crits m\u00e9moire, culture et analyse du quotidien. Auteur de nombreux ouvrages, il d\u00e9veloppe une \u0153uvre \u00e0 la crois\u00e9e du r\u00e9cit, de la po\u00e9sie et de l\u2019observation sociologique. Parall\u00e8lement \u00e0 ses contributions dans la presse, il intervient r\u00e9guli\u00e8rement \u00e0 la radio et dans des espaces culturels, o\u00f9 il explore les enjeux li\u00e9s au patrimoine, \u00e0 l\u2019identit\u00e9 et aux transformations du monde contemporain. \u00c0 travers ses chroniques, Hatem Bourial propose une lecture sensible et approfondie de l\u2019actualit\u00e9, nourrie par une exp\u00e9rience journalistique et litt\u00e9raire reconnue. \ud83d\udd17 Facebook : https:\\\/\\\/www.facebook.com\\\/hatem.bourial.2025\",\"sameAs\":[\"https:\\\/\\\/www.facebook.com\\\/hatem.bourial.2025\",\"https:\\\/\\\/fr.wikipedia.org\\\/wiki\\\/Fichier:Hatem_Bourial.jpg\"],\"knowsAbout\":[\"Culture & patrimoine tunisien\",\"Chronique soci\u00e9tale\",\"Litt\u00e9rature & m\u00e9moire\",\"Cin\u00e9ma & critique culturelle\",\"Identit\u00e9 & mutations sociales\"],\"knowsLanguage\":[\"Arabe\",\"Fran\u00e7ais\",\"Anglais\",\"Italien\",\"Polonais\"],\"jobTitle\":\"Journaliste, \u00e9crivain et chroniqueur culturel\",\"worksFor\":\"Webdo\",\"url\":\"https:\\\/\\\/www.webdo.tn\\\/fr\\\/actualite\\\/author\\\/hatem-bourial-2\\\/\"}]}<\/script>\n<!-- \/ Yoast SEO Premium plugin. -->","yoast_head_json":{"title":"Saint-Jaques, Sainte-H\u00e9l\u00e8ne, Saint-Henri : Ces quartiers de tous les saints - webdo","description":"D\u00e9couvrez les quartiers de tous les saints \u00e0 Tunis et leur histoire fascinante li\u00e9e aux saints catholiques.","canonical":"https:\/\/www.webdo.tn\/fr\/actualite\/chroniques\/saint-jaques-sainte-helene-saint-henri-ces-quartiers-de-tous-les-saints\/379257\/","og_locale":"fr_FR","og_type":"article","og_title":"Saint-Jaques, Sainte-H\u00e9l\u00e8ne, Saint-Henri : Ces quartiers de tous les saints","og_description":"D\u00e9couvrez les quartiers de tous les saints \u00e0 Tunis et leur histoire fascinante li\u00e9e aux saints catholiques.","og_url":"https:\/\/www.webdo.tn\/fr\/actualite\/chroniques\/saint-jaques-sainte-helene-saint-henri-ces-quartiers-de-tous-les-saints\/379257\/","og_site_name":"webdo","article_publisher":"https:\/\/www.facebook.com\/webdotn","article_author":"https:\/\/www.facebook.com\/hatem.bourial.2025","article_published_time":"2025-07-08T09:58:43+00:00","article_modified_time":"2025-07-08T09:58:44+00:00","og_image":[{"width":2048,"height":945,"url":"https:\/\/www.webdo.tn\/fr\/wp-content\/uploads\/2025\/07\/Saint.jpeg","type":"image\/jpeg"}],"author":"Hatem Bourial","twitter_card":"summary_large_image","twitter_creator":"@webdo_tn","twitter_site":"@webdo_tn","twitter_misc":{"\u00c9crit par":"Hatem Bourial","Dur\u00e9e de lecture estim\u00e9e":"2 minutes"},"schema":{"@context":"https:\/\/schema.org","@graph":[{"@type":"NewsArticle","@id":"https:\/\/www.webdo.tn\/fr\/actualite\/chroniques\/saint-jaques-sainte-helene-saint-henri-ces-quartiers-de-tous-les-saints\/379257\/#article","isPartOf":{"@id":"https:\/\/www.webdo.tn\/fr\/actualite\/chroniques\/saint-jaques-sainte-helene-saint-henri-ces-quartiers-de-tous-les-saints\/379257\/"},"author":{"name":"Hatem Bourial","@id":"https:\/\/www.webdo.tn\/fr\/#\/schema\/person\/6bc0beba2cd23aec27cb5df85ca2554f"},"headline":"Saint-Jaques, Sainte-H\u00e9l\u00e8ne, Saint-Henri : Ces quartiers de tous les saints","datePublished":"2025-07-08T09:58:43+00:00","dateModified":"2025-07-08T09:58:44+00:00","mainEntityOfPage":{"@id":"https:\/\/www.webdo.tn\/fr\/actualite\/chroniques\/saint-jaques-sainte-helene-saint-henri-ces-quartiers-de-tous-les-saints\/379257\/"},"wordCount":183,"commentCount":0,"publisher":{"@id":"https:\/\/www.webdo.tn\/fr\/#organization"},"image":{"@id":"https:\/\/www.webdo.tn\/fr\/actualite\/chroniques\/saint-jaques-sainte-helene-saint-henri-ces-quartiers-de-tous-les-saints\/379257\/#primaryimage"},"thumbnailUrl":"https:\/\/www.webdo.tn\/fr\/wp-content\/uploads\/2025\/07\/Saint.jpeg","keywords":["capitale","saints","Tunis","Tunisie"],"articleSection":["Chroniques"],"inLanguage":"fr-FR"},{"@type":"WebPage","@id":"https:\/\/www.webdo.tn\/fr\/actualite\/chroniques\/saint-jaques-sainte-helene-saint-henri-ces-quartiers-de-tous-les-saints\/379257\/","url":"https:\/\/www.webdo.tn\/fr\/actualite\/chroniques\/saint-jaques-sainte-helene-saint-henri-ces-quartiers-de-tous-les-saints\/379257\/","name":"Saint-Jaques, Sainte-H\u00e9l\u00e8ne, Saint-Henri : Ces quartiers de tous les saints - webdo","isPartOf":{"@id":"https:\/\/www.webdo.tn\/fr\/#website"},"primaryImageOfPage":{"@id":"https:\/\/www.webdo.tn\/fr\/actualite\/chroniques\/saint-jaques-sainte-helene-saint-henri-ces-quartiers-de-tous-les-saints\/379257\/#primaryimage"},"image":{"@id":"https:\/\/www.webdo.tn\/fr\/actualite\/chroniques\/saint-jaques-sainte-helene-saint-henri-ces-quartiers-de-tous-les-saints\/379257\/#primaryimage"},"thumbnailUrl":"https:\/\/www.webdo.tn\/fr\/wp-content\/uploads\/2025\/07\/Saint.jpeg","datePublished":"2025-07-08T09:58:43+00:00","dateModified":"2025-07-08T09:58:44+00:00","description":"D\u00e9couvrez les quartiers de tous les saints \u00e0 Tunis et leur histoire fascinante li\u00e9e aux saints catholiques.","breadcrumb":{"@id":"https:\/\/www.webdo.tn\/fr\/actualite\/chroniques\/saint-jaques-sainte-helene-saint-henri-ces-quartiers-de-tous-les-saints\/379257\/#breadcrumb"},"inLanguage":"fr-FR","potentialAction":[{"@type":"ReadAction","target":["https:\/\/www.webdo.tn\/fr\/actualite\/chroniques\/saint-jaques-sainte-helene-saint-henri-ces-quartiers-de-tous-les-saints\/379257\/"]}]},{"@type":"ImageObject","inLanguage":"fr-FR","@id":"https:\/\/www.webdo.tn\/fr\/actualite\/chroniques\/saint-jaques-sainte-helene-saint-henri-ces-quartiers-de-tous-les-saints\/379257\/#primaryimage","url":"https:\/\/www.webdo.tn\/fr\/wp-content\/uploads\/2025\/07\/Saint.jpeg","contentUrl":"https:\/\/www.webdo.tn\/fr\/wp-content\/uploads\/2025\/07\/Saint.jpeg","width":2048,"height":945,"caption":"Saint-Jaques, Sainte-H\u00e9l\u00e8ne, Saint-Henri : Ces quartiers de tous les saints"},{"@type":"BreadcrumbList","@id":"https:\/\/www.webdo.tn\/fr\/actualite\/chroniques\/saint-jaques-sainte-helene-saint-henri-ces-quartiers-de-tous-les-saints\/379257\/#breadcrumb","itemListElement":[{"@type":"ListItem","position":1,"name":"Accueil","item":"https:\/\/www.webdo.tn\/fr\/"},{"@type":"ListItem","position":2,"name":"Saint-Jaques, Sainte-H\u00e9l\u00e8ne, Saint-Henri : Ces quartiers de tous les saints"}]},{"@type":"WebSite","@id":"https:\/\/www.webdo.tn\/fr\/#website","url":"https:\/\/www.webdo.tn\/fr\/","name":"webdo","description":"Tunisie - News en Tunisie et \u00e0 l&#039;international sur Webdo.tn","publisher":{"@id":"https:\/\/www.webdo.tn\/fr\/#organization"},"potentialAction":[{"@type":"SearchAction","target":{"@type":"EntryPoint","urlTemplate":"https:\/\/www.webdo.tn\/fr\/?s={search_term_string}"},"query-input":{"@type":"PropertyValueSpecification","valueRequired":true,"valueName":"search_term_string"}}],"inLanguage":"fr-FR"},{"@type":"Organization","@id":"https:\/\/www.webdo.tn\/fr\/#organization","name":"Webdo","alternateName":"Webdo.tn","url":"https:\/\/www.webdo.tn\/fr\/","logo":{"@type":"ImageObject","inLanguage":"fr-FR","@id":"https:\/\/www.webdo.tn\/fr\/#\/schema\/logo\/image\/","url":"https:\/\/www.webdo.tn\/fr\/wp-content\/uploads\/2025\/06\/Webdo-Tunisie_168377.jpg","contentUrl":"https:\/\/www.webdo.tn\/fr\/wp-content\/uploads\/2025\/06\/Webdo-Tunisie_168377.jpg","width":301,"height":301,"caption":"Webdo"},"image":{"@id":"https:\/\/www.webdo.tn\/fr\/#\/schema\/logo\/image\/"},"sameAs":["https:\/\/www.facebook.com\/webdotn","https:\/\/x.com\/webdo_tn"],"description":"Webdo est un m\u00e9dia num\u00e9rique tunisien fond\u00e9 en 2010, sp\u00e9cialis\u00e9 dans l\u2019actualit\u00e9 nationale et internationale, l\u2019\u00e9conomie, la soci\u00e9t\u00e9 et les analyses politiques. Le site s\u2019adresse \u00e0 un large public francophone et couvre l\u2019information tunisienne en temps r\u00e9el.","email":"redac@webdo.tn","legalName":"YNJ SARL","foundingDate":"2010-09-06","numberOfEmployees":{"@type":"QuantitativeValue","minValue":"11","maxValue":"50"}},{"@type":"Person","@id":"https:\/\/www.webdo.tn\/fr\/#\/schema\/person\/6bc0beba2cd23aec27cb5df85ca2554f","name":"Hatem Bourial","image":{"@type":"ImageObject","inLanguage":"fr-FR","@id":"https:\/\/www.webdo.tn\/fr\/wp-content\/uploads\/2026\/04\/hatem-bourial_avatar-96x96.jpg","url":"https:\/\/www.webdo.tn\/fr\/wp-content\/uploads\/2026\/04\/hatem-bourial_avatar-96x96.jpg","contentUrl":"https:\/\/www.webdo.tn\/fr\/wp-content\/uploads\/2026\/04\/hatem-bourial_avatar-96x96.jpg","caption":"Hatem Bourial"},"description":"Hatem Bourial est journaliste, \u00e9crivain et chroniqueur tunisien. Actif depuis plusieurs d\u00e9cennies, il s\u2019est impos\u00e9 comme un observateur attentif de la soci\u00e9t\u00e9 tunisienne, m\u00ealant dans ses \u00e9crits m\u00e9moire, culture et analyse du quotidien. Auteur de nombreux ouvrages, il d\u00e9veloppe une \u0153uvre \u00e0 la crois\u00e9e du r\u00e9cit, de la po\u00e9sie et de l\u2019observation sociologique. Parall\u00e8lement \u00e0 ses contributions dans la presse, il intervient r\u00e9guli\u00e8rement \u00e0 la radio et dans des espaces culturels, o\u00f9 il explore les enjeux li\u00e9s au patrimoine, \u00e0 l\u2019identit\u00e9 et aux transformations du monde contemporain. \u00c0 travers ses chroniques, Hatem Bourial propose une lecture sensible et approfondie de l\u2019actualit\u00e9, nourrie par une exp\u00e9rience journalistique et litt\u00e9raire reconnue. \ud83d\udd17 Facebook : https:\/\/www.facebook.com\/hatem.bourial.2025","sameAs":["https:\/\/www.facebook.com\/hatem.bourial.2025","https:\/\/fr.wikipedia.org\/wiki\/Fichier:Hatem_Bourial.jpg"],"knowsAbout":["Culture & patrimoine tunisien","Chronique soci\u00e9tale","Litt\u00e9rature & m\u00e9moire","Cin\u00e9ma & critique culturelle","Identit\u00e9 & mutations sociales"],"knowsLanguage":["Arabe","Fran\u00e7ais","Anglais","Italien","Polonais"],"jobTitle":"Journaliste, \u00e9crivain et chroniqueur culturel","worksFor":"Webdo","url":"https:\/\/www.webdo.tn\/fr\/actualite\/author\/hatem-bourial-2\/"}]}},"_links":{"self":[{"href":"https:\/\/www.webdo.tn\/fr\/wp-json\/wp\/v2\/posts\/379257","targetHints":{"allow":["GET"]}}],"collection":[{"href":"https:\/\/www.webdo.tn\/fr\/wp-json\/wp\/v2\/posts"}],"about":[{"href":"https:\/\/www.webdo.tn\/fr\/wp-json\/wp\/v2\/types\/post"}],"author":[{"embeddable":true,"href":"https:\/\/www.webdo.tn\/fr\/wp-json\/wp\/v2\/users\/3229"}],"replies":[{"embeddable":true,"href":"https:\/\/www.webdo.tn\/fr\/wp-json\/wp\/v2\/comments?post=379257"}],"version-history":[{"count":0,"href":"https:\/\/www.webdo.tn\/fr\/wp-json\/wp\/v2\/posts\/379257\/revisions"}],"wp:featuredmedia":[{"embeddable":true,"href":"https:\/\/www.webdo.tn\/fr\/wp-json\/wp\/v2\/media\/379258"}],"wp:attachment":[{"href":"https:\/\/www.webdo.tn\/fr\/wp-json\/wp\/v2\/media?parent=379257"}],"wp:term":[{"taxonomy":"category","embeddable":true,"href":"https:\/\/www.webdo.tn\/fr\/wp-json\/wp\/v2\/categories?post=379257"},{"taxonomy":"post_tag","embeddable":true,"href":"https:\/\/www.webdo.tn\/fr\/wp-json\/wp\/v2\/tags?post=379257"}],"curies":[{"name":"wp","href":"https:\/\/api.w.org\/{rel}","templated":true}]}}