{"id":379218,"date":"2025-07-08T07:07:11","date_gmt":"2025-07-08T06:07:11","guid":{"rendered":"https:\/\/www.webdo.tn\/fr\/?p=379218"},"modified":"2025-07-08T08:38:05","modified_gmt":"2025-07-08T07:38:05","slug":"les-iles-kuriat-premiere-reserve-marine-en-tunisie","status":"publish","type":"post","link":"https:\/\/www.webdo.tn\/fr\/actualite\/national\/les-iles-kuriat-premiere-reserve-marine-en-tunisie\/379218\/","title":{"rendered":"Les \u00eeles Kuriat, premi\u00e8re r\u00e9serve marine en Tunisie"},"content":{"rendered":"\n<p><strong>Le ministre de l\u2019Environnement, Habib Abid, a annonc\u00e9 que son d\u00e9partement a finalis\u00e9 un projet de texte juridique en vue de la cr\u00e9ation de la toute premi\u00e8re r\u00e9serve marine en Tunisie. Celle-ci sera implant\u00e9e dans le gouvernorat de Monastir, pr\u00e9cis\u00e9ment au niveau des \u00eeles Kuriat, sous le nom de \u00ab R\u00e9serve des \u00eeles Kuriat \u00bb.<\/strong><\/p>\n\n\n\n<p>S\u2019exprimant \u00e0 l\u2019occasion du Conseil r\u00e9gional de l\u2019environnement tenu ce lundi au si\u00e8ge du gouvernorat de Monastir, le ministre a pr\u00e9cis\u00e9 \u00e0 l\u2019Agence Tunis Afrique Presse (TAP) que ce projet s\u2019inscrit dans une vision plus large visant \u00e0 \u00e9laborer un Code de l\u2019environnement. Ce code unifi\u00e9 regroupera l\u2019ensemble des textes juridiques relatifs \u00e0 la protection de l\u2019environnement, actuellement \u00e9parpill\u00e9s, pour une meilleure coh\u00e9rence et efficacit\u00e9.<\/p>\n\n\n\n<p>Abid a soulign\u00e9 que les exp\u00e9riences internationales divergent en la mati\u00e8re : certains pays ont mis en place des plateformes web \u00e0 vocation environnementale, d\u2019autres ont opt\u00e9 pour des revues ou codes d\u00e9di\u00e9s. La Tunisie a, quant \u00e0 elle, choisi de lancer plusieurs lois sectorielles, au nombre de quatre ou cinq, en commen\u00e7ant par une refonte du d\u00e9cret r\u00e9gissant le littoral. Un nouveau texte devrait \u00eatre publi\u00e9 prochainement pour r\u00e9gulariser la situation des installations occupant actuellement les plages.<\/p>\n\n\n\n<p>Le ministre a \u00e9galement plaid\u00e9 pour un all\u00e8gement des proc\u00e9dures li\u00e9es aux \u00e9tudes d\u2019impact environnemental, en particulier pour les jeunes entrepreneurs et les soci\u00e9t\u00e9s citoyennes. Il propose de recourir davantage \u00e0 des cahiers des charges standardis\u00e9s, moins co\u00fbteux et plus accessibles, tout en garantissant le respect des normes environnementales.<\/p>\n\n\n\n<p>Enfin, dans une autre annonce importante, il a indiqu\u00e9 que la quantit\u00e9 minimale de d\u00e9chets \u00e0 traiter pour b\u00e9n\u00e9ficier d\u2019un agr\u00e9ment de valorisation passera de 20 \u00e0 50 tonnes. Cette mesure vise \u00e0 encourager un plus grand nombre d\u2019investisseurs \u00e0 se lancer dans la valorisation des d\u00e9chets, en facilitant leur acc\u00e8s au march\u00e9 et en \u00e9largissant le champ des projets admissibles.<\/p>\n","protected":false},"excerpt":{"rendered":"<p>Le ministre de l\u2019Environnement, Habib Abid, a annonc\u00e9 que son d\u00e9partement a finalis\u00e9 un projet de texte juridique en vue de la cr\u00e9ation de la toute premi\u00e8re r\u00e9serve marine en Tunisie. Celle-ci sera implant\u00e9e dans le gouvernorat de Monastir, pr\u00e9cis\u00e9ment au niveau des \u00eeles Kuriat, sous le nom de \u00ab R\u00e9serve des \u00eeles Kuriat \u00bb. [&hellip;]<\/p>\n","protected":false},"author":3184,"featured_media":379219,"comment_status":"open","ping_status":"open","sticky":false,"template":"","format":"standard","meta":{"footnotes":""},"categories":[44],"tags":[12145,12147,2608],"class_list":["post-379218","post","type-post","status-publish","format-standard","has-post-thumbnail","hentry","category-national","tag-iles-kuriat","tag-reserve","tag-tunisie"],"yoast_head":"<!-- This site is optimized with the Yoast SEO Premium plugin v27.5 (Yoast SEO v27.5) - https:\/\/yoast.com\/product\/yoast-seo-premium-wordpress\/ -->\n<title>Les \u00eeles Kuriat, premi\u00e8re r\u00e9serve marine en Tunisie - webdo<\/title>\n<meta name=\"description\" content=\"D\u00e9couvrez le projet de cr\u00e9ation de la R\u00e9serve des \u00eeles Kuriat en Tunisie, une initiative pour la protection de l&#039;environnement.\" \/>\n<link rel=\"canonical\" href=\"https:\/\/www.webdo.tn\/fr\/actualite\/national\/les-iles-kuriat-premiere-reserve-marine-en-tunisie\/379218\/\" \/>\n<meta property=\"og:locale\" content=\"fr_FR\" \/>\n<meta property=\"og:type\" content=\"article\" \/>\n<meta property=\"og:title\" content=\"Les \u00eeles Kuriat, premi\u00e8re r\u00e9serve marine en Tunisie\" \/>\n<meta property=\"og:description\" content=\"D\u00e9couvrez le projet de cr\u00e9ation de la R\u00e9serve des \u00eeles Kuriat en Tunisie, une initiative pour la protection de l&#039;environnement.\" \/>\n<meta property=\"og:url\" content=\"https:\/\/www.webdo.tn\/fr\/actualite\/national\/les-iles-kuriat-premiere-reserve-marine-en-tunisie\/379218\/\" \/>\n<meta property=\"og:site_name\" content=\"webdo\" \/>\n<meta property=\"article:publisher\" content=\"https:\/\/www.facebook.com\/webdotn\" \/>\n<meta property=\"article:published_time\" content=\"2025-07-08T06:07:11+00:00\" \/>\n<meta property=\"article:modified_time\" content=\"2025-07-08T07:38:05+00:00\" \/>\n<meta property=\"og:image\" content=\"https:\/\/www.webdo.tn\/fr\/wp-content\/uploads\/2025\/07\/image003-2-7.jpg\" \/>\n\t<meta property=\"og:image:width\" content=\"850\" \/>\n\t<meta property=\"og:image:height\" content=\"500\" \/>\n\t<meta property=\"og:image:type\" content=\"image\/jpeg\" \/>\n<meta name=\"author\" content=\"Wided Belhaj\" \/>\n<meta name=\"twitter:card\" content=\"summary_large_image\" \/>\n<meta name=\"twitter:creator\" content=\"@webdo_tn\" \/>\n<meta name=\"twitter:site\" content=\"@webdo_tn\" \/>\n<meta name=\"twitter:label1\" content=\"\u00c9crit par\" \/>\n\t<meta name=\"twitter:data1\" content=\"Wided Belhaj\" \/>\n\t<meta name=\"twitter:label2\" content=\"Dur\u00e9e de lecture estim\u00e9e\" \/>\n\t<meta name=\"twitter:data2\" content=\"2 minutes\" \/>\n<script type=\"application\/ld+json\" class=\"yoast-schema-graph\">{\"@context\":\"https:\\\/\\\/schema.org\",\"@graph\":[{\"@type\":\"NewsArticle\",\"@id\":\"https:\\\/\\\/www.webdo.tn\\\/fr\\\/actualite\\\/national\\\/les-iles-kuriat-premiere-reserve-marine-en-tunisie\\\/379218\\\/#article\",\"isPartOf\":{\"@id\":\"https:\\\/\\\/www.webdo.tn\\\/fr\\\/actualite\\\/national\\\/les-iles-kuriat-premiere-reserve-marine-en-tunisie\\\/379218\\\/\"},\"author\":{\"name\":\"Wided Belhaj\",\"@id\":\"https:\\\/\\\/www.webdo.tn\\\/fr\\\/#\\\/schema\\\/person\\\/b9ecde7a5574cb4fcf4b496ea5fadb15\"},\"headline\":\"Les \u00eeles Kuriat, premi\u00e8re r\u00e9serve marine en Tunisie\",\"datePublished\":\"2025-07-08T06:07:11+00:00\",\"dateModified\":\"2025-07-08T07:38:05+00:00\",\"mainEntityOfPage\":{\"@id\":\"https:\\\/\\\/www.webdo.tn\\\/fr\\\/actualite\\\/national\\\/les-iles-kuriat-premiere-reserve-marine-en-tunisie\\\/379218\\\/\"},\"wordCount\":349,\"commentCount\":0,\"publisher\":{\"@id\":\"https:\\\/\\\/www.webdo.tn\\\/fr\\\/#organization\"},\"image\":{\"@id\":\"https:\\\/\\\/www.webdo.tn\\\/fr\\\/actualite\\\/national\\\/les-iles-kuriat-premiere-reserve-marine-en-tunisie\\\/379218\\\/#primaryimage\"},\"thumbnailUrl\":\"https:\\\/\\\/www.webdo.tn\\\/fr\\\/wp-content\\\/uploads\\\/2025\\\/07\\\/image003-2-7.jpg\",\"keywords\":[\"Iles kuriat\",\"reserve\",\"Tunisie\"],\"articleSection\":[\"National\"],\"inLanguage\":\"fr-FR\"},{\"@type\":\"WebPage\",\"@id\":\"https:\\\/\\\/www.webdo.tn\\\/fr\\\/actualite\\\/national\\\/les-iles-kuriat-premiere-reserve-marine-en-tunisie\\\/379218\\\/\",\"url\":\"https:\\\/\\\/www.webdo.tn\\\/fr\\\/actualite\\\/national\\\/les-iles-kuriat-premiere-reserve-marine-en-tunisie\\\/379218\\\/\",\"name\":\"Les \u00eeles Kuriat, premi\u00e8re r\u00e9serve marine en Tunisie - webdo\",\"isPartOf\":{\"@id\":\"https:\\\/\\\/www.webdo.tn\\\/fr\\\/#website\"},\"primaryImageOfPage\":{\"@id\":\"https:\\\/\\\/www.webdo.tn\\\/fr\\\/actualite\\\/national\\\/les-iles-kuriat-premiere-reserve-marine-en-tunisie\\\/379218\\\/#primaryimage\"},\"image\":{\"@id\":\"https:\\\/\\\/www.webdo.tn\\\/fr\\\/actualite\\\/national\\\/les-iles-kuriat-premiere-reserve-marine-en-tunisie\\\/379218\\\/#primaryimage\"},\"thumbnailUrl\":\"https:\\\/\\\/www.webdo.tn\\\/fr\\\/wp-content\\\/uploads\\\/2025\\\/07\\\/image003-2-7.jpg\",\"datePublished\":\"2025-07-08T06:07:11+00:00\",\"dateModified\":\"2025-07-08T07:38:05+00:00\",\"description\":\"D\u00e9couvrez le projet de cr\u00e9ation de la R\u00e9serve des \u00eeles Kuriat en Tunisie, une initiative pour la protection de l'environnement.\",\"breadcrumb\":{\"@id\":\"https:\\\/\\\/www.webdo.tn\\\/fr\\\/actualite\\\/national\\\/les-iles-kuriat-premiere-reserve-marine-en-tunisie\\\/379218\\\/#breadcrumb\"},\"inLanguage\":\"fr-FR\",\"potentialAction\":[{\"@type\":\"ReadAction\",\"target\":[\"https:\\\/\\\/www.webdo.tn\\\/fr\\\/actualite\\\/national\\\/les-iles-kuriat-premiere-reserve-marine-en-tunisie\\\/379218\\\/\"]}]},{\"@type\":\"ImageObject\",\"inLanguage\":\"fr-FR\",\"@id\":\"https:\\\/\\\/www.webdo.tn\\\/fr\\\/actualite\\\/national\\\/les-iles-kuriat-premiere-reserve-marine-en-tunisie\\\/379218\\\/#primaryimage\",\"url\":\"https:\\\/\\\/www.webdo.tn\\\/fr\\\/wp-content\\\/uploads\\\/2025\\\/07\\\/image003-2-7.jpg\",\"contentUrl\":\"https:\\\/\\\/www.webdo.tn\\\/fr\\\/wp-content\\\/uploads\\\/2025\\\/07\\\/image003-2-7.jpg\",\"width\":850,\"height\":500},{\"@type\":\"BreadcrumbList\",\"@id\":\"https:\\\/\\\/www.webdo.tn\\\/fr\\\/actualite\\\/national\\\/les-iles-kuriat-premiere-reserve-marine-en-tunisie\\\/379218\\\/#breadcrumb\",\"itemListElement\":[{\"@type\":\"ListItem\",\"position\":1,\"name\":\"Accueil\",\"item\":\"https:\\\/\\\/www.webdo.tn\\\/fr\\\/\"},{\"@type\":\"ListItem\",\"position\":2,\"name\":\"Les \u00eeles Kuriat, premi\u00e8re r\u00e9serve marine en Tunisie\"}]},{\"@type\":\"WebSite\",\"@id\":\"https:\\\/\\\/www.webdo.tn\\\/fr\\\/#website\",\"url\":\"https:\\\/\\\/www.webdo.tn\\\/fr\\\/\",\"name\":\"webdo\",\"description\":\"Tunisie - News en Tunisie et \u00e0 l&#039;international sur Webdo.tn\",\"publisher\":{\"@id\":\"https:\\\/\\\/www.webdo.tn\\\/fr\\\/#organization\"},\"potentialAction\":[{\"@type\":\"SearchAction\",\"target\":{\"@type\":\"EntryPoint\",\"urlTemplate\":\"https:\\\/\\\/www.webdo.tn\\\/fr\\\/?s={search_term_string}\"},\"query-input\":{\"@type\":\"PropertyValueSpecification\",\"valueRequired\":true,\"valueName\":\"search_term_string\"}}],\"inLanguage\":\"fr-FR\"},{\"@type\":\"Organization\",\"@id\":\"https:\\\/\\\/www.webdo.tn\\\/fr\\\/#organization\",\"name\":\"Webdo\",\"alternateName\":\"Webdo.tn\",\"url\":\"https:\\\/\\\/www.webdo.tn\\\/fr\\\/\",\"logo\":{\"@type\":\"ImageObject\",\"inLanguage\":\"fr-FR\",\"@id\":\"https:\\\/\\\/www.webdo.tn\\\/fr\\\/#\\\/schema\\\/logo\\\/image\\\/\",\"url\":\"https:\\\/\\\/www.webdo.tn\\\/fr\\\/wp-content\\\/uploads\\\/2025\\\/06\\\/Webdo-Tunisie_168377.jpg\",\"contentUrl\":\"https:\\\/\\\/www.webdo.tn\\\/fr\\\/wp-content\\\/uploads\\\/2025\\\/06\\\/Webdo-Tunisie_168377.jpg\",\"width\":301,\"height\":301,\"caption\":\"Webdo\"},\"image\":{\"@id\":\"https:\\\/\\\/www.webdo.tn\\\/fr\\\/#\\\/schema\\\/logo\\\/image\\\/\"},\"sameAs\":[\"https:\\\/\\\/www.facebook.com\\\/webdotn\",\"https:\\\/\\\/x.com\\\/webdo_tn\"],\"description\":\"Webdo est un m\u00e9dia num\u00e9rique tunisien fond\u00e9 en 2010, sp\u00e9cialis\u00e9 dans l\u2019actualit\u00e9 nationale et internationale, l\u2019\u00e9conomie, la soci\u00e9t\u00e9 et les analyses politiques. Le site s\u2019adresse \u00e0 un large public francophone et couvre l\u2019information tunisienne en temps r\u00e9el.\",\"email\":\"redac@webdo.tn\",\"legalName\":\"YNJ SARL\",\"foundingDate\":\"2010-09-06\",\"numberOfEmployees\":{\"@type\":\"QuantitativeValue\",\"minValue\":\"11\",\"maxValue\":\"50\"}},{\"@type\":\"Person\",\"@id\":\"https:\\\/\\\/www.webdo.tn\\\/fr\\\/#\\\/schema\\\/person\\\/b9ecde7a5574cb4fcf4b496ea5fadb15\",\"name\":\"Wided Belhaj\",\"image\":{\"@type\":\"ImageObject\",\"inLanguage\":\"fr-FR\",\"@id\":\"https:\\\/\\\/www.webdo.tn\\\/fr\\\/wp-content\\\/uploads\\\/2026\\\/04\\\/wided-belhaj_avatar-96x96.jpg\",\"url\":\"https:\\\/\\\/www.webdo.tn\\\/fr\\\/wp-content\\\/uploads\\\/2026\\\/04\\\/wided-belhaj_avatar-96x96.jpg\",\"contentUrl\":\"https:\\\/\\\/www.webdo.tn\\\/fr\\\/wp-content\\\/uploads\\\/2026\\\/04\\\/wided-belhaj_avatar-96x96.jpg\",\"caption\":\"Wided Belhaj\"},\"description\":\"Wided Belhaj est le pseudonyme \u00e9ditorial utilis\u00e9 par Khalil Jelassi, journaliste, ma\u00eetre-assistant \u00e0 l\u2019Institut de presse et des sciences de l\u2019information (IPSI) et chercheur en sciences de l\u2019information et de la communication. Cette signature est d\u00e9di\u00e9e \u00e0 l\u2019analyse des m\u00e9dias, des pratiques journalistiques et des mutations de l\u2019information \u00e0 l\u2019\u00e8re digitale. \u00c0 travers ses contributions, Wided Belhaj propose une lecture analytique de l\u2019actualit\u00e9, en croisant regard critique et expertise acad\u00e9mique.\",\"knowsAbout\":[\"m\u00e9dias\",\"journalisme\",\"communication\",\"information\",\"transformation num\u00e9rique\",\"analyse des m\u00e9dias\"],\"knowsLanguage\":[\"Fran\u00e7ais\",\"Arabe\"],\"jobTitle\":\"Webdo.tn\",\"worksFor\":\"Journaliste \u2013 Analyse des m\u00e9dias\",\"url\":\"https:\\\/\\\/www.webdo.tn\\\/fr\\\/actualite\\\/author\\\/wided-belhaj\\\/\"}]}<\/script>\n<!-- \/ Yoast SEO Premium plugin. -->","yoast_head_json":{"title":"Les \u00eeles Kuriat, premi\u00e8re r\u00e9serve marine en Tunisie - webdo","description":"D\u00e9couvrez le projet de cr\u00e9ation de la R\u00e9serve des \u00eeles Kuriat en Tunisie, une initiative pour la protection de l'environnement.","canonical":"https:\/\/www.webdo.tn\/fr\/actualite\/national\/les-iles-kuriat-premiere-reserve-marine-en-tunisie\/379218\/","og_locale":"fr_FR","og_type":"article","og_title":"Les \u00eeles Kuriat, premi\u00e8re r\u00e9serve marine en Tunisie","og_description":"D\u00e9couvrez le projet de cr\u00e9ation de la R\u00e9serve des \u00eeles Kuriat en Tunisie, une initiative pour la protection de l'environnement.","og_url":"https:\/\/www.webdo.tn\/fr\/actualite\/national\/les-iles-kuriat-premiere-reserve-marine-en-tunisie\/379218\/","og_site_name":"webdo","article_publisher":"https:\/\/www.facebook.com\/webdotn","article_published_time":"2025-07-08T06:07:11+00:00","article_modified_time":"2025-07-08T07:38:05+00:00","og_image":[{"width":850,"height":500,"url":"https:\/\/www.webdo.tn\/fr\/wp-content\/uploads\/2025\/07\/image003-2-7.jpg","type":"image\/jpeg"}],"author":"Wided Belhaj","twitter_card":"summary_large_image","twitter_creator":"@webdo_tn","twitter_site":"@webdo_tn","twitter_misc":{"\u00c9crit par":"Wided Belhaj","Dur\u00e9e de lecture estim\u00e9e":"2 minutes"},"schema":{"@context":"https:\/\/schema.org","@graph":[{"@type":"NewsArticle","@id":"https:\/\/www.webdo.tn\/fr\/actualite\/national\/les-iles-kuriat-premiere-reserve-marine-en-tunisie\/379218\/#article","isPartOf":{"@id":"https:\/\/www.webdo.tn\/fr\/actualite\/national\/les-iles-kuriat-premiere-reserve-marine-en-tunisie\/379218\/"},"author":{"name":"Wided Belhaj","@id":"https:\/\/www.webdo.tn\/fr\/#\/schema\/person\/b9ecde7a5574cb4fcf4b496ea5fadb15"},"headline":"Les \u00eeles Kuriat, premi\u00e8re r\u00e9serve marine en Tunisie","datePublished":"2025-07-08T06:07:11+00:00","dateModified":"2025-07-08T07:38:05+00:00","mainEntityOfPage":{"@id":"https:\/\/www.webdo.tn\/fr\/actualite\/national\/les-iles-kuriat-premiere-reserve-marine-en-tunisie\/379218\/"},"wordCount":349,"commentCount":0,"publisher":{"@id":"https:\/\/www.webdo.tn\/fr\/#organization"},"image":{"@id":"https:\/\/www.webdo.tn\/fr\/actualite\/national\/les-iles-kuriat-premiere-reserve-marine-en-tunisie\/379218\/#primaryimage"},"thumbnailUrl":"https:\/\/www.webdo.tn\/fr\/wp-content\/uploads\/2025\/07\/image003-2-7.jpg","keywords":["Iles kuriat","reserve","Tunisie"],"articleSection":["National"],"inLanguage":"fr-FR"},{"@type":"WebPage","@id":"https:\/\/www.webdo.tn\/fr\/actualite\/national\/les-iles-kuriat-premiere-reserve-marine-en-tunisie\/379218\/","url":"https:\/\/www.webdo.tn\/fr\/actualite\/national\/les-iles-kuriat-premiere-reserve-marine-en-tunisie\/379218\/","name":"Les \u00eeles Kuriat, premi\u00e8re r\u00e9serve marine en Tunisie - webdo","isPartOf":{"@id":"https:\/\/www.webdo.tn\/fr\/#website"},"primaryImageOfPage":{"@id":"https:\/\/www.webdo.tn\/fr\/actualite\/national\/les-iles-kuriat-premiere-reserve-marine-en-tunisie\/379218\/#primaryimage"},"image":{"@id":"https:\/\/www.webdo.tn\/fr\/actualite\/national\/les-iles-kuriat-premiere-reserve-marine-en-tunisie\/379218\/#primaryimage"},"thumbnailUrl":"https:\/\/www.webdo.tn\/fr\/wp-content\/uploads\/2025\/07\/image003-2-7.jpg","datePublished":"2025-07-08T06:07:11+00:00","dateModified":"2025-07-08T07:38:05+00:00","description":"D\u00e9couvrez le projet de cr\u00e9ation de la R\u00e9serve des \u00eeles Kuriat en Tunisie, une initiative pour la protection de l'environnement.","breadcrumb":{"@id":"https:\/\/www.webdo.tn\/fr\/actualite\/national\/les-iles-kuriat-premiere-reserve-marine-en-tunisie\/379218\/#breadcrumb"},"inLanguage":"fr-FR","potentialAction":[{"@type":"ReadAction","target":["https:\/\/www.webdo.tn\/fr\/actualite\/national\/les-iles-kuriat-premiere-reserve-marine-en-tunisie\/379218\/"]}]},{"@type":"ImageObject","inLanguage":"fr-FR","@id":"https:\/\/www.webdo.tn\/fr\/actualite\/national\/les-iles-kuriat-premiere-reserve-marine-en-tunisie\/379218\/#primaryimage","url":"https:\/\/www.webdo.tn\/fr\/wp-content\/uploads\/2025\/07\/image003-2-7.jpg","contentUrl":"https:\/\/www.webdo.tn\/fr\/wp-content\/uploads\/2025\/07\/image003-2-7.jpg","width":850,"height":500},{"@type":"BreadcrumbList","@id":"https:\/\/www.webdo.tn\/fr\/actualite\/national\/les-iles-kuriat-premiere-reserve-marine-en-tunisie\/379218\/#breadcrumb","itemListElement":[{"@type":"ListItem","position":1,"name":"Accueil","item":"https:\/\/www.webdo.tn\/fr\/"},{"@type":"ListItem","position":2,"name":"Les \u00eeles Kuriat, premi\u00e8re r\u00e9serve marine en Tunisie"}]},{"@type":"WebSite","@id":"https:\/\/www.webdo.tn\/fr\/#website","url":"https:\/\/www.webdo.tn\/fr\/","name":"webdo","description":"Tunisie - News en Tunisie et \u00e0 l&#039;international sur Webdo.tn","publisher":{"@id":"https:\/\/www.webdo.tn\/fr\/#organization"},"potentialAction":[{"@type":"SearchAction","target":{"@type":"EntryPoint","urlTemplate":"https:\/\/www.webdo.tn\/fr\/?s={search_term_string}"},"query-input":{"@type":"PropertyValueSpecification","valueRequired":true,"valueName":"search_term_string"}}],"inLanguage":"fr-FR"},{"@type":"Organization","@id":"https:\/\/www.webdo.tn\/fr\/#organization","name":"Webdo","alternateName":"Webdo.tn","url":"https:\/\/www.webdo.tn\/fr\/","logo":{"@type":"ImageObject","inLanguage":"fr-FR","@id":"https:\/\/www.webdo.tn\/fr\/#\/schema\/logo\/image\/","url":"https:\/\/www.webdo.tn\/fr\/wp-content\/uploads\/2025\/06\/Webdo-Tunisie_168377.jpg","contentUrl":"https:\/\/www.webdo.tn\/fr\/wp-content\/uploads\/2025\/06\/Webdo-Tunisie_168377.jpg","width":301,"height":301,"caption":"Webdo"},"image":{"@id":"https:\/\/www.webdo.tn\/fr\/#\/schema\/logo\/image\/"},"sameAs":["https:\/\/www.facebook.com\/webdotn","https:\/\/x.com\/webdo_tn"],"description":"Webdo est un m\u00e9dia num\u00e9rique tunisien fond\u00e9 en 2010, sp\u00e9cialis\u00e9 dans l\u2019actualit\u00e9 nationale et internationale, l\u2019\u00e9conomie, la soci\u00e9t\u00e9 et les analyses politiques. Le site s\u2019adresse \u00e0 un large public francophone et couvre l\u2019information tunisienne en temps r\u00e9el.","email":"redac@webdo.tn","legalName":"YNJ SARL","foundingDate":"2010-09-06","numberOfEmployees":{"@type":"QuantitativeValue","minValue":"11","maxValue":"50"}},{"@type":"Person","@id":"https:\/\/www.webdo.tn\/fr\/#\/schema\/person\/b9ecde7a5574cb4fcf4b496ea5fadb15","name":"Wided Belhaj","image":{"@type":"ImageObject","inLanguage":"fr-FR","@id":"https:\/\/www.webdo.tn\/fr\/wp-content\/uploads\/2026\/04\/wided-belhaj_avatar-96x96.jpg","url":"https:\/\/www.webdo.tn\/fr\/wp-content\/uploads\/2026\/04\/wided-belhaj_avatar-96x96.jpg","contentUrl":"https:\/\/www.webdo.tn\/fr\/wp-content\/uploads\/2026\/04\/wided-belhaj_avatar-96x96.jpg","caption":"Wided Belhaj"},"description":"Wided Belhaj est le pseudonyme \u00e9ditorial utilis\u00e9 par Khalil Jelassi, journaliste, ma\u00eetre-assistant \u00e0 l\u2019Institut de presse et des sciences de l\u2019information (IPSI) et chercheur en sciences de l\u2019information et de la communication. Cette signature est d\u00e9di\u00e9e \u00e0 l\u2019analyse des m\u00e9dias, des pratiques journalistiques et des mutations de l\u2019information \u00e0 l\u2019\u00e8re digitale. \u00c0 travers ses contributions, Wided Belhaj propose une lecture analytique de l\u2019actualit\u00e9, en croisant regard critique et expertise acad\u00e9mique.","knowsAbout":["m\u00e9dias","journalisme","communication","information","transformation num\u00e9rique","analyse des m\u00e9dias"],"knowsLanguage":["Fran\u00e7ais","Arabe"],"jobTitle":"Webdo.tn","worksFor":"Journaliste \u2013 Analyse des m\u00e9dias","url":"https:\/\/www.webdo.tn\/fr\/actualite\/author\/wided-belhaj\/"}]}},"_links":{"self":[{"href":"https:\/\/www.webdo.tn\/fr\/wp-json\/wp\/v2\/posts\/379218","targetHints":{"allow":["GET"]}}],"collection":[{"href":"https:\/\/www.webdo.tn\/fr\/wp-json\/wp\/v2\/posts"}],"about":[{"href":"https:\/\/www.webdo.tn\/fr\/wp-json\/wp\/v2\/types\/post"}],"author":[{"embeddable":true,"href":"https:\/\/www.webdo.tn\/fr\/wp-json\/wp\/v2\/users\/3184"}],"replies":[{"embeddable":true,"href":"https:\/\/www.webdo.tn\/fr\/wp-json\/wp\/v2\/comments?post=379218"}],"version-history":[{"count":0,"href":"https:\/\/www.webdo.tn\/fr\/wp-json\/wp\/v2\/posts\/379218\/revisions"}],"wp:featuredmedia":[{"embeddable":true,"href":"https:\/\/www.webdo.tn\/fr\/wp-json\/wp\/v2\/media\/379219"}],"wp:attachment":[{"href":"https:\/\/www.webdo.tn\/fr\/wp-json\/wp\/v2\/media?parent=379218"}],"wp:term":[{"taxonomy":"category","embeddable":true,"href":"https:\/\/www.webdo.tn\/fr\/wp-json\/wp\/v2\/categories?post=379218"},{"taxonomy":"post_tag","embeddable":true,"href":"https:\/\/www.webdo.tn\/fr\/wp-json\/wp\/v2\/tags?post=379218"}],"curies":[{"name":"wp","href":"https:\/\/api.w.org\/{rel}","templated":true}]}}