{"id":379186,"date":"2025-07-07T12:27:34","date_gmt":"2025-07-07T11:27:34","guid":{"rendered":"https:\/\/www.webdo.tn\/fr\/?p=379186"},"modified":"2025-07-07T12:27:36","modified_gmt":"2025-07-07T11:27:36","slug":"des-inondations-meurtrieres-au-texas-font-au-moins-78-morts","status":"publish","type":"post","link":"https:\/\/www.webdo.tn\/fr\/actualite\/international\/des-inondations-meurtrieres-au-texas-font-au-moins-78-morts\/379186\/","title":{"rendered":"Des inondations meurtri\u00e8res au Texas font au moins 78 morts"},"content":{"rendered":"\n<p><strong>Le Texas est en deuil apr\u00e8s des inondations d\u2019une violence exceptionnelle qui ont fait au moins 78 morts. Les secours poursuivent les recherches pour retrouver des dizaines de personnes toujours port\u00e9es disparues, notamment dans la ville de Kerrville, \u00e9picentre de la catastrophe.<\/strong><\/p>\n\n\n\n<p>Le centre-sud du Texas vit des heures sombres. Apr\u00e8s les pluies torrentielles qui se sont abattues sur la r\u00e9gion vendredi \u00e0 l\u2019aube, les autorit\u00e9s ont confirm\u00e9 un bilan d\u2019au moins 78 morts, tandis que des dizaines de personnes sont encore port\u00e9es disparues.<\/p>\n\n\n\n<p>La ville de Kerrville, nich\u00e9e au c\u0153ur des collines du Hill Country, paie le plus lourd tribut. Le sh\u00e9rif du comt\u00e9 de Kerr, Larry Leitha, a annonc\u00e9 que 68 personnes avaient p\u00e9ri dans cette seule localit\u00e9, dont 28 enfants. La mont\u00e9e soudaine des eaux du fleuve Guadalupe, transform\u00e9 en torrent en moins d\u2019une heure, a submerg\u00e9 de nombreuses habitations et infrastructures.<\/p>\n\n\n\n<p>Parmi les lieux les plus touch\u00e9s figure le Camp Mystic, une colonie de vacances chr\u00e9tienne pour jeunes filles, fond\u00e9e il y a pr\u00e8s d\u2019un si\u00e8cle sur les rives du fleuve. Initialement, une vingtaine de jeunes filles y avaient \u00e9t\u00e9 signal\u00e9es disparues.<\/p>\n\n\n\n<p>Les intemp\u00e9ries ont \u00e9galement fait dix victimes suppl\u00e9mentaires dans quatre comt\u00e9s voisins, selon les services de l\u2019\u00c9tat, et au moins 41 personnes restaient disparues hors du comt\u00e9 de Kerr.<\/p>\n\n\n\n<p>Freeman Martin, directeur du d\u00e9partement de la s\u00e9curit\u00e9 publique du Texas, a averti que le bilan pourrait encore s\u2019alourdir \u00e0 mesure que les eaux se retirent et que les op\u00e9rations de secours progressent.<\/p>\n\n\n\n<p>Les autorit\u00e9s mettent d\u00e9sormais en garde contre le risque de nouvelles crues soudaines, m\u00eame en cas de pluies mod\u00e9r\u00e9es, en raison de la saturation extr\u00eame des sols.<\/p>\n","protected":false},"excerpt":{"rendered":"<p>Le Texas est en deuil apr\u00e8s des inondations d\u2019une violence exceptionnelle qui ont fait au moins 78 morts. Les secours poursuivent les recherches pour retrouver des dizaines de personnes toujours port\u00e9es disparues, notamment dans la ville de Kerrville, \u00e9picentre de la catastrophe. Le centre-sud du Texas vit des heures sombres. Apr\u00e8s les pluies torrentielles qui [&hellip;]<\/p>\n","protected":false},"author":3191,"featured_media":379187,"comment_status":"open","ping_status":"open","sticky":false,"template":"","format":"standard","meta":{"footnotes":""},"categories":[2598],"tags":[3035,3164,3208,7524],"class_list":["post-379186","post","type-post","status-publish","format-standard","has-post-thumbnail","hentry","category-international","tag-etats-unis","tag-inondations","tag-morts","tag-texas"],"yoast_head":"<!-- This site is optimized with the Yoast SEO Premium plugin v27.4 (Yoast SEO v27.5) - https:\/\/yoast.com\/product\/yoast-seo-premium-wordpress\/ -->\n<title>Des inondations meurtri\u00e8res au Texas font au moins 78 morts - webdo<\/title>\n<meta name=\"description\" content=\"Les inondations meurtri\u00e8res au Texas ont caus\u00e9 78 d\u00e9c\u00e8s. D\u00e9couvrez les d\u00e9tails de cette trag\u00e9die et son impact sur la r\u00e9gion.\" \/>\n<link rel=\"canonical\" href=\"https:\/\/www.webdo.tn\/fr\/actualite\/international\/des-inondations-meurtrieres-au-texas-font-au-moins-78-morts\/379186\/\" \/>\n<meta property=\"og:locale\" content=\"fr_FR\" \/>\n<meta property=\"og:type\" content=\"article\" \/>\n<meta property=\"og:title\" content=\"Des inondations meurtri\u00e8res au Texas font au moins 78 morts\" \/>\n<meta property=\"og:description\" content=\"Les inondations meurtri\u00e8res au Texas ont caus\u00e9 78 d\u00e9c\u00e8s. D\u00e9couvrez les d\u00e9tails de cette trag\u00e9die et son impact sur la r\u00e9gion.\" \/>\n<meta property=\"og:url\" content=\"https:\/\/www.webdo.tn\/fr\/actualite\/international\/des-inondations-meurtrieres-au-texas-font-au-moins-78-morts\/379186\/\" \/>\n<meta property=\"og:site_name\" content=\"webdo\" \/>\n<meta property=\"article:publisher\" content=\"https:\/\/www.facebook.com\/webdotn\" \/>\n<meta property=\"article:published_time\" content=\"2025-07-07T11:27:34+00:00\" \/>\n<meta property=\"article:modified_time\" content=\"2025-07-07T11:27:36+00:00\" \/>\n<meta property=\"og:image\" content=\"https:\/\/www.webdo.tn\/fr\/wp-content\/uploads\/2025\/07\/Texas.jpg\" \/>\n\t<meta property=\"og:image:width\" content=\"932\" \/>\n\t<meta property=\"og:image:height\" content=\"582\" \/>\n\t<meta property=\"og:image:type\" content=\"image\/jpeg\" \/>\n<meta name=\"author\" content=\"Mohamed Hedi Touati\" \/>\n<meta name=\"twitter:card\" content=\"summary_large_image\" \/>\n<meta name=\"twitter:creator\" content=\"@webdo_tn\" \/>\n<meta name=\"twitter:site\" content=\"@webdo_tn\" \/>\n<meta name=\"twitter:label1\" content=\"\u00c9crit par\" \/>\n\t<meta name=\"twitter:data1\" content=\"Mohamed Hedi Touati\" \/>\n\t<meta name=\"twitter:label2\" content=\"Dur\u00e9e de lecture estim\u00e9e\" \/>\n\t<meta name=\"twitter:data2\" content=\"2 minutes\" \/>\n<script type=\"application\/ld+json\" class=\"yoast-schema-graph\">{\"@context\":\"https:\\\/\\\/schema.org\",\"@graph\":[{\"@type\":\"NewsArticle\",\"@id\":\"https:\\\/\\\/www.webdo.tn\\\/fr\\\/actualite\\\/international\\\/des-inondations-meurtrieres-au-texas-font-au-moins-78-morts\\\/379186\\\/#article\",\"isPartOf\":{\"@id\":\"https:\\\/\\\/www.webdo.tn\\\/fr\\\/actualite\\\/international\\\/des-inondations-meurtrieres-au-texas-font-au-moins-78-morts\\\/379186\\\/\"},\"author\":{\"name\":\"Mohamed Hedi Touati\",\"@id\":\"https:\\\/\\\/www.webdo.tn\\\/fr\\\/#\\\/schema\\\/person\\\/c652cd8fc2b1b44412b5ffb48c5a911d\"},\"headline\":\"Des inondations meurtri\u00e8res au Texas font au moins 78 morts\",\"datePublished\":\"2025-07-07T11:27:34+00:00\",\"dateModified\":\"2025-07-07T11:27:36+00:00\",\"mainEntityOfPage\":{\"@id\":\"https:\\\/\\\/www.webdo.tn\\\/fr\\\/actualite\\\/international\\\/des-inondations-meurtrieres-au-texas-font-au-moins-78-morts\\\/379186\\\/\"},\"wordCount\":314,\"commentCount\":0,\"publisher\":{\"@id\":\"https:\\\/\\\/www.webdo.tn\\\/fr\\\/#organization\"},\"image\":{\"@id\":\"https:\\\/\\\/www.webdo.tn\\\/fr\\\/actualite\\\/international\\\/des-inondations-meurtrieres-au-texas-font-au-moins-78-morts\\\/379186\\\/#primaryimage\"},\"thumbnailUrl\":\"https:\\\/\\\/www.webdo.tn\\\/fr\\\/wp-content\\\/uploads\\\/2025\\\/07\\\/Texas.jpg\",\"keywords\":[\"Etats-Unis\",\"Inondations\",\"morts\",\"Texas\"],\"articleSection\":[\"International\"],\"inLanguage\":\"fr-FR\"},{\"@type\":\"WebPage\",\"@id\":\"https:\\\/\\\/www.webdo.tn\\\/fr\\\/actualite\\\/international\\\/des-inondations-meurtrieres-au-texas-font-au-moins-78-morts\\\/379186\\\/\",\"url\":\"https:\\\/\\\/www.webdo.tn\\\/fr\\\/actualite\\\/international\\\/des-inondations-meurtrieres-au-texas-font-au-moins-78-morts\\\/379186\\\/\",\"name\":\"Des inondations meurtri\u00e8res au Texas font au moins 78 morts - webdo\",\"isPartOf\":{\"@id\":\"https:\\\/\\\/www.webdo.tn\\\/fr\\\/#website\"},\"primaryImageOfPage\":{\"@id\":\"https:\\\/\\\/www.webdo.tn\\\/fr\\\/actualite\\\/international\\\/des-inondations-meurtrieres-au-texas-font-au-moins-78-morts\\\/379186\\\/#primaryimage\"},\"image\":{\"@id\":\"https:\\\/\\\/www.webdo.tn\\\/fr\\\/actualite\\\/international\\\/des-inondations-meurtrieres-au-texas-font-au-moins-78-morts\\\/379186\\\/#primaryimage\"},\"thumbnailUrl\":\"https:\\\/\\\/www.webdo.tn\\\/fr\\\/wp-content\\\/uploads\\\/2025\\\/07\\\/Texas.jpg\",\"datePublished\":\"2025-07-07T11:27:34+00:00\",\"dateModified\":\"2025-07-07T11:27:36+00:00\",\"description\":\"Les inondations meurtri\u00e8res au Texas ont caus\u00e9 78 d\u00e9c\u00e8s. D\u00e9couvrez les d\u00e9tails de cette trag\u00e9die et son impact sur la r\u00e9gion.\",\"breadcrumb\":{\"@id\":\"https:\\\/\\\/www.webdo.tn\\\/fr\\\/actualite\\\/international\\\/des-inondations-meurtrieres-au-texas-font-au-moins-78-morts\\\/379186\\\/#breadcrumb\"},\"inLanguage\":\"fr-FR\",\"potentialAction\":[{\"@type\":\"ReadAction\",\"target\":[\"https:\\\/\\\/www.webdo.tn\\\/fr\\\/actualite\\\/international\\\/des-inondations-meurtrieres-au-texas-font-au-moins-78-morts\\\/379186\\\/\"]}]},{\"@type\":\"ImageObject\",\"inLanguage\":\"fr-FR\",\"@id\":\"https:\\\/\\\/www.webdo.tn\\\/fr\\\/actualite\\\/international\\\/des-inondations-meurtrieres-au-texas-font-au-moins-78-morts\\\/379186\\\/#primaryimage\",\"url\":\"https:\\\/\\\/www.webdo.tn\\\/fr\\\/wp-content\\\/uploads\\\/2025\\\/07\\\/Texas.jpg\",\"contentUrl\":\"https:\\\/\\\/www.webdo.tn\\\/fr\\\/wp-content\\\/uploads\\\/2025\\\/07\\\/Texas.jpg\",\"width\":932,\"height\":582,\"caption\":\"Une voiture emport\u00e9e par les flots dans la rivi\u00e8re Guadalupe. REUTERS\"},{\"@type\":\"BreadcrumbList\",\"@id\":\"https:\\\/\\\/www.webdo.tn\\\/fr\\\/actualite\\\/international\\\/des-inondations-meurtrieres-au-texas-font-au-moins-78-morts\\\/379186\\\/#breadcrumb\",\"itemListElement\":[{\"@type\":\"ListItem\",\"position\":1,\"name\":\"Accueil\",\"item\":\"https:\\\/\\\/www.webdo.tn\\\/fr\\\/\"},{\"@type\":\"ListItem\",\"position\":2,\"name\":\"Des inondations meurtri\u00e8res au Texas font au moins 78 morts\"}]},{\"@type\":\"WebSite\",\"@id\":\"https:\\\/\\\/www.webdo.tn\\\/fr\\\/#website\",\"url\":\"https:\\\/\\\/www.webdo.tn\\\/fr\\\/\",\"name\":\"webdo\",\"description\":\"Tunisie - News en Tunisie et \u00e0 l&#039;international sur Webdo.tn\",\"publisher\":{\"@id\":\"https:\\\/\\\/www.webdo.tn\\\/fr\\\/#organization\"},\"potentialAction\":[{\"@type\":\"SearchAction\",\"target\":{\"@type\":\"EntryPoint\",\"urlTemplate\":\"https:\\\/\\\/www.webdo.tn\\\/fr\\\/?s={search_term_string}\"},\"query-input\":{\"@type\":\"PropertyValueSpecification\",\"valueRequired\":true,\"valueName\":\"search_term_string\"}}],\"inLanguage\":\"fr-FR\"},{\"@type\":\"Organization\",\"@id\":\"https:\\\/\\\/www.webdo.tn\\\/fr\\\/#organization\",\"name\":\"Webdo\",\"alternateName\":\"Webdo.tn\",\"url\":\"https:\\\/\\\/www.webdo.tn\\\/fr\\\/\",\"logo\":{\"@type\":\"ImageObject\",\"inLanguage\":\"fr-FR\",\"@id\":\"https:\\\/\\\/www.webdo.tn\\\/fr\\\/#\\\/schema\\\/logo\\\/image\\\/\",\"url\":\"https:\\\/\\\/www.webdo.tn\\\/fr\\\/wp-content\\\/uploads\\\/2025\\\/06\\\/Webdo-Tunisie_168377.jpg\",\"contentUrl\":\"https:\\\/\\\/www.webdo.tn\\\/fr\\\/wp-content\\\/uploads\\\/2025\\\/06\\\/Webdo-Tunisie_168377.jpg\",\"width\":301,\"height\":301,\"caption\":\"Webdo\"},\"image\":{\"@id\":\"https:\\\/\\\/www.webdo.tn\\\/fr\\\/#\\\/schema\\\/logo\\\/image\\\/\"},\"sameAs\":[\"https:\\\/\\\/www.facebook.com\\\/webdotn\",\"https:\\\/\\\/x.com\\\/webdo_tn\"],\"description\":\"Webdo est un m\u00e9dia num\u00e9rique tunisien fond\u00e9 en 2010, sp\u00e9cialis\u00e9 dans l\u2019actualit\u00e9 nationale et internationale, l\u2019\u00e9conomie, la soci\u00e9t\u00e9 et les analyses politiques. Le site s\u2019adresse \u00e0 un large public francophone et couvre l\u2019information tunisienne en temps r\u00e9el.\",\"email\":\"redac@webdo.tn\",\"legalName\":\"YNJ SARL\",\"foundingDate\":\"2010-09-06\",\"numberOfEmployees\":{\"@type\":\"QuantitativeValue\",\"minValue\":\"11\",\"maxValue\":\"50\"}},{\"@type\":\"Person\",\"@id\":\"https:\\\/\\\/www.webdo.tn\\\/fr\\\/#\\\/schema\\\/person\\\/c652cd8fc2b1b44412b5ffb48c5a911d\",\"name\":\"Mohamed Hedi Touati\",\"image\":{\"@type\":\"ImageObject\",\"inLanguage\":\"fr-FR\",\"@id\":\"https:\\\/\\\/secure.gravatar.com\\\/avatar\\\/9cfd402c745b7a685f13eed0ea6e59d2144a3c2fc50a3db6fd5ed451f6cddf1a?s=96&d=mm&r=g\",\"url\":\"https:\\\/\\\/secure.gravatar.com\\\/avatar\\\/9cfd402c745b7a685f13eed0ea6e59d2144a3c2fc50a3db6fd5ed451f6cddf1a?s=96&d=mm&r=g\",\"contentUrl\":\"https:\\\/\\\/secure.gravatar.com\\\/avatar\\\/9cfd402c745b7a685f13eed0ea6e59d2144a3c2fc50a3db6fd5ed451f6cddf1a?s=96&d=mm&r=g\",\"caption\":\"Mohamed Hedi Touati\"},\"url\":\"https:\\\/\\\/www.webdo.tn\\\/fr\\\/actualite\\\/author\\\/mohamed-hedi-touati\\\/\"}]}<\/script>\n<!-- \/ Yoast SEO Premium plugin. -->","yoast_head_json":{"title":"Des inondations meurtri\u00e8res au Texas font au moins 78 morts - webdo","description":"Les inondations meurtri\u00e8res au Texas ont caus\u00e9 78 d\u00e9c\u00e8s. D\u00e9couvrez les d\u00e9tails de cette trag\u00e9die et son impact sur la r\u00e9gion.","canonical":"https:\/\/www.webdo.tn\/fr\/actualite\/international\/des-inondations-meurtrieres-au-texas-font-au-moins-78-morts\/379186\/","og_locale":"fr_FR","og_type":"article","og_title":"Des inondations meurtri\u00e8res au Texas font au moins 78 morts","og_description":"Les inondations meurtri\u00e8res au Texas ont caus\u00e9 78 d\u00e9c\u00e8s. D\u00e9couvrez les d\u00e9tails de cette trag\u00e9die et son impact sur la r\u00e9gion.","og_url":"https:\/\/www.webdo.tn\/fr\/actualite\/international\/des-inondations-meurtrieres-au-texas-font-au-moins-78-morts\/379186\/","og_site_name":"webdo","article_publisher":"https:\/\/www.facebook.com\/webdotn","article_published_time":"2025-07-07T11:27:34+00:00","article_modified_time":"2025-07-07T11:27:36+00:00","og_image":[{"width":932,"height":582,"url":"https:\/\/www.webdo.tn\/fr\/wp-content\/uploads\/2025\/07\/Texas.jpg","type":"image\/jpeg"}],"author":"Mohamed Hedi Touati","twitter_card":"summary_large_image","twitter_creator":"@webdo_tn","twitter_site":"@webdo_tn","twitter_misc":{"\u00c9crit par":"Mohamed Hedi Touati","Dur\u00e9e de lecture estim\u00e9e":"2 minutes"},"schema":{"@context":"https:\/\/schema.org","@graph":[{"@type":"NewsArticle","@id":"https:\/\/www.webdo.tn\/fr\/actualite\/international\/des-inondations-meurtrieres-au-texas-font-au-moins-78-morts\/379186\/#article","isPartOf":{"@id":"https:\/\/www.webdo.tn\/fr\/actualite\/international\/des-inondations-meurtrieres-au-texas-font-au-moins-78-morts\/379186\/"},"author":{"name":"Mohamed Hedi Touati","@id":"https:\/\/www.webdo.tn\/fr\/#\/schema\/person\/c652cd8fc2b1b44412b5ffb48c5a911d"},"headline":"Des inondations meurtri\u00e8res au Texas font au moins 78 morts","datePublished":"2025-07-07T11:27:34+00:00","dateModified":"2025-07-07T11:27:36+00:00","mainEntityOfPage":{"@id":"https:\/\/www.webdo.tn\/fr\/actualite\/international\/des-inondations-meurtrieres-au-texas-font-au-moins-78-morts\/379186\/"},"wordCount":314,"commentCount":0,"publisher":{"@id":"https:\/\/www.webdo.tn\/fr\/#organization"},"image":{"@id":"https:\/\/www.webdo.tn\/fr\/actualite\/international\/des-inondations-meurtrieres-au-texas-font-au-moins-78-morts\/379186\/#primaryimage"},"thumbnailUrl":"https:\/\/www.webdo.tn\/fr\/wp-content\/uploads\/2025\/07\/Texas.jpg","keywords":["Etats-Unis","Inondations","morts","Texas"],"articleSection":["International"],"inLanguage":"fr-FR"},{"@type":"WebPage","@id":"https:\/\/www.webdo.tn\/fr\/actualite\/international\/des-inondations-meurtrieres-au-texas-font-au-moins-78-morts\/379186\/","url":"https:\/\/www.webdo.tn\/fr\/actualite\/international\/des-inondations-meurtrieres-au-texas-font-au-moins-78-morts\/379186\/","name":"Des inondations meurtri\u00e8res au Texas font au moins 78 morts - webdo","isPartOf":{"@id":"https:\/\/www.webdo.tn\/fr\/#website"},"primaryImageOfPage":{"@id":"https:\/\/www.webdo.tn\/fr\/actualite\/international\/des-inondations-meurtrieres-au-texas-font-au-moins-78-morts\/379186\/#primaryimage"},"image":{"@id":"https:\/\/www.webdo.tn\/fr\/actualite\/international\/des-inondations-meurtrieres-au-texas-font-au-moins-78-morts\/379186\/#primaryimage"},"thumbnailUrl":"https:\/\/www.webdo.tn\/fr\/wp-content\/uploads\/2025\/07\/Texas.jpg","datePublished":"2025-07-07T11:27:34+00:00","dateModified":"2025-07-07T11:27:36+00:00","description":"Les inondations meurtri\u00e8res au Texas ont caus\u00e9 78 d\u00e9c\u00e8s. D\u00e9couvrez les d\u00e9tails de cette trag\u00e9die et son impact sur la r\u00e9gion.","breadcrumb":{"@id":"https:\/\/www.webdo.tn\/fr\/actualite\/international\/des-inondations-meurtrieres-au-texas-font-au-moins-78-morts\/379186\/#breadcrumb"},"inLanguage":"fr-FR","potentialAction":[{"@type":"ReadAction","target":["https:\/\/www.webdo.tn\/fr\/actualite\/international\/des-inondations-meurtrieres-au-texas-font-au-moins-78-morts\/379186\/"]}]},{"@type":"ImageObject","inLanguage":"fr-FR","@id":"https:\/\/www.webdo.tn\/fr\/actualite\/international\/des-inondations-meurtrieres-au-texas-font-au-moins-78-morts\/379186\/#primaryimage","url":"https:\/\/www.webdo.tn\/fr\/wp-content\/uploads\/2025\/07\/Texas.jpg","contentUrl":"https:\/\/www.webdo.tn\/fr\/wp-content\/uploads\/2025\/07\/Texas.jpg","width":932,"height":582,"caption":"Une voiture emport\u00e9e par les flots dans la rivi\u00e8re Guadalupe. REUTERS"},{"@type":"BreadcrumbList","@id":"https:\/\/www.webdo.tn\/fr\/actualite\/international\/des-inondations-meurtrieres-au-texas-font-au-moins-78-morts\/379186\/#breadcrumb","itemListElement":[{"@type":"ListItem","position":1,"name":"Accueil","item":"https:\/\/www.webdo.tn\/fr\/"},{"@type":"ListItem","position":2,"name":"Des inondations meurtri\u00e8res au Texas font au moins 78 morts"}]},{"@type":"WebSite","@id":"https:\/\/www.webdo.tn\/fr\/#website","url":"https:\/\/www.webdo.tn\/fr\/","name":"webdo","description":"Tunisie - News en Tunisie et \u00e0 l&#039;international sur Webdo.tn","publisher":{"@id":"https:\/\/www.webdo.tn\/fr\/#organization"},"potentialAction":[{"@type":"SearchAction","target":{"@type":"EntryPoint","urlTemplate":"https:\/\/www.webdo.tn\/fr\/?s={search_term_string}"},"query-input":{"@type":"PropertyValueSpecification","valueRequired":true,"valueName":"search_term_string"}}],"inLanguage":"fr-FR"},{"@type":"Organization","@id":"https:\/\/www.webdo.tn\/fr\/#organization","name":"Webdo","alternateName":"Webdo.tn","url":"https:\/\/www.webdo.tn\/fr\/","logo":{"@type":"ImageObject","inLanguage":"fr-FR","@id":"https:\/\/www.webdo.tn\/fr\/#\/schema\/logo\/image\/","url":"https:\/\/www.webdo.tn\/fr\/wp-content\/uploads\/2025\/06\/Webdo-Tunisie_168377.jpg","contentUrl":"https:\/\/www.webdo.tn\/fr\/wp-content\/uploads\/2025\/06\/Webdo-Tunisie_168377.jpg","width":301,"height":301,"caption":"Webdo"},"image":{"@id":"https:\/\/www.webdo.tn\/fr\/#\/schema\/logo\/image\/"},"sameAs":["https:\/\/www.facebook.com\/webdotn","https:\/\/x.com\/webdo_tn"],"description":"Webdo est un m\u00e9dia num\u00e9rique tunisien fond\u00e9 en 2010, sp\u00e9cialis\u00e9 dans l\u2019actualit\u00e9 nationale et internationale, l\u2019\u00e9conomie, la soci\u00e9t\u00e9 et les analyses politiques. Le site s\u2019adresse \u00e0 un large public francophone et couvre l\u2019information tunisienne en temps r\u00e9el.","email":"redac@webdo.tn","legalName":"YNJ SARL","foundingDate":"2010-09-06","numberOfEmployees":{"@type":"QuantitativeValue","minValue":"11","maxValue":"50"}},{"@type":"Person","@id":"https:\/\/www.webdo.tn\/fr\/#\/schema\/person\/c652cd8fc2b1b44412b5ffb48c5a911d","name":"Mohamed Hedi Touati","image":{"@type":"ImageObject","inLanguage":"fr-FR","@id":"https:\/\/secure.gravatar.com\/avatar\/9cfd402c745b7a685f13eed0ea6e59d2144a3c2fc50a3db6fd5ed451f6cddf1a?s=96&d=mm&r=g","url":"https:\/\/secure.gravatar.com\/avatar\/9cfd402c745b7a685f13eed0ea6e59d2144a3c2fc50a3db6fd5ed451f6cddf1a?s=96&d=mm&r=g","contentUrl":"https:\/\/secure.gravatar.com\/avatar\/9cfd402c745b7a685f13eed0ea6e59d2144a3c2fc50a3db6fd5ed451f6cddf1a?s=96&d=mm&r=g","caption":"Mohamed Hedi Touati"},"url":"https:\/\/www.webdo.tn\/fr\/actualite\/author\/mohamed-hedi-touati\/"}]}},"_links":{"self":[{"href":"https:\/\/www.webdo.tn\/fr\/wp-json\/wp\/v2\/posts\/379186","targetHints":{"allow":["GET"]}}],"collection":[{"href":"https:\/\/www.webdo.tn\/fr\/wp-json\/wp\/v2\/posts"}],"about":[{"href":"https:\/\/www.webdo.tn\/fr\/wp-json\/wp\/v2\/types\/post"}],"author":[{"embeddable":true,"href":"https:\/\/www.webdo.tn\/fr\/wp-json\/wp\/v2\/users\/3191"}],"replies":[{"embeddable":true,"href":"https:\/\/www.webdo.tn\/fr\/wp-json\/wp\/v2\/comments?post=379186"}],"version-history":[{"count":0,"href":"https:\/\/www.webdo.tn\/fr\/wp-json\/wp\/v2\/posts\/379186\/revisions"}],"wp:featuredmedia":[{"embeddable":true,"href":"https:\/\/www.webdo.tn\/fr\/wp-json\/wp\/v2\/media\/379187"}],"wp:attachment":[{"href":"https:\/\/www.webdo.tn\/fr\/wp-json\/wp\/v2\/media?parent=379186"}],"wp:term":[{"taxonomy":"category","embeddable":true,"href":"https:\/\/www.webdo.tn\/fr\/wp-json\/wp\/v2\/categories?post=379186"},{"taxonomy":"post_tag","embeddable":true,"href":"https:\/\/www.webdo.tn\/fr\/wp-json\/wp\/v2\/tags?post=379186"}],"curies":[{"name":"wp","href":"https:\/\/api.w.org\/{rel}","templated":true}]}}