{"id":379165,"date":"2025-07-07T10:35:27","date_gmt":"2025-07-07T09:35:27","guid":{"rendered":"https:\/\/www.webdo.tn\/fr\/?p=379165"},"modified":"2025-07-08T07:45:20","modified_gmt":"2025-07-08T06:45:20","slug":"vertical-blue-2025-walid-boudhiaf-plonge-a-118-metres-et-offre-un-record-historique-a-la-tunisie","status":"publish","type":"post","link":"https:\/\/www.webdo.tn\/fr\/actualite\/sport\/vertical-blue-2025-walid-boudhiaf-plonge-a-118-metres-et-offre-un-record-historique-a-la-tunisie\/379165\/","title":{"rendered":"Vertical Blue 2025 : Walid Boudhiaf plonge \u00e0 118 m\u00e8tres et offre un record historique \u00e0 la Tunisie"},"content":{"rendered":"\n<p><strong>Lors de la prestigieuse comp\u00e9tition Vertical Blue aux Bahamas, l\u2019apn\u00e9iste tunisien Walid Boudhiaf a atteint une profondeur de 118 m\u00e8tres en poids constant avec palmes (CWT), \u00e9tablissant un nouveau record national et marquant une \u00e9tape majeure pour la Tunisie dans le monde de l\u2019apn\u00e9e en profondeur.<\/strong><\/p>\n\n\n\n<p>La Tunisie s\u2019est illustr\u00e9e sur la sc\u00e8ne mondiale de l\u2019apn\u00e9e gr\u00e2ce \u00e0 la performance remarquable de Walid Boudhiaf. Engag\u00e9 dans la comp\u00e9tition Vertical Blue 2025, l\u2019une des plus renomm\u00e9es au monde dans la discipline, l\u2019athl\u00e8te tunisien a atteint 118 m\u00e8tres de profondeur en poids constant avec palmes (CWT), signant un nouveau record national.<\/p>\n\n\n\n<p>L\u2019exploit a \u00e9t\u00e9 r\u00e9alis\u00e9 dans les eaux cristallines du Dean\u2019s Blue Hole, sur l\u2019\u00eele de Long Island, un site mythique pour les sp\u00e9cialistes de l\u2019apn\u00e9e. La comp\u00e9tition, qui se tient du 1er au 11 juillet, est organis\u00e9e par le N\u00e9o-Z\u00e9landais William Trubridge, figure embl\u00e9matique de la discipline et d\u00e9tenteur de 18 titres mondiaux. Plac\u00e9 sous l\u2019\u00e9gide de la Conf\u00e9d\u00e9ration mondiale des activit\u00e9s subaquatiques (CMAS), l\u2019\u00e9v\u00e9nement r\u00e9unit chaque ann\u00e9e l\u2019\u00e9lite de l\u2019apn\u00e9e en profondeur.<\/p>\n\n\n\n<p>Trois \u00e9preuves sont au programme : le poids constant avec palmes (CWT), le poids constant sans palmes (CNF) et l\u2019immersion libre (FIM). Les performances r\u00e9alis\u00e9es peuvent \u00eatre homologu\u00e9es comme records nationaux, continentaux ou mondiaux selon les crit\u00e8res stricts de la CMAS.<\/p>\n\n\n\n<p>En atteignant 118 m\u00e8tres, Walid Boudhiaf inscrit son nom au panth\u00e9on de l\u2019apn\u00e9e tunisienne et arabe. La Tunisie est l\u2019un des deux seuls pays du monde arabe repr\u00e9sent\u00e9s cette ann\u00e9e, aux c\u00f4t\u00e9s de l\u2019Arabie saoudite. Une performance qui consacre des ann\u00e9es de travail et de discipline, et qui conf\u00e8re \u00e0 la Tunisie une place de choix dans une discipline aussi exigeante que spectaculaire.<\/p>\n\n\n\n<p>Parmi les athl\u00e8tes pr\u00e9sents \u00e0 cette \u00e9dition figurent des r\u00e9f\u00e9rences mondiales comme Alenka Artnik (Slov\u00e9nie), Arnaud Jerald (France), Alice Modolo (France) et Filippo Carletti (Italie), aux c\u00f4t\u00e9s du l\u00e9gendaire Trubridge.<\/p>\n\n\n\n<p>A l\u2019issue de sa plong\u00e9e, Boudhiaf a fi\u00e8rement brandi le drapeau tunisien, symbole d\u2019une victoire personnelle, mais aussi d\u2019un jalon historique pour le sport subaquatique national. Son record inspire une nouvelle g\u00e9n\u00e9ration de plongeurs tunisiens, d\u00e9termin\u00e9s \u00e0 \u00e9crire, eux aussi, leur page dans l\u2019histoire de l\u2019apn\u00e9e.<\/p>\n\n\n\n<iframe src=\"https:\/\/www.facebook.com\/plugins\/video.php?height=476&#038;href=https%3A%2F%2Fwww.facebook.com%2Fhajer.1119%2Fvideos%2F1417812432836464%2F&#038;show_text=false&#038;width=267&#038;t=0\" width=\"267\" height=\"476\" style=\"border:none;overflow:hidden\" scrolling=\"no\" frameborder=\"0\" allowfullscreen=\"true\" allow=\"autoplay; clipboard-write; encrypted-media; picture-in-picture; web-share\" allowFullScreen=\"true\"><\/iframe>\n","protected":false},"excerpt":{"rendered":"<p>Lors de la prestigieuse comp\u00e9tition Vertical Blue aux Bahamas, l\u2019apn\u00e9iste tunisien Walid Boudhiaf a atteint une profondeur de 118 m\u00e8tres en poids constant avec palmes (CWT), \u00e9tablissant un nouveau record national et marquant une \u00e9tape majeure pour la Tunisie dans le monde de l\u2019apn\u00e9e en profondeur. La Tunisie s\u2019est illustr\u00e9e sur la sc\u00e8ne mondiale de [&hellip;]<\/p>\n","protected":false},"author":3191,"featured_media":379166,"comment_status":"open","ping_status":"open","sticky":false,"template":"","format":"standard","meta":{"footnotes":""},"categories":[2593],"tags":[5942,6388,2608,5943],"class_list":["post-379165","post","type-post","status-publish","format-standard","has-post-thumbnail","hentry","category-sport","tag-apnee","tag-record","tag-tunisie","tag-walid-boudhiaf"],"yoast_head":"<!-- This site is optimized with the Yoast SEO Premium plugin v27.4 (Yoast SEO v27.5) - https:\/\/yoast.com\/product\/yoast-seo-premium-wordpress\/ -->\n<title>Vertical Blue 2025 : Walid Boudhiaf plonge \u00e0 118 m\u00e8tres et offre un record historique \u00e0 la Tunisie - webdo<\/title>\n<meta name=\"description\" content=\"Walid Boudhiaf a marqu\u00e9 l&#039;histoire de l&#039;apn\u00e9e en atteignant 118 m\u00e8tres \u00e0 Vertical Blue. Un nouveau record national pour la Tunisie.\" \/>\n<link rel=\"canonical\" href=\"https:\/\/www.webdo.tn\/fr\/actualite\/sport\/vertical-blue-2025-walid-boudhiaf-plonge-a-118-metres-et-offre-un-record-historique-a-la-tunisie\/379165\/\" \/>\n<meta property=\"og:locale\" content=\"fr_FR\" \/>\n<meta property=\"og:type\" content=\"article\" \/>\n<meta property=\"og:title\" content=\"Vertical Blue 2025 : Walid Boudhiaf plonge \u00e0 118 m\u00e8tres et offre un record historique \u00e0 la Tunisie\" \/>\n<meta property=\"og:description\" content=\"Walid Boudhiaf a marqu\u00e9 l&#039;histoire de l&#039;apn\u00e9e en atteignant 118 m\u00e8tres \u00e0 Vertical Blue. Un nouveau record national pour la Tunisie.\" \/>\n<meta property=\"og:url\" content=\"https:\/\/www.webdo.tn\/fr\/actualite\/sport\/vertical-blue-2025-walid-boudhiaf-plonge-a-118-metres-et-offre-un-record-historique-a-la-tunisie\/379165\/\" \/>\n<meta property=\"og:site_name\" content=\"webdo\" \/>\n<meta property=\"article:publisher\" content=\"https:\/\/www.facebook.com\/webdotn\" \/>\n<meta property=\"article:published_time\" content=\"2025-07-07T09:35:27+00:00\" \/>\n<meta property=\"article:modified_time\" content=\"2025-07-08T06:45:20+00:00\" \/>\n<meta property=\"og:image\" content=\"https:\/\/www.webdo.tn\/fr\/wp-content\/uploads\/2025\/07\/Walid-Boudhiaf.jpg\" \/>\n\t<meta property=\"og:image:width\" content=\"1800\" \/>\n\t<meta property=\"og:image:height\" content=\"1188\" \/>\n\t<meta property=\"og:image:type\" content=\"image\/jpeg\" \/>\n<meta name=\"author\" content=\"Mohamed Hedi Touati\" \/>\n<meta name=\"twitter:card\" content=\"summary_large_image\" \/>\n<meta name=\"twitter:creator\" content=\"@webdo_tn\" \/>\n<meta name=\"twitter:site\" content=\"@webdo_tn\" \/>\n<meta name=\"twitter:label1\" content=\"\u00c9crit par\" \/>\n\t<meta name=\"twitter:data1\" content=\"Mohamed Hedi Touati\" \/>\n\t<meta name=\"twitter:label2\" content=\"Dur\u00e9e de lecture estim\u00e9e\" \/>\n\t<meta name=\"twitter:data2\" content=\"2 minutes\" \/>\n<script type=\"application\/ld+json\" class=\"yoast-schema-graph\">{\"@context\":\"https:\\\/\\\/schema.org\",\"@graph\":[{\"@type\":\"NewsArticle\",\"@id\":\"https:\\\/\\\/www.webdo.tn\\\/fr\\\/actualite\\\/sport\\\/vertical-blue-2025-walid-boudhiaf-plonge-a-118-metres-et-offre-un-record-historique-a-la-tunisie\\\/379165\\\/#article\",\"isPartOf\":{\"@id\":\"https:\\\/\\\/www.webdo.tn\\\/fr\\\/actualite\\\/sport\\\/vertical-blue-2025-walid-boudhiaf-plonge-a-118-metres-et-offre-un-record-historique-a-la-tunisie\\\/379165\\\/\"},\"author\":{\"name\":\"Mohamed Hedi Touati\",\"@id\":\"https:\\\/\\\/www.webdo.tn\\\/fr\\\/#\\\/schema\\\/person\\\/c652cd8fc2b1b44412b5ffb48c5a911d\"},\"headline\":\"Vertical Blue 2025 : Walid Boudhiaf plonge \u00e0 118 m\u00e8tres et offre un record historique \u00e0 la Tunisie\",\"datePublished\":\"2025-07-07T09:35:27+00:00\",\"dateModified\":\"2025-07-08T06:45:20+00:00\",\"mainEntityOfPage\":{\"@id\":\"https:\\\/\\\/www.webdo.tn\\\/fr\\\/actualite\\\/sport\\\/vertical-blue-2025-walid-boudhiaf-plonge-a-118-metres-et-offre-un-record-historique-a-la-tunisie\\\/379165\\\/\"},\"wordCount\":435,\"commentCount\":0,\"publisher\":{\"@id\":\"https:\\\/\\\/www.webdo.tn\\\/fr\\\/#organization\"},\"image\":{\"@id\":\"https:\\\/\\\/www.webdo.tn\\\/fr\\\/actualite\\\/sport\\\/vertical-blue-2025-walid-boudhiaf-plonge-a-118-metres-et-offre-un-record-historique-a-la-tunisie\\\/379165\\\/#primaryimage\"},\"thumbnailUrl\":\"https:\\\/\\\/www.webdo.tn\\\/fr\\\/wp-content\\\/uploads\\\/2025\\\/07\\\/Walid-Boudhiaf.jpg\",\"keywords\":[\"apn\u00e9e\",\"record\",\"Tunisie\",\"walid boudhiaf\"],\"articleSection\":[\"Sport\"],\"inLanguage\":\"fr-FR\"},{\"@type\":\"WebPage\",\"@id\":\"https:\\\/\\\/www.webdo.tn\\\/fr\\\/actualite\\\/sport\\\/vertical-blue-2025-walid-boudhiaf-plonge-a-118-metres-et-offre-un-record-historique-a-la-tunisie\\\/379165\\\/\",\"url\":\"https:\\\/\\\/www.webdo.tn\\\/fr\\\/actualite\\\/sport\\\/vertical-blue-2025-walid-boudhiaf-plonge-a-118-metres-et-offre-un-record-historique-a-la-tunisie\\\/379165\\\/\",\"name\":\"Vertical Blue 2025 : Walid Boudhiaf plonge \u00e0 118 m\u00e8tres et offre un record historique \u00e0 la Tunisie - webdo\",\"isPartOf\":{\"@id\":\"https:\\\/\\\/www.webdo.tn\\\/fr\\\/#website\"},\"primaryImageOfPage\":{\"@id\":\"https:\\\/\\\/www.webdo.tn\\\/fr\\\/actualite\\\/sport\\\/vertical-blue-2025-walid-boudhiaf-plonge-a-118-metres-et-offre-un-record-historique-a-la-tunisie\\\/379165\\\/#primaryimage\"},\"image\":{\"@id\":\"https:\\\/\\\/www.webdo.tn\\\/fr\\\/actualite\\\/sport\\\/vertical-blue-2025-walid-boudhiaf-plonge-a-118-metres-et-offre-un-record-historique-a-la-tunisie\\\/379165\\\/#primaryimage\"},\"thumbnailUrl\":\"https:\\\/\\\/www.webdo.tn\\\/fr\\\/wp-content\\\/uploads\\\/2025\\\/07\\\/Walid-Boudhiaf.jpg\",\"datePublished\":\"2025-07-07T09:35:27+00:00\",\"dateModified\":\"2025-07-08T06:45:20+00:00\",\"description\":\"Walid Boudhiaf a marqu\u00e9 l'histoire de l'apn\u00e9e en atteignant 118 m\u00e8tres \u00e0 Vertical Blue. Un nouveau record national pour la Tunisie.\",\"breadcrumb\":{\"@id\":\"https:\\\/\\\/www.webdo.tn\\\/fr\\\/actualite\\\/sport\\\/vertical-blue-2025-walid-boudhiaf-plonge-a-118-metres-et-offre-un-record-historique-a-la-tunisie\\\/379165\\\/#breadcrumb\"},\"inLanguage\":\"fr-FR\",\"potentialAction\":[{\"@type\":\"ReadAction\",\"target\":[\"https:\\\/\\\/www.webdo.tn\\\/fr\\\/actualite\\\/sport\\\/vertical-blue-2025-walid-boudhiaf-plonge-a-118-metres-et-offre-un-record-historique-a-la-tunisie\\\/379165\\\/\"]}]},{\"@type\":\"ImageObject\",\"inLanguage\":\"fr-FR\",\"@id\":\"https:\\\/\\\/www.webdo.tn\\\/fr\\\/actualite\\\/sport\\\/vertical-blue-2025-walid-boudhiaf-plonge-a-118-metres-et-offre-un-record-historique-a-la-tunisie\\\/379165\\\/#primaryimage\",\"url\":\"https:\\\/\\\/www.webdo.tn\\\/fr\\\/wp-content\\\/uploads\\\/2025\\\/07\\\/Walid-Boudhiaf.jpg\",\"contentUrl\":\"https:\\\/\\\/www.webdo.tn\\\/fr\\\/wp-content\\\/uploads\\\/2025\\\/07\\\/Walid-Boudhiaf.jpg\",\"width\":1800,\"height\":1188,\"caption\":\"Vertical Blue 2025 : Walid Boudhiaf plonge \u00e0 118 m\u00e8tres et offre un record historique \u00e0 la Tunisie\"},{\"@type\":\"BreadcrumbList\",\"@id\":\"https:\\\/\\\/www.webdo.tn\\\/fr\\\/actualite\\\/sport\\\/vertical-blue-2025-walid-boudhiaf-plonge-a-118-metres-et-offre-un-record-historique-a-la-tunisie\\\/379165\\\/#breadcrumb\",\"itemListElement\":[{\"@type\":\"ListItem\",\"position\":1,\"name\":\"Accueil\",\"item\":\"https:\\\/\\\/www.webdo.tn\\\/fr\\\/\"},{\"@type\":\"ListItem\",\"position\":2,\"name\":\"Vertical Blue 2025 : Walid Boudhiaf plonge \u00e0 118 m\u00e8tres et offre un record historique \u00e0 la Tunisie\"}]},{\"@type\":\"WebSite\",\"@id\":\"https:\\\/\\\/www.webdo.tn\\\/fr\\\/#website\",\"url\":\"https:\\\/\\\/www.webdo.tn\\\/fr\\\/\",\"name\":\"webdo\",\"description\":\"Tunisie - News en Tunisie et \u00e0 l&#039;international sur Webdo.tn\",\"publisher\":{\"@id\":\"https:\\\/\\\/www.webdo.tn\\\/fr\\\/#organization\"},\"potentialAction\":[{\"@type\":\"SearchAction\",\"target\":{\"@type\":\"EntryPoint\",\"urlTemplate\":\"https:\\\/\\\/www.webdo.tn\\\/fr\\\/?s={search_term_string}\"},\"query-input\":{\"@type\":\"PropertyValueSpecification\",\"valueRequired\":true,\"valueName\":\"search_term_string\"}}],\"inLanguage\":\"fr-FR\"},{\"@type\":\"Organization\",\"@id\":\"https:\\\/\\\/www.webdo.tn\\\/fr\\\/#organization\",\"name\":\"Webdo\",\"alternateName\":\"Webdo.tn\",\"url\":\"https:\\\/\\\/www.webdo.tn\\\/fr\\\/\",\"logo\":{\"@type\":\"ImageObject\",\"inLanguage\":\"fr-FR\",\"@id\":\"https:\\\/\\\/www.webdo.tn\\\/fr\\\/#\\\/schema\\\/logo\\\/image\\\/\",\"url\":\"https:\\\/\\\/www.webdo.tn\\\/fr\\\/wp-content\\\/uploads\\\/2025\\\/06\\\/Webdo-Tunisie_168377.jpg\",\"contentUrl\":\"https:\\\/\\\/www.webdo.tn\\\/fr\\\/wp-content\\\/uploads\\\/2025\\\/06\\\/Webdo-Tunisie_168377.jpg\",\"width\":301,\"height\":301,\"caption\":\"Webdo\"},\"image\":{\"@id\":\"https:\\\/\\\/www.webdo.tn\\\/fr\\\/#\\\/schema\\\/logo\\\/image\\\/\"},\"sameAs\":[\"https:\\\/\\\/www.facebook.com\\\/webdotn\",\"https:\\\/\\\/x.com\\\/webdo_tn\"],\"description\":\"Webdo est un m\u00e9dia num\u00e9rique tunisien fond\u00e9 en 2010, sp\u00e9cialis\u00e9 dans l\u2019actualit\u00e9 nationale et internationale, l\u2019\u00e9conomie, la soci\u00e9t\u00e9 et les analyses politiques. Le site s\u2019adresse \u00e0 un large public francophone et couvre l\u2019information tunisienne en temps r\u00e9el.\",\"email\":\"redac@webdo.tn\",\"legalName\":\"YNJ SARL\",\"foundingDate\":\"2010-09-06\",\"numberOfEmployees\":{\"@type\":\"QuantitativeValue\",\"minValue\":\"11\",\"maxValue\":\"50\"}},{\"@type\":\"Person\",\"@id\":\"https:\\\/\\\/www.webdo.tn\\\/fr\\\/#\\\/schema\\\/person\\\/c652cd8fc2b1b44412b5ffb48c5a911d\",\"name\":\"Mohamed Hedi Touati\",\"image\":{\"@type\":\"ImageObject\",\"inLanguage\":\"fr-FR\",\"@id\":\"https:\\\/\\\/secure.gravatar.com\\\/avatar\\\/9cfd402c745b7a685f13eed0ea6e59d2144a3c2fc50a3db6fd5ed451f6cddf1a?s=96&d=mm&r=g\",\"url\":\"https:\\\/\\\/secure.gravatar.com\\\/avatar\\\/9cfd402c745b7a685f13eed0ea6e59d2144a3c2fc50a3db6fd5ed451f6cddf1a?s=96&d=mm&r=g\",\"contentUrl\":\"https:\\\/\\\/secure.gravatar.com\\\/avatar\\\/9cfd402c745b7a685f13eed0ea6e59d2144a3c2fc50a3db6fd5ed451f6cddf1a?s=96&d=mm&r=g\",\"caption\":\"Mohamed Hedi Touati\"},\"url\":\"https:\\\/\\\/www.webdo.tn\\\/fr\\\/actualite\\\/author\\\/mohamed-hedi-touati\\\/\"}]}<\/script>\n<!-- \/ Yoast SEO Premium plugin. -->","yoast_head_json":{"title":"Vertical Blue 2025 : Walid Boudhiaf plonge \u00e0 118 m\u00e8tres et offre un record historique \u00e0 la Tunisie - webdo","description":"Walid Boudhiaf a marqu\u00e9 l'histoire de l'apn\u00e9e en atteignant 118 m\u00e8tres \u00e0 Vertical Blue. Un nouveau record national pour la Tunisie.","canonical":"https:\/\/www.webdo.tn\/fr\/actualite\/sport\/vertical-blue-2025-walid-boudhiaf-plonge-a-118-metres-et-offre-un-record-historique-a-la-tunisie\/379165\/","og_locale":"fr_FR","og_type":"article","og_title":"Vertical Blue 2025 : Walid Boudhiaf plonge \u00e0 118 m\u00e8tres et offre un record historique \u00e0 la Tunisie","og_description":"Walid Boudhiaf a marqu\u00e9 l'histoire de l'apn\u00e9e en atteignant 118 m\u00e8tres \u00e0 Vertical Blue. Un nouveau record national pour la Tunisie.","og_url":"https:\/\/www.webdo.tn\/fr\/actualite\/sport\/vertical-blue-2025-walid-boudhiaf-plonge-a-118-metres-et-offre-un-record-historique-a-la-tunisie\/379165\/","og_site_name":"webdo","article_publisher":"https:\/\/www.facebook.com\/webdotn","article_published_time":"2025-07-07T09:35:27+00:00","article_modified_time":"2025-07-08T06:45:20+00:00","og_image":[{"width":1800,"height":1188,"url":"https:\/\/www.webdo.tn\/fr\/wp-content\/uploads\/2025\/07\/Walid-Boudhiaf.jpg","type":"image\/jpeg"}],"author":"Mohamed Hedi Touati","twitter_card":"summary_large_image","twitter_creator":"@webdo_tn","twitter_site":"@webdo_tn","twitter_misc":{"\u00c9crit par":"Mohamed Hedi Touati","Dur\u00e9e de lecture estim\u00e9e":"2 minutes"},"schema":{"@context":"https:\/\/schema.org","@graph":[{"@type":"NewsArticle","@id":"https:\/\/www.webdo.tn\/fr\/actualite\/sport\/vertical-blue-2025-walid-boudhiaf-plonge-a-118-metres-et-offre-un-record-historique-a-la-tunisie\/379165\/#article","isPartOf":{"@id":"https:\/\/www.webdo.tn\/fr\/actualite\/sport\/vertical-blue-2025-walid-boudhiaf-plonge-a-118-metres-et-offre-un-record-historique-a-la-tunisie\/379165\/"},"author":{"name":"Mohamed Hedi Touati","@id":"https:\/\/www.webdo.tn\/fr\/#\/schema\/person\/c652cd8fc2b1b44412b5ffb48c5a911d"},"headline":"Vertical Blue 2025 : Walid Boudhiaf plonge \u00e0 118 m\u00e8tres et offre un record historique \u00e0 la Tunisie","datePublished":"2025-07-07T09:35:27+00:00","dateModified":"2025-07-08T06:45:20+00:00","mainEntityOfPage":{"@id":"https:\/\/www.webdo.tn\/fr\/actualite\/sport\/vertical-blue-2025-walid-boudhiaf-plonge-a-118-metres-et-offre-un-record-historique-a-la-tunisie\/379165\/"},"wordCount":435,"commentCount":0,"publisher":{"@id":"https:\/\/www.webdo.tn\/fr\/#organization"},"image":{"@id":"https:\/\/www.webdo.tn\/fr\/actualite\/sport\/vertical-blue-2025-walid-boudhiaf-plonge-a-118-metres-et-offre-un-record-historique-a-la-tunisie\/379165\/#primaryimage"},"thumbnailUrl":"https:\/\/www.webdo.tn\/fr\/wp-content\/uploads\/2025\/07\/Walid-Boudhiaf.jpg","keywords":["apn\u00e9e","record","Tunisie","walid boudhiaf"],"articleSection":["Sport"],"inLanguage":"fr-FR"},{"@type":"WebPage","@id":"https:\/\/www.webdo.tn\/fr\/actualite\/sport\/vertical-blue-2025-walid-boudhiaf-plonge-a-118-metres-et-offre-un-record-historique-a-la-tunisie\/379165\/","url":"https:\/\/www.webdo.tn\/fr\/actualite\/sport\/vertical-blue-2025-walid-boudhiaf-plonge-a-118-metres-et-offre-un-record-historique-a-la-tunisie\/379165\/","name":"Vertical Blue 2025 : Walid Boudhiaf plonge \u00e0 118 m\u00e8tres et offre un record historique \u00e0 la Tunisie - webdo","isPartOf":{"@id":"https:\/\/www.webdo.tn\/fr\/#website"},"primaryImageOfPage":{"@id":"https:\/\/www.webdo.tn\/fr\/actualite\/sport\/vertical-blue-2025-walid-boudhiaf-plonge-a-118-metres-et-offre-un-record-historique-a-la-tunisie\/379165\/#primaryimage"},"image":{"@id":"https:\/\/www.webdo.tn\/fr\/actualite\/sport\/vertical-blue-2025-walid-boudhiaf-plonge-a-118-metres-et-offre-un-record-historique-a-la-tunisie\/379165\/#primaryimage"},"thumbnailUrl":"https:\/\/www.webdo.tn\/fr\/wp-content\/uploads\/2025\/07\/Walid-Boudhiaf.jpg","datePublished":"2025-07-07T09:35:27+00:00","dateModified":"2025-07-08T06:45:20+00:00","description":"Walid Boudhiaf a marqu\u00e9 l'histoire de l'apn\u00e9e en atteignant 118 m\u00e8tres \u00e0 Vertical Blue. Un nouveau record national pour la Tunisie.","breadcrumb":{"@id":"https:\/\/www.webdo.tn\/fr\/actualite\/sport\/vertical-blue-2025-walid-boudhiaf-plonge-a-118-metres-et-offre-un-record-historique-a-la-tunisie\/379165\/#breadcrumb"},"inLanguage":"fr-FR","potentialAction":[{"@type":"ReadAction","target":["https:\/\/www.webdo.tn\/fr\/actualite\/sport\/vertical-blue-2025-walid-boudhiaf-plonge-a-118-metres-et-offre-un-record-historique-a-la-tunisie\/379165\/"]}]},{"@type":"ImageObject","inLanguage":"fr-FR","@id":"https:\/\/www.webdo.tn\/fr\/actualite\/sport\/vertical-blue-2025-walid-boudhiaf-plonge-a-118-metres-et-offre-un-record-historique-a-la-tunisie\/379165\/#primaryimage","url":"https:\/\/www.webdo.tn\/fr\/wp-content\/uploads\/2025\/07\/Walid-Boudhiaf.jpg","contentUrl":"https:\/\/www.webdo.tn\/fr\/wp-content\/uploads\/2025\/07\/Walid-Boudhiaf.jpg","width":1800,"height":1188,"caption":"Vertical Blue 2025 : Walid Boudhiaf plonge \u00e0 118 m\u00e8tres et offre un record historique \u00e0 la Tunisie"},{"@type":"BreadcrumbList","@id":"https:\/\/www.webdo.tn\/fr\/actualite\/sport\/vertical-blue-2025-walid-boudhiaf-plonge-a-118-metres-et-offre-un-record-historique-a-la-tunisie\/379165\/#breadcrumb","itemListElement":[{"@type":"ListItem","position":1,"name":"Accueil","item":"https:\/\/www.webdo.tn\/fr\/"},{"@type":"ListItem","position":2,"name":"Vertical Blue 2025 : Walid Boudhiaf plonge \u00e0 118 m\u00e8tres et offre un record historique \u00e0 la Tunisie"}]},{"@type":"WebSite","@id":"https:\/\/www.webdo.tn\/fr\/#website","url":"https:\/\/www.webdo.tn\/fr\/","name":"webdo","description":"Tunisie - News en Tunisie et \u00e0 l&#039;international sur Webdo.tn","publisher":{"@id":"https:\/\/www.webdo.tn\/fr\/#organization"},"potentialAction":[{"@type":"SearchAction","target":{"@type":"EntryPoint","urlTemplate":"https:\/\/www.webdo.tn\/fr\/?s={search_term_string}"},"query-input":{"@type":"PropertyValueSpecification","valueRequired":true,"valueName":"search_term_string"}}],"inLanguage":"fr-FR"},{"@type":"Organization","@id":"https:\/\/www.webdo.tn\/fr\/#organization","name":"Webdo","alternateName":"Webdo.tn","url":"https:\/\/www.webdo.tn\/fr\/","logo":{"@type":"ImageObject","inLanguage":"fr-FR","@id":"https:\/\/www.webdo.tn\/fr\/#\/schema\/logo\/image\/","url":"https:\/\/www.webdo.tn\/fr\/wp-content\/uploads\/2025\/06\/Webdo-Tunisie_168377.jpg","contentUrl":"https:\/\/www.webdo.tn\/fr\/wp-content\/uploads\/2025\/06\/Webdo-Tunisie_168377.jpg","width":301,"height":301,"caption":"Webdo"},"image":{"@id":"https:\/\/www.webdo.tn\/fr\/#\/schema\/logo\/image\/"},"sameAs":["https:\/\/www.facebook.com\/webdotn","https:\/\/x.com\/webdo_tn"],"description":"Webdo est un m\u00e9dia num\u00e9rique tunisien fond\u00e9 en 2010, sp\u00e9cialis\u00e9 dans l\u2019actualit\u00e9 nationale et internationale, l\u2019\u00e9conomie, la soci\u00e9t\u00e9 et les analyses politiques. Le site s\u2019adresse \u00e0 un large public francophone et couvre l\u2019information tunisienne en temps r\u00e9el.","email":"redac@webdo.tn","legalName":"YNJ SARL","foundingDate":"2010-09-06","numberOfEmployees":{"@type":"QuantitativeValue","minValue":"11","maxValue":"50"}},{"@type":"Person","@id":"https:\/\/www.webdo.tn\/fr\/#\/schema\/person\/c652cd8fc2b1b44412b5ffb48c5a911d","name":"Mohamed Hedi Touati","image":{"@type":"ImageObject","inLanguage":"fr-FR","@id":"https:\/\/secure.gravatar.com\/avatar\/9cfd402c745b7a685f13eed0ea6e59d2144a3c2fc50a3db6fd5ed451f6cddf1a?s=96&d=mm&r=g","url":"https:\/\/secure.gravatar.com\/avatar\/9cfd402c745b7a685f13eed0ea6e59d2144a3c2fc50a3db6fd5ed451f6cddf1a?s=96&d=mm&r=g","contentUrl":"https:\/\/secure.gravatar.com\/avatar\/9cfd402c745b7a685f13eed0ea6e59d2144a3c2fc50a3db6fd5ed451f6cddf1a?s=96&d=mm&r=g","caption":"Mohamed Hedi Touati"},"url":"https:\/\/www.webdo.tn\/fr\/actualite\/author\/mohamed-hedi-touati\/"}]}},"_links":{"self":[{"href":"https:\/\/www.webdo.tn\/fr\/wp-json\/wp\/v2\/posts\/379165","targetHints":{"allow":["GET"]}}],"collection":[{"href":"https:\/\/www.webdo.tn\/fr\/wp-json\/wp\/v2\/posts"}],"about":[{"href":"https:\/\/www.webdo.tn\/fr\/wp-json\/wp\/v2\/types\/post"}],"author":[{"embeddable":true,"href":"https:\/\/www.webdo.tn\/fr\/wp-json\/wp\/v2\/users\/3191"}],"replies":[{"embeddable":true,"href":"https:\/\/www.webdo.tn\/fr\/wp-json\/wp\/v2\/comments?post=379165"}],"version-history":[{"count":0,"href":"https:\/\/www.webdo.tn\/fr\/wp-json\/wp\/v2\/posts\/379165\/revisions"}],"wp:featuredmedia":[{"embeddable":true,"href":"https:\/\/www.webdo.tn\/fr\/wp-json\/wp\/v2\/media\/379166"}],"wp:attachment":[{"href":"https:\/\/www.webdo.tn\/fr\/wp-json\/wp\/v2\/media?parent=379165"}],"wp:term":[{"taxonomy":"category","embeddable":true,"href":"https:\/\/www.webdo.tn\/fr\/wp-json\/wp\/v2\/categories?post=379165"},{"taxonomy":"post_tag","embeddable":true,"href":"https:\/\/www.webdo.tn\/fr\/wp-json\/wp\/v2\/tags?post=379165"}],"curies":[{"name":"wp","href":"https:\/\/api.w.org\/{rel}","templated":true}]}}