{"id":379130,"date":"2025-07-06T10:46:15","date_gmt":"2025-07-06T09:46:15","guid":{"rendered":"https:\/\/www.webdo.tn\/fr\/?p=379130"},"modified":"2025-07-07T08:08:10","modified_gmt":"2025-07-07T07:08:10","slug":"tunisie-cereales-plus-de-92-millions-de-quintaux-collectes-a-lechelle-nationale","status":"publish","type":"post","link":"https:\/\/www.webdo.tn\/fr\/actualite\/national\/tunisie-cereales-plus-de-92-millions-de-quintaux-collectes-a-lechelle-nationale\/379130\/","title":{"rendered":"Tunisie &#8211; C\u00e9r\u00e9ales : Plus de 9,2 millions de quintaux collect\u00e9s \u00e0 l\u2019\u00e9chelle nationale"},"content":{"rendered":"\n<p><strong>Selon les donn\u00e9es publi\u00e9es par l\u2019Office des C\u00e9r\u00e9ales, la quantit\u00e9 totale de c\u00e9r\u00e9ales collect\u00e9es dans les centres de stockage \u00e0 l\u2019\u00e9chelle nationale a atteint environ 9,292 millions de quintaux au 4 juillet 2025 avec un rythme de collecte quotidien avoisinant les 243 000 quintaux.<\/strong><\/p>\n\n\n\n<p>Ces volumes incluent 6,089 millions de quintaux de bl\u00e9 dur, 0,478 million de quintaux de bl\u00e9 tendre, 2,688 millions de quintaux d\u2019orge et 0,037 million de quintaux de triticale.<\/p>\n\n\n\n<p>Concernant l\u2019utilisation des c\u00e9r\u00e9ales collect\u00e9es, 95 pour cent soit 8,828 millions de quintaux sont destin\u00e9s \u00e0 la consommation tandis que 5 pour cent environ 0,463 million de quintaux sont des semences de qualit\u00e9 sup\u00e9rieure alors que la quantit\u00e9 totale de semences collect\u00e9es lors de la campagne 2024 s\u2019\u00e9levait \u00e0 0,394 million de quintaux.<\/p>\n\n\n\n<p>Du point de vue g\u00e9ographique, le gouvernorat de B\u00e9ja arrive en t\u00eate avec 2,158 millions de quintaux soit 23,23 pour cent du total national suivi par Bizerte avec 1,286 million de quintaux soit 13,85 pour cent, Siliana avec 1,192 million de quintaux soit 12,84 pour cent et Jendouba avec 1,089 million de quintaux soit 11,73 pour cent.<\/p>\n\n\n\n<p><\/p>\n","protected":false},"excerpt":{"rendered":"<p>Selon les donn\u00e9es publi\u00e9es par l\u2019Office des C\u00e9r\u00e9ales, la quantit\u00e9 totale de c\u00e9r\u00e9ales collect\u00e9es dans les centres de stockage \u00e0 l\u2019\u00e9chelle nationale a atteint environ 9,292 millions de quintaux au 4 juillet 2025 avec un rythme de collecte quotidien avoisinant les 243 000 quintaux. Ces volumes incluent 6,089 millions de quintaux de bl\u00e9 dur, 0,478 [&hellip;]<\/p>\n","protected":false},"author":3184,"featured_media":376293,"comment_status":"open","ping_status":"open","sticky":false,"template":"","format":"standard","meta":{"footnotes":""},"categories":[44],"tags":[3415,12122,2608],"class_list":["post-379130","post","type-post","status-publish","format-standard","has-post-thumbnail","hentry","category-national","tag-cereales","tag-collecte","tag-tunisie"],"yoast_head":"<!-- This site is optimized with the Yoast SEO Premium plugin v27.5 (Yoast SEO v27.5) - https:\/\/yoast.com\/product\/yoast-seo-premium-wordpress\/ -->\n<title>Tunisie - C\u00e9r\u00e9ales : Plus de 9,2 millions de quintaux collect\u00e9s \u00e0 l\u2019\u00e9chelle nationale - webdo<\/title>\n<meta name=\"description\" content=\"D\u00e9couvrez les derni\u00e8res donn\u00e9es sur les c\u00e9r\u00e9ales collect\u00e9es, incluant bl\u00e9 dur et orge, avec des chiffres impressionnants.\" \/>\n<link rel=\"canonical\" href=\"https:\/\/www.webdo.tn\/fr\/actualite\/national\/tunisie-cereales-plus-de-92-millions-de-quintaux-collectes-a-lechelle-nationale\/379130\/\" \/>\n<meta property=\"og:locale\" content=\"fr_FR\" \/>\n<meta property=\"og:type\" content=\"article\" \/>\n<meta property=\"og:title\" content=\"Tunisie - C\u00e9r\u00e9ales : Plus de 9,2 millions de quintaux collect\u00e9s \u00e0 l\u2019\u00e9chelle nationale\" \/>\n<meta property=\"og:description\" content=\"D\u00e9couvrez les derni\u00e8res donn\u00e9es sur les c\u00e9r\u00e9ales collect\u00e9es, incluant bl\u00e9 dur et orge, avec des chiffres impressionnants.\" \/>\n<meta property=\"og:url\" content=\"https:\/\/www.webdo.tn\/fr\/actualite\/national\/tunisie-cereales-plus-de-92-millions-de-quintaux-collectes-a-lechelle-nationale\/379130\/\" \/>\n<meta property=\"og:site_name\" content=\"webdo\" \/>\n<meta property=\"article:publisher\" content=\"https:\/\/www.facebook.com\/webdotn\" \/>\n<meta property=\"article:published_time\" content=\"2025-07-06T09:46:15+00:00\" \/>\n<meta property=\"article:modified_time\" content=\"2025-07-07T07:08:10+00:00\" \/>\n<meta property=\"og:image\" content=\"https:\/\/www.webdo.tn\/fr\/wp-content\/uploads\/2025\/06\/49ba71a1c28f67d39394822056c9d229.webp\" \/>\n\t<meta property=\"og:image:width\" content=\"626\" \/>\n\t<meta property=\"og:image:height\" content=\"334\" \/>\n\t<meta property=\"og:image:type\" content=\"image\/webp\" \/>\n<meta name=\"author\" content=\"Wided Belhaj\" \/>\n<meta name=\"twitter:card\" content=\"summary_large_image\" \/>\n<meta name=\"twitter:creator\" content=\"@webdo_tn\" \/>\n<meta name=\"twitter:site\" content=\"@webdo_tn\" \/>\n<meta name=\"twitter:label1\" content=\"\u00c9crit par\" \/>\n\t<meta name=\"twitter:data1\" content=\"Wided Belhaj\" \/>\n\t<meta name=\"twitter:label2\" content=\"Dur\u00e9e de lecture estim\u00e9e\" \/>\n\t<meta name=\"twitter:data2\" content=\"2 minutes\" \/>\n<script type=\"application\/ld+json\" class=\"yoast-schema-graph\">{\"@context\":\"https:\\\/\\\/schema.org\",\"@graph\":[{\"@type\":\"NewsArticle\",\"@id\":\"https:\\\/\\\/www.webdo.tn\\\/fr\\\/actualite\\\/national\\\/tunisie-cereales-plus-de-92-millions-de-quintaux-collectes-a-lechelle-nationale\\\/379130\\\/#article\",\"isPartOf\":{\"@id\":\"https:\\\/\\\/www.webdo.tn\\\/fr\\\/actualite\\\/national\\\/tunisie-cereales-plus-de-92-millions-de-quintaux-collectes-a-lechelle-nationale\\\/379130\\\/\"},\"author\":{\"name\":\"Wided Belhaj\",\"@id\":\"https:\\\/\\\/www.webdo.tn\\\/fr\\\/#\\\/schema\\\/person\\\/b9ecde7a5574cb4fcf4b496ea5fadb15\"},\"headline\":\"Tunisie &#8211; C\u00e9r\u00e9ales : Plus de 9,2 millions de quintaux collect\u00e9s \u00e0 l\u2019\u00e9chelle nationale\",\"datePublished\":\"2025-07-06T09:46:15+00:00\",\"dateModified\":\"2025-07-07T07:08:10+00:00\",\"mainEntityOfPage\":{\"@id\":\"https:\\\/\\\/www.webdo.tn\\\/fr\\\/actualite\\\/national\\\/tunisie-cereales-plus-de-92-millions-de-quintaux-collectes-a-lechelle-nationale\\\/379130\\\/\"},\"wordCount\":193,\"commentCount\":0,\"publisher\":{\"@id\":\"https:\\\/\\\/www.webdo.tn\\\/fr\\\/#organization\"},\"image\":{\"@id\":\"https:\\\/\\\/www.webdo.tn\\\/fr\\\/actualite\\\/national\\\/tunisie-cereales-plus-de-92-millions-de-quintaux-collectes-a-lechelle-nationale\\\/379130\\\/#primaryimage\"},\"thumbnailUrl\":\"https:\\\/\\\/www.webdo.tn\\\/fr\\\/wp-content\\\/uploads\\\/2025\\\/06\\\/49ba71a1c28f67d39394822056c9d229.webp\",\"keywords\":[\"c\u00e9r\u00e9ales\",\"collecte\",\"Tunisie\"],\"articleSection\":[\"National\"],\"inLanguage\":\"fr-FR\"},{\"@type\":\"WebPage\",\"@id\":\"https:\\\/\\\/www.webdo.tn\\\/fr\\\/actualite\\\/national\\\/tunisie-cereales-plus-de-92-millions-de-quintaux-collectes-a-lechelle-nationale\\\/379130\\\/\",\"url\":\"https:\\\/\\\/www.webdo.tn\\\/fr\\\/actualite\\\/national\\\/tunisie-cereales-plus-de-92-millions-de-quintaux-collectes-a-lechelle-nationale\\\/379130\\\/\",\"name\":\"Tunisie - C\u00e9r\u00e9ales : Plus de 9,2 millions de quintaux collect\u00e9s \u00e0 l\u2019\u00e9chelle nationale - webdo\",\"isPartOf\":{\"@id\":\"https:\\\/\\\/www.webdo.tn\\\/fr\\\/#website\"},\"primaryImageOfPage\":{\"@id\":\"https:\\\/\\\/www.webdo.tn\\\/fr\\\/actualite\\\/national\\\/tunisie-cereales-plus-de-92-millions-de-quintaux-collectes-a-lechelle-nationale\\\/379130\\\/#primaryimage\"},\"image\":{\"@id\":\"https:\\\/\\\/www.webdo.tn\\\/fr\\\/actualite\\\/national\\\/tunisie-cereales-plus-de-92-millions-de-quintaux-collectes-a-lechelle-nationale\\\/379130\\\/#primaryimage\"},\"thumbnailUrl\":\"https:\\\/\\\/www.webdo.tn\\\/fr\\\/wp-content\\\/uploads\\\/2025\\\/06\\\/49ba71a1c28f67d39394822056c9d229.webp\",\"datePublished\":\"2025-07-06T09:46:15+00:00\",\"dateModified\":\"2025-07-07T07:08:10+00:00\",\"description\":\"D\u00e9couvrez les derni\u00e8res donn\u00e9es sur les c\u00e9r\u00e9ales collect\u00e9es, incluant bl\u00e9 dur et orge, avec des chiffres impressionnants.\",\"breadcrumb\":{\"@id\":\"https:\\\/\\\/www.webdo.tn\\\/fr\\\/actualite\\\/national\\\/tunisie-cereales-plus-de-92-millions-de-quintaux-collectes-a-lechelle-nationale\\\/379130\\\/#breadcrumb\"},\"inLanguage\":\"fr-FR\",\"potentialAction\":[{\"@type\":\"ReadAction\",\"target\":[\"https:\\\/\\\/www.webdo.tn\\\/fr\\\/actualite\\\/national\\\/tunisie-cereales-plus-de-92-millions-de-quintaux-collectes-a-lechelle-nationale\\\/379130\\\/\"]}]},{\"@type\":\"ImageObject\",\"inLanguage\":\"fr-FR\",\"@id\":\"https:\\\/\\\/www.webdo.tn\\\/fr\\\/actualite\\\/national\\\/tunisie-cereales-plus-de-92-millions-de-quintaux-collectes-a-lechelle-nationale\\\/379130\\\/#primaryimage\",\"url\":\"https:\\\/\\\/www.webdo.tn\\\/fr\\\/wp-content\\\/uploads\\\/2025\\\/06\\\/49ba71a1c28f67d39394822056c9d229.webp\",\"contentUrl\":\"https:\\\/\\\/www.webdo.tn\\\/fr\\\/wp-content\\\/uploads\\\/2025\\\/06\\\/49ba71a1c28f67d39394822056c9d229.webp\",\"width\":626,\"height\":334,\"caption\":\"Tunisie - R\u00e9colte c\u00e9r\u00e9ali\u00e8re 2025 : Des volumes en hausse par rapport \u00e0 2024\"},{\"@type\":\"BreadcrumbList\",\"@id\":\"https:\\\/\\\/www.webdo.tn\\\/fr\\\/actualite\\\/national\\\/tunisie-cereales-plus-de-92-millions-de-quintaux-collectes-a-lechelle-nationale\\\/379130\\\/#breadcrumb\",\"itemListElement\":[{\"@type\":\"ListItem\",\"position\":1,\"name\":\"Accueil\",\"item\":\"https:\\\/\\\/www.webdo.tn\\\/fr\\\/\"},{\"@type\":\"ListItem\",\"position\":2,\"name\":\"Tunisie &#8211; C\u00e9r\u00e9ales : Plus de 9,2 millions de quintaux collect\u00e9s \u00e0 l\u2019\u00e9chelle nationale\"}]},{\"@type\":\"WebSite\",\"@id\":\"https:\\\/\\\/www.webdo.tn\\\/fr\\\/#website\",\"url\":\"https:\\\/\\\/www.webdo.tn\\\/fr\\\/\",\"name\":\"webdo\",\"description\":\"Tunisie - News en Tunisie et \u00e0 l&#039;international sur Webdo.tn\",\"publisher\":{\"@id\":\"https:\\\/\\\/www.webdo.tn\\\/fr\\\/#organization\"},\"potentialAction\":[{\"@type\":\"SearchAction\",\"target\":{\"@type\":\"EntryPoint\",\"urlTemplate\":\"https:\\\/\\\/www.webdo.tn\\\/fr\\\/?s={search_term_string}\"},\"query-input\":{\"@type\":\"PropertyValueSpecification\",\"valueRequired\":true,\"valueName\":\"search_term_string\"}}],\"inLanguage\":\"fr-FR\"},{\"@type\":\"Organization\",\"@id\":\"https:\\\/\\\/www.webdo.tn\\\/fr\\\/#organization\",\"name\":\"Webdo\",\"alternateName\":\"Webdo.tn\",\"url\":\"https:\\\/\\\/www.webdo.tn\\\/fr\\\/\",\"logo\":{\"@type\":\"ImageObject\",\"inLanguage\":\"fr-FR\",\"@id\":\"https:\\\/\\\/www.webdo.tn\\\/fr\\\/#\\\/schema\\\/logo\\\/image\\\/\",\"url\":\"https:\\\/\\\/www.webdo.tn\\\/fr\\\/wp-content\\\/uploads\\\/2025\\\/06\\\/Webdo-Tunisie_168377.jpg\",\"contentUrl\":\"https:\\\/\\\/www.webdo.tn\\\/fr\\\/wp-content\\\/uploads\\\/2025\\\/06\\\/Webdo-Tunisie_168377.jpg\",\"width\":301,\"height\":301,\"caption\":\"Webdo\"},\"image\":{\"@id\":\"https:\\\/\\\/www.webdo.tn\\\/fr\\\/#\\\/schema\\\/logo\\\/image\\\/\"},\"sameAs\":[\"https:\\\/\\\/www.facebook.com\\\/webdotn\",\"https:\\\/\\\/x.com\\\/webdo_tn\"],\"description\":\"Webdo est un m\u00e9dia num\u00e9rique tunisien fond\u00e9 en 2010, sp\u00e9cialis\u00e9 dans l\u2019actualit\u00e9 nationale et internationale, l\u2019\u00e9conomie, la soci\u00e9t\u00e9 et les analyses politiques. Le site s\u2019adresse \u00e0 un large public francophone et couvre l\u2019information tunisienne en temps r\u00e9el.\",\"email\":\"redac@webdo.tn\",\"legalName\":\"YNJ SARL\",\"foundingDate\":\"2010-09-06\",\"numberOfEmployees\":{\"@type\":\"QuantitativeValue\",\"minValue\":\"11\",\"maxValue\":\"50\"}},{\"@type\":\"Person\",\"@id\":\"https:\\\/\\\/www.webdo.tn\\\/fr\\\/#\\\/schema\\\/person\\\/b9ecde7a5574cb4fcf4b496ea5fadb15\",\"name\":\"Wided Belhaj\",\"image\":{\"@type\":\"ImageObject\",\"inLanguage\":\"fr-FR\",\"@id\":\"https:\\\/\\\/www.webdo.tn\\\/fr\\\/wp-content\\\/uploads\\\/2026\\\/04\\\/wided-belhaj_avatar-96x96.jpg\",\"url\":\"https:\\\/\\\/www.webdo.tn\\\/fr\\\/wp-content\\\/uploads\\\/2026\\\/04\\\/wided-belhaj_avatar-96x96.jpg\",\"contentUrl\":\"https:\\\/\\\/www.webdo.tn\\\/fr\\\/wp-content\\\/uploads\\\/2026\\\/04\\\/wided-belhaj_avatar-96x96.jpg\",\"caption\":\"Wided Belhaj\"},\"description\":\"Wided Belhaj est le pseudonyme \u00e9ditorial utilis\u00e9 par Khalil Jelassi, journaliste, ma\u00eetre-assistant \u00e0 l\u2019Institut de presse et des sciences de l\u2019information (IPSI) et chercheur en sciences de l\u2019information et de la communication. Cette signature est d\u00e9di\u00e9e \u00e0 l\u2019analyse des m\u00e9dias, des pratiques journalistiques et des mutations de l\u2019information \u00e0 l\u2019\u00e8re digitale. \u00c0 travers ses contributions, Wided Belhaj propose une lecture analytique de l\u2019actualit\u00e9, en croisant regard critique et expertise acad\u00e9mique.\",\"knowsAbout\":[\"m\u00e9dias\",\"journalisme\",\"communication\",\"information\",\"transformation num\u00e9rique\",\"analyse des m\u00e9dias\"],\"knowsLanguage\":[\"Fran\u00e7ais\",\"Arabe\"],\"jobTitle\":\"Webdo.tn\",\"worksFor\":\"Journaliste \u2013 Analyse des m\u00e9dias\",\"url\":\"https:\\\/\\\/www.webdo.tn\\\/fr\\\/actualite\\\/author\\\/wided-belhaj\\\/\"}]}<\/script>\n<!-- \/ Yoast SEO Premium plugin. -->","yoast_head_json":{"title":"Tunisie - C\u00e9r\u00e9ales : Plus de 9,2 millions de quintaux collect\u00e9s \u00e0 l\u2019\u00e9chelle nationale - webdo","description":"D\u00e9couvrez les derni\u00e8res donn\u00e9es sur les c\u00e9r\u00e9ales collect\u00e9es, incluant bl\u00e9 dur et orge, avec des chiffres impressionnants.","canonical":"https:\/\/www.webdo.tn\/fr\/actualite\/national\/tunisie-cereales-plus-de-92-millions-de-quintaux-collectes-a-lechelle-nationale\/379130\/","og_locale":"fr_FR","og_type":"article","og_title":"Tunisie - C\u00e9r\u00e9ales : Plus de 9,2 millions de quintaux collect\u00e9s \u00e0 l\u2019\u00e9chelle nationale","og_description":"D\u00e9couvrez les derni\u00e8res donn\u00e9es sur les c\u00e9r\u00e9ales collect\u00e9es, incluant bl\u00e9 dur et orge, avec des chiffres impressionnants.","og_url":"https:\/\/www.webdo.tn\/fr\/actualite\/national\/tunisie-cereales-plus-de-92-millions-de-quintaux-collectes-a-lechelle-nationale\/379130\/","og_site_name":"webdo","article_publisher":"https:\/\/www.facebook.com\/webdotn","article_published_time":"2025-07-06T09:46:15+00:00","article_modified_time":"2025-07-07T07:08:10+00:00","og_image":[{"width":626,"height":334,"url":"https:\/\/www.webdo.tn\/fr\/wp-content\/uploads\/2025\/06\/49ba71a1c28f67d39394822056c9d229.webp","type":"image\/webp"}],"author":"Wided Belhaj","twitter_card":"summary_large_image","twitter_creator":"@webdo_tn","twitter_site":"@webdo_tn","twitter_misc":{"\u00c9crit par":"Wided Belhaj","Dur\u00e9e de lecture estim\u00e9e":"2 minutes"},"schema":{"@context":"https:\/\/schema.org","@graph":[{"@type":"NewsArticle","@id":"https:\/\/www.webdo.tn\/fr\/actualite\/national\/tunisie-cereales-plus-de-92-millions-de-quintaux-collectes-a-lechelle-nationale\/379130\/#article","isPartOf":{"@id":"https:\/\/www.webdo.tn\/fr\/actualite\/national\/tunisie-cereales-plus-de-92-millions-de-quintaux-collectes-a-lechelle-nationale\/379130\/"},"author":{"name":"Wided Belhaj","@id":"https:\/\/www.webdo.tn\/fr\/#\/schema\/person\/b9ecde7a5574cb4fcf4b496ea5fadb15"},"headline":"Tunisie &#8211; C\u00e9r\u00e9ales : Plus de 9,2 millions de quintaux collect\u00e9s \u00e0 l\u2019\u00e9chelle nationale","datePublished":"2025-07-06T09:46:15+00:00","dateModified":"2025-07-07T07:08:10+00:00","mainEntityOfPage":{"@id":"https:\/\/www.webdo.tn\/fr\/actualite\/national\/tunisie-cereales-plus-de-92-millions-de-quintaux-collectes-a-lechelle-nationale\/379130\/"},"wordCount":193,"commentCount":0,"publisher":{"@id":"https:\/\/www.webdo.tn\/fr\/#organization"},"image":{"@id":"https:\/\/www.webdo.tn\/fr\/actualite\/national\/tunisie-cereales-plus-de-92-millions-de-quintaux-collectes-a-lechelle-nationale\/379130\/#primaryimage"},"thumbnailUrl":"https:\/\/www.webdo.tn\/fr\/wp-content\/uploads\/2025\/06\/49ba71a1c28f67d39394822056c9d229.webp","keywords":["c\u00e9r\u00e9ales","collecte","Tunisie"],"articleSection":["National"],"inLanguage":"fr-FR"},{"@type":"WebPage","@id":"https:\/\/www.webdo.tn\/fr\/actualite\/national\/tunisie-cereales-plus-de-92-millions-de-quintaux-collectes-a-lechelle-nationale\/379130\/","url":"https:\/\/www.webdo.tn\/fr\/actualite\/national\/tunisie-cereales-plus-de-92-millions-de-quintaux-collectes-a-lechelle-nationale\/379130\/","name":"Tunisie - C\u00e9r\u00e9ales : Plus de 9,2 millions de quintaux collect\u00e9s \u00e0 l\u2019\u00e9chelle nationale - webdo","isPartOf":{"@id":"https:\/\/www.webdo.tn\/fr\/#website"},"primaryImageOfPage":{"@id":"https:\/\/www.webdo.tn\/fr\/actualite\/national\/tunisie-cereales-plus-de-92-millions-de-quintaux-collectes-a-lechelle-nationale\/379130\/#primaryimage"},"image":{"@id":"https:\/\/www.webdo.tn\/fr\/actualite\/national\/tunisie-cereales-plus-de-92-millions-de-quintaux-collectes-a-lechelle-nationale\/379130\/#primaryimage"},"thumbnailUrl":"https:\/\/www.webdo.tn\/fr\/wp-content\/uploads\/2025\/06\/49ba71a1c28f67d39394822056c9d229.webp","datePublished":"2025-07-06T09:46:15+00:00","dateModified":"2025-07-07T07:08:10+00:00","description":"D\u00e9couvrez les derni\u00e8res donn\u00e9es sur les c\u00e9r\u00e9ales collect\u00e9es, incluant bl\u00e9 dur et orge, avec des chiffres impressionnants.","breadcrumb":{"@id":"https:\/\/www.webdo.tn\/fr\/actualite\/national\/tunisie-cereales-plus-de-92-millions-de-quintaux-collectes-a-lechelle-nationale\/379130\/#breadcrumb"},"inLanguage":"fr-FR","potentialAction":[{"@type":"ReadAction","target":["https:\/\/www.webdo.tn\/fr\/actualite\/national\/tunisie-cereales-plus-de-92-millions-de-quintaux-collectes-a-lechelle-nationale\/379130\/"]}]},{"@type":"ImageObject","inLanguage":"fr-FR","@id":"https:\/\/www.webdo.tn\/fr\/actualite\/national\/tunisie-cereales-plus-de-92-millions-de-quintaux-collectes-a-lechelle-nationale\/379130\/#primaryimage","url":"https:\/\/www.webdo.tn\/fr\/wp-content\/uploads\/2025\/06\/49ba71a1c28f67d39394822056c9d229.webp","contentUrl":"https:\/\/www.webdo.tn\/fr\/wp-content\/uploads\/2025\/06\/49ba71a1c28f67d39394822056c9d229.webp","width":626,"height":334,"caption":"Tunisie - R\u00e9colte c\u00e9r\u00e9ali\u00e8re 2025 : Des volumes en hausse par rapport \u00e0 2024"},{"@type":"BreadcrumbList","@id":"https:\/\/www.webdo.tn\/fr\/actualite\/national\/tunisie-cereales-plus-de-92-millions-de-quintaux-collectes-a-lechelle-nationale\/379130\/#breadcrumb","itemListElement":[{"@type":"ListItem","position":1,"name":"Accueil","item":"https:\/\/www.webdo.tn\/fr\/"},{"@type":"ListItem","position":2,"name":"Tunisie &#8211; C\u00e9r\u00e9ales : Plus de 9,2 millions de quintaux collect\u00e9s \u00e0 l\u2019\u00e9chelle nationale"}]},{"@type":"WebSite","@id":"https:\/\/www.webdo.tn\/fr\/#website","url":"https:\/\/www.webdo.tn\/fr\/","name":"webdo","description":"Tunisie - News en Tunisie et \u00e0 l&#039;international sur Webdo.tn","publisher":{"@id":"https:\/\/www.webdo.tn\/fr\/#organization"},"potentialAction":[{"@type":"SearchAction","target":{"@type":"EntryPoint","urlTemplate":"https:\/\/www.webdo.tn\/fr\/?s={search_term_string}"},"query-input":{"@type":"PropertyValueSpecification","valueRequired":true,"valueName":"search_term_string"}}],"inLanguage":"fr-FR"},{"@type":"Organization","@id":"https:\/\/www.webdo.tn\/fr\/#organization","name":"Webdo","alternateName":"Webdo.tn","url":"https:\/\/www.webdo.tn\/fr\/","logo":{"@type":"ImageObject","inLanguage":"fr-FR","@id":"https:\/\/www.webdo.tn\/fr\/#\/schema\/logo\/image\/","url":"https:\/\/www.webdo.tn\/fr\/wp-content\/uploads\/2025\/06\/Webdo-Tunisie_168377.jpg","contentUrl":"https:\/\/www.webdo.tn\/fr\/wp-content\/uploads\/2025\/06\/Webdo-Tunisie_168377.jpg","width":301,"height":301,"caption":"Webdo"},"image":{"@id":"https:\/\/www.webdo.tn\/fr\/#\/schema\/logo\/image\/"},"sameAs":["https:\/\/www.facebook.com\/webdotn","https:\/\/x.com\/webdo_tn"],"description":"Webdo est un m\u00e9dia num\u00e9rique tunisien fond\u00e9 en 2010, sp\u00e9cialis\u00e9 dans l\u2019actualit\u00e9 nationale et internationale, l\u2019\u00e9conomie, la soci\u00e9t\u00e9 et les analyses politiques. Le site s\u2019adresse \u00e0 un large public francophone et couvre l\u2019information tunisienne en temps r\u00e9el.","email":"redac@webdo.tn","legalName":"YNJ SARL","foundingDate":"2010-09-06","numberOfEmployees":{"@type":"QuantitativeValue","minValue":"11","maxValue":"50"}},{"@type":"Person","@id":"https:\/\/www.webdo.tn\/fr\/#\/schema\/person\/b9ecde7a5574cb4fcf4b496ea5fadb15","name":"Wided Belhaj","image":{"@type":"ImageObject","inLanguage":"fr-FR","@id":"https:\/\/www.webdo.tn\/fr\/wp-content\/uploads\/2026\/04\/wided-belhaj_avatar-96x96.jpg","url":"https:\/\/www.webdo.tn\/fr\/wp-content\/uploads\/2026\/04\/wided-belhaj_avatar-96x96.jpg","contentUrl":"https:\/\/www.webdo.tn\/fr\/wp-content\/uploads\/2026\/04\/wided-belhaj_avatar-96x96.jpg","caption":"Wided Belhaj"},"description":"Wided Belhaj est le pseudonyme \u00e9ditorial utilis\u00e9 par Khalil Jelassi, journaliste, ma\u00eetre-assistant \u00e0 l\u2019Institut de presse et des sciences de l\u2019information (IPSI) et chercheur en sciences de l\u2019information et de la communication. Cette signature est d\u00e9di\u00e9e \u00e0 l\u2019analyse des m\u00e9dias, des pratiques journalistiques et des mutations de l\u2019information \u00e0 l\u2019\u00e8re digitale. \u00c0 travers ses contributions, Wided Belhaj propose une lecture analytique de l\u2019actualit\u00e9, en croisant regard critique et expertise acad\u00e9mique.","knowsAbout":["m\u00e9dias","journalisme","communication","information","transformation num\u00e9rique","analyse des m\u00e9dias"],"knowsLanguage":["Fran\u00e7ais","Arabe"],"jobTitle":"Webdo.tn","worksFor":"Journaliste \u2013 Analyse des m\u00e9dias","url":"https:\/\/www.webdo.tn\/fr\/actualite\/author\/wided-belhaj\/"}]}},"_links":{"self":[{"href":"https:\/\/www.webdo.tn\/fr\/wp-json\/wp\/v2\/posts\/379130","targetHints":{"allow":["GET"]}}],"collection":[{"href":"https:\/\/www.webdo.tn\/fr\/wp-json\/wp\/v2\/posts"}],"about":[{"href":"https:\/\/www.webdo.tn\/fr\/wp-json\/wp\/v2\/types\/post"}],"author":[{"embeddable":true,"href":"https:\/\/www.webdo.tn\/fr\/wp-json\/wp\/v2\/users\/3184"}],"replies":[{"embeddable":true,"href":"https:\/\/www.webdo.tn\/fr\/wp-json\/wp\/v2\/comments?post=379130"}],"version-history":[{"count":0,"href":"https:\/\/www.webdo.tn\/fr\/wp-json\/wp\/v2\/posts\/379130\/revisions"}],"wp:featuredmedia":[{"embeddable":true,"href":"https:\/\/www.webdo.tn\/fr\/wp-json\/wp\/v2\/media\/376293"}],"wp:attachment":[{"href":"https:\/\/www.webdo.tn\/fr\/wp-json\/wp\/v2\/media?parent=379130"}],"wp:term":[{"taxonomy":"category","embeddable":true,"href":"https:\/\/www.webdo.tn\/fr\/wp-json\/wp\/v2\/categories?post=379130"},{"taxonomy":"post_tag","embeddable":true,"href":"https:\/\/www.webdo.tn\/fr\/wp-json\/wp\/v2\/tags?post=379130"}],"curies":[{"name":"wp","href":"https:\/\/api.w.org\/{rel}","templated":true}]}}