{"id":379118,"date":"2025-07-05T16:03:40","date_gmt":"2025-07-05T15:03:40","guid":{"rendered":"https:\/\/www.webdo.tn\/fr\/?p=379118"},"modified":"2025-07-07T07:52:33","modified_gmt":"2025-07-07T06:52:33","slug":"tunisair-le-ministere-limoge-le-president-du-conseil-dadministration","status":"publish","type":"post","link":"https:\/\/www.webdo.tn\/fr\/actualite\/national\/tunisair-le-ministere-limoge-le-president-du-conseil-dadministration\/379118\/","title":{"rendered":"Tunisair : le minist\u00e8re limoge le pr\u00e9sident du conseil d\u2019administration"},"content":{"rendered":"\n<p>Face \u00e0 la crise persistante au sein de Tunisair, marqu\u00e9e par de multiples perturbations de vols et une grogne croissante des passagers, le minist\u00e8re des Transports a publi\u00e9 ce samedi un communiqu\u00e9 sur sa page Facebook annon\u00e7ant une s\u00e9rie de d\u00e9cisions destin\u00e9es \u00e0 restaurer la confiance dans la compagnie nationale.<\/p>\n\n\n\n<p>Le minist\u00e8re souligne que Tunisair, per\u00e7ue par de nombreux Tunisiens comme un symbole national, a vu son image s\u00e9rieusement \u00e9corn\u00e9e ces derni\u00e8res semaines, en raison de d\u00e9sagr\u00e9ments r\u00e9p\u00e9t\u00e9s affectant les voyageurs.<\/p>\n\n\n\n<p>Agissant en concertation avec le pr\u00e9sident de la R\u00e9publique, Ka\u00efs Sa\u00efed, le minist\u00e8re affirme vouloir \u00ab\u00a0traiter tout ce qui entrave le service du citoyen\u00a0\u00bb. Parmi les mesures prises figure la r\u00e9vocation de M. Habib Mekki de ses fonctions de repr\u00e9sentant du minist\u00e8re au sein du conseil d\u2019administration, ce qui entra\u00eene automatiquement sa destitution en tant que pr\u00e9sident du conseil d\u2019administration.<\/p>\n\n\n\n<p>Il sera remplac\u00e9 par M. Tarek Bouazizi, conseiller aux affaires publiques, d\u00e9sign\u00e9 pour repr\u00e9senter d\u00e9sormais le minist\u00e8re au sein du conseil d\u2019administration. Ce dernier est \u00e9galement invit\u00e9 \u00e0 \u00e9lire dans les plus brefs d\u00e9lais un nouveau pr\u00e9sident.<\/p>\n\n\n\n<p>Par ailleurs, l\u2019ing\u00e9nieur a\u00e9ronautique Issam Hammam a \u00e9t\u00e9 charg\u00e9 de superviser provisoirement la direction g\u00e9n\u00e9rale de Tunisair Technics, en plus de ses responsabilit\u00e9s actuelles.<\/p>\n\n\n\n<p>Le minist\u00e8re a aussi \u00e9mis un avertissement ferme aux chefs d\u2019escale et aux repr\u00e9sentants de la compagnie \u00e0 l\u2019\u00e9tranger, leur enjoignant de mieux informer les passagers en cas de perturbations. Toute n\u00e9gligence sera d\u00e9sormais sanctionn\u00e9e.<\/p>\n\n\n\n<p>Enfin, le minist\u00e8re r\u00e9affirme son engagement \u00e0 suivre de pr\u00e8s les dossiers li\u00e9s \u00e0 la corruption administrative et financi\u00e8re qui ont conduit \u00e0 l\u2019\u00e9tat actuel de la compagnie.<\/p>\n\n\n\n<p><strong>Lire aussi<\/strong><\/p>\n\n\n\n<p><a href=\"https:\/\/www.webdo.tn\/fr\/actualite\/national\/tunisair-quand-la-fierte-nationale-vire-au-cauchemar-collectif\/378841\/\">Tunisair : Quand la \u00ab\u00a0fiert\u00e9 nationale\u00a0\u00bb vire au cauchemar collectif<br><\/a><\/p>\n\n\n\n<p><\/p>\n","protected":false},"excerpt":{"rendered":"<p>Face \u00e0 la crise persistante au sein de Tunisair, marqu\u00e9e par de multiples perturbations de vols et une grogne croissante des passagers, le minist\u00e8re des Transports a publi\u00e9 ce samedi un communiqu\u00e9 sur sa page Facebook annon\u00e7ant une s\u00e9rie de d\u00e9cisions destin\u00e9es \u00e0 restaurer la confiance dans la compagnie nationale. Le minist\u00e8re souligne que Tunisair, [&hellip;]<\/p>\n","protected":false},"author":4779,"featured_media":375845,"comment_status":"open","ping_status":"open","sticky":false,"template":"","format":"standard","meta":{"footnotes":""},"categories":[44],"tags":[3451,2608],"class_list":["post-379118","post","type-post","status-publish","format-standard","has-post-thumbnail","hentry","category-national","tag-tunisair","tag-tunisie"],"yoast_head":"<!-- This site is optimized with the Yoast SEO Premium plugin v27.5 (Yoast SEO v27.5) - https:\/\/yoast.com\/product\/yoast-seo-premium-wordpress\/ -->\n<title>Tunisair : le minist\u00e8re limoge le pr\u00e9sident du conseil d\u2019administration - webdo<\/title>\n<meta name=\"description\" content=\"Le minist\u00e8re limoge le pr\u00e9sident du conseil d\u2019administration de Tunisair pour restaurer la confiance et r\u00e9soudre la crise.\" \/>\n<link rel=\"canonical\" href=\"https:\/\/www.webdo.tn\/fr\/actualite\/national\/tunisair-le-ministere-limoge-le-president-du-conseil-dadministration\/379118\/\" \/>\n<meta property=\"og:locale\" content=\"fr_FR\" \/>\n<meta property=\"og:type\" content=\"article\" \/>\n<meta property=\"og:title\" content=\"Tunisair : le minist\u00e8re limoge le pr\u00e9sident du conseil d\u2019administration\" \/>\n<meta property=\"og:description\" content=\"Le minist\u00e8re limoge le pr\u00e9sident du conseil d\u2019administration de Tunisair pour restaurer la confiance et r\u00e9soudre la crise.\" \/>\n<meta property=\"og:url\" content=\"https:\/\/www.webdo.tn\/fr\/actualite\/national\/tunisair-le-ministere-limoge-le-president-du-conseil-dadministration\/379118\/\" \/>\n<meta property=\"og:site_name\" content=\"webdo\" \/>\n<meta property=\"article:publisher\" content=\"https:\/\/www.facebook.com\/webdotn\" \/>\n<meta property=\"article:published_time\" content=\"2025-07-05T15:03:40+00:00\" \/>\n<meta property=\"article:modified_time\" content=\"2025-07-07T06:52:33+00:00\" \/>\n<meta property=\"og:image\" content=\"https:\/\/www.webdo.tn\/fr\/wp-content\/uploads\/2025\/06\/Tunisair_180753.jpg\" \/>\n\t<meta property=\"og:image:width\" content=\"500\" \/>\n\t<meta property=\"og:image:height\" content=\"235\" \/>\n\t<meta property=\"og:image:type\" content=\"image\/jpeg\" \/>\n<meta name=\"author\" content=\"Firas Ben Abdeltif\" \/>\n<meta name=\"twitter:card\" content=\"summary_large_image\" \/>\n<meta name=\"twitter:creator\" content=\"@webdo_tn\" \/>\n<meta name=\"twitter:site\" content=\"@webdo_tn\" \/>\n<meta name=\"twitter:label1\" content=\"\u00c9crit par\" \/>\n\t<meta name=\"twitter:data1\" content=\"Firas Ben Abdeltif\" \/>\n\t<meta name=\"twitter:label2\" content=\"Dur\u00e9e de lecture estim\u00e9e\" \/>\n\t<meta name=\"twitter:data2\" content=\"2 minutes\" \/>\n<script type=\"application\/ld+json\" class=\"yoast-schema-graph\">{\"@context\":\"https:\\\/\\\/schema.org\",\"@graph\":[{\"@type\":\"NewsArticle\",\"@id\":\"https:\\\/\\\/www.webdo.tn\\\/fr\\\/actualite\\\/national\\\/tunisair-le-ministere-limoge-le-president-du-conseil-dadministration\\\/379118\\\/#article\",\"isPartOf\":{\"@id\":\"https:\\\/\\\/www.webdo.tn\\\/fr\\\/actualite\\\/national\\\/tunisair-le-ministere-limoge-le-president-du-conseil-dadministration\\\/379118\\\/\"},\"author\":{\"name\":\"Firas Ben Abdeltif\",\"@id\":\"https:\\\/\\\/www.webdo.tn\\\/fr\\\/#\\\/schema\\\/person\\\/19664196c9bfdcda126f3c27709f7d11\"},\"headline\":\"Tunisair : le minist\u00e8re limoge le pr\u00e9sident du conseil d\u2019administration\",\"datePublished\":\"2025-07-05T15:03:40+00:00\",\"dateModified\":\"2025-07-07T06:52:33+00:00\",\"mainEntityOfPage\":{\"@id\":\"https:\\\/\\\/www.webdo.tn\\\/fr\\\/actualite\\\/national\\\/tunisair-le-ministere-limoge-le-president-du-conseil-dadministration\\\/379118\\\/\"},\"wordCount\":335,\"commentCount\":0,\"publisher\":{\"@id\":\"https:\\\/\\\/www.webdo.tn\\\/fr\\\/#organization\"},\"image\":{\"@id\":\"https:\\\/\\\/www.webdo.tn\\\/fr\\\/actualite\\\/national\\\/tunisair-le-ministere-limoge-le-president-du-conseil-dadministration\\\/379118\\\/#primaryimage\"},\"thumbnailUrl\":\"https:\\\/\\\/www.webdo.tn\\\/fr\\\/wp-content\\\/uploads\\\/2025\\\/06\\\/Tunisair_180753.jpg\",\"keywords\":[\"Tunisair\",\"Tunisie\"],\"articleSection\":[\"National\"],\"inLanguage\":\"fr-FR\"},{\"@type\":\"WebPage\",\"@id\":\"https:\\\/\\\/www.webdo.tn\\\/fr\\\/actualite\\\/national\\\/tunisair-le-ministere-limoge-le-president-du-conseil-dadministration\\\/379118\\\/\",\"url\":\"https:\\\/\\\/www.webdo.tn\\\/fr\\\/actualite\\\/national\\\/tunisair-le-ministere-limoge-le-president-du-conseil-dadministration\\\/379118\\\/\",\"name\":\"Tunisair : le minist\u00e8re limoge le pr\u00e9sident du conseil d\u2019administration - webdo\",\"isPartOf\":{\"@id\":\"https:\\\/\\\/www.webdo.tn\\\/fr\\\/#website\"},\"primaryImageOfPage\":{\"@id\":\"https:\\\/\\\/www.webdo.tn\\\/fr\\\/actualite\\\/national\\\/tunisair-le-ministere-limoge-le-president-du-conseil-dadministration\\\/379118\\\/#primaryimage\"},\"image\":{\"@id\":\"https:\\\/\\\/www.webdo.tn\\\/fr\\\/actualite\\\/national\\\/tunisair-le-ministere-limoge-le-president-du-conseil-dadministration\\\/379118\\\/#primaryimage\"},\"thumbnailUrl\":\"https:\\\/\\\/www.webdo.tn\\\/fr\\\/wp-content\\\/uploads\\\/2025\\\/06\\\/Tunisair_180753.jpg\",\"datePublished\":\"2025-07-05T15:03:40+00:00\",\"dateModified\":\"2025-07-07T06:52:33+00:00\",\"description\":\"Le minist\u00e8re limoge le pr\u00e9sident du conseil d\u2019administration de Tunisair pour restaurer la confiance et r\u00e9soudre la crise.\",\"breadcrumb\":{\"@id\":\"https:\\\/\\\/www.webdo.tn\\\/fr\\\/actualite\\\/national\\\/tunisair-le-ministere-limoge-le-president-du-conseil-dadministration\\\/379118\\\/#breadcrumb\"},\"inLanguage\":\"fr-FR\",\"potentialAction\":[{\"@type\":\"ReadAction\",\"target\":[\"https:\\\/\\\/www.webdo.tn\\\/fr\\\/actualite\\\/national\\\/tunisair-le-ministere-limoge-le-president-du-conseil-dadministration\\\/379118\\\/\"]}]},{\"@type\":\"ImageObject\",\"inLanguage\":\"fr-FR\",\"@id\":\"https:\\\/\\\/www.webdo.tn\\\/fr\\\/actualite\\\/national\\\/tunisair-le-ministere-limoge-le-president-du-conseil-dadministration\\\/379118\\\/#primaryimage\",\"url\":\"https:\\\/\\\/www.webdo.tn\\\/fr\\\/wp-content\\\/uploads\\\/2025\\\/06\\\/Tunisair_180753.jpg\",\"contentUrl\":\"https:\\\/\\\/www.webdo.tn\\\/fr\\\/wp-content\\\/uploads\\\/2025\\\/06\\\/Tunisair_180753.jpg\",\"width\":500,\"height\":235,\"caption\":\"\u201cPromo Automne 2017\u201d, la nouvelle offre de Tunisair\"},{\"@type\":\"BreadcrumbList\",\"@id\":\"https:\\\/\\\/www.webdo.tn\\\/fr\\\/actualite\\\/national\\\/tunisair-le-ministere-limoge-le-president-du-conseil-dadministration\\\/379118\\\/#breadcrumb\",\"itemListElement\":[{\"@type\":\"ListItem\",\"position\":1,\"name\":\"Accueil\",\"item\":\"https:\\\/\\\/www.webdo.tn\\\/fr\\\/\"},{\"@type\":\"ListItem\",\"position\":2,\"name\":\"Tunisair : le minist\u00e8re limoge le pr\u00e9sident du conseil d\u2019administration\"}]},{\"@type\":\"WebSite\",\"@id\":\"https:\\\/\\\/www.webdo.tn\\\/fr\\\/#website\",\"url\":\"https:\\\/\\\/www.webdo.tn\\\/fr\\\/\",\"name\":\"webdo\",\"description\":\"Tunisie - News en Tunisie et \u00e0 l&#039;international sur Webdo.tn\",\"publisher\":{\"@id\":\"https:\\\/\\\/www.webdo.tn\\\/fr\\\/#organization\"},\"potentialAction\":[{\"@type\":\"SearchAction\",\"target\":{\"@type\":\"EntryPoint\",\"urlTemplate\":\"https:\\\/\\\/www.webdo.tn\\\/fr\\\/?s={search_term_string}\"},\"query-input\":{\"@type\":\"PropertyValueSpecification\",\"valueRequired\":true,\"valueName\":\"search_term_string\"}}],\"inLanguage\":\"fr-FR\"},{\"@type\":\"Organization\",\"@id\":\"https:\\\/\\\/www.webdo.tn\\\/fr\\\/#organization\",\"name\":\"Webdo\",\"alternateName\":\"Webdo.tn\",\"url\":\"https:\\\/\\\/www.webdo.tn\\\/fr\\\/\",\"logo\":{\"@type\":\"ImageObject\",\"inLanguage\":\"fr-FR\",\"@id\":\"https:\\\/\\\/www.webdo.tn\\\/fr\\\/#\\\/schema\\\/logo\\\/image\\\/\",\"url\":\"https:\\\/\\\/www.webdo.tn\\\/fr\\\/wp-content\\\/uploads\\\/2025\\\/06\\\/Webdo-Tunisie_168377.jpg\",\"contentUrl\":\"https:\\\/\\\/www.webdo.tn\\\/fr\\\/wp-content\\\/uploads\\\/2025\\\/06\\\/Webdo-Tunisie_168377.jpg\",\"width\":301,\"height\":301,\"caption\":\"Webdo\"},\"image\":{\"@id\":\"https:\\\/\\\/www.webdo.tn\\\/fr\\\/#\\\/schema\\\/logo\\\/image\\\/\"},\"sameAs\":[\"https:\\\/\\\/www.facebook.com\\\/webdotn\",\"https:\\\/\\\/x.com\\\/webdo_tn\"],\"description\":\"Webdo est un m\u00e9dia num\u00e9rique tunisien fond\u00e9 en 2010, sp\u00e9cialis\u00e9 dans l\u2019actualit\u00e9 nationale et internationale, l\u2019\u00e9conomie, la soci\u00e9t\u00e9 et les analyses politiques. Le site s\u2019adresse \u00e0 un large public francophone et couvre l\u2019information tunisienne en temps r\u00e9el.\",\"email\":\"redac@webdo.tn\",\"legalName\":\"YNJ SARL\",\"foundingDate\":\"2010-09-06\",\"numberOfEmployees\":{\"@type\":\"QuantitativeValue\",\"minValue\":\"11\",\"maxValue\":\"50\"}},{\"@type\":\"Person\",\"@id\":\"https:\\\/\\\/www.webdo.tn\\\/fr\\\/#\\\/schema\\\/person\\\/19664196c9bfdcda126f3c27709f7d11\",\"name\":\"Firas Ben Abdeltif\",\"image\":{\"@type\":\"ImageObject\",\"inLanguage\":\"fr-FR\",\"@id\":\"https:\\\/\\\/secure.gravatar.com\\\/avatar\\\/161a347d40df098a084778c52ed133dbd85f14df003867067c5948081241ec55?s=96&d=mm&r=g\",\"url\":\"https:\\\/\\\/secure.gravatar.com\\\/avatar\\\/161a347d40df098a084778c52ed133dbd85f14df003867067c5948081241ec55?s=96&d=mm&r=g\",\"contentUrl\":\"https:\\\/\\\/secure.gravatar.com\\\/avatar\\\/161a347d40df098a084778c52ed133dbd85f14df003867067c5948081241ec55?s=96&d=mm&r=g\",\"caption\":\"Firas Ben Abdeltif\"},\"url\":\"https:\\\/\\\/www.webdo.tn\\\/fr\\\/actualite\\\/author\\\/firas-ben-abdeltif\\\/\"}]}<\/script>\n<!-- \/ Yoast SEO Premium plugin. -->","yoast_head_json":{"title":"Tunisair : le minist\u00e8re limoge le pr\u00e9sident du conseil d\u2019administration - webdo","description":"Le minist\u00e8re limoge le pr\u00e9sident du conseil d\u2019administration de Tunisair pour restaurer la confiance et r\u00e9soudre la crise.","canonical":"https:\/\/www.webdo.tn\/fr\/actualite\/national\/tunisair-le-ministere-limoge-le-president-du-conseil-dadministration\/379118\/","og_locale":"fr_FR","og_type":"article","og_title":"Tunisair : le minist\u00e8re limoge le pr\u00e9sident du conseil d\u2019administration","og_description":"Le minist\u00e8re limoge le pr\u00e9sident du conseil d\u2019administration de Tunisair pour restaurer la confiance et r\u00e9soudre la crise.","og_url":"https:\/\/www.webdo.tn\/fr\/actualite\/national\/tunisair-le-ministere-limoge-le-president-du-conseil-dadministration\/379118\/","og_site_name":"webdo","article_publisher":"https:\/\/www.facebook.com\/webdotn","article_published_time":"2025-07-05T15:03:40+00:00","article_modified_time":"2025-07-07T06:52:33+00:00","og_image":[{"width":500,"height":235,"url":"https:\/\/www.webdo.tn\/fr\/wp-content\/uploads\/2025\/06\/Tunisair_180753.jpg","type":"image\/jpeg"}],"author":"Firas Ben Abdeltif","twitter_card":"summary_large_image","twitter_creator":"@webdo_tn","twitter_site":"@webdo_tn","twitter_misc":{"\u00c9crit par":"Firas Ben Abdeltif","Dur\u00e9e de lecture estim\u00e9e":"2 minutes"},"schema":{"@context":"https:\/\/schema.org","@graph":[{"@type":"NewsArticle","@id":"https:\/\/www.webdo.tn\/fr\/actualite\/national\/tunisair-le-ministere-limoge-le-president-du-conseil-dadministration\/379118\/#article","isPartOf":{"@id":"https:\/\/www.webdo.tn\/fr\/actualite\/national\/tunisair-le-ministere-limoge-le-president-du-conseil-dadministration\/379118\/"},"author":{"name":"Firas Ben Abdeltif","@id":"https:\/\/www.webdo.tn\/fr\/#\/schema\/person\/19664196c9bfdcda126f3c27709f7d11"},"headline":"Tunisair : le minist\u00e8re limoge le pr\u00e9sident du conseil d\u2019administration","datePublished":"2025-07-05T15:03:40+00:00","dateModified":"2025-07-07T06:52:33+00:00","mainEntityOfPage":{"@id":"https:\/\/www.webdo.tn\/fr\/actualite\/national\/tunisair-le-ministere-limoge-le-president-du-conseil-dadministration\/379118\/"},"wordCount":335,"commentCount":0,"publisher":{"@id":"https:\/\/www.webdo.tn\/fr\/#organization"},"image":{"@id":"https:\/\/www.webdo.tn\/fr\/actualite\/national\/tunisair-le-ministere-limoge-le-president-du-conseil-dadministration\/379118\/#primaryimage"},"thumbnailUrl":"https:\/\/www.webdo.tn\/fr\/wp-content\/uploads\/2025\/06\/Tunisair_180753.jpg","keywords":["Tunisair","Tunisie"],"articleSection":["National"],"inLanguage":"fr-FR"},{"@type":"WebPage","@id":"https:\/\/www.webdo.tn\/fr\/actualite\/national\/tunisair-le-ministere-limoge-le-president-du-conseil-dadministration\/379118\/","url":"https:\/\/www.webdo.tn\/fr\/actualite\/national\/tunisair-le-ministere-limoge-le-president-du-conseil-dadministration\/379118\/","name":"Tunisair : le minist\u00e8re limoge le pr\u00e9sident du conseil d\u2019administration - webdo","isPartOf":{"@id":"https:\/\/www.webdo.tn\/fr\/#website"},"primaryImageOfPage":{"@id":"https:\/\/www.webdo.tn\/fr\/actualite\/national\/tunisair-le-ministere-limoge-le-president-du-conseil-dadministration\/379118\/#primaryimage"},"image":{"@id":"https:\/\/www.webdo.tn\/fr\/actualite\/national\/tunisair-le-ministere-limoge-le-president-du-conseil-dadministration\/379118\/#primaryimage"},"thumbnailUrl":"https:\/\/www.webdo.tn\/fr\/wp-content\/uploads\/2025\/06\/Tunisair_180753.jpg","datePublished":"2025-07-05T15:03:40+00:00","dateModified":"2025-07-07T06:52:33+00:00","description":"Le minist\u00e8re limoge le pr\u00e9sident du conseil d\u2019administration de Tunisair pour restaurer la confiance et r\u00e9soudre la crise.","breadcrumb":{"@id":"https:\/\/www.webdo.tn\/fr\/actualite\/national\/tunisair-le-ministere-limoge-le-president-du-conseil-dadministration\/379118\/#breadcrumb"},"inLanguage":"fr-FR","potentialAction":[{"@type":"ReadAction","target":["https:\/\/www.webdo.tn\/fr\/actualite\/national\/tunisair-le-ministere-limoge-le-president-du-conseil-dadministration\/379118\/"]}]},{"@type":"ImageObject","inLanguage":"fr-FR","@id":"https:\/\/www.webdo.tn\/fr\/actualite\/national\/tunisair-le-ministere-limoge-le-president-du-conseil-dadministration\/379118\/#primaryimage","url":"https:\/\/www.webdo.tn\/fr\/wp-content\/uploads\/2025\/06\/Tunisair_180753.jpg","contentUrl":"https:\/\/www.webdo.tn\/fr\/wp-content\/uploads\/2025\/06\/Tunisair_180753.jpg","width":500,"height":235,"caption":"\u201cPromo Automne 2017\u201d, la nouvelle offre de Tunisair"},{"@type":"BreadcrumbList","@id":"https:\/\/www.webdo.tn\/fr\/actualite\/national\/tunisair-le-ministere-limoge-le-president-du-conseil-dadministration\/379118\/#breadcrumb","itemListElement":[{"@type":"ListItem","position":1,"name":"Accueil","item":"https:\/\/www.webdo.tn\/fr\/"},{"@type":"ListItem","position":2,"name":"Tunisair : le minist\u00e8re limoge le pr\u00e9sident du conseil d\u2019administration"}]},{"@type":"WebSite","@id":"https:\/\/www.webdo.tn\/fr\/#website","url":"https:\/\/www.webdo.tn\/fr\/","name":"webdo","description":"Tunisie - News en Tunisie et \u00e0 l&#039;international sur Webdo.tn","publisher":{"@id":"https:\/\/www.webdo.tn\/fr\/#organization"},"potentialAction":[{"@type":"SearchAction","target":{"@type":"EntryPoint","urlTemplate":"https:\/\/www.webdo.tn\/fr\/?s={search_term_string}"},"query-input":{"@type":"PropertyValueSpecification","valueRequired":true,"valueName":"search_term_string"}}],"inLanguage":"fr-FR"},{"@type":"Organization","@id":"https:\/\/www.webdo.tn\/fr\/#organization","name":"Webdo","alternateName":"Webdo.tn","url":"https:\/\/www.webdo.tn\/fr\/","logo":{"@type":"ImageObject","inLanguage":"fr-FR","@id":"https:\/\/www.webdo.tn\/fr\/#\/schema\/logo\/image\/","url":"https:\/\/www.webdo.tn\/fr\/wp-content\/uploads\/2025\/06\/Webdo-Tunisie_168377.jpg","contentUrl":"https:\/\/www.webdo.tn\/fr\/wp-content\/uploads\/2025\/06\/Webdo-Tunisie_168377.jpg","width":301,"height":301,"caption":"Webdo"},"image":{"@id":"https:\/\/www.webdo.tn\/fr\/#\/schema\/logo\/image\/"},"sameAs":["https:\/\/www.facebook.com\/webdotn","https:\/\/x.com\/webdo_tn"],"description":"Webdo est un m\u00e9dia num\u00e9rique tunisien fond\u00e9 en 2010, sp\u00e9cialis\u00e9 dans l\u2019actualit\u00e9 nationale et internationale, l\u2019\u00e9conomie, la soci\u00e9t\u00e9 et les analyses politiques. Le site s\u2019adresse \u00e0 un large public francophone et couvre l\u2019information tunisienne en temps r\u00e9el.","email":"redac@webdo.tn","legalName":"YNJ SARL","foundingDate":"2010-09-06","numberOfEmployees":{"@type":"QuantitativeValue","minValue":"11","maxValue":"50"}},{"@type":"Person","@id":"https:\/\/www.webdo.tn\/fr\/#\/schema\/person\/19664196c9bfdcda126f3c27709f7d11","name":"Firas Ben Abdeltif","image":{"@type":"ImageObject","inLanguage":"fr-FR","@id":"https:\/\/secure.gravatar.com\/avatar\/161a347d40df098a084778c52ed133dbd85f14df003867067c5948081241ec55?s=96&d=mm&r=g","url":"https:\/\/secure.gravatar.com\/avatar\/161a347d40df098a084778c52ed133dbd85f14df003867067c5948081241ec55?s=96&d=mm&r=g","contentUrl":"https:\/\/secure.gravatar.com\/avatar\/161a347d40df098a084778c52ed133dbd85f14df003867067c5948081241ec55?s=96&d=mm&r=g","caption":"Firas Ben Abdeltif"},"url":"https:\/\/www.webdo.tn\/fr\/actualite\/author\/firas-ben-abdeltif\/"}]}},"_links":{"self":[{"href":"https:\/\/www.webdo.tn\/fr\/wp-json\/wp\/v2\/posts\/379118","targetHints":{"allow":["GET"]}}],"collection":[{"href":"https:\/\/www.webdo.tn\/fr\/wp-json\/wp\/v2\/posts"}],"about":[{"href":"https:\/\/www.webdo.tn\/fr\/wp-json\/wp\/v2\/types\/post"}],"author":[{"embeddable":true,"href":"https:\/\/www.webdo.tn\/fr\/wp-json\/wp\/v2\/users\/4779"}],"replies":[{"embeddable":true,"href":"https:\/\/www.webdo.tn\/fr\/wp-json\/wp\/v2\/comments?post=379118"}],"version-history":[{"count":0,"href":"https:\/\/www.webdo.tn\/fr\/wp-json\/wp\/v2\/posts\/379118\/revisions"}],"wp:featuredmedia":[{"embeddable":true,"href":"https:\/\/www.webdo.tn\/fr\/wp-json\/wp\/v2\/media\/375845"}],"wp:attachment":[{"href":"https:\/\/www.webdo.tn\/fr\/wp-json\/wp\/v2\/media?parent=379118"}],"wp:term":[{"taxonomy":"category","embeddable":true,"href":"https:\/\/www.webdo.tn\/fr\/wp-json\/wp\/v2\/categories?post=379118"},{"taxonomy":"post_tag","embeddable":true,"href":"https:\/\/www.webdo.tn\/fr\/wp-json\/wp\/v2\/tags?post=379118"}],"curies":[{"name":"wp","href":"https:\/\/api.w.org\/{rel}","templated":true}]}}