{"id":379115,"date":"2025-07-05T12:52:31","date_gmt":"2025-07-05T11:52:31","guid":{"rendered":"https:\/\/www.webdo.tn\/fr\/?p=379115"},"modified":"2025-07-07T07:52:21","modified_gmt":"2025-07-07T06:52:21","slug":"tunisie-vers-une-refonte-du-code-des-collectivites-locales-pour-ladapter-a-la-constitution-de-2022","status":"publish","type":"post","link":"https:\/\/www.webdo.tn\/fr\/actualite\/national\/tunisie-vers-une-refonte-du-code-des-collectivites-locales-pour-ladapter-a-la-constitution-de-2022\/379115\/","title":{"rendered":"Tunisie\u00a0: Vers une refonte du Code des collectivit\u00e9s locales pour l\u2019adapter \u00e0 la Constitution de 2022"},"content":{"rendered":"\n<p><strong>Lors d\u2019une audition du minist\u00e8re de l\u2019Int\u00e9rieur, des d\u00e9put\u00e9s de l\u2019Assembl\u00e9e ont plaid\u00e9 pour une r\u00e9vision en profondeur du Code des collectivit\u00e9s locales, jug\u00e9 inadapt\u00e9 au nouveau cadre institutionnel post-Constitution de 2022. Urbanisme, environnement et gestion municipale \u00e9taient au c\u0153ur des pr\u00e9occupations.<\/strong><\/p>\n\n\n\n<p>L\u2019Assembl\u00e9e des repr\u00e9sentants du peuple (ARP) s\u2019oriente vers une refonte du Code des collectivit\u00e9s locales, \u00e0 la lumi\u00e8re des changements institutionnels introduits par la Constitution du 25 juillet 2022.<\/p>\n\n\n\n<p>R\u00e9unis vendredi au sein de la Commission de la d\u00e9fense, de la s\u00e9curit\u00e9 et des forces porteuses d\u2019armes, les d\u00e9put\u00e9s ont auditionn\u00e9 des responsables du minist\u00e8re de l\u2019Int\u00e9rieur, appelant \u00e0 une mise \u00e0 jour urgente du cadre l\u00e9gislatif encadrant la gouvernance locale.<\/p>\n\n\n\n<p>Selon les \u00e9lus, l\u2019actuel Code, h\u00e9rit\u00e9 de la p\u00e9riode post-2011, n\u2019est plus en phase avec l\u2019architecture politique et administrative actuelle, marqu\u00e9e par une recentralisation de l\u2019action publique. Ils ont \u00e9galement soulign\u00e9 la n\u00e9cessit\u00e9 de r\u00e9viser le Code de l\u2019am\u00e9nagement du territoire et de l\u2019urbanisme, ainsi que les plans d\u2019urbanisme, jug\u00e9s obsol\u00e8tes face \u00e0 l\u2019expansion urbaine rapide.<\/p>\n\n\n\n<p>Les repr\u00e9sentants du minist\u00e8re ont confirm\u00e9 qu\u2019un projet de r\u00e9vision du Code des collectivit\u00e9s locales est en cours d\u2019\u00e9laboration, conform\u00e9ment \u00e0 la nouvelle Constitution. Parmi les mesures envisag\u00e9es figure la cr\u00e9ation d\u2019un organe central d\u00e9di\u00e9 \u00e0 l\u2019urbanisme, destin\u00e9 \u00e0 coordonner les politiques municipales et \u00e0 acc\u00e9l\u00e9rer la mise \u00e0 jour des plans d\u2019am\u00e9nagement.<\/p>\n\n\n\n<p>Dans leur expos\u00e9, les cadres du minist\u00e8re ont pr\u00e9cis\u00e9 que 45% des d\u00e9penses courantes des municipalit\u00e9s sont consacr\u00e9es \u00e0 la propret\u00e9 et \u00e0 l\u2019environnement, avec un taux national de collecte des d\u00e9chets m\u00e9nagers de 84%.<\/p>\n\n\n\n<p>Toutefois, la multiplicit\u00e9 des intervenants complique la coordination. Pour y rem\u00e9dier, ils ont \u00e9voqu\u00e9 un programme de r\u00e9habilitation des d\u00e9charges prioritaires, ciblant notamment les zones encore priv\u00e9es de solutions de traitement des d\u00e9chets.<\/p>\n\n\n\n<p>C\u00f4t\u00e9 parlementaire, les d\u00e9put\u00e9s ont exprim\u00e9 leurs vives inqui\u00e9tudes face \u00e0 la prolif\u00e9ration des constructions ill\u00e9gales, \u00e0 l\u2019occupation anarchique de l\u2019espace public et aux lacunes des plans d\u2019am\u00e9nagement face \u00e0 l\u2019\u00e9talement urbain.<\/p>\n\n\n\n<p>Ils ont \u00e9galement soulev\u00e9 les difficult\u00e9s persistantes d\u2019acc\u00e8s aux r\u00e9seaux d\u2019eau et d\u2019\u00e9lectricit\u00e9 dans certaines zones, appelant \u00e0 un renforcement du r\u00f4le de la police municipale et de la garde municipale dans l\u2019application de la r\u00e9glementation.<\/p>\n\n\n\n<p>Les responsables du minist\u00e8re ont reconnu que l\u2019octroi des permis de raccordement d\u00e9pend de plusieurs institutions, mais ont assur\u00e9 que des instructions ont \u00e9t\u00e9 donn\u00e9es aux d\u00e9l\u00e9gu\u00e9s administratifs pour acc\u00e9l\u00e9rer le traitement des dossiers r\u00e9gularisables. Des solutions l\u00e9gales structurelles sont \u00e0 l\u2019\u00e9tude pour r\u00e9gler ces dysfonctionnements.<\/p>\n\n\n\n<p>Quant aux missions de la police et de la garde municipales, les repr\u00e9sentants du minist\u00e8re ont affirm\u00e9 qu\u2019elles sont \u00ab pleinement assur\u00e9es \u00bb, mais dans la limite des effectifs disponibles. Ils ont plaid\u00e9 pour une augmentation des ressources humaines et logistiques afin de garantir une meilleure pr\u00e9sence sur le terrain et une application plus efficace de la loi.<\/p>\n","protected":false},"excerpt":{"rendered":"<p>Lors d\u2019une audition du minist\u00e8re de l\u2019Int\u00e9rieur, des d\u00e9put\u00e9s de l\u2019Assembl\u00e9e ont plaid\u00e9 pour une r\u00e9vision en profondeur du Code des collectivit\u00e9s locales, jug\u00e9 inadapt\u00e9 au nouveau cadre institutionnel post-Constitution de 2022. Urbanisme, environnement et gestion municipale \u00e9taient au c\u0153ur des pr\u00e9occupations. L\u2019Assembl\u00e9e des repr\u00e9sentants du peuple (ARP) s\u2019oriente vers une refonte du Code des [&hellip;]<\/p>\n","protected":false},"author":3191,"featured_media":379116,"comment_status":"open","ping_status":"open","sticky":false,"template":"","format":"standard","meta":{"footnotes":""},"categories":[44],"tags":[12120,3224,2882,3717,2608,4885],"class_list":["post-379115","post","type-post","status-publish","format-standard","has-post-thumbnail","hentry","category-national","tag-collectivites-locales","tag-constructions-anarchiques","tag-environnement","tag-municipalites","tag-tunisie","tag-urbanisme"],"yoast_head":"<!-- This site is optimized with the Yoast SEO Premium plugin v27.5 (Yoast SEO v27.5) - https:\/\/yoast.com\/product\/yoast-seo-premium-wordpress\/ -->\n<title>Tunisie\u00a0: Vers une refonte du Code des collectivit\u00e9s locales pour l\u2019adapter \u00e0 la Constitution de 2022 - webdo<\/title>\n<meta name=\"description\" content=\"Analyse du Code des collectivit\u00e9s locales r\u00e9clam\u00e9e par des d\u00e9put\u00e9s pour l&#039;adapter aux nouvelles r\u00e9alit\u00e9s institutionnelles de 2022.\" \/>\n<link rel=\"canonical\" href=\"https:\/\/www.webdo.tn\/fr\/actualite\/national\/tunisie-vers-une-refonte-du-code-des-collectivites-locales-pour-ladapter-a-la-constitution-de-2022\/379115\/\" \/>\n<meta property=\"og:locale\" content=\"fr_FR\" \/>\n<meta property=\"og:type\" content=\"article\" \/>\n<meta property=\"og:title\" content=\"Tunisie\u00a0: Vers une refonte du Code des collectivit\u00e9s locales pour l\u2019adapter \u00e0 la Constitution de 2022\" \/>\n<meta property=\"og:description\" content=\"Analyse du Code des collectivit\u00e9s locales r\u00e9clam\u00e9e par des d\u00e9put\u00e9s pour l&#039;adapter aux nouvelles r\u00e9alit\u00e9s institutionnelles de 2022.\" \/>\n<meta property=\"og:url\" content=\"https:\/\/www.webdo.tn\/fr\/actualite\/national\/tunisie-vers-une-refonte-du-code-des-collectivites-locales-pour-ladapter-a-la-constitution-de-2022\/379115\/\" \/>\n<meta property=\"og:site_name\" content=\"webdo\" \/>\n<meta property=\"article:publisher\" content=\"https:\/\/www.facebook.com\/webdotn\" \/>\n<meta property=\"article:published_time\" content=\"2025-07-05T11:52:31+00:00\" \/>\n<meta property=\"article:modified_time\" content=\"2025-07-07T06:52:21+00:00\" \/>\n<meta property=\"og:image\" content=\"https:\/\/www.webdo.tn\/fr\/wp-content\/uploads\/2025\/07\/514414640_1066253712282077_4855952390855142269_n.jpg\" \/>\n\t<meta property=\"og:image:width\" content=\"2048\" \/>\n\t<meta property=\"og:image:height\" content=\"1094\" \/>\n\t<meta property=\"og:image:type\" content=\"image\/jpeg\" \/>\n<meta name=\"author\" content=\"Mohamed Hedi Touati\" \/>\n<meta name=\"twitter:card\" content=\"summary_large_image\" \/>\n<meta name=\"twitter:creator\" content=\"@webdo_tn\" \/>\n<meta name=\"twitter:site\" content=\"@webdo_tn\" \/>\n<meta name=\"twitter:label1\" content=\"\u00c9crit par\" \/>\n\t<meta name=\"twitter:data1\" content=\"Mohamed Hedi Touati\" \/>\n\t<meta name=\"twitter:label2\" content=\"Dur\u00e9e de lecture estim\u00e9e\" \/>\n\t<meta name=\"twitter:data2\" content=\"3 minutes\" \/>\n<script type=\"application\/ld+json\" class=\"yoast-schema-graph\">{\"@context\":\"https:\\\/\\\/schema.org\",\"@graph\":[{\"@type\":\"NewsArticle\",\"@id\":\"https:\\\/\\\/www.webdo.tn\\\/fr\\\/actualite\\\/national\\\/tunisie-vers-une-refonte-du-code-des-collectivites-locales-pour-ladapter-a-la-constitution-de-2022\\\/379115\\\/#article\",\"isPartOf\":{\"@id\":\"https:\\\/\\\/www.webdo.tn\\\/fr\\\/actualite\\\/national\\\/tunisie-vers-une-refonte-du-code-des-collectivites-locales-pour-ladapter-a-la-constitution-de-2022\\\/379115\\\/\"},\"author\":{\"name\":\"Mohamed Hedi Touati\",\"@id\":\"https:\\\/\\\/www.webdo.tn\\\/fr\\\/#\\\/schema\\\/person\\\/c652cd8fc2b1b44412b5ffb48c5a911d\"},\"headline\":\"Tunisie\u00a0: Vers une refonte du Code des collectivit\u00e9s locales pour l\u2019adapter \u00e0 la Constitution de 2022\",\"datePublished\":\"2025-07-05T11:52:31+00:00\",\"dateModified\":\"2025-07-07T06:52:21+00:00\",\"mainEntityOfPage\":{\"@id\":\"https:\\\/\\\/www.webdo.tn\\\/fr\\\/actualite\\\/national\\\/tunisie-vers-une-refonte-du-code-des-collectivites-locales-pour-ladapter-a-la-constitution-de-2022\\\/379115\\\/\"},\"wordCount\":566,\"commentCount\":0,\"publisher\":{\"@id\":\"https:\\\/\\\/www.webdo.tn\\\/fr\\\/#organization\"},\"image\":{\"@id\":\"https:\\\/\\\/www.webdo.tn\\\/fr\\\/actualite\\\/national\\\/tunisie-vers-une-refonte-du-code-des-collectivites-locales-pour-ladapter-a-la-constitution-de-2022\\\/379115\\\/#primaryimage\"},\"thumbnailUrl\":\"https:\\\/\\\/www.webdo.tn\\\/fr\\\/wp-content\\\/uploads\\\/2025\\\/07\\\/514414640_1066253712282077_4855952390855142269_n.jpg\",\"keywords\":[\"collectivit\u00e9s locales\",\"constructions anarchiques\",\"environnement\",\"Municipalit\u00e9s\",\"Tunisie\",\"urbanisme\"],\"articleSection\":[\"National\"],\"inLanguage\":\"fr-FR\"},{\"@type\":\"WebPage\",\"@id\":\"https:\\\/\\\/www.webdo.tn\\\/fr\\\/actualite\\\/national\\\/tunisie-vers-une-refonte-du-code-des-collectivites-locales-pour-ladapter-a-la-constitution-de-2022\\\/379115\\\/\",\"url\":\"https:\\\/\\\/www.webdo.tn\\\/fr\\\/actualite\\\/national\\\/tunisie-vers-une-refonte-du-code-des-collectivites-locales-pour-ladapter-a-la-constitution-de-2022\\\/379115\\\/\",\"name\":\"Tunisie\u00a0: Vers une refonte du Code des collectivit\u00e9s locales pour l\u2019adapter \u00e0 la Constitution de 2022 - webdo\",\"isPartOf\":{\"@id\":\"https:\\\/\\\/www.webdo.tn\\\/fr\\\/#website\"},\"primaryImageOfPage\":{\"@id\":\"https:\\\/\\\/www.webdo.tn\\\/fr\\\/actualite\\\/national\\\/tunisie-vers-une-refonte-du-code-des-collectivites-locales-pour-ladapter-a-la-constitution-de-2022\\\/379115\\\/#primaryimage\"},\"image\":{\"@id\":\"https:\\\/\\\/www.webdo.tn\\\/fr\\\/actualite\\\/national\\\/tunisie-vers-une-refonte-du-code-des-collectivites-locales-pour-ladapter-a-la-constitution-de-2022\\\/379115\\\/#primaryimage\"},\"thumbnailUrl\":\"https:\\\/\\\/www.webdo.tn\\\/fr\\\/wp-content\\\/uploads\\\/2025\\\/07\\\/514414640_1066253712282077_4855952390855142269_n.jpg\",\"datePublished\":\"2025-07-05T11:52:31+00:00\",\"dateModified\":\"2025-07-07T06:52:21+00:00\",\"description\":\"Analyse du Code des collectivit\u00e9s locales r\u00e9clam\u00e9e par des d\u00e9put\u00e9s pour l'adapter aux nouvelles r\u00e9alit\u00e9s institutionnelles de 2022.\",\"breadcrumb\":{\"@id\":\"https:\\\/\\\/www.webdo.tn\\\/fr\\\/actualite\\\/national\\\/tunisie-vers-une-refonte-du-code-des-collectivites-locales-pour-ladapter-a-la-constitution-de-2022\\\/379115\\\/#breadcrumb\"},\"inLanguage\":\"fr-FR\",\"potentialAction\":[{\"@type\":\"ReadAction\",\"target\":[\"https:\\\/\\\/www.webdo.tn\\\/fr\\\/actualite\\\/national\\\/tunisie-vers-une-refonte-du-code-des-collectivites-locales-pour-ladapter-a-la-constitution-de-2022\\\/379115\\\/\"]}]},{\"@type\":\"ImageObject\",\"inLanguage\":\"fr-FR\",\"@id\":\"https:\\\/\\\/www.webdo.tn\\\/fr\\\/actualite\\\/national\\\/tunisie-vers-une-refonte-du-code-des-collectivites-locales-pour-ladapter-a-la-constitution-de-2022\\\/379115\\\/#primaryimage\",\"url\":\"https:\\\/\\\/www.webdo.tn\\\/fr\\\/wp-content\\\/uploads\\\/2025\\\/07\\\/514414640_1066253712282077_4855952390855142269_n.jpg\",\"contentUrl\":\"https:\\\/\\\/www.webdo.tn\\\/fr\\\/wp-content\\\/uploads\\\/2025\\\/07\\\/514414640_1066253712282077_4855952390855142269_n.jpg\",\"width\":2048,\"height\":1094,\"caption\":\"Vers une refonte du Code des collectivit\u00e9s locales pour l\u2019adapter \u00e0 la Constitution de 2022\"},{\"@type\":\"BreadcrumbList\",\"@id\":\"https:\\\/\\\/www.webdo.tn\\\/fr\\\/actualite\\\/national\\\/tunisie-vers-une-refonte-du-code-des-collectivites-locales-pour-ladapter-a-la-constitution-de-2022\\\/379115\\\/#breadcrumb\",\"itemListElement\":[{\"@type\":\"ListItem\",\"position\":1,\"name\":\"Accueil\",\"item\":\"https:\\\/\\\/www.webdo.tn\\\/fr\\\/\"},{\"@type\":\"ListItem\",\"position\":2,\"name\":\"Tunisie\u00a0: Vers une refonte du Code des collectivit\u00e9s locales pour l\u2019adapter \u00e0 la Constitution de 2022\"}]},{\"@type\":\"WebSite\",\"@id\":\"https:\\\/\\\/www.webdo.tn\\\/fr\\\/#website\",\"url\":\"https:\\\/\\\/www.webdo.tn\\\/fr\\\/\",\"name\":\"webdo\",\"description\":\"Tunisie - News en Tunisie et \u00e0 l&#039;international sur Webdo.tn\",\"publisher\":{\"@id\":\"https:\\\/\\\/www.webdo.tn\\\/fr\\\/#organization\"},\"potentialAction\":[{\"@type\":\"SearchAction\",\"target\":{\"@type\":\"EntryPoint\",\"urlTemplate\":\"https:\\\/\\\/www.webdo.tn\\\/fr\\\/?s={search_term_string}\"},\"query-input\":{\"@type\":\"PropertyValueSpecification\",\"valueRequired\":true,\"valueName\":\"search_term_string\"}}],\"inLanguage\":\"fr-FR\"},{\"@type\":\"Organization\",\"@id\":\"https:\\\/\\\/www.webdo.tn\\\/fr\\\/#organization\",\"name\":\"Webdo\",\"alternateName\":\"Webdo.tn\",\"url\":\"https:\\\/\\\/www.webdo.tn\\\/fr\\\/\",\"logo\":{\"@type\":\"ImageObject\",\"inLanguage\":\"fr-FR\",\"@id\":\"https:\\\/\\\/www.webdo.tn\\\/fr\\\/#\\\/schema\\\/logo\\\/image\\\/\",\"url\":\"https:\\\/\\\/www.webdo.tn\\\/fr\\\/wp-content\\\/uploads\\\/2025\\\/06\\\/Webdo-Tunisie_168377.jpg\",\"contentUrl\":\"https:\\\/\\\/www.webdo.tn\\\/fr\\\/wp-content\\\/uploads\\\/2025\\\/06\\\/Webdo-Tunisie_168377.jpg\",\"width\":301,\"height\":301,\"caption\":\"Webdo\"},\"image\":{\"@id\":\"https:\\\/\\\/www.webdo.tn\\\/fr\\\/#\\\/schema\\\/logo\\\/image\\\/\"},\"sameAs\":[\"https:\\\/\\\/www.facebook.com\\\/webdotn\",\"https:\\\/\\\/x.com\\\/webdo_tn\"],\"description\":\"Webdo est un m\u00e9dia num\u00e9rique tunisien fond\u00e9 en 2010, sp\u00e9cialis\u00e9 dans l\u2019actualit\u00e9 nationale et internationale, l\u2019\u00e9conomie, la soci\u00e9t\u00e9 et les analyses politiques. Le site s\u2019adresse \u00e0 un large public francophone et couvre l\u2019information tunisienne en temps r\u00e9el.\",\"email\":\"redac@webdo.tn\",\"legalName\":\"YNJ SARL\",\"foundingDate\":\"2010-09-06\",\"numberOfEmployees\":{\"@type\":\"QuantitativeValue\",\"minValue\":\"11\",\"maxValue\":\"50\"}},{\"@type\":\"Person\",\"@id\":\"https:\\\/\\\/www.webdo.tn\\\/fr\\\/#\\\/schema\\\/person\\\/c652cd8fc2b1b44412b5ffb48c5a911d\",\"name\":\"Mohamed Hedi Touati\",\"image\":{\"@type\":\"ImageObject\",\"inLanguage\":\"fr-FR\",\"@id\":\"https:\\\/\\\/secure.gravatar.com\\\/avatar\\\/9cfd402c745b7a685f13eed0ea6e59d2144a3c2fc50a3db6fd5ed451f6cddf1a?s=96&d=mm&r=g\",\"url\":\"https:\\\/\\\/secure.gravatar.com\\\/avatar\\\/9cfd402c745b7a685f13eed0ea6e59d2144a3c2fc50a3db6fd5ed451f6cddf1a?s=96&d=mm&r=g\",\"contentUrl\":\"https:\\\/\\\/secure.gravatar.com\\\/avatar\\\/9cfd402c745b7a685f13eed0ea6e59d2144a3c2fc50a3db6fd5ed451f6cddf1a?s=96&d=mm&r=g\",\"caption\":\"Mohamed Hedi Touati\"},\"url\":\"https:\\\/\\\/www.webdo.tn\\\/fr\\\/actualite\\\/author\\\/mohamed-hedi-touati\\\/\"}]}<\/script>\n<!-- \/ Yoast SEO Premium plugin. -->","yoast_head_json":{"title":"Tunisie\u00a0: Vers une refonte du Code des collectivit\u00e9s locales pour l\u2019adapter \u00e0 la Constitution de 2022 - webdo","description":"Analyse du Code des collectivit\u00e9s locales r\u00e9clam\u00e9e par des d\u00e9put\u00e9s pour l'adapter aux nouvelles r\u00e9alit\u00e9s institutionnelles de 2022.","canonical":"https:\/\/www.webdo.tn\/fr\/actualite\/national\/tunisie-vers-une-refonte-du-code-des-collectivites-locales-pour-ladapter-a-la-constitution-de-2022\/379115\/","og_locale":"fr_FR","og_type":"article","og_title":"Tunisie\u00a0: Vers une refonte du Code des collectivit\u00e9s locales pour l\u2019adapter \u00e0 la Constitution de 2022","og_description":"Analyse du Code des collectivit\u00e9s locales r\u00e9clam\u00e9e par des d\u00e9put\u00e9s pour l'adapter aux nouvelles r\u00e9alit\u00e9s institutionnelles de 2022.","og_url":"https:\/\/www.webdo.tn\/fr\/actualite\/national\/tunisie-vers-une-refonte-du-code-des-collectivites-locales-pour-ladapter-a-la-constitution-de-2022\/379115\/","og_site_name":"webdo","article_publisher":"https:\/\/www.facebook.com\/webdotn","article_published_time":"2025-07-05T11:52:31+00:00","article_modified_time":"2025-07-07T06:52:21+00:00","og_image":[{"width":2048,"height":1094,"url":"https:\/\/www.webdo.tn\/fr\/wp-content\/uploads\/2025\/07\/514414640_1066253712282077_4855952390855142269_n.jpg","type":"image\/jpeg"}],"author":"Mohamed Hedi Touati","twitter_card":"summary_large_image","twitter_creator":"@webdo_tn","twitter_site":"@webdo_tn","twitter_misc":{"\u00c9crit par":"Mohamed Hedi Touati","Dur\u00e9e de lecture estim\u00e9e":"3 minutes"},"schema":{"@context":"https:\/\/schema.org","@graph":[{"@type":"NewsArticle","@id":"https:\/\/www.webdo.tn\/fr\/actualite\/national\/tunisie-vers-une-refonte-du-code-des-collectivites-locales-pour-ladapter-a-la-constitution-de-2022\/379115\/#article","isPartOf":{"@id":"https:\/\/www.webdo.tn\/fr\/actualite\/national\/tunisie-vers-une-refonte-du-code-des-collectivites-locales-pour-ladapter-a-la-constitution-de-2022\/379115\/"},"author":{"name":"Mohamed Hedi Touati","@id":"https:\/\/www.webdo.tn\/fr\/#\/schema\/person\/c652cd8fc2b1b44412b5ffb48c5a911d"},"headline":"Tunisie\u00a0: Vers une refonte du Code des collectivit\u00e9s locales pour l\u2019adapter \u00e0 la Constitution de 2022","datePublished":"2025-07-05T11:52:31+00:00","dateModified":"2025-07-07T06:52:21+00:00","mainEntityOfPage":{"@id":"https:\/\/www.webdo.tn\/fr\/actualite\/national\/tunisie-vers-une-refonte-du-code-des-collectivites-locales-pour-ladapter-a-la-constitution-de-2022\/379115\/"},"wordCount":566,"commentCount":0,"publisher":{"@id":"https:\/\/www.webdo.tn\/fr\/#organization"},"image":{"@id":"https:\/\/www.webdo.tn\/fr\/actualite\/national\/tunisie-vers-une-refonte-du-code-des-collectivites-locales-pour-ladapter-a-la-constitution-de-2022\/379115\/#primaryimage"},"thumbnailUrl":"https:\/\/www.webdo.tn\/fr\/wp-content\/uploads\/2025\/07\/514414640_1066253712282077_4855952390855142269_n.jpg","keywords":["collectivit\u00e9s locales","constructions anarchiques","environnement","Municipalit\u00e9s","Tunisie","urbanisme"],"articleSection":["National"],"inLanguage":"fr-FR"},{"@type":"WebPage","@id":"https:\/\/www.webdo.tn\/fr\/actualite\/national\/tunisie-vers-une-refonte-du-code-des-collectivites-locales-pour-ladapter-a-la-constitution-de-2022\/379115\/","url":"https:\/\/www.webdo.tn\/fr\/actualite\/national\/tunisie-vers-une-refonte-du-code-des-collectivites-locales-pour-ladapter-a-la-constitution-de-2022\/379115\/","name":"Tunisie\u00a0: Vers une refonte du Code des collectivit\u00e9s locales pour l\u2019adapter \u00e0 la Constitution de 2022 - webdo","isPartOf":{"@id":"https:\/\/www.webdo.tn\/fr\/#website"},"primaryImageOfPage":{"@id":"https:\/\/www.webdo.tn\/fr\/actualite\/national\/tunisie-vers-une-refonte-du-code-des-collectivites-locales-pour-ladapter-a-la-constitution-de-2022\/379115\/#primaryimage"},"image":{"@id":"https:\/\/www.webdo.tn\/fr\/actualite\/national\/tunisie-vers-une-refonte-du-code-des-collectivites-locales-pour-ladapter-a-la-constitution-de-2022\/379115\/#primaryimage"},"thumbnailUrl":"https:\/\/www.webdo.tn\/fr\/wp-content\/uploads\/2025\/07\/514414640_1066253712282077_4855952390855142269_n.jpg","datePublished":"2025-07-05T11:52:31+00:00","dateModified":"2025-07-07T06:52:21+00:00","description":"Analyse du Code des collectivit\u00e9s locales r\u00e9clam\u00e9e par des d\u00e9put\u00e9s pour l'adapter aux nouvelles r\u00e9alit\u00e9s institutionnelles de 2022.","breadcrumb":{"@id":"https:\/\/www.webdo.tn\/fr\/actualite\/national\/tunisie-vers-une-refonte-du-code-des-collectivites-locales-pour-ladapter-a-la-constitution-de-2022\/379115\/#breadcrumb"},"inLanguage":"fr-FR","potentialAction":[{"@type":"ReadAction","target":["https:\/\/www.webdo.tn\/fr\/actualite\/national\/tunisie-vers-une-refonte-du-code-des-collectivites-locales-pour-ladapter-a-la-constitution-de-2022\/379115\/"]}]},{"@type":"ImageObject","inLanguage":"fr-FR","@id":"https:\/\/www.webdo.tn\/fr\/actualite\/national\/tunisie-vers-une-refonte-du-code-des-collectivites-locales-pour-ladapter-a-la-constitution-de-2022\/379115\/#primaryimage","url":"https:\/\/www.webdo.tn\/fr\/wp-content\/uploads\/2025\/07\/514414640_1066253712282077_4855952390855142269_n.jpg","contentUrl":"https:\/\/www.webdo.tn\/fr\/wp-content\/uploads\/2025\/07\/514414640_1066253712282077_4855952390855142269_n.jpg","width":2048,"height":1094,"caption":"Vers une refonte du Code des collectivit\u00e9s locales pour l\u2019adapter \u00e0 la Constitution de 2022"},{"@type":"BreadcrumbList","@id":"https:\/\/www.webdo.tn\/fr\/actualite\/national\/tunisie-vers-une-refonte-du-code-des-collectivites-locales-pour-ladapter-a-la-constitution-de-2022\/379115\/#breadcrumb","itemListElement":[{"@type":"ListItem","position":1,"name":"Accueil","item":"https:\/\/www.webdo.tn\/fr\/"},{"@type":"ListItem","position":2,"name":"Tunisie\u00a0: Vers une refonte du Code des collectivit\u00e9s locales pour l\u2019adapter \u00e0 la Constitution de 2022"}]},{"@type":"WebSite","@id":"https:\/\/www.webdo.tn\/fr\/#website","url":"https:\/\/www.webdo.tn\/fr\/","name":"webdo","description":"Tunisie - News en Tunisie et \u00e0 l&#039;international sur Webdo.tn","publisher":{"@id":"https:\/\/www.webdo.tn\/fr\/#organization"},"potentialAction":[{"@type":"SearchAction","target":{"@type":"EntryPoint","urlTemplate":"https:\/\/www.webdo.tn\/fr\/?s={search_term_string}"},"query-input":{"@type":"PropertyValueSpecification","valueRequired":true,"valueName":"search_term_string"}}],"inLanguage":"fr-FR"},{"@type":"Organization","@id":"https:\/\/www.webdo.tn\/fr\/#organization","name":"Webdo","alternateName":"Webdo.tn","url":"https:\/\/www.webdo.tn\/fr\/","logo":{"@type":"ImageObject","inLanguage":"fr-FR","@id":"https:\/\/www.webdo.tn\/fr\/#\/schema\/logo\/image\/","url":"https:\/\/www.webdo.tn\/fr\/wp-content\/uploads\/2025\/06\/Webdo-Tunisie_168377.jpg","contentUrl":"https:\/\/www.webdo.tn\/fr\/wp-content\/uploads\/2025\/06\/Webdo-Tunisie_168377.jpg","width":301,"height":301,"caption":"Webdo"},"image":{"@id":"https:\/\/www.webdo.tn\/fr\/#\/schema\/logo\/image\/"},"sameAs":["https:\/\/www.facebook.com\/webdotn","https:\/\/x.com\/webdo_tn"],"description":"Webdo est un m\u00e9dia num\u00e9rique tunisien fond\u00e9 en 2010, sp\u00e9cialis\u00e9 dans l\u2019actualit\u00e9 nationale et internationale, l\u2019\u00e9conomie, la soci\u00e9t\u00e9 et les analyses politiques. Le site s\u2019adresse \u00e0 un large public francophone et couvre l\u2019information tunisienne en temps r\u00e9el.","email":"redac@webdo.tn","legalName":"YNJ SARL","foundingDate":"2010-09-06","numberOfEmployees":{"@type":"QuantitativeValue","minValue":"11","maxValue":"50"}},{"@type":"Person","@id":"https:\/\/www.webdo.tn\/fr\/#\/schema\/person\/c652cd8fc2b1b44412b5ffb48c5a911d","name":"Mohamed Hedi Touati","image":{"@type":"ImageObject","inLanguage":"fr-FR","@id":"https:\/\/secure.gravatar.com\/avatar\/9cfd402c745b7a685f13eed0ea6e59d2144a3c2fc50a3db6fd5ed451f6cddf1a?s=96&d=mm&r=g","url":"https:\/\/secure.gravatar.com\/avatar\/9cfd402c745b7a685f13eed0ea6e59d2144a3c2fc50a3db6fd5ed451f6cddf1a?s=96&d=mm&r=g","contentUrl":"https:\/\/secure.gravatar.com\/avatar\/9cfd402c745b7a685f13eed0ea6e59d2144a3c2fc50a3db6fd5ed451f6cddf1a?s=96&d=mm&r=g","caption":"Mohamed Hedi Touati"},"url":"https:\/\/www.webdo.tn\/fr\/actualite\/author\/mohamed-hedi-touati\/"}]}},"_links":{"self":[{"href":"https:\/\/www.webdo.tn\/fr\/wp-json\/wp\/v2\/posts\/379115","targetHints":{"allow":["GET"]}}],"collection":[{"href":"https:\/\/www.webdo.tn\/fr\/wp-json\/wp\/v2\/posts"}],"about":[{"href":"https:\/\/www.webdo.tn\/fr\/wp-json\/wp\/v2\/types\/post"}],"author":[{"embeddable":true,"href":"https:\/\/www.webdo.tn\/fr\/wp-json\/wp\/v2\/users\/3191"}],"replies":[{"embeddable":true,"href":"https:\/\/www.webdo.tn\/fr\/wp-json\/wp\/v2\/comments?post=379115"}],"version-history":[{"count":0,"href":"https:\/\/www.webdo.tn\/fr\/wp-json\/wp\/v2\/posts\/379115\/revisions"}],"wp:featuredmedia":[{"embeddable":true,"href":"https:\/\/www.webdo.tn\/fr\/wp-json\/wp\/v2\/media\/379116"}],"wp:attachment":[{"href":"https:\/\/www.webdo.tn\/fr\/wp-json\/wp\/v2\/media?parent=379115"}],"wp:term":[{"taxonomy":"category","embeddable":true,"href":"https:\/\/www.webdo.tn\/fr\/wp-json\/wp\/v2\/categories?post=379115"},{"taxonomy":"post_tag","embeddable":true,"href":"https:\/\/www.webdo.tn\/fr\/wp-json\/wp\/v2\/tags?post=379115"}],"curies":[{"name":"wp","href":"https:\/\/api.w.org\/{rel}","templated":true}]}}