{"id":379103,"date":"2025-07-05T10:53:57","date_gmt":"2025-07-05T09:53:57","guid":{"rendered":"https:\/\/www.webdo.tn\/fr\/?p=379103"},"modified":"2025-07-07T07:52:11","modified_gmt":"2025-07-07T06:52:11","slug":"para-athletisme-quand-les-tunisiennes-donnent-une-lecon-de-volonte-et-dexcellence","status":"publish","type":"post","link":"https:\/\/www.webdo.tn\/fr\/actualite\/sport\/para-athletisme-quand-les-tunisiennes-donnent-une-lecon-de-volonte-et-dexcellence\/379103\/","title":{"rendered":"Para-athl\u00e9tisme : Quand les Tunisiennes donnent une le\u00e7on de volont\u00e9 et d\u2019excellence"},"content":{"rendered":"\n<p>Il y a des victoires qui vont bien au-del\u00e0 des m\u00e9dailles. Celle remport\u00e9e par la s\u00e9lection tunisienne f\u00e9minine de para-athl\u00e9tisme, lors du 1er Grand Prix f\u00e9minin \u00e0 Olomouc, en R\u00e9publique tch\u00e8que, en est une. Avec dix m\u00e9dailles dont sept en or, nos athl\u00e8tes n\u2019ont pas simplement domin\u00e9 la comp\u00e9tition : elles ont impos\u00e9 une vision, un mod\u00e8le, une force de caract\u00e8re in\u00e9branlable.<\/p>\n\n\n\n<p>Raoua Tlili, Maroua Brahmi, Sonia Mansour, Raja Jebali&#8230; Ce sont plus que des noms, ce sont des symboles. Des athl\u00e8tes que le monde nous envie et qui, loin des projecteurs du sport spectacle, construisent discr\u00e8tement un palmar\u00e8s impressionnant. Elles incarnent la r\u00e9silience, l&rsquo;excellence et l&rsquo;engagement, dans un pays o\u00f9 le para-sport peine encore \u00e0 obtenir la reconnaissance qu\u2019il m\u00e9rite.<\/p>\n\n\n\n<p>Ce que ces femmes accomplissent m\u00e9rite d\u2019\u00eatre vu, soutenu, c\u00e9l\u00e9br\u00e9. \u00c0 l\u2019heure o\u00f9 les discours sur l\u2019inclusion, l\u2019\u00e9galit\u00e9 des chances et la valorisation du sport f\u00e9minin se multiplient, la Tunisie poss\u00e8de d\u00e9j\u00e0 ses h\u00e9ro\u00efnes. Et pourtant, trop souvent, leurs performances passent sous silence ou se voient rel\u00e9gu\u00e9es \u00e0 la derni\u00e8re ligne des journaux sportifs.<\/p>\n\n\n\n<p>Le para-athl\u00e9tisme, en Tunisie, est l\u2019un des rares domaines o\u00f9 l\u2019on peut encore parler de politique d\u2019excellence, avec des r\u00e9sultats r\u00e9guliers dans les comp\u00e9titions internationales. Mais pour combien de temps ? Sans un engagement accru des pouvoirs publics, sans un soutien m\u00e9diatique \u00e0 la hauteur, sans un v\u00e9ritable plan de d\u00e9veloppement durable, ces performances resteront des exploits isol\u00e9s l\u00e0 o\u00f9 elles devraient \u00eatre la norme.<\/p>\n\n\n\n<p>Ce Grand Prix en Tch\u00e9quie est un nouveau rappel : le potentiel est l\u00e0. Les talents sont l\u00e0. La volont\u00e9 est l\u00e0. Il ne manque plus qu\u2019un \u00e9lan national pour donner \u00e0 ces championnes la place qu\u2019elles m\u00e9ritent : celle de figures majeures du sport tunisien, toutes disciplines confondues.<\/p>\n\n\n\n<p>Car leur m\u00e9daille, ce n\u2019est pas seulement du m\u00e9tal brillant au bout d\u2019un ruban : c\u2019est une victoire contre les pr\u00e9jug\u00e9s, contre l\u2019oubli, contre l\u2019indiff\u00e9rence. Et cela, aucun podium ne peut le mesurer.<\/p>\n\n\n\n<p><strong>R\u00e9capitulatif des m\u00e9dailles tunisiennes :<\/strong><\/p>\n\n\n\n<ul class=\"wp-block-list\">\n<li>Raoua Tlili : Or au lancer de disque (F41) \/ Or au lancer du poids (F41)<\/li>\n\n\n\n<li>Maroua Brahmi : Or au lancer de massue (F32) \/ Or au lancer de poids (F32)<\/li>\n\n\n\n<li>Raja Jebali : Or au lancer de poids (F40)<\/li>\n\n\n\n<li>Sonia Mansour : Or au 100 m\u00e8tres (T37\/T38) \/ Or au 400 m\u00e8tres (T37\/T38)<\/li>\n\n\n\n<li>Fathia Amaimia : Argent au lancer de disque (F41)<\/li>\n\n\n\n<li>Yousra Ben Jemaa : Argent au lancer de javelot (F33\/F34)<\/li>\n\n\n\n<li>Jih\u00e8ne Azaiez : Argent au lancer du poids (F45\/F46)<\/li>\n<\/ul>\n","protected":false},"excerpt":{"rendered":"<p>Il y a des victoires qui vont bien au-del\u00e0 des m\u00e9dailles. Celle remport\u00e9e par la s\u00e9lection tunisienne f\u00e9minine de para-athl\u00e9tisme, lors du 1er Grand Prix f\u00e9minin \u00e0 Olomouc, en R\u00e9publique tch\u00e8que, en est une. Avec dix m\u00e9dailles dont sept en or, nos athl\u00e8tes n\u2019ont pas simplement domin\u00e9 la comp\u00e9tition : elles ont impos\u00e9 une vision, [&hellip;]<\/p>\n","protected":false},"author":3189,"featured_media":379104,"comment_status":"open","ping_status":"open","sticky":false,"template":"","format":"standard","meta":{"footnotes":""},"categories":[2589,2593],"tags":[2666,12116,6478,2942,2608],"class_list":["post-379103","post","type-post","status-publish","format-standard","has-post-thumbnail","hentry","category-edito","category-sport","tag-medailles","tag-olomouc","tag-para-athletisme","tag-republique-tcheque","tag-tunisie"],"yoast_head":"<!-- This site is optimized with the Yoast SEO Premium plugin v27.4 (Yoast SEO v27.5) - https:\/\/yoast.com\/product\/yoast-seo-premium-wordpress\/ -->\n<title>Para-athl\u00e9tisme : Quand les Tunisiennes donnent une le\u00e7on de volont\u00e9 et d\u2019excellence - webdo<\/title>\n<meta name=\"description\" content=\"Le para-athl\u00e9tisme tunisien s&#039;illustre avec dix m\u00e9dailles au Grand Prix. C\u00e9l\u00e9brons les athl\u00e8tes qui incarnent l&#039;excellence.\" \/>\n<link rel=\"canonical\" href=\"https:\/\/www.webdo.tn\/fr\/actualite\/edito\/para-athletisme-quand-les-tunisiennes-donnent-une-lecon-de-volonte-et-dexcellence\/379103\/\" \/>\n<meta property=\"og:locale\" content=\"fr_FR\" \/>\n<meta property=\"og:type\" content=\"article\" \/>\n<meta property=\"og:title\" content=\"Para-athl\u00e9tisme : Quand les Tunisiennes donnent une le\u00e7on de volont\u00e9 et d\u2019excellence\" \/>\n<meta property=\"og:description\" content=\"Le para-athl\u00e9tisme tunisien s&#039;illustre avec dix m\u00e9dailles au Grand Prix. C\u00e9l\u00e9brons les athl\u00e8tes qui incarnent l&#039;excellence.\" \/>\n<meta property=\"og:url\" content=\"https:\/\/www.webdo.tn\/fr\/actualite\/edito\/para-athletisme-quand-les-tunisiennes-donnent-une-lecon-de-volonte-et-dexcellence\/379103\/\" \/>\n<meta property=\"og:site_name\" content=\"webdo\" \/>\n<meta property=\"article:publisher\" content=\"https:\/\/www.facebook.com\/webdotn\" \/>\n<meta property=\"article:author\" content=\"https:\/\/www.facebook.com\/youssef.rc.92\" \/>\n<meta property=\"article:published_time\" content=\"2025-07-05T09:53:57+00:00\" \/>\n<meta property=\"article:modified_time\" content=\"2025-07-07T06:52:11+00:00\" \/>\n<meta property=\"og:image\" content=\"https:\/\/www.webdo.tn\/fr\/wp-content\/uploads\/2025\/07\/Raoua-Tlili.jpg\" \/>\n\t<meta property=\"og:image:width\" content=\"800\" \/>\n\t<meta property=\"og:image:height\" content=\"451\" \/>\n\t<meta property=\"og:image:type\" content=\"image\/jpeg\" \/>\n<meta name=\"author\" content=\"Maher Chaabane\" \/>\n<meta name=\"twitter:card\" content=\"summary_large_image\" \/>\n<meta name=\"twitter:creator\" content=\"@webdo_tn\" \/>\n<meta name=\"twitter:site\" content=\"@webdo_tn\" \/>\n<meta name=\"twitter:label1\" content=\"\u00c9crit par\" \/>\n\t<meta name=\"twitter:data1\" content=\"Maher Chaabane\" \/>\n\t<meta name=\"twitter:label2\" content=\"Dur\u00e9e de lecture estim\u00e9e\" \/>\n\t<meta name=\"twitter:data2\" content=\"3 minutes\" \/>\n<script type=\"application\/ld+json\" class=\"yoast-schema-graph\">{\"@context\":\"https:\\\/\\\/schema.org\",\"@graph\":[{\"@type\":\"NewsArticle\",\"@id\":\"https:\\\/\\\/www.webdo.tn\\\/fr\\\/actualite\\\/edito\\\/para-athletisme-quand-les-tunisiennes-donnent-une-lecon-de-volonte-et-dexcellence\\\/379103\\\/#article\",\"isPartOf\":{\"@id\":\"https:\\\/\\\/www.webdo.tn\\\/fr\\\/actualite\\\/edito\\\/para-athletisme-quand-les-tunisiennes-donnent-une-lecon-de-volonte-et-dexcellence\\\/379103\\\/\"},\"author\":{\"name\":\"Maher Chaabane\",\"@id\":\"https:\\\/\\\/www.webdo.tn\\\/fr\\\/#\\\/schema\\\/person\\\/57c261717927697fcf719ab1058a8003\"},\"headline\":\"Para-athl\u00e9tisme : Quand les Tunisiennes donnent une le\u00e7on de volont\u00e9 et d\u2019excellence\",\"datePublished\":\"2025-07-05T09:53:57+00:00\",\"dateModified\":\"2025-07-07T06:52:11+00:00\",\"mainEntityOfPage\":{\"@id\":\"https:\\\/\\\/www.webdo.tn\\\/fr\\\/actualite\\\/edito\\\/para-athletisme-quand-les-tunisiennes-donnent-une-lecon-de-volonte-et-dexcellence\\\/379103\\\/\"},\"wordCount\":472,\"commentCount\":0,\"publisher\":{\"@id\":\"https:\\\/\\\/www.webdo.tn\\\/fr\\\/#organization\"},\"image\":{\"@id\":\"https:\\\/\\\/www.webdo.tn\\\/fr\\\/actualite\\\/edito\\\/para-athletisme-quand-les-tunisiennes-donnent-une-lecon-de-volonte-et-dexcellence\\\/379103\\\/#primaryimage\"},\"thumbnailUrl\":\"https:\\\/\\\/www.webdo.tn\\\/fr\\\/wp-content\\\/uploads\\\/2025\\\/07\\\/Raoua-Tlili.jpg\",\"keywords\":[\"m\u00e9dailles\",\"olomouc\",\"para-athl\u00e9tisme\",\"R\u00e9publique tch\u00e9que\",\"Tunisie\"],\"articleSection\":[\"Edito\",\"Sport\"],\"inLanguage\":\"fr-FR\"},{\"@type\":\"WebPage\",\"@id\":\"https:\\\/\\\/www.webdo.tn\\\/fr\\\/actualite\\\/edito\\\/para-athletisme-quand-les-tunisiennes-donnent-une-lecon-de-volonte-et-dexcellence\\\/379103\\\/\",\"url\":\"https:\\\/\\\/www.webdo.tn\\\/fr\\\/actualite\\\/edito\\\/para-athletisme-quand-les-tunisiennes-donnent-une-lecon-de-volonte-et-dexcellence\\\/379103\\\/\",\"name\":\"Para-athl\u00e9tisme : Quand les Tunisiennes donnent une le\u00e7on de volont\u00e9 et d\u2019excellence - webdo\",\"isPartOf\":{\"@id\":\"https:\\\/\\\/www.webdo.tn\\\/fr\\\/#website\"},\"primaryImageOfPage\":{\"@id\":\"https:\\\/\\\/www.webdo.tn\\\/fr\\\/actualite\\\/edito\\\/para-athletisme-quand-les-tunisiennes-donnent-une-lecon-de-volonte-et-dexcellence\\\/379103\\\/#primaryimage\"},\"image\":{\"@id\":\"https:\\\/\\\/www.webdo.tn\\\/fr\\\/actualite\\\/edito\\\/para-athletisme-quand-les-tunisiennes-donnent-une-lecon-de-volonte-et-dexcellence\\\/379103\\\/#primaryimage\"},\"thumbnailUrl\":\"https:\\\/\\\/www.webdo.tn\\\/fr\\\/wp-content\\\/uploads\\\/2025\\\/07\\\/Raoua-Tlili.jpg\",\"datePublished\":\"2025-07-05T09:53:57+00:00\",\"dateModified\":\"2025-07-07T06:52:11+00:00\",\"description\":\"Le para-athl\u00e9tisme tunisien s'illustre avec dix m\u00e9dailles au Grand Prix. C\u00e9l\u00e9brons les athl\u00e8tes qui incarnent l'excellence.\",\"breadcrumb\":{\"@id\":\"https:\\\/\\\/www.webdo.tn\\\/fr\\\/actualite\\\/edito\\\/para-athletisme-quand-les-tunisiennes-donnent-une-lecon-de-volonte-et-dexcellence\\\/379103\\\/#breadcrumb\"},\"inLanguage\":\"fr-FR\",\"potentialAction\":[{\"@type\":\"ReadAction\",\"target\":[\"https:\\\/\\\/www.webdo.tn\\\/fr\\\/actualite\\\/edito\\\/para-athletisme-quand-les-tunisiennes-donnent-une-lecon-de-volonte-et-dexcellence\\\/379103\\\/\"]}]},{\"@type\":\"ImageObject\",\"inLanguage\":\"fr-FR\",\"@id\":\"https:\\\/\\\/www.webdo.tn\\\/fr\\\/actualite\\\/edito\\\/para-athletisme-quand-les-tunisiennes-donnent-une-lecon-de-volonte-et-dexcellence\\\/379103\\\/#primaryimage\",\"url\":\"https:\\\/\\\/www.webdo.tn\\\/fr\\\/wp-content\\\/uploads\\\/2025\\\/07\\\/Raoua-Tlili.jpg\",\"contentUrl\":\"https:\\\/\\\/www.webdo.tn\\\/fr\\\/wp-content\\\/uploads\\\/2025\\\/07\\\/Raoua-Tlili.jpg\",\"width\":800,\"height\":451,\"caption\":\"Para-athl\u00e9tisme : Quand les Tunisiennes donnent une le\u00e7on de volont\u00e9 et d\u2019excellence\"},{\"@type\":\"BreadcrumbList\",\"@id\":\"https:\\\/\\\/www.webdo.tn\\\/fr\\\/actualite\\\/edito\\\/para-athletisme-quand-les-tunisiennes-donnent-une-lecon-de-volonte-et-dexcellence\\\/379103\\\/#breadcrumb\",\"itemListElement\":[{\"@type\":\"ListItem\",\"position\":1,\"name\":\"Accueil\",\"item\":\"https:\\\/\\\/www.webdo.tn\\\/fr\\\/\"},{\"@type\":\"ListItem\",\"position\":2,\"name\":\"Para-athl\u00e9tisme : Quand les Tunisiennes donnent une le\u00e7on de volont\u00e9 et d\u2019excellence\"}]},{\"@type\":\"WebSite\",\"@id\":\"https:\\\/\\\/www.webdo.tn\\\/fr\\\/#website\",\"url\":\"https:\\\/\\\/www.webdo.tn\\\/fr\\\/\",\"name\":\"webdo\",\"description\":\"Tunisie - News en Tunisie et \u00e0 l&#039;international sur Webdo.tn\",\"publisher\":{\"@id\":\"https:\\\/\\\/www.webdo.tn\\\/fr\\\/#organization\"},\"potentialAction\":[{\"@type\":\"SearchAction\",\"target\":{\"@type\":\"EntryPoint\",\"urlTemplate\":\"https:\\\/\\\/www.webdo.tn\\\/fr\\\/?s={search_term_string}\"},\"query-input\":{\"@type\":\"PropertyValueSpecification\",\"valueRequired\":true,\"valueName\":\"search_term_string\"}}],\"inLanguage\":\"fr-FR\"},{\"@type\":\"Organization\",\"@id\":\"https:\\\/\\\/www.webdo.tn\\\/fr\\\/#organization\",\"name\":\"Webdo\",\"alternateName\":\"Webdo.tn\",\"url\":\"https:\\\/\\\/www.webdo.tn\\\/fr\\\/\",\"logo\":{\"@type\":\"ImageObject\",\"inLanguage\":\"fr-FR\",\"@id\":\"https:\\\/\\\/www.webdo.tn\\\/fr\\\/#\\\/schema\\\/logo\\\/image\\\/\",\"url\":\"https:\\\/\\\/www.webdo.tn\\\/fr\\\/wp-content\\\/uploads\\\/2025\\\/06\\\/Webdo-Tunisie_168377.jpg\",\"contentUrl\":\"https:\\\/\\\/www.webdo.tn\\\/fr\\\/wp-content\\\/uploads\\\/2025\\\/06\\\/Webdo-Tunisie_168377.jpg\",\"width\":301,\"height\":301,\"caption\":\"Webdo\"},\"image\":{\"@id\":\"https:\\\/\\\/www.webdo.tn\\\/fr\\\/#\\\/schema\\\/logo\\\/image\\\/\"},\"sameAs\":[\"https:\\\/\\\/www.facebook.com\\\/webdotn\",\"https:\\\/\\\/x.com\\\/webdo_tn\"],\"description\":\"Webdo est un m\u00e9dia num\u00e9rique tunisien fond\u00e9 en 2010, sp\u00e9cialis\u00e9 dans l\u2019actualit\u00e9 nationale et internationale, l\u2019\u00e9conomie, la soci\u00e9t\u00e9 et les analyses politiques. Le site s\u2019adresse \u00e0 un large public francophone et couvre l\u2019information tunisienne en temps r\u00e9el.\",\"email\":\"redac@webdo.tn\",\"legalName\":\"YNJ SARL\",\"foundingDate\":\"2010-09-06\",\"numberOfEmployees\":{\"@type\":\"QuantitativeValue\",\"minValue\":\"11\",\"maxValue\":\"50\"}},{\"@type\":\"Person\",\"@id\":\"https:\\\/\\\/www.webdo.tn\\\/fr\\\/#\\\/schema\\\/person\\\/57c261717927697fcf719ab1058a8003\",\"name\":\"Maher Chaabane\",\"image\":{\"@type\":\"ImageObject\",\"inLanguage\":\"fr-FR\",\"@id\":\"https:\\\/\\\/www.webdo.tn\\\/fr\\\/wp-content\\\/uploads\\\/2026\\\/04\\\/maher-chaabane_avatar_2-96x96.jpg\",\"url\":\"https:\\\/\\\/www.webdo.tn\\\/fr\\\/wp-content\\\/uploads\\\/2026\\\/04\\\/maher-chaabane_avatar_2-96x96.jpg\",\"contentUrl\":\"https:\\\/\\\/www.webdo.tn\\\/fr\\\/wp-content\\\/uploads\\\/2026\\\/04\\\/maher-chaabane_avatar_2-96x96.jpg\",\"caption\":\"Maher Chaabane\"},\"description\":\"Maher Chaabane est journaliste et r\u00e9dacteur en chef de Webdo.tn depuis 2012. Il d\u00e9bute sa carri\u00e8re au sein du groupe Tunis Hebdo en 2000, o\u00f9 il couvre pendant plusieurs ann\u00e9es l\u2019actualit\u00e9 sportive et internationale, avant d\u2019occuper les fonctions de r\u00e9dacteur en chef adjoint. Fort de plus de deux d\u00e9cennies d\u2019exp\u00e9rience dans le journalisme, il supervise aujourd\u2019hui la production \u00e9ditoriale de Webdo et contribue activement \u00e0 la ligne du m\u00e9dia, en particulier sur les sujets d\u2019actualit\u00e9 nationale et internationale. https:\\\/\\\/www.facebook.com\\\/youssef.rc.92\",\"sameAs\":[\"https:\\\/\\\/www.facebook.com\\\/youssef.rc.92\"],\"knowsAbout\":[\"journalisme\",\"actualit\u00e9 internationale\",\"sport\",\"r\u00e9daction\",\"m\u00e9dias\",\"information\"],\"knowsLanguage\":[\"Fran\u00e7ais\",\"Arabe\"],\"jobTitle\":\"R\u00e9dacteur en chef\",\"worksFor\":\"Webdo.tn\",\"url\":\"https:\\\/\\\/www.webdo.tn\\\/fr\\\/actualite\\\/author\\\/maher-chaabane\\\/\"}]}<\/script>\n<!-- \/ Yoast SEO Premium plugin. -->","yoast_head_json":{"title":"Para-athl\u00e9tisme : Quand les Tunisiennes donnent une le\u00e7on de volont\u00e9 et d\u2019excellence - webdo","description":"Le para-athl\u00e9tisme tunisien s'illustre avec dix m\u00e9dailles au Grand Prix. C\u00e9l\u00e9brons les athl\u00e8tes qui incarnent l'excellence.","canonical":"https:\/\/www.webdo.tn\/fr\/actualite\/edito\/para-athletisme-quand-les-tunisiennes-donnent-une-lecon-de-volonte-et-dexcellence\/379103\/","og_locale":"fr_FR","og_type":"article","og_title":"Para-athl\u00e9tisme : Quand les Tunisiennes donnent une le\u00e7on de volont\u00e9 et d\u2019excellence","og_description":"Le para-athl\u00e9tisme tunisien s'illustre avec dix m\u00e9dailles au Grand Prix. C\u00e9l\u00e9brons les athl\u00e8tes qui incarnent l'excellence.","og_url":"https:\/\/www.webdo.tn\/fr\/actualite\/edito\/para-athletisme-quand-les-tunisiennes-donnent-une-lecon-de-volonte-et-dexcellence\/379103\/","og_site_name":"webdo","article_publisher":"https:\/\/www.facebook.com\/webdotn","article_author":"https:\/\/www.facebook.com\/youssef.rc.92","article_published_time":"2025-07-05T09:53:57+00:00","article_modified_time":"2025-07-07T06:52:11+00:00","og_image":[{"width":800,"height":451,"url":"https:\/\/www.webdo.tn\/fr\/wp-content\/uploads\/2025\/07\/Raoua-Tlili.jpg","type":"image\/jpeg"}],"author":"Maher Chaabane","twitter_card":"summary_large_image","twitter_creator":"@webdo_tn","twitter_site":"@webdo_tn","twitter_misc":{"\u00c9crit par":"Maher Chaabane","Dur\u00e9e de lecture estim\u00e9e":"3 minutes"},"schema":{"@context":"https:\/\/schema.org","@graph":[{"@type":"NewsArticle","@id":"https:\/\/www.webdo.tn\/fr\/actualite\/edito\/para-athletisme-quand-les-tunisiennes-donnent-une-lecon-de-volonte-et-dexcellence\/379103\/#article","isPartOf":{"@id":"https:\/\/www.webdo.tn\/fr\/actualite\/edito\/para-athletisme-quand-les-tunisiennes-donnent-une-lecon-de-volonte-et-dexcellence\/379103\/"},"author":{"name":"Maher Chaabane","@id":"https:\/\/www.webdo.tn\/fr\/#\/schema\/person\/57c261717927697fcf719ab1058a8003"},"headline":"Para-athl\u00e9tisme : Quand les Tunisiennes donnent une le\u00e7on de volont\u00e9 et d\u2019excellence","datePublished":"2025-07-05T09:53:57+00:00","dateModified":"2025-07-07T06:52:11+00:00","mainEntityOfPage":{"@id":"https:\/\/www.webdo.tn\/fr\/actualite\/edito\/para-athletisme-quand-les-tunisiennes-donnent-une-lecon-de-volonte-et-dexcellence\/379103\/"},"wordCount":472,"commentCount":0,"publisher":{"@id":"https:\/\/www.webdo.tn\/fr\/#organization"},"image":{"@id":"https:\/\/www.webdo.tn\/fr\/actualite\/edito\/para-athletisme-quand-les-tunisiennes-donnent-une-lecon-de-volonte-et-dexcellence\/379103\/#primaryimage"},"thumbnailUrl":"https:\/\/www.webdo.tn\/fr\/wp-content\/uploads\/2025\/07\/Raoua-Tlili.jpg","keywords":["m\u00e9dailles","olomouc","para-athl\u00e9tisme","R\u00e9publique tch\u00e9que","Tunisie"],"articleSection":["Edito","Sport"],"inLanguage":"fr-FR"},{"@type":"WebPage","@id":"https:\/\/www.webdo.tn\/fr\/actualite\/edito\/para-athletisme-quand-les-tunisiennes-donnent-une-lecon-de-volonte-et-dexcellence\/379103\/","url":"https:\/\/www.webdo.tn\/fr\/actualite\/edito\/para-athletisme-quand-les-tunisiennes-donnent-une-lecon-de-volonte-et-dexcellence\/379103\/","name":"Para-athl\u00e9tisme : Quand les Tunisiennes donnent une le\u00e7on de volont\u00e9 et d\u2019excellence - webdo","isPartOf":{"@id":"https:\/\/www.webdo.tn\/fr\/#website"},"primaryImageOfPage":{"@id":"https:\/\/www.webdo.tn\/fr\/actualite\/edito\/para-athletisme-quand-les-tunisiennes-donnent-une-lecon-de-volonte-et-dexcellence\/379103\/#primaryimage"},"image":{"@id":"https:\/\/www.webdo.tn\/fr\/actualite\/edito\/para-athletisme-quand-les-tunisiennes-donnent-une-lecon-de-volonte-et-dexcellence\/379103\/#primaryimage"},"thumbnailUrl":"https:\/\/www.webdo.tn\/fr\/wp-content\/uploads\/2025\/07\/Raoua-Tlili.jpg","datePublished":"2025-07-05T09:53:57+00:00","dateModified":"2025-07-07T06:52:11+00:00","description":"Le para-athl\u00e9tisme tunisien s'illustre avec dix m\u00e9dailles au Grand Prix. C\u00e9l\u00e9brons les athl\u00e8tes qui incarnent l'excellence.","breadcrumb":{"@id":"https:\/\/www.webdo.tn\/fr\/actualite\/edito\/para-athletisme-quand-les-tunisiennes-donnent-une-lecon-de-volonte-et-dexcellence\/379103\/#breadcrumb"},"inLanguage":"fr-FR","potentialAction":[{"@type":"ReadAction","target":["https:\/\/www.webdo.tn\/fr\/actualite\/edito\/para-athletisme-quand-les-tunisiennes-donnent-une-lecon-de-volonte-et-dexcellence\/379103\/"]}]},{"@type":"ImageObject","inLanguage":"fr-FR","@id":"https:\/\/www.webdo.tn\/fr\/actualite\/edito\/para-athletisme-quand-les-tunisiennes-donnent-une-lecon-de-volonte-et-dexcellence\/379103\/#primaryimage","url":"https:\/\/www.webdo.tn\/fr\/wp-content\/uploads\/2025\/07\/Raoua-Tlili.jpg","contentUrl":"https:\/\/www.webdo.tn\/fr\/wp-content\/uploads\/2025\/07\/Raoua-Tlili.jpg","width":800,"height":451,"caption":"Para-athl\u00e9tisme : Quand les Tunisiennes donnent une le\u00e7on de volont\u00e9 et d\u2019excellence"},{"@type":"BreadcrumbList","@id":"https:\/\/www.webdo.tn\/fr\/actualite\/edito\/para-athletisme-quand-les-tunisiennes-donnent-une-lecon-de-volonte-et-dexcellence\/379103\/#breadcrumb","itemListElement":[{"@type":"ListItem","position":1,"name":"Accueil","item":"https:\/\/www.webdo.tn\/fr\/"},{"@type":"ListItem","position":2,"name":"Para-athl\u00e9tisme : Quand les Tunisiennes donnent une le\u00e7on de volont\u00e9 et d\u2019excellence"}]},{"@type":"WebSite","@id":"https:\/\/www.webdo.tn\/fr\/#website","url":"https:\/\/www.webdo.tn\/fr\/","name":"webdo","description":"Tunisie - News en Tunisie et \u00e0 l&#039;international sur Webdo.tn","publisher":{"@id":"https:\/\/www.webdo.tn\/fr\/#organization"},"potentialAction":[{"@type":"SearchAction","target":{"@type":"EntryPoint","urlTemplate":"https:\/\/www.webdo.tn\/fr\/?s={search_term_string}"},"query-input":{"@type":"PropertyValueSpecification","valueRequired":true,"valueName":"search_term_string"}}],"inLanguage":"fr-FR"},{"@type":"Organization","@id":"https:\/\/www.webdo.tn\/fr\/#organization","name":"Webdo","alternateName":"Webdo.tn","url":"https:\/\/www.webdo.tn\/fr\/","logo":{"@type":"ImageObject","inLanguage":"fr-FR","@id":"https:\/\/www.webdo.tn\/fr\/#\/schema\/logo\/image\/","url":"https:\/\/www.webdo.tn\/fr\/wp-content\/uploads\/2025\/06\/Webdo-Tunisie_168377.jpg","contentUrl":"https:\/\/www.webdo.tn\/fr\/wp-content\/uploads\/2025\/06\/Webdo-Tunisie_168377.jpg","width":301,"height":301,"caption":"Webdo"},"image":{"@id":"https:\/\/www.webdo.tn\/fr\/#\/schema\/logo\/image\/"},"sameAs":["https:\/\/www.facebook.com\/webdotn","https:\/\/x.com\/webdo_tn"],"description":"Webdo est un m\u00e9dia num\u00e9rique tunisien fond\u00e9 en 2010, sp\u00e9cialis\u00e9 dans l\u2019actualit\u00e9 nationale et internationale, l\u2019\u00e9conomie, la soci\u00e9t\u00e9 et les analyses politiques. Le site s\u2019adresse \u00e0 un large public francophone et couvre l\u2019information tunisienne en temps r\u00e9el.","email":"redac@webdo.tn","legalName":"YNJ SARL","foundingDate":"2010-09-06","numberOfEmployees":{"@type":"QuantitativeValue","minValue":"11","maxValue":"50"}},{"@type":"Person","@id":"https:\/\/www.webdo.tn\/fr\/#\/schema\/person\/57c261717927697fcf719ab1058a8003","name":"Maher Chaabane","image":{"@type":"ImageObject","inLanguage":"fr-FR","@id":"https:\/\/www.webdo.tn\/fr\/wp-content\/uploads\/2026\/04\/maher-chaabane_avatar_2-96x96.jpg","url":"https:\/\/www.webdo.tn\/fr\/wp-content\/uploads\/2026\/04\/maher-chaabane_avatar_2-96x96.jpg","contentUrl":"https:\/\/www.webdo.tn\/fr\/wp-content\/uploads\/2026\/04\/maher-chaabane_avatar_2-96x96.jpg","caption":"Maher Chaabane"},"description":"Maher Chaabane est journaliste et r\u00e9dacteur en chef de Webdo.tn depuis 2012. Il d\u00e9bute sa carri\u00e8re au sein du groupe Tunis Hebdo en 2000, o\u00f9 il couvre pendant plusieurs ann\u00e9es l\u2019actualit\u00e9 sportive et internationale, avant d\u2019occuper les fonctions de r\u00e9dacteur en chef adjoint. Fort de plus de deux d\u00e9cennies d\u2019exp\u00e9rience dans le journalisme, il supervise aujourd\u2019hui la production \u00e9ditoriale de Webdo et contribue activement \u00e0 la ligne du m\u00e9dia, en particulier sur les sujets d\u2019actualit\u00e9 nationale et internationale. https:\/\/www.facebook.com\/youssef.rc.92","sameAs":["https:\/\/www.facebook.com\/youssef.rc.92"],"knowsAbout":["journalisme","actualit\u00e9 internationale","sport","r\u00e9daction","m\u00e9dias","information"],"knowsLanguage":["Fran\u00e7ais","Arabe"],"jobTitle":"R\u00e9dacteur en chef","worksFor":"Webdo.tn","url":"https:\/\/www.webdo.tn\/fr\/actualite\/author\/maher-chaabane\/"}]}},"_links":{"self":[{"href":"https:\/\/www.webdo.tn\/fr\/wp-json\/wp\/v2\/posts\/379103","targetHints":{"allow":["GET"]}}],"collection":[{"href":"https:\/\/www.webdo.tn\/fr\/wp-json\/wp\/v2\/posts"}],"about":[{"href":"https:\/\/www.webdo.tn\/fr\/wp-json\/wp\/v2\/types\/post"}],"author":[{"embeddable":true,"href":"https:\/\/www.webdo.tn\/fr\/wp-json\/wp\/v2\/users\/3189"}],"replies":[{"embeddable":true,"href":"https:\/\/www.webdo.tn\/fr\/wp-json\/wp\/v2\/comments?post=379103"}],"version-history":[{"count":0,"href":"https:\/\/www.webdo.tn\/fr\/wp-json\/wp\/v2\/posts\/379103\/revisions"}],"wp:featuredmedia":[{"embeddable":true,"href":"https:\/\/www.webdo.tn\/fr\/wp-json\/wp\/v2\/media\/379104"}],"wp:attachment":[{"href":"https:\/\/www.webdo.tn\/fr\/wp-json\/wp\/v2\/media?parent=379103"}],"wp:term":[{"taxonomy":"category","embeddable":true,"href":"https:\/\/www.webdo.tn\/fr\/wp-json\/wp\/v2\/categories?post=379103"},{"taxonomy":"post_tag","embeddable":true,"href":"https:\/\/www.webdo.tn\/fr\/wp-json\/wp\/v2\/tags?post=379103"}],"curies":[{"name":"wp","href":"https:\/\/api.w.org\/{rel}","templated":true}]}}