{"id":379097,"date":"2025-07-05T10:16:46","date_gmt":"2025-07-05T09:16:46","guid":{"rendered":"https:\/\/www.webdo.tn\/fr\/?p=379097"},"modified":"2025-07-05T10:16:48","modified_gmt":"2025-07-05T09:16:48","slug":"disparition-de-chawki-gaddes-ancien-president-de-linpdp-et-figure-du-droit-public-tunisien","status":"publish","type":"post","link":"https:\/\/www.webdo.tn\/fr\/actualite\/national\/disparition-de-chawki-gaddes-ancien-president-de-linpdp-et-figure-du-droit-public-tunisien\/379097\/","title":{"rendered":"Disparition de Chawki Gadd\u00e8s, ancien pr\u00e9sident de l\u2019INPDP et figure du droit public tunisien"},"content":{"rendered":"\n<p><strong>Chawki Gadd\u00e8s, ancien pr\u00e9sident de l\u2019Instance nationale de protection des donn\u00e9es personnelles (INPDP) et \u00e9minent sp\u00e9cialiste du droit public, s\u2019est \u00e9teint vendredi apr\u00e8s un long combat contre la maladie. Son d\u00e9c\u00e8s suscite une vive \u00e9motion dans les milieux juridiques et institutionnels.<\/strong><\/p>\n\n\n\n<p>Le monde acad\u00e9mique et juridique tunisien est en deuil. Chawki Gadd\u00e8s, ancien pr\u00e9sident de l\u2019Instance nationale de protection des donn\u00e9es personnelles (INPDP), est d\u00e9c\u00e9d\u00e9 vendredi 4 juillet 2025, apr\u00e8s une longue maladie, a annonc\u00e9 sa famille.<\/p>\n\n\n\n<p>Titulaire d\u2019un dipl\u00f4me en droit de l\u2019Universit\u00e9 de Tunis, Chawki Gadd\u00e8s a marqu\u00e9 de son empreinte l\u2019enseignement sup\u00e9rieur et les institutions juridiques du pays. Professeur de droit constitutionnel, administratif et des droits de l\u2019Homme depuis 1987 \u00e0 la Facult\u00e9 des sciences juridiques, politiques et sociales de Tunis, il a contribu\u00e9 \u00e0 la formation de plusieurs g\u00e9n\u00e9rations de juristes tunisiens.<\/p>\n\n\n\n<p>En 2015, il est nomm\u00e9 \u00e0 la t\u00eate de l\u2019INPDP, une institution cl\u00e9 dans la d\u00e9fense de la vie priv\u00e9e et des libert\u00e9s individuelles \u00e0 l\u2019\u00e8re num\u00e9rique. Il en restera pr\u00e9sident jusqu\u2019en juillet 2023, \u0153uvrant durant huit ann\u00e9es \u00e0 promouvoir la culture de la protection des donn\u00e9es personnelles en Tunisie.<\/p>\n\n\n\n<p>Son engagement en faveur des droits fondamentaux et de l\u2019\u00c9tat de droit \u00e9tait unanimement salu\u00e9, tant en Tunisie qu\u2019\u00e0 l\u2019international. Le bureau du Conseil de l\u2019Europe \u00e0 Tunis a exprim\u00e9, vendredi, sa \u00ab profonde tristesse \u00bb et rendu hommage \u00e0 \u00ab un fervent d\u00e9fenseur du droit \u00e0 la vie priv\u00e9e et des droits de l\u2019Homme \u00bb.<\/p>\n\n\n\n<p>L\u2019Association tunisienne de droit constitutionnel, dont il \u00e9tait le vice-pr\u00e9sident et ancien secr\u00e9taire g\u00e9n\u00e9ral, a \u00e9galement fait part de sa grande \u00e9motion, saluant la m\u00e9moire d\u2019un \u00ab juriste rigoureux et engag\u00e9 \u00bb et pr\u00e9sentant ses condol\u00e9ances \u00e0 sa famille et \u00e0 ses proches.<\/p>\n\n\n\n<p>Chawki Gadd\u00e8s laisse derri\u00e8re lui un h\u00e9ritage juridique et acad\u00e9mique consid\u00e9rable, ainsi qu\u2019un profond respect pour son int\u00e9grit\u00e9 et son d\u00e9vouement au service de la d\u00e9mocratie et des libert\u00e9s.<\/p>\n","protected":false},"excerpt":{"rendered":"<p>Chawki Gadd\u00e8s, ancien pr\u00e9sident de l\u2019Instance nationale de protection des donn\u00e9es personnelles (INPDP) et \u00e9minent sp\u00e9cialiste du droit public, s\u2019est \u00e9teint vendredi apr\u00e8s un long combat contre la maladie. Son d\u00e9c\u00e8s suscite une vive \u00e9motion dans les milieux juridiques et institutionnels. Le monde acad\u00e9mique et juridique tunisien est en deuil. Chawki Gadd\u00e8s, ancien pr\u00e9sident de [&hellip;]<\/p>\n","protected":false},"author":3191,"featured_media":379098,"comment_status":"open","ping_status":"open","sticky":false,"template":"","format":"standard","meta":{"footnotes":""},"categories":[44],"tags":[12114,2830,12115,9162,2608],"class_list":["post-379097","post","type-post","status-publish","format-standard","has-post-thumbnail","hentry","category-national","tag-chawki-gaddes","tag-deces","tag-droit-public","tag-inpdp","tag-tunisie"],"yoast_head":"<!-- This site is optimized with the Yoast SEO Premium plugin v27.5 (Yoast SEO v27.5) - https:\/\/yoast.com\/product\/yoast-seo-premium-wordpress\/ -->\n<title>Disparition de Chawki Gadd\u00e8s, ancien pr\u00e9sident de l\u2019INPDP et figure du droit public tunisien - webdo<\/title>\n<meta name=\"description\" content=\"Chawki Gadd\u00e8s, ancien pr\u00e9sident de l&#039;INPDP, nous a quitt\u00e9s, laissant un h\u00e9ritage durable dans le droit public et l&#039;enseignement sup\u00e9rieur.\" \/>\n<link rel=\"canonical\" href=\"https:\/\/www.webdo.tn\/fr\/actualite\/national\/disparition-de-chawki-gaddes-ancien-president-de-linpdp-et-figure-du-droit-public-tunisien\/379097\/\" \/>\n<meta property=\"og:locale\" content=\"fr_FR\" \/>\n<meta property=\"og:type\" content=\"article\" \/>\n<meta property=\"og:title\" content=\"Disparition de Chawki Gadd\u00e8s, ancien pr\u00e9sident de l\u2019INPDP et figure du droit public tunisien\" \/>\n<meta property=\"og:description\" content=\"Chawki Gadd\u00e8s, ancien pr\u00e9sident de l&#039;INPDP, nous a quitt\u00e9s, laissant un h\u00e9ritage durable dans le droit public et l&#039;enseignement sup\u00e9rieur.\" \/>\n<meta property=\"og:url\" content=\"https:\/\/www.webdo.tn\/fr\/actualite\/national\/disparition-de-chawki-gaddes-ancien-president-de-linpdp-et-figure-du-droit-public-tunisien\/379097\/\" \/>\n<meta property=\"og:site_name\" content=\"webdo\" \/>\n<meta property=\"article:publisher\" content=\"https:\/\/www.facebook.com\/webdotn\" \/>\n<meta property=\"article:published_time\" content=\"2025-07-05T09:16:46+00:00\" \/>\n<meta property=\"article:modified_time\" content=\"2025-07-05T09:16:48+00:00\" \/>\n<meta property=\"og:image\" content=\"https:\/\/www.webdo.tn\/fr\/wp-content\/uploads\/2025\/07\/chawkigaddes.jpg\" \/>\n\t<meta property=\"og:image:width\" content=\"710\" \/>\n\t<meta property=\"og:image:height\" content=\"447\" \/>\n\t<meta property=\"og:image:type\" content=\"image\/jpeg\" \/>\n<meta name=\"author\" content=\"Mohamed Hedi Touati\" \/>\n<meta name=\"twitter:card\" content=\"summary_large_image\" \/>\n<meta name=\"twitter:creator\" content=\"@webdo_tn\" \/>\n<meta name=\"twitter:site\" content=\"@webdo_tn\" \/>\n<meta name=\"twitter:label1\" content=\"\u00c9crit par\" \/>\n\t<meta name=\"twitter:data1\" content=\"Mohamed Hedi Touati\" \/>\n\t<meta name=\"twitter:label2\" content=\"Dur\u00e9e de lecture estim\u00e9e\" \/>\n\t<meta name=\"twitter:data2\" content=\"2 minutes\" \/>\n<script type=\"application\/ld+json\" class=\"yoast-schema-graph\">{\"@context\":\"https:\\\/\\\/schema.org\",\"@graph\":[{\"@type\":\"NewsArticle\",\"@id\":\"https:\\\/\\\/www.webdo.tn\\\/fr\\\/actualite\\\/national\\\/disparition-de-chawki-gaddes-ancien-president-de-linpdp-et-figure-du-droit-public-tunisien\\\/379097\\\/#article\",\"isPartOf\":{\"@id\":\"https:\\\/\\\/www.webdo.tn\\\/fr\\\/actualite\\\/national\\\/disparition-de-chawki-gaddes-ancien-president-de-linpdp-et-figure-du-droit-public-tunisien\\\/379097\\\/\"},\"author\":{\"name\":\"Mohamed Hedi Touati\",\"@id\":\"https:\\\/\\\/www.webdo.tn\\\/fr\\\/#\\\/schema\\\/person\\\/c652cd8fc2b1b44412b5ffb48c5a911d\"},\"headline\":\"Disparition de Chawki Gadd\u00e8s, ancien pr\u00e9sident de l\u2019INPDP et figure du droit public tunisien\",\"datePublished\":\"2025-07-05T09:16:46+00:00\",\"dateModified\":\"2025-07-05T09:16:48+00:00\",\"mainEntityOfPage\":{\"@id\":\"https:\\\/\\\/www.webdo.tn\\\/fr\\\/actualite\\\/national\\\/disparition-de-chawki-gaddes-ancien-president-de-linpdp-et-figure-du-droit-public-tunisien\\\/379097\\\/\"},\"wordCount\":372,\"commentCount\":0,\"publisher\":{\"@id\":\"https:\\\/\\\/www.webdo.tn\\\/fr\\\/#organization\"},\"image\":{\"@id\":\"https:\\\/\\\/www.webdo.tn\\\/fr\\\/actualite\\\/national\\\/disparition-de-chawki-gaddes-ancien-president-de-linpdp-et-figure-du-droit-public-tunisien\\\/379097\\\/#primaryimage\"},\"thumbnailUrl\":\"https:\\\/\\\/www.webdo.tn\\\/fr\\\/wp-content\\\/uploads\\\/2025\\\/07\\\/chawkigaddes.jpg\",\"keywords\":[\"Chawki Gadd\u00e8s\",\"D\u00e9c\u00e8s\",\"droit public\",\"INPDP\",\"Tunisie\"],\"articleSection\":[\"National\"],\"inLanguage\":\"fr-FR\"},{\"@type\":\"WebPage\",\"@id\":\"https:\\\/\\\/www.webdo.tn\\\/fr\\\/actualite\\\/national\\\/disparition-de-chawki-gaddes-ancien-president-de-linpdp-et-figure-du-droit-public-tunisien\\\/379097\\\/\",\"url\":\"https:\\\/\\\/www.webdo.tn\\\/fr\\\/actualite\\\/national\\\/disparition-de-chawki-gaddes-ancien-president-de-linpdp-et-figure-du-droit-public-tunisien\\\/379097\\\/\",\"name\":\"Disparition de Chawki Gadd\u00e8s, ancien pr\u00e9sident de l\u2019INPDP et figure du droit public tunisien - webdo\",\"isPartOf\":{\"@id\":\"https:\\\/\\\/www.webdo.tn\\\/fr\\\/#website\"},\"primaryImageOfPage\":{\"@id\":\"https:\\\/\\\/www.webdo.tn\\\/fr\\\/actualite\\\/national\\\/disparition-de-chawki-gaddes-ancien-president-de-linpdp-et-figure-du-droit-public-tunisien\\\/379097\\\/#primaryimage\"},\"image\":{\"@id\":\"https:\\\/\\\/www.webdo.tn\\\/fr\\\/actualite\\\/national\\\/disparition-de-chawki-gaddes-ancien-president-de-linpdp-et-figure-du-droit-public-tunisien\\\/379097\\\/#primaryimage\"},\"thumbnailUrl\":\"https:\\\/\\\/www.webdo.tn\\\/fr\\\/wp-content\\\/uploads\\\/2025\\\/07\\\/chawkigaddes.jpg\",\"datePublished\":\"2025-07-05T09:16:46+00:00\",\"dateModified\":\"2025-07-05T09:16:48+00:00\",\"description\":\"Chawki Gadd\u00e8s, ancien pr\u00e9sident de l'INPDP, nous a quitt\u00e9s, laissant un h\u00e9ritage durable dans le droit public et l'enseignement sup\u00e9rieur.\",\"breadcrumb\":{\"@id\":\"https:\\\/\\\/www.webdo.tn\\\/fr\\\/actualite\\\/national\\\/disparition-de-chawki-gaddes-ancien-president-de-linpdp-et-figure-du-droit-public-tunisien\\\/379097\\\/#breadcrumb\"},\"inLanguage\":\"fr-FR\",\"potentialAction\":[{\"@type\":\"ReadAction\",\"target\":[\"https:\\\/\\\/www.webdo.tn\\\/fr\\\/actualite\\\/national\\\/disparition-de-chawki-gaddes-ancien-president-de-linpdp-et-figure-du-droit-public-tunisien\\\/379097\\\/\"]}]},{\"@type\":\"ImageObject\",\"inLanguage\":\"fr-FR\",\"@id\":\"https:\\\/\\\/www.webdo.tn\\\/fr\\\/actualite\\\/national\\\/disparition-de-chawki-gaddes-ancien-president-de-linpdp-et-figure-du-droit-public-tunisien\\\/379097\\\/#primaryimage\",\"url\":\"https:\\\/\\\/www.webdo.tn\\\/fr\\\/wp-content\\\/uploads\\\/2025\\\/07\\\/chawkigaddes.jpg\",\"contentUrl\":\"https:\\\/\\\/www.webdo.tn\\\/fr\\\/wp-content\\\/uploads\\\/2025\\\/07\\\/chawkigaddes.jpg\",\"width\":710,\"height\":447,\"caption\":\"Disparition de Chawki Gadd\u00e8s, ancien pr\u00e9sident de l\u2019INPDP\"},{\"@type\":\"BreadcrumbList\",\"@id\":\"https:\\\/\\\/www.webdo.tn\\\/fr\\\/actualite\\\/national\\\/disparition-de-chawki-gaddes-ancien-president-de-linpdp-et-figure-du-droit-public-tunisien\\\/379097\\\/#breadcrumb\",\"itemListElement\":[{\"@type\":\"ListItem\",\"position\":1,\"name\":\"Accueil\",\"item\":\"https:\\\/\\\/www.webdo.tn\\\/fr\\\/\"},{\"@type\":\"ListItem\",\"position\":2,\"name\":\"Disparition de Chawki Gadd\u00e8s, ancien pr\u00e9sident de l\u2019INPDP et figure du droit public tunisien\"}]},{\"@type\":\"WebSite\",\"@id\":\"https:\\\/\\\/www.webdo.tn\\\/fr\\\/#website\",\"url\":\"https:\\\/\\\/www.webdo.tn\\\/fr\\\/\",\"name\":\"webdo\",\"description\":\"Tunisie - News en Tunisie et \u00e0 l&#039;international sur Webdo.tn\",\"publisher\":{\"@id\":\"https:\\\/\\\/www.webdo.tn\\\/fr\\\/#organization\"},\"potentialAction\":[{\"@type\":\"SearchAction\",\"target\":{\"@type\":\"EntryPoint\",\"urlTemplate\":\"https:\\\/\\\/www.webdo.tn\\\/fr\\\/?s={search_term_string}\"},\"query-input\":{\"@type\":\"PropertyValueSpecification\",\"valueRequired\":true,\"valueName\":\"search_term_string\"}}],\"inLanguage\":\"fr-FR\"},{\"@type\":\"Organization\",\"@id\":\"https:\\\/\\\/www.webdo.tn\\\/fr\\\/#organization\",\"name\":\"Webdo\",\"alternateName\":\"Webdo.tn\",\"url\":\"https:\\\/\\\/www.webdo.tn\\\/fr\\\/\",\"logo\":{\"@type\":\"ImageObject\",\"inLanguage\":\"fr-FR\",\"@id\":\"https:\\\/\\\/www.webdo.tn\\\/fr\\\/#\\\/schema\\\/logo\\\/image\\\/\",\"url\":\"https:\\\/\\\/www.webdo.tn\\\/fr\\\/wp-content\\\/uploads\\\/2025\\\/06\\\/Webdo-Tunisie_168377.jpg\",\"contentUrl\":\"https:\\\/\\\/www.webdo.tn\\\/fr\\\/wp-content\\\/uploads\\\/2025\\\/06\\\/Webdo-Tunisie_168377.jpg\",\"width\":301,\"height\":301,\"caption\":\"Webdo\"},\"image\":{\"@id\":\"https:\\\/\\\/www.webdo.tn\\\/fr\\\/#\\\/schema\\\/logo\\\/image\\\/\"},\"sameAs\":[\"https:\\\/\\\/www.facebook.com\\\/webdotn\",\"https:\\\/\\\/x.com\\\/webdo_tn\"],\"description\":\"Webdo est un m\u00e9dia num\u00e9rique tunisien fond\u00e9 en 2010, sp\u00e9cialis\u00e9 dans l\u2019actualit\u00e9 nationale et internationale, l\u2019\u00e9conomie, la soci\u00e9t\u00e9 et les analyses politiques. Le site s\u2019adresse \u00e0 un large public francophone et couvre l\u2019information tunisienne en temps r\u00e9el.\",\"email\":\"redac@webdo.tn\",\"legalName\":\"YNJ SARL\",\"foundingDate\":\"2010-09-06\",\"numberOfEmployees\":{\"@type\":\"QuantitativeValue\",\"minValue\":\"11\",\"maxValue\":\"50\"}},{\"@type\":\"Person\",\"@id\":\"https:\\\/\\\/www.webdo.tn\\\/fr\\\/#\\\/schema\\\/person\\\/c652cd8fc2b1b44412b5ffb48c5a911d\",\"name\":\"Mohamed Hedi Touati\",\"image\":{\"@type\":\"ImageObject\",\"inLanguage\":\"fr-FR\",\"@id\":\"https:\\\/\\\/secure.gravatar.com\\\/avatar\\\/9cfd402c745b7a685f13eed0ea6e59d2144a3c2fc50a3db6fd5ed451f6cddf1a?s=96&d=mm&r=g\",\"url\":\"https:\\\/\\\/secure.gravatar.com\\\/avatar\\\/9cfd402c745b7a685f13eed0ea6e59d2144a3c2fc50a3db6fd5ed451f6cddf1a?s=96&d=mm&r=g\",\"contentUrl\":\"https:\\\/\\\/secure.gravatar.com\\\/avatar\\\/9cfd402c745b7a685f13eed0ea6e59d2144a3c2fc50a3db6fd5ed451f6cddf1a?s=96&d=mm&r=g\",\"caption\":\"Mohamed Hedi Touati\"},\"url\":\"https:\\\/\\\/www.webdo.tn\\\/fr\\\/actualite\\\/author\\\/mohamed-hedi-touati\\\/\"}]}<\/script>\n<!-- \/ Yoast SEO Premium plugin. -->","yoast_head_json":{"title":"Disparition de Chawki Gadd\u00e8s, ancien pr\u00e9sident de l\u2019INPDP et figure du droit public tunisien - webdo","description":"Chawki Gadd\u00e8s, ancien pr\u00e9sident de l'INPDP, nous a quitt\u00e9s, laissant un h\u00e9ritage durable dans le droit public et l'enseignement sup\u00e9rieur.","canonical":"https:\/\/www.webdo.tn\/fr\/actualite\/national\/disparition-de-chawki-gaddes-ancien-president-de-linpdp-et-figure-du-droit-public-tunisien\/379097\/","og_locale":"fr_FR","og_type":"article","og_title":"Disparition de Chawki Gadd\u00e8s, ancien pr\u00e9sident de l\u2019INPDP et figure du droit public tunisien","og_description":"Chawki Gadd\u00e8s, ancien pr\u00e9sident de l'INPDP, nous a quitt\u00e9s, laissant un h\u00e9ritage durable dans le droit public et l'enseignement sup\u00e9rieur.","og_url":"https:\/\/www.webdo.tn\/fr\/actualite\/national\/disparition-de-chawki-gaddes-ancien-president-de-linpdp-et-figure-du-droit-public-tunisien\/379097\/","og_site_name":"webdo","article_publisher":"https:\/\/www.facebook.com\/webdotn","article_published_time":"2025-07-05T09:16:46+00:00","article_modified_time":"2025-07-05T09:16:48+00:00","og_image":[{"width":710,"height":447,"url":"https:\/\/www.webdo.tn\/fr\/wp-content\/uploads\/2025\/07\/chawkigaddes.jpg","type":"image\/jpeg"}],"author":"Mohamed Hedi Touati","twitter_card":"summary_large_image","twitter_creator":"@webdo_tn","twitter_site":"@webdo_tn","twitter_misc":{"\u00c9crit par":"Mohamed Hedi Touati","Dur\u00e9e de lecture estim\u00e9e":"2 minutes"},"schema":{"@context":"https:\/\/schema.org","@graph":[{"@type":"NewsArticle","@id":"https:\/\/www.webdo.tn\/fr\/actualite\/national\/disparition-de-chawki-gaddes-ancien-president-de-linpdp-et-figure-du-droit-public-tunisien\/379097\/#article","isPartOf":{"@id":"https:\/\/www.webdo.tn\/fr\/actualite\/national\/disparition-de-chawki-gaddes-ancien-president-de-linpdp-et-figure-du-droit-public-tunisien\/379097\/"},"author":{"name":"Mohamed Hedi Touati","@id":"https:\/\/www.webdo.tn\/fr\/#\/schema\/person\/c652cd8fc2b1b44412b5ffb48c5a911d"},"headline":"Disparition de Chawki Gadd\u00e8s, ancien pr\u00e9sident de l\u2019INPDP et figure du droit public tunisien","datePublished":"2025-07-05T09:16:46+00:00","dateModified":"2025-07-05T09:16:48+00:00","mainEntityOfPage":{"@id":"https:\/\/www.webdo.tn\/fr\/actualite\/national\/disparition-de-chawki-gaddes-ancien-president-de-linpdp-et-figure-du-droit-public-tunisien\/379097\/"},"wordCount":372,"commentCount":0,"publisher":{"@id":"https:\/\/www.webdo.tn\/fr\/#organization"},"image":{"@id":"https:\/\/www.webdo.tn\/fr\/actualite\/national\/disparition-de-chawki-gaddes-ancien-president-de-linpdp-et-figure-du-droit-public-tunisien\/379097\/#primaryimage"},"thumbnailUrl":"https:\/\/www.webdo.tn\/fr\/wp-content\/uploads\/2025\/07\/chawkigaddes.jpg","keywords":["Chawki Gadd\u00e8s","D\u00e9c\u00e8s","droit public","INPDP","Tunisie"],"articleSection":["National"],"inLanguage":"fr-FR"},{"@type":"WebPage","@id":"https:\/\/www.webdo.tn\/fr\/actualite\/national\/disparition-de-chawki-gaddes-ancien-president-de-linpdp-et-figure-du-droit-public-tunisien\/379097\/","url":"https:\/\/www.webdo.tn\/fr\/actualite\/national\/disparition-de-chawki-gaddes-ancien-president-de-linpdp-et-figure-du-droit-public-tunisien\/379097\/","name":"Disparition de Chawki Gadd\u00e8s, ancien pr\u00e9sident de l\u2019INPDP et figure du droit public tunisien - webdo","isPartOf":{"@id":"https:\/\/www.webdo.tn\/fr\/#website"},"primaryImageOfPage":{"@id":"https:\/\/www.webdo.tn\/fr\/actualite\/national\/disparition-de-chawki-gaddes-ancien-president-de-linpdp-et-figure-du-droit-public-tunisien\/379097\/#primaryimage"},"image":{"@id":"https:\/\/www.webdo.tn\/fr\/actualite\/national\/disparition-de-chawki-gaddes-ancien-president-de-linpdp-et-figure-du-droit-public-tunisien\/379097\/#primaryimage"},"thumbnailUrl":"https:\/\/www.webdo.tn\/fr\/wp-content\/uploads\/2025\/07\/chawkigaddes.jpg","datePublished":"2025-07-05T09:16:46+00:00","dateModified":"2025-07-05T09:16:48+00:00","description":"Chawki Gadd\u00e8s, ancien pr\u00e9sident de l'INPDP, nous a quitt\u00e9s, laissant un h\u00e9ritage durable dans le droit public et l'enseignement sup\u00e9rieur.","breadcrumb":{"@id":"https:\/\/www.webdo.tn\/fr\/actualite\/national\/disparition-de-chawki-gaddes-ancien-president-de-linpdp-et-figure-du-droit-public-tunisien\/379097\/#breadcrumb"},"inLanguage":"fr-FR","potentialAction":[{"@type":"ReadAction","target":["https:\/\/www.webdo.tn\/fr\/actualite\/national\/disparition-de-chawki-gaddes-ancien-president-de-linpdp-et-figure-du-droit-public-tunisien\/379097\/"]}]},{"@type":"ImageObject","inLanguage":"fr-FR","@id":"https:\/\/www.webdo.tn\/fr\/actualite\/national\/disparition-de-chawki-gaddes-ancien-president-de-linpdp-et-figure-du-droit-public-tunisien\/379097\/#primaryimage","url":"https:\/\/www.webdo.tn\/fr\/wp-content\/uploads\/2025\/07\/chawkigaddes.jpg","contentUrl":"https:\/\/www.webdo.tn\/fr\/wp-content\/uploads\/2025\/07\/chawkigaddes.jpg","width":710,"height":447,"caption":"Disparition de Chawki Gadd\u00e8s, ancien pr\u00e9sident de l\u2019INPDP"},{"@type":"BreadcrumbList","@id":"https:\/\/www.webdo.tn\/fr\/actualite\/national\/disparition-de-chawki-gaddes-ancien-president-de-linpdp-et-figure-du-droit-public-tunisien\/379097\/#breadcrumb","itemListElement":[{"@type":"ListItem","position":1,"name":"Accueil","item":"https:\/\/www.webdo.tn\/fr\/"},{"@type":"ListItem","position":2,"name":"Disparition de Chawki Gadd\u00e8s, ancien pr\u00e9sident de l\u2019INPDP et figure du droit public tunisien"}]},{"@type":"WebSite","@id":"https:\/\/www.webdo.tn\/fr\/#website","url":"https:\/\/www.webdo.tn\/fr\/","name":"webdo","description":"Tunisie - News en Tunisie et \u00e0 l&#039;international sur Webdo.tn","publisher":{"@id":"https:\/\/www.webdo.tn\/fr\/#organization"},"potentialAction":[{"@type":"SearchAction","target":{"@type":"EntryPoint","urlTemplate":"https:\/\/www.webdo.tn\/fr\/?s={search_term_string}"},"query-input":{"@type":"PropertyValueSpecification","valueRequired":true,"valueName":"search_term_string"}}],"inLanguage":"fr-FR"},{"@type":"Organization","@id":"https:\/\/www.webdo.tn\/fr\/#organization","name":"Webdo","alternateName":"Webdo.tn","url":"https:\/\/www.webdo.tn\/fr\/","logo":{"@type":"ImageObject","inLanguage":"fr-FR","@id":"https:\/\/www.webdo.tn\/fr\/#\/schema\/logo\/image\/","url":"https:\/\/www.webdo.tn\/fr\/wp-content\/uploads\/2025\/06\/Webdo-Tunisie_168377.jpg","contentUrl":"https:\/\/www.webdo.tn\/fr\/wp-content\/uploads\/2025\/06\/Webdo-Tunisie_168377.jpg","width":301,"height":301,"caption":"Webdo"},"image":{"@id":"https:\/\/www.webdo.tn\/fr\/#\/schema\/logo\/image\/"},"sameAs":["https:\/\/www.facebook.com\/webdotn","https:\/\/x.com\/webdo_tn"],"description":"Webdo est un m\u00e9dia num\u00e9rique tunisien fond\u00e9 en 2010, sp\u00e9cialis\u00e9 dans l\u2019actualit\u00e9 nationale et internationale, l\u2019\u00e9conomie, la soci\u00e9t\u00e9 et les analyses politiques. Le site s\u2019adresse \u00e0 un large public francophone et couvre l\u2019information tunisienne en temps r\u00e9el.","email":"redac@webdo.tn","legalName":"YNJ SARL","foundingDate":"2010-09-06","numberOfEmployees":{"@type":"QuantitativeValue","minValue":"11","maxValue":"50"}},{"@type":"Person","@id":"https:\/\/www.webdo.tn\/fr\/#\/schema\/person\/c652cd8fc2b1b44412b5ffb48c5a911d","name":"Mohamed Hedi Touati","image":{"@type":"ImageObject","inLanguage":"fr-FR","@id":"https:\/\/secure.gravatar.com\/avatar\/9cfd402c745b7a685f13eed0ea6e59d2144a3c2fc50a3db6fd5ed451f6cddf1a?s=96&d=mm&r=g","url":"https:\/\/secure.gravatar.com\/avatar\/9cfd402c745b7a685f13eed0ea6e59d2144a3c2fc50a3db6fd5ed451f6cddf1a?s=96&d=mm&r=g","contentUrl":"https:\/\/secure.gravatar.com\/avatar\/9cfd402c745b7a685f13eed0ea6e59d2144a3c2fc50a3db6fd5ed451f6cddf1a?s=96&d=mm&r=g","caption":"Mohamed Hedi Touati"},"url":"https:\/\/www.webdo.tn\/fr\/actualite\/author\/mohamed-hedi-touati\/"}]}},"_links":{"self":[{"href":"https:\/\/www.webdo.tn\/fr\/wp-json\/wp\/v2\/posts\/379097","targetHints":{"allow":["GET"]}}],"collection":[{"href":"https:\/\/www.webdo.tn\/fr\/wp-json\/wp\/v2\/posts"}],"about":[{"href":"https:\/\/www.webdo.tn\/fr\/wp-json\/wp\/v2\/types\/post"}],"author":[{"embeddable":true,"href":"https:\/\/www.webdo.tn\/fr\/wp-json\/wp\/v2\/users\/3191"}],"replies":[{"embeddable":true,"href":"https:\/\/www.webdo.tn\/fr\/wp-json\/wp\/v2\/comments?post=379097"}],"version-history":[{"count":0,"href":"https:\/\/www.webdo.tn\/fr\/wp-json\/wp\/v2\/posts\/379097\/revisions"}],"wp:featuredmedia":[{"embeddable":true,"href":"https:\/\/www.webdo.tn\/fr\/wp-json\/wp\/v2\/media\/379098"}],"wp:attachment":[{"href":"https:\/\/www.webdo.tn\/fr\/wp-json\/wp\/v2\/media?parent=379097"}],"wp:term":[{"taxonomy":"category","embeddable":true,"href":"https:\/\/www.webdo.tn\/fr\/wp-json\/wp\/v2\/categories?post=379097"},{"taxonomy":"post_tag","embeddable":true,"href":"https:\/\/www.webdo.tn\/fr\/wp-json\/wp\/v2\/tags?post=379097"}],"curies":[{"name":"wp","href":"https:\/\/api.w.org\/{rel}","templated":true}]}}